{"id":6055,"date":"2019-07-11T04:31:16","date_gmt":"2019-07-11T01:31:16","guid":{"rendered":"https:\/\/super-news.info\/es\/bruselas-eleva-al-23-el-crecimiento-de-espana-en-2019-y-mantiene-en-el-19-el-de-2020\/"},"modified":"2019-07-11T04:31:16","modified_gmt":"2019-07-11T01:31:16","slug":"bruselas-eleva-al-23-el-crecimiento-de-espana-en-2019-y-mantiene-en-el-19-el-de-2020","status":"publish","type":"post","link":"https:\/\/super-news.info\/es\/bruselas-eleva-al-23-el-crecimiento-de-espana-en-2019-y-mantiene-en-el-19-el-de-2020\/","title":{"rendered":"Bruselas eleva al 2,3% el crecimiento de Espa\u00f1a en 2019 y mantiene en el 1,9% el de 2020"},"content":{"rendered":"<p> [ad_1]<br \/>\n<\/p>\n<div id=\"CuerpoNoticia\" itemprop=\"articleBody\"><!-- inicio multimedia --><\/p>\n<div class=\"full\"><!-- inicio video embed --><\/p>\n<p>445234.1.500.286.20190710111549<\/p>\n<div id=\"VisiblePlayerPubliIncrustado\" class=\"VisiblePlayerPubliIncrustado_20190710111549 relativo\">\n<\/div>\n<p><!-- fin video embed --><\/div>\n<p><!-- fin multimedia --><\/p>\n<p>BRUSELAS, 10 Jul. (EUROPA PRESS) &#8211;<\/p>\n<p itemprop=\"description\">La Comisi\u00f3n Europea ha revisado dos d\u00e9cimas al alza su previsi\u00f3n de crecimiento para Espa\u00f1a en 2019, cuando conf\u00eda en que la econom\u00eda se expandir\u00e1 a un ritmo del 2,3%, pr\u00e1cticamente el doble que el crecimiento del 1,2% proyectado para la zona euro, mientras que ha mantenido sin cambios su pron\u00f3stico de evoluci\u00f3n del 1,9% en 2020, medio punto por encima de la media prevista para la eurozona.<\/p>\n<p>En su an\u00e1lisis, Bruselas destaca la &#8220;sorpresa&#8221; de un crecimiento de Espa\u00f1a en el primer trimestre (+0,7%) m\u00e1s fuerte de lo esperado por la contribuci\u00f3n positiva de las exportaciones ante la leve contracci\u00f3n de las importaciones, a\u00f1adiendo que el dinamismo de la inversi\u00f3n en vivienda y equipamientos compens\u00f3 la debilidad del aumento del consumo.<\/p>\n<p>El comisario de Econom\u00eda, Pierre Moscovici, ha declinado en rueda de prensa especular con un eventual escenario de nuevas elecciones en Espa\u00f1a, subrayando la buena marcha de la econom\u00eda espa\u00f1ola, que ha seguido progresando, a pesar de la incertidumbre pol\u00edtica.<\/p>\n<p>&#8220;Las previsiones econ\u00f3micas son s\u00f3lidas y tienen en cuenta la situaci\u00f3n efectiva en Espa\u00f1a&#8221;, ha defendido Moscovici, a\u00f1adiendo que &#8220;la econom\u00eda espa\u00f1ola va realmente bien en su estructura, no es la primera vez que hay incertidumbre, y cada vez Espa\u00f1a ha seguido progresando&#8221;.<\/p>\n<p><iframe id=\"ep-chart-5d253a13-cd43-4055-bc6f-4df902b7af80\" src=\"https:\/\/www.epdata.es\/embed\/5d253a13-cd43-4055-bc6f-4df902b7af80\/450\" style=\"width: 100%; min-height: 450px; overflow: hidden;\" frameborder=\"0\" scrolling=\"no\" height=\"450\"><\/iframe><\/p>\n<p>Por su parte, desde el Ministerio de Econom\u00eda y Empresa se ha destacado que &#8220;Espa\u00f1a es la \u00fanica de las grandes econom\u00edas de la zona euro cuyo crecimiento ha sido revisado al alza debido al dinamismo registrado en la primera parte del a\u00f1o&#8221;.<\/p>\n<p>El pasado mes de junio, el Banco de Espa\u00f1a elev\u00f3 dos d\u00e9cimas, hasta el 2,4%, su estimaci\u00f3n de incremento del PIB espa\u00f1ol para 2019, manteniendo en el 1,9% y el 1,7% sus previsiones para 2020 y 2021, respectivamente.<\/p>\n<p>De cara a los siguientes trimestres, la Comisi\u00f3n Europea se\u00f1ala en sus previsiones provisionales de verano que las encuestas e indicadores de actividad apuntan a una progresi\u00f3n del 0,6% del PIB en el segundo trimestre, superando, a pesar de la desaceleraci\u00f3n, las previsiones de primavera ante la recuperaci\u00f3n de cierto impulso por el consumo.<\/p>\n<p>&#8220;Se espera que el crecimiento disminuya algo m\u00e1s en el tercer trimestre de 2019 estabiliz\u00e1ndose alrededor de una tasa del 0,5% trimestral durante el resto de trimestres del horizonte de la previsi\u00f3n, en l\u00ednea con lo anticipado en primavera&#8221;, apunta la Comisi\u00f3n.<\/p>\n<p>En este sentido, Bruselas anticipa que la demanda dom\u00e9stica, y en particular el consumo, seguir\u00e1 siendo el principal motor del crecimiento de la econom\u00eda espa\u00f1ola, con una contribuci\u00f3n pr\u00e1cticamente neutral de las exportaciones netas.<\/p>\n<p>&#8220;En un contexto de tensiones comerciales globales, a\u00fan se espera que las exportaciones e importaciones de Espa\u00f1a se recuperen, pero menos de lo previsto en la primavera&#8221;, advierte la Comisi\u00f3n, a\u00f1adiendo que el aumento del empleo deber\u00eda disminuir a lo largo del horizonte de las previsiones, aunque seguir\u00e1 expandi\u00e9ndose con fuerza, lo que permitir\u00e1 reducir a\u00fan m\u00e1s la tasa de desempleo, lo que, unido a los aumentos salariales, deber\u00eda respaldar el incremento de los ingresos disponibles y una mayor tasa de ahorro de los hogares.<\/p>\n<p>En cuanto a la evoluci\u00f3n de los precios en Espa\u00f1a, las nuevas previsiones macroecon\u00f3micas de la Comisi\u00f3n Europea contemplan una tasa de inflaci\u00f3n armonizada del 0,9% en 2019, cuatro d\u00e9cimas por debajo de la media del 1,3% prevista para el conjunto de la zona euro, mientras que en 2020 los precios subir\u00e1n un 1,2%, frente al 1,3% de los Diecinueve.<\/p>\n<\/div>\n<p>[ad_2]<br \/>\n<br \/><a href=\"https:\/\/www.europapress.es\/economia\/macroeconomia-00338\/noticia-bruselas-eleva-23-crecimiento-espana-2019-mantiene-19-2020-20190710111549.html\">Source link <\/a><\/p>\n","protected":false},"excerpt":{"rendered":"<p>[ad_1] 445234.1.500.286.20190710111549 BRUSELAS, 10 Jul. (EUROPA PRESS) &#8211; La Comisi\u00f3n Europea ha revisado dos d\u00e9cimas al alza su previsi\u00f3n de crecimiento para Espa\u00f1a en 2019, cuando conf\u00eda en que la econom\u00eda se expandir\u00e1 a un ritmo del 2,3%, pr\u00e1cticamente el doble que el crecimiento del 1,2% proyectado para la zona euro, mientras que ha mantenido [&hellip;]<\/p>\n","protected":false},"author":2,"featured_media":6056,"comment_status":"open","ping_status":"open","sticky":false,"template":"","format":"standard","meta":{"footnotes":""},"categories":[1],"tags":[],"class_list":["post-6055","post","type-post","status-publish","format-standard","has-post-thumbnail","hentry","category-noticias-financieras"],"yoast_head":"<!-- This site is optimized with the Yoast SEO plugin v27.4 - https:\/\/yoast.com\/product\/yoast-seo-wordpress\/ -->\n<title>Bruselas eleva al 2,3% el crecimiento de Espa\u00f1a en 2019 y mantiene en el 1,9% el de 2020 - Super News<\/title>\n<meta name=\"robots\" content=\"index, follow, max-snippet:-1, max-image-preview:large, max-video-preview:-1\" \/>\n<link rel=\"canonical\" href=\"https:\/\/super-news.info\/es\/bruselas-eleva-al-23-el-crecimiento-de-espana-en-2019-y-mantiene-en-el-19-el-de-2020\/\" \/>\n<meta property=\"og:locale\" content=\"en_US\" \/>\n<meta property=\"og:type\" content=\"article\" \/>\n<meta property=\"og:title\" content=\"Bruselas eleva al 2,3% el crecimiento de Espa\u00f1a en 2019 y mantiene en el 1,9% el de 2020 - Super News\" \/>\n<meta property=\"og:description\" content=\"[ad_1] 445234.1.500.286.20190710111549 BRUSELAS, 10 Jul. (EUROPA PRESS) &#8211; La Comisi\u00f3n Europea ha revisado dos d\u00e9cimas al alza su previsi\u00f3n de crecimiento para Espa\u00f1a en 2019, cuando conf\u00eda en que la econom\u00eda se expandir\u00e1 a un ritmo del 2,3%, pr\u00e1cticamente el doble que el crecimiento del 1,2% proyectado para la zona euro, mientras que ha mantenido [&hellip;]\" \/>\n<meta property=\"og:url\" content=\"https:\/\/super-news.info\/es\/bruselas-eleva-al-23-el-crecimiento-de-espana-en-2019-y-mantiene-en-el-19-el-de-2020\/\" \/>\n<meta property=\"og:site_name\" content=\"Super News\" \/>\n<meta property=\"article:published_time\" content=\"2019-07-11T01:31:16+00:00\" \/>\n<meta property=\"og:image\" content=\"https:\/\/super-news.info\/es\/wp-content\/uploads\/sites\/4\/2019\/07\/Bruselas-eleva-al-23-el-crecimiento-de-Espa\u00f1a-en-2019.jpg\" \/>\n\t<meta property=\"og:image:width\" content=\"500\" \/>\n\t<meta property=\"og:image:height\" content=\"281\" \/>\n\t<meta property=\"og:image:type\" content=\"image\/jpeg\" \/>\n<meta name=\"author\" content=\"super-news\" \/>\n<meta name=\"twitter:card\" content=\"summary_large_image\" \/>\n<meta name=\"twitter:label1\" content=\"Written by\" \/>\n\t<meta name=\"twitter:data1\" content=\"super-news\" \/>\n\t<meta name=\"twitter:label2\" content=\"Est. reading time\" \/>\n\t<meta name=\"twitter:data2\" content=\"3 minutes\" \/>\n<script type=\"application\/ld+json\" class=\"yoast-schema-graph\">{\"@context\":\"https:\\\/\\\/schema.org\",\"@graph\":[{\"@type\":\"Article\",\"@id\":\"https:\\\/\\\/super-news.info\\\/es\\\/bruselas-eleva-al-23-el-crecimiento-de-espana-en-2019-y-mantiene-en-el-19-el-de-2020\\\/#article\",\"isPartOf\":{\"@id\":\"https:\\\/\\\/super-news.info\\\/es\\\/bruselas-eleva-al-23-el-crecimiento-de-espana-en-2019-y-mantiene-en-el-19-el-de-2020\\\/\"},\"author\":{\"name\":\"super-news\",\"@id\":\"https:\\\/\\\/super-news.info\\\/es\\\/#\\\/schema\\\/person\\\/2d4068cb2f39cd10008c2fce578a7356\"},\"headline\":\"Bruselas eleva al 2,3% el crecimiento de Espa\u00f1a en 2019 y mantiene en el 1,9% el de 2020\",\"datePublished\":\"2019-07-11T01:31:16+00:00\",\"mainEntityOfPage\":{\"@id\":\"https:\\\/\\\/super-news.info\\\/es\\\/bruselas-eleva-al-23-el-crecimiento-de-espana-en-2019-y-mantiene-en-el-19-el-de-2020\\\/\"},\"wordCount\":632,\"commentCount\":0,\"image\":{\"@id\":\"https:\\\/\\\/super-news.info\\\/es\\\/bruselas-eleva-al-23-el-crecimiento-de-espana-en-2019-y-mantiene-en-el-19-el-de-2020\\\/#primaryimage\"},\"thumbnailUrl\":\"https:\\\/\\\/super-news.info\\\/es\\\/wp-content\\\/uploads\\\/sites\\\/4\\\/2019\\\/07\\\/Bruselas-eleva-al-23-el-crecimiento-de-Espa\u00f1a-en-2019.jpg\",\"articleSection\":[\"NOTICIAS FINANCIERAS\"],\"inLanguage\":\"en-US\",\"potentialAction\":[{\"@type\":\"CommentAction\",\"name\":\"Comment\",\"target\":[\"https:\\\/\\\/super-news.info\\\/es\\\/bruselas-eleva-al-23-el-crecimiento-de-espana-en-2019-y-mantiene-en-el-19-el-de-2020\\\/#respond\"]}]},{\"@type\":\"WebPage\",\"@id\":\"https:\\\/\\\/super-news.info\\\/es\\\/bruselas-eleva-al-23-el-crecimiento-de-espana-en-2019-y-mantiene-en-el-19-el-de-2020\\\/\",\"url\":\"https:\\\/\\\/super-news.info\\\/es\\\/bruselas-eleva-al-23-el-crecimiento-de-espana-en-2019-y-mantiene-en-el-19-el-de-2020\\\/\",\"name\":\"Bruselas eleva al 2,3% el crecimiento de Espa\u00f1a en 2019 y mantiene en el 1,9% el de 2020 - Super News\",\"isPartOf\":{\"@id\":\"https:\\\/\\\/super-news.info\\\/es\\\/#website\"},\"primaryImageOfPage\":{\"@id\":\"https:\\\/\\\/super-news.info\\\/es\\\/bruselas-eleva-al-23-el-crecimiento-de-espana-en-2019-y-mantiene-en-el-19-el-de-2020\\\/#primaryimage\"},\"image\":{\"@id\":\"https:\\\/\\\/super-news.info\\\/es\\\/bruselas-eleva-al-23-el-crecimiento-de-espana-en-2019-y-mantiene-en-el-19-el-de-2020\\\/#primaryimage\"},\"thumbnailUrl\":\"https:\\\/\\\/super-news.info\\\/es\\\/wp-content\\\/uploads\\\/sites\\\/4\\\/2019\\\/07\\\/Bruselas-eleva-al-23-el-crecimiento-de-Espa\u00f1a-en-2019.jpg\",\"datePublished\":\"2019-07-11T01:31:16+00:00\",\"author\":{\"@id\":\"https:\\\/\\\/super-news.info\\\/es\\\/#\\\/schema\\\/person\\\/2d4068cb2f39cd10008c2fce578a7356\"},\"breadcrumb\":{\"@id\":\"https:\\\/\\\/super-news.info\\\/es\\\/bruselas-eleva-al-23-el-crecimiento-de-espana-en-2019-y-mantiene-en-el-19-el-de-2020\\\/#breadcrumb\"},\"inLanguage\":\"en-US\",\"potentialAction\":[{\"@type\":\"ReadAction\",\"target\":[\"https:\\\/\\\/super-news.info\\\/es\\\/bruselas-eleva-al-23-el-crecimiento-de-espana-en-2019-y-mantiene-en-el-19-el-de-2020\\\/\"]}]},{\"@type\":\"ImageObject\",\"inLanguage\":\"en-US\",\"@id\":\"https:\\\/\\\/super-news.info\\\/es\\\/bruselas-eleva-al-23-el-crecimiento-de-espana-en-2019-y-mantiene-en-el-19-el-de-2020\\\/#primaryimage\",\"url\":\"https:\\\/\\\/super-news.info\\\/es\\\/wp-content\\\/uploads\\\/sites\\\/4\\\/2019\\\/07\\\/Bruselas-eleva-al-23-el-crecimiento-de-Espa\u00f1a-en-2019.jpg\",\"contentUrl\":\"https:\\\/\\\/super-news.info\\\/es\\\/wp-content\\\/uploads\\\/sites\\\/4\\\/2019\\\/07\\\/Bruselas-eleva-al-23-el-crecimiento-de-Espa\u00f1a-en-2019.jpg\",\"width\":500,\"height\":281,\"caption\":\"V\u00eddeo de la noticia\"},{\"@type\":\"BreadcrumbList\",\"@id\":\"https:\\\/\\\/super-news.info\\\/es\\\/bruselas-eleva-al-23-el-crecimiento-de-espana-en-2019-y-mantiene-en-el-19-el-de-2020\\\/#breadcrumb\",\"itemListElement\":[{\"@type\":\"ListItem\",\"position\":1,\"name\":\"\u0413\u043b\u0430\u0432\u043d\u0430\u044f \u0441\u0442\u0440\u0430\u043d\u0438\u0446\u0430\",\"item\":\"https:\\\/\\\/super-news.info\\\/es\\\/\"},{\"@type\":\"ListItem\",\"position\":2,\"name\":\"Bruselas eleva al 2,3% el crecimiento de Espa\u00f1a en 2019 y mantiene en el 1,9% el de 2020\"}]},{\"@type\":\"WebSite\",\"@id\":\"https:\\\/\\\/super-news.info\\\/es\\\/#website\",\"url\":\"https:\\\/\\\/super-news.info\\\/es\\\/\",\"name\":\"Super News\",\"description\":\"Super News Espa\u00f1a\",\"potentialAction\":[{\"@type\":\"SearchAction\",\"target\":{\"@type\":\"EntryPoint\",\"urlTemplate\":\"https:\\\/\\\/super-news.info\\\/es\\\/?s={search_term_string}\"},\"query-input\":{\"@type\":\"PropertyValueSpecification\",\"valueRequired\":true,\"valueName\":\"search_term_string\"}}],\"inLanguage\":\"en-US\"},{\"@type\":\"Person\",\"@id\":\"https:\\\/\\\/super-news.info\\\/es\\\/#\\\/schema\\\/person\\\/2d4068cb2f39cd10008c2fce578a7356\",\"name\":\"super-news\",\"image\":{\"@type\":\"ImageObject\",\"inLanguage\":\"en-US\",\"@id\":\"https:\\\/\\\/secure.gravatar.com\\\/avatar\\\/64ebac40b93f26a154f8a9b5b6fdccfc46f442b26b3dd6756dbff3bf9dc76fd7?s=96&d=mm&r=g\",\"url\":\"https:\\\/\\\/secure.gravatar.com\\\/avatar\\\/64ebac40b93f26a154f8a9b5b6fdccfc46f442b26b3dd6756dbff3bf9dc76fd7?s=96&d=mm&r=g\",\"contentUrl\":\"https:\\\/\\\/secure.gravatar.com\\\/avatar\\\/64ebac40b93f26a154f8a9b5b6fdccfc46f442b26b3dd6756dbff3bf9dc76fd7?s=96&d=mm&r=g\",\"caption\":\"super-news\"},\"url\":\"https:\\\/\\\/super-news.info\\\/es\\\/author\\\/pt\\\/\"}]}<\/script>\n<!-- \/ Yoast SEO plugin. -->","yoast_head_json":{"title":"Bruselas eleva al 2,3% el crecimiento de Espa\u00f1a en 2019 y mantiene en el 1,9% el de 2020 - Super News","robots":{"index":"index","follow":"follow","max-snippet":"max-snippet:-1","max-image-preview":"max-image-preview:large","max-video-preview":"max-video-preview:-1"},"canonical":"https:\/\/super-news.info\/es\/bruselas-eleva-al-23-el-crecimiento-de-espana-en-2019-y-mantiene-en-el-19-el-de-2020\/","og_locale":"en_US","og_type":"article","og_title":"Bruselas eleva al 2,3% el crecimiento de Espa\u00f1a en 2019 y mantiene en el 1,9% el de 2020 - Super News","og_description":"[ad_1] 445234.1.500.286.20190710111549 BRUSELAS, 10 Jul. (EUROPA PRESS) &#8211; La Comisi\u00f3n Europea ha revisado dos d\u00e9cimas al alza su previsi\u00f3n de crecimiento para Espa\u00f1a en 2019, cuando conf\u00eda en que la econom\u00eda se expandir\u00e1 a un ritmo del 2,3%, pr\u00e1cticamente el doble que el crecimiento del 1,2% proyectado para la zona euro, mientras que ha mantenido [&hellip;]","og_url":"https:\/\/super-news.info\/es\/bruselas-eleva-al-23-el-crecimiento-de-espana-en-2019-y-mantiene-en-el-19-el-de-2020\/","og_site_name":"Super News","article_published_time":"2019-07-11T01:31:16+00:00","og_image":[{"width":500,"height":281,"url":"https:\/\/super-news.info\/es\/wp-content\/uploads\/sites\/4\/2019\/07\/Bruselas-eleva-al-23-el-crecimiento-de-Espa\u00f1a-en-2019.jpg","type":"image\/jpeg"}],"author":"super-news","twitter_card":"summary_large_image","twitter_misc":{"Written by":"super-news","Est. reading time":"3 minutes"},"schema":{"@context":"https:\/\/schema.org","@graph":[{"@type":"Article","@id":"https:\/\/super-news.info\/es\/bruselas-eleva-al-23-el-crecimiento-de-espana-en-2019-y-mantiene-en-el-19-el-de-2020\/#article","isPartOf":{"@id":"https:\/\/super-news.info\/es\/bruselas-eleva-al-23-el-crecimiento-de-espana-en-2019-y-mantiene-en-el-19-el-de-2020\/"},"author":{"name":"super-news","@id":"https:\/\/super-news.info\/es\/#\/schema\/person\/2d4068cb2f39cd10008c2fce578a7356"},"headline":"Bruselas eleva al 2,3% el crecimiento de Espa\u00f1a en 2019 y mantiene en el 1,9% el de 2020","datePublished":"2019-07-11T01:31:16+00:00","mainEntityOfPage":{"@id":"https:\/\/super-news.info\/es\/bruselas-eleva-al-23-el-crecimiento-de-espana-en-2019-y-mantiene-en-el-19-el-de-2020\/"},"wordCount":632,"commentCount":0,"image":{"@id":"https:\/\/super-news.info\/es\/bruselas-eleva-al-23-el-crecimiento-de-espana-en-2019-y-mantiene-en-el-19-el-de-2020\/#primaryimage"},"thumbnailUrl":"https:\/\/super-news.info\/es\/wp-content\/uploads\/sites\/4\/2019\/07\/Bruselas-eleva-al-23-el-crecimiento-de-Espa\u00f1a-en-2019.jpg","articleSection":["NOTICIAS FINANCIERAS"],"inLanguage":"en-US","potentialAction":[{"@type":"CommentAction","name":"Comment","target":["https:\/\/super-news.info\/es\/bruselas-eleva-al-23-el-crecimiento-de-espana-en-2019-y-mantiene-en-el-19-el-de-2020\/#respond"]}]},{"@type":"WebPage","@id":"https:\/\/super-news.info\/es\/bruselas-eleva-al-23-el-crecimiento-de-espana-en-2019-y-mantiene-en-el-19-el-de-2020\/","url":"https:\/\/super-news.info\/es\/bruselas-eleva-al-23-el-crecimiento-de-espana-en-2019-y-mantiene-en-el-19-el-de-2020\/","name":"Bruselas eleva al 2,3% el crecimiento de Espa\u00f1a en 2019 y mantiene en el 1,9% el de 2020 - Super News","isPartOf":{"@id":"https:\/\/super-news.info\/es\/#website"},"primaryImageOfPage":{"@id":"https:\/\/super-news.info\/es\/bruselas-eleva-al-23-el-crecimiento-de-espana-en-2019-y-mantiene-en-el-19-el-de-2020\/#primaryimage"},"image":{"@id":"https:\/\/super-news.info\/es\/bruselas-eleva-al-23-el-crecimiento-de-espana-en-2019-y-mantiene-en-el-19-el-de-2020\/#primaryimage"},"thumbnailUrl":"https:\/\/super-news.info\/es\/wp-content\/uploads\/sites\/4\/2019\/07\/Bruselas-eleva-al-23-el-crecimiento-de-Espa\u00f1a-en-2019.jpg","datePublished":"2019-07-11T01:31:16+00:00","author":{"@id":"https:\/\/super-news.info\/es\/#\/schema\/person\/2d4068cb2f39cd10008c2fce578a7356"},"breadcrumb":{"@id":"https:\/\/super-news.info\/es\/bruselas-eleva-al-23-el-crecimiento-de-espana-en-2019-y-mantiene-en-el-19-el-de-2020\/#breadcrumb"},"inLanguage":"en-US","potentialAction":[{"@type":"ReadAction","target":["https:\/\/super-news.info\/es\/bruselas-eleva-al-23-el-crecimiento-de-espana-en-2019-y-mantiene-en-el-19-el-de-2020\/"]}]},{"@type":"ImageObject","inLanguage":"en-US","@id":"https:\/\/super-news.info\/es\/bruselas-eleva-al-23-el-crecimiento-de-espana-en-2019-y-mantiene-en-el-19-el-de-2020\/#primaryimage","url":"https:\/\/super-news.info\/es\/wp-content\/uploads\/sites\/4\/2019\/07\/Bruselas-eleva-al-23-el-crecimiento-de-Espa\u00f1a-en-2019.jpg","contentUrl":"https:\/\/super-news.info\/es\/wp-content\/uploads\/sites\/4\/2019\/07\/Bruselas-eleva-al-23-el-crecimiento-de-Espa\u00f1a-en-2019.jpg","width":500,"height":281,"caption":"V\u00eddeo de la noticia"},{"@type":"BreadcrumbList","@id":"https:\/\/super-news.info\/es\/bruselas-eleva-al-23-el-crecimiento-de-espana-en-2019-y-mantiene-en-el-19-el-de-2020\/#breadcrumb","itemListElement":[{"@type":"ListItem","position":1,"name":"\u0413\u043b\u0430\u0432\u043d\u0430\u044f \u0441\u0442\u0440\u0430\u043d\u0438\u0446\u0430","item":"https:\/\/super-news.info\/es\/"},{"@type":"ListItem","position":2,"name":"Bruselas eleva al 2,3% el crecimiento de Espa\u00f1a en 2019 y mantiene en el 1,9% el de 2020"}]},{"@type":"WebSite","@id":"https:\/\/super-news.info\/es\/#website","url":"https:\/\/super-news.info\/es\/","name":"Super News","description":"Super News Espa\u00f1a","potentialAction":[{"@type":"SearchAction","target":{"@type":"EntryPoint","urlTemplate":"https:\/\/super-news.info\/es\/?s={search_term_string}"},"query-input":{"@type":"PropertyValueSpecification","valueRequired":true,"valueName":"search_term_string"}}],"inLanguage":"en-US"},{"@type":"Person","@id":"https:\/\/super-news.info\/es\/#\/schema\/person\/2d4068cb2f39cd10008c2fce578a7356","name":"super-news","image":{"@type":"ImageObject","inLanguage":"en-US","@id":"https:\/\/secure.gravatar.com\/avatar\/64ebac40b93f26a154f8a9b5b6fdccfc46f442b26b3dd6756dbff3bf9dc76fd7?s=96&d=mm&r=g","url":"https:\/\/secure.gravatar.com\/avatar\/64ebac40b93f26a154f8a9b5b6fdccfc46f442b26b3dd6756dbff3bf9dc76fd7?s=96&d=mm&r=g","contentUrl":"https:\/\/secure.gravatar.com\/avatar\/64ebac40b93f26a154f8a9b5b6fdccfc46f442b26b3dd6756dbff3bf9dc76fd7?s=96&d=mm&r=g","caption":"super-news"},"url":"https:\/\/super-news.info\/es\/author\/pt\/"}]}},"_links":{"self":[{"href":"https:\/\/super-news.info\/es\/wp-json\/wp\/v2\/posts\/6055","targetHints":{"allow":["GET"]}}],"collection":[{"href":"https:\/\/super-news.info\/es\/wp-json\/wp\/v2\/posts"}],"about":[{"href":"https:\/\/super-news.info\/es\/wp-json\/wp\/v2\/types\/post"}],"author":[{"embeddable":true,"href":"https:\/\/super-news.info\/es\/wp-json\/wp\/v2\/users\/2"}],"replies":[{"embeddable":true,"href":"https:\/\/super-news.info\/es\/wp-json\/wp\/v2\/comments?post=6055"}],"version-history":[{"count":1,"href":"https:\/\/super-news.info\/es\/wp-json\/wp\/v2\/posts\/6055\/revisions"}],"predecessor-version":[{"id":6057,"href":"https:\/\/super-news.info\/es\/wp-json\/wp\/v2\/posts\/6055\/revisions\/6057"}],"wp:featuredmedia":[{"embeddable":true,"href":"https:\/\/super-news.info\/es\/wp-json\/wp\/v2\/media\/6056"}],"wp:attachment":[{"href":"https:\/\/super-news.info\/es\/wp-json\/wp\/v2\/media?parent=6055"}],"wp:term":[{"taxonomy":"category","embeddable":true,"href":"https:\/\/super-news.info\/es\/wp-json\/wp\/v2\/categories?post=6055"},{"taxonomy":"post_tag","embeddable":true,"href":"https:\/\/super-news.info\/es\/wp-json\/wp\/v2\/tags?post=6055"}],"curies":[{"name":"wp","href":"https:\/\/api.w.org\/{rel}","templated":true}]}}