{"id":6046,"date":"2019-07-11T02:15:53","date_gmt":"2019-07-10T23:15:53","guid":{"rendered":"https:\/\/super-news.info\/es\/el-consejo-de-administracion-de-el-corte-ingles-nombra-a-marta-alvarez-presidenta-del-grupo\/"},"modified":"2019-07-11T02:15:54","modified_gmt":"2019-07-10T23:15:54","slug":"el-consejo-de-administracion-de-el-corte-ingles-nombra-a-marta-alvarez-presidenta-del-grupo","status":"publish","type":"post","link":"https:\/\/super-news.info\/es\/el-consejo-de-administracion-de-el-corte-ingles-nombra-a-marta-alvarez-presidenta-del-grupo\/","title":{"rendered":"El consejo de administraci\u00f3n de El Corte Ingl\u00e9s nombra a Marta \u00c1lvarez presidenta del grupo"},"content":{"rendered":"<p> [ad_1]<\/p>\n<div id=\"CuerpoNoticiav2\" itemprop=\"articleBody\">\n<p>MADRID, 10 Jul. (EUROPA PRESS) &#8211;   <\/p>\n<p itemprop=\"description\">   El consejo de administraci\u00f3n de El Corte Ingl\u00e9s, reunido este mi\u00e9rcoles en Madrid, ha decidido por unanimidad nombrar presidenta del Grupo a Marta \u00c1lvarez Guil, que se convierte en la primera mujer al frente del gigante espa\u00f1ol de la distribuci\u00f3n.<\/p>\n<p>   Jes\u00fas Nu\u00f1o de la Rosa, el anterior presidente y que ha permanecido en el cargo durante aproximadamente un a\u00f1o, y V\u00edctor del Pozo continuar\u00e1n en sus puestos de consejeros delegados de la sociedad.<\/p>\n<p>   El Corte Ingl\u00e9s destaca en un comunicado que con estos cambios en la c\u00fapula &#8220;avanza en su compromiso con las mejores pr\u00e1cticas de gobierno corporativo&#8221;.<\/p>\n<p>   El grupo de grandes almacenes inici\u00f3 su revisi\u00f3n hace ahora un a\u00f1o y ha completado el plan de reordenaci\u00f3n hoy mismo, con la adopci\u00f3n de una nueva estructura de gobierno y ejecutiva que garantiza la estabilidad del grupo a largo plazo.<\/p>\n<p>   El nombramiento de Marta \u00c1lvarez como presidenta no requiere su ratificaci\u00f3n en la junta de accionistas, que se celebrar\u00e1 el pr\u00f3ximo 25 de agosto, explicaron a Europa Press en fuentes del grupo.<\/p>\n<p>   Marta \u00c1lvarez, quien junto a su hermana Cristina y a trav\u00e9s de Cartera de Valores IASA (sociedad patrimonial que posee el 22,18% del grupo) es la mayor accionista individual de El Corte Ingl\u00e9s, tutelar\u00e1 desde la presidencia las funciones de los dos consejeros delegados del Grupo.<\/p>\n<p>   Las hermanas \u00c1lvarez controlan en torno al 15% del capital de El Corte Ingl\u00e9s a trav\u00e9s de dicha sociedad, en la que tambi\u00e9n participan su primo y expresidente del grupo Dimas Gimeno, la madre de este (Maria Antonia) y su t\u00edo C\u00e9sar.<\/p>\n<p>   El principal accionista de El Corte Ingl\u00e9s con el 37,39% del capital es la Fundaci\u00f3n Ram\u00f3n Areces, de la que las dos hermanas son patronas.<\/p>\n<p>   El nombramiento de Marta \u00c1lvarez ha contado con el respaldo de todo el consejo, en el que tambi\u00e9n est\u00e1n presentes Cartera Manacor (7%), Corporaci\u00f3n Ceslar (9%) los consejeros independientes, Manuel Pizarro y Fernando Becker, los dos ejecutivos, Nu\u00f1o de la Rosa y V\u00edctor del Pozo, y del inversor catar\u00ed Al Thani, que posee un 10,3%.<\/p>\n<p>   La presidenta de El Corte Ingl\u00e9s, licenciada en Derecho y vinculada a El Corte Ingl\u00e9s desde hace m\u00e1s de 20 a\u00f1os, velar\u00e1 por el buen funcionamiento del consejo de administraci\u00f3n y de sus tres comisiones (Auditor\u00eda y Control, Nombramientos y Retribuciones, y Responsabilidad Social Corporativa) y asumir\u00e1, entre otras funciones, la direcci\u00f3n del consejo y la representaci\u00f3n institucional del grupo.<\/p>\n<p>   &#8220;El consejo de administraci\u00f3n me ha dado hoy su confianza para liderar un equipo profesional que admiro, respeto y conozco muy bien porque llevo toda la vida ligada a la empresa&#8221;, ha comentado Marta \u00c1lvarez.<\/p>\n<p>   Para Marta \u00c1lvarez, &#8220;los dos pilares fundamentales&#8221; para tener \u00e9xito en el comercio son el producto y las personas. &#8220;Por ello ofrecemos a nuestros clientes una experiencia de compra excelente proponi\u00e9ndoles los mejores productos, las mejores marcas y un servicio profesional y cercano. No tengo duda de que en El Corte Ingl\u00e9s contamos con el mejor equipo profesional, el m\u00e1s competente y el m\u00e1s comprometido con la empresa&#8221;, ha enfatizado.<\/p>\n<h2 class=\"ladillo\">APUESTA POR LA INNOVACI\u00d3N Y LA TECNOLOG\u00cdA<\/h2>\n<p>   Respecto al futuro, \u00c1lvarez ha comentado que el grupo est\u00e1 haciendo una apuesta &#8220;decidida&#8221; por la innovaci\u00f3n y la tecnolog\u00eda en la que va a perseverar para que el cliente pueda acceder a las \u00faltimas tendencias del mercado a trav\u00e9s del canal que le sea m\u00e1s c\u00f3modo en cada momento. &#8220;Para tener el mejor futuro debemos ser capaces de innovar, de ir por delante de las necesidades del consumidor&#8221;, ha subrayado.<\/p>\n<p>   Jes\u00fas Nu\u00f1o de la Rosa mantendr\u00e1 las presidencias de Viajes El Corte Ingl\u00e9s, Seguros El Corte Ingl\u00e9s, Inform\u00e1tica El Corte Ingl\u00e9s y Financiera El Corte Ingl\u00e9s, y actuar\u00e1 como consejero delegado con responsabilidades en las filiales del Grupo.<\/p>\n<p>   Por su parte, el consejero delegado V\u00edctor del Pozo ejercer\u00e1 las tareas de primer ejecutivo en las \u00e1reas corporativas (econ\u00f3mico-financiera, real estate, recursos humanos y asesor\u00eda jur\u00eddica, entre otras) y en las \u00e1reas del negocio de retail, incluidas sociedades como Supercor, Bricor y Sfera.<\/p>\n<h2 class=\"ladillo\">SEPARACI\u00d3N DE FUNCIONES<\/h2>\n<p>   La decisi\u00f3n del consejo de administraci\u00f3n, que se produce tras un periodo de reflexi\u00f3n iniciado en 2018, &#8220;se inscribe dentro de las mejores pr\u00e1cticas de Gobierno Corporativo&#8221;, seg\u00fan destaca el grupo, y distingue de forma clara las funciones de la presidenta, que ratifica su compromiso con el futuro de El Corte Ingl\u00e9s, de las funciones de los consejeros delegados.<\/p>\n<p>   Marta \u00c1lvarez ha agradecido muy especialmente a Jes\u00fas Nu\u00f1o de la Rosa su generosidad por haberse puesto al frente de El Corte Ingl\u00e9s en un momento complejo y haber permanecido en el cargo durante este a\u00f1o.<\/p>\n<\/div>\n<p>[ad_2]<br \/>\n<br \/><a href=\"https:\/\/www.europapress.es\/economia\/noticia-consejo-administracion-corte-ingles-nombra-marta-alvarez-presidenta-grupo-20190710142655.html\">Source link <\/a><\/p>\n","protected":false},"excerpt":{"rendered":"<p>[ad_1] MADRID, 10 Jul. (EUROPA PRESS) &#8211; El consejo de administraci\u00f3n de El Corte Ingl\u00e9s, reunido este mi\u00e9rcoles en Madrid, ha decidido por unanimidad nombrar presidenta del Grupo a Marta \u00c1lvarez Guil, que se convierte en la primera mujer al frente del gigante espa\u00f1ol de la distribuci\u00f3n. Jes\u00fas Nu\u00f1o de la Rosa, el anterior presidente [&hellip;]<\/p>\n","protected":false},"author":2,"featured_media":6047,"comment_status":"open","ping_status":"open","sticky":false,"template":"","format":"standard","meta":{"footnotes":""},"categories":[1],"tags":[],"class_list":["post-6046","post","type-post","status-publish","format-standard","has-post-thumbnail","hentry","category-noticias-financieras"],"yoast_head":"<!-- This site is optimized with the Yoast SEO plugin v27.4 - https:\/\/yoast.com\/product\/yoast-seo-wordpress\/ -->\n<title>El consejo de administraci\u00f3n de El Corte Ingl\u00e9s nombra a Marta \u00c1lvarez presidenta del grupo - Super News<\/title>\n<meta name=\"robots\" content=\"index, follow, max-snippet:-1, max-image-preview:large, max-video-preview:-1\" \/>\n<link rel=\"canonical\" href=\"https:\/\/super-news.info\/es\/el-consejo-de-administracion-de-el-corte-ingles-nombra-a-marta-alvarez-presidenta-del-grupo\/\" \/>\n<meta property=\"og:locale\" content=\"en_US\" \/>\n<meta property=\"og:type\" content=\"article\" \/>\n<meta property=\"og:title\" content=\"El consejo de administraci\u00f3n de El Corte Ingl\u00e9s nombra a Marta \u00c1lvarez presidenta del grupo - Super News\" \/>\n<meta property=\"og:description\" content=\"[ad_1] MADRID, 10 Jul. (EUROPA PRESS) &#8211; El consejo de administraci\u00f3n de El Corte Ingl\u00e9s, reunido este mi\u00e9rcoles en Madrid, ha decidido por unanimidad nombrar presidenta del Grupo a Marta \u00c1lvarez Guil, que se convierte en la primera mujer al frente del gigante espa\u00f1ol de la distribuci\u00f3n. Jes\u00fas Nu\u00f1o de la Rosa, el anterior presidente [&hellip;]\" \/>\n<meta property=\"og:url\" content=\"https:\/\/super-news.info\/es\/el-consejo-de-administracion-de-el-corte-ingles-nombra-a-marta-alvarez-presidenta-del-grupo\/\" \/>\n<meta property=\"og:site_name\" content=\"Super News\" \/>\n<meta property=\"article:published_time\" content=\"2019-07-10T23:15:53+00:00\" \/>\n<meta property=\"article:modified_time\" content=\"2019-07-10T23:15:54+00:00\" \/>\n<meta property=\"og:image\" content=\"https:\/\/super-news.info\/es\/wp-content\/uploads\/sites\/4\/2019\/07\/El-consejo-de-administraci\u00f3n-de-El-Corte-Ingl\u00e9s-nombra-a.jpg\" \/>\n\t<meta property=\"og:image:width\" content=\"120\" \/>\n\t<meta property=\"og:image:height\" content=\"80\" \/>\n\t<meta property=\"og:image:type\" content=\"image\/jpeg\" \/>\n<meta name=\"author\" content=\"super-news\" \/>\n<meta name=\"twitter:card\" content=\"summary_large_image\" \/>\n<meta name=\"twitter:label1\" content=\"Written by\" \/>\n\t<meta name=\"twitter:data1\" content=\"super-news\" \/>\n\t<meta name=\"twitter:label2\" content=\"Est. reading time\" \/>\n\t<meta name=\"twitter:data2\" content=\"4 minutes\" \/>\n<script type=\"application\/ld+json\" class=\"yoast-schema-graph\">{\"@context\":\"https:\\\/\\\/schema.org\",\"@graph\":[{\"@type\":\"Article\",\"@id\":\"https:\\\/\\\/super-news.info\\\/es\\\/el-consejo-de-administracion-de-el-corte-ingles-nombra-a-marta-alvarez-presidenta-del-grupo\\\/#article\",\"isPartOf\":{\"@id\":\"https:\\\/\\\/super-news.info\\\/es\\\/el-consejo-de-administracion-de-el-corte-ingles-nombra-a-marta-alvarez-presidenta-del-grupo\\\/\"},\"author\":{\"name\":\"super-news\",\"@id\":\"https:\\\/\\\/super-news.info\\\/es\\\/#\\\/schema\\\/person\\\/2d4068cb2f39cd10008c2fce578a7356\"},\"headline\":\"El consejo de administraci\u00f3n de El Corte Ingl\u00e9s nombra a Marta \u00c1lvarez presidenta del grupo\",\"datePublished\":\"2019-07-10T23:15:53+00:00\",\"dateModified\":\"2019-07-10T23:15:54+00:00\",\"mainEntityOfPage\":{\"@id\":\"https:\\\/\\\/super-news.info\\\/es\\\/el-consejo-de-administracion-de-el-corte-ingles-nombra-a-marta-alvarez-presidenta-del-grupo\\\/\"},\"wordCount\":855,\"commentCount\":0,\"image\":{\"@id\":\"https:\\\/\\\/super-news.info\\\/es\\\/el-consejo-de-administracion-de-el-corte-ingles-nombra-a-marta-alvarez-presidenta-del-grupo\\\/#primaryimage\"},\"thumbnailUrl\":\"https:\\\/\\\/super-news.info\\\/es\\\/wp-content\\\/uploads\\\/sites\\\/4\\\/2019\\\/07\\\/El-consejo-de-administraci\u00f3n-de-El-Corte-Ingl\u00e9s-nombra-a.jpg\",\"articleSection\":[\"NOTICIAS FINANCIERAS\"],\"inLanguage\":\"en-US\",\"potentialAction\":[{\"@type\":\"CommentAction\",\"name\":\"Comment\",\"target\":[\"https:\\\/\\\/super-news.info\\\/es\\\/el-consejo-de-administracion-de-el-corte-ingles-nombra-a-marta-alvarez-presidenta-del-grupo\\\/#respond\"]}]},{\"@type\":\"WebPage\",\"@id\":\"https:\\\/\\\/super-news.info\\\/es\\\/el-consejo-de-administracion-de-el-corte-ingles-nombra-a-marta-alvarez-presidenta-del-grupo\\\/\",\"url\":\"https:\\\/\\\/super-news.info\\\/es\\\/el-consejo-de-administracion-de-el-corte-ingles-nombra-a-marta-alvarez-presidenta-del-grupo\\\/\",\"name\":\"El consejo de administraci\u00f3n de El Corte Ingl\u00e9s nombra a Marta \u00c1lvarez presidenta del grupo - Super News\",\"isPartOf\":{\"@id\":\"https:\\\/\\\/super-news.info\\\/es\\\/#website\"},\"primaryImageOfPage\":{\"@id\":\"https:\\\/\\\/super-news.info\\\/es\\\/el-consejo-de-administracion-de-el-corte-ingles-nombra-a-marta-alvarez-presidenta-del-grupo\\\/#primaryimage\"},\"image\":{\"@id\":\"https:\\\/\\\/super-news.info\\\/es\\\/el-consejo-de-administracion-de-el-corte-ingles-nombra-a-marta-alvarez-presidenta-del-grupo\\\/#primaryimage\"},\"thumbnailUrl\":\"https:\\\/\\\/super-news.info\\\/es\\\/wp-content\\\/uploads\\\/sites\\\/4\\\/2019\\\/07\\\/El-consejo-de-administraci\u00f3n-de-El-Corte-Ingl\u00e9s-nombra-a.jpg\",\"datePublished\":\"2019-07-10T23:15:53+00:00\",\"dateModified\":\"2019-07-10T23:15:54+00:00\",\"author\":{\"@id\":\"https:\\\/\\\/super-news.info\\\/es\\\/#\\\/schema\\\/person\\\/2d4068cb2f39cd10008c2fce578a7356\"},\"breadcrumb\":{\"@id\":\"https:\\\/\\\/super-news.info\\\/es\\\/el-consejo-de-administracion-de-el-corte-ingles-nombra-a-marta-alvarez-presidenta-del-grupo\\\/#breadcrumb\"},\"inLanguage\":\"en-US\",\"potentialAction\":[{\"@type\":\"ReadAction\",\"target\":[\"https:\\\/\\\/super-news.info\\\/es\\\/el-consejo-de-administracion-de-el-corte-ingles-nombra-a-marta-alvarez-presidenta-del-grupo\\\/\"]}]},{\"@type\":\"ImageObject\",\"inLanguage\":\"en-US\",\"@id\":\"https:\\\/\\\/super-news.info\\\/es\\\/el-consejo-de-administracion-de-el-corte-ingles-nombra-a-marta-alvarez-presidenta-del-grupo\\\/#primaryimage\",\"url\":\"https:\\\/\\\/super-news.info\\\/es\\\/wp-content\\\/uploads\\\/sites\\\/4\\\/2019\\\/07\\\/El-consejo-de-administraci\u00f3n-de-El-Corte-Ingl\u00e9s-nombra-a.jpg\",\"contentUrl\":\"https:\\\/\\\/super-news.info\\\/es\\\/wp-content\\\/uploads\\\/sites\\\/4\\\/2019\\\/07\\\/El-consejo-de-administraci\u00f3n-de-El-Corte-Ingl\u00e9s-nombra-a.jpg\",\"width\":120,\"height\":80,\"caption\":\"El consejo de administraci\u00f3n de El Corte Ingl\u00e9s nombra a Marta \u00c1lvarez presidenta del grupo\"},{\"@type\":\"BreadcrumbList\",\"@id\":\"https:\\\/\\\/super-news.info\\\/es\\\/el-consejo-de-administracion-de-el-corte-ingles-nombra-a-marta-alvarez-presidenta-del-grupo\\\/#breadcrumb\",\"itemListElement\":[{\"@type\":\"ListItem\",\"position\":1,\"name\":\"\u0413\u043b\u0430\u0432\u043d\u0430\u044f \u0441\u0442\u0440\u0430\u043d\u0438\u0446\u0430\",\"item\":\"https:\\\/\\\/super-news.info\\\/es\\\/\"},{\"@type\":\"ListItem\",\"position\":2,\"name\":\"El consejo de administraci\u00f3n de El Corte Ingl\u00e9s nombra a Marta \u00c1lvarez presidenta del grupo\"}]},{\"@type\":\"WebSite\",\"@id\":\"https:\\\/\\\/super-news.info\\\/es\\\/#website\",\"url\":\"https:\\\/\\\/super-news.info\\\/es\\\/\",\"name\":\"Super News\",\"description\":\"Super News Espa\u00f1a\",\"potentialAction\":[{\"@type\":\"SearchAction\",\"target\":{\"@type\":\"EntryPoint\",\"urlTemplate\":\"https:\\\/\\\/super-news.info\\\/es\\\/?s={search_term_string}\"},\"query-input\":{\"@type\":\"PropertyValueSpecification\",\"valueRequired\":true,\"valueName\":\"search_term_string\"}}],\"inLanguage\":\"en-US\"},{\"@type\":\"Person\",\"@id\":\"https:\\\/\\\/super-news.info\\\/es\\\/#\\\/schema\\\/person\\\/2d4068cb2f39cd10008c2fce578a7356\",\"name\":\"super-news\",\"image\":{\"@type\":\"ImageObject\",\"inLanguage\":\"en-US\",\"@id\":\"https:\\\/\\\/secure.gravatar.com\\\/avatar\\\/64ebac40b93f26a154f8a9b5b6fdccfc46f442b26b3dd6756dbff3bf9dc76fd7?s=96&d=mm&r=g\",\"url\":\"https:\\\/\\\/secure.gravatar.com\\\/avatar\\\/64ebac40b93f26a154f8a9b5b6fdccfc46f442b26b3dd6756dbff3bf9dc76fd7?s=96&d=mm&r=g\",\"contentUrl\":\"https:\\\/\\\/secure.gravatar.com\\\/avatar\\\/64ebac40b93f26a154f8a9b5b6fdccfc46f442b26b3dd6756dbff3bf9dc76fd7?s=96&d=mm&r=g\",\"caption\":\"super-news\"},\"url\":\"https:\\\/\\\/super-news.info\\\/es\\\/author\\\/pt\\\/\"}]}<\/script>\n<!-- \/ Yoast SEO plugin. -->","yoast_head_json":{"title":"El consejo de administraci\u00f3n de El Corte Ingl\u00e9s nombra a Marta \u00c1lvarez presidenta del grupo - Super News","robots":{"index":"index","follow":"follow","max-snippet":"max-snippet:-1","max-image-preview":"max-image-preview:large","max-video-preview":"max-video-preview:-1"},"canonical":"https:\/\/super-news.info\/es\/el-consejo-de-administracion-de-el-corte-ingles-nombra-a-marta-alvarez-presidenta-del-grupo\/","og_locale":"en_US","og_type":"article","og_title":"El consejo de administraci\u00f3n de El Corte Ingl\u00e9s nombra a Marta \u00c1lvarez presidenta del grupo - Super News","og_description":"[ad_1] MADRID, 10 Jul. (EUROPA PRESS) &#8211; El consejo de administraci\u00f3n de El Corte Ingl\u00e9s, reunido este mi\u00e9rcoles en Madrid, ha decidido por unanimidad nombrar presidenta del Grupo a Marta \u00c1lvarez Guil, que se convierte en la primera mujer al frente del gigante espa\u00f1ol de la distribuci\u00f3n. Jes\u00fas Nu\u00f1o de la Rosa, el anterior presidente [&hellip;]","og_url":"https:\/\/super-news.info\/es\/el-consejo-de-administracion-de-el-corte-ingles-nombra-a-marta-alvarez-presidenta-del-grupo\/","og_site_name":"Super News","article_published_time":"2019-07-10T23:15:53+00:00","article_modified_time":"2019-07-10T23:15:54+00:00","og_image":[{"width":120,"height":80,"url":"https:\/\/super-news.info\/es\/wp-content\/uploads\/sites\/4\/2019\/07\/El-consejo-de-administraci\u00f3n-de-El-Corte-Ingl\u00e9s-nombra-a.jpg","type":"image\/jpeg"}],"author":"super-news","twitter_card":"summary_large_image","twitter_misc":{"Written by":"super-news","Est. reading time":"4 minutes"},"schema":{"@context":"https:\/\/schema.org","@graph":[{"@type":"Article","@id":"https:\/\/super-news.info\/es\/el-consejo-de-administracion-de-el-corte-ingles-nombra-a-marta-alvarez-presidenta-del-grupo\/#article","isPartOf":{"@id":"https:\/\/super-news.info\/es\/el-consejo-de-administracion-de-el-corte-ingles-nombra-a-marta-alvarez-presidenta-del-grupo\/"},"author":{"name":"super-news","@id":"https:\/\/super-news.info\/es\/#\/schema\/person\/2d4068cb2f39cd10008c2fce578a7356"},"headline":"El consejo de administraci\u00f3n de El Corte Ingl\u00e9s nombra a Marta \u00c1lvarez presidenta del grupo","datePublished":"2019-07-10T23:15:53+00:00","dateModified":"2019-07-10T23:15:54+00:00","mainEntityOfPage":{"@id":"https:\/\/super-news.info\/es\/el-consejo-de-administracion-de-el-corte-ingles-nombra-a-marta-alvarez-presidenta-del-grupo\/"},"wordCount":855,"commentCount":0,"image":{"@id":"https:\/\/super-news.info\/es\/el-consejo-de-administracion-de-el-corte-ingles-nombra-a-marta-alvarez-presidenta-del-grupo\/#primaryimage"},"thumbnailUrl":"https:\/\/super-news.info\/es\/wp-content\/uploads\/sites\/4\/2019\/07\/El-consejo-de-administraci\u00f3n-de-El-Corte-Ingl\u00e9s-nombra-a.jpg","articleSection":["NOTICIAS FINANCIERAS"],"inLanguage":"en-US","potentialAction":[{"@type":"CommentAction","name":"Comment","target":["https:\/\/super-news.info\/es\/el-consejo-de-administracion-de-el-corte-ingles-nombra-a-marta-alvarez-presidenta-del-grupo\/#respond"]}]},{"@type":"WebPage","@id":"https:\/\/super-news.info\/es\/el-consejo-de-administracion-de-el-corte-ingles-nombra-a-marta-alvarez-presidenta-del-grupo\/","url":"https:\/\/super-news.info\/es\/el-consejo-de-administracion-de-el-corte-ingles-nombra-a-marta-alvarez-presidenta-del-grupo\/","name":"El consejo de administraci\u00f3n de El Corte Ingl\u00e9s nombra a Marta \u00c1lvarez presidenta del grupo - Super News","isPartOf":{"@id":"https:\/\/super-news.info\/es\/#website"},"primaryImageOfPage":{"@id":"https:\/\/super-news.info\/es\/el-consejo-de-administracion-de-el-corte-ingles-nombra-a-marta-alvarez-presidenta-del-grupo\/#primaryimage"},"image":{"@id":"https:\/\/super-news.info\/es\/el-consejo-de-administracion-de-el-corte-ingles-nombra-a-marta-alvarez-presidenta-del-grupo\/#primaryimage"},"thumbnailUrl":"https:\/\/super-news.info\/es\/wp-content\/uploads\/sites\/4\/2019\/07\/El-consejo-de-administraci\u00f3n-de-El-Corte-Ingl\u00e9s-nombra-a.jpg","datePublished":"2019-07-10T23:15:53+00:00","dateModified":"2019-07-10T23:15:54+00:00","author":{"@id":"https:\/\/super-news.info\/es\/#\/schema\/person\/2d4068cb2f39cd10008c2fce578a7356"},"breadcrumb":{"@id":"https:\/\/super-news.info\/es\/el-consejo-de-administracion-de-el-corte-ingles-nombra-a-marta-alvarez-presidenta-del-grupo\/#breadcrumb"},"inLanguage":"en-US","potentialAction":[{"@type":"ReadAction","target":["https:\/\/super-news.info\/es\/el-consejo-de-administracion-de-el-corte-ingles-nombra-a-marta-alvarez-presidenta-del-grupo\/"]}]},{"@type":"ImageObject","inLanguage":"en-US","@id":"https:\/\/super-news.info\/es\/el-consejo-de-administracion-de-el-corte-ingles-nombra-a-marta-alvarez-presidenta-del-grupo\/#primaryimage","url":"https:\/\/super-news.info\/es\/wp-content\/uploads\/sites\/4\/2019\/07\/El-consejo-de-administraci\u00f3n-de-El-Corte-Ingl\u00e9s-nombra-a.jpg","contentUrl":"https:\/\/super-news.info\/es\/wp-content\/uploads\/sites\/4\/2019\/07\/El-consejo-de-administraci\u00f3n-de-El-Corte-Ingl\u00e9s-nombra-a.jpg","width":120,"height":80,"caption":"El consejo de administraci\u00f3n de El Corte Ingl\u00e9s nombra a Marta \u00c1lvarez presidenta del grupo"},{"@type":"BreadcrumbList","@id":"https:\/\/super-news.info\/es\/el-consejo-de-administracion-de-el-corte-ingles-nombra-a-marta-alvarez-presidenta-del-grupo\/#breadcrumb","itemListElement":[{"@type":"ListItem","position":1,"name":"\u0413\u043b\u0430\u0432\u043d\u0430\u044f \u0441\u0442\u0440\u0430\u043d\u0438\u0446\u0430","item":"https:\/\/super-news.info\/es\/"},{"@type":"ListItem","position":2,"name":"El consejo de administraci\u00f3n de El Corte Ingl\u00e9s nombra a Marta \u00c1lvarez presidenta del grupo"}]},{"@type":"WebSite","@id":"https:\/\/super-news.info\/es\/#website","url":"https:\/\/super-news.info\/es\/","name":"Super News","description":"Super News Espa\u00f1a","potentialAction":[{"@type":"SearchAction","target":{"@type":"EntryPoint","urlTemplate":"https:\/\/super-news.info\/es\/?s={search_term_string}"},"query-input":{"@type":"PropertyValueSpecification","valueRequired":true,"valueName":"search_term_string"}}],"inLanguage":"en-US"},{"@type":"Person","@id":"https:\/\/super-news.info\/es\/#\/schema\/person\/2d4068cb2f39cd10008c2fce578a7356","name":"super-news","image":{"@type":"ImageObject","inLanguage":"en-US","@id":"https:\/\/secure.gravatar.com\/avatar\/64ebac40b93f26a154f8a9b5b6fdccfc46f442b26b3dd6756dbff3bf9dc76fd7?s=96&d=mm&r=g","url":"https:\/\/secure.gravatar.com\/avatar\/64ebac40b93f26a154f8a9b5b6fdccfc46f442b26b3dd6756dbff3bf9dc76fd7?s=96&d=mm&r=g","contentUrl":"https:\/\/secure.gravatar.com\/avatar\/64ebac40b93f26a154f8a9b5b6fdccfc46f442b26b3dd6756dbff3bf9dc76fd7?s=96&d=mm&r=g","caption":"super-news"},"url":"https:\/\/super-news.info\/es\/author\/pt\/"}]}},"_links":{"self":[{"href":"https:\/\/super-news.info\/es\/wp-json\/wp\/v2\/posts\/6046","targetHints":{"allow":["GET"]}}],"collection":[{"href":"https:\/\/super-news.info\/es\/wp-json\/wp\/v2\/posts"}],"about":[{"href":"https:\/\/super-news.info\/es\/wp-json\/wp\/v2\/types\/post"}],"author":[{"embeddable":true,"href":"https:\/\/super-news.info\/es\/wp-json\/wp\/v2\/users\/2"}],"replies":[{"embeddable":true,"href":"https:\/\/super-news.info\/es\/wp-json\/wp\/v2\/comments?post=6046"}],"version-history":[{"count":1,"href":"https:\/\/super-news.info\/es\/wp-json\/wp\/v2\/posts\/6046\/revisions"}],"predecessor-version":[{"id":6048,"href":"https:\/\/super-news.info\/es\/wp-json\/wp\/v2\/posts\/6046\/revisions\/6048"}],"wp:featuredmedia":[{"embeddable":true,"href":"https:\/\/super-news.info\/es\/wp-json\/wp\/v2\/media\/6047"}],"wp:attachment":[{"href":"https:\/\/super-news.info\/es\/wp-json\/wp\/v2\/media?parent=6046"}],"wp:term":[{"taxonomy":"category","embeddable":true,"href":"https:\/\/super-news.info\/es\/wp-json\/wp\/v2\/categories?post=6046"},{"taxonomy":"post_tag","embeddable":true,"href":"https:\/\/super-news.info\/es\/wp-json\/wp\/v2\/tags?post=6046"}],"curies":[{"name":"wp","href":"https:\/\/api.w.org\/{rel}","templated":true}]}}