{"id":6041,"date":"2019-07-11T01:09:59","date_gmt":"2019-07-10T22:09:59","guid":{"rendered":"https:\/\/super-news.info\/es\/valerio-ve-capaz-de-enderezar-la-seguridad-social-con-un-plan-a-4-o-5-anos-para-equilibrar-el-sistema\/"},"modified":"2019-07-11T01:10:01","modified_gmt":"2019-07-10T22:10:01","slug":"valerio-ve-capaz-de-enderezar-la-seguridad-social-con-un-plan-a-4-o-5-anos-para-equilibrar-el-sistema","status":"publish","type":"post","link":"https:\/\/super-news.info\/es\/valerio-ve-capaz-de-enderezar-la-seguridad-social-con-un-plan-a-4-o-5-anos-para-equilibrar-el-sistema\/","title":{"rendered":"Valerio ve capaz de &#8220;enderezar&#8221; la Seguridad Social con un plan a &#8220;4 o 5 a\u00f1os&#8221; para &#8220;equilibrar&#8221; el sistema"},"content":{"rendered":"<p> [ad_1]<br \/>\n<\/p>\n<div id=\"CuerpoNoticiav2\" itemprop=\"articleBody\">\n<p>SANTANDER, 10 Jul. (EUROPA PRESS) &#8211; <\/p>\n<p itemprop=\"description\">   La ministra de Trabajo en funciones, Magdalena Valerio, cree que Espa\u00f1a ser\u00e1 capaz de &#8220;enderezar&#8221; la Seguridad Social para lo que plantea un plan a &#8220;4 o 5 a\u00f1os&#8221; para &#8220;equilibrar&#8221; el sistema y, en alusi\u00f3n al sistema p\u00fablico de pensiones, ha afirmado que \u00e9ste &#8220;ha tenido pasado, tiene presente y tendr\u00e1 futuro&#8221;.<\/p>\n<p>   &#8220;Estoy convencida de que esta asignatura la vamos a aprobar&#8221;, ha afirmado este mi\u00e9rcoles en Santander Valerio, que ha abogado por seguir trabajando para ello con la &#8220;misma metodolog\u00eda&#8221; que hasta ahora, esto es a trav\u00e9s del Pacto de Toledo y de la Mesa de Di\u00e1logo Social.<\/p>\n<p>   De hecho, ha afirmado que ya se estuvo &#8220;a punto&#8221; de conseguir un acuerdo al finan de la pasada legislatura en el Pacto de Toledo y en la Mesa de Di\u00e1logo Social pero &#8220;se par\u00f3&#8221; por la convocatoria de las elecciones generales del pasado 28 de abril.<\/p>\n<p>   Valerio, que ha hecho estas declaraciones en Santander al hilo de su participaci\u00f3n en un curso de la Universidad Internacional Men\u00e9ndez Pelayo (UIMP) sobre el futuro de la Seguridad Social, ha lanzado un &#8220;mensaje de esperanza&#8221; a la sociedad espa\u00f1ola y a los pensionistas del presente y tambi\u00e9n del futuro sobre la sostenibilidad del sistema.<\/p>\n<p>   Pese a que ha opinado que actualmente la Seguridad Social no atraviesa &#8220;un buen momento&#8221;, se ha mostrado &#8220;absolutamente convencida&#8221; de que se va a poder elaborar el plan que ha mencionado para &#8220;a cuatro o cinco a\u00f1os&#8221; &#8211;&#8220;lo ideal&#8221; ser\u00eda a cinco, ha dicho&#8211; para &#8220;equilibrar&#8221; el sistema p\u00fablico de la Seguridad Social, que sufre en la actualidad un &#8220;d\u00e9ficit coyuntural&#8221;.<\/p>\n<p>   Valerio ha explicado que la Seguridad Social no tiene un problema de &#8220;gasto excesivo&#8221; en pensiones, algo que a su juicio &#8220;no hay&#8221;, sino de bajos ingresos, algo que ha achacado a la &#8220;devaluaci\u00f3n salarial&#8221; de los \u00faltimos a\u00f1os, que ha hecho tambi\u00e9n que haya habido una &#8220;devaluaci\u00f3n de las cotizaciones&#8221; y haya menos ingresos.<\/p>\n<p>   La ministra en funciones ha explicado que el gasto &#8220;se ha ido incrementando&#8221; al subir las pensiones medias, mientras los salarios han bajado, lo que ha hecho que haya habido que usar el Fondo de Reserva, la hucha de las pensiones y acudir incluso a pr\u00e9stamos para poder pagar las pensiones, como ha ocurrido en julio, mes en el que ha habido que abonar la primera paga extra.<\/p>\n<p>   Pese a reconocer que hay &#8220;problemas&#8221; para pagar las pensiones, Valerio ha llamado a que &#8220;nadie se preocupe&#8221; porque se pagar\u00e1 tambi\u00e9n la &#8216;extra&#8217; de diciembre.<\/p>\n<p>   Para que se incrementen los ingresos a la Seguridad Social, la ministra en funciones ha insistido en que hay que crear &#8220;m\u00e1s empleo&#8221;, &#8220;de m\u00e1s calidad&#8221;, &#8220;m\u00e1s estable&#8221; y &#8220;mejor retribuido&#8221;, esto es &#8220;empleo digno&#8221; para poder tener &#8220;pensiones dignas&#8221;.<\/p>\n<p>   Tambi\u00e9n ha se\u00f1alado que &#8220;hay que controlar mucho&#8221; todo lo relativo al fraude laboral y a la Seguridad Social, algo que, seg\u00fan ha dicho, &#8220;ya se est\u00e1 haciendo&#8221; desde el Gobierno de Espa\u00f1a.<\/p>\n<p>   Valerio ha afirmado que se debe de vigilar que no haya contratos que figuren como parciales y que en realidad sean a tiempo completo; que existan falsos aut\u00f3nomos o que haya horas extras que no se coticen y est\u00e9n fuera de la ley.<\/p>\n<p>   Para equilibrar el sistema de la Seguridad Social, una de las tareas que, seg\u00fan Valerio, habr\u00e1 que afrontar ser\u00e1 la de &#8220;reordenar&#8221; los gastos y &#8220;quitar&#8221; algunos que le son &#8220;impropios&#8221;.<\/p>\n<h2 class=\"ladillo\">&#8220;INYECTAR IMPUESTOS&#8221; PARA PAGAR LAS PENSIONES<\/h2>\n<p>   En ese sentido, ha se\u00f1alado que se est\u00e1n pagando prestaciones a trav\u00e9s de las cotizaciones de la Seguridad Social que habr\u00e1 que empezar a pagar con impuestos.<\/p>\n<p>   Valerio ha opinado que si Espa\u00f1a no tiene &#8220;suficiente&#8221; con las cotizaciones para pagar las pensiones, habr\u00e1 que &#8220;complemetar la financiaci\u00f3n&#8221; de las mismas &#8220;inyectando impuestos&#8221; &#8211;algo que, a su juicio, ya ocurre en la &#8220;mayor parte&#8221; de pa\u00edses de la UE.<\/p>\n<p>   Seg\u00fan ha apuntado, esto se podr\u00eda hacer, bien a trav\u00e9s de los denominados impuestos generales o de la creaci\u00f3n de otros grav\u00e1menes especiales, como el de la banca o a las tecnol\u00f3gicas.<\/p>\n<p>   &#8220;Esto es opinable y yo espero que tanto en el Pacto de Toledo como en la Mesa de Di\u00e1logo Social todas estas cuestiones se hablen&#8221;, ha dicho Valerio, que ha se\u00f1alado que, adem\u00e1s, en los pr\u00f3ximos a\u00f1os se incrementar\u00e1 el gasto en pensiones con la jubilaci\u00f3n &#8220;en 2023 o 2024&#8221; de la generaci\u00f3n del &#8216;baby boom&#8217;.<\/p>\n<p>   Por ello, considera que una vez que se aborde el &#8220;d\u00e9ficit coyuntural&#8221; existente en la Seguridad Social, &#8220;haya que tomar medidas para incrementar los ingresos y poder pagar las prestaciones y las pensiones sin problemas&#8221;.<\/p>\n<\/div>\n<p>[ad_2]<br \/>\n<br \/><a href=\"https:\/\/www.europapress.es\/economia\/laboral-00346\/noticia-valerio-ve-capaz-enderezar-seguridad-social-plan-anos-equilibrar-sistema-20190710154418.html\">Source link <\/a><\/p>\n","protected":false},"excerpt":{"rendered":"<p>[ad_1] SANTANDER, 10 Jul. (EUROPA PRESS) &#8211; La ministra de Trabajo en funciones, Magdalena Valerio, cree que Espa\u00f1a ser\u00e1 capaz de &#8220;enderezar&#8221; la Seguridad Social para lo que plantea un plan a &#8220;4 o 5 a\u00f1os&#8221; para &#8220;equilibrar&#8221; el sistema y, en alusi\u00f3n al sistema p\u00fablico de pensiones, ha afirmado que \u00e9ste &#8220;ha tenido pasado, [&hellip;]<\/p>\n","protected":false},"author":2,"featured_media":180,"comment_status":"open","ping_status":"open","sticky":false,"template":"","format":"standard","meta":{"footnotes":""},"categories":[1],"tags":[],"class_list":["post-6041","post","type-post","status-publish","format-standard","has-post-thumbnail","hentry","category-noticias-financieras"],"yoast_head":"<!-- This site is optimized with the Yoast SEO plugin v27.4 - https:\/\/yoast.com\/product\/yoast-seo-wordpress\/ -->\n<title>Valerio ve capaz de &quot;enderezar&quot; la Seguridad Social con un plan a &quot;4 o 5 a\u00f1os&quot; para &quot;equilibrar&quot; el sistema - Super News<\/title>\n<meta name=\"robots\" content=\"index, follow, max-snippet:-1, max-image-preview:large, max-video-preview:-1\" \/>\n<link rel=\"canonical\" href=\"https:\/\/super-news.info\/es\/valerio-ve-capaz-de-enderezar-la-seguridad-social-con-un-plan-a-4-o-5-anos-para-equilibrar-el-sistema\/\" \/>\n<meta property=\"og:locale\" content=\"en_US\" \/>\n<meta property=\"og:type\" content=\"article\" \/>\n<meta property=\"og:title\" content=\"Valerio ve capaz de &quot;enderezar&quot; la Seguridad Social con un plan a &quot;4 o 5 a\u00f1os&quot; para &quot;equilibrar&quot; el sistema - Super News\" \/>\n<meta property=\"og:description\" content=\"[ad_1] SANTANDER, 10 Jul. (EUROPA PRESS) &#8211; La ministra de Trabajo en funciones, Magdalena Valerio, cree que Espa\u00f1a ser\u00e1 capaz de &#8220;enderezar&#8221; la Seguridad Social para lo que plantea un plan a &#8220;4 o 5 a\u00f1os&#8221; para &#8220;equilibrar&#8221; el sistema y, en alusi\u00f3n al sistema p\u00fablico de pensiones, ha afirmado que \u00e9ste &#8220;ha tenido pasado, [&hellip;]\" \/>\n<meta property=\"og:url\" content=\"https:\/\/super-news.info\/es\/valerio-ve-capaz-de-enderezar-la-seguridad-social-con-un-plan-a-4-o-5-anos-para-equilibrar-el-sistema\/\" \/>\n<meta property=\"og:site_name\" content=\"Super News\" \/>\n<meta property=\"article:published_time\" content=\"2019-07-10T22:09:59+00:00\" \/>\n<meta property=\"article:modified_time\" content=\"2019-07-10T22:10:01+00:00\" \/>\n<meta property=\"og:image\" content=\"https:\/\/super-news.info\/es\/wp-content\/uploads\/sites\/4\/2019\/04\/La-tasa-de-empleo-de-la-OCDE-registr\u00f3-un-r\u00e9cord.jpg\" \/>\n\t<meta property=\"og:image:width\" content=\"1024\" \/>\n\t<meta property=\"og:image:height\" content=\"512\" \/>\n\t<meta property=\"og:image:type\" content=\"image\/jpeg\" \/>\n<meta name=\"author\" content=\"super-news\" \/>\n<meta name=\"twitter:card\" content=\"summary_large_image\" \/>\n<meta name=\"twitter:label1\" content=\"Written by\" \/>\n\t<meta name=\"twitter:data1\" content=\"super-news\" \/>\n\t<meta name=\"twitter:label2\" content=\"Est. reading time\" \/>\n\t<meta name=\"twitter:data2\" content=\"4 minutes\" \/>\n<script type=\"application\/ld+json\" class=\"yoast-schema-graph\">{\"@context\":\"https:\\\/\\\/schema.org\",\"@graph\":[{\"@type\":\"Article\",\"@id\":\"https:\\\/\\\/super-news.info\\\/es\\\/valerio-ve-capaz-de-enderezar-la-seguridad-social-con-un-plan-a-4-o-5-anos-para-equilibrar-el-sistema\\\/#article\",\"isPartOf\":{\"@id\":\"https:\\\/\\\/super-news.info\\\/es\\\/valerio-ve-capaz-de-enderezar-la-seguridad-social-con-un-plan-a-4-o-5-anos-para-equilibrar-el-sistema\\\/\"},\"author\":{\"name\":\"super-news\",\"@id\":\"https:\\\/\\\/super-news.info\\\/es\\\/#\\\/schema\\\/person\\\/2d4068cb2f39cd10008c2fce578a7356\"},\"headline\":\"Valerio ve capaz de &#8220;enderezar&#8221; la Seguridad Social con un plan a &#8220;4 o 5 a\u00f1os&#8221; para &#8220;equilibrar&#8221; el sistema\",\"datePublished\":\"2019-07-10T22:09:59+00:00\",\"dateModified\":\"2019-07-10T22:10:01+00:00\",\"mainEntityOfPage\":{\"@id\":\"https:\\\/\\\/super-news.info\\\/es\\\/valerio-ve-capaz-de-enderezar-la-seguridad-social-con-un-plan-a-4-o-5-anos-para-equilibrar-el-sistema\\\/\"},\"wordCount\":835,\"commentCount\":0,\"image\":{\"@id\":\"https:\\\/\\\/super-news.info\\\/es\\\/valerio-ve-capaz-de-enderezar-la-seguridad-social-con-un-plan-a-4-o-5-anos-para-equilibrar-el-sistema\\\/#primaryimage\"},\"thumbnailUrl\":\"https:\\\/\\\/super-news.info\\\/es\\\/wp-content\\\/uploads\\\/sites\\\/4\\\/2019\\\/04\\\/La-tasa-de-empleo-de-la-OCDE-registr\u00f3-un-r\u00e9cord.jpg\",\"articleSection\":[\"NOTICIAS FINANCIERAS\"],\"inLanguage\":\"en-US\",\"potentialAction\":[{\"@type\":\"CommentAction\",\"name\":\"Comment\",\"target\":[\"https:\\\/\\\/super-news.info\\\/es\\\/valerio-ve-capaz-de-enderezar-la-seguridad-social-con-un-plan-a-4-o-5-anos-para-equilibrar-el-sistema\\\/#respond\"]}]},{\"@type\":\"WebPage\",\"@id\":\"https:\\\/\\\/super-news.info\\\/es\\\/valerio-ve-capaz-de-enderezar-la-seguridad-social-con-un-plan-a-4-o-5-anos-para-equilibrar-el-sistema\\\/\",\"url\":\"https:\\\/\\\/super-news.info\\\/es\\\/valerio-ve-capaz-de-enderezar-la-seguridad-social-con-un-plan-a-4-o-5-anos-para-equilibrar-el-sistema\\\/\",\"name\":\"Valerio ve capaz de \\\"enderezar\\\" la Seguridad Social con un plan a \\\"4 o 5 a\u00f1os\\\" para \\\"equilibrar\\\" el sistema - Super News\",\"isPartOf\":{\"@id\":\"https:\\\/\\\/super-news.info\\\/es\\\/#website\"},\"primaryImageOfPage\":{\"@id\":\"https:\\\/\\\/super-news.info\\\/es\\\/valerio-ve-capaz-de-enderezar-la-seguridad-social-con-un-plan-a-4-o-5-anos-para-equilibrar-el-sistema\\\/#primaryimage\"},\"image\":{\"@id\":\"https:\\\/\\\/super-news.info\\\/es\\\/valerio-ve-capaz-de-enderezar-la-seguridad-social-con-un-plan-a-4-o-5-anos-para-equilibrar-el-sistema\\\/#primaryimage\"},\"thumbnailUrl\":\"https:\\\/\\\/super-news.info\\\/es\\\/wp-content\\\/uploads\\\/sites\\\/4\\\/2019\\\/04\\\/La-tasa-de-empleo-de-la-OCDE-registr\u00f3-un-r\u00e9cord.jpg\",\"datePublished\":\"2019-07-10T22:09:59+00:00\",\"dateModified\":\"2019-07-10T22:10:01+00:00\",\"author\":{\"@id\":\"https:\\\/\\\/super-news.info\\\/es\\\/#\\\/schema\\\/person\\\/2d4068cb2f39cd10008c2fce578a7356\"},\"breadcrumb\":{\"@id\":\"https:\\\/\\\/super-news.info\\\/es\\\/valerio-ve-capaz-de-enderezar-la-seguridad-social-con-un-plan-a-4-o-5-anos-para-equilibrar-el-sistema\\\/#breadcrumb\"},\"inLanguage\":\"en-US\",\"potentialAction\":[{\"@type\":\"ReadAction\",\"target\":[\"https:\\\/\\\/super-news.info\\\/es\\\/valerio-ve-capaz-de-enderezar-la-seguridad-social-con-un-plan-a-4-o-5-anos-para-equilibrar-el-sistema\\\/\"]}]},{\"@type\":\"ImageObject\",\"inLanguage\":\"en-US\",\"@id\":\"https:\\\/\\\/super-news.info\\\/es\\\/valerio-ve-capaz-de-enderezar-la-seguridad-social-con-un-plan-a-4-o-5-anos-para-equilibrar-el-sistema\\\/#primaryimage\",\"url\":\"https:\\\/\\\/super-news.info\\\/es\\\/wp-content\\\/uploads\\\/sites\\\/4\\\/2019\\\/04\\\/La-tasa-de-empleo-de-la-OCDE-registr\u00f3-un-r\u00e9cord.jpg\",\"contentUrl\":\"https:\\\/\\\/super-news.info\\\/es\\\/wp-content\\\/uploads\\\/sites\\\/4\\\/2019\\\/04\\\/La-tasa-de-empleo-de-la-OCDE-registr\u00f3-un-r\u00e9cord.jpg\",\"width\":1024,\"height\":512,\"caption\":\"La tasa de empleo de la OCDE registr\u00f3 un r\u00e9cord del 68,6% al cierre de 2018\"},{\"@type\":\"BreadcrumbList\",\"@id\":\"https:\\\/\\\/super-news.info\\\/es\\\/valerio-ve-capaz-de-enderezar-la-seguridad-social-con-un-plan-a-4-o-5-anos-para-equilibrar-el-sistema\\\/#breadcrumb\",\"itemListElement\":[{\"@type\":\"ListItem\",\"position\":1,\"name\":\"\u0413\u043b\u0430\u0432\u043d\u0430\u044f \u0441\u0442\u0440\u0430\u043d\u0438\u0446\u0430\",\"item\":\"https:\\\/\\\/super-news.info\\\/es\\\/\"},{\"@type\":\"ListItem\",\"position\":2,\"name\":\"Valerio ve capaz de &#8220;enderezar&#8221; la Seguridad Social con un plan a &#8220;4 o 5 a\u00f1os&#8221; para &#8220;equilibrar&#8221; el sistema\"}]},{\"@type\":\"WebSite\",\"@id\":\"https:\\\/\\\/super-news.info\\\/es\\\/#website\",\"url\":\"https:\\\/\\\/super-news.info\\\/es\\\/\",\"name\":\"Super News\",\"description\":\"Super News Espa\u00f1a\",\"potentialAction\":[{\"@type\":\"SearchAction\",\"target\":{\"@type\":\"EntryPoint\",\"urlTemplate\":\"https:\\\/\\\/super-news.info\\\/es\\\/?s={search_term_string}\"},\"query-input\":{\"@type\":\"PropertyValueSpecification\",\"valueRequired\":true,\"valueName\":\"search_term_string\"}}],\"inLanguage\":\"en-US\"},{\"@type\":\"Person\",\"@id\":\"https:\\\/\\\/super-news.info\\\/es\\\/#\\\/schema\\\/person\\\/2d4068cb2f39cd10008c2fce578a7356\",\"name\":\"super-news\",\"image\":{\"@type\":\"ImageObject\",\"inLanguage\":\"en-US\",\"@id\":\"https:\\\/\\\/secure.gravatar.com\\\/avatar\\\/64ebac40b93f26a154f8a9b5b6fdccfc46f442b26b3dd6756dbff3bf9dc76fd7?s=96&d=mm&r=g\",\"url\":\"https:\\\/\\\/secure.gravatar.com\\\/avatar\\\/64ebac40b93f26a154f8a9b5b6fdccfc46f442b26b3dd6756dbff3bf9dc76fd7?s=96&d=mm&r=g\",\"contentUrl\":\"https:\\\/\\\/secure.gravatar.com\\\/avatar\\\/64ebac40b93f26a154f8a9b5b6fdccfc46f442b26b3dd6756dbff3bf9dc76fd7?s=96&d=mm&r=g\",\"caption\":\"super-news\"},\"url\":\"https:\\\/\\\/super-news.info\\\/es\\\/author\\\/pt\\\/\"}]}<\/script>\n<!-- \/ Yoast SEO plugin. -->","yoast_head_json":{"title":"Valerio ve capaz de \"enderezar\" la Seguridad Social con un plan a \"4 o 5 a\u00f1os\" para \"equilibrar\" el sistema - Super News","robots":{"index":"index","follow":"follow","max-snippet":"max-snippet:-1","max-image-preview":"max-image-preview:large","max-video-preview":"max-video-preview:-1"},"canonical":"https:\/\/super-news.info\/es\/valerio-ve-capaz-de-enderezar-la-seguridad-social-con-un-plan-a-4-o-5-anos-para-equilibrar-el-sistema\/","og_locale":"en_US","og_type":"article","og_title":"Valerio ve capaz de \"enderezar\" la Seguridad Social con un plan a \"4 o 5 a\u00f1os\" para \"equilibrar\" el sistema - Super News","og_description":"[ad_1] SANTANDER, 10 Jul. (EUROPA PRESS) &#8211; La ministra de Trabajo en funciones, Magdalena Valerio, cree que Espa\u00f1a ser\u00e1 capaz de &#8220;enderezar&#8221; la Seguridad Social para lo que plantea un plan a &#8220;4 o 5 a\u00f1os&#8221; para &#8220;equilibrar&#8221; el sistema y, en alusi\u00f3n al sistema p\u00fablico de pensiones, ha afirmado que \u00e9ste &#8220;ha tenido pasado, [&hellip;]","og_url":"https:\/\/super-news.info\/es\/valerio-ve-capaz-de-enderezar-la-seguridad-social-con-un-plan-a-4-o-5-anos-para-equilibrar-el-sistema\/","og_site_name":"Super News","article_published_time":"2019-07-10T22:09:59+00:00","article_modified_time":"2019-07-10T22:10:01+00:00","og_image":[{"width":1024,"height":512,"url":"https:\/\/super-news.info\/es\/wp-content\/uploads\/sites\/4\/2019\/04\/La-tasa-de-empleo-de-la-OCDE-registr\u00f3-un-r\u00e9cord.jpg","type":"image\/jpeg"}],"author":"super-news","twitter_card":"summary_large_image","twitter_misc":{"Written by":"super-news","Est. reading time":"4 minutes"},"schema":{"@context":"https:\/\/schema.org","@graph":[{"@type":"Article","@id":"https:\/\/super-news.info\/es\/valerio-ve-capaz-de-enderezar-la-seguridad-social-con-un-plan-a-4-o-5-anos-para-equilibrar-el-sistema\/#article","isPartOf":{"@id":"https:\/\/super-news.info\/es\/valerio-ve-capaz-de-enderezar-la-seguridad-social-con-un-plan-a-4-o-5-anos-para-equilibrar-el-sistema\/"},"author":{"name":"super-news","@id":"https:\/\/super-news.info\/es\/#\/schema\/person\/2d4068cb2f39cd10008c2fce578a7356"},"headline":"Valerio ve capaz de &#8220;enderezar&#8221; la Seguridad Social con un plan a &#8220;4 o 5 a\u00f1os&#8221; para &#8220;equilibrar&#8221; el sistema","datePublished":"2019-07-10T22:09:59+00:00","dateModified":"2019-07-10T22:10:01+00:00","mainEntityOfPage":{"@id":"https:\/\/super-news.info\/es\/valerio-ve-capaz-de-enderezar-la-seguridad-social-con-un-plan-a-4-o-5-anos-para-equilibrar-el-sistema\/"},"wordCount":835,"commentCount":0,"image":{"@id":"https:\/\/super-news.info\/es\/valerio-ve-capaz-de-enderezar-la-seguridad-social-con-un-plan-a-4-o-5-anos-para-equilibrar-el-sistema\/#primaryimage"},"thumbnailUrl":"https:\/\/super-news.info\/es\/wp-content\/uploads\/sites\/4\/2019\/04\/La-tasa-de-empleo-de-la-OCDE-registr\u00f3-un-r\u00e9cord.jpg","articleSection":["NOTICIAS FINANCIERAS"],"inLanguage":"en-US","potentialAction":[{"@type":"CommentAction","name":"Comment","target":["https:\/\/super-news.info\/es\/valerio-ve-capaz-de-enderezar-la-seguridad-social-con-un-plan-a-4-o-5-anos-para-equilibrar-el-sistema\/#respond"]}]},{"@type":"WebPage","@id":"https:\/\/super-news.info\/es\/valerio-ve-capaz-de-enderezar-la-seguridad-social-con-un-plan-a-4-o-5-anos-para-equilibrar-el-sistema\/","url":"https:\/\/super-news.info\/es\/valerio-ve-capaz-de-enderezar-la-seguridad-social-con-un-plan-a-4-o-5-anos-para-equilibrar-el-sistema\/","name":"Valerio ve capaz de \"enderezar\" la Seguridad Social con un plan a \"4 o 5 a\u00f1os\" para \"equilibrar\" el sistema - Super News","isPartOf":{"@id":"https:\/\/super-news.info\/es\/#website"},"primaryImageOfPage":{"@id":"https:\/\/super-news.info\/es\/valerio-ve-capaz-de-enderezar-la-seguridad-social-con-un-plan-a-4-o-5-anos-para-equilibrar-el-sistema\/#primaryimage"},"image":{"@id":"https:\/\/super-news.info\/es\/valerio-ve-capaz-de-enderezar-la-seguridad-social-con-un-plan-a-4-o-5-anos-para-equilibrar-el-sistema\/#primaryimage"},"thumbnailUrl":"https:\/\/super-news.info\/es\/wp-content\/uploads\/sites\/4\/2019\/04\/La-tasa-de-empleo-de-la-OCDE-registr\u00f3-un-r\u00e9cord.jpg","datePublished":"2019-07-10T22:09:59+00:00","dateModified":"2019-07-10T22:10:01+00:00","author":{"@id":"https:\/\/super-news.info\/es\/#\/schema\/person\/2d4068cb2f39cd10008c2fce578a7356"},"breadcrumb":{"@id":"https:\/\/super-news.info\/es\/valerio-ve-capaz-de-enderezar-la-seguridad-social-con-un-plan-a-4-o-5-anos-para-equilibrar-el-sistema\/#breadcrumb"},"inLanguage":"en-US","potentialAction":[{"@type":"ReadAction","target":["https:\/\/super-news.info\/es\/valerio-ve-capaz-de-enderezar-la-seguridad-social-con-un-plan-a-4-o-5-anos-para-equilibrar-el-sistema\/"]}]},{"@type":"ImageObject","inLanguage":"en-US","@id":"https:\/\/super-news.info\/es\/valerio-ve-capaz-de-enderezar-la-seguridad-social-con-un-plan-a-4-o-5-anos-para-equilibrar-el-sistema\/#primaryimage","url":"https:\/\/super-news.info\/es\/wp-content\/uploads\/sites\/4\/2019\/04\/La-tasa-de-empleo-de-la-OCDE-registr\u00f3-un-r\u00e9cord.jpg","contentUrl":"https:\/\/super-news.info\/es\/wp-content\/uploads\/sites\/4\/2019\/04\/La-tasa-de-empleo-de-la-OCDE-registr\u00f3-un-r\u00e9cord.jpg","width":1024,"height":512,"caption":"La tasa de empleo de la OCDE registr\u00f3 un r\u00e9cord del 68,6% al cierre de 2018"},{"@type":"BreadcrumbList","@id":"https:\/\/super-news.info\/es\/valerio-ve-capaz-de-enderezar-la-seguridad-social-con-un-plan-a-4-o-5-anos-para-equilibrar-el-sistema\/#breadcrumb","itemListElement":[{"@type":"ListItem","position":1,"name":"\u0413\u043b\u0430\u0432\u043d\u0430\u044f \u0441\u0442\u0440\u0430\u043d\u0438\u0446\u0430","item":"https:\/\/super-news.info\/es\/"},{"@type":"ListItem","position":2,"name":"Valerio ve capaz de &#8220;enderezar&#8221; la Seguridad Social con un plan a &#8220;4 o 5 a\u00f1os&#8221; para &#8220;equilibrar&#8221; el sistema"}]},{"@type":"WebSite","@id":"https:\/\/super-news.info\/es\/#website","url":"https:\/\/super-news.info\/es\/","name":"Super News","description":"Super News Espa\u00f1a","potentialAction":[{"@type":"SearchAction","target":{"@type":"EntryPoint","urlTemplate":"https:\/\/super-news.info\/es\/?s={search_term_string}"},"query-input":{"@type":"PropertyValueSpecification","valueRequired":true,"valueName":"search_term_string"}}],"inLanguage":"en-US"},{"@type":"Person","@id":"https:\/\/super-news.info\/es\/#\/schema\/person\/2d4068cb2f39cd10008c2fce578a7356","name":"super-news","image":{"@type":"ImageObject","inLanguage":"en-US","@id":"https:\/\/secure.gravatar.com\/avatar\/64ebac40b93f26a154f8a9b5b6fdccfc46f442b26b3dd6756dbff3bf9dc76fd7?s=96&d=mm&r=g","url":"https:\/\/secure.gravatar.com\/avatar\/64ebac40b93f26a154f8a9b5b6fdccfc46f442b26b3dd6756dbff3bf9dc76fd7?s=96&d=mm&r=g","contentUrl":"https:\/\/secure.gravatar.com\/avatar\/64ebac40b93f26a154f8a9b5b6fdccfc46f442b26b3dd6756dbff3bf9dc76fd7?s=96&d=mm&r=g","caption":"super-news"},"url":"https:\/\/super-news.info\/es\/author\/pt\/"}]}},"_links":{"self":[{"href":"https:\/\/super-news.info\/es\/wp-json\/wp\/v2\/posts\/6041","targetHints":{"allow":["GET"]}}],"collection":[{"href":"https:\/\/super-news.info\/es\/wp-json\/wp\/v2\/posts"}],"about":[{"href":"https:\/\/super-news.info\/es\/wp-json\/wp\/v2\/types\/post"}],"author":[{"embeddable":true,"href":"https:\/\/super-news.info\/es\/wp-json\/wp\/v2\/users\/2"}],"replies":[{"embeddable":true,"href":"https:\/\/super-news.info\/es\/wp-json\/wp\/v2\/comments?post=6041"}],"version-history":[{"count":1,"href":"https:\/\/super-news.info\/es\/wp-json\/wp\/v2\/posts\/6041\/revisions"}],"predecessor-version":[{"id":6042,"href":"https:\/\/super-news.info\/es\/wp-json\/wp\/v2\/posts\/6041\/revisions\/6042"}],"wp:featuredmedia":[{"embeddable":true,"href":"https:\/\/super-news.info\/es\/wp-json\/wp\/v2\/media\/180"}],"wp:attachment":[{"href":"https:\/\/super-news.info\/es\/wp-json\/wp\/v2\/media?parent=6041"}],"wp:term":[{"taxonomy":"category","embeddable":true,"href":"https:\/\/super-news.info\/es\/wp-json\/wp\/v2\/categories?post=6041"},{"taxonomy":"post_tag","embeddable":true,"href":"https:\/\/super-news.info\/es\/wp-json\/wp\/v2\/tags?post=6041"}],"curies":[{"name":"wp","href":"https:\/\/api.w.org\/{rel}","templated":true}]}}