{"id":6029,"date":"2019-07-10T22:50:35","date_gmt":"2019-07-10T19:50:35","guid":{"rendered":"https:\/\/super-news.info\/es\/elite-taxi-recurrira-la-suspension-cautelar-del-tsjc-de-la-hora-de-precontratacion-de-vtc\/"},"modified":"2019-07-10T22:50:36","modified_gmt":"2019-07-10T19:50:36","slug":"elite-taxi-recurrira-la-suspension-cautelar-del-tsjc-de-la-hora-de-precontratacion-de-vtc","status":"publish","type":"post","link":"https:\/\/super-news.info\/es\/elite-taxi-recurrira-la-suspension-cautelar-del-tsjc-de-la-hora-de-precontratacion-de-vtc\/","title":{"rendered":"\u00c9lite Taxi recurrir\u00e1 la suspensi\u00f3n cautelar del TSJC de la hora de precontrataci\u00f3n de VTC"},"content":{"rendered":"<p> [ad_1]<\/p>\n<div id=\"CuerpoNoticiav2\" itemprop=\"articleBody\">\n<p>BARCELONA, 10 Jul. (EUROPA PRESS) &#8211; <\/p>\n<p itemprop=\"description\">   \u00c9lite Taxi trabaja para recurrir la resoluci\u00f3n del Tribunal Superior de Justicia de Catalunya (TSJC) que suspende cautelarmente la obligaci\u00f3n de precontratar con una hora de antelaci\u00f3n los veh\u00edculos de alquiler con conductor (VTC), como establece la normativa del \u00c1rea Metropolitana de Barcelona (AMB).<\/p>\n<p>   Preguntado en declaraciones a los medios, su portavoz, Tito \u00c1lvarez, ha dicho que abordar\u00e1n con el sector del taxi si convocar movilizaciones, aunque \u00e9l no lo defiende: &#8220;Creo que no tenemos que ir a movilizaciones y debemos recurrir esos 45 minutos de m\u00e1s que nos han tumbado&#8221;, ya que se mantienen los 15 minutos de precontrataci\u00f3n que marca la Generalitat.<\/p>\n<p>   \u00c1lvarez ha resaltado que la resoluci\u00f3n es en el fondo positiva, porque reconoce que el AMB puede regular las VTC y mantiene la mayor\u00eda de la regulaci\u00f3n, que entrar\u00e1 en vigor el 15 de julio, aunque ha admitido: &#8220;De todo lo que ped\u00edamos hemos ganado un 80%, y hemos perdido ese 20% que era lo m\u00e1s importante&#8221;.<\/p>\n<p>   &#8220;Pero no podemos decir que es una derrota. Hace un a\u00f1o no ten\u00edamos nada, y hoy tenemos las VTC reguladas&#8221;, por lo que cree que esta es una victoria parcial del sector del taxi, y ha recordado que la suspensi\u00f3n es cautelar y no definitiva.<\/p>\n<p>   Preguntado por la huelga de montadores que podr\u00eda afectar al S\u00f3nar, ha dicho que este festival es el mejor evento para los taxistas junto a Fin de A\u00f1o, pero ha resaltado que, si los trabajadores mantienen esta huelga, el sector les respetar\u00e1 y apoyar\u00e1 porque los trabajadores deben apoyarse mutuamente, ha dicho.<\/p>\n<\/div>\n<p>[ad_2]<br \/>\n<br \/><a href=\"https:\/\/www.europapress.es\/catalunya\/noticia-elite-taxi-recurrira-suspension-cautelar-tsjc-hora-precontratacion-vtc-20190710211620.html\">Source link <\/a><\/p>\n","protected":false},"excerpt":{"rendered":"<p>[ad_1] BARCELONA, 10 Jul. (EUROPA PRESS) &#8211; \u00c9lite Taxi trabaja para recurrir la resoluci\u00f3n del Tribunal Superior de Justicia de Catalunya (TSJC) que suspende cautelarmente la obligaci\u00f3n de precontratar con una hora de antelaci\u00f3n los veh\u00edculos de alquiler con conductor (VTC), como establece la normativa del \u00c1rea Metropolitana de Barcelona (AMB). Preguntado en declaraciones a [&hellip;]<\/p>\n","protected":false},"author":2,"featured_media":6030,"comment_status":"open","ping_status":"open","sticky":false,"template":"","format":"standard","meta":{"footnotes":""},"categories":[1],"tags":[],"class_list":["post-6029","post","type-post","status-publish","format-standard","has-post-thumbnail","hentry","category-noticias-financieras"],"yoast_head":"<!-- This site is optimized with the Yoast SEO plugin v27.4 - https:\/\/yoast.com\/product\/yoast-seo-wordpress\/ -->\n<title>\u00c9lite Taxi recurrir\u00e1 la suspensi\u00f3n cautelar del TSJC de la hora de precontrataci\u00f3n de VTC - Super News<\/title>\n<meta name=\"robots\" content=\"index, follow, max-snippet:-1, max-image-preview:large, max-video-preview:-1\" \/>\n<link rel=\"canonical\" href=\"https:\/\/super-news.info\/es\/elite-taxi-recurrira-la-suspension-cautelar-del-tsjc-de-la-hora-de-precontratacion-de-vtc\/\" \/>\n<meta property=\"og:locale\" content=\"en_US\" \/>\n<meta property=\"og:type\" content=\"article\" \/>\n<meta property=\"og:title\" content=\"\u00c9lite Taxi recurrir\u00e1 la suspensi\u00f3n cautelar del TSJC de la hora de precontrataci\u00f3n de VTC - Super News\" \/>\n<meta property=\"og:description\" content=\"[ad_1] BARCELONA, 10 Jul. (EUROPA PRESS) &#8211; \u00c9lite Taxi trabaja para recurrir la resoluci\u00f3n del Tribunal Superior de Justicia de Catalunya (TSJC) que suspende cautelarmente la obligaci\u00f3n de precontratar con una hora de antelaci\u00f3n los veh\u00edculos de alquiler con conductor (VTC), como establece la normativa del \u00c1rea Metropolitana de Barcelona (AMB). Preguntado en declaraciones a [&hellip;]\" \/>\n<meta property=\"og:url\" content=\"https:\/\/super-news.info\/es\/elite-taxi-recurrira-la-suspension-cautelar-del-tsjc-de-la-hora-de-precontratacion-de-vtc\/\" \/>\n<meta property=\"og:site_name\" content=\"Super News\" \/>\n<meta property=\"article:published_time\" content=\"2019-07-10T19:50:35+00:00\" \/>\n<meta property=\"article:modified_time\" content=\"2019-07-10T19:50:36+00:00\" \/>\n<meta property=\"og:image\" content=\"https:\/\/super-news.info\/es\/wp-content\/uploads\/sites\/4\/2019\/07\/\u00c9lite-Taxi-recurrir\u00e1-la-suspensi\u00f3n-cautelar-del-TSJC-de-la.jpg\" \/>\n\t<meta property=\"og:image:width\" content=\"120\" \/>\n\t<meta property=\"og:image:height\" content=\"90\" \/>\n\t<meta property=\"og:image:type\" content=\"image\/jpeg\" \/>\n<meta name=\"author\" content=\"super-news\" \/>\n<meta name=\"twitter:card\" content=\"summary_large_image\" \/>\n<meta name=\"twitter:label1\" content=\"Written by\" \/>\n\t<meta name=\"twitter:data1\" content=\"super-news\" \/>\n\t<meta name=\"twitter:label2\" content=\"Est. reading time\" \/>\n\t<meta name=\"twitter:data2\" content=\"1 minute\" \/>\n<script type=\"application\/ld+json\" class=\"yoast-schema-graph\">{\"@context\":\"https:\\\/\\\/schema.org\",\"@graph\":[{\"@type\":\"Article\",\"@id\":\"https:\\\/\\\/super-news.info\\\/es\\\/elite-taxi-recurrira-la-suspension-cautelar-del-tsjc-de-la-hora-de-precontratacion-de-vtc\\\/#article\",\"isPartOf\":{\"@id\":\"https:\\\/\\\/super-news.info\\\/es\\\/elite-taxi-recurrira-la-suspension-cautelar-del-tsjc-de-la-hora-de-precontratacion-de-vtc\\\/\"},\"author\":{\"name\":\"super-news\",\"@id\":\"https:\\\/\\\/super-news.info\\\/es\\\/#\\\/schema\\\/person\\\/2d4068cb2f39cd10008c2fce578a7356\"},\"headline\":\"\u00c9lite Taxi recurrir\u00e1 la suspensi\u00f3n cautelar del TSJC de la hora de precontrataci\u00f3n de VTC\",\"datePublished\":\"2019-07-10T19:50:35+00:00\",\"dateModified\":\"2019-07-10T19:50:36+00:00\",\"mainEntityOfPage\":{\"@id\":\"https:\\\/\\\/super-news.info\\\/es\\\/elite-taxi-recurrira-la-suspension-cautelar-del-tsjc-de-la-hora-de-precontratacion-de-vtc\\\/\"},\"wordCount\":297,\"commentCount\":0,\"image\":{\"@id\":\"https:\\\/\\\/super-news.info\\\/es\\\/elite-taxi-recurrira-la-suspension-cautelar-del-tsjc-de-la-hora-de-precontratacion-de-vtc\\\/#primaryimage\"},\"thumbnailUrl\":\"https:\\\/\\\/super-news.info\\\/es\\\/wp-content\\\/uploads\\\/sites\\\/4\\\/2019\\\/07\\\/\u00c9lite-Taxi-recurrir\u00e1-la-suspensi\u00f3n-cautelar-del-TSJC-de-la.jpg\",\"articleSection\":[\"NOTICIAS FINANCIERAS\"],\"inLanguage\":\"en-US\",\"potentialAction\":[{\"@type\":\"CommentAction\",\"name\":\"Comment\",\"target\":[\"https:\\\/\\\/super-news.info\\\/es\\\/elite-taxi-recurrira-la-suspension-cautelar-del-tsjc-de-la-hora-de-precontratacion-de-vtc\\\/#respond\"]}]},{\"@type\":\"WebPage\",\"@id\":\"https:\\\/\\\/super-news.info\\\/es\\\/elite-taxi-recurrira-la-suspension-cautelar-del-tsjc-de-la-hora-de-precontratacion-de-vtc\\\/\",\"url\":\"https:\\\/\\\/super-news.info\\\/es\\\/elite-taxi-recurrira-la-suspension-cautelar-del-tsjc-de-la-hora-de-precontratacion-de-vtc\\\/\",\"name\":\"\u00c9lite Taxi recurrir\u00e1 la suspensi\u00f3n cautelar del TSJC de la hora de precontrataci\u00f3n de VTC - Super News\",\"isPartOf\":{\"@id\":\"https:\\\/\\\/super-news.info\\\/es\\\/#website\"},\"primaryImageOfPage\":{\"@id\":\"https:\\\/\\\/super-news.info\\\/es\\\/elite-taxi-recurrira-la-suspension-cautelar-del-tsjc-de-la-hora-de-precontratacion-de-vtc\\\/#primaryimage\"},\"image\":{\"@id\":\"https:\\\/\\\/super-news.info\\\/es\\\/elite-taxi-recurrira-la-suspension-cautelar-del-tsjc-de-la-hora-de-precontratacion-de-vtc\\\/#primaryimage\"},\"thumbnailUrl\":\"https:\\\/\\\/super-news.info\\\/es\\\/wp-content\\\/uploads\\\/sites\\\/4\\\/2019\\\/07\\\/\u00c9lite-Taxi-recurrir\u00e1-la-suspensi\u00f3n-cautelar-del-TSJC-de-la.jpg\",\"datePublished\":\"2019-07-10T19:50:35+00:00\",\"dateModified\":\"2019-07-10T19:50:36+00:00\",\"author\":{\"@id\":\"https:\\\/\\\/super-news.info\\\/es\\\/#\\\/schema\\\/person\\\/2d4068cb2f39cd10008c2fce578a7356\"},\"breadcrumb\":{\"@id\":\"https:\\\/\\\/super-news.info\\\/es\\\/elite-taxi-recurrira-la-suspension-cautelar-del-tsjc-de-la-hora-de-precontratacion-de-vtc\\\/#breadcrumb\"},\"inLanguage\":\"en-US\",\"potentialAction\":[{\"@type\":\"ReadAction\",\"target\":[\"https:\\\/\\\/super-news.info\\\/es\\\/elite-taxi-recurrira-la-suspension-cautelar-del-tsjc-de-la-hora-de-precontratacion-de-vtc\\\/\"]}]},{\"@type\":\"ImageObject\",\"inLanguage\":\"en-US\",\"@id\":\"https:\\\/\\\/super-news.info\\\/es\\\/elite-taxi-recurrira-la-suspension-cautelar-del-tsjc-de-la-hora-de-precontratacion-de-vtc\\\/#primaryimage\",\"url\":\"https:\\\/\\\/super-news.info\\\/es\\\/wp-content\\\/uploads\\\/sites\\\/4\\\/2019\\\/07\\\/\u00c9lite-Taxi-recurrir\u00e1-la-suspensi\u00f3n-cautelar-del-TSJC-de-la.jpg\",\"contentUrl\":\"https:\\\/\\\/super-news.info\\\/es\\\/wp-content\\\/uploads\\\/sites\\\/4\\\/2019\\\/07\\\/\u00c9lite-Taxi-recurrir\u00e1-la-suspensi\u00f3n-cautelar-del-TSJC-de-la.jpg\",\"width\":120,\"height\":90,\"caption\":\"\u00c9lite Taxi recurrir\u00e1 la suspensi\u00f3n cautelar del TSJC de la hora de precontrataci\u00f3n de VTC\"},{\"@type\":\"BreadcrumbList\",\"@id\":\"https:\\\/\\\/super-news.info\\\/es\\\/elite-taxi-recurrira-la-suspension-cautelar-del-tsjc-de-la-hora-de-precontratacion-de-vtc\\\/#breadcrumb\",\"itemListElement\":[{\"@type\":\"ListItem\",\"position\":1,\"name\":\"\u0413\u043b\u0430\u0432\u043d\u0430\u044f \u0441\u0442\u0440\u0430\u043d\u0438\u0446\u0430\",\"item\":\"https:\\\/\\\/super-news.info\\\/es\\\/\"},{\"@type\":\"ListItem\",\"position\":2,\"name\":\"\u00c9lite Taxi recurrir\u00e1 la suspensi\u00f3n cautelar del TSJC de la hora de precontrataci\u00f3n de VTC\"}]},{\"@type\":\"WebSite\",\"@id\":\"https:\\\/\\\/super-news.info\\\/es\\\/#website\",\"url\":\"https:\\\/\\\/super-news.info\\\/es\\\/\",\"name\":\"Super News\",\"description\":\"Super News Espa\u00f1a\",\"potentialAction\":[{\"@type\":\"SearchAction\",\"target\":{\"@type\":\"EntryPoint\",\"urlTemplate\":\"https:\\\/\\\/super-news.info\\\/es\\\/?s={search_term_string}\"},\"query-input\":{\"@type\":\"PropertyValueSpecification\",\"valueRequired\":true,\"valueName\":\"search_term_string\"}}],\"inLanguage\":\"en-US\"},{\"@type\":\"Person\",\"@id\":\"https:\\\/\\\/super-news.info\\\/es\\\/#\\\/schema\\\/person\\\/2d4068cb2f39cd10008c2fce578a7356\",\"name\":\"super-news\",\"image\":{\"@type\":\"ImageObject\",\"inLanguage\":\"en-US\",\"@id\":\"https:\\\/\\\/secure.gravatar.com\\\/avatar\\\/64ebac40b93f26a154f8a9b5b6fdccfc46f442b26b3dd6756dbff3bf9dc76fd7?s=96&d=mm&r=g\",\"url\":\"https:\\\/\\\/secure.gravatar.com\\\/avatar\\\/64ebac40b93f26a154f8a9b5b6fdccfc46f442b26b3dd6756dbff3bf9dc76fd7?s=96&d=mm&r=g\",\"contentUrl\":\"https:\\\/\\\/secure.gravatar.com\\\/avatar\\\/64ebac40b93f26a154f8a9b5b6fdccfc46f442b26b3dd6756dbff3bf9dc76fd7?s=96&d=mm&r=g\",\"caption\":\"super-news\"},\"url\":\"https:\\\/\\\/super-news.info\\\/es\\\/author\\\/pt\\\/\"}]}<\/script>\n<!-- \/ Yoast SEO plugin. -->","yoast_head_json":{"title":"\u00c9lite Taxi recurrir\u00e1 la suspensi\u00f3n cautelar del TSJC de la hora de precontrataci\u00f3n de VTC - Super News","robots":{"index":"index","follow":"follow","max-snippet":"max-snippet:-1","max-image-preview":"max-image-preview:large","max-video-preview":"max-video-preview:-1"},"canonical":"https:\/\/super-news.info\/es\/elite-taxi-recurrira-la-suspension-cautelar-del-tsjc-de-la-hora-de-precontratacion-de-vtc\/","og_locale":"en_US","og_type":"article","og_title":"\u00c9lite Taxi recurrir\u00e1 la suspensi\u00f3n cautelar del TSJC de la hora de precontrataci\u00f3n de VTC - Super News","og_description":"[ad_1] BARCELONA, 10 Jul. (EUROPA PRESS) &#8211; \u00c9lite Taxi trabaja para recurrir la resoluci\u00f3n del Tribunal Superior de Justicia de Catalunya (TSJC) que suspende cautelarmente la obligaci\u00f3n de precontratar con una hora de antelaci\u00f3n los veh\u00edculos de alquiler con conductor (VTC), como establece la normativa del \u00c1rea Metropolitana de Barcelona (AMB). Preguntado en declaraciones a [&hellip;]","og_url":"https:\/\/super-news.info\/es\/elite-taxi-recurrira-la-suspension-cautelar-del-tsjc-de-la-hora-de-precontratacion-de-vtc\/","og_site_name":"Super News","article_published_time":"2019-07-10T19:50:35+00:00","article_modified_time":"2019-07-10T19:50:36+00:00","og_image":[{"width":120,"height":90,"url":"https:\/\/super-news.info\/es\/wp-content\/uploads\/sites\/4\/2019\/07\/\u00c9lite-Taxi-recurrir\u00e1-la-suspensi\u00f3n-cautelar-del-TSJC-de-la.jpg","type":"image\/jpeg"}],"author":"super-news","twitter_card":"summary_large_image","twitter_misc":{"Written by":"super-news","Est. reading time":"1 minute"},"schema":{"@context":"https:\/\/schema.org","@graph":[{"@type":"Article","@id":"https:\/\/super-news.info\/es\/elite-taxi-recurrira-la-suspension-cautelar-del-tsjc-de-la-hora-de-precontratacion-de-vtc\/#article","isPartOf":{"@id":"https:\/\/super-news.info\/es\/elite-taxi-recurrira-la-suspension-cautelar-del-tsjc-de-la-hora-de-precontratacion-de-vtc\/"},"author":{"name":"super-news","@id":"https:\/\/super-news.info\/es\/#\/schema\/person\/2d4068cb2f39cd10008c2fce578a7356"},"headline":"\u00c9lite Taxi recurrir\u00e1 la suspensi\u00f3n cautelar del TSJC de la hora de precontrataci\u00f3n de VTC","datePublished":"2019-07-10T19:50:35+00:00","dateModified":"2019-07-10T19:50:36+00:00","mainEntityOfPage":{"@id":"https:\/\/super-news.info\/es\/elite-taxi-recurrira-la-suspension-cautelar-del-tsjc-de-la-hora-de-precontratacion-de-vtc\/"},"wordCount":297,"commentCount":0,"image":{"@id":"https:\/\/super-news.info\/es\/elite-taxi-recurrira-la-suspension-cautelar-del-tsjc-de-la-hora-de-precontratacion-de-vtc\/#primaryimage"},"thumbnailUrl":"https:\/\/super-news.info\/es\/wp-content\/uploads\/sites\/4\/2019\/07\/\u00c9lite-Taxi-recurrir\u00e1-la-suspensi\u00f3n-cautelar-del-TSJC-de-la.jpg","articleSection":["NOTICIAS FINANCIERAS"],"inLanguage":"en-US","potentialAction":[{"@type":"CommentAction","name":"Comment","target":["https:\/\/super-news.info\/es\/elite-taxi-recurrira-la-suspension-cautelar-del-tsjc-de-la-hora-de-precontratacion-de-vtc\/#respond"]}]},{"@type":"WebPage","@id":"https:\/\/super-news.info\/es\/elite-taxi-recurrira-la-suspension-cautelar-del-tsjc-de-la-hora-de-precontratacion-de-vtc\/","url":"https:\/\/super-news.info\/es\/elite-taxi-recurrira-la-suspension-cautelar-del-tsjc-de-la-hora-de-precontratacion-de-vtc\/","name":"\u00c9lite Taxi recurrir\u00e1 la suspensi\u00f3n cautelar del TSJC de la hora de precontrataci\u00f3n de VTC - Super News","isPartOf":{"@id":"https:\/\/super-news.info\/es\/#website"},"primaryImageOfPage":{"@id":"https:\/\/super-news.info\/es\/elite-taxi-recurrira-la-suspension-cautelar-del-tsjc-de-la-hora-de-precontratacion-de-vtc\/#primaryimage"},"image":{"@id":"https:\/\/super-news.info\/es\/elite-taxi-recurrira-la-suspension-cautelar-del-tsjc-de-la-hora-de-precontratacion-de-vtc\/#primaryimage"},"thumbnailUrl":"https:\/\/super-news.info\/es\/wp-content\/uploads\/sites\/4\/2019\/07\/\u00c9lite-Taxi-recurrir\u00e1-la-suspensi\u00f3n-cautelar-del-TSJC-de-la.jpg","datePublished":"2019-07-10T19:50:35+00:00","dateModified":"2019-07-10T19:50:36+00:00","author":{"@id":"https:\/\/super-news.info\/es\/#\/schema\/person\/2d4068cb2f39cd10008c2fce578a7356"},"breadcrumb":{"@id":"https:\/\/super-news.info\/es\/elite-taxi-recurrira-la-suspension-cautelar-del-tsjc-de-la-hora-de-precontratacion-de-vtc\/#breadcrumb"},"inLanguage":"en-US","potentialAction":[{"@type":"ReadAction","target":["https:\/\/super-news.info\/es\/elite-taxi-recurrira-la-suspension-cautelar-del-tsjc-de-la-hora-de-precontratacion-de-vtc\/"]}]},{"@type":"ImageObject","inLanguage":"en-US","@id":"https:\/\/super-news.info\/es\/elite-taxi-recurrira-la-suspension-cautelar-del-tsjc-de-la-hora-de-precontratacion-de-vtc\/#primaryimage","url":"https:\/\/super-news.info\/es\/wp-content\/uploads\/sites\/4\/2019\/07\/\u00c9lite-Taxi-recurrir\u00e1-la-suspensi\u00f3n-cautelar-del-TSJC-de-la.jpg","contentUrl":"https:\/\/super-news.info\/es\/wp-content\/uploads\/sites\/4\/2019\/07\/\u00c9lite-Taxi-recurrir\u00e1-la-suspensi\u00f3n-cautelar-del-TSJC-de-la.jpg","width":120,"height":90,"caption":"\u00c9lite Taxi recurrir\u00e1 la suspensi\u00f3n cautelar del TSJC de la hora de precontrataci\u00f3n de VTC"},{"@type":"BreadcrumbList","@id":"https:\/\/super-news.info\/es\/elite-taxi-recurrira-la-suspension-cautelar-del-tsjc-de-la-hora-de-precontratacion-de-vtc\/#breadcrumb","itemListElement":[{"@type":"ListItem","position":1,"name":"\u0413\u043b\u0430\u0432\u043d\u0430\u044f \u0441\u0442\u0440\u0430\u043d\u0438\u0446\u0430","item":"https:\/\/super-news.info\/es\/"},{"@type":"ListItem","position":2,"name":"\u00c9lite Taxi recurrir\u00e1 la suspensi\u00f3n cautelar del TSJC de la hora de precontrataci\u00f3n de VTC"}]},{"@type":"WebSite","@id":"https:\/\/super-news.info\/es\/#website","url":"https:\/\/super-news.info\/es\/","name":"Super News","description":"Super News Espa\u00f1a","potentialAction":[{"@type":"SearchAction","target":{"@type":"EntryPoint","urlTemplate":"https:\/\/super-news.info\/es\/?s={search_term_string}"},"query-input":{"@type":"PropertyValueSpecification","valueRequired":true,"valueName":"search_term_string"}}],"inLanguage":"en-US"},{"@type":"Person","@id":"https:\/\/super-news.info\/es\/#\/schema\/person\/2d4068cb2f39cd10008c2fce578a7356","name":"super-news","image":{"@type":"ImageObject","inLanguage":"en-US","@id":"https:\/\/secure.gravatar.com\/avatar\/64ebac40b93f26a154f8a9b5b6fdccfc46f442b26b3dd6756dbff3bf9dc76fd7?s=96&d=mm&r=g","url":"https:\/\/secure.gravatar.com\/avatar\/64ebac40b93f26a154f8a9b5b6fdccfc46f442b26b3dd6756dbff3bf9dc76fd7?s=96&d=mm&r=g","contentUrl":"https:\/\/secure.gravatar.com\/avatar\/64ebac40b93f26a154f8a9b5b6fdccfc46f442b26b3dd6756dbff3bf9dc76fd7?s=96&d=mm&r=g","caption":"super-news"},"url":"https:\/\/super-news.info\/es\/author\/pt\/"}]}},"_links":{"self":[{"href":"https:\/\/super-news.info\/es\/wp-json\/wp\/v2\/posts\/6029","targetHints":{"allow":["GET"]}}],"collection":[{"href":"https:\/\/super-news.info\/es\/wp-json\/wp\/v2\/posts"}],"about":[{"href":"https:\/\/super-news.info\/es\/wp-json\/wp\/v2\/types\/post"}],"author":[{"embeddable":true,"href":"https:\/\/super-news.info\/es\/wp-json\/wp\/v2\/users\/2"}],"replies":[{"embeddable":true,"href":"https:\/\/super-news.info\/es\/wp-json\/wp\/v2\/comments?post=6029"}],"version-history":[{"count":1,"href":"https:\/\/super-news.info\/es\/wp-json\/wp\/v2\/posts\/6029\/revisions"}],"predecessor-version":[{"id":6031,"href":"https:\/\/super-news.info\/es\/wp-json\/wp\/v2\/posts\/6029\/revisions\/6031"}],"wp:featuredmedia":[{"embeddable":true,"href":"https:\/\/super-news.info\/es\/wp-json\/wp\/v2\/media\/6030"}],"wp:attachment":[{"href":"https:\/\/super-news.info\/es\/wp-json\/wp\/v2\/media?parent=6029"}],"wp:term":[{"taxonomy":"category","embeddable":true,"href":"https:\/\/super-news.info\/es\/wp-json\/wp\/v2\/categories?post=6029"},{"taxonomy":"post_tag","embeddable":true,"href":"https:\/\/super-news.info\/es\/wp-json\/wp\/v2\/tags?post=6029"}],"curies":[{"name":"wp","href":"https:\/\/api.w.org\/{rel}","templated":true}]}}