{"id":6020,"date":"2019-07-10T20:38:52","date_gmt":"2019-07-10T17:38:52","guid":{"rendered":"https:\/\/super-news.info\/es\/abalos-firma-el-primer-memorando-de-entendimiento-con-su-homologo-de-emiratos-en-materia-de-fomento\/"},"modified":"2019-07-10T20:38:52","modified_gmt":"2019-07-10T17:38:52","slug":"abalos-firma-el-primer-memorando-de-entendimiento-con-su-homologo-de-emiratos-en-materia-de-fomento","status":"publish","type":"post","link":"https:\/\/super-news.info\/es\/abalos-firma-el-primer-memorando-de-entendimiento-con-su-homologo-de-emiratos-en-materia-de-fomento\/","title":{"rendered":"\u00c1balos firma el primer memorando de entendimiento con su hom\u00f3logo de Emiratos en materia de fomento"},"content":{"rendered":"<p> [ad_1]<\/p>\n<div id=\"CuerpoNoticiav2\" itemprop=\"articleBody\">\n<p>MADRID, 10 Jul. (EUROPA PRESS) &#8211; <\/p>\n<p itemprop=\"description\">   El ministro de Fomento en funciones, Jos\u00e9 Luis \u00c1balos, ha firmado este mi\u00e9rcoles un Memorando de Entendimiento sobre infraestructuras, transporte y vivienda con el ministro de Desarrollo de Infraestructuras de Emiratos \u00c1rabes Unidos (EAU), Abdullah Al Nuaimi.<\/p>\n<p>   Se trata del primer memorando que firma Espa\u00f1a con Emiratos en estas materias y servir\u00e1 para estrechar las relaciones entre ambos pa\u00edses en estos \u00e1mbitos, como por ejemplo el apoyo mutuo a la reelecci\u00f3n del consejo de la Organizaci\u00f3n Mar\u00edtima Internacional (OMI), el pr\u00f3ximo mes de noviembre, y el intercambio de apoyo en las elecciones al consejo de la Organizaci\u00f3n de Aviaci\u00f3n Civil Internacional (OACI), en septiembre.<\/p>\n<p>   Adem\u00e1s, \u00c1balos ha aprovechado para poner de manifiesto a su hom\u00f3logo emirat\u00ed el liderazgo de la industria ferroviaria espa\u00f1ola y ofrecer el inter\u00e9s de las empresas espa\u00f1olas ante el esfuerzo inversor que est\u00e1 haciendo su pa\u00eds en el desarrollo de proyectos, como el Ferrocarril del Golfo o la extensi\u00f3n del metro de Dub\u00e1i.<\/p>\n<p>   En cuanto a las infraestructuras de carreteras, el ministro ha informado sobre las empresas espa\u00f1olas, que se encuentran &#8220;entre las mejores concesionarias del mundo&#8221;, y ha ofrecido la experiencia del Ministerio en los contratos de conservaci\u00f3n integral y en el sistema de colaboraci\u00f3n p\u00fablico-privada.<\/p>\n<p>   Por \u00faltimo, en el \u00e1mbito aeroportuario, el ministro tambi\u00e9n ha mostrado el inter\u00e9s de Espa\u00f1a por participar en los distintos proyectos que se lleven a cabo en EAU.<\/p>\n<\/div>\n<p>[ad_2]<br \/>\n<br \/><a href=\"https:\/\/www.europapress.es\/economia\/construccion-y-vivienda-00342\/noticia-abalos-firma-primer-memorando-entendimiento-homologo-emiratos-materia-fomento-20190710192324.html\">Source link <\/a><\/p>\n","protected":false},"excerpt":{"rendered":"<p>[ad_1] MADRID, 10 Jul. (EUROPA PRESS) &#8211; El ministro de Fomento en funciones, Jos\u00e9 Luis \u00c1balos, ha firmado este mi\u00e9rcoles un Memorando de Entendimiento sobre infraestructuras, transporte y vivienda con el ministro de Desarrollo de Infraestructuras de Emiratos \u00c1rabes Unidos (EAU), Abdullah Al Nuaimi. Se trata del primer memorando que firma Espa\u00f1a con Emiratos en [&hellip;]<\/p>\n","protected":false},"author":2,"featured_media":6021,"comment_status":"open","ping_status":"open","sticky":false,"template":"","format":"standard","meta":{"footnotes":""},"categories":[1],"tags":[],"class_list":["post-6020","post","type-post","status-publish","format-standard","has-post-thumbnail","hentry","category-noticias-financieras"],"yoast_head":"<!-- This site is optimized with the Yoast SEO plugin v27.4 - https:\/\/yoast.com\/product\/yoast-seo-wordpress\/ -->\n<title>\u00c1balos firma el primer memorando de entendimiento con su hom\u00f3logo de Emiratos en materia de fomento - Super News<\/title>\n<meta name=\"robots\" content=\"index, follow, max-snippet:-1, max-image-preview:large, max-video-preview:-1\" \/>\n<link rel=\"canonical\" href=\"https:\/\/super-news.info\/es\/abalos-firma-el-primer-memorando-de-entendimiento-con-su-homologo-de-emiratos-en-materia-de-fomento\/\" \/>\n<meta property=\"og:locale\" content=\"en_US\" \/>\n<meta property=\"og:type\" content=\"article\" \/>\n<meta property=\"og:title\" content=\"\u00c1balos firma el primer memorando de entendimiento con su hom\u00f3logo de Emiratos en materia de fomento - Super News\" \/>\n<meta property=\"og:description\" content=\"[ad_1] MADRID, 10 Jul. (EUROPA PRESS) &#8211; El ministro de Fomento en funciones, Jos\u00e9 Luis \u00c1balos, ha firmado este mi\u00e9rcoles un Memorando de Entendimiento sobre infraestructuras, transporte y vivienda con el ministro de Desarrollo de Infraestructuras de Emiratos \u00c1rabes Unidos (EAU), Abdullah Al Nuaimi. Se trata del primer memorando que firma Espa\u00f1a con Emiratos en [&hellip;]\" \/>\n<meta property=\"og:url\" content=\"https:\/\/super-news.info\/es\/abalos-firma-el-primer-memorando-de-entendimiento-con-su-homologo-de-emiratos-en-materia-de-fomento\/\" \/>\n<meta property=\"og:site_name\" content=\"Super News\" \/>\n<meta property=\"article:published_time\" content=\"2019-07-10T17:38:52+00:00\" \/>\n<meta property=\"og:image\" content=\"https:\/\/super-news.info\/es\/wp-content\/uploads\/sites\/4\/2019\/07\/\u00c1balos-firma-el-primer-memorando-de-entendimiento-con-su-hom\u00f3logo.jpg\" \/>\n\t<meta property=\"og:image:width\" content=\"120\" \/>\n\t<meta property=\"og:image:height\" content=\"80\" \/>\n\t<meta property=\"og:image:type\" content=\"image\/jpeg\" \/>\n<meta name=\"author\" content=\"super-news\" \/>\n<meta name=\"twitter:card\" content=\"summary_large_image\" \/>\n<meta name=\"twitter:label1\" content=\"Written by\" \/>\n\t<meta name=\"twitter:data1\" content=\"super-news\" \/>\n\t<meta name=\"twitter:label2\" content=\"Est. reading time\" \/>\n\t<meta name=\"twitter:data2\" content=\"1 minute\" \/>\n<script type=\"application\/ld+json\" class=\"yoast-schema-graph\">{\"@context\":\"https:\\\/\\\/schema.org\",\"@graph\":[{\"@type\":\"Article\",\"@id\":\"https:\\\/\\\/super-news.info\\\/es\\\/abalos-firma-el-primer-memorando-de-entendimiento-con-su-homologo-de-emiratos-en-materia-de-fomento\\\/#article\",\"isPartOf\":{\"@id\":\"https:\\\/\\\/super-news.info\\\/es\\\/abalos-firma-el-primer-memorando-de-entendimiento-con-su-homologo-de-emiratos-en-materia-de-fomento\\\/\"},\"author\":{\"name\":\"super-news\",\"@id\":\"https:\\\/\\\/super-news.info\\\/es\\\/#\\\/schema\\\/person\\\/2d4068cb2f39cd10008c2fce578a7356\"},\"headline\":\"\u00c1balos firma el primer memorando de entendimiento con su hom\u00f3logo de Emiratos en materia de fomento\",\"datePublished\":\"2019-07-10T17:38:52+00:00\",\"mainEntityOfPage\":{\"@id\":\"https:\\\/\\\/super-news.info\\\/es\\\/abalos-firma-el-primer-memorando-de-entendimiento-con-su-homologo-de-emiratos-en-materia-de-fomento\\\/\"},\"wordCount\":279,\"commentCount\":0,\"image\":{\"@id\":\"https:\\\/\\\/super-news.info\\\/es\\\/abalos-firma-el-primer-memorando-de-entendimiento-con-su-homologo-de-emiratos-en-materia-de-fomento\\\/#primaryimage\"},\"thumbnailUrl\":\"https:\\\/\\\/super-news.info\\\/es\\\/wp-content\\\/uploads\\\/sites\\\/4\\\/2019\\\/07\\\/\u00c1balos-firma-el-primer-memorando-de-entendimiento-con-su-hom\u00f3logo.jpg\",\"articleSection\":[\"NOTICIAS FINANCIERAS\"],\"inLanguage\":\"en-US\",\"potentialAction\":[{\"@type\":\"CommentAction\",\"name\":\"Comment\",\"target\":[\"https:\\\/\\\/super-news.info\\\/es\\\/abalos-firma-el-primer-memorando-de-entendimiento-con-su-homologo-de-emiratos-en-materia-de-fomento\\\/#respond\"]}]},{\"@type\":\"WebPage\",\"@id\":\"https:\\\/\\\/super-news.info\\\/es\\\/abalos-firma-el-primer-memorando-de-entendimiento-con-su-homologo-de-emiratos-en-materia-de-fomento\\\/\",\"url\":\"https:\\\/\\\/super-news.info\\\/es\\\/abalos-firma-el-primer-memorando-de-entendimiento-con-su-homologo-de-emiratos-en-materia-de-fomento\\\/\",\"name\":\"\u00c1balos firma el primer memorando de entendimiento con su hom\u00f3logo de Emiratos en materia de fomento - Super News\",\"isPartOf\":{\"@id\":\"https:\\\/\\\/super-news.info\\\/es\\\/#website\"},\"primaryImageOfPage\":{\"@id\":\"https:\\\/\\\/super-news.info\\\/es\\\/abalos-firma-el-primer-memorando-de-entendimiento-con-su-homologo-de-emiratos-en-materia-de-fomento\\\/#primaryimage\"},\"image\":{\"@id\":\"https:\\\/\\\/super-news.info\\\/es\\\/abalos-firma-el-primer-memorando-de-entendimiento-con-su-homologo-de-emiratos-en-materia-de-fomento\\\/#primaryimage\"},\"thumbnailUrl\":\"https:\\\/\\\/super-news.info\\\/es\\\/wp-content\\\/uploads\\\/sites\\\/4\\\/2019\\\/07\\\/\u00c1balos-firma-el-primer-memorando-de-entendimiento-con-su-hom\u00f3logo.jpg\",\"datePublished\":\"2019-07-10T17:38:52+00:00\",\"author\":{\"@id\":\"https:\\\/\\\/super-news.info\\\/es\\\/#\\\/schema\\\/person\\\/2d4068cb2f39cd10008c2fce578a7356\"},\"breadcrumb\":{\"@id\":\"https:\\\/\\\/super-news.info\\\/es\\\/abalos-firma-el-primer-memorando-de-entendimiento-con-su-homologo-de-emiratos-en-materia-de-fomento\\\/#breadcrumb\"},\"inLanguage\":\"en-US\",\"potentialAction\":[{\"@type\":\"ReadAction\",\"target\":[\"https:\\\/\\\/super-news.info\\\/es\\\/abalos-firma-el-primer-memorando-de-entendimiento-con-su-homologo-de-emiratos-en-materia-de-fomento\\\/\"]}]},{\"@type\":\"ImageObject\",\"inLanguage\":\"en-US\",\"@id\":\"https:\\\/\\\/super-news.info\\\/es\\\/abalos-firma-el-primer-memorando-de-entendimiento-con-su-homologo-de-emiratos-en-materia-de-fomento\\\/#primaryimage\",\"url\":\"https:\\\/\\\/super-news.info\\\/es\\\/wp-content\\\/uploads\\\/sites\\\/4\\\/2019\\\/07\\\/\u00c1balos-firma-el-primer-memorando-de-entendimiento-con-su-hom\u00f3logo.jpg\",\"contentUrl\":\"https:\\\/\\\/super-news.info\\\/es\\\/wp-content\\\/uploads\\\/sites\\\/4\\\/2019\\\/07\\\/\u00c1balos-firma-el-primer-memorando-de-entendimiento-con-su-hom\u00f3logo.jpg\",\"width\":120,\"height\":80,\"caption\":\"\u00c1balos firma el primer memorando de entendimiento con su hom\u00f3logo de Emiratos en materia de fomento\"},{\"@type\":\"BreadcrumbList\",\"@id\":\"https:\\\/\\\/super-news.info\\\/es\\\/abalos-firma-el-primer-memorando-de-entendimiento-con-su-homologo-de-emiratos-en-materia-de-fomento\\\/#breadcrumb\",\"itemListElement\":[{\"@type\":\"ListItem\",\"position\":1,\"name\":\"\u0413\u043b\u0430\u0432\u043d\u0430\u044f \u0441\u0442\u0440\u0430\u043d\u0438\u0446\u0430\",\"item\":\"https:\\\/\\\/super-news.info\\\/es\\\/\"},{\"@type\":\"ListItem\",\"position\":2,\"name\":\"\u00c1balos firma el primer memorando de entendimiento con su hom\u00f3logo de Emiratos en materia de fomento\"}]},{\"@type\":\"WebSite\",\"@id\":\"https:\\\/\\\/super-news.info\\\/es\\\/#website\",\"url\":\"https:\\\/\\\/super-news.info\\\/es\\\/\",\"name\":\"Super News\",\"description\":\"Super News Espa\u00f1a\",\"potentialAction\":[{\"@type\":\"SearchAction\",\"target\":{\"@type\":\"EntryPoint\",\"urlTemplate\":\"https:\\\/\\\/super-news.info\\\/es\\\/?s={search_term_string}\"},\"query-input\":{\"@type\":\"PropertyValueSpecification\",\"valueRequired\":true,\"valueName\":\"search_term_string\"}}],\"inLanguage\":\"en-US\"},{\"@type\":\"Person\",\"@id\":\"https:\\\/\\\/super-news.info\\\/es\\\/#\\\/schema\\\/person\\\/2d4068cb2f39cd10008c2fce578a7356\",\"name\":\"super-news\",\"image\":{\"@type\":\"ImageObject\",\"inLanguage\":\"en-US\",\"@id\":\"https:\\\/\\\/secure.gravatar.com\\\/avatar\\\/64ebac40b93f26a154f8a9b5b6fdccfc46f442b26b3dd6756dbff3bf9dc76fd7?s=96&d=mm&r=g\",\"url\":\"https:\\\/\\\/secure.gravatar.com\\\/avatar\\\/64ebac40b93f26a154f8a9b5b6fdccfc46f442b26b3dd6756dbff3bf9dc76fd7?s=96&d=mm&r=g\",\"contentUrl\":\"https:\\\/\\\/secure.gravatar.com\\\/avatar\\\/64ebac40b93f26a154f8a9b5b6fdccfc46f442b26b3dd6756dbff3bf9dc76fd7?s=96&d=mm&r=g\",\"caption\":\"super-news\"},\"url\":\"https:\\\/\\\/super-news.info\\\/es\\\/author\\\/pt\\\/\"}]}<\/script>\n<!-- \/ Yoast SEO plugin. -->","yoast_head_json":{"title":"\u00c1balos firma el primer memorando de entendimiento con su hom\u00f3logo de Emiratos en materia de fomento - Super News","robots":{"index":"index","follow":"follow","max-snippet":"max-snippet:-1","max-image-preview":"max-image-preview:large","max-video-preview":"max-video-preview:-1"},"canonical":"https:\/\/super-news.info\/es\/abalos-firma-el-primer-memorando-de-entendimiento-con-su-homologo-de-emiratos-en-materia-de-fomento\/","og_locale":"en_US","og_type":"article","og_title":"\u00c1balos firma el primer memorando de entendimiento con su hom\u00f3logo de Emiratos en materia de fomento - Super News","og_description":"[ad_1] MADRID, 10 Jul. (EUROPA PRESS) &#8211; El ministro de Fomento en funciones, Jos\u00e9 Luis \u00c1balos, ha firmado este mi\u00e9rcoles un Memorando de Entendimiento sobre infraestructuras, transporte y vivienda con el ministro de Desarrollo de Infraestructuras de Emiratos \u00c1rabes Unidos (EAU), Abdullah Al Nuaimi. Se trata del primer memorando que firma Espa\u00f1a con Emiratos en [&hellip;]","og_url":"https:\/\/super-news.info\/es\/abalos-firma-el-primer-memorando-de-entendimiento-con-su-homologo-de-emiratos-en-materia-de-fomento\/","og_site_name":"Super News","article_published_time":"2019-07-10T17:38:52+00:00","og_image":[{"width":120,"height":80,"url":"https:\/\/super-news.info\/es\/wp-content\/uploads\/sites\/4\/2019\/07\/\u00c1balos-firma-el-primer-memorando-de-entendimiento-con-su-hom\u00f3logo.jpg","type":"image\/jpeg"}],"author":"super-news","twitter_card":"summary_large_image","twitter_misc":{"Written by":"super-news","Est. reading time":"1 minute"},"schema":{"@context":"https:\/\/schema.org","@graph":[{"@type":"Article","@id":"https:\/\/super-news.info\/es\/abalos-firma-el-primer-memorando-de-entendimiento-con-su-homologo-de-emiratos-en-materia-de-fomento\/#article","isPartOf":{"@id":"https:\/\/super-news.info\/es\/abalos-firma-el-primer-memorando-de-entendimiento-con-su-homologo-de-emiratos-en-materia-de-fomento\/"},"author":{"name":"super-news","@id":"https:\/\/super-news.info\/es\/#\/schema\/person\/2d4068cb2f39cd10008c2fce578a7356"},"headline":"\u00c1balos firma el primer memorando de entendimiento con su hom\u00f3logo de Emiratos en materia de fomento","datePublished":"2019-07-10T17:38:52+00:00","mainEntityOfPage":{"@id":"https:\/\/super-news.info\/es\/abalos-firma-el-primer-memorando-de-entendimiento-con-su-homologo-de-emiratos-en-materia-de-fomento\/"},"wordCount":279,"commentCount":0,"image":{"@id":"https:\/\/super-news.info\/es\/abalos-firma-el-primer-memorando-de-entendimiento-con-su-homologo-de-emiratos-en-materia-de-fomento\/#primaryimage"},"thumbnailUrl":"https:\/\/super-news.info\/es\/wp-content\/uploads\/sites\/4\/2019\/07\/\u00c1balos-firma-el-primer-memorando-de-entendimiento-con-su-hom\u00f3logo.jpg","articleSection":["NOTICIAS FINANCIERAS"],"inLanguage":"en-US","potentialAction":[{"@type":"CommentAction","name":"Comment","target":["https:\/\/super-news.info\/es\/abalos-firma-el-primer-memorando-de-entendimiento-con-su-homologo-de-emiratos-en-materia-de-fomento\/#respond"]}]},{"@type":"WebPage","@id":"https:\/\/super-news.info\/es\/abalos-firma-el-primer-memorando-de-entendimiento-con-su-homologo-de-emiratos-en-materia-de-fomento\/","url":"https:\/\/super-news.info\/es\/abalos-firma-el-primer-memorando-de-entendimiento-con-su-homologo-de-emiratos-en-materia-de-fomento\/","name":"\u00c1balos firma el primer memorando de entendimiento con su hom\u00f3logo de Emiratos en materia de fomento - Super News","isPartOf":{"@id":"https:\/\/super-news.info\/es\/#website"},"primaryImageOfPage":{"@id":"https:\/\/super-news.info\/es\/abalos-firma-el-primer-memorando-de-entendimiento-con-su-homologo-de-emiratos-en-materia-de-fomento\/#primaryimage"},"image":{"@id":"https:\/\/super-news.info\/es\/abalos-firma-el-primer-memorando-de-entendimiento-con-su-homologo-de-emiratos-en-materia-de-fomento\/#primaryimage"},"thumbnailUrl":"https:\/\/super-news.info\/es\/wp-content\/uploads\/sites\/4\/2019\/07\/\u00c1balos-firma-el-primer-memorando-de-entendimiento-con-su-hom\u00f3logo.jpg","datePublished":"2019-07-10T17:38:52+00:00","author":{"@id":"https:\/\/super-news.info\/es\/#\/schema\/person\/2d4068cb2f39cd10008c2fce578a7356"},"breadcrumb":{"@id":"https:\/\/super-news.info\/es\/abalos-firma-el-primer-memorando-de-entendimiento-con-su-homologo-de-emiratos-en-materia-de-fomento\/#breadcrumb"},"inLanguage":"en-US","potentialAction":[{"@type":"ReadAction","target":["https:\/\/super-news.info\/es\/abalos-firma-el-primer-memorando-de-entendimiento-con-su-homologo-de-emiratos-en-materia-de-fomento\/"]}]},{"@type":"ImageObject","inLanguage":"en-US","@id":"https:\/\/super-news.info\/es\/abalos-firma-el-primer-memorando-de-entendimiento-con-su-homologo-de-emiratos-en-materia-de-fomento\/#primaryimage","url":"https:\/\/super-news.info\/es\/wp-content\/uploads\/sites\/4\/2019\/07\/\u00c1balos-firma-el-primer-memorando-de-entendimiento-con-su-hom\u00f3logo.jpg","contentUrl":"https:\/\/super-news.info\/es\/wp-content\/uploads\/sites\/4\/2019\/07\/\u00c1balos-firma-el-primer-memorando-de-entendimiento-con-su-hom\u00f3logo.jpg","width":120,"height":80,"caption":"\u00c1balos firma el primer memorando de entendimiento con su hom\u00f3logo de Emiratos en materia de fomento"},{"@type":"BreadcrumbList","@id":"https:\/\/super-news.info\/es\/abalos-firma-el-primer-memorando-de-entendimiento-con-su-homologo-de-emiratos-en-materia-de-fomento\/#breadcrumb","itemListElement":[{"@type":"ListItem","position":1,"name":"\u0413\u043b\u0430\u0432\u043d\u0430\u044f \u0441\u0442\u0440\u0430\u043d\u0438\u0446\u0430","item":"https:\/\/super-news.info\/es\/"},{"@type":"ListItem","position":2,"name":"\u00c1balos firma el primer memorando de entendimiento con su hom\u00f3logo de Emiratos en materia de fomento"}]},{"@type":"WebSite","@id":"https:\/\/super-news.info\/es\/#website","url":"https:\/\/super-news.info\/es\/","name":"Super News","description":"Super News Espa\u00f1a","potentialAction":[{"@type":"SearchAction","target":{"@type":"EntryPoint","urlTemplate":"https:\/\/super-news.info\/es\/?s={search_term_string}"},"query-input":{"@type":"PropertyValueSpecification","valueRequired":true,"valueName":"search_term_string"}}],"inLanguage":"en-US"},{"@type":"Person","@id":"https:\/\/super-news.info\/es\/#\/schema\/person\/2d4068cb2f39cd10008c2fce578a7356","name":"super-news","image":{"@type":"ImageObject","inLanguage":"en-US","@id":"https:\/\/secure.gravatar.com\/avatar\/64ebac40b93f26a154f8a9b5b6fdccfc46f442b26b3dd6756dbff3bf9dc76fd7?s=96&d=mm&r=g","url":"https:\/\/secure.gravatar.com\/avatar\/64ebac40b93f26a154f8a9b5b6fdccfc46f442b26b3dd6756dbff3bf9dc76fd7?s=96&d=mm&r=g","contentUrl":"https:\/\/secure.gravatar.com\/avatar\/64ebac40b93f26a154f8a9b5b6fdccfc46f442b26b3dd6756dbff3bf9dc76fd7?s=96&d=mm&r=g","caption":"super-news"},"url":"https:\/\/super-news.info\/es\/author\/pt\/"}]}},"_links":{"self":[{"href":"https:\/\/super-news.info\/es\/wp-json\/wp\/v2\/posts\/6020","targetHints":{"allow":["GET"]}}],"collection":[{"href":"https:\/\/super-news.info\/es\/wp-json\/wp\/v2\/posts"}],"about":[{"href":"https:\/\/super-news.info\/es\/wp-json\/wp\/v2\/types\/post"}],"author":[{"embeddable":true,"href":"https:\/\/super-news.info\/es\/wp-json\/wp\/v2\/users\/2"}],"replies":[{"embeddable":true,"href":"https:\/\/super-news.info\/es\/wp-json\/wp\/v2\/comments?post=6020"}],"version-history":[{"count":1,"href":"https:\/\/super-news.info\/es\/wp-json\/wp\/v2\/posts\/6020\/revisions"}],"predecessor-version":[{"id":6022,"href":"https:\/\/super-news.info\/es\/wp-json\/wp\/v2\/posts\/6020\/revisions\/6022"}],"wp:featuredmedia":[{"embeddable":true,"href":"https:\/\/super-news.info\/es\/wp-json\/wp\/v2\/media\/6021"}],"wp:attachment":[{"href":"https:\/\/super-news.info\/es\/wp-json\/wp\/v2\/media?parent=6020"}],"wp:term":[{"taxonomy":"category","embeddable":true,"href":"https:\/\/super-news.info\/es\/wp-json\/wp\/v2\/categories?post=6020"},{"taxonomy":"post_tag","embeddable":true,"href":"https:\/\/super-news.info\/es\/wp-json\/wp\/v2\/tags?post=6020"}],"curies":[{"name":"wp","href":"https:\/\/api.w.org\/{rel}","templated":true}]}}