{"id":6017,"date":"2019-07-10T20:10:00","date_gmt":"2019-07-10T17:10:00","guid":{"rendered":"https:\/\/super-news.info\/es\/las-marcas-se-estan-transformando-en-irrelevantes-porque-no-saben-diferenciarse-f-vega-olmos-pincic\/"},"modified":"2019-07-10T20:10:01","modified_gmt":"2019-07-10T17:10:01","slug":"las-marcas-se-estan-transformando-en-irrelevantes-porque-no-saben-diferenciarse-f-vega-olmos-pincic","status":"publish","type":"post","link":"https:\/\/super-news.info\/es\/las-marcas-se-estan-transformando-en-irrelevantes-porque-no-saben-diferenciarse-f-vega-olmos-pincic\/","title":{"rendered":"&#8220;Las marcas se est\u00e1n transformando en irrelevantes porque no saben diferenciarse&#8221;, F. Vega Olmos (PINCIC)"},"content":{"rendered":"<p> [ad_1]<br \/>\n<\/p>\n<div id=\"textoNoticia\">\n<p><strong>Am\u00e9rica Latina<\/strong> atraviesa un dulce momento en el campo de la publicidad, pues se posiciona como uno de los mercados con mayor crecimiento del gasto publicitario de cara a los pr\u00f3ximos a\u00f1os, impulsado, en gran medida, por su <strong>Econom\u00eda Naranja.<\/strong><\/p>\n<p>Sin embargo, a\u00fan hay empresas que no est\u00e1n sac\u00e1ndose el m\u00e1ximo partido, pues deben abrazar la transformaci\u00f3n digital y empezar a trabajar con un prop\u00f3sito de marca.<\/p>\n<p>Consciente de los nuevos retos que plantea la industria publicitaria en Am\u00e9rica Latina, se celebra cada a\u00f1o en Colombia +Cartagena, un evento que aborda las \u00faltimas tendencias de la industria creativa y de contenidos de la regi\u00f3n.<\/p>\n<p>Y para conocer m\u00e1s sobre este evento y sobre la situaci\u00f3n de la publicidad en Am\u00e9rica Latina, en<strong> MarketingDirecto.com<\/strong> entrevistamos a <strong>Fernando Vega Olmos<\/strong>, CEO\u00a0 y cofundador de PICNIC.<\/p>\n<blockquote>\n<p>&#8220;Lo primero que diferencia a una marca es tener un prop\u00f3sito claro&#8221;<\/p>\n<\/blockquote>\n<p><strong>\u00bfCu\u00e1l considera usted que es el rol de las nuevas tecnolog\u00edas, en el mundo de la publicidad y qu\u00e9 cambios implican para las mismas?<\/strong><\/p>\n<p>Las nuevas tecnolog\u00edas igualan a las marcas, simplemente porque todas tienen acceso a ellas. Bienvenidas sean, pero las marcas se han encandilado demasiado con ellas en los \u00faltimos a\u00f1os, sin conseguir diferenciaci\u00f3n suficiente. Lo primero que diferencia a una marca es tener un prop\u00f3sito claro.<\/p>\n<p>Una tem\u00e1tica que sea relevante para sus consumidores y leg\u00edtima para que la marca act\u00fae en ese territorio. Luego debe tener una idea diferenciadora, que conecte emocionalmente con su p\u00fablico. Y luego s\u00ed, utilizar toda la tecnolog\u00eda para hacer ese mensaje m\u00e1s eficiente.<\/p>\n<p><strong>\u00bfC\u00f3mo ve el panorama de la industria en Am\u00e9rica Latina frente a otros mercados? (Ventajas y desventajas)<\/strong><\/p>\n<p>Tenemos muchos menos recursos que los pa\u00edses m\u00e1s desarrollados. Tenemos que ser mucho m\u00e1s eficientes y competitivos. Nuestra estrategia debe ser m\u00e1s clara. Nuestra creatividad m\u00e1s brillante. Nuestras ejecuciones, m\u00e1s convocantes. Nuestra principal desventaja puede ser nuestra principal ventaja. Aprender a hacer m\u00e1s con menos.<\/p>\n<p><img loading=\"lazy\" decoding=\"async\" class=\"size-full wp-image-497390 aligncenter\" src=\"https:\/\/super-news.info\/es\/wp-content\/uploads\/sites\/4\/2019\/07\/1562778600_487_Las-marcas-se-estan-transformando-en-irrelevantes-porque-no-saben.jpg\" alt=\"+ Cartagena\" width=\"626\" height=\"364\"\/><\/p>\n<p><strong>\u00bfQu\u00e9 tan relevante es el &#8220;marketing de la diversidad&#8221; en la coyuntura publicitaria actual? \u00bfC\u00f3mo las compa\u00f1\u00edas lo deber\u00edan incluir en sus estrategias de mercadeo?<\/strong><\/p>\n<p>La diversidad es la madre de la creatividad. Gente muy diferente tiene muy diferentes puntos de vista acerca de lo que se est\u00e1 trabajando. Y descubrir esas miradas distintas hace el proceso m\u00e1s enriquecedor. No es que debemos apoyar la diversidad. La necesitamos para poder trabajar de manera m\u00e1s eficiente.<\/p>\n<p><strong>\u00bfQu\u00e9 le est\u00e1 fallando a las empresas de hoy en d\u00eda, que no est\u00e1n captando las necesidades de sus clientes? \u00bfCu\u00e1l ser\u00eda su recomendaci\u00f3n para ellas?<\/strong><\/p>\n<p>El 76% de los nuevos productos fracasan en su primer a\u00f1o de vida. A las personas no les importar\u00eda nada que desaparecieran hoy el 75% de las marcas, seg\u00fan el estudio de Havas Media.<\/p>\n<p>Las marcas se est\u00e1n transformando en irrelevantes porque no saben diferenciarse. Y no lo hacen porque todas se comportan de la misma manera. Invierten demasiado en Big Data pensando que eso har\u00e1 m\u00e1s eficiente su mensaje. No est\u00e1 funcionando.<\/p>\n<p>Las marcas deben resetearse para crecer en este siglo. Comenzar entendiendo para qu\u00e9 existen. Qu\u00e9 es relevante para las personas a las que se dirigen. La legitimidad que la marca tiene para atender esas necesidades. Conectar emocionalmente con las personas.\u00a0 Y luego s\u00ed amplificar y mejorar esto con data.<\/p>\n<p>Estamos poniendo el carro por delante de los caballos. As\u00ed es imposible que se mueva.<\/p>\n<blockquote>\n<p>&#8220;Las agencias independientes est\u00e1n llenas de talento y gente muy experimentada&#8221;<\/p>\n<\/blockquote>\n<p><strong>\u00bfC\u00f3mo combatir hoy en d\u00eda la escasez de talento o de ideas en las agencias?\u00a0<\/strong><\/p>\n<p>Las nuevas agencias independientes que est\u00e1n naciendo est\u00e1n llenas de talento y gente muy experimentada. El problema est\u00e1 en las agencias de los holdings. Los holdings son grupos financieros que, como tales, priorizan el resultado financiero, y no la excelencia del trabajo. En mi \u00faltimo a\u00f1o como Director Creativo Mundial de J Walter Thompson, del grupo WPP, Paul Richardson, el Director Mundial Financiero de WPP recibi\u00f3 una compensaci\u00f3n de 16 millones de d\u00f3lares. M\u00e1s de 19 veces m\u00e1s que yo.<\/p>\n<p>\u00bfEs esto razonable? \u00bfEl tesorero del Barcelona gana 19 veces m\u00e1s que los jugadores que salen al campo? Es hora de que las marcas vayan migrando a trabajar m\u00e1s con el talento que ya no est\u00e1 en los holdings. De tanto intentar abarcar demasiado, a estas redes se les han agrandado los agujeros y los peces m\u00e1s r\u00e1pidos y veloces han salido. Todav\u00eda adentro de las redes los peces gordos. Pero estos no har\u00e1n crecer tu marca.<\/p>\n<p><strong>+Cartagena es un punto de encuentro para los principales profesionales de la industria, \u00bfc\u00f3mo cree que favorece este tipo de eventos a Colombia y Am\u00e9rica Latina?<\/strong><\/p>\n<p>+ Cartagena es una buena oportunidad de debatir los temas que no nos permiten brillar como industria. Las 15 personas que m\u00e1s dinero ganan en el mundo de la publicidad son los 15 hombres, blancos y de origen financiero. O nuestra industria se abre al talento y a la diversidad o ser\u00e1 cada vez m\u00e1s irrelevante.<\/p>\n<p class=\"link-telegram\">\n\t\t\t\t\t\t\t\t\t\t\tNo te pierdas nada de MarketingDirecto.com y \u00fanete a nuestro Telegram t.me\/MarketingDirecto\n\t\t\t\t\t\t\t\t\t\t<\/p>\n<\/p><\/div>\n<p><script>(function(d, s, id) {\n  var js, fjs = d.getElementsByTagName(s)[0];\n  if (d.getElementById(id)) return;\n  js = d.createElement(s); js.id = id;\n  js.src = \"http:\/\/connect.facebook.net\/es_LA\/sdk.js#xfbml=1&appId=408746052611679&version=v2.3\";\n  fjs.parentNode.insertBefore(js, fjs);\n}(document, 'script', 'facebook-jssdk'));<\/script><br \/>\n<br \/>[ad_2]<br \/>\n<br \/><a href=\"https:\/\/www.marketingdirecto.com\/marketing-general\/eventos-y-formacion\/las-marcas-se-estan-transformando-en-irrelevantes-porque-no-saben-diferenciarse-f-vega-picnic\">Source link <\/a><\/p>\n","protected":false},"excerpt":{"rendered":"<p>[ad_1] Am\u00e9rica Latina atraviesa un dulce momento en el campo de la publicidad, pues se posiciona como uno de los mercados con mayor crecimiento del gasto publicitario de cara a los pr\u00f3ximos a\u00f1os, impulsado, en gran medida, por su Econom\u00eda Naranja. Sin embargo, a\u00fan hay empresas que no est\u00e1n sac\u00e1ndose el m\u00e1ximo partido, pues deben [&hellip;]<\/p>\n","protected":false},"author":2,"featured_media":6018,"comment_status":"open","ping_status":"open","sticky":false,"template":"","format":"standard","meta":{"footnotes":""},"categories":[2],"tags":[],"class_list":["post-6017","post","type-post","status-publish","format-standard","has-post-thumbnail","hentry","category-noticias-de-marketing-digital"],"yoast_head":"<!-- This site is optimized with the Yoast SEO plugin v27.4 - https:\/\/yoast.com\/product\/yoast-seo-wordpress\/ -->\n<title>&quot;Las marcas se est\u00e1n transformando en irrelevantes porque no saben diferenciarse&quot;, F. Vega Olmos (PINCIC) - Super News<\/title>\n<meta name=\"robots\" content=\"index, follow, max-snippet:-1, max-image-preview:large, max-video-preview:-1\" \/>\n<link rel=\"canonical\" href=\"https:\/\/super-news.info\/es\/las-marcas-se-estan-transformando-en-irrelevantes-porque-no-saben-diferenciarse-f-vega-olmos-pincic\/\" \/>\n<meta property=\"og:locale\" content=\"en_US\" \/>\n<meta property=\"og:type\" content=\"article\" \/>\n<meta property=\"og:title\" content=\"&quot;Las marcas se est\u00e1n transformando en irrelevantes porque no saben diferenciarse&quot;, F. Vega Olmos (PINCIC) - Super News\" \/>\n<meta property=\"og:description\" content=\"[ad_1] Am\u00e9rica Latina atraviesa un dulce momento en el campo de la publicidad, pues se posiciona como uno de los mercados con mayor crecimiento del gasto publicitario de cara a los pr\u00f3ximos a\u00f1os, impulsado, en gran medida, por su Econom\u00eda Naranja. Sin embargo, a\u00fan hay empresas que no est\u00e1n sac\u00e1ndose el m\u00e1ximo partido, pues deben [&hellip;]\" \/>\n<meta property=\"og:url\" content=\"https:\/\/super-news.info\/es\/las-marcas-se-estan-transformando-en-irrelevantes-porque-no-saben-diferenciarse-f-vega-olmos-pincic\/\" \/>\n<meta property=\"og:site_name\" content=\"Super News\" \/>\n<meta property=\"article:published_time\" content=\"2019-07-10T17:10:00+00:00\" \/>\n<meta property=\"article:modified_time\" content=\"2019-07-10T17:10:01+00:00\" \/>\n<meta property=\"og:image\" content=\"https:\/\/super-news.info\/es\/wp-content\/uploads\/sites\/4\/2019\/07\/Las-marcas-se-est\u00e1n-transformando-en-irrelevantes-porque-no-saben.jpg\" \/>\n\t<meta property=\"og:image:width\" content=\"626\" \/>\n\t<meta property=\"og:image:height\" content=\"364\" \/>\n\t<meta property=\"og:image:type\" content=\"image\/jpeg\" \/>\n<meta name=\"author\" content=\"super-news\" \/>\n<meta name=\"twitter:card\" content=\"summary_large_image\" \/>\n<meta name=\"twitter:label1\" content=\"Written by\" \/>\n\t<meta name=\"twitter:data1\" content=\"super-news\" \/>\n\t<meta name=\"twitter:label2\" content=\"Est. reading time\" \/>\n\t<meta name=\"twitter:data2\" content=\"5 minutes\" \/>\n<script type=\"application\/ld+json\" class=\"yoast-schema-graph\">{\"@context\":\"https:\\\/\\\/schema.org\",\"@graph\":[{\"@type\":\"Article\",\"@id\":\"https:\\\/\\\/super-news.info\\\/es\\\/las-marcas-se-estan-transformando-en-irrelevantes-porque-no-saben-diferenciarse-f-vega-olmos-pincic\\\/#article\",\"isPartOf\":{\"@id\":\"https:\\\/\\\/super-news.info\\\/es\\\/las-marcas-se-estan-transformando-en-irrelevantes-porque-no-saben-diferenciarse-f-vega-olmos-pincic\\\/\"},\"author\":{\"name\":\"super-news\",\"@id\":\"https:\\\/\\\/super-news.info\\\/es\\\/#\\\/schema\\\/person\\\/2d4068cb2f39cd10008c2fce578a7356\"},\"headline\":\"&#8220;Las marcas se est\u00e1n transformando en irrelevantes porque no saben diferenciarse&#8221;, F. Vega Olmos (PINCIC)\",\"datePublished\":\"2019-07-10T17:10:00+00:00\",\"dateModified\":\"2019-07-10T17:10:01+00:00\",\"mainEntityOfPage\":{\"@id\":\"https:\\\/\\\/super-news.info\\\/es\\\/las-marcas-se-estan-transformando-en-irrelevantes-porque-no-saben-diferenciarse-f-vega-olmos-pincic\\\/\"},\"wordCount\":923,\"commentCount\":0,\"image\":{\"@id\":\"https:\\\/\\\/super-news.info\\\/es\\\/las-marcas-se-estan-transformando-en-irrelevantes-porque-no-saben-diferenciarse-f-vega-olmos-pincic\\\/#primaryimage\"},\"thumbnailUrl\":\"https:\\\/\\\/super-news.info\\\/es\\\/wp-content\\\/uploads\\\/sites\\\/4\\\/2019\\\/07\\\/Las-marcas-se-est\u00e1n-transformando-en-irrelevantes-porque-no-saben.jpg\",\"articleSection\":[\"NOTICIAS DE MARKETING DIGITAL\"],\"inLanguage\":\"en-US\",\"potentialAction\":[{\"@type\":\"CommentAction\",\"name\":\"Comment\",\"target\":[\"https:\\\/\\\/super-news.info\\\/es\\\/las-marcas-se-estan-transformando-en-irrelevantes-porque-no-saben-diferenciarse-f-vega-olmos-pincic\\\/#respond\"]}]},{\"@type\":\"WebPage\",\"@id\":\"https:\\\/\\\/super-news.info\\\/es\\\/las-marcas-se-estan-transformando-en-irrelevantes-porque-no-saben-diferenciarse-f-vega-olmos-pincic\\\/\",\"url\":\"https:\\\/\\\/super-news.info\\\/es\\\/las-marcas-se-estan-transformando-en-irrelevantes-porque-no-saben-diferenciarse-f-vega-olmos-pincic\\\/\",\"name\":\"\\\"Las marcas se est\u00e1n transformando en irrelevantes porque no saben diferenciarse\\\", F. Vega Olmos (PINCIC) - Super News\",\"isPartOf\":{\"@id\":\"https:\\\/\\\/super-news.info\\\/es\\\/#website\"},\"primaryImageOfPage\":{\"@id\":\"https:\\\/\\\/super-news.info\\\/es\\\/las-marcas-se-estan-transformando-en-irrelevantes-porque-no-saben-diferenciarse-f-vega-olmos-pincic\\\/#primaryimage\"},\"image\":{\"@id\":\"https:\\\/\\\/super-news.info\\\/es\\\/las-marcas-se-estan-transformando-en-irrelevantes-porque-no-saben-diferenciarse-f-vega-olmos-pincic\\\/#primaryimage\"},\"thumbnailUrl\":\"https:\\\/\\\/super-news.info\\\/es\\\/wp-content\\\/uploads\\\/sites\\\/4\\\/2019\\\/07\\\/Las-marcas-se-est\u00e1n-transformando-en-irrelevantes-porque-no-saben.jpg\",\"datePublished\":\"2019-07-10T17:10:00+00:00\",\"dateModified\":\"2019-07-10T17:10:01+00:00\",\"author\":{\"@id\":\"https:\\\/\\\/super-news.info\\\/es\\\/#\\\/schema\\\/person\\\/2d4068cb2f39cd10008c2fce578a7356\"},\"breadcrumb\":{\"@id\":\"https:\\\/\\\/super-news.info\\\/es\\\/las-marcas-se-estan-transformando-en-irrelevantes-porque-no-saben-diferenciarse-f-vega-olmos-pincic\\\/#breadcrumb\"},\"inLanguage\":\"en-US\",\"potentialAction\":[{\"@type\":\"ReadAction\",\"target\":[\"https:\\\/\\\/super-news.info\\\/es\\\/las-marcas-se-estan-transformando-en-irrelevantes-porque-no-saben-diferenciarse-f-vega-olmos-pincic\\\/\"]}]},{\"@type\":\"ImageObject\",\"inLanguage\":\"en-US\",\"@id\":\"https:\\\/\\\/super-news.info\\\/es\\\/las-marcas-se-estan-transformando-en-irrelevantes-porque-no-saben-diferenciarse-f-vega-olmos-pincic\\\/#primaryimage\",\"url\":\"https:\\\/\\\/super-news.info\\\/es\\\/wp-content\\\/uploads\\\/sites\\\/4\\\/2019\\\/07\\\/Las-marcas-se-est\u00e1n-transformando-en-irrelevantes-porque-no-saben.jpg\",\"contentUrl\":\"https:\\\/\\\/super-news.info\\\/es\\\/wp-content\\\/uploads\\\/sites\\\/4\\\/2019\\\/07\\\/Las-marcas-se-est\u00e1n-transformando-en-irrelevantes-porque-no-saben.jpg\",\"width\":626,\"height\":364,\"caption\":\"+ Cartagena\"},{\"@type\":\"BreadcrumbList\",\"@id\":\"https:\\\/\\\/super-news.info\\\/es\\\/las-marcas-se-estan-transformando-en-irrelevantes-porque-no-saben-diferenciarse-f-vega-olmos-pincic\\\/#breadcrumb\",\"itemListElement\":[{\"@type\":\"ListItem\",\"position\":1,\"name\":\"\u0413\u043b\u0430\u0432\u043d\u0430\u044f \u0441\u0442\u0440\u0430\u043d\u0438\u0446\u0430\",\"item\":\"https:\\\/\\\/super-news.info\\\/es\\\/\"},{\"@type\":\"ListItem\",\"position\":2,\"name\":\"&#8220;Las marcas se est\u00e1n transformando en irrelevantes porque no saben diferenciarse&#8221;, F. Vega Olmos (PINCIC)\"}]},{\"@type\":\"WebSite\",\"@id\":\"https:\\\/\\\/super-news.info\\\/es\\\/#website\",\"url\":\"https:\\\/\\\/super-news.info\\\/es\\\/\",\"name\":\"Super News\",\"description\":\"Super News Espa\u00f1a\",\"potentialAction\":[{\"@type\":\"SearchAction\",\"target\":{\"@type\":\"EntryPoint\",\"urlTemplate\":\"https:\\\/\\\/super-news.info\\\/es\\\/?s={search_term_string}\"},\"query-input\":{\"@type\":\"PropertyValueSpecification\",\"valueRequired\":true,\"valueName\":\"search_term_string\"}}],\"inLanguage\":\"en-US\"},{\"@type\":\"Person\",\"@id\":\"https:\\\/\\\/super-news.info\\\/es\\\/#\\\/schema\\\/person\\\/2d4068cb2f39cd10008c2fce578a7356\",\"name\":\"super-news\",\"image\":{\"@type\":\"ImageObject\",\"inLanguage\":\"en-US\",\"@id\":\"https:\\\/\\\/secure.gravatar.com\\\/avatar\\\/64ebac40b93f26a154f8a9b5b6fdccfc46f442b26b3dd6756dbff3bf9dc76fd7?s=96&d=mm&r=g\",\"url\":\"https:\\\/\\\/secure.gravatar.com\\\/avatar\\\/64ebac40b93f26a154f8a9b5b6fdccfc46f442b26b3dd6756dbff3bf9dc76fd7?s=96&d=mm&r=g\",\"contentUrl\":\"https:\\\/\\\/secure.gravatar.com\\\/avatar\\\/64ebac40b93f26a154f8a9b5b6fdccfc46f442b26b3dd6756dbff3bf9dc76fd7?s=96&d=mm&r=g\",\"caption\":\"super-news\"},\"url\":\"https:\\\/\\\/super-news.info\\\/es\\\/author\\\/pt\\\/\"}]}<\/script>\n<!-- \/ Yoast SEO plugin. -->","yoast_head_json":{"title":"\"Las marcas se est\u00e1n transformando en irrelevantes porque no saben diferenciarse\", F. Vega Olmos (PINCIC) - Super News","robots":{"index":"index","follow":"follow","max-snippet":"max-snippet:-1","max-image-preview":"max-image-preview:large","max-video-preview":"max-video-preview:-1"},"canonical":"https:\/\/super-news.info\/es\/las-marcas-se-estan-transformando-en-irrelevantes-porque-no-saben-diferenciarse-f-vega-olmos-pincic\/","og_locale":"en_US","og_type":"article","og_title":"\"Las marcas se est\u00e1n transformando en irrelevantes porque no saben diferenciarse\", F. Vega Olmos (PINCIC) - Super News","og_description":"[ad_1] Am\u00e9rica Latina atraviesa un dulce momento en el campo de la publicidad, pues se posiciona como uno de los mercados con mayor crecimiento del gasto publicitario de cara a los pr\u00f3ximos a\u00f1os, impulsado, en gran medida, por su Econom\u00eda Naranja. Sin embargo, a\u00fan hay empresas que no est\u00e1n sac\u00e1ndose el m\u00e1ximo partido, pues deben [&hellip;]","og_url":"https:\/\/super-news.info\/es\/las-marcas-se-estan-transformando-en-irrelevantes-porque-no-saben-diferenciarse-f-vega-olmos-pincic\/","og_site_name":"Super News","article_published_time":"2019-07-10T17:10:00+00:00","article_modified_time":"2019-07-10T17:10:01+00:00","og_image":[{"width":626,"height":364,"url":"https:\/\/super-news.info\/es\/wp-content\/uploads\/sites\/4\/2019\/07\/Las-marcas-se-est\u00e1n-transformando-en-irrelevantes-porque-no-saben.jpg","type":"image\/jpeg"}],"author":"super-news","twitter_card":"summary_large_image","twitter_misc":{"Written by":"super-news","Est. reading time":"5 minutes"},"schema":{"@context":"https:\/\/schema.org","@graph":[{"@type":"Article","@id":"https:\/\/super-news.info\/es\/las-marcas-se-estan-transformando-en-irrelevantes-porque-no-saben-diferenciarse-f-vega-olmos-pincic\/#article","isPartOf":{"@id":"https:\/\/super-news.info\/es\/las-marcas-se-estan-transformando-en-irrelevantes-porque-no-saben-diferenciarse-f-vega-olmos-pincic\/"},"author":{"name":"super-news","@id":"https:\/\/super-news.info\/es\/#\/schema\/person\/2d4068cb2f39cd10008c2fce578a7356"},"headline":"&#8220;Las marcas se est\u00e1n transformando en irrelevantes porque no saben diferenciarse&#8221;, F. Vega Olmos (PINCIC)","datePublished":"2019-07-10T17:10:00+00:00","dateModified":"2019-07-10T17:10:01+00:00","mainEntityOfPage":{"@id":"https:\/\/super-news.info\/es\/las-marcas-se-estan-transformando-en-irrelevantes-porque-no-saben-diferenciarse-f-vega-olmos-pincic\/"},"wordCount":923,"commentCount":0,"image":{"@id":"https:\/\/super-news.info\/es\/las-marcas-se-estan-transformando-en-irrelevantes-porque-no-saben-diferenciarse-f-vega-olmos-pincic\/#primaryimage"},"thumbnailUrl":"https:\/\/super-news.info\/es\/wp-content\/uploads\/sites\/4\/2019\/07\/Las-marcas-se-est\u00e1n-transformando-en-irrelevantes-porque-no-saben.jpg","articleSection":["NOTICIAS DE MARKETING DIGITAL"],"inLanguage":"en-US","potentialAction":[{"@type":"CommentAction","name":"Comment","target":["https:\/\/super-news.info\/es\/las-marcas-se-estan-transformando-en-irrelevantes-porque-no-saben-diferenciarse-f-vega-olmos-pincic\/#respond"]}]},{"@type":"WebPage","@id":"https:\/\/super-news.info\/es\/las-marcas-se-estan-transformando-en-irrelevantes-porque-no-saben-diferenciarse-f-vega-olmos-pincic\/","url":"https:\/\/super-news.info\/es\/las-marcas-se-estan-transformando-en-irrelevantes-porque-no-saben-diferenciarse-f-vega-olmos-pincic\/","name":"\"Las marcas se est\u00e1n transformando en irrelevantes porque no saben diferenciarse\", F. Vega Olmos (PINCIC) - Super News","isPartOf":{"@id":"https:\/\/super-news.info\/es\/#website"},"primaryImageOfPage":{"@id":"https:\/\/super-news.info\/es\/las-marcas-se-estan-transformando-en-irrelevantes-porque-no-saben-diferenciarse-f-vega-olmos-pincic\/#primaryimage"},"image":{"@id":"https:\/\/super-news.info\/es\/las-marcas-se-estan-transformando-en-irrelevantes-porque-no-saben-diferenciarse-f-vega-olmos-pincic\/#primaryimage"},"thumbnailUrl":"https:\/\/super-news.info\/es\/wp-content\/uploads\/sites\/4\/2019\/07\/Las-marcas-se-est\u00e1n-transformando-en-irrelevantes-porque-no-saben.jpg","datePublished":"2019-07-10T17:10:00+00:00","dateModified":"2019-07-10T17:10:01+00:00","author":{"@id":"https:\/\/super-news.info\/es\/#\/schema\/person\/2d4068cb2f39cd10008c2fce578a7356"},"breadcrumb":{"@id":"https:\/\/super-news.info\/es\/las-marcas-se-estan-transformando-en-irrelevantes-porque-no-saben-diferenciarse-f-vega-olmos-pincic\/#breadcrumb"},"inLanguage":"en-US","potentialAction":[{"@type":"ReadAction","target":["https:\/\/super-news.info\/es\/las-marcas-se-estan-transformando-en-irrelevantes-porque-no-saben-diferenciarse-f-vega-olmos-pincic\/"]}]},{"@type":"ImageObject","inLanguage":"en-US","@id":"https:\/\/super-news.info\/es\/las-marcas-se-estan-transformando-en-irrelevantes-porque-no-saben-diferenciarse-f-vega-olmos-pincic\/#primaryimage","url":"https:\/\/super-news.info\/es\/wp-content\/uploads\/sites\/4\/2019\/07\/Las-marcas-se-est\u00e1n-transformando-en-irrelevantes-porque-no-saben.jpg","contentUrl":"https:\/\/super-news.info\/es\/wp-content\/uploads\/sites\/4\/2019\/07\/Las-marcas-se-est\u00e1n-transformando-en-irrelevantes-porque-no-saben.jpg","width":626,"height":364,"caption":"+ Cartagena"},{"@type":"BreadcrumbList","@id":"https:\/\/super-news.info\/es\/las-marcas-se-estan-transformando-en-irrelevantes-porque-no-saben-diferenciarse-f-vega-olmos-pincic\/#breadcrumb","itemListElement":[{"@type":"ListItem","position":1,"name":"\u0413\u043b\u0430\u0432\u043d\u0430\u044f \u0441\u0442\u0440\u0430\u043d\u0438\u0446\u0430","item":"https:\/\/super-news.info\/es\/"},{"@type":"ListItem","position":2,"name":"&#8220;Las marcas se est\u00e1n transformando en irrelevantes porque no saben diferenciarse&#8221;, F. Vega Olmos (PINCIC)"}]},{"@type":"WebSite","@id":"https:\/\/super-news.info\/es\/#website","url":"https:\/\/super-news.info\/es\/","name":"Super News","description":"Super News Espa\u00f1a","potentialAction":[{"@type":"SearchAction","target":{"@type":"EntryPoint","urlTemplate":"https:\/\/super-news.info\/es\/?s={search_term_string}"},"query-input":{"@type":"PropertyValueSpecification","valueRequired":true,"valueName":"search_term_string"}}],"inLanguage":"en-US"},{"@type":"Person","@id":"https:\/\/super-news.info\/es\/#\/schema\/person\/2d4068cb2f39cd10008c2fce578a7356","name":"super-news","image":{"@type":"ImageObject","inLanguage":"en-US","@id":"https:\/\/secure.gravatar.com\/avatar\/64ebac40b93f26a154f8a9b5b6fdccfc46f442b26b3dd6756dbff3bf9dc76fd7?s=96&d=mm&r=g","url":"https:\/\/secure.gravatar.com\/avatar\/64ebac40b93f26a154f8a9b5b6fdccfc46f442b26b3dd6756dbff3bf9dc76fd7?s=96&d=mm&r=g","contentUrl":"https:\/\/secure.gravatar.com\/avatar\/64ebac40b93f26a154f8a9b5b6fdccfc46f442b26b3dd6756dbff3bf9dc76fd7?s=96&d=mm&r=g","caption":"super-news"},"url":"https:\/\/super-news.info\/es\/author\/pt\/"}]}},"_links":{"self":[{"href":"https:\/\/super-news.info\/es\/wp-json\/wp\/v2\/posts\/6017","targetHints":{"allow":["GET"]}}],"collection":[{"href":"https:\/\/super-news.info\/es\/wp-json\/wp\/v2\/posts"}],"about":[{"href":"https:\/\/super-news.info\/es\/wp-json\/wp\/v2\/types\/post"}],"author":[{"embeddable":true,"href":"https:\/\/super-news.info\/es\/wp-json\/wp\/v2\/users\/2"}],"replies":[{"embeddable":true,"href":"https:\/\/super-news.info\/es\/wp-json\/wp\/v2\/comments?post=6017"}],"version-history":[{"count":1,"href":"https:\/\/super-news.info\/es\/wp-json\/wp\/v2\/posts\/6017\/revisions"}],"predecessor-version":[{"id":6019,"href":"https:\/\/super-news.info\/es\/wp-json\/wp\/v2\/posts\/6017\/revisions\/6019"}],"wp:featuredmedia":[{"embeddable":true,"href":"https:\/\/super-news.info\/es\/wp-json\/wp\/v2\/media\/6018"}],"wp:attachment":[{"href":"https:\/\/super-news.info\/es\/wp-json\/wp\/v2\/media?parent=6017"}],"wp:term":[{"taxonomy":"category","embeddable":true,"href":"https:\/\/super-news.info\/es\/wp-json\/wp\/v2\/categories?post=6017"},{"taxonomy":"post_tag","embeddable":true,"href":"https:\/\/super-news.info\/es\/wp-json\/wp\/v2\/tags?post=6017"}],"curies":[{"name":"wp","href":"https:\/\/api.w.org\/{rel}","templated":true}]}}