{"id":6005,"date":"2019-07-10T17:14:17","date_gmt":"2019-07-10T14:14:17","guid":{"rendered":"https:\/\/super-news.info\/es\/santander-incorporara-a-antonio-roman-como-director-de-banca-comercial-en-espana-tras-integrar-popular\/"},"modified":"2019-07-10T17:14:18","modified_gmt":"2019-07-10T14:14:18","slug":"santander-incorporara-a-antonio-roman-como-director-de-banca-comercial-en-espana-tras-integrar-popular","status":"publish","type":"post","link":"https:\/\/super-news.info\/es\/santander-incorporara-a-antonio-roman-como-director-de-banca-comercial-en-espana-tras-integrar-popular\/","title":{"rendered":"Santander incorporar\u00e1 a Antonio Rom\u00e1n como director de Banca Comercial en Espa\u00f1a tras integrar Popular"},"content":{"rendered":"<p> [ad_1]<\/p>\n<div id=\"CuerpoNoticiav2\" itemprop=\"articleBody\">\n<p>MADRID, 10 Jul. (EUROPA PRESS) &#8211; <\/p>\n<p itemprop=\"description\">   El director financiero de Santander UK, Antonio Rom\u00e1n, se incorporar\u00e1 a partir del 16 de septiembre como director de Banca Comercial en Santander Espa\u00f1a, un puesto de nueva creaci\u00f3n para impulsar el negocio y los planes de ejecuci\u00f3n comercial en una red \u00fanica tras culminar la integraci\u00f3n de Banco Popular.<\/p>\n<p>   Seg\u00fan ha informado la entidad, Rom\u00e1n depender\u00e1 directamente del consejero delegado de Santander Espa\u00f1a, Rami Aboukhair, mientras que a \u00e9l reportar\u00e1n el director de Banca Universal, Alberto Delgado; el director de Banca de Empresas, Manuel Iturbe, y la directora de Banca Privada, Adela Mart\u00edn, adem\u00e1s de las 13 direcciones territoriales.<\/p>\n<p>   Aboukhair ha se\u00f1alado que Rom\u00e1n vuelve a Espa\u00f1a, tras seis a\u00f1os en Reino Unido, para &#8220;iniciar una etapa apasionante&#8221; tras la integraci\u00f3n de Popular.<\/p>\n<p>   &#8220;Contamos con \u00e9l para consolidar nuestro liderazgo aprovechando las fortalezas que nos definen y las oportunidades que el entorno nos ofrece. Se abre ante nosotros una oportunidad \u00fanica para seguir creciendo y construyendo el banco que queremos ser&#8221;, ha resaltado el directivo.<\/p>\n<p>   El hasta ahora director financiero en Reino Unido cuenta con m\u00e1s de 30 a\u00f1os de experiencia en el sector financiero, con distintos puestos de responsabilidad en banca comercial en diferentes entidades en Espa\u00f1a.<\/p>\n<p>   Rom\u00e1n se incorpor\u00f3 a Banesto en junio de 2011 y fue director financiero hasta su marcha a Santander UK, donde ser\u00e1 sustituido por el actual financiero de Santander USA y consejero delegado de Santander Bank, Duke Dayal.<\/p>\n<p>   Dayal cuenta con una extensa experiencia en distintos \u00e1mbitos del sector financiero y, antes de ser director financiero de Santander en Estados Unidos, trabaj\u00f3 para BNP Paribas, J.P. Morgan Chase y Citi.<\/p>\n<\/div>\n<p>[ad_2]<br \/>\n<br \/><a href=\"https:\/\/www.europapress.es\/economia\/finanzas-00340\/noticia-santander-incorporara-antonio-roman-director-banca-comercial-espana-integrar-popular-20190710155847.html\">Source link <\/a><\/p>\n","protected":false},"excerpt":{"rendered":"<p>[ad_1] MADRID, 10 Jul. (EUROPA PRESS) &#8211; El director financiero de Santander UK, Antonio Rom\u00e1n, se incorporar\u00e1 a partir del 16 de septiembre como director de Banca Comercial en Santander Espa\u00f1a, un puesto de nueva creaci\u00f3n para impulsar el negocio y los planes de ejecuci\u00f3n comercial en una red \u00fanica tras culminar la integraci\u00f3n de [&hellip;]<\/p>\n","protected":false},"author":2,"featured_media":6006,"comment_status":"open","ping_status":"open","sticky":false,"template":"","format":"standard","meta":{"footnotes":""},"categories":[1],"tags":[],"class_list":["post-6005","post","type-post","status-publish","format-standard","has-post-thumbnail","hentry","category-noticias-financieras"],"yoast_head":"<!-- This site is optimized with the Yoast SEO plugin v27.4 - https:\/\/yoast.com\/product\/yoast-seo-wordpress\/ -->\n<title>Santander incorporar\u00e1 a Antonio Rom\u00e1n como director de Banca Comercial en Espa\u00f1a tras integrar Popular - Super News<\/title>\n<meta name=\"robots\" content=\"index, follow, max-snippet:-1, max-image-preview:large, max-video-preview:-1\" \/>\n<link rel=\"canonical\" href=\"https:\/\/super-news.info\/es\/santander-incorporara-a-antonio-roman-como-director-de-banca-comercial-en-espana-tras-integrar-popular\/\" \/>\n<meta property=\"og:locale\" content=\"en_US\" \/>\n<meta property=\"og:type\" content=\"article\" \/>\n<meta property=\"og:title\" content=\"Santander incorporar\u00e1 a Antonio Rom\u00e1n como director de Banca Comercial en Espa\u00f1a tras integrar Popular - Super News\" \/>\n<meta property=\"og:description\" content=\"[ad_1] MADRID, 10 Jul. (EUROPA PRESS) &#8211; El director financiero de Santander UK, Antonio Rom\u00e1n, se incorporar\u00e1 a partir del 16 de septiembre como director de Banca Comercial en Santander Espa\u00f1a, un puesto de nueva creaci\u00f3n para impulsar el negocio y los planes de ejecuci\u00f3n comercial en una red \u00fanica tras culminar la integraci\u00f3n de [&hellip;]\" \/>\n<meta property=\"og:url\" content=\"https:\/\/super-news.info\/es\/santander-incorporara-a-antonio-roman-como-director-de-banca-comercial-en-espana-tras-integrar-popular\/\" \/>\n<meta property=\"og:site_name\" content=\"Super News\" \/>\n<meta property=\"article:published_time\" content=\"2019-07-10T14:14:17+00:00\" \/>\n<meta property=\"article:modified_time\" content=\"2019-07-10T14:14:18+00:00\" \/>\n<meta property=\"og:image\" content=\"https:\/\/super-news.info\/es\/wp-content\/uploads\/sites\/4\/2019\/07\/Santander-incorporar\u00e1-a-Antonio-Rom\u00e1n-como-director-de-Banca-Comercial.jpg\" \/>\n\t<meta property=\"og:image:width\" content=\"120\" \/>\n\t<meta property=\"og:image:height\" content=\"103\" \/>\n\t<meta property=\"og:image:type\" content=\"image\/jpeg\" \/>\n<meta name=\"author\" content=\"super-news\" \/>\n<meta name=\"twitter:card\" content=\"summary_large_image\" \/>\n<meta name=\"twitter:label1\" content=\"Written by\" \/>\n\t<meta name=\"twitter:data1\" content=\"super-news\" \/>\n\t<meta name=\"twitter:label2\" content=\"Est. reading time\" \/>\n\t<meta name=\"twitter:data2\" content=\"1 minute\" \/>\n<script type=\"application\/ld+json\" class=\"yoast-schema-graph\">{\"@context\":\"https:\\\/\\\/schema.org\",\"@graph\":[{\"@type\":\"Article\",\"@id\":\"https:\\\/\\\/super-news.info\\\/es\\\/santander-incorporara-a-antonio-roman-como-director-de-banca-comercial-en-espana-tras-integrar-popular\\\/#article\",\"isPartOf\":{\"@id\":\"https:\\\/\\\/super-news.info\\\/es\\\/santander-incorporara-a-antonio-roman-como-director-de-banca-comercial-en-espana-tras-integrar-popular\\\/\"},\"author\":{\"name\":\"super-news\",\"@id\":\"https:\\\/\\\/super-news.info\\\/es\\\/#\\\/schema\\\/person\\\/2d4068cb2f39cd10008c2fce578a7356\"},\"headline\":\"Santander incorporar\u00e1 a Antonio Rom\u00e1n como director de Banca Comercial en Espa\u00f1a tras integrar Popular\",\"datePublished\":\"2019-07-10T14:14:17+00:00\",\"dateModified\":\"2019-07-10T14:14:18+00:00\",\"mainEntityOfPage\":{\"@id\":\"https:\\\/\\\/super-news.info\\\/es\\\/santander-incorporara-a-antonio-roman-como-director-de-banca-comercial-en-espana-tras-integrar-popular\\\/\"},\"wordCount\":311,\"commentCount\":0,\"image\":{\"@id\":\"https:\\\/\\\/super-news.info\\\/es\\\/santander-incorporara-a-antonio-roman-como-director-de-banca-comercial-en-espana-tras-integrar-popular\\\/#primaryimage\"},\"thumbnailUrl\":\"https:\\\/\\\/super-news.info\\\/es\\\/wp-content\\\/uploads\\\/sites\\\/4\\\/2019\\\/07\\\/Santander-incorporar\u00e1-a-Antonio-Rom\u00e1n-como-director-de-Banca-Comercial.jpg\",\"articleSection\":[\"NOTICIAS FINANCIERAS\"],\"inLanguage\":\"en-US\",\"potentialAction\":[{\"@type\":\"CommentAction\",\"name\":\"Comment\",\"target\":[\"https:\\\/\\\/super-news.info\\\/es\\\/santander-incorporara-a-antonio-roman-como-director-de-banca-comercial-en-espana-tras-integrar-popular\\\/#respond\"]}]},{\"@type\":\"WebPage\",\"@id\":\"https:\\\/\\\/super-news.info\\\/es\\\/santander-incorporara-a-antonio-roman-como-director-de-banca-comercial-en-espana-tras-integrar-popular\\\/\",\"url\":\"https:\\\/\\\/super-news.info\\\/es\\\/santander-incorporara-a-antonio-roman-como-director-de-banca-comercial-en-espana-tras-integrar-popular\\\/\",\"name\":\"Santander incorporar\u00e1 a Antonio Rom\u00e1n como director de Banca Comercial en Espa\u00f1a tras integrar Popular - Super News\",\"isPartOf\":{\"@id\":\"https:\\\/\\\/super-news.info\\\/es\\\/#website\"},\"primaryImageOfPage\":{\"@id\":\"https:\\\/\\\/super-news.info\\\/es\\\/santander-incorporara-a-antonio-roman-como-director-de-banca-comercial-en-espana-tras-integrar-popular\\\/#primaryimage\"},\"image\":{\"@id\":\"https:\\\/\\\/super-news.info\\\/es\\\/santander-incorporara-a-antonio-roman-como-director-de-banca-comercial-en-espana-tras-integrar-popular\\\/#primaryimage\"},\"thumbnailUrl\":\"https:\\\/\\\/super-news.info\\\/es\\\/wp-content\\\/uploads\\\/sites\\\/4\\\/2019\\\/07\\\/Santander-incorporar\u00e1-a-Antonio-Rom\u00e1n-como-director-de-Banca-Comercial.jpg\",\"datePublished\":\"2019-07-10T14:14:17+00:00\",\"dateModified\":\"2019-07-10T14:14:18+00:00\",\"author\":{\"@id\":\"https:\\\/\\\/super-news.info\\\/es\\\/#\\\/schema\\\/person\\\/2d4068cb2f39cd10008c2fce578a7356\"},\"breadcrumb\":{\"@id\":\"https:\\\/\\\/super-news.info\\\/es\\\/santander-incorporara-a-antonio-roman-como-director-de-banca-comercial-en-espana-tras-integrar-popular\\\/#breadcrumb\"},\"inLanguage\":\"en-US\",\"potentialAction\":[{\"@type\":\"ReadAction\",\"target\":[\"https:\\\/\\\/super-news.info\\\/es\\\/santander-incorporara-a-antonio-roman-como-director-de-banca-comercial-en-espana-tras-integrar-popular\\\/\"]}]},{\"@type\":\"ImageObject\",\"inLanguage\":\"en-US\",\"@id\":\"https:\\\/\\\/super-news.info\\\/es\\\/santander-incorporara-a-antonio-roman-como-director-de-banca-comercial-en-espana-tras-integrar-popular\\\/#primaryimage\",\"url\":\"https:\\\/\\\/super-news.info\\\/es\\\/wp-content\\\/uploads\\\/sites\\\/4\\\/2019\\\/07\\\/Santander-incorporar\u00e1-a-Antonio-Rom\u00e1n-como-director-de-Banca-Comercial.jpg\",\"contentUrl\":\"https:\\\/\\\/super-news.info\\\/es\\\/wp-content\\\/uploads\\\/sites\\\/4\\\/2019\\\/07\\\/Santander-incorporar\u00e1-a-Antonio-Rom\u00e1n-como-director-de-Banca-Comercial.jpg\",\"width\":120,\"height\":103,\"caption\":\"Santander incorporar\u00e1 a Antonio Rom\u00e1n como director de Banca Comercial en Espa\u00f1a tras integrar Popular\"},{\"@type\":\"BreadcrumbList\",\"@id\":\"https:\\\/\\\/super-news.info\\\/es\\\/santander-incorporara-a-antonio-roman-como-director-de-banca-comercial-en-espana-tras-integrar-popular\\\/#breadcrumb\",\"itemListElement\":[{\"@type\":\"ListItem\",\"position\":1,\"name\":\"\u0413\u043b\u0430\u0432\u043d\u0430\u044f \u0441\u0442\u0440\u0430\u043d\u0438\u0446\u0430\",\"item\":\"https:\\\/\\\/super-news.info\\\/es\\\/\"},{\"@type\":\"ListItem\",\"position\":2,\"name\":\"Santander incorporar\u00e1 a Antonio Rom\u00e1n como director de Banca Comercial en Espa\u00f1a tras integrar Popular\"}]},{\"@type\":\"WebSite\",\"@id\":\"https:\\\/\\\/super-news.info\\\/es\\\/#website\",\"url\":\"https:\\\/\\\/super-news.info\\\/es\\\/\",\"name\":\"Super News\",\"description\":\"Super News Espa\u00f1a\",\"potentialAction\":[{\"@type\":\"SearchAction\",\"target\":{\"@type\":\"EntryPoint\",\"urlTemplate\":\"https:\\\/\\\/super-news.info\\\/es\\\/?s={search_term_string}\"},\"query-input\":{\"@type\":\"PropertyValueSpecification\",\"valueRequired\":true,\"valueName\":\"search_term_string\"}}],\"inLanguage\":\"en-US\"},{\"@type\":\"Person\",\"@id\":\"https:\\\/\\\/super-news.info\\\/es\\\/#\\\/schema\\\/person\\\/2d4068cb2f39cd10008c2fce578a7356\",\"name\":\"super-news\",\"image\":{\"@type\":\"ImageObject\",\"inLanguage\":\"en-US\",\"@id\":\"https:\\\/\\\/secure.gravatar.com\\\/avatar\\\/64ebac40b93f26a154f8a9b5b6fdccfc46f442b26b3dd6756dbff3bf9dc76fd7?s=96&d=mm&r=g\",\"url\":\"https:\\\/\\\/secure.gravatar.com\\\/avatar\\\/64ebac40b93f26a154f8a9b5b6fdccfc46f442b26b3dd6756dbff3bf9dc76fd7?s=96&d=mm&r=g\",\"contentUrl\":\"https:\\\/\\\/secure.gravatar.com\\\/avatar\\\/64ebac40b93f26a154f8a9b5b6fdccfc46f442b26b3dd6756dbff3bf9dc76fd7?s=96&d=mm&r=g\",\"caption\":\"super-news\"},\"url\":\"https:\\\/\\\/super-news.info\\\/es\\\/author\\\/pt\\\/\"}]}<\/script>\n<!-- \/ Yoast SEO plugin. -->","yoast_head_json":{"title":"Santander incorporar\u00e1 a Antonio Rom\u00e1n como director de Banca Comercial en Espa\u00f1a tras integrar Popular - Super News","robots":{"index":"index","follow":"follow","max-snippet":"max-snippet:-1","max-image-preview":"max-image-preview:large","max-video-preview":"max-video-preview:-1"},"canonical":"https:\/\/super-news.info\/es\/santander-incorporara-a-antonio-roman-como-director-de-banca-comercial-en-espana-tras-integrar-popular\/","og_locale":"en_US","og_type":"article","og_title":"Santander incorporar\u00e1 a Antonio Rom\u00e1n como director de Banca Comercial en Espa\u00f1a tras integrar Popular - Super News","og_description":"[ad_1] MADRID, 10 Jul. (EUROPA PRESS) &#8211; El director financiero de Santander UK, Antonio Rom\u00e1n, se incorporar\u00e1 a partir del 16 de septiembre como director de Banca Comercial en Santander Espa\u00f1a, un puesto de nueva creaci\u00f3n para impulsar el negocio y los planes de ejecuci\u00f3n comercial en una red \u00fanica tras culminar la integraci\u00f3n de [&hellip;]","og_url":"https:\/\/super-news.info\/es\/santander-incorporara-a-antonio-roman-como-director-de-banca-comercial-en-espana-tras-integrar-popular\/","og_site_name":"Super News","article_published_time":"2019-07-10T14:14:17+00:00","article_modified_time":"2019-07-10T14:14:18+00:00","og_image":[{"width":120,"height":103,"url":"https:\/\/super-news.info\/es\/wp-content\/uploads\/sites\/4\/2019\/07\/Santander-incorporar\u00e1-a-Antonio-Rom\u00e1n-como-director-de-Banca-Comercial.jpg","type":"image\/jpeg"}],"author":"super-news","twitter_card":"summary_large_image","twitter_misc":{"Written by":"super-news","Est. reading time":"1 minute"},"schema":{"@context":"https:\/\/schema.org","@graph":[{"@type":"Article","@id":"https:\/\/super-news.info\/es\/santander-incorporara-a-antonio-roman-como-director-de-banca-comercial-en-espana-tras-integrar-popular\/#article","isPartOf":{"@id":"https:\/\/super-news.info\/es\/santander-incorporara-a-antonio-roman-como-director-de-banca-comercial-en-espana-tras-integrar-popular\/"},"author":{"name":"super-news","@id":"https:\/\/super-news.info\/es\/#\/schema\/person\/2d4068cb2f39cd10008c2fce578a7356"},"headline":"Santander incorporar\u00e1 a Antonio Rom\u00e1n como director de Banca Comercial en Espa\u00f1a tras integrar Popular","datePublished":"2019-07-10T14:14:17+00:00","dateModified":"2019-07-10T14:14:18+00:00","mainEntityOfPage":{"@id":"https:\/\/super-news.info\/es\/santander-incorporara-a-antonio-roman-como-director-de-banca-comercial-en-espana-tras-integrar-popular\/"},"wordCount":311,"commentCount":0,"image":{"@id":"https:\/\/super-news.info\/es\/santander-incorporara-a-antonio-roman-como-director-de-banca-comercial-en-espana-tras-integrar-popular\/#primaryimage"},"thumbnailUrl":"https:\/\/super-news.info\/es\/wp-content\/uploads\/sites\/4\/2019\/07\/Santander-incorporar\u00e1-a-Antonio-Rom\u00e1n-como-director-de-Banca-Comercial.jpg","articleSection":["NOTICIAS FINANCIERAS"],"inLanguage":"en-US","potentialAction":[{"@type":"CommentAction","name":"Comment","target":["https:\/\/super-news.info\/es\/santander-incorporara-a-antonio-roman-como-director-de-banca-comercial-en-espana-tras-integrar-popular\/#respond"]}]},{"@type":"WebPage","@id":"https:\/\/super-news.info\/es\/santander-incorporara-a-antonio-roman-como-director-de-banca-comercial-en-espana-tras-integrar-popular\/","url":"https:\/\/super-news.info\/es\/santander-incorporara-a-antonio-roman-como-director-de-banca-comercial-en-espana-tras-integrar-popular\/","name":"Santander incorporar\u00e1 a Antonio Rom\u00e1n como director de Banca Comercial en Espa\u00f1a tras integrar Popular - Super News","isPartOf":{"@id":"https:\/\/super-news.info\/es\/#website"},"primaryImageOfPage":{"@id":"https:\/\/super-news.info\/es\/santander-incorporara-a-antonio-roman-como-director-de-banca-comercial-en-espana-tras-integrar-popular\/#primaryimage"},"image":{"@id":"https:\/\/super-news.info\/es\/santander-incorporara-a-antonio-roman-como-director-de-banca-comercial-en-espana-tras-integrar-popular\/#primaryimage"},"thumbnailUrl":"https:\/\/super-news.info\/es\/wp-content\/uploads\/sites\/4\/2019\/07\/Santander-incorporar\u00e1-a-Antonio-Rom\u00e1n-como-director-de-Banca-Comercial.jpg","datePublished":"2019-07-10T14:14:17+00:00","dateModified":"2019-07-10T14:14:18+00:00","author":{"@id":"https:\/\/super-news.info\/es\/#\/schema\/person\/2d4068cb2f39cd10008c2fce578a7356"},"breadcrumb":{"@id":"https:\/\/super-news.info\/es\/santander-incorporara-a-antonio-roman-como-director-de-banca-comercial-en-espana-tras-integrar-popular\/#breadcrumb"},"inLanguage":"en-US","potentialAction":[{"@type":"ReadAction","target":["https:\/\/super-news.info\/es\/santander-incorporara-a-antonio-roman-como-director-de-banca-comercial-en-espana-tras-integrar-popular\/"]}]},{"@type":"ImageObject","inLanguage":"en-US","@id":"https:\/\/super-news.info\/es\/santander-incorporara-a-antonio-roman-como-director-de-banca-comercial-en-espana-tras-integrar-popular\/#primaryimage","url":"https:\/\/super-news.info\/es\/wp-content\/uploads\/sites\/4\/2019\/07\/Santander-incorporar\u00e1-a-Antonio-Rom\u00e1n-como-director-de-Banca-Comercial.jpg","contentUrl":"https:\/\/super-news.info\/es\/wp-content\/uploads\/sites\/4\/2019\/07\/Santander-incorporar\u00e1-a-Antonio-Rom\u00e1n-como-director-de-Banca-Comercial.jpg","width":120,"height":103,"caption":"Santander incorporar\u00e1 a Antonio Rom\u00e1n como director de Banca Comercial en Espa\u00f1a tras integrar Popular"},{"@type":"BreadcrumbList","@id":"https:\/\/super-news.info\/es\/santander-incorporara-a-antonio-roman-como-director-de-banca-comercial-en-espana-tras-integrar-popular\/#breadcrumb","itemListElement":[{"@type":"ListItem","position":1,"name":"\u0413\u043b\u0430\u0432\u043d\u0430\u044f \u0441\u0442\u0440\u0430\u043d\u0438\u0446\u0430","item":"https:\/\/super-news.info\/es\/"},{"@type":"ListItem","position":2,"name":"Santander incorporar\u00e1 a Antonio Rom\u00e1n como director de Banca Comercial en Espa\u00f1a tras integrar Popular"}]},{"@type":"WebSite","@id":"https:\/\/super-news.info\/es\/#website","url":"https:\/\/super-news.info\/es\/","name":"Super News","description":"Super News Espa\u00f1a","potentialAction":[{"@type":"SearchAction","target":{"@type":"EntryPoint","urlTemplate":"https:\/\/super-news.info\/es\/?s={search_term_string}"},"query-input":{"@type":"PropertyValueSpecification","valueRequired":true,"valueName":"search_term_string"}}],"inLanguage":"en-US"},{"@type":"Person","@id":"https:\/\/super-news.info\/es\/#\/schema\/person\/2d4068cb2f39cd10008c2fce578a7356","name":"super-news","image":{"@type":"ImageObject","inLanguage":"en-US","@id":"https:\/\/secure.gravatar.com\/avatar\/64ebac40b93f26a154f8a9b5b6fdccfc46f442b26b3dd6756dbff3bf9dc76fd7?s=96&d=mm&r=g","url":"https:\/\/secure.gravatar.com\/avatar\/64ebac40b93f26a154f8a9b5b6fdccfc46f442b26b3dd6756dbff3bf9dc76fd7?s=96&d=mm&r=g","contentUrl":"https:\/\/secure.gravatar.com\/avatar\/64ebac40b93f26a154f8a9b5b6fdccfc46f442b26b3dd6756dbff3bf9dc76fd7?s=96&d=mm&r=g","caption":"super-news"},"url":"https:\/\/super-news.info\/es\/author\/pt\/"}]}},"_links":{"self":[{"href":"https:\/\/super-news.info\/es\/wp-json\/wp\/v2\/posts\/6005","targetHints":{"allow":["GET"]}}],"collection":[{"href":"https:\/\/super-news.info\/es\/wp-json\/wp\/v2\/posts"}],"about":[{"href":"https:\/\/super-news.info\/es\/wp-json\/wp\/v2\/types\/post"}],"author":[{"embeddable":true,"href":"https:\/\/super-news.info\/es\/wp-json\/wp\/v2\/users\/2"}],"replies":[{"embeddable":true,"href":"https:\/\/super-news.info\/es\/wp-json\/wp\/v2\/comments?post=6005"}],"version-history":[{"count":1,"href":"https:\/\/super-news.info\/es\/wp-json\/wp\/v2\/posts\/6005\/revisions"}],"predecessor-version":[{"id":6007,"href":"https:\/\/super-news.info\/es\/wp-json\/wp\/v2\/posts\/6005\/revisions\/6007"}],"wp:featuredmedia":[{"embeddable":true,"href":"https:\/\/super-news.info\/es\/wp-json\/wp\/v2\/media\/6006"}],"wp:attachment":[{"href":"https:\/\/super-news.info\/es\/wp-json\/wp\/v2\/media?parent=6005"}],"wp:term":[{"taxonomy":"category","embeddable":true,"href":"https:\/\/super-news.info\/es\/wp-json\/wp\/v2\/categories?post=6005"},{"taxonomy":"post_tag","embeddable":true,"href":"https:\/\/super-news.info\/es\/wp-json\/wp\/v2\/tags?post=6005"}],"curies":[{"name":"wp","href":"https:\/\/api.w.org\/{rel}","templated":true}]}}