{"id":5987,"date":"2019-07-10T13:50:30","date_gmt":"2019-07-10T10:50:30","guid":{"rendered":"https:\/\/super-news.info\/es\/concluye-la-fase-pericial-del-juicio-de-bankia-marcada-por-la-opuesta-lectura-de-una-misma-causa\/"},"modified":"2019-07-10T13:50:31","modified_gmt":"2019-07-10T10:50:31","slug":"concluye-la-fase-pericial-del-juicio-de-bankia-marcada-por-la-opuesta-lectura-de-una-misma-causa","status":"publish","type":"post","link":"https:\/\/super-news.info\/es\/concluye-la-fase-pericial-del-juicio-de-bankia-marcada-por-la-opuesta-lectura-de-una-misma-causa\/","title":{"rendered":"Concluye la fase pericial del juicio de Bankia marcada por la opuesta lectura de una misma causa"},"content":{"rendered":"<p> [ad_1]<\/p>\n<div id=\"CuerpoNoticiav2\" itemprop=\"articleBody\">\n<p>MADRID, 10 Jul. (EUROPA PRESS) &#8211;<\/p>\n<p itemprop=\"description\">La fase pericial del juicio que investiga irregularidades en la salida a Bolsa de Bankia en julio de 2011 ha puesto fin tras cuatro semanas de intenso debate entre los peritos judiciales cedidos a la causa por el Banco de Espa\u00f1a y propuestos por la Fiscal\u00eda Anticorrupci\u00f3n y los contratados por las partes de Rodrigo Rato, Deloitte y BFA-Bankia.<\/p>\n<p>Esta parte del proceso, que se celebra en la Audiencia Nacional de San Fernando de Henares (Madrid) desde noviembre de 2018, ha estado marcada por las acusaciones de los peritos de las partes a los judiciales de realizar una lectura con &#8220;sesgo retrospectivo&#8221; de toda la documentaci\u00f3n que forma parte del sumario de la causa.<\/p>\n<p>Seg\u00fan el an\u00e1lisis realizado por los peritos judiciales Antonio Busquets y V\u00edctor S\u00e1nchez Nogueras, las cuentas de Bankia, desde el momento de su creaci\u00f3n hasta su rescate, no reflejaron su imagen fiel. De hecho, han reiterado en numerosas ocasiones que las &#8220;insuficiencias&#8221; ven\u00edan desde la misma constituci\u00f3n del Sistema Institucional de Protecci\u00f3n (SIP) a trav\u00e9s del que se unir\u00edan las siete cajas que dar\u00edan lugar a la entidad.<\/p>\n<p>Asimismo, han podido constatar que hab\u00eda informaci\u00f3n disponible a 31 de diciembre de 2010 para hacer determinadas provisiones que no se hicieron o no se registraron conforme a la normativa, imput\u00e1ndolos contra reservas y no contra resultados.<\/p>\n<p>Tambi\u00e9n han incidido en que Bankia intent\u00f3 &#8220;vender el proyecto&#8221; para la salida a Bolsa realizando presentaciones con inversores institucionales, en las que los interesados presentaban \u00f3rdenes de compra revocables no vinculantes, en donde se demostr\u00f3 que el apetito &#8220;era nulo&#8221;. Adem\u00e1s, han precisado que les llam\u00f3 la atenci\u00f3n que muchas empresas que hab\u00edan acudido a la colocaci\u00f3n ten\u00edan riesgos financieros por su mala situaci\u00f3n y vendieron al d\u00eda siguiente.<\/p>\n<p>Del mismo modo, han relatado que en un proceso de salida a Bolsa es habitual que haya un descuento, pero han subrayado que suele ser &#8220;limitado&#8221; y no de hasta el 75% como en Bankia, calific\u00e1ndolo de &#8220;anormal y desproporcionado&#8221;. Tal y como han apuntado, el mismo Banco de Espa\u00f1a recoge que descuentos superiores al 40% podr\u00edan poner en cuesti\u00f3n la viabilidad de los proyectos.<\/p>\n<p>Posteriormente, cuando Bankia, con el nuevo equipo gestor liderado por Jos\u00e9 Ignacio Goirigolzarri, reformul\u00f3 las cuentas de 2011 en 2012, BFA tambi\u00e9n llev\u00f3 a cabo ajustes y decidi\u00f3 hacer aflorar el deterioro de la entidad sobre su balance. Para Busquets y S\u00e1nchez Nogueras, la reformulaci\u00f3n realizada por BFA respond\u00eda a una forma de reconocer el efecto del descuento de Bankia en BFA.<\/p>\n<p>En suma, los peritos judiciales han asegurado que la reformulaci\u00f3n se llev\u00f3 a cabo porque hab\u00eda &#8220;millones de errores contables&#8221; no reconocidos que ven\u00edan de tiempo atr\u00e1s. &#8220;No negamos la existencia de la crisis, evidentemente c\u00f3mo vamos a negarla, \u00a1Dios me valga!, pero la reformulaci\u00f3n se hizo porque hab\u00eda millones de errores contables que no fueron reconocidos, no por la crisis, porque si no el resto de bancos deb\u00edan de haberlo hecho y no fue as\u00ed&#8221;, han zanjado.<\/p>\n<h2 class=\"ladillo\">LOS DE LAS PARTES DISCREPAN<\/h2>\n<p>La lectura de la documentaci\u00f3n realizada por S\u00e1nchez Nogueras y Busquets resulta ser totalmente contraria a la llevada a cabo por los peritos contratados por las partes.<\/p>\n<p>La decena de catedr\u00e1ticos de Bankia y su matriz BFA, de Deloitte y de Rodrigo Rato, que han podido intervenir en cualquier momento para juzgar la declaraci\u00f3n de los judiciales, los han acusado continuamente de realizar su an\u00e1lisis pericial con &#8220;sesgo retrospectivo&#8221;, con una &#8220;visi\u00f3n distinta a la del resto del mundo&#8221;, as\u00ed como de hacer una lectura &#8220;parcial y a su conveniencia&#8221; de las normativas nacionales e internacionales.<\/p>\n<p>La fase pericial se dividi\u00f3 en tres bloques tem\u00e1ticos: constituci\u00f3n del SIP, salida a Bolsa y formulaci\u00f3n y reformulaci\u00f3n de las cuentas de 2011.<\/p>\n<p>En el careo de peritos con respecto al primer bloque, las partes solamente se han dedicado a valorar el an\u00e1lisis de los judiciales sin exponer sus an\u00e1lisis, critic\u00e1ndoles por haber utilizado informaci\u00f3n &#8220;contaminada&#8221; y conocida posteriormente a los hechos, o poniendo en duda la metodolog\u00eda usada y sin llevar a cabo una aplicaci\u00f3n correcta o respetuosa de los principios y normas de contabilidad.<\/p>\n<p>Solamente en el debate sobre cargar p\u00e9rdidas contra reservas o contra resultados, los peritos de las partes, aunque tachando a los judiciales de &#8220;ignorantes&#8221; respecto a la NIIF 3, han asegurado que estaban legitimados por la normativa para hacer los ajustes en adopci\u00f3n de las normas internacionales de informaci\u00f3n financiera, &#8220;que estima expresamente la posibilidad de poner activos y pasivos a valor razonable con ajuste a reservas&#8221;.<\/p>\n<p>El debut burs\u00e1til lo han defendido precisando que el precio de colocaci\u00f3n no fue fijado por el consejo de administraci\u00f3n sino por los inversores institucionales, indicando que hicieron lo mejor &#8220;para los minoritarios&#8221;, y han reiterado que el descuento no fue algo excepcional, sino que cotizaba as\u00ed toda la banca nacional e incluso internacional debido al contexto econ\u00f3mico de incertidumbre y sin precedentes.<\/p>\n<p>En cuanto a la reformulaci\u00f3n, han se\u00f1alado BFA la hizo como obligaci\u00f3n en la medida en que Bankia hab\u00eda reformulado, subsanaci\u00f3n que seg\u00fan los gestores fue derivada de la situaci\u00f3n de crisis econ\u00f3mica y la aplicaci\u00f3n de los Reales Decretos impulsados por el entonces ministro de Econom\u00eda, Luis de Guindos.<\/p>\n<\/div>\n<p>[ad_2]<br \/>\n<br \/><a href=\"https:\/\/www.europapress.es\/economia\/finanzas-00340\/noticia-concluye-fase-pericial-juicio-bankia-marcada-opuesta-lectura-misma-causa-20190710123750.html\">Source link <\/a><\/p>\n","protected":false},"excerpt":{"rendered":"<p>[ad_1] MADRID, 10 Jul. (EUROPA PRESS) &#8211; La fase pericial del juicio que investiga irregularidades en la salida a Bolsa de Bankia en julio de 2011 ha puesto fin tras cuatro semanas de intenso debate entre los peritos judiciales cedidos a la causa por el Banco de Espa\u00f1a y propuestos por la Fiscal\u00eda Anticorrupci\u00f3n y [&hellip;]<\/p>\n","protected":false},"author":2,"featured_media":5988,"comment_status":"open","ping_status":"open","sticky":false,"template":"","format":"standard","meta":{"footnotes":""},"categories":[1],"tags":[],"class_list":["post-5987","post","type-post","status-publish","format-standard","has-post-thumbnail","hentry","category-noticias-financieras"],"yoast_head":"<!-- This site is optimized with the Yoast SEO plugin v27.4 - https:\/\/yoast.com\/product\/yoast-seo-wordpress\/ -->\n<title>Concluye la fase pericial del juicio de Bankia marcada por la opuesta lectura de una misma causa - Super News<\/title>\n<meta name=\"robots\" content=\"index, follow, max-snippet:-1, max-image-preview:large, max-video-preview:-1\" \/>\n<link rel=\"canonical\" href=\"https:\/\/super-news.info\/es\/concluye-la-fase-pericial-del-juicio-de-bankia-marcada-por-la-opuesta-lectura-de-una-misma-causa\/\" \/>\n<meta property=\"og:locale\" content=\"en_US\" \/>\n<meta property=\"og:type\" content=\"article\" \/>\n<meta property=\"og:title\" content=\"Concluye la fase pericial del juicio de Bankia marcada por la opuesta lectura de una misma causa - Super News\" \/>\n<meta property=\"og:description\" content=\"[ad_1] MADRID, 10 Jul. (EUROPA PRESS) &#8211; La fase pericial del juicio que investiga irregularidades en la salida a Bolsa de Bankia en julio de 2011 ha puesto fin tras cuatro semanas de intenso debate entre los peritos judiciales cedidos a la causa por el Banco de Espa\u00f1a y propuestos por la Fiscal\u00eda Anticorrupci\u00f3n y [&hellip;]\" \/>\n<meta property=\"og:url\" content=\"https:\/\/super-news.info\/es\/concluye-la-fase-pericial-del-juicio-de-bankia-marcada-por-la-opuesta-lectura-de-una-misma-causa\/\" \/>\n<meta property=\"og:site_name\" content=\"Super News\" \/>\n<meta property=\"article:published_time\" content=\"2019-07-10T10:50:30+00:00\" \/>\n<meta property=\"article:modified_time\" content=\"2019-07-10T10:50:31+00:00\" \/>\n<meta property=\"og:image\" content=\"https:\/\/super-news.info\/es\/wp-content\/uploads\/sites\/4\/2019\/07\/Concluye-la-fase-pericial-del-juicio-de-Bankia-marcada-por.jpg\" \/>\n\t<meta property=\"og:image:width\" content=\"120\" \/>\n\t<meta property=\"og:image:height\" content=\"84\" \/>\n\t<meta property=\"og:image:type\" content=\"image\/jpeg\" \/>\n<meta name=\"author\" content=\"super-news\" \/>\n<meta name=\"twitter:card\" content=\"summary_large_image\" \/>\n<meta name=\"twitter:label1\" content=\"Written by\" \/>\n\t<meta name=\"twitter:data1\" content=\"super-news\" \/>\n\t<meta name=\"twitter:label2\" content=\"Est. reading time\" \/>\n\t<meta name=\"twitter:data2\" content=\"5 minutes\" \/>\n<script type=\"application\/ld+json\" class=\"yoast-schema-graph\">{\"@context\":\"https:\\\/\\\/schema.org\",\"@graph\":[{\"@type\":\"Article\",\"@id\":\"https:\\\/\\\/super-news.info\\\/es\\\/concluye-la-fase-pericial-del-juicio-de-bankia-marcada-por-la-opuesta-lectura-de-una-misma-causa\\\/#article\",\"isPartOf\":{\"@id\":\"https:\\\/\\\/super-news.info\\\/es\\\/concluye-la-fase-pericial-del-juicio-de-bankia-marcada-por-la-opuesta-lectura-de-una-misma-causa\\\/\"},\"author\":{\"name\":\"super-news\",\"@id\":\"https:\\\/\\\/super-news.info\\\/es\\\/#\\\/schema\\\/person\\\/2d4068cb2f39cd10008c2fce578a7356\"},\"headline\":\"Concluye la fase pericial del juicio de Bankia marcada por la opuesta lectura de una misma causa\",\"datePublished\":\"2019-07-10T10:50:30+00:00\",\"dateModified\":\"2019-07-10T10:50:31+00:00\",\"mainEntityOfPage\":{\"@id\":\"https:\\\/\\\/super-news.info\\\/es\\\/concluye-la-fase-pericial-del-juicio-de-bankia-marcada-por-la-opuesta-lectura-de-una-misma-causa\\\/\"},\"wordCount\":953,\"commentCount\":0,\"image\":{\"@id\":\"https:\\\/\\\/super-news.info\\\/es\\\/concluye-la-fase-pericial-del-juicio-de-bankia-marcada-por-la-opuesta-lectura-de-una-misma-causa\\\/#primaryimage\"},\"thumbnailUrl\":\"https:\\\/\\\/super-news.info\\\/es\\\/wp-content\\\/uploads\\\/sites\\\/4\\\/2019\\\/07\\\/Concluye-la-fase-pericial-del-juicio-de-Bankia-marcada-por.jpg\",\"articleSection\":[\"NOTICIAS FINANCIERAS\"],\"inLanguage\":\"en-US\",\"potentialAction\":[{\"@type\":\"CommentAction\",\"name\":\"Comment\",\"target\":[\"https:\\\/\\\/super-news.info\\\/es\\\/concluye-la-fase-pericial-del-juicio-de-bankia-marcada-por-la-opuesta-lectura-de-una-misma-causa\\\/#respond\"]}]},{\"@type\":\"WebPage\",\"@id\":\"https:\\\/\\\/super-news.info\\\/es\\\/concluye-la-fase-pericial-del-juicio-de-bankia-marcada-por-la-opuesta-lectura-de-una-misma-causa\\\/\",\"url\":\"https:\\\/\\\/super-news.info\\\/es\\\/concluye-la-fase-pericial-del-juicio-de-bankia-marcada-por-la-opuesta-lectura-de-una-misma-causa\\\/\",\"name\":\"Concluye la fase pericial del juicio de Bankia marcada por la opuesta lectura de una misma causa - Super News\",\"isPartOf\":{\"@id\":\"https:\\\/\\\/super-news.info\\\/es\\\/#website\"},\"primaryImageOfPage\":{\"@id\":\"https:\\\/\\\/super-news.info\\\/es\\\/concluye-la-fase-pericial-del-juicio-de-bankia-marcada-por-la-opuesta-lectura-de-una-misma-causa\\\/#primaryimage\"},\"image\":{\"@id\":\"https:\\\/\\\/super-news.info\\\/es\\\/concluye-la-fase-pericial-del-juicio-de-bankia-marcada-por-la-opuesta-lectura-de-una-misma-causa\\\/#primaryimage\"},\"thumbnailUrl\":\"https:\\\/\\\/super-news.info\\\/es\\\/wp-content\\\/uploads\\\/sites\\\/4\\\/2019\\\/07\\\/Concluye-la-fase-pericial-del-juicio-de-Bankia-marcada-por.jpg\",\"datePublished\":\"2019-07-10T10:50:30+00:00\",\"dateModified\":\"2019-07-10T10:50:31+00:00\",\"author\":{\"@id\":\"https:\\\/\\\/super-news.info\\\/es\\\/#\\\/schema\\\/person\\\/2d4068cb2f39cd10008c2fce578a7356\"},\"breadcrumb\":{\"@id\":\"https:\\\/\\\/super-news.info\\\/es\\\/concluye-la-fase-pericial-del-juicio-de-bankia-marcada-por-la-opuesta-lectura-de-una-misma-causa\\\/#breadcrumb\"},\"inLanguage\":\"en-US\",\"potentialAction\":[{\"@type\":\"ReadAction\",\"target\":[\"https:\\\/\\\/super-news.info\\\/es\\\/concluye-la-fase-pericial-del-juicio-de-bankia-marcada-por-la-opuesta-lectura-de-una-misma-causa\\\/\"]}]},{\"@type\":\"ImageObject\",\"inLanguage\":\"en-US\",\"@id\":\"https:\\\/\\\/super-news.info\\\/es\\\/concluye-la-fase-pericial-del-juicio-de-bankia-marcada-por-la-opuesta-lectura-de-una-misma-causa\\\/#primaryimage\",\"url\":\"https:\\\/\\\/super-news.info\\\/es\\\/wp-content\\\/uploads\\\/sites\\\/4\\\/2019\\\/07\\\/Concluye-la-fase-pericial-del-juicio-de-Bankia-marcada-por.jpg\",\"contentUrl\":\"https:\\\/\\\/super-news.info\\\/es\\\/wp-content\\\/uploads\\\/sites\\\/4\\\/2019\\\/07\\\/Concluye-la-fase-pericial-del-juicio-de-Bankia-marcada-por.jpg\",\"width\":120,\"height\":84,\"caption\":\"Concluye la fase pericial del juicio de Bankia marcada por la opuesta lectura de una misma causa\"},{\"@type\":\"BreadcrumbList\",\"@id\":\"https:\\\/\\\/super-news.info\\\/es\\\/concluye-la-fase-pericial-del-juicio-de-bankia-marcada-por-la-opuesta-lectura-de-una-misma-causa\\\/#breadcrumb\",\"itemListElement\":[{\"@type\":\"ListItem\",\"position\":1,\"name\":\"\u0413\u043b\u0430\u0432\u043d\u0430\u044f \u0441\u0442\u0440\u0430\u043d\u0438\u0446\u0430\",\"item\":\"https:\\\/\\\/super-news.info\\\/es\\\/\"},{\"@type\":\"ListItem\",\"position\":2,\"name\":\"Concluye la fase pericial del juicio de Bankia marcada por la opuesta lectura de una misma causa\"}]},{\"@type\":\"WebSite\",\"@id\":\"https:\\\/\\\/super-news.info\\\/es\\\/#website\",\"url\":\"https:\\\/\\\/super-news.info\\\/es\\\/\",\"name\":\"Super News\",\"description\":\"Super News Espa\u00f1a\",\"potentialAction\":[{\"@type\":\"SearchAction\",\"target\":{\"@type\":\"EntryPoint\",\"urlTemplate\":\"https:\\\/\\\/super-news.info\\\/es\\\/?s={search_term_string}\"},\"query-input\":{\"@type\":\"PropertyValueSpecification\",\"valueRequired\":true,\"valueName\":\"search_term_string\"}}],\"inLanguage\":\"en-US\"},{\"@type\":\"Person\",\"@id\":\"https:\\\/\\\/super-news.info\\\/es\\\/#\\\/schema\\\/person\\\/2d4068cb2f39cd10008c2fce578a7356\",\"name\":\"super-news\",\"image\":{\"@type\":\"ImageObject\",\"inLanguage\":\"en-US\",\"@id\":\"https:\\\/\\\/secure.gravatar.com\\\/avatar\\\/64ebac40b93f26a154f8a9b5b6fdccfc46f442b26b3dd6756dbff3bf9dc76fd7?s=96&d=mm&r=g\",\"url\":\"https:\\\/\\\/secure.gravatar.com\\\/avatar\\\/64ebac40b93f26a154f8a9b5b6fdccfc46f442b26b3dd6756dbff3bf9dc76fd7?s=96&d=mm&r=g\",\"contentUrl\":\"https:\\\/\\\/secure.gravatar.com\\\/avatar\\\/64ebac40b93f26a154f8a9b5b6fdccfc46f442b26b3dd6756dbff3bf9dc76fd7?s=96&d=mm&r=g\",\"caption\":\"super-news\"},\"url\":\"https:\\\/\\\/super-news.info\\\/es\\\/author\\\/pt\\\/\"}]}<\/script>\n<!-- \/ Yoast SEO plugin. -->","yoast_head_json":{"title":"Concluye la fase pericial del juicio de Bankia marcada por la opuesta lectura de una misma causa - Super News","robots":{"index":"index","follow":"follow","max-snippet":"max-snippet:-1","max-image-preview":"max-image-preview:large","max-video-preview":"max-video-preview:-1"},"canonical":"https:\/\/super-news.info\/es\/concluye-la-fase-pericial-del-juicio-de-bankia-marcada-por-la-opuesta-lectura-de-una-misma-causa\/","og_locale":"en_US","og_type":"article","og_title":"Concluye la fase pericial del juicio de Bankia marcada por la opuesta lectura de una misma causa - Super News","og_description":"[ad_1] MADRID, 10 Jul. (EUROPA PRESS) &#8211; La fase pericial del juicio que investiga irregularidades en la salida a Bolsa de Bankia en julio de 2011 ha puesto fin tras cuatro semanas de intenso debate entre los peritos judiciales cedidos a la causa por el Banco de Espa\u00f1a y propuestos por la Fiscal\u00eda Anticorrupci\u00f3n y [&hellip;]","og_url":"https:\/\/super-news.info\/es\/concluye-la-fase-pericial-del-juicio-de-bankia-marcada-por-la-opuesta-lectura-de-una-misma-causa\/","og_site_name":"Super News","article_published_time":"2019-07-10T10:50:30+00:00","article_modified_time":"2019-07-10T10:50:31+00:00","og_image":[{"width":120,"height":84,"url":"https:\/\/super-news.info\/es\/wp-content\/uploads\/sites\/4\/2019\/07\/Concluye-la-fase-pericial-del-juicio-de-Bankia-marcada-por.jpg","type":"image\/jpeg"}],"author":"super-news","twitter_card":"summary_large_image","twitter_misc":{"Written by":"super-news","Est. reading time":"5 minutes"},"schema":{"@context":"https:\/\/schema.org","@graph":[{"@type":"Article","@id":"https:\/\/super-news.info\/es\/concluye-la-fase-pericial-del-juicio-de-bankia-marcada-por-la-opuesta-lectura-de-una-misma-causa\/#article","isPartOf":{"@id":"https:\/\/super-news.info\/es\/concluye-la-fase-pericial-del-juicio-de-bankia-marcada-por-la-opuesta-lectura-de-una-misma-causa\/"},"author":{"name":"super-news","@id":"https:\/\/super-news.info\/es\/#\/schema\/person\/2d4068cb2f39cd10008c2fce578a7356"},"headline":"Concluye la fase pericial del juicio de Bankia marcada por la opuesta lectura de una misma causa","datePublished":"2019-07-10T10:50:30+00:00","dateModified":"2019-07-10T10:50:31+00:00","mainEntityOfPage":{"@id":"https:\/\/super-news.info\/es\/concluye-la-fase-pericial-del-juicio-de-bankia-marcada-por-la-opuesta-lectura-de-una-misma-causa\/"},"wordCount":953,"commentCount":0,"image":{"@id":"https:\/\/super-news.info\/es\/concluye-la-fase-pericial-del-juicio-de-bankia-marcada-por-la-opuesta-lectura-de-una-misma-causa\/#primaryimage"},"thumbnailUrl":"https:\/\/super-news.info\/es\/wp-content\/uploads\/sites\/4\/2019\/07\/Concluye-la-fase-pericial-del-juicio-de-Bankia-marcada-por.jpg","articleSection":["NOTICIAS FINANCIERAS"],"inLanguage":"en-US","potentialAction":[{"@type":"CommentAction","name":"Comment","target":["https:\/\/super-news.info\/es\/concluye-la-fase-pericial-del-juicio-de-bankia-marcada-por-la-opuesta-lectura-de-una-misma-causa\/#respond"]}]},{"@type":"WebPage","@id":"https:\/\/super-news.info\/es\/concluye-la-fase-pericial-del-juicio-de-bankia-marcada-por-la-opuesta-lectura-de-una-misma-causa\/","url":"https:\/\/super-news.info\/es\/concluye-la-fase-pericial-del-juicio-de-bankia-marcada-por-la-opuesta-lectura-de-una-misma-causa\/","name":"Concluye la fase pericial del juicio de Bankia marcada por la opuesta lectura de una misma causa - Super News","isPartOf":{"@id":"https:\/\/super-news.info\/es\/#website"},"primaryImageOfPage":{"@id":"https:\/\/super-news.info\/es\/concluye-la-fase-pericial-del-juicio-de-bankia-marcada-por-la-opuesta-lectura-de-una-misma-causa\/#primaryimage"},"image":{"@id":"https:\/\/super-news.info\/es\/concluye-la-fase-pericial-del-juicio-de-bankia-marcada-por-la-opuesta-lectura-de-una-misma-causa\/#primaryimage"},"thumbnailUrl":"https:\/\/super-news.info\/es\/wp-content\/uploads\/sites\/4\/2019\/07\/Concluye-la-fase-pericial-del-juicio-de-Bankia-marcada-por.jpg","datePublished":"2019-07-10T10:50:30+00:00","dateModified":"2019-07-10T10:50:31+00:00","author":{"@id":"https:\/\/super-news.info\/es\/#\/schema\/person\/2d4068cb2f39cd10008c2fce578a7356"},"breadcrumb":{"@id":"https:\/\/super-news.info\/es\/concluye-la-fase-pericial-del-juicio-de-bankia-marcada-por-la-opuesta-lectura-de-una-misma-causa\/#breadcrumb"},"inLanguage":"en-US","potentialAction":[{"@type":"ReadAction","target":["https:\/\/super-news.info\/es\/concluye-la-fase-pericial-del-juicio-de-bankia-marcada-por-la-opuesta-lectura-de-una-misma-causa\/"]}]},{"@type":"ImageObject","inLanguage":"en-US","@id":"https:\/\/super-news.info\/es\/concluye-la-fase-pericial-del-juicio-de-bankia-marcada-por-la-opuesta-lectura-de-una-misma-causa\/#primaryimage","url":"https:\/\/super-news.info\/es\/wp-content\/uploads\/sites\/4\/2019\/07\/Concluye-la-fase-pericial-del-juicio-de-Bankia-marcada-por.jpg","contentUrl":"https:\/\/super-news.info\/es\/wp-content\/uploads\/sites\/4\/2019\/07\/Concluye-la-fase-pericial-del-juicio-de-Bankia-marcada-por.jpg","width":120,"height":84,"caption":"Concluye la fase pericial del juicio de Bankia marcada por la opuesta lectura de una misma causa"},{"@type":"BreadcrumbList","@id":"https:\/\/super-news.info\/es\/concluye-la-fase-pericial-del-juicio-de-bankia-marcada-por-la-opuesta-lectura-de-una-misma-causa\/#breadcrumb","itemListElement":[{"@type":"ListItem","position":1,"name":"\u0413\u043b\u0430\u0432\u043d\u0430\u044f \u0441\u0442\u0440\u0430\u043d\u0438\u0446\u0430","item":"https:\/\/super-news.info\/es\/"},{"@type":"ListItem","position":2,"name":"Concluye la fase pericial del juicio de Bankia marcada por la opuesta lectura de una misma causa"}]},{"@type":"WebSite","@id":"https:\/\/super-news.info\/es\/#website","url":"https:\/\/super-news.info\/es\/","name":"Super News","description":"Super News Espa\u00f1a","potentialAction":[{"@type":"SearchAction","target":{"@type":"EntryPoint","urlTemplate":"https:\/\/super-news.info\/es\/?s={search_term_string}"},"query-input":{"@type":"PropertyValueSpecification","valueRequired":true,"valueName":"search_term_string"}}],"inLanguage":"en-US"},{"@type":"Person","@id":"https:\/\/super-news.info\/es\/#\/schema\/person\/2d4068cb2f39cd10008c2fce578a7356","name":"super-news","image":{"@type":"ImageObject","inLanguage":"en-US","@id":"https:\/\/secure.gravatar.com\/avatar\/64ebac40b93f26a154f8a9b5b6fdccfc46f442b26b3dd6756dbff3bf9dc76fd7?s=96&d=mm&r=g","url":"https:\/\/secure.gravatar.com\/avatar\/64ebac40b93f26a154f8a9b5b6fdccfc46f442b26b3dd6756dbff3bf9dc76fd7?s=96&d=mm&r=g","contentUrl":"https:\/\/secure.gravatar.com\/avatar\/64ebac40b93f26a154f8a9b5b6fdccfc46f442b26b3dd6756dbff3bf9dc76fd7?s=96&d=mm&r=g","caption":"super-news"},"url":"https:\/\/super-news.info\/es\/author\/pt\/"}]}},"_links":{"self":[{"href":"https:\/\/super-news.info\/es\/wp-json\/wp\/v2\/posts\/5987","targetHints":{"allow":["GET"]}}],"collection":[{"href":"https:\/\/super-news.info\/es\/wp-json\/wp\/v2\/posts"}],"about":[{"href":"https:\/\/super-news.info\/es\/wp-json\/wp\/v2\/types\/post"}],"author":[{"embeddable":true,"href":"https:\/\/super-news.info\/es\/wp-json\/wp\/v2\/users\/2"}],"replies":[{"embeddable":true,"href":"https:\/\/super-news.info\/es\/wp-json\/wp\/v2\/comments?post=5987"}],"version-history":[{"count":1,"href":"https:\/\/super-news.info\/es\/wp-json\/wp\/v2\/posts\/5987\/revisions"}],"predecessor-version":[{"id":5989,"href":"https:\/\/super-news.info\/es\/wp-json\/wp\/v2\/posts\/5987\/revisions\/5989"}],"wp:featuredmedia":[{"embeddable":true,"href":"https:\/\/super-news.info\/es\/wp-json\/wp\/v2\/media\/5988"}],"wp:attachment":[{"href":"https:\/\/super-news.info\/es\/wp-json\/wp\/v2\/media?parent=5987"}],"wp:term":[{"taxonomy":"category","embeddable":true,"href":"https:\/\/super-news.info\/es\/wp-json\/wp\/v2\/categories?post=5987"},{"taxonomy":"post_tag","embeddable":true,"href":"https:\/\/super-news.info\/es\/wp-json\/wp\/v2\/tags?post=5987"}],"curies":[{"name":"wp","href":"https:\/\/api.w.org\/{rel}","templated":true}]}}