{"id":5984,"date":"2019-07-10T12:39:29","date_gmt":"2019-07-10T09:39:29","guid":{"rendered":"https:\/\/super-news.info\/es\/seis-de-cada-diez-inquilinos-considera-muy-caro-el-precio-del-alquiler-segun-fotocasa\/"},"modified":"2019-07-10T12:39:29","modified_gmt":"2019-07-10T09:39:29","slug":"seis-de-cada-diez-inquilinos-considera-muy-caro-el-precio-del-alquiler-segun-fotocasa","status":"publish","type":"post","link":"https:\/\/super-news.info\/es\/seis-de-cada-diez-inquilinos-considera-muy-caro-el-precio-del-alquiler-segun-fotocasa\/","title":{"rendered":"Seis de cada diez inquilinos considera &#8220;muy caro&#8221; el precio del alquiler, seg\u00fan Fotocasa"},"content":{"rendered":"<p> [ad_1]<\/p>\n<div id=\"CuerpoNoticiav2\" itemprop=\"articleBody\">\n<p>MADRID, 10 Jul. (EUROPA PRESS) &#8211; <\/p>\n<p itemprop=\"description\">   El 63% de los inquilinos que han alquilado o buscado una vivienda para alquilar durante el \u00faltimo a\u00f1o consideran que los actuales precios del alquiler son &#8220;muy caros&#8221;, porcentaje que se ha incrementado en 13 puntos respecto al a\u00f1o pasado, seg\u00fan un informe de Fotocasa difundido este mi\u00e9rcoles.<\/p>\n<p>   Pa\u00eds Vasco, Catalu\u00f1a y Madrid son las comunidades en las que existe una mayor percepci\u00f3n de que la vivienda, tanto en venta como en alquiler, es muy cara.<\/p>\n<p>   As\u00ed, para el 76% de los inquilinos de Pa\u00eds Vasco que han alquilado o intentado alquilar vivienda en el \u00faltimo a\u00f1o el precio del alquiler est\u00e1 muy caro. Le siguen las comunidades de Catalu\u00f1a y Madrid, con una percepci\u00f3n del 74%, y Andaluc\u00eda (55%) y Comunidad Valenciana (56%).<\/p>\n<p>   En todas las regiones ha aumentado la percepci\u00f3n de lo caro que es alquilar respecto a 2018. La comunidad en la que m\u00e1s se ha incrementado esta percepci\u00f3n es Comunidad Valenciana, seguida de Andaluc\u00eda, Madrid, Pa\u00eds Vasco y Catalu\u00f1a.<\/p>\n<p>   &#8220;El precio medio del alquiler se ha incrementado un 20% en los \u00faltimos cinco a\u00f1os como consecuencia de la mayor demanda en este mercado a ra\u00edz de la recuperaci\u00f3n econ\u00f3mica, la imposibilidad de acceder a la compra y el inter\u00e9s del inversor por las altas rentabilidades que ofrece la compra de vivienda para ponerla en alquiler. Esta subida es del 45% en comunidades como Catalu\u00f1a o Madrid, donde los precios ya superan los m\u00e1ximos registrados en los a\u00f1os del boom&#8221;, ha se\u00f1alado la directora de Estudios del portal inmobiliario, Beatriz Toribio.<\/p>\n<h2 class=\"ladillo\">CASI LA MITAD DE LOS PROPIETARIOS VE CARO EL PRECIO<\/h2>\n<p>   La percepci\u00f3n de que el precio de la vivienda est\u00e1 m\u00e1s caro ahora que el a\u00f1o pasado tambi\u00e9n la comparten los propietarios que han comprado o han buscado vivienda para comprar en 2019. As\u00ed, el 49% de los propietarios que buscan vivienda de compra consideran que los actuales precios son &#8220;muy caros&#8221;, frente al 44% del pasado a\u00f1o.<\/p>\n<p>   As\u00ed, Catalu\u00f1a es la comunidad en la que m\u00e1s propietarios tienen la percepci\u00f3n de que la vivienda de compra es muy cara (61%), seguida de Pa\u00eds Vasco (58%), Madrid (56%), Andaluc\u00eda (43%) y la Comunidad Valenciana (41%).<\/p>\n<p>   Seg\u00fan Fotocasa, tnto en venta como en alquiler, los espa\u00f1oles que han estado activos en el mercado inmobiliario este \u00faltimo a\u00f1o creen que la tendencia de los precios ser\u00e1 creciente y que cada vez los precios ser\u00e1n m\u00e1s caros. As\u00ed lo piensa el 68% en el caso de la compra y el 76% en el caso del alquiler.<\/p>\n<\/div>\n<p>[ad_2]<br \/>\n<br \/><a href=\"https:\/\/www.europapress.es\/economia\/construccion-y-vivienda-00342\/noticia-seis-cada-diez-inquilinos-considera-muy-caro-precio-alquiler-fotocasa-20190710112300.html\">Source link <\/a><\/p>\n","protected":false},"excerpt":{"rendered":"<p>[ad_1] MADRID, 10 Jul. (EUROPA PRESS) &#8211; El 63% de los inquilinos que han alquilado o buscado una vivienda para alquilar durante el \u00faltimo a\u00f1o consideran que los actuales precios del alquiler son &#8220;muy caros&#8221;, porcentaje que se ha incrementado en 13 puntos respecto al a\u00f1o pasado, seg\u00fan un informe de Fotocasa difundido este mi\u00e9rcoles. [&hellip;]<\/p>\n","protected":false},"author":2,"featured_media":5985,"comment_status":"open","ping_status":"open","sticky":false,"template":"","format":"standard","meta":{"footnotes":""},"categories":[1],"tags":[],"class_list":["post-5984","post","type-post","status-publish","format-standard","has-post-thumbnail","hentry","category-noticias-financieras"],"yoast_head":"<!-- This site is optimized with the Yoast SEO plugin v27.4 - https:\/\/yoast.com\/product\/yoast-seo-wordpress\/ -->\n<title>Seis de cada diez inquilinos considera &quot;muy caro&quot; el precio del alquiler, seg\u00fan Fotocasa - Super News<\/title>\n<meta name=\"robots\" content=\"index, follow, max-snippet:-1, max-image-preview:large, max-video-preview:-1\" \/>\n<link rel=\"canonical\" href=\"https:\/\/super-news.info\/es\/seis-de-cada-diez-inquilinos-considera-muy-caro-el-precio-del-alquiler-segun-fotocasa\/\" \/>\n<meta property=\"og:locale\" content=\"en_US\" \/>\n<meta property=\"og:type\" content=\"article\" \/>\n<meta property=\"og:title\" content=\"Seis de cada diez inquilinos considera &quot;muy caro&quot; el precio del alquiler, seg\u00fan Fotocasa - Super News\" \/>\n<meta property=\"og:description\" content=\"[ad_1] MADRID, 10 Jul. (EUROPA PRESS) &#8211; El 63% de los inquilinos que han alquilado o buscado una vivienda para alquilar durante el \u00faltimo a\u00f1o consideran que los actuales precios del alquiler son &#8220;muy caros&#8221;, porcentaje que se ha incrementado en 13 puntos respecto al a\u00f1o pasado, seg\u00fan un informe de Fotocasa difundido este mi\u00e9rcoles. [&hellip;]\" \/>\n<meta property=\"og:url\" content=\"https:\/\/super-news.info\/es\/seis-de-cada-diez-inquilinos-considera-muy-caro-el-precio-del-alquiler-segun-fotocasa\/\" \/>\n<meta property=\"og:site_name\" content=\"Super News\" \/>\n<meta property=\"article:published_time\" content=\"2019-07-10T09:39:29+00:00\" \/>\n<meta property=\"og:image\" content=\"https:\/\/super-news.info\/es\/wp-content\/uploads\/sites\/4\/2019\/07\/Seis-de-cada-diez-inquilinos-considera-muy-caro-el-precio.jpg\" \/>\n\t<meta property=\"og:image:width\" content=\"120\" \/>\n\t<meta property=\"og:image:height\" content=\"90\" \/>\n\t<meta property=\"og:image:type\" content=\"image\/jpeg\" \/>\n<meta name=\"author\" content=\"super-news\" \/>\n<meta name=\"twitter:card\" content=\"summary_large_image\" \/>\n<meta name=\"twitter:label1\" content=\"Written by\" \/>\n\t<meta name=\"twitter:data1\" content=\"super-news\" \/>\n\t<meta name=\"twitter:label2\" content=\"Est. reading time\" \/>\n\t<meta name=\"twitter:data2\" content=\"2 minutes\" \/>\n<script type=\"application\/ld+json\" class=\"yoast-schema-graph\">{\"@context\":\"https:\\\/\\\/schema.org\",\"@graph\":[{\"@type\":\"Article\",\"@id\":\"https:\\\/\\\/super-news.info\\\/es\\\/seis-de-cada-diez-inquilinos-considera-muy-caro-el-precio-del-alquiler-segun-fotocasa\\\/#article\",\"isPartOf\":{\"@id\":\"https:\\\/\\\/super-news.info\\\/es\\\/seis-de-cada-diez-inquilinos-considera-muy-caro-el-precio-del-alquiler-segun-fotocasa\\\/\"},\"author\":{\"name\":\"super-news\",\"@id\":\"https:\\\/\\\/super-news.info\\\/es\\\/#\\\/schema\\\/person\\\/2d4068cb2f39cd10008c2fce578a7356\"},\"headline\":\"Seis de cada diez inquilinos considera &#8220;muy caro&#8221; el precio del alquiler, seg\u00fan Fotocasa\",\"datePublished\":\"2019-07-10T09:39:29+00:00\",\"mainEntityOfPage\":{\"@id\":\"https:\\\/\\\/super-news.info\\\/es\\\/seis-de-cada-diez-inquilinos-considera-muy-caro-el-precio-del-alquiler-segun-fotocasa\\\/\"},\"wordCount\":464,\"commentCount\":0,\"image\":{\"@id\":\"https:\\\/\\\/super-news.info\\\/es\\\/seis-de-cada-diez-inquilinos-considera-muy-caro-el-precio-del-alquiler-segun-fotocasa\\\/#primaryimage\"},\"thumbnailUrl\":\"https:\\\/\\\/super-news.info\\\/es\\\/wp-content\\\/uploads\\\/sites\\\/4\\\/2019\\\/07\\\/Seis-de-cada-diez-inquilinos-considera-muy-caro-el-precio.jpg\",\"articleSection\":[\"NOTICIAS FINANCIERAS\"],\"inLanguage\":\"en-US\",\"potentialAction\":[{\"@type\":\"CommentAction\",\"name\":\"Comment\",\"target\":[\"https:\\\/\\\/super-news.info\\\/es\\\/seis-de-cada-diez-inquilinos-considera-muy-caro-el-precio-del-alquiler-segun-fotocasa\\\/#respond\"]}]},{\"@type\":\"WebPage\",\"@id\":\"https:\\\/\\\/super-news.info\\\/es\\\/seis-de-cada-diez-inquilinos-considera-muy-caro-el-precio-del-alquiler-segun-fotocasa\\\/\",\"url\":\"https:\\\/\\\/super-news.info\\\/es\\\/seis-de-cada-diez-inquilinos-considera-muy-caro-el-precio-del-alquiler-segun-fotocasa\\\/\",\"name\":\"Seis de cada diez inquilinos considera \\\"muy caro\\\" el precio del alquiler, seg\u00fan Fotocasa - Super News\",\"isPartOf\":{\"@id\":\"https:\\\/\\\/super-news.info\\\/es\\\/#website\"},\"primaryImageOfPage\":{\"@id\":\"https:\\\/\\\/super-news.info\\\/es\\\/seis-de-cada-diez-inquilinos-considera-muy-caro-el-precio-del-alquiler-segun-fotocasa\\\/#primaryimage\"},\"image\":{\"@id\":\"https:\\\/\\\/super-news.info\\\/es\\\/seis-de-cada-diez-inquilinos-considera-muy-caro-el-precio-del-alquiler-segun-fotocasa\\\/#primaryimage\"},\"thumbnailUrl\":\"https:\\\/\\\/super-news.info\\\/es\\\/wp-content\\\/uploads\\\/sites\\\/4\\\/2019\\\/07\\\/Seis-de-cada-diez-inquilinos-considera-muy-caro-el-precio.jpg\",\"datePublished\":\"2019-07-10T09:39:29+00:00\",\"author\":{\"@id\":\"https:\\\/\\\/super-news.info\\\/es\\\/#\\\/schema\\\/person\\\/2d4068cb2f39cd10008c2fce578a7356\"},\"breadcrumb\":{\"@id\":\"https:\\\/\\\/super-news.info\\\/es\\\/seis-de-cada-diez-inquilinos-considera-muy-caro-el-precio-del-alquiler-segun-fotocasa\\\/#breadcrumb\"},\"inLanguage\":\"en-US\",\"potentialAction\":[{\"@type\":\"ReadAction\",\"target\":[\"https:\\\/\\\/super-news.info\\\/es\\\/seis-de-cada-diez-inquilinos-considera-muy-caro-el-precio-del-alquiler-segun-fotocasa\\\/\"]}]},{\"@type\":\"ImageObject\",\"inLanguage\":\"en-US\",\"@id\":\"https:\\\/\\\/super-news.info\\\/es\\\/seis-de-cada-diez-inquilinos-considera-muy-caro-el-precio-del-alquiler-segun-fotocasa\\\/#primaryimage\",\"url\":\"https:\\\/\\\/super-news.info\\\/es\\\/wp-content\\\/uploads\\\/sites\\\/4\\\/2019\\\/07\\\/Seis-de-cada-diez-inquilinos-considera-muy-caro-el-precio.jpg\",\"contentUrl\":\"https:\\\/\\\/super-news.info\\\/es\\\/wp-content\\\/uploads\\\/sites\\\/4\\\/2019\\\/07\\\/Seis-de-cada-diez-inquilinos-considera-muy-caro-el-precio.jpg\",\"width\":120,\"height\":90,\"caption\":\"Seis de cada diez inquilinos considera \\\"muy caro\\\" el precio del alquiler, seg\u00fan Fotocasa\"},{\"@type\":\"BreadcrumbList\",\"@id\":\"https:\\\/\\\/super-news.info\\\/es\\\/seis-de-cada-diez-inquilinos-considera-muy-caro-el-precio-del-alquiler-segun-fotocasa\\\/#breadcrumb\",\"itemListElement\":[{\"@type\":\"ListItem\",\"position\":1,\"name\":\"\u0413\u043b\u0430\u0432\u043d\u0430\u044f \u0441\u0442\u0440\u0430\u043d\u0438\u0446\u0430\",\"item\":\"https:\\\/\\\/super-news.info\\\/es\\\/\"},{\"@type\":\"ListItem\",\"position\":2,\"name\":\"Seis de cada diez inquilinos considera &#8220;muy caro&#8221; el precio del alquiler, seg\u00fan Fotocasa\"}]},{\"@type\":\"WebSite\",\"@id\":\"https:\\\/\\\/super-news.info\\\/es\\\/#website\",\"url\":\"https:\\\/\\\/super-news.info\\\/es\\\/\",\"name\":\"Super News\",\"description\":\"Super News Espa\u00f1a\",\"potentialAction\":[{\"@type\":\"SearchAction\",\"target\":{\"@type\":\"EntryPoint\",\"urlTemplate\":\"https:\\\/\\\/super-news.info\\\/es\\\/?s={search_term_string}\"},\"query-input\":{\"@type\":\"PropertyValueSpecification\",\"valueRequired\":true,\"valueName\":\"search_term_string\"}}],\"inLanguage\":\"en-US\"},{\"@type\":\"Person\",\"@id\":\"https:\\\/\\\/super-news.info\\\/es\\\/#\\\/schema\\\/person\\\/2d4068cb2f39cd10008c2fce578a7356\",\"name\":\"super-news\",\"image\":{\"@type\":\"ImageObject\",\"inLanguage\":\"en-US\",\"@id\":\"https:\\\/\\\/secure.gravatar.com\\\/avatar\\\/64ebac40b93f26a154f8a9b5b6fdccfc46f442b26b3dd6756dbff3bf9dc76fd7?s=96&d=mm&r=g\",\"url\":\"https:\\\/\\\/secure.gravatar.com\\\/avatar\\\/64ebac40b93f26a154f8a9b5b6fdccfc46f442b26b3dd6756dbff3bf9dc76fd7?s=96&d=mm&r=g\",\"contentUrl\":\"https:\\\/\\\/secure.gravatar.com\\\/avatar\\\/64ebac40b93f26a154f8a9b5b6fdccfc46f442b26b3dd6756dbff3bf9dc76fd7?s=96&d=mm&r=g\",\"caption\":\"super-news\"},\"url\":\"https:\\\/\\\/super-news.info\\\/es\\\/author\\\/pt\\\/\"}]}<\/script>\n<!-- \/ Yoast SEO plugin. -->","yoast_head_json":{"title":"Seis de cada diez inquilinos considera \"muy caro\" el precio del alquiler, seg\u00fan Fotocasa - Super News","robots":{"index":"index","follow":"follow","max-snippet":"max-snippet:-1","max-image-preview":"max-image-preview:large","max-video-preview":"max-video-preview:-1"},"canonical":"https:\/\/super-news.info\/es\/seis-de-cada-diez-inquilinos-considera-muy-caro-el-precio-del-alquiler-segun-fotocasa\/","og_locale":"en_US","og_type":"article","og_title":"Seis de cada diez inquilinos considera \"muy caro\" el precio del alquiler, seg\u00fan Fotocasa - Super News","og_description":"[ad_1] MADRID, 10 Jul. (EUROPA PRESS) &#8211; El 63% de los inquilinos que han alquilado o buscado una vivienda para alquilar durante el \u00faltimo a\u00f1o consideran que los actuales precios del alquiler son &#8220;muy caros&#8221;, porcentaje que se ha incrementado en 13 puntos respecto al a\u00f1o pasado, seg\u00fan un informe de Fotocasa difundido este mi\u00e9rcoles. [&hellip;]","og_url":"https:\/\/super-news.info\/es\/seis-de-cada-diez-inquilinos-considera-muy-caro-el-precio-del-alquiler-segun-fotocasa\/","og_site_name":"Super News","article_published_time":"2019-07-10T09:39:29+00:00","og_image":[{"width":120,"height":90,"url":"https:\/\/super-news.info\/es\/wp-content\/uploads\/sites\/4\/2019\/07\/Seis-de-cada-diez-inquilinos-considera-muy-caro-el-precio.jpg","type":"image\/jpeg"}],"author":"super-news","twitter_card":"summary_large_image","twitter_misc":{"Written by":"super-news","Est. reading time":"2 minutes"},"schema":{"@context":"https:\/\/schema.org","@graph":[{"@type":"Article","@id":"https:\/\/super-news.info\/es\/seis-de-cada-diez-inquilinos-considera-muy-caro-el-precio-del-alquiler-segun-fotocasa\/#article","isPartOf":{"@id":"https:\/\/super-news.info\/es\/seis-de-cada-diez-inquilinos-considera-muy-caro-el-precio-del-alquiler-segun-fotocasa\/"},"author":{"name":"super-news","@id":"https:\/\/super-news.info\/es\/#\/schema\/person\/2d4068cb2f39cd10008c2fce578a7356"},"headline":"Seis de cada diez inquilinos considera &#8220;muy caro&#8221; el precio del alquiler, seg\u00fan Fotocasa","datePublished":"2019-07-10T09:39:29+00:00","mainEntityOfPage":{"@id":"https:\/\/super-news.info\/es\/seis-de-cada-diez-inquilinos-considera-muy-caro-el-precio-del-alquiler-segun-fotocasa\/"},"wordCount":464,"commentCount":0,"image":{"@id":"https:\/\/super-news.info\/es\/seis-de-cada-diez-inquilinos-considera-muy-caro-el-precio-del-alquiler-segun-fotocasa\/#primaryimage"},"thumbnailUrl":"https:\/\/super-news.info\/es\/wp-content\/uploads\/sites\/4\/2019\/07\/Seis-de-cada-diez-inquilinos-considera-muy-caro-el-precio.jpg","articleSection":["NOTICIAS FINANCIERAS"],"inLanguage":"en-US","potentialAction":[{"@type":"CommentAction","name":"Comment","target":["https:\/\/super-news.info\/es\/seis-de-cada-diez-inquilinos-considera-muy-caro-el-precio-del-alquiler-segun-fotocasa\/#respond"]}]},{"@type":"WebPage","@id":"https:\/\/super-news.info\/es\/seis-de-cada-diez-inquilinos-considera-muy-caro-el-precio-del-alquiler-segun-fotocasa\/","url":"https:\/\/super-news.info\/es\/seis-de-cada-diez-inquilinos-considera-muy-caro-el-precio-del-alquiler-segun-fotocasa\/","name":"Seis de cada diez inquilinos considera \"muy caro\" el precio del alquiler, seg\u00fan Fotocasa - Super News","isPartOf":{"@id":"https:\/\/super-news.info\/es\/#website"},"primaryImageOfPage":{"@id":"https:\/\/super-news.info\/es\/seis-de-cada-diez-inquilinos-considera-muy-caro-el-precio-del-alquiler-segun-fotocasa\/#primaryimage"},"image":{"@id":"https:\/\/super-news.info\/es\/seis-de-cada-diez-inquilinos-considera-muy-caro-el-precio-del-alquiler-segun-fotocasa\/#primaryimage"},"thumbnailUrl":"https:\/\/super-news.info\/es\/wp-content\/uploads\/sites\/4\/2019\/07\/Seis-de-cada-diez-inquilinos-considera-muy-caro-el-precio.jpg","datePublished":"2019-07-10T09:39:29+00:00","author":{"@id":"https:\/\/super-news.info\/es\/#\/schema\/person\/2d4068cb2f39cd10008c2fce578a7356"},"breadcrumb":{"@id":"https:\/\/super-news.info\/es\/seis-de-cada-diez-inquilinos-considera-muy-caro-el-precio-del-alquiler-segun-fotocasa\/#breadcrumb"},"inLanguage":"en-US","potentialAction":[{"@type":"ReadAction","target":["https:\/\/super-news.info\/es\/seis-de-cada-diez-inquilinos-considera-muy-caro-el-precio-del-alquiler-segun-fotocasa\/"]}]},{"@type":"ImageObject","inLanguage":"en-US","@id":"https:\/\/super-news.info\/es\/seis-de-cada-diez-inquilinos-considera-muy-caro-el-precio-del-alquiler-segun-fotocasa\/#primaryimage","url":"https:\/\/super-news.info\/es\/wp-content\/uploads\/sites\/4\/2019\/07\/Seis-de-cada-diez-inquilinos-considera-muy-caro-el-precio.jpg","contentUrl":"https:\/\/super-news.info\/es\/wp-content\/uploads\/sites\/4\/2019\/07\/Seis-de-cada-diez-inquilinos-considera-muy-caro-el-precio.jpg","width":120,"height":90,"caption":"Seis de cada diez inquilinos considera \"muy caro\" el precio del alquiler, seg\u00fan Fotocasa"},{"@type":"BreadcrumbList","@id":"https:\/\/super-news.info\/es\/seis-de-cada-diez-inquilinos-considera-muy-caro-el-precio-del-alquiler-segun-fotocasa\/#breadcrumb","itemListElement":[{"@type":"ListItem","position":1,"name":"\u0413\u043b\u0430\u0432\u043d\u0430\u044f \u0441\u0442\u0440\u0430\u043d\u0438\u0446\u0430","item":"https:\/\/super-news.info\/es\/"},{"@type":"ListItem","position":2,"name":"Seis de cada diez inquilinos considera &#8220;muy caro&#8221; el precio del alquiler, seg\u00fan Fotocasa"}]},{"@type":"WebSite","@id":"https:\/\/super-news.info\/es\/#website","url":"https:\/\/super-news.info\/es\/","name":"Super News","description":"Super News Espa\u00f1a","potentialAction":[{"@type":"SearchAction","target":{"@type":"EntryPoint","urlTemplate":"https:\/\/super-news.info\/es\/?s={search_term_string}"},"query-input":{"@type":"PropertyValueSpecification","valueRequired":true,"valueName":"search_term_string"}}],"inLanguage":"en-US"},{"@type":"Person","@id":"https:\/\/super-news.info\/es\/#\/schema\/person\/2d4068cb2f39cd10008c2fce578a7356","name":"super-news","image":{"@type":"ImageObject","inLanguage":"en-US","@id":"https:\/\/secure.gravatar.com\/avatar\/64ebac40b93f26a154f8a9b5b6fdccfc46f442b26b3dd6756dbff3bf9dc76fd7?s=96&d=mm&r=g","url":"https:\/\/secure.gravatar.com\/avatar\/64ebac40b93f26a154f8a9b5b6fdccfc46f442b26b3dd6756dbff3bf9dc76fd7?s=96&d=mm&r=g","contentUrl":"https:\/\/secure.gravatar.com\/avatar\/64ebac40b93f26a154f8a9b5b6fdccfc46f442b26b3dd6756dbff3bf9dc76fd7?s=96&d=mm&r=g","caption":"super-news"},"url":"https:\/\/super-news.info\/es\/author\/pt\/"}]}},"_links":{"self":[{"href":"https:\/\/super-news.info\/es\/wp-json\/wp\/v2\/posts\/5984","targetHints":{"allow":["GET"]}}],"collection":[{"href":"https:\/\/super-news.info\/es\/wp-json\/wp\/v2\/posts"}],"about":[{"href":"https:\/\/super-news.info\/es\/wp-json\/wp\/v2\/types\/post"}],"author":[{"embeddable":true,"href":"https:\/\/super-news.info\/es\/wp-json\/wp\/v2\/users\/2"}],"replies":[{"embeddable":true,"href":"https:\/\/super-news.info\/es\/wp-json\/wp\/v2\/comments?post=5984"}],"version-history":[{"count":1,"href":"https:\/\/super-news.info\/es\/wp-json\/wp\/v2\/posts\/5984\/revisions"}],"predecessor-version":[{"id":5986,"href":"https:\/\/super-news.info\/es\/wp-json\/wp\/v2\/posts\/5984\/revisions\/5986"}],"wp:featuredmedia":[{"embeddable":true,"href":"https:\/\/super-news.info\/es\/wp-json\/wp\/v2\/media\/5985"}],"wp:attachment":[{"href":"https:\/\/super-news.info\/es\/wp-json\/wp\/v2\/media?parent=5984"}],"wp:term":[{"taxonomy":"category","embeddable":true,"href":"https:\/\/super-news.info\/es\/wp-json\/wp\/v2\/categories?post=5984"},{"taxonomy":"post_tag","embeddable":true,"href":"https:\/\/super-news.info\/es\/wp-json\/wp\/v2\/tags?post=5984"}],"curies":[{"name":"wp","href":"https:\/\/api.w.org\/{rel}","templated":true}]}}