{"id":5969,"date":"2019-07-10T09:38:38","date_gmt":"2019-07-10T06:38:38","guid":{"rendered":"https:\/\/super-news.info\/es\/lenovo-inicia-un-acuerdo-de-patrocinio-tecnologico-con-el-fc-internazionale-milano\/"},"modified":"2019-07-10T09:38:39","modified_gmt":"2019-07-10T06:38:39","slug":"lenovo-inicia-un-acuerdo-de-patrocinio-tecnologico-con-el-fc-internazionale-milano","status":"publish","type":"post","link":"https:\/\/super-news.info\/es\/lenovo-inicia-un-acuerdo-de-patrocinio-tecnologico-con-el-fc-internazionale-milano\/","title":{"rendered":"Lenovo inicia un acuerdo de patrocinio tecnol\u00f3gico con el FC Internazionale Milano"},"content":{"rendered":"<p> [ad_1]<br \/>\n<\/p>\n<div id=\"textoNoticia\">\n<p class=\"excerpt-single\">Inter lucir\u00e1 la marca de Lenovo en San Siro y en sus equipaciones de entrenamiento, mientras Lenovo dotar\u00e1 al club de sus servicios e infraestructuras tecnol\u00f3gicas<\/p>\n<\/p>\n<p>Lenovo ha firmado recientemente con el FC Internazionale Milano un acuerdo de patrocinio como <strong>Global Technology Partner<\/strong> para los pr\u00f3ximos a\u00f1os. De este modo ambas marcas, ic\u00f3nicas y mundialmente conocidas en sus \u00e1mbitos por sus valores compartidos, como la <strong>innovaci\u00f3n<\/strong> y el <strong>rendimiento,\u00a0<\/strong>vinculan su imagen durante el pr\u00f3ximo lustro.<\/p>\n<p>Debido a este acuerdo de patrocinio, Lenovo ofrecer\u00e1 al Inter sus <strong>servicios<\/strong> como uno de los proveedores de soluciones de <strong>tecnolog\u00eda<\/strong> m\u00e1s grandes del mundo, con el prop\u00f3sito de mejorar la gesti\u00f3n de la ingente cantidad de informaci\u00f3n generada por la <strong>interacci\u00f3n entre el club y sus aficionados. <\/strong><\/p>\n<p>Consecuentemente,\u00a0Lenovo pondr\u00e1 a disposici\u00f3n del Inter su tecnolog\u00eda m\u00e1s avanzada, y\u00a0proveer\u00e1 al club transalpino de <strong>servidores<\/strong>, <strong>almacenamiento<\/strong>, soluciones definidas por <strong>software<\/strong>, as\u00ed como <strong>PCs<\/strong>, computadoras port\u00e1tiles y <strong>tabletas<\/strong> de la multinacional. Gracias a este servicio, ser\u00e1 posible que el club digitalice y almacene <strong>archivos hist\u00f3ricos<\/strong> y documentos de <strong>actualidad<\/strong>, facilitando el <strong>acceso<\/strong> a los fans d\u00f3nde y cu\u00e1ndo lo deseen.<\/p>\n<p><img loading=\"lazy\" decoding=\"async\" class=\"aligncenter size-full wp-image-497093\" src=\"https:\/\/super-news.info\/es\/wp-content\/uploads\/sites\/4\/2019\/07\/1562740718_944_Lenovo-inicia-un-acuerdo-de-patrocinio-tecnologico-con-el-FC.jpg\" alt=\"lenovo-inter\" width=\"626\" height=\"352\"\/><\/p>\n<p>Durante los pr\u00f3ximos<strong> 5 a\u00f1os<\/strong>, el equipo de <strong>Servicios Profesionales de Lenovo<\/strong> asegurar\u00e1 que los sistemas tecnol\u00f3gicos del Inter funcionen a su m\u00e1xima capacidad. Como contraparte, el Inter de Mil\u00e1n, uno de los mejores equipos de f\u00fatbol del mundo, y uno de los m\u00e1s seguidos de <strong>Italia<\/strong>, se compromete a lucir el logo de Lenovo en su inconfundible estadio local, <strong>San Siro<\/strong>. Adem\u00e1s, tambi\u00e9n lo mostrar\u00e1n en la <strong>parte trasera de la equipaci\u00f3n<\/strong> de entrenamiento del equipo durante la temporada.<\/p>\n<p>El primer compromiso de Lenovo como patrocinador del conjunto nerazzurri tendr\u00e1 lugar durante un campus de entrenamiento en la <strong>pretemporada<\/strong> del equipo, precediendo a un <strong>tour veraniego<\/strong> por Singapur y China.<\/p>\n<p><img loading=\"lazy\" decoding=\"async\" class=\"aligncenter size-full wp-image-497091\" src=\"https:\/\/super-news.info\/es\/wp-content\/uploads\/sites\/4\/2019\/07\/1562740718_186_Lenovo-inicia-un-acuerdo-de-patrocinio-tecnologico-con-el-FC.jpg\" alt=\"lenovo-inter\" width=\"626\" height=\"364\"\/><\/p>\n<p>\u201cEra l\u00f3gico que Lenovo y FC Internazionale Milano inici\u00e1ramos una relaci\u00f3n de cooperaci\u00f3n, ya que compartimos valores fundamentales como el <strong>alto rendimiento<\/strong>, la <strong>innovaci\u00f3n<\/strong>, la <strong>diversidad<\/strong> y la <strong>inclusi\u00f3n<\/strong>\u201d explic\u00f3 <strong>Gianfranco Lanci<\/strong>, Corporate President and Chief Operating Officer of Lenovo.<\/p>\n<p>Poco despu\u00e9s a\u00f1ad\u00eda que \u201cLa <strong>historia centenaria<\/strong> del Inter, repleta de <strong>triunfos y r\u00e9cords<\/strong> prestigiosos, y su enfoque en valores compartidos, hacen del club el compa\u00f1ero ideal para Lenovo. Con el amplio cat\u00e1logo de tecnolog\u00eda inteligente que podemos ofrecer, <strong>queremos ayudar al Inter<\/strong> a comprometerse con sus fans y entusiastas alrededor del globo as\u00ed como ofrecerles una experiencia a\u00fan m\u00e1s grande cuando accedan a sus contenidos informativos y de entretenimiento\u201d<\/p>\n<p>\u201cNos complace que una de las mayores marcas tecnol\u00f3gicas del mundo haya elegido incorporarse a la <strong>industria futbol\u00edstica global<\/strong> con Internazionale\u201d afirm\u00f3 el CEO de FC Internazionale Milano,\u00a0 <strong>Alessandro<\/strong> <strong>Antonello<\/strong>. \u201cGracias a la experiencia tecnol\u00f3gica de Lenovo, este acuerdo potenciar\u00e1 la <strong>innovaci\u00f3n<\/strong> y la b\u00fasqueda del <strong>alto rendimiento<\/strong> en esta nueva era en el Inter\u201d concluy\u00f3.<\/p>\n<p class=\"link-telegram\">\n\t\t\t\t\t\t\t\t\t\t\tNo te pierdas nada de MarketingDirecto.com y \u00fanete a nuestro Telegram t.me\/MarketingDirecto\n\t\t\t\t\t\t\t\t\t\t<\/p>\n<\/p><\/div>\n<p><script>(function(d, s, id) {\n  var js, fjs = d.getElementsByTagName(s)[0];\n  if (d.getElementById(id)) return;\n  js = d.createElement(s); js.id = id;\n  js.src = \"http:\/\/connect.facebook.net\/es_LA\/sdk.js#xfbml=1&appId=408746052611679&version=v2.3\";\n  fjs.parentNode.insertBefore(js, fjs);\n}(document, 'script', 'facebook-jssdk'));<\/script><br \/>\n<br \/>[ad_2]<br \/>\n<br \/><a href=\"https:\/\/www.marketingdirecto.com\/anunciantes-general\/anunciantes\/lenovo-inicia-un-acuerdo-de-patrocinio-tecnologico-con-el-fc-internazionale-milano\">Source link <\/a><\/p>\n","protected":false},"excerpt":{"rendered":"<p>[ad_1] Inter lucir\u00e1 la marca de Lenovo en San Siro y en sus equipaciones de entrenamiento, mientras Lenovo dotar\u00e1 al club de sus servicios e infraestructuras tecnol\u00f3gicas Lenovo ha firmado recientemente con el FC Internazionale Milano un acuerdo de patrocinio como Global Technology Partner para los pr\u00f3ximos a\u00f1os. De este modo ambas marcas, ic\u00f3nicas y [&hellip;]<\/p>\n","protected":false},"author":2,"featured_media":5970,"comment_status":"open","ping_status":"open","sticky":false,"template":"","format":"standard","meta":{"footnotes":""},"categories":[2],"tags":[],"class_list":["post-5969","post","type-post","status-publish","format-standard","has-post-thumbnail","hentry","category-noticias-de-marketing-digital"],"yoast_head":"<!-- This site is optimized with the Yoast SEO plugin v27.4 - https:\/\/yoast.com\/product\/yoast-seo-wordpress\/ -->\n<title>Lenovo inicia un acuerdo de patrocinio tecnol\u00f3gico con el FC Internazionale Milano - Super News<\/title>\n<meta name=\"robots\" content=\"index, follow, max-snippet:-1, max-image-preview:large, max-video-preview:-1\" \/>\n<link rel=\"canonical\" href=\"https:\/\/super-news.info\/es\/lenovo-inicia-un-acuerdo-de-patrocinio-tecnologico-con-el-fc-internazionale-milano\/\" \/>\n<meta property=\"og:locale\" content=\"en_US\" \/>\n<meta property=\"og:type\" content=\"article\" \/>\n<meta property=\"og:title\" content=\"Lenovo inicia un acuerdo de patrocinio tecnol\u00f3gico con el FC Internazionale Milano - Super News\" \/>\n<meta property=\"og:description\" content=\"[ad_1] Inter lucir\u00e1 la marca de Lenovo en San Siro y en sus equipaciones de entrenamiento, mientras Lenovo dotar\u00e1 al club de sus servicios e infraestructuras tecnol\u00f3gicas Lenovo ha firmado recientemente con el FC Internazionale Milano un acuerdo de patrocinio como Global Technology Partner para los pr\u00f3ximos a\u00f1os. De este modo ambas marcas, ic\u00f3nicas y [&hellip;]\" \/>\n<meta property=\"og:url\" content=\"https:\/\/super-news.info\/es\/lenovo-inicia-un-acuerdo-de-patrocinio-tecnologico-con-el-fc-internazionale-milano\/\" \/>\n<meta property=\"og:site_name\" content=\"Super News\" \/>\n<meta property=\"article:published_time\" content=\"2019-07-10T06:38:38+00:00\" \/>\n<meta property=\"article:modified_time\" content=\"2019-07-10T06:38:39+00:00\" \/>\n<meta property=\"og:image\" content=\"https:\/\/super-news.info\/es\/wp-content\/uploads\/sites\/4\/2019\/07\/Lenovo-inicia-un-acuerdo-de-patrocinio-tecnol\u00f3gico-con-el-FC.jpg\" \/>\n\t<meta property=\"og:image:width\" content=\"626\" \/>\n\t<meta property=\"og:image:height\" content=\"364\" \/>\n\t<meta property=\"og:image:type\" content=\"image\/jpeg\" \/>\n<meta name=\"author\" content=\"super-news\" \/>\n<meta name=\"twitter:card\" content=\"summary_large_image\" \/>\n<meta name=\"twitter:label1\" content=\"Written by\" \/>\n\t<meta name=\"twitter:data1\" content=\"super-news\" \/>\n\t<meta name=\"twitter:label2\" content=\"Est. reading time\" \/>\n\t<meta name=\"twitter:data2\" content=\"3 minutes\" \/>\n<script type=\"application\/ld+json\" class=\"yoast-schema-graph\">{\"@context\":\"https:\\\/\\\/schema.org\",\"@graph\":[{\"@type\":\"Article\",\"@id\":\"https:\\\/\\\/super-news.info\\\/es\\\/lenovo-inicia-un-acuerdo-de-patrocinio-tecnologico-con-el-fc-internazionale-milano\\\/#article\",\"isPartOf\":{\"@id\":\"https:\\\/\\\/super-news.info\\\/es\\\/lenovo-inicia-un-acuerdo-de-patrocinio-tecnologico-con-el-fc-internazionale-milano\\\/\"},\"author\":{\"name\":\"super-news\",\"@id\":\"https:\\\/\\\/super-news.info\\\/es\\\/#\\\/schema\\\/person\\\/2d4068cb2f39cd10008c2fce578a7356\"},\"headline\":\"Lenovo inicia un acuerdo de patrocinio tecnol\u00f3gico con el FC Internazionale Milano\",\"datePublished\":\"2019-07-10T06:38:38+00:00\",\"dateModified\":\"2019-07-10T06:38:39+00:00\",\"mainEntityOfPage\":{\"@id\":\"https:\\\/\\\/super-news.info\\\/es\\\/lenovo-inicia-un-acuerdo-de-patrocinio-tecnologico-con-el-fc-internazionale-milano\\\/\"},\"wordCount\":544,\"commentCount\":0,\"image\":{\"@id\":\"https:\\\/\\\/super-news.info\\\/es\\\/lenovo-inicia-un-acuerdo-de-patrocinio-tecnologico-con-el-fc-internazionale-milano\\\/#primaryimage\"},\"thumbnailUrl\":\"https:\\\/\\\/super-news.info\\\/es\\\/wp-content\\\/uploads\\\/sites\\\/4\\\/2019\\\/07\\\/Lenovo-inicia-un-acuerdo-de-patrocinio-tecnol\u00f3gico-con-el-FC.jpg\",\"articleSection\":[\"NOTICIAS DE MARKETING DIGITAL\"],\"inLanguage\":\"en-US\",\"potentialAction\":[{\"@type\":\"CommentAction\",\"name\":\"Comment\",\"target\":[\"https:\\\/\\\/super-news.info\\\/es\\\/lenovo-inicia-un-acuerdo-de-patrocinio-tecnologico-con-el-fc-internazionale-milano\\\/#respond\"]}]},{\"@type\":\"WebPage\",\"@id\":\"https:\\\/\\\/super-news.info\\\/es\\\/lenovo-inicia-un-acuerdo-de-patrocinio-tecnologico-con-el-fc-internazionale-milano\\\/\",\"url\":\"https:\\\/\\\/super-news.info\\\/es\\\/lenovo-inicia-un-acuerdo-de-patrocinio-tecnologico-con-el-fc-internazionale-milano\\\/\",\"name\":\"Lenovo inicia un acuerdo de patrocinio tecnol\u00f3gico con el FC Internazionale Milano - Super News\",\"isPartOf\":{\"@id\":\"https:\\\/\\\/super-news.info\\\/es\\\/#website\"},\"primaryImageOfPage\":{\"@id\":\"https:\\\/\\\/super-news.info\\\/es\\\/lenovo-inicia-un-acuerdo-de-patrocinio-tecnologico-con-el-fc-internazionale-milano\\\/#primaryimage\"},\"image\":{\"@id\":\"https:\\\/\\\/super-news.info\\\/es\\\/lenovo-inicia-un-acuerdo-de-patrocinio-tecnologico-con-el-fc-internazionale-milano\\\/#primaryimage\"},\"thumbnailUrl\":\"https:\\\/\\\/super-news.info\\\/es\\\/wp-content\\\/uploads\\\/sites\\\/4\\\/2019\\\/07\\\/Lenovo-inicia-un-acuerdo-de-patrocinio-tecnol\u00f3gico-con-el-FC.jpg\",\"datePublished\":\"2019-07-10T06:38:38+00:00\",\"dateModified\":\"2019-07-10T06:38:39+00:00\",\"author\":{\"@id\":\"https:\\\/\\\/super-news.info\\\/es\\\/#\\\/schema\\\/person\\\/2d4068cb2f39cd10008c2fce578a7356\"},\"breadcrumb\":{\"@id\":\"https:\\\/\\\/super-news.info\\\/es\\\/lenovo-inicia-un-acuerdo-de-patrocinio-tecnologico-con-el-fc-internazionale-milano\\\/#breadcrumb\"},\"inLanguage\":\"en-US\",\"potentialAction\":[{\"@type\":\"ReadAction\",\"target\":[\"https:\\\/\\\/super-news.info\\\/es\\\/lenovo-inicia-un-acuerdo-de-patrocinio-tecnologico-con-el-fc-internazionale-milano\\\/\"]}]},{\"@type\":\"ImageObject\",\"inLanguage\":\"en-US\",\"@id\":\"https:\\\/\\\/super-news.info\\\/es\\\/lenovo-inicia-un-acuerdo-de-patrocinio-tecnologico-con-el-fc-internazionale-milano\\\/#primaryimage\",\"url\":\"https:\\\/\\\/super-news.info\\\/es\\\/wp-content\\\/uploads\\\/sites\\\/4\\\/2019\\\/07\\\/Lenovo-inicia-un-acuerdo-de-patrocinio-tecnol\u00f3gico-con-el-FC.jpg\",\"contentUrl\":\"https:\\\/\\\/super-news.info\\\/es\\\/wp-content\\\/uploads\\\/sites\\\/4\\\/2019\\\/07\\\/Lenovo-inicia-un-acuerdo-de-patrocinio-tecnol\u00f3gico-con-el-FC.jpg\",\"width\":626,\"height\":364,\"caption\":\"lenovo-inter\"},{\"@type\":\"BreadcrumbList\",\"@id\":\"https:\\\/\\\/super-news.info\\\/es\\\/lenovo-inicia-un-acuerdo-de-patrocinio-tecnologico-con-el-fc-internazionale-milano\\\/#breadcrumb\",\"itemListElement\":[{\"@type\":\"ListItem\",\"position\":1,\"name\":\"\u0413\u043b\u0430\u0432\u043d\u0430\u044f \u0441\u0442\u0440\u0430\u043d\u0438\u0446\u0430\",\"item\":\"https:\\\/\\\/super-news.info\\\/es\\\/\"},{\"@type\":\"ListItem\",\"position\":2,\"name\":\"Lenovo inicia un acuerdo de patrocinio tecnol\u00f3gico con el FC Internazionale Milano\"}]},{\"@type\":\"WebSite\",\"@id\":\"https:\\\/\\\/super-news.info\\\/es\\\/#website\",\"url\":\"https:\\\/\\\/super-news.info\\\/es\\\/\",\"name\":\"Super News\",\"description\":\"Super News Espa\u00f1a\",\"potentialAction\":[{\"@type\":\"SearchAction\",\"target\":{\"@type\":\"EntryPoint\",\"urlTemplate\":\"https:\\\/\\\/super-news.info\\\/es\\\/?s={search_term_string}\"},\"query-input\":{\"@type\":\"PropertyValueSpecification\",\"valueRequired\":true,\"valueName\":\"search_term_string\"}}],\"inLanguage\":\"en-US\"},{\"@type\":\"Person\",\"@id\":\"https:\\\/\\\/super-news.info\\\/es\\\/#\\\/schema\\\/person\\\/2d4068cb2f39cd10008c2fce578a7356\",\"name\":\"super-news\",\"image\":{\"@type\":\"ImageObject\",\"inLanguage\":\"en-US\",\"@id\":\"https:\\\/\\\/secure.gravatar.com\\\/avatar\\\/64ebac40b93f26a154f8a9b5b6fdccfc46f442b26b3dd6756dbff3bf9dc76fd7?s=96&d=mm&r=g\",\"url\":\"https:\\\/\\\/secure.gravatar.com\\\/avatar\\\/64ebac40b93f26a154f8a9b5b6fdccfc46f442b26b3dd6756dbff3bf9dc76fd7?s=96&d=mm&r=g\",\"contentUrl\":\"https:\\\/\\\/secure.gravatar.com\\\/avatar\\\/64ebac40b93f26a154f8a9b5b6fdccfc46f442b26b3dd6756dbff3bf9dc76fd7?s=96&d=mm&r=g\",\"caption\":\"super-news\"},\"url\":\"https:\\\/\\\/super-news.info\\\/es\\\/author\\\/pt\\\/\"}]}<\/script>\n<!-- \/ Yoast SEO plugin. -->","yoast_head_json":{"title":"Lenovo inicia un acuerdo de patrocinio tecnol\u00f3gico con el FC Internazionale Milano - Super News","robots":{"index":"index","follow":"follow","max-snippet":"max-snippet:-1","max-image-preview":"max-image-preview:large","max-video-preview":"max-video-preview:-1"},"canonical":"https:\/\/super-news.info\/es\/lenovo-inicia-un-acuerdo-de-patrocinio-tecnologico-con-el-fc-internazionale-milano\/","og_locale":"en_US","og_type":"article","og_title":"Lenovo inicia un acuerdo de patrocinio tecnol\u00f3gico con el FC Internazionale Milano - Super News","og_description":"[ad_1] Inter lucir\u00e1 la marca de Lenovo en San Siro y en sus equipaciones de entrenamiento, mientras Lenovo dotar\u00e1 al club de sus servicios e infraestructuras tecnol\u00f3gicas Lenovo ha firmado recientemente con el FC Internazionale Milano un acuerdo de patrocinio como Global Technology Partner para los pr\u00f3ximos a\u00f1os. De este modo ambas marcas, ic\u00f3nicas y [&hellip;]","og_url":"https:\/\/super-news.info\/es\/lenovo-inicia-un-acuerdo-de-patrocinio-tecnologico-con-el-fc-internazionale-milano\/","og_site_name":"Super News","article_published_time":"2019-07-10T06:38:38+00:00","article_modified_time":"2019-07-10T06:38:39+00:00","og_image":[{"width":626,"height":364,"url":"https:\/\/super-news.info\/es\/wp-content\/uploads\/sites\/4\/2019\/07\/Lenovo-inicia-un-acuerdo-de-patrocinio-tecnol\u00f3gico-con-el-FC.jpg","type":"image\/jpeg"}],"author":"super-news","twitter_card":"summary_large_image","twitter_misc":{"Written by":"super-news","Est. reading time":"3 minutes"},"schema":{"@context":"https:\/\/schema.org","@graph":[{"@type":"Article","@id":"https:\/\/super-news.info\/es\/lenovo-inicia-un-acuerdo-de-patrocinio-tecnologico-con-el-fc-internazionale-milano\/#article","isPartOf":{"@id":"https:\/\/super-news.info\/es\/lenovo-inicia-un-acuerdo-de-patrocinio-tecnologico-con-el-fc-internazionale-milano\/"},"author":{"name":"super-news","@id":"https:\/\/super-news.info\/es\/#\/schema\/person\/2d4068cb2f39cd10008c2fce578a7356"},"headline":"Lenovo inicia un acuerdo de patrocinio tecnol\u00f3gico con el FC Internazionale Milano","datePublished":"2019-07-10T06:38:38+00:00","dateModified":"2019-07-10T06:38:39+00:00","mainEntityOfPage":{"@id":"https:\/\/super-news.info\/es\/lenovo-inicia-un-acuerdo-de-patrocinio-tecnologico-con-el-fc-internazionale-milano\/"},"wordCount":544,"commentCount":0,"image":{"@id":"https:\/\/super-news.info\/es\/lenovo-inicia-un-acuerdo-de-patrocinio-tecnologico-con-el-fc-internazionale-milano\/#primaryimage"},"thumbnailUrl":"https:\/\/super-news.info\/es\/wp-content\/uploads\/sites\/4\/2019\/07\/Lenovo-inicia-un-acuerdo-de-patrocinio-tecnol\u00f3gico-con-el-FC.jpg","articleSection":["NOTICIAS DE MARKETING DIGITAL"],"inLanguage":"en-US","potentialAction":[{"@type":"CommentAction","name":"Comment","target":["https:\/\/super-news.info\/es\/lenovo-inicia-un-acuerdo-de-patrocinio-tecnologico-con-el-fc-internazionale-milano\/#respond"]}]},{"@type":"WebPage","@id":"https:\/\/super-news.info\/es\/lenovo-inicia-un-acuerdo-de-patrocinio-tecnologico-con-el-fc-internazionale-milano\/","url":"https:\/\/super-news.info\/es\/lenovo-inicia-un-acuerdo-de-patrocinio-tecnologico-con-el-fc-internazionale-milano\/","name":"Lenovo inicia un acuerdo de patrocinio tecnol\u00f3gico con el FC Internazionale Milano - Super News","isPartOf":{"@id":"https:\/\/super-news.info\/es\/#website"},"primaryImageOfPage":{"@id":"https:\/\/super-news.info\/es\/lenovo-inicia-un-acuerdo-de-patrocinio-tecnologico-con-el-fc-internazionale-milano\/#primaryimage"},"image":{"@id":"https:\/\/super-news.info\/es\/lenovo-inicia-un-acuerdo-de-patrocinio-tecnologico-con-el-fc-internazionale-milano\/#primaryimage"},"thumbnailUrl":"https:\/\/super-news.info\/es\/wp-content\/uploads\/sites\/4\/2019\/07\/Lenovo-inicia-un-acuerdo-de-patrocinio-tecnol\u00f3gico-con-el-FC.jpg","datePublished":"2019-07-10T06:38:38+00:00","dateModified":"2019-07-10T06:38:39+00:00","author":{"@id":"https:\/\/super-news.info\/es\/#\/schema\/person\/2d4068cb2f39cd10008c2fce578a7356"},"breadcrumb":{"@id":"https:\/\/super-news.info\/es\/lenovo-inicia-un-acuerdo-de-patrocinio-tecnologico-con-el-fc-internazionale-milano\/#breadcrumb"},"inLanguage":"en-US","potentialAction":[{"@type":"ReadAction","target":["https:\/\/super-news.info\/es\/lenovo-inicia-un-acuerdo-de-patrocinio-tecnologico-con-el-fc-internazionale-milano\/"]}]},{"@type":"ImageObject","inLanguage":"en-US","@id":"https:\/\/super-news.info\/es\/lenovo-inicia-un-acuerdo-de-patrocinio-tecnologico-con-el-fc-internazionale-milano\/#primaryimage","url":"https:\/\/super-news.info\/es\/wp-content\/uploads\/sites\/4\/2019\/07\/Lenovo-inicia-un-acuerdo-de-patrocinio-tecnol\u00f3gico-con-el-FC.jpg","contentUrl":"https:\/\/super-news.info\/es\/wp-content\/uploads\/sites\/4\/2019\/07\/Lenovo-inicia-un-acuerdo-de-patrocinio-tecnol\u00f3gico-con-el-FC.jpg","width":626,"height":364,"caption":"lenovo-inter"},{"@type":"BreadcrumbList","@id":"https:\/\/super-news.info\/es\/lenovo-inicia-un-acuerdo-de-patrocinio-tecnologico-con-el-fc-internazionale-milano\/#breadcrumb","itemListElement":[{"@type":"ListItem","position":1,"name":"\u0413\u043b\u0430\u0432\u043d\u0430\u044f \u0441\u0442\u0440\u0430\u043d\u0438\u0446\u0430","item":"https:\/\/super-news.info\/es\/"},{"@type":"ListItem","position":2,"name":"Lenovo inicia un acuerdo de patrocinio tecnol\u00f3gico con el FC Internazionale Milano"}]},{"@type":"WebSite","@id":"https:\/\/super-news.info\/es\/#website","url":"https:\/\/super-news.info\/es\/","name":"Super News","description":"Super News Espa\u00f1a","potentialAction":[{"@type":"SearchAction","target":{"@type":"EntryPoint","urlTemplate":"https:\/\/super-news.info\/es\/?s={search_term_string}"},"query-input":{"@type":"PropertyValueSpecification","valueRequired":true,"valueName":"search_term_string"}}],"inLanguage":"en-US"},{"@type":"Person","@id":"https:\/\/super-news.info\/es\/#\/schema\/person\/2d4068cb2f39cd10008c2fce578a7356","name":"super-news","image":{"@type":"ImageObject","inLanguage":"en-US","@id":"https:\/\/secure.gravatar.com\/avatar\/64ebac40b93f26a154f8a9b5b6fdccfc46f442b26b3dd6756dbff3bf9dc76fd7?s=96&d=mm&r=g","url":"https:\/\/secure.gravatar.com\/avatar\/64ebac40b93f26a154f8a9b5b6fdccfc46f442b26b3dd6756dbff3bf9dc76fd7?s=96&d=mm&r=g","contentUrl":"https:\/\/secure.gravatar.com\/avatar\/64ebac40b93f26a154f8a9b5b6fdccfc46f442b26b3dd6756dbff3bf9dc76fd7?s=96&d=mm&r=g","caption":"super-news"},"url":"https:\/\/super-news.info\/es\/author\/pt\/"}]}},"_links":{"self":[{"href":"https:\/\/super-news.info\/es\/wp-json\/wp\/v2\/posts\/5969","targetHints":{"allow":["GET"]}}],"collection":[{"href":"https:\/\/super-news.info\/es\/wp-json\/wp\/v2\/posts"}],"about":[{"href":"https:\/\/super-news.info\/es\/wp-json\/wp\/v2\/types\/post"}],"author":[{"embeddable":true,"href":"https:\/\/super-news.info\/es\/wp-json\/wp\/v2\/users\/2"}],"replies":[{"embeddable":true,"href":"https:\/\/super-news.info\/es\/wp-json\/wp\/v2\/comments?post=5969"}],"version-history":[{"count":1,"href":"https:\/\/super-news.info\/es\/wp-json\/wp\/v2\/posts\/5969\/revisions"}],"predecessor-version":[{"id":5971,"href":"https:\/\/super-news.info\/es\/wp-json\/wp\/v2\/posts\/5969\/revisions\/5971"}],"wp:featuredmedia":[{"embeddable":true,"href":"https:\/\/super-news.info\/es\/wp-json\/wp\/v2\/media\/5970"}],"wp:attachment":[{"href":"https:\/\/super-news.info\/es\/wp-json\/wp\/v2\/media?parent=5969"}],"wp:term":[{"taxonomy":"category","embeddable":true,"href":"https:\/\/super-news.info\/es\/wp-json\/wp\/v2\/categories?post=5969"},{"taxonomy":"post_tag","embeddable":true,"href":"https:\/\/super-news.info\/es\/wp-json\/wp\/v2\/tags?post=5969"}],"curies":[{"name":"wp","href":"https:\/\/api.w.org\/{rel}","templated":true}]}}