{"id":5948,"date":"2019-07-10T01:21:11","date_gmt":"2019-07-09T22:21:11","guid":{"rendered":"https:\/\/super-news.info\/es\/la-economia-espanola-es-lo-suficientemente-autonoma-del-sistema-politico-como-para-mantenerse-segun-esade\/"},"modified":"2019-07-10T01:21:12","modified_gmt":"2019-07-09T22:21:12","slug":"la-economia-espanola-es-lo-suficientemente-autonoma-del-sistema-politico-como-para-mantenerse-segun-esade","status":"publish","type":"post","link":"https:\/\/super-news.info\/es\/la-economia-espanola-es-lo-suficientemente-autonoma-del-sistema-politico-como-para-mantenerse-segun-esade\/","title":{"rendered":"La econom\u00eda espa\u00f1ola es lo suficientemente aut\u00f3noma del sistema pol\u00edtico como para mantenerse, seg\u00fan Esade"},"content":{"rendered":"<p> [ad_1]<\/p>\n<div id=\"CuerpoNoticiav2\" itemprop=\"articleBody\">\n<h3 class=\"subsubhead\">Cree que hay &#8220;razones de fondo&#8221; que apuntan a que la guerra comercial &#8220;puede dar sorpresas en el futuro pr\u00f3ximo&#8221;<\/h3>\n<p>   MADRID, 9 Jul. (EUROPA PRESS) &#8211; <\/p>\n<p itemprop=\"description\">   La econom\u00eda espa\u00f1ola es lo suficientemente aut\u00f3noma del sistema pol\u00edtico como para mantener el crecimiento por encima de los &#8220;peque\u00f1os altibajos&#8221; derivados de la incertidumbre sobre las dificultades para la formaci\u00f3n de Gobierno o una posible repetici\u00f3n de elecciones.<\/p>\n<p>   As\u00ed lo ha puesto de manifiesto el profesor Josep Comajuncosa del departamento de econom\u00eda, finanzas y contabilidad de la escuela de negocios Esade durante la presentaci\u00f3n de su informe sobre las perspectivas de crecimiento mundial para el segundo semestre de 2019.<\/p>\n<p>   &#8220;Resulta evidente que para la econom\u00eda ser\u00eda mejor que se pudiera alcanzar un acuerdo de Gobierno cuanto antes, pero debemos entender que estas dificultades tampoco es que sean intr\u00ednsecas del sistema pol\u00edtico espa\u00f1ol&#8221;, ha explicado, asegurando que todas las econom\u00edas avanzadas tienen parlamentos fragmentados y polarizados pol\u00edticamente.<\/p>\n<p>   En este sentido, Comajuncosa ha asegurado que la situaci\u00f3n en la que se encuentra Espa\u00f1a no resulta un &#8220;drama&#8221;, mientras que incluso observa que una repetici\u00f3n de elecciones tampoco ser\u00eda &#8220;una debacle para la econom\u00eda&#8221;. No obstante, s\u00ed que ha reconocido que una nueva jornada electoral ser\u00eda &#8220;peor&#8221; para el sistema pol\u00edtico.<\/p>\n<p>   En este contexto, prev\u00e9 que Espa\u00f1a reducir\u00e1 su crecimiento del 2,6% de 2018 al 2% en 2019, dos d\u00e9cimas por debajo de lo que estima el Gobierno y por encima de la media de la zona euro, que se colocar\u00e1 en el 1,5%.<\/p>\n<p>   &#8220;Hemos preferido situarnos por debajo de la banda de consenso porque nos da la impresi\u00f3n de que Espa\u00f1a est\u00e1 cerrando su brecha de producci\u00f3n y se est\u00e1 acercando su potencial de crecimiento&#8221;, ha precisado el profesor de Esade, aunque ha admitido no haber realizado un &#8220;an\u00e1lisis emp\u00edrico con el que discutir con fortaleza unas d\u00e9cimas arriba o abajo.<\/p>\n<h2 class=\"ladillo\">SEGUIR\u00c1 LA INERCIA DE SUS PARES EUROPEOS<\/h2>\n<p>   En cualquier caso, Espa\u00f1a &#8220;seguir\u00e1 la pauta de la zona euro&#8221;, por lo que se mover\u00e1 seg\u00fan lo hagan sus pares europeos. &#8220;Tendremos problemas si se materializan algunos de los riesgos de la eurozona&#8221;, ha apuntado.<\/p>\n<p>   Los riesgos del \u00e1rea euro a los que se ha referido el profesor de Esade son los relacionados con la posibilidad de un Brexit &#8216;duro&#8217;, lo que producir\u00eda b\u00e1sicamente un da\u00f1o sobre la econom\u00eda brit\u00e1nica, pero tambi\u00e9n sobre los flujos financieros del resto de pa\u00edses.<\/p>\n<p>   Otro foco de riesgos es Italia, donde recientemente hubo problemas para llegar a un acuerdo sobre el nivel de d\u00e9ficit p\u00fablico que deriv\u00f3 en un aumento de la prima de riesgo del pa\u00eds transalpino. &#8220;Si Italia no cumple con sus compromisos, puede provocar que el aumento de su prima de riesgo se contagie a otros pa\u00edses y nos dirijamos hacia un escenario parecido al de 2012, aunque no de tal magnitud&#8221;, ha a\u00f1adido.<\/p>\n<p>   &#8220;Este bucle pernicioso, que aglutina al riesgo soberano, con la deuda p\u00fablica y la banca, debe eliminarse&#8221;, ha apostillado. Para ello, considera imprescindible la finalizaci\u00f3n de la uni\u00f3n bancaria con la creaci\u00f3n de un fondo de garant\u00eda de dep\u00f3sitos com\u00fan, pero sobre todo ha pedido avanzar en el terreno de la integraci\u00f3n fiscal mediante un fondo de contingencia para &#8216;malos tiempos&#8217; que pueda ser utilizado en caso de una futura recesi\u00f3n.<\/p>\n<p>   &#8220;Pronto o tarde habr\u00e1 una nueva crisis, por lo que esta integraci\u00f3n es imprescindible, lo que requiere de grandes niveles de cooperaci\u00f3n&#8221;, ha apostillado, al tiempo que ha subrayado que si no se llega a acuerdos en este terreno la pr\u00f3xima recesi\u00f3n podr\u00eda ser &#8220;mayor, m\u00e1s duradera y m\u00e1s dif\u00edcil de solucionar&#8221;. &#8220;Estas tareas pendientes ponen en peligro y podr\u00eda derivar en que la pr\u00f3xima crisis sea m\u00e1s profunda de lo deseable&#8221;, ha advertido.<\/p>\n<h2 class=\"ladillo\">SORPRESAS EN TORNO A LA GUERRA COMERCIAL<\/h2>\n<p>   Por otro lado, la percepci\u00f3n de Comajuncosa es que el crecimiento mundial se mantendr\u00e1 &#8220;moderado aunque d\u00e9bil y con peligros a la baja&#8221;, con avances algo &#8220;m\u00e1s boyantes&#8221; en las econom\u00edas emergentes. &#8220;Hay riesgos a nivel mundial bastante inminentes y en general nos parece probable que en el futuro no lejano las econom\u00edas desarrolladas entren en recesi\u00f3n, aunque no hablamos de una como la de 2009&#8221;, ha destacado.<\/p>\n<p>   El experto en econom\u00edas y finanzas de Esade ha dicho que el ciclo econ\u00f3mico est\u00e1 ya &#8220;maduro&#8221;, mientras que los riesgos podr\u00edan acelerar una recesi\u00f3n y las vulnerabilidades no resueltas, sobre todo las relacionadas con el sector financiero&#8221;, podr\u00edan volverla &#8220;m\u00e1s complicada&#8221;.<\/p>\n<p>   La principal incertidumbre que encuentra a nivel mundial es el proteccionismo y la guerra comercial entre China y Estados Unidos. Aunque ha abordado la tregua observada a finales de 2018 donde el presidente estadounidense Donald Trump se comprometi\u00f3 a negociar con China y a no introducir nuevos aranceles, ha apuntado al vuelco producido en su discurso durante los \u00faltimos meses.<\/p>\n<p>   &#8220;No podemos descartar decisiones inesperadas por parte de EEUU o China, incluso aparentemente contradictorias que perjudiquen a sus propias econom\u00edas&#8221;, ha remarcado, a\u00f1adiendo que hay &#8220;razones de fondo&#8221; que apuntan a que la guerra comercial &#8220;puede dar sorpresas en el futuro pr\u00f3ximo&#8221;.<\/p>\n<p>   As\u00ed, aunque ha descartado por el momento la utilizaci\u00f3n por parte de China de instrumentos financieros como la depreciaci\u00f3n de su moneda o la venta deuda p\u00fablica en d\u00f3lares para defenderse, adem\u00e1s de la v\u00eda arancelaria, se mantiene &#8220;pesimista&#8221; en este aspecto.<\/p>\n<\/div>\n<p>[ad_2]<br \/>\n<br \/><a href=\"https:\/\/www.europapress.es\/economia\/macroeconomia-00338\/noticia-economia-espanola-suficientemente-autonoma-sistema-politico-mantenerse-esade-20190709125120.html\">Source link <\/a><\/p>\n","protected":false},"excerpt":{"rendered":"<p>[ad_1] Cree que hay &#8220;razones de fondo&#8221; que apuntan a que la guerra comercial &#8220;puede dar sorpresas en el futuro pr\u00f3ximo&#8221; MADRID, 9 Jul. (EUROPA PRESS) &#8211; La econom\u00eda espa\u00f1ola es lo suficientemente aut\u00f3noma del sistema pol\u00edtico como para mantener el crecimiento por encima de los &#8220;peque\u00f1os altibajos&#8221; derivados de la incertidumbre sobre las dificultades [&hellip;]<\/p>\n","protected":false},"author":2,"featured_media":5949,"comment_status":"open","ping_status":"open","sticky":false,"template":"","format":"standard","meta":{"footnotes":""},"categories":[1],"tags":[],"class_list":["post-5948","post","type-post","status-publish","format-standard","has-post-thumbnail","hentry","category-noticias-financieras"],"yoast_head":"<!-- This site is optimized with the Yoast SEO plugin v27.4 - https:\/\/yoast.com\/product\/yoast-seo-wordpress\/ -->\n<title>La econom\u00eda espa\u00f1ola es lo suficientemente aut\u00f3noma del sistema pol\u00edtico como para mantenerse, seg\u00fan Esade - Super News<\/title>\n<meta name=\"robots\" content=\"index, follow, max-snippet:-1, max-image-preview:large, max-video-preview:-1\" \/>\n<link rel=\"canonical\" href=\"https:\/\/super-news.info\/es\/la-economia-espanola-es-lo-suficientemente-autonoma-del-sistema-politico-como-para-mantenerse-segun-esade\/\" \/>\n<meta property=\"og:locale\" content=\"en_US\" \/>\n<meta property=\"og:type\" content=\"article\" \/>\n<meta property=\"og:title\" content=\"La econom\u00eda espa\u00f1ola es lo suficientemente aut\u00f3noma del sistema pol\u00edtico como para mantenerse, seg\u00fan Esade - Super News\" \/>\n<meta property=\"og:description\" content=\"[ad_1] Cree que hay &#8220;razones de fondo&#8221; que apuntan a que la guerra comercial &#8220;puede dar sorpresas en el futuro pr\u00f3ximo&#8221; MADRID, 9 Jul. (EUROPA PRESS) &#8211; La econom\u00eda espa\u00f1ola es lo suficientemente aut\u00f3noma del sistema pol\u00edtico como para mantener el crecimiento por encima de los &#8220;peque\u00f1os altibajos&#8221; derivados de la incertidumbre sobre las dificultades [&hellip;]\" \/>\n<meta property=\"og:url\" content=\"https:\/\/super-news.info\/es\/la-economia-espanola-es-lo-suficientemente-autonoma-del-sistema-politico-como-para-mantenerse-segun-esade\/\" \/>\n<meta property=\"og:site_name\" content=\"Super News\" \/>\n<meta property=\"article:published_time\" content=\"2019-07-09T22:21:11+00:00\" \/>\n<meta property=\"article:modified_time\" content=\"2019-07-09T22:21:12+00:00\" \/>\n<meta property=\"og:image\" content=\"https:\/\/super-news.info\/es\/wp-content\/uploads\/sites\/4\/2019\/07\/La-econom\u00eda-espa\u00f1ola-es-lo-suficientemente-aut\u00f3noma-del-sistema-pol\u00edtico.jpg\" \/>\n\t<meta property=\"og:image:width\" content=\"120\" \/>\n\t<meta property=\"og:image:height\" content=\"79\" \/>\n\t<meta property=\"og:image:type\" content=\"image\/jpeg\" \/>\n<meta name=\"author\" content=\"super-news\" \/>\n<meta name=\"twitter:card\" content=\"summary_large_image\" \/>\n<meta name=\"twitter:label1\" content=\"Written by\" \/>\n\t<meta name=\"twitter:data1\" content=\"super-news\" \/>\n\t<meta name=\"twitter:label2\" content=\"Est. reading time\" \/>\n\t<meta name=\"twitter:data2\" content=\"5 minutes\" \/>\n<script type=\"application\/ld+json\" class=\"yoast-schema-graph\">{\"@context\":\"https:\\\/\\\/schema.org\",\"@graph\":[{\"@type\":\"Article\",\"@id\":\"https:\\\/\\\/super-news.info\\\/es\\\/la-economia-espanola-es-lo-suficientemente-autonoma-del-sistema-politico-como-para-mantenerse-segun-esade\\\/#article\",\"isPartOf\":{\"@id\":\"https:\\\/\\\/super-news.info\\\/es\\\/la-economia-espanola-es-lo-suficientemente-autonoma-del-sistema-politico-como-para-mantenerse-segun-esade\\\/\"},\"author\":{\"name\":\"super-news\",\"@id\":\"https:\\\/\\\/super-news.info\\\/es\\\/#\\\/schema\\\/person\\\/2d4068cb2f39cd10008c2fce578a7356\"},\"headline\":\"La econom\u00eda espa\u00f1ola es lo suficientemente aut\u00f3noma del sistema pol\u00edtico como para mantenerse, seg\u00fan Esade\",\"datePublished\":\"2019-07-09T22:21:11+00:00\",\"dateModified\":\"2019-07-09T22:21:12+00:00\",\"mainEntityOfPage\":{\"@id\":\"https:\\\/\\\/super-news.info\\\/es\\\/la-economia-espanola-es-lo-suficientemente-autonoma-del-sistema-politico-como-para-mantenerse-segun-esade\\\/\"},\"wordCount\":974,\"commentCount\":0,\"image\":{\"@id\":\"https:\\\/\\\/super-news.info\\\/es\\\/la-economia-espanola-es-lo-suficientemente-autonoma-del-sistema-politico-como-para-mantenerse-segun-esade\\\/#primaryimage\"},\"thumbnailUrl\":\"https:\\\/\\\/super-news.info\\\/es\\\/wp-content\\\/uploads\\\/sites\\\/4\\\/2019\\\/07\\\/La-econom\u00eda-espa\u00f1ola-es-lo-suficientemente-aut\u00f3noma-del-sistema-pol\u00edtico.jpg\",\"articleSection\":[\"NOTICIAS FINANCIERAS\"],\"inLanguage\":\"en-US\",\"potentialAction\":[{\"@type\":\"CommentAction\",\"name\":\"Comment\",\"target\":[\"https:\\\/\\\/super-news.info\\\/es\\\/la-economia-espanola-es-lo-suficientemente-autonoma-del-sistema-politico-como-para-mantenerse-segun-esade\\\/#respond\"]}]},{\"@type\":\"WebPage\",\"@id\":\"https:\\\/\\\/super-news.info\\\/es\\\/la-economia-espanola-es-lo-suficientemente-autonoma-del-sistema-politico-como-para-mantenerse-segun-esade\\\/\",\"url\":\"https:\\\/\\\/super-news.info\\\/es\\\/la-economia-espanola-es-lo-suficientemente-autonoma-del-sistema-politico-como-para-mantenerse-segun-esade\\\/\",\"name\":\"La econom\u00eda espa\u00f1ola es lo suficientemente aut\u00f3noma del sistema pol\u00edtico como para mantenerse, seg\u00fan Esade - Super News\",\"isPartOf\":{\"@id\":\"https:\\\/\\\/super-news.info\\\/es\\\/#website\"},\"primaryImageOfPage\":{\"@id\":\"https:\\\/\\\/super-news.info\\\/es\\\/la-economia-espanola-es-lo-suficientemente-autonoma-del-sistema-politico-como-para-mantenerse-segun-esade\\\/#primaryimage\"},\"image\":{\"@id\":\"https:\\\/\\\/super-news.info\\\/es\\\/la-economia-espanola-es-lo-suficientemente-autonoma-del-sistema-politico-como-para-mantenerse-segun-esade\\\/#primaryimage\"},\"thumbnailUrl\":\"https:\\\/\\\/super-news.info\\\/es\\\/wp-content\\\/uploads\\\/sites\\\/4\\\/2019\\\/07\\\/La-econom\u00eda-espa\u00f1ola-es-lo-suficientemente-aut\u00f3noma-del-sistema-pol\u00edtico.jpg\",\"datePublished\":\"2019-07-09T22:21:11+00:00\",\"dateModified\":\"2019-07-09T22:21:12+00:00\",\"author\":{\"@id\":\"https:\\\/\\\/super-news.info\\\/es\\\/#\\\/schema\\\/person\\\/2d4068cb2f39cd10008c2fce578a7356\"},\"breadcrumb\":{\"@id\":\"https:\\\/\\\/super-news.info\\\/es\\\/la-economia-espanola-es-lo-suficientemente-autonoma-del-sistema-politico-como-para-mantenerse-segun-esade\\\/#breadcrumb\"},\"inLanguage\":\"en-US\",\"potentialAction\":[{\"@type\":\"ReadAction\",\"target\":[\"https:\\\/\\\/super-news.info\\\/es\\\/la-economia-espanola-es-lo-suficientemente-autonoma-del-sistema-politico-como-para-mantenerse-segun-esade\\\/\"]}]},{\"@type\":\"ImageObject\",\"inLanguage\":\"en-US\",\"@id\":\"https:\\\/\\\/super-news.info\\\/es\\\/la-economia-espanola-es-lo-suficientemente-autonoma-del-sistema-politico-como-para-mantenerse-segun-esade\\\/#primaryimage\",\"url\":\"https:\\\/\\\/super-news.info\\\/es\\\/wp-content\\\/uploads\\\/sites\\\/4\\\/2019\\\/07\\\/La-econom\u00eda-espa\u00f1ola-es-lo-suficientemente-aut\u00f3noma-del-sistema-pol\u00edtico.jpg\",\"contentUrl\":\"https:\\\/\\\/super-news.info\\\/es\\\/wp-content\\\/uploads\\\/sites\\\/4\\\/2019\\\/07\\\/La-econom\u00eda-espa\u00f1ola-es-lo-suficientemente-aut\u00f3noma-del-sistema-pol\u00edtico.jpg\",\"width\":120,\"height\":79,\"caption\":\"La econom\u00eda espa\u00f1ola es lo suficientemente aut\u00f3noma del sistema pol\u00edtico como para mantenerse, seg\u00fan Esade\"},{\"@type\":\"BreadcrumbList\",\"@id\":\"https:\\\/\\\/super-news.info\\\/es\\\/la-economia-espanola-es-lo-suficientemente-autonoma-del-sistema-politico-como-para-mantenerse-segun-esade\\\/#breadcrumb\",\"itemListElement\":[{\"@type\":\"ListItem\",\"position\":1,\"name\":\"\u0413\u043b\u0430\u0432\u043d\u0430\u044f \u0441\u0442\u0440\u0430\u043d\u0438\u0446\u0430\",\"item\":\"https:\\\/\\\/super-news.info\\\/es\\\/\"},{\"@type\":\"ListItem\",\"position\":2,\"name\":\"La econom\u00eda espa\u00f1ola es lo suficientemente aut\u00f3noma del sistema pol\u00edtico como para mantenerse, seg\u00fan Esade\"}]},{\"@type\":\"WebSite\",\"@id\":\"https:\\\/\\\/super-news.info\\\/es\\\/#website\",\"url\":\"https:\\\/\\\/super-news.info\\\/es\\\/\",\"name\":\"Super News\",\"description\":\"Super News Espa\u00f1a\",\"potentialAction\":[{\"@type\":\"SearchAction\",\"target\":{\"@type\":\"EntryPoint\",\"urlTemplate\":\"https:\\\/\\\/super-news.info\\\/es\\\/?s={search_term_string}\"},\"query-input\":{\"@type\":\"PropertyValueSpecification\",\"valueRequired\":true,\"valueName\":\"search_term_string\"}}],\"inLanguage\":\"en-US\"},{\"@type\":\"Person\",\"@id\":\"https:\\\/\\\/super-news.info\\\/es\\\/#\\\/schema\\\/person\\\/2d4068cb2f39cd10008c2fce578a7356\",\"name\":\"super-news\",\"image\":{\"@type\":\"ImageObject\",\"inLanguage\":\"en-US\",\"@id\":\"https:\\\/\\\/secure.gravatar.com\\\/avatar\\\/64ebac40b93f26a154f8a9b5b6fdccfc46f442b26b3dd6756dbff3bf9dc76fd7?s=96&d=mm&r=g\",\"url\":\"https:\\\/\\\/secure.gravatar.com\\\/avatar\\\/64ebac40b93f26a154f8a9b5b6fdccfc46f442b26b3dd6756dbff3bf9dc76fd7?s=96&d=mm&r=g\",\"contentUrl\":\"https:\\\/\\\/secure.gravatar.com\\\/avatar\\\/64ebac40b93f26a154f8a9b5b6fdccfc46f442b26b3dd6756dbff3bf9dc76fd7?s=96&d=mm&r=g\",\"caption\":\"super-news\"},\"url\":\"https:\\\/\\\/super-news.info\\\/es\\\/author\\\/pt\\\/\"}]}<\/script>\n<!-- \/ Yoast SEO plugin. -->","yoast_head_json":{"title":"La econom\u00eda espa\u00f1ola es lo suficientemente aut\u00f3noma del sistema pol\u00edtico como para mantenerse, seg\u00fan Esade - Super News","robots":{"index":"index","follow":"follow","max-snippet":"max-snippet:-1","max-image-preview":"max-image-preview:large","max-video-preview":"max-video-preview:-1"},"canonical":"https:\/\/super-news.info\/es\/la-economia-espanola-es-lo-suficientemente-autonoma-del-sistema-politico-como-para-mantenerse-segun-esade\/","og_locale":"en_US","og_type":"article","og_title":"La econom\u00eda espa\u00f1ola es lo suficientemente aut\u00f3noma del sistema pol\u00edtico como para mantenerse, seg\u00fan Esade - Super News","og_description":"[ad_1] Cree que hay &#8220;razones de fondo&#8221; que apuntan a que la guerra comercial &#8220;puede dar sorpresas en el futuro pr\u00f3ximo&#8221; MADRID, 9 Jul. (EUROPA PRESS) &#8211; La econom\u00eda espa\u00f1ola es lo suficientemente aut\u00f3noma del sistema pol\u00edtico como para mantener el crecimiento por encima de los &#8220;peque\u00f1os altibajos&#8221; derivados de la incertidumbre sobre las dificultades [&hellip;]","og_url":"https:\/\/super-news.info\/es\/la-economia-espanola-es-lo-suficientemente-autonoma-del-sistema-politico-como-para-mantenerse-segun-esade\/","og_site_name":"Super News","article_published_time":"2019-07-09T22:21:11+00:00","article_modified_time":"2019-07-09T22:21:12+00:00","og_image":[{"width":120,"height":79,"url":"https:\/\/super-news.info\/es\/wp-content\/uploads\/sites\/4\/2019\/07\/La-econom\u00eda-espa\u00f1ola-es-lo-suficientemente-aut\u00f3noma-del-sistema-pol\u00edtico.jpg","type":"image\/jpeg"}],"author":"super-news","twitter_card":"summary_large_image","twitter_misc":{"Written by":"super-news","Est. reading time":"5 minutes"},"schema":{"@context":"https:\/\/schema.org","@graph":[{"@type":"Article","@id":"https:\/\/super-news.info\/es\/la-economia-espanola-es-lo-suficientemente-autonoma-del-sistema-politico-como-para-mantenerse-segun-esade\/#article","isPartOf":{"@id":"https:\/\/super-news.info\/es\/la-economia-espanola-es-lo-suficientemente-autonoma-del-sistema-politico-como-para-mantenerse-segun-esade\/"},"author":{"name":"super-news","@id":"https:\/\/super-news.info\/es\/#\/schema\/person\/2d4068cb2f39cd10008c2fce578a7356"},"headline":"La econom\u00eda espa\u00f1ola es lo suficientemente aut\u00f3noma del sistema pol\u00edtico como para mantenerse, seg\u00fan Esade","datePublished":"2019-07-09T22:21:11+00:00","dateModified":"2019-07-09T22:21:12+00:00","mainEntityOfPage":{"@id":"https:\/\/super-news.info\/es\/la-economia-espanola-es-lo-suficientemente-autonoma-del-sistema-politico-como-para-mantenerse-segun-esade\/"},"wordCount":974,"commentCount":0,"image":{"@id":"https:\/\/super-news.info\/es\/la-economia-espanola-es-lo-suficientemente-autonoma-del-sistema-politico-como-para-mantenerse-segun-esade\/#primaryimage"},"thumbnailUrl":"https:\/\/super-news.info\/es\/wp-content\/uploads\/sites\/4\/2019\/07\/La-econom\u00eda-espa\u00f1ola-es-lo-suficientemente-aut\u00f3noma-del-sistema-pol\u00edtico.jpg","articleSection":["NOTICIAS FINANCIERAS"],"inLanguage":"en-US","potentialAction":[{"@type":"CommentAction","name":"Comment","target":["https:\/\/super-news.info\/es\/la-economia-espanola-es-lo-suficientemente-autonoma-del-sistema-politico-como-para-mantenerse-segun-esade\/#respond"]}]},{"@type":"WebPage","@id":"https:\/\/super-news.info\/es\/la-economia-espanola-es-lo-suficientemente-autonoma-del-sistema-politico-como-para-mantenerse-segun-esade\/","url":"https:\/\/super-news.info\/es\/la-economia-espanola-es-lo-suficientemente-autonoma-del-sistema-politico-como-para-mantenerse-segun-esade\/","name":"La econom\u00eda espa\u00f1ola es lo suficientemente aut\u00f3noma del sistema pol\u00edtico como para mantenerse, seg\u00fan Esade - Super News","isPartOf":{"@id":"https:\/\/super-news.info\/es\/#website"},"primaryImageOfPage":{"@id":"https:\/\/super-news.info\/es\/la-economia-espanola-es-lo-suficientemente-autonoma-del-sistema-politico-como-para-mantenerse-segun-esade\/#primaryimage"},"image":{"@id":"https:\/\/super-news.info\/es\/la-economia-espanola-es-lo-suficientemente-autonoma-del-sistema-politico-como-para-mantenerse-segun-esade\/#primaryimage"},"thumbnailUrl":"https:\/\/super-news.info\/es\/wp-content\/uploads\/sites\/4\/2019\/07\/La-econom\u00eda-espa\u00f1ola-es-lo-suficientemente-aut\u00f3noma-del-sistema-pol\u00edtico.jpg","datePublished":"2019-07-09T22:21:11+00:00","dateModified":"2019-07-09T22:21:12+00:00","author":{"@id":"https:\/\/super-news.info\/es\/#\/schema\/person\/2d4068cb2f39cd10008c2fce578a7356"},"breadcrumb":{"@id":"https:\/\/super-news.info\/es\/la-economia-espanola-es-lo-suficientemente-autonoma-del-sistema-politico-como-para-mantenerse-segun-esade\/#breadcrumb"},"inLanguage":"en-US","potentialAction":[{"@type":"ReadAction","target":["https:\/\/super-news.info\/es\/la-economia-espanola-es-lo-suficientemente-autonoma-del-sistema-politico-como-para-mantenerse-segun-esade\/"]}]},{"@type":"ImageObject","inLanguage":"en-US","@id":"https:\/\/super-news.info\/es\/la-economia-espanola-es-lo-suficientemente-autonoma-del-sistema-politico-como-para-mantenerse-segun-esade\/#primaryimage","url":"https:\/\/super-news.info\/es\/wp-content\/uploads\/sites\/4\/2019\/07\/La-econom\u00eda-espa\u00f1ola-es-lo-suficientemente-aut\u00f3noma-del-sistema-pol\u00edtico.jpg","contentUrl":"https:\/\/super-news.info\/es\/wp-content\/uploads\/sites\/4\/2019\/07\/La-econom\u00eda-espa\u00f1ola-es-lo-suficientemente-aut\u00f3noma-del-sistema-pol\u00edtico.jpg","width":120,"height":79,"caption":"La econom\u00eda espa\u00f1ola es lo suficientemente aut\u00f3noma del sistema pol\u00edtico como para mantenerse, seg\u00fan Esade"},{"@type":"BreadcrumbList","@id":"https:\/\/super-news.info\/es\/la-economia-espanola-es-lo-suficientemente-autonoma-del-sistema-politico-como-para-mantenerse-segun-esade\/#breadcrumb","itemListElement":[{"@type":"ListItem","position":1,"name":"\u0413\u043b\u0430\u0432\u043d\u0430\u044f \u0441\u0442\u0440\u0430\u043d\u0438\u0446\u0430","item":"https:\/\/super-news.info\/es\/"},{"@type":"ListItem","position":2,"name":"La econom\u00eda espa\u00f1ola es lo suficientemente aut\u00f3noma del sistema pol\u00edtico como para mantenerse, seg\u00fan Esade"}]},{"@type":"WebSite","@id":"https:\/\/super-news.info\/es\/#website","url":"https:\/\/super-news.info\/es\/","name":"Super News","description":"Super News Espa\u00f1a","potentialAction":[{"@type":"SearchAction","target":{"@type":"EntryPoint","urlTemplate":"https:\/\/super-news.info\/es\/?s={search_term_string}"},"query-input":{"@type":"PropertyValueSpecification","valueRequired":true,"valueName":"search_term_string"}}],"inLanguage":"en-US"},{"@type":"Person","@id":"https:\/\/super-news.info\/es\/#\/schema\/person\/2d4068cb2f39cd10008c2fce578a7356","name":"super-news","image":{"@type":"ImageObject","inLanguage":"en-US","@id":"https:\/\/secure.gravatar.com\/avatar\/64ebac40b93f26a154f8a9b5b6fdccfc46f442b26b3dd6756dbff3bf9dc76fd7?s=96&d=mm&r=g","url":"https:\/\/secure.gravatar.com\/avatar\/64ebac40b93f26a154f8a9b5b6fdccfc46f442b26b3dd6756dbff3bf9dc76fd7?s=96&d=mm&r=g","contentUrl":"https:\/\/secure.gravatar.com\/avatar\/64ebac40b93f26a154f8a9b5b6fdccfc46f442b26b3dd6756dbff3bf9dc76fd7?s=96&d=mm&r=g","caption":"super-news"},"url":"https:\/\/super-news.info\/es\/author\/pt\/"}]}},"_links":{"self":[{"href":"https:\/\/super-news.info\/es\/wp-json\/wp\/v2\/posts\/5948","targetHints":{"allow":["GET"]}}],"collection":[{"href":"https:\/\/super-news.info\/es\/wp-json\/wp\/v2\/posts"}],"about":[{"href":"https:\/\/super-news.info\/es\/wp-json\/wp\/v2\/types\/post"}],"author":[{"embeddable":true,"href":"https:\/\/super-news.info\/es\/wp-json\/wp\/v2\/users\/2"}],"replies":[{"embeddable":true,"href":"https:\/\/super-news.info\/es\/wp-json\/wp\/v2\/comments?post=5948"}],"version-history":[{"count":1,"href":"https:\/\/super-news.info\/es\/wp-json\/wp\/v2\/posts\/5948\/revisions"}],"predecessor-version":[{"id":5950,"href":"https:\/\/super-news.info\/es\/wp-json\/wp\/v2\/posts\/5948\/revisions\/5950"}],"wp:featuredmedia":[{"embeddable":true,"href":"https:\/\/super-news.info\/es\/wp-json\/wp\/v2\/media\/5949"}],"wp:attachment":[{"href":"https:\/\/super-news.info\/es\/wp-json\/wp\/v2\/media?parent=5948"}],"wp:term":[{"taxonomy":"category","embeddable":true,"href":"https:\/\/super-news.info\/es\/wp-json\/wp\/v2\/categories?post=5948"},{"taxonomy":"post_tag","embeddable":true,"href":"https:\/\/super-news.info\/es\/wp-json\/wp\/v2\/tags?post=5948"}],"curies":[{"name":"wp","href":"https:\/\/api.w.org\/{rel}","templated":true}]}}