{"id":5943,"date":"2019-07-10T00:07:49","date_gmt":"2019-07-09T21:07:49","guid":{"rendered":"https:\/\/super-news.info\/es\/los-veintiocho-piden-a-espana-7-800-millones-en-ajustes-en-2020\/"},"modified":"2019-07-10T00:07:49","modified_gmt":"2019-07-09T21:07:49","slug":"los-veintiocho-piden-a-espana-7-800-millones-en-ajustes-en-2020","status":"publish","type":"post","link":"https:\/\/super-news.info\/es\/los-veintiocho-piden-a-espana-7-800-millones-en-ajustes-en-2020\/","title":{"rendered":"Los Veintiocho piden a Espa\u00f1a 7.800 millones en ajustes en 2020"},"content":{"rendered":"<p> [ad_1]<br \/>\n<\/p>\n<div id=\"CuerpoNoticiav2\" itemprop=\"articleBody\">\n<h2 class=\"ladillo\">BRUSELAS, 9 (EUROPA PRESS)<\/h2>\n<p>Los ministros de Econom\u00eda y Finanzas de la Uni\u00f3n Europea (Ecofin) han pedido este martes a Espa\u00f1a que apruebe ajustes estructurales por valor de 7.800 millones en 2020 &#8211;ya sea mediante recortes del gasto o aumentando los ingresos&#8211;, ante el &#8220;riesgo de desviaci\u00f3n significativa con respecto al ajuste presupuestario requerido en 2020&#8221; si no se producen &#8220;cambios en las pol\u00edticas fiscales&#8221;.<\/p>\n<p itemprop=\"description\">Las recomendaciones del Ecofin -que ha ratificado sin cambios las propuestas que hizo la Comisi\u00f3n Europea el pasado junio&#8211; consideran que &#8220;un ajuste estructural anual del 0,65% del PIB, que corresponde a un \u00edndice de crecimiento m\u00e1ximo del gasto p\u00fablico primario neto del 0,9%, parece adecuado&#8221;. El Ejecutivo comunitario tambi\u00e9n ped\u00eda el mismo esfuerzo estructural para este a\u00f1o.<\/p>\n<p>El Ecofin remarca adem\u00e1s que Espa\u00f1a incumplir\u00e1 los requisitos del Pacto de Estabilidad y Crecimiento en materia de deuda tanto este a\u00f1o como en 2020, por lo que insta a adoptar &#8220;las medidas necesarias&#8221;.<\/p>\n<p>&#8220;La utilizaci\u00f3n de los ingresos extraordinarios que puedan obtenerse para continuar reduciendo la ratio de deuda de las Administraciones P\u00fablicas ser\u00eda importante&#8221;, subraya el informe.<\/p>\n<p>Dentro del mismo punto, la UE pide a Espa\u00f1a medidas para &#8220;fortalecer los marcos presupuestarios y de contrataci\u00f3n p\u00fablica&#8221;, preservar la sostenibilidad del sistema de pensiones y destinar ingresos extraordinarios a acelerar la reducci\u00f3n de la deuda p\u00fablica.<\/p>\n<p>En materia laboral, los Veintiocho piden al Gobierno que favorezca una transici\u00f3n hacia contratos indefinidos y, en particular, a trav\u00e9s de una simplificaci\u00f3n de los incentivos a la contrataci\u00f3n. Adem\u00e1s, abogan por garantizar que los servicios sociales y de empleo sean capaces de proporcionar una apoyo &#8220;efectivo&#8221;.<\/p>\n<p>En la misma l\u00ednea, el informe de recomendaciones para Espa\u00f1a propone mejorar el apoyo a las familias y resolver las &#8220;deficiencias&#8221; en la cobertura del sistema nacional de asistencia al desempleo y en los reg\u00edmenes auton\u00f3micos de renta m\u00ednima.<\/p>\n<p>Tambi\u00e9n pide medidas para atajar el abandono escolar prematuro y para mejorar los resultados educativos. En este \u00e1mbito, el Ecofin a\u00f1ade que es necesario incrementar la cooperaci\u00f3n entre el sector educativo y el empresarial para &#8220;mejorar las capacidades y cualificaciones demandadas en el mercado laboral&#8221;, con atenci\u00f3n especial en el \u00e1mbito de las TIC.<\/p>\n<p>Adem\u00e1s, el documento apunta que Espa\u00f1a debe centrar su pol\u00edtica de inversiones en el fomento de la innovaci\u00f3n, la eficiencia energ\u00e9tica, la mejora de las infraestructuras ferroviarias para el transporte de mercanc\u00edas y la ampliaci\u00f3n de las interconexiones energ\u00e9ticas con el resto del bloque comunitario. En general, el informe insta a mejorar la eficacia de las pol\u00edticas de apoyo la investigaci\u00f3n y la innovaci\u00f3n.<\/p>\n<p>Por \u00faltimo, pide avanzar en la aplicaci\u00f3n de la Ley de garant\u00eda de unidad de mercado, una petici\u00f3n de las autoridades comunitarias que se repite desde 2015.<\/p>\n<p>No obstante, en el informe de la Comisi\u00f3n Europea sobre el Plan de Estabilidad presentado por el Gobierno se reconoce que la estrategia fiscal presentada en el programa se traduce en un estrechamiento del d\u00e9ficit estructural.<\/p>\n<p>En concreto, el balance estructural mejora en 0,7, 0,5 y 0,3 puntos porcentuales, respectivamente, en 2020, 2021 y 2022, resultando en una mejora acumulada de 1,4 puntos porcentuales durante el per\u00edodo del programa.<\/p>\n<\/div>\n<p>[ad_2]<br \/>\n<br \/><a href=\"https:\/\/www.europapress.es\/economia\/macroeconomia-00338\/noticia-veintiocho-piden-espana-7800-millones-ajustes-2020-20190709142509.html\">Source link <\/a><\/p>\n","protected":false},"excerpt":{"rendered":"<p>[ad_1] BRUSELAS, 9 (EUROPA PRESS) Los ministros de Econom\u00eda y Finanzas de la Uni\u00f3n Europea (Ecofin) han pedido este martes a Espa\u00f1a que apruebe ajustes estructurales por valor de 7.800 millones en 2020 &#8211;ya sea mediante recortes del gasto o aumentando los ingresos&#8211;, ante el &#8220;riesgo de desviaci\u00f3n significativa con respecto al ajuste presupuestario requerido [&hellip;]<\/p>\n","protected":false},"author":2,"featured_media":180,"comment_status":"open","ping_status":"open","sticky":false,"template":"","format":"standard","meta":{"footnotes":""},"categories":[1],"tags":[],"class_list":["post-5943","post","type-post","status-publish","format-standard","has-post-thumbnail","hentry","category-noticias-financieras"],"yoast_head":"<!-- This site is optimized with the Yoast SEO plugin v27.4 - https:\/\/yoast.com\/product\/yoast-seo-wordpress\/ -->\n<title>Los Veintiocho piden a Espa\u00f1a 7.800 millones en ajustes en 2020 - Super News<\/title>\n<meta name=\"robots\" content=\"index, follow, max-snippet:-1, max-image-preview:large, max-video-preview:-1\" \/>\n<link rel=\"canonical\" href=\"https:\/\/super-news.info\/es\/los-veintiocho-piden-a-espana-7-800-millones-en-ajustes-en-2020\/\" \/>\n<meta property=\"og:locale\" content=\"en_US\" \/>\n<meta property=\"og:type\" content=\"article\" \/>\n<meta property=\"og:title\" content=\"Los Veintiocho piden a Espa\u00f1a 7.800 millones en ajustes en 2020 - Super News\" \/>\n<meta property=\"og:description\" content=\"[ad_1] BRUSELAS, 9 (EUROPA PRESS) Los ministros de Econom\u00eda y Finanzas de la Uni\u00f3n Europea (Ecofin) han pedido este martes a Espa\u00f1a que apruebe ajustes estructurales por valor de 7.800 millones en 2020 &#8211;ya sea mediante recortes del gasto o aumentando los ingresos&#8211;, ante el &#8220;riesgo de desviaci\u00f3n significativa con respecto al ajuste presupuestario requerido [&hellip;]\" \/>\n<meta property=\"og:url\" content=\"https:\/\/super-news.info\/es\/los-veintiocho-piden-a-espana-7-800-millones-en-ajustes-en-2020\/\" \/>\n<meta property=\"og:site_name\" content=\"Super News\" \/>\n<meta property=\"article:published_time\" content=\"2019-07-09T21:07:49+00:00\" \/>\n<meta property=\"og:image\" content=\"https:\/\/super-news.info\/es\/wp-content\/uploads\/sites\/4\/2019\/04\/La-tasa-de-empleo-de-la-OCDE-registr\u00f3-un-r\u00e9cord.jpg\" \/>\n\t<meta property=\"og:image:width\" content=\"1024\" \/>\n\t<meta property=\"og:image:height\" content=\"512\" \/>\n\t<meta property=\"og:image:type\" content=\"image\/jpeg\" \/>\n<meta name=\"author\" content=\"super-news\" \/>\n<meta name=\"twitter:card\" content=\"summary_large_image\" \/>\n<meta name=\"twitter:label1\" content=\"Written by\" \/>\n\t<meta name=\"twitter:data1\" content=\"super-news\" \/>\n\t<meta name=\"twitter:label2\" content=\"Est. reading time\" \/>\n\t<meta name=\"twitter:data2\" content=\"3 minutes\" \/>\n<script type=\"application\/ld+json\" class=\"yoast-schema-graph\">{\"@context\":\"https:\\\/\\\/schema.org\",\"@graph\":[{\"@type\":\"Article\",\"@id\":\"https:\\\/\\\/super-news.info\\\/es\\\/los-veintiocho-piden-a-espana-7-800-millones-en-ajustes-en-2020\\\/#article\",\"isPartOf\":{\"@id\":\"https:\\\/\\\/super-news.info\\\/es\\\/los-veintiocho-piden-a-espana-7-800-millones-en-ajustes-en-2020\\\/\"},\"author\":{\"name\":\"super-news\",\"@id\":\"https:\\\/\\\/super-news.info\\\/es\\\/#\\\/schema\\\/person\\\/2d4068cb2f39cd10008c2fce578a7356\"},\"headline\":\"Los Veintiocho piden a Espa\u00f1a 7.800 millones en ajustes en 2020\",\"datePublished\":\"2019-07-09T21:07:49+00:00\",\"mainEntityOfPage\":{\"@id\":\"https:\\\/\\\/super-news.info\\\/es\\\/los-veintiocho-piden-a-espana-7-800-millones-en-ajustes-en-2020\\\/\"},\"wordCount\":572,\"commentCount\":0,\"image\":{\"@id\":\"https:\\\/\\\/super-news.info\\\/es\\\/los-veintiocho-piden-a-espana-7-800-millones-en-ajustes-en-2020\\\/#primaryimage\"},\"thumbnailUrl\":\"https:\\\/\\\/super-news.info\\\/es\\\/wp-content\\\/uploads\\\/sites\\\/4\\\/2019\\\/04\\\/La-tasa-de-empleo-de-la-OCDE-registr\u00f3-un-r\u00e9cord.jpg\",\"articleSection\":[\"NOTICIAS FINANCIERAS\"],\"inLanguage\":\"en-US\",\"potentialAction\":[{\"@type\":\"CommentAction\",\"name\":\"Comment\",\"target\":[\"https:\\\/\\\/super-news.info\\\/es\\\/los-veintiocho-piden-a-espana-7-800-millones-en-ajustes-en-2020\\\/#respond\"]}]},{\"@type\":\"WebPage\",\"@id\":\"https:\\\/\\\/super-news.info\\\/es\\\/los-veintiocho-piden-a-espana-7-800-millones-en-ajustes-en-2020\\\/\",\"url\":\"https:\\\/\\\/super-news.info\\\/es\\\/los-veintiocho-piden-a-espana-7-800-millones-en-ajustes-en-2020\\\/\",\"name\":\"Los Veintiocho piden a Espa\u00f1a 7.800 millones en ajustes en 2020 - Super News\",\"isPartOf\":{\"@id\":\"https:\\\/\\\/super-news.info\\\/es\\\/#website\"},\"primaryImageOfPage\":{\"@id\":\"https:\\\/\\\/super-news.info\\\/es\\\/los-veintiocho-piden-a-espana-7-800-millones-en-ajustes-en-2020\\\/#primaryimage\"},\"image\":{\"@id\":\"https:\\\/\\\/super-news.info\\\/es\\\/los-veintiocho-piden-a-espana-7-800-millones-en-ajustes-en-2020\\\/#primaryimage\"},\"thumbnailUrl\":\"https:\\\/\\\/super-news.info\\\/es\\\/wp-content\\\/uploads\\\/sites\\\/4\\\/2019\\\/04\\\/La-tasa-de-empleo-de-la-OCDE-registr\u00f3-un-r\u00e9cord.jpg\",\"datePublished\":\"2019-07-09T21:07:49+00:00\",\"author\":{\"@id\":\"https:\\\/\\\/super-news.info\\\/es\\\/#\\\/schema\\\/person\\\/2d4068cb2f39cd10008c2fce578a7356\"},\"breadcrumb\":{\"@id\":\"https:\\\/\\\/super-news.info\\\/es\\\/los-veintiocho-piden-a-espana-7-800-millones-en-ajustes-en-2020\\\/#breadcrumb\"},\"inLanguage\":\"en-US\",\"potentialAction\":[{\"@type\":\"ReadAction\",\"target\":[\"https:\\\/\\\/super-news.info\\\/es\\\/los-veintiocho-piden-a-espana-7-800-millones-en-ajustes-en-2020\\\/\"]}]},{\"@type\":\"ImageObject\",\"inLanguage\":\"en-US\",\"@id\":\"https:\\\/\\\/super-news.info\\\/es\\\/los-veintiocho-piden-a-espana-7-800-millones-en-ajustes-en-2020\\\/#primaryimage\",\"url\":\"https:\\\/\\\/super-news.info\\\/es\\\/wp-content\\\/uploads\\\/sites\\\/4\\\/2019\\\/04\\\/La-tasa-de-empleo-de-la-OCDE-registr\u00f3-un-r\u00e9cord.jpg\",\"contentUrl\":\"https:\\\/\\\/super-news.info\\\/es\\\/wp-content\\\/uploads\\\/sites\\\/4\\\/2019\\\/04\\\/La-tasa-de-empleo-de-la-OCDE-registr\u00f3-un-r\u00e9cord.jpg\",\"width\":1024,\"height\":512,\"caption\":\"La tasa de empleo de la OCDE registr\u00f3 un r\u00e9cord del 68,6% al cierre de 2018\"},{\"@type\":\"BreadcrumbList\",\"@id\":\"https:\\\/\\\/super-news.info\\\/es\\\/los-veintiocho-piden-a-espana-7-800-millones-en-ajustes-en-2020\\\/#breadcrumb\",\"itemListElement\":[{\"@type\":\"ListItem\",\"position\":1,\"name\":\"\u0413\u043b\u0430\u0432\u043d\u0430\u044f \u0441\u0442\u0440\u0430\u043d\u0438\u0446\u0430\",\"item\":\"https:\\\/\\\/super-news.info\\\/es\\\/\"},{\"@type\":\"ListItem\",\"position\":2,\"name\":\"Los Veintiocho piden a Espa\u00f1a 7.800 millones en ajustes en 2020\"}]},{\"@type\":\"WebSite\",\"@id\":\"https:\\\/\\\/super-news.info\\\/es\\\/#website\",\"url\":\"https:\\\/\\\/super-news.info\\\/es\\\/\",\"name\":\"Super News\",\"description\":\"Super News Espa\u00f1a\",\"potentialAction\":[{\"@type\":\"SearchAction\",\"target\":{\"@type\":\"EntryPoint\",\"urlTemplate\":\"https:\\\/\\\/super-news.info\\\/es\\\/?s={search_term_string}\"},\"query-input\":{\"@type\":\"PropertyValueSpecification\",\"valueRequired\":true,\"valueName\":\"search_term_string\"}}],\"inLanguage\":\"en-US\"},{\"@type\":\"Person\",\"@id\":\"https:\\\/\\\/super-news.info\\\/es\\\/#\\\/schema\\\/person\\\/2d4068cb2f39cd10008c2fce578a7356\",\"name\":\"super-news\",\"image\":{\"@type\":\"ImageObject\",\"inLanguage\":\"en-US\",\"@id\":\"https:\\\/\\\/secure.gravatar.com\\\/avatar\\\/64ebac40b93f26a154f8a9b5b6fdccfc46f442b26b3dd6756dbff3bf9dc76fd7?s=96&d=mm&r=g\",\"url\":\"https:\\\/\\\/secure.gravatar.com\\\/avatar\\\/64ebac40b93f26a154f8a9b5b6fdccfc46f442b26b3dd6756dbff3bf9dc76fd7?s=96&d=mm&r=g\",\"contentUrl\":\"https:\\\/\\\/secure.gravatar.com\\\/avatar\\\/64ebac40b93f26a154f8a9b5b6fdccfc46f442b26b3dd6756dbff3bf9dc76fd7?s=96&d=mm&r=g\",\"caption\":\"super-news\"},\"url\":\"https:\\\/\\\/super-news.info\\\/es\\\/author\\\/pt\\\/\"}]}<\/script>\n<!-- \/ Yoast SEO plugin. -->","yoast_head_json":{"title":"Los Veintiocho piden a Espa\u00f1a 7.800 millones en ajustes en 2020 - Super News","robots":{"index":"index","follow":"follow","max-snippet":"max-snippet:-1","max-image-preview":"max-image-preview:large","max-video-preview":"max-video-preview:-1"},"canonical":"https:\/\/super-news.info\/es\/los-veintiocho-piden-a-espana-7-800-millones-en-ajustes-en-2020\/","og_locale":"en_US","og_type":"article","og_title":"Los Veintiocho piden a Espa\u00f1a 7.800 millones en ajustes en 2020 - Super News","og_description":"[ad_1] BRUSELAS, 9 (EUROPA PRESS) Los ministros de Econom\u00eda y Finanzas de la Uni\u00f3n Europea (Ecofin) han pedido este martes a Espa\u00f1a que apruebe ajustes estructurales por valor de 7.800 millones en 2020 &#8211;ya sea mediante recortes del gasto o aumentando los ingresos&#8211;, ante el &#8220;riesgo de desviaci\u00f3n significativa con respecto al ajuste presupuestario requerido [&hellip;]","og_url":"https:\/\/super-news.info\/es\/los-veintiocho-piden-a-espana-7-800-millones-en-ajustes-en-2020\/","og_site_name":"Super News","article_published_time":"2019-07-09T21:07:49+00:00","og_image":[{"width":1024,"height":512,"url":"https:\/\/super-news.info\/es\/wp-content\/uploads\/sites\/4\/2019\/04\/La-tasa-de-empleo-de-la-OCDE-registr\u00f3-un-r\u00e9cord.jpg","type":"image\/jpeg"}],"author":"super-news","twitter_card":"summary_large_image","twitter_misc":{"Written by":"super-news","Est. reading time":"3 minutes"},"schema":{"@context":"https:\/\/schema.org","@graph":[{"@type":"Article","@id":"https:\/\/super-news.info\/es\/los-veintiocho-piden-a-espana-7-800-millones-en-ajustes-en-2020\/#article","isPartOf":{"@id":"https:\/\/super-news.info\/es\/los-veintiocho-piden-a-espana-7-800-millones-en-ajustes-en-2020\/"},"author":{"name":"super-news","@id":"https:\/\/super-news.info\/es\/#\/schema\/person\/2d4068cb2f39cd10008c2fce578a7356"},"headline":"Los Veintiocho piden a Espa\u00f1a 7.800 millones en ajustes en 2020","datePublished":"2019-07-09T21:07:49+00:00","mainEntityOfPage":{"@id":"https:\/\/super-news.info\/es\/los-veintiocho-piden-a-espana-7-800-millones-en-ajustes-en-2020\/"},"wordCount":572,"commentCount":0,"image":{"@id":"https:\/\/super-news.info\/es\/los-veintiocho-piden-a-espana-7-800-millones-en-ajustes-en-2020\/#primaryimage"},"thumbnailUrl":"https:\/\/super-news.info\/es\/wp-content\/uploads\/sites\/4\/2019\/04\/La-tasa-de-empleo-de-la-OCDE-registr\u00f3-un-r\u00e9cord.jpg","articleSection":["NOTICIAS FINANCIERAS"],"inLanguage":"en-US","potentialAction":[{"@type":"CommentAction","name":"Comment","target":["https:\/\/super-news.info\/es\/los-veintiocho-piden-a-espana-7-800-millones-en-ajustes-en-2020\/#respond"]}]},{"@type":"WebPage","@id":"https:\/\/super-news.info\/es\/los-veintiocho-piden-a-espana-7-800-millones-en-ajustes-en-2020\/","url":"https:\/\/super-news.info\/es\/los-veintiocho-piden-a-espana-7-800-millones-en-ajustes-en-2020\/","name":"Los Veintiocho piden a Espa\u00f1a 7.800 millones en ajustes en 2020 - Super News","isPartOf":{"@id":"https:\/\/super-news.info\/es\/#website"},"primaryImageOfPage":{"@id":"https:\/\/super-news.info\/es\/los-veintiocho-piden-a-espana-7-800-millones-en-ajustes-en-2020\/#primaryimage"},"image":{"@id":"https:\/\/super-news.info\/es\/los-veintiocho-piden-a-espana-7-800-millones-en-ajustes-en-2020\/#primaryimage"},"thumbnailUrl":"https:\/\/super-news.info\/es\/wp-content\/uploads\/sites\/4\/2019\/04\/La-tasa-de-empleo-de-la-OCDE-registr\u00f3-un-r\u00e9cord.jpg","datePublished":"2019-07-09T21:07:49+00:00","author":{"@id":"https:\/\/super-news.info\/es\/#\/schema\/person\/2d4068cb2f39cd10008c2fce578a7356"},"breadcrumb":{"@id":"https:\/\/super-news.info\/es\/los-veintiocho-piden-a-espana-7-800-millones-en-ajustes-en-2020\/#breadcrumb"},"inLanguage":"en-US","potentialAction":[{"@type":"ReadAction","target":["https:\/\/super-news.info\/es\/los-veintiocho-piden-a-espana-7-800-millones-en-ajustes-en-2020\/"]}]},{"@type":"ImageObject","inLanguage":"en-US","@id":"https:\/\/super-news.info\/es\/los-veintiocho-piden-a-espana-7-800-millones-en-ajustes-en-2020\/#primaryimage","url":"https:\/\/super-news.info\/es\/wp-content\/uploads\/sites\/4\/2019\/04\/La-tasa-de-empleo-de-la-OCDE-registr\u00f3-un-r\u00e9cord.jpg","contentUrl":"https:\/\/super-news.info\/es\/wp-content\/uploads\/sites\/4\/2019\/04\/La-tasa-de-empleo-de-la-OCDE-registr\u00f3-un-r\u00e9cord.jpg","width":1024,"height":512,"caption":"La tasa de empleo de la OCDE registr\u00f3 un r\u00e9cord del 68,6% al cierre de 2018"},{"@type":"BreadcrumbList","@id":"https:\/\/super-news.info\/es\/los-veintiocho-piden-a-espana-7-800-millones-en-ajustes-en-2020\/#breadcrumb","itemListElement":[{"@type":"ListItem","position":1,"name":"\u0413\u043b\u0430\u0432\u043d\u0430\u044f \u0441\u0442\u0440\u0430\u043d\u0438\u0446\u0430","item":"https:\/\/super-news.info\/es\/"},{"@type":"ListItem","position":2,"name":"Los Veintiocho piden a Espa\u00f1a 7.800 millones en ajustes en 2020"}]},{"@type":"WebSite","@id":"https:\/\/super-news.info\/es\/#website","url":"https:\/\/super-news.info\/es\/","name":"Super News","description":"Super News Espa\u00f1a","potentialAction":[{"@type":"SearchAction","target":{"@type":"EntryPoint","urlTemplate":"https:\/\/super-news.info\/es\/?s={search_term_string}"},"query-input":{"@type":"PropertyValueSpecification","valueRequired":true,"valueName":"search_term_string"}}],"inLanguage":"en-US"},{"@type":"Person","@id":"https:\/\/super-news.info\/es\/#\/schema\/person\/2d4068cb2f39cd10008c2fce578a7356","name":"super-news","image":{"@type":"ImageObject","inLanguage":"en-US","@id":"https:\/\/secure.gravatar.com\/avatar\/64ebac40b93f26a154f8a9b5b6fdccfc46f442b26b3dd6756dbff3bf9dc76fd7?s=96&d=mm&r=g","url":"https:\/\/secure.gravatar.com\/avatar\/64ebac40b93f26a154f8a9b5b6fdccfc46f442b26b3dd6756dbff3bf9dc76fd7?s=96&d=mm&r=g","contentUrl":"https:\/\/secure.gravatar.com\/avatar\/64ebac40b93f26a154f8a9b5b6fdccfc46f442b26b3dd6756dbff3bf9dc76fd7?s=96&d=mm&r=g","caption":"super-news"},"url":"https:\/\/super-news.info\/es\/author\/pt\/"}]}},"_links":{"self":[{"href":"https:\/\/super-news.info\/es\/wp-json\/wp\/v2\/posts\/5943","targetHints":{"allow":["GET"]}}],"collection":[{"href":"https:\/\/super-news.info\/es\/wp-json\/wp\/v2\/posts"}],"about":[{"href":"https:\/\/super-news.info\/es\/wp-json\/wp\/v2\/types\/post"}],"author":[{"embeddable":true,"href":"https:\/\/super-news.info\/es\/wp-json\/wp\/v2\/users\/2"}],"replies":[{"embeddable":true,"href":"https:\/\/super-news.info\/es\/wp-json\/wp\/v2\/comments?post=5943"}],"version-history":[{"count":1,"href":"https:\/\/super-news.info\/es\/wp-json\/wp\/v2\/posts\/5943\/revisions"}],"predecessor-version":[{"id":5944,"href":"https:\/\/super-news.info\/es\/wp-json\/wp\/v2\/posts\/5943\/revisions\/5944"}],"wp:featuredmedia":[{"embeddable":true,"href":"https:\/\/super-news.info\/es\/wp-json\/wp\/v2\/media\/180"}],"wp:attachment":[{"href":"https:\/\/super-news.info\/es\/wp-json\/wp\/v2\/media?parent=5943"}],"wp:term":[{"taxonomy":"category","embeddable":true,"href":"https:\/\/super-news.info\/es\/wp-json\/wp\/v2\/categories?post=5943"},{"taxonomy":"post_tag","embeddable":true,"href":"https:\/\/super-news.info\/es\/wp-json\/wp\/v2\/tags?post=5943"}],"curies":[{"name":"wp","href":"https:\/\/api.w.org\/{rel}","templated":true}]}}