{"id":5937,"date":"2019-07-09T23:02:08","date_gmt":"2019-07-09T20:02:08","guid":{"rendered":"https:\/\/super-news.info\/es\/la-audiencia-nacional-avala-que-las-empresas-hagan-descuentos-en-la-nomina-a-trabajadores-impuntuales\/"},"modified":"2019-07-09T23:02:09","modified_gmt":"2019-07-09T20:02:09","slug":"la-audiencia-nacional-avala-que-las-empresas-hagan-descuentos-en-la-nomina-a-trabajadores-impuntuales","status":"publish","type":"post","link":"https:\/\/super-news.info\/es\/la-audiencia-nacional-avala-que-las-empresas-hagan-descuentos-en-la-nomina-a-trabajadores-impuntuales\/","title":{"rendered":"La Audiencia Nacional avala que las empresas hagan descuentos en la n\u00f3mina a trabajadores impuntuales"},"content":{"rendered":"<p> [ad_1]<\/p>\n<div id=\"CuerpoNoticiav2\" itemprop=\"articleBody\">\n<p>MADRID, 9 Jul. (EUROPA PRESS) &#8211; <\/p>\n<p itemprop=\"description\">   La Sala de lo Social de la Audiencia Nacional avala en una sentencia que las empresas puedan descontar directamente de la n\u00f3mina mensual los retrasos de los trabajadores a la hora de fichar su entrada al puesto de trabajo.<\/p>\n<p>   As\u00ed lo determina en un fallo en el que la Audiencia desestima una demanda por conflicto colectivo presentada por la Confederaci\u00f3n General del Trabajo (CGT), y a la que posteriormente se sumaron otros sindicatos, contra la empresa de contact center Atento. La sentencia es recurrible en casaci\u00f3n ante el Tribunal Supremo.<\/p>\n<p>   La demanda fue presentada por la CGT el pasado 6 de mayo, seis d\u00edas antes de que entrara en vigor el Real Decreto que obliga a las empresas a registrar diariamente la jornada de sus trabajadores. No obstante, el fallo es posterior, pues tiene fecha del 20 de junio y el registro obligatorio de jornada entr\u00f3 en vigor el 12 de mayo.<\/p>\n<p>   La empresa demandada, Atento, cuenta con un sistema de control horario y registro a trav\u00e9s del cual se verifica la incorporaci\u00f3n y la salida del puesto de trabajo.<\/p>\n<p>   La CGT aleg\u00f3 en su demanda que es pr\u00e1ctica habitual de la empresa descontar de la n\u00f3mina de cada mes la parte correspondiente a los minutos de retraso de los trabajadores a la hora de incorporarse al puesto, sin que \u00e9stos puedan compensar con m\u00e1s tiempo de trabajo dichos retrasos. Adem\u00e1s, denunciaba que, adem\u00e1s de detraer salarios, la empresa sanciona disciplinariamente a los trabajadores que incurren en faltas de puntualidad.<\/p>\n<p>   La Audiencia Nacional desestima estas alegaciones y subraya en su fallo que &#8220;el car\u00e1cter bilateral y sinalagm\u00e1tico del contrato de trabajo implica que la causa del contrato de trabajo son las obligaciones rec\u00edprocas que contraen trabajador y empleado de trabajar y retribuir, de forma que el trabajador no puede reclamar salario alguno por periodos de tiempo, por \u00ednfimos que estos sean, en los que no exista efectiva prestaci\u00f3n de servicios&#8221;.<\/p>\n<p>   Asimismo, la Audiencia entiende que no se produce una doble sanci\u00f3n cuando la empresa amonesta a sus trabajadores por faltas de impuntualidad a la vez que detrae de sus salarios el tiempo no trabajado por su incorporaci\u00f3n tard\u00eda al puesto de trabajo.<\/p>\n<p>   En este sentido, argumenta que la detracci\u00f3n de salarios obedece &#8220;al l\u00f3gico desarrollo din\u00e1mico de un contrato de naturaleza bilateral y sinalagm\u00e1tica como es el de trabajo&#8221;, mientras que las sanciones &#8220;obedecen al leg\u00edtimo ejercicio de la potestad disciplinaria previsto legal y convencionalmente&#8221;.<\/p>\n<\/div>\n<p>[ad_2]<br \/>\n<br \/><a href=\"https:\/\/www.europapress.es\/economia\/laboral-00346\/noticia-audiencia-nacional-avala-empresas-hagan-descuentos-nomina-trabajadores-impuntuales-20190709144444.html\">Source link <\/a><\/p>\n","protected":false},"excerpt":{"rendered":"<p>[ad_1] MADRID, 9 Jul. (EUROPA PRESS) &#8211; La Sala de lo Social de la Audiencia Nacional avala en una sentencia que las empresas puedan descontar directamente de la n\u00f3mina mensual los retrasos de los trabajadores a la hora de fichar su entrada al puesto de trabajo. As\u00ed lo determina en un fallo en el que [&hellip;]<\/p>\n","protected":false},"author":2,"featured_media":5938,"comment_status":"open","ping_status":"open","sticky":false,"template":"","format":"standard","meta":{"footnotes":""},"categories":[1],"tags":[],"class_list":["post-5937","post","type-post","status-publish","format-standard","has-post-thumbnail","hentry","category-noticias-financieras"],"yoast_head":"<!-- This site is optimized with the Yoast SEO plugin v27.4 - https:\/\/yoast.com\/product\/yoast-seo-wordpress\/ -->\n<title>La Audiencia Nacional avala que las empresas hagan descuentos en la n\u00f3mina a trabajadores impuntuales - Super News<\/title>\n<meta name=\"robots\" content=\"index, follow, max-snippet:-1, max-image-preview:large, max-video-preview:-1\" \/>\n<link rel=\"canonical\" href=\"https:\/\/super-news.info\/es\/la-audiencia-nacional-avala-que-las-empresas-hagan-descuentos-en-la-nomina-a-trabajadores-impuntuales\/\" \/>\n<meta property=\"og:locale\" content=\"en_US\" \/>\n<meta property=\"og:type\" content=\"article\" \/>\n<meta property=\"og:title\" content=\"La Audiencia Nacional avala que las empresas hagan descuentos en la n\u00f3mina a trabajadores impuntuales - Super News\" \/>\n<meta property=\"og:description\" content=\"[ad_1] MADRID, 9 Jul. (EUROPA PRESS) &#8211; La Sala de lo Social de la Audiencia Nacional avala en una sentencia que las empresas puedan descontar directamente de la n\u00f3mina mensual los retrasos de los trabajadores a la hora de fichar su entrada al puesto de trabajo. As\u00ed lo determina en un fallo en el que [&hellip;]\" \/>\n<meta property=\"og:url\" content=\"https:\/\/super-news.info\/es\/la-audiencia-nacional-avala-que-las-empresas-hagan-descuentos-en-la-nomina-a-trabajadores-impuntuales\/\" \/>\n<meta property=\"og:site_name\" content=\"Super News\" \/>\n<meta property=\"article:published_time\" content=\"2019-07-09T20:02:08+00:00\" \/>\n<meta property=\"article:modified_time\" content=\"2019-07-09T20:02:09+00:00\" \/>\n<meta property=\"og:image\" content=\"https:\/\/super-news.info\/es\/wp-content\/uploads\/sites\/4\/2019\/07\/La-Audiencia-Nacional-avala-que-las-empresas-hagan-descuentos-en.jpg\" \/>\n\t<meta property=\"og:image:width\" content=\"120\" \/>\n\t<meta property=\"og:image:height\" content=\"80\" \/>\n\t<meta property=\"og:image:type\" content=\"image\/jpeg\" \/>\n<meta name=\"author\" content=\"super-news\" \/>\n<meta name=\"twitter:card\" content=\"summary_large_image\" \/>\n<meta name=\"twitter:label1\" content=\"Written by\" \/>\n\t<meta name=\"twitter:data1\" content=\"super-news\" \/>\n\t<meta name=\"twitter:label2\" content=\"Est. reading time\" \/>\n\t<meta name=\"twitter:data2\" content=\"2 minutes\" \/>\n<script type=\"application\/ld+json\" class=\"yoast-schema-graph\">{\"@context\":\"https:\\\/\\\/schema.org\",\"@graph\":[{\"@type\":\"Article\",\"@id\":\"https:\\\/\\\/super-news.info\\\/es\\\/la-audiencia-nacional-avala-que-las-empresas-hagan-descuentos-en-la-nomina-a-trabajadores-impuntuales\\\/#article\",\"isPartOf\":{\"@id\":\"https:\\\/\\\/super-news.info\\\/es\\\/la-audiencia-nacional-avala-que-las-empresas-hagan-descuentos-en-la-nomina-a-trabajadores-impuntuales\\\/\"},\"author\":{\"name\":\"super-news\",\"@id\":\"https:\\\/\\\/super-news.info\\\/es\\\/#\\\/schema\\\/person\\\/2d4068cb2f39cd10008c2fce578a7356\"},\"headline\":\"La Audiencia Nacional avala que las empresas hagan descuentos en la n\u00f3mina a trabajadores impuntuales\",\"datePublished\":\"2019-07-09T20:02:08+00:00\",\"dateModified\":\"2019-07-09T20:02:09+00:00\",\"mainEntityOfPage\":{\"@id\":\"https:\\\/\\\/super-news.info\\\/es\\\/la-audiencia-nacional-avala-que-las-empresas-hagan-descuentos-en-la-nomina-a-trabajadores-impuntuales\\\/\"},\"wordCount\":450,\"commentCount\":0,\"image\":{\"@id\":\"https:\\\/\\\/super-news.info\\\/es\\\/la-audiencia-nacional-avala-que-las-empresas-hagan-descuentos-en-la-nomina-a-trabajadores-impuntuales\\\/#primaryimage\"},\"thumbnailUrl\":\"https:\\\/\\\/super-news.info\\\/es\\\/wp-content\\\/uploads\\\/sites\\\/4\\\/2019\\\/07\\\/La-Audiencia-Nacional-avala-que-las-empresas-hagan-descuentos-en.jpg\",\"articleSection\":[\"NOTICIAS FINANCIERAS\"],\"inLanguage\":\"en-US\",\"potentialAction\":[{\"@type\":\"CommentAction\",\"name\":\"Comment\",\"target\":[\"https:\\\/\\\/super-news.info\\\/es\\\/la-audiencia-nacional-avala-que-las-empresas-hagan-descuentos-en-la-nomina-a-trabajadores-impuntuales\\\/#respond\"]}]},{\"@type\":\"WebPage\",\"@id\":\"https:\\\/\\\/super-news.info\\\/es\\\/la-audiencia-nacional-avala-que-las-empresas-hagan-descuentos-en-la-nomina-a-trabajadores-impuntuales\\\/\",\"url\":\"https:\\\/\\\/super-news.info\\\/es\\\/la-audiencia-nacional-avala-que-las-empresas-hagan-descuentos-en-la-nomina-a-trabajadores-impuntuales\\\/\",\"name\":\"La Audiencia Nacional avala que las empresas hagan descuentos en la n\u00f3mina a trabajadores impuntuales - Super News\",\"isPartOf\":{\"@id\":\"https:\\\/\\\/super-news.info\\\/es\\\/#website\"},\"primaryImageOfPage\":{\"@id\":\"https:\\\/\\\/super-news.info\\\/es\\\/la-audiencia-nacional-avala-que-las-empresas-hagan-descuentos-en-la-nomina-a-trabajadores-impuntuales\\\/#primaryimage\"},\"image\":{\"@id\":\"https:\\\/\\\/super-news.info\\\/es\\\/la-audiencia-nacional-avala-que-las-empresas-hagan-descuentos-en-la-nomina-a-trabajadores-impuntuales\\\/#primaryimage\"},\"thumbnailUrl\":\"https:\\\/\\\/super-news.info\\\/es\\\/wp-content\\\/uploads\\\/sites\\\/4\\\/2019\\\/07\\\/La-Audiencia-Nacional-avala-que-las-empresas-hagan-descuentos-en.jpg\",\"datePublished\":\"2019-07-09T20:02:08+00:00\",\"dateModified\":\"2019-07-09T20:02:09+00:00\",\"author\":{\"@id\":\"https:\\\/\\\/super-news.info\\\/es\\\/#\\\/schema\\\/person\\\/2d4068cb2f39cd10008c2fce578a7356\"},\"breadcrumb\":{\"@id\":\"https:\\\/\\\/super-news.info\\\/es\\\/la-audiencia-nacional-avala-que-las-empresas-hagan-descuentos-en-la-nomina-a-trabajadores-impuntuales\\\/#breadcrumb\"},\"inLanguage\":\"en-US\",\"potentialAction\":[{\"@type\":\"ReadAction\",\"target\":[\"https:\\\/\\\/super-news.info\\\/es\\\/la-audiencia-nacional-avala-que-las-empresas-hagan-descuentos-en-la-nomina-a-trabajadores-impuntuales\\\/\"]}]},{\"@type\":\"ImageObject\",\"inLanguage\":\"en-US\",\"@id\":\"https:\\\/\\\/super-news.info\\\/es\\\/la-audiencia-nacional-avala-que-las-empresas-hagan-descuentos-en-la-nomina-a-trabajadores-impuntuales\\\/#primaryimage\",\"url\":\"https:\\\/\\\/super-news.info\\\/es\\\/wp-content\\\/uploads\\\/sites\\\/4\\\/2019\\\/07\\\/La-Audiencia-Nacional-avala-que-las-empresas-hagan-descuentos-en.jpg\",\"contentUrl\":\"https:\\\/\\\/super-news.info\\\/es\\\/wp-content\\\/uploads\\\/sites\\\/4\\\/2019\\\/07\\\/La-Audiencia-Nacional-avala-que-las-empresas-hagan-descuentos-en.jpg\",\"width\":120,\"height\":80,\"caption\":\"La Audiencia Nacional avala que las empresas hagan descuentos en la n\u00f3mina a trabajadores impuntuales\"},{\"@type\":\"BreadcrumbList\",\"@id\":\"https:\\\/\\\/super-news.info\\\/es\\\/la-audiencia-nacional-avala-que-las-empresas-hagan-descuentos-en-la-nomina-a-trabajadores-impuntuales\\\/#breadcrumb\",\"itemListElement\":[{\"@type\":\"ListItem\",\"position\":1,\"name\":\"\u0413\u043b\u0430\u0432\u043d\u0430\u044f \u0441\u0442\u0440\u0430\u043d\u0438\u0446\u0430\",\"item\":\"https:\\\/\\\/super-news.info\\\/es\\\/\"},{\"@type\":\"ListItem\",\"position\":2,\"name\":\"La Audiencia Nacional avala que las empresas hagan descuentos en la n\u00f3mina a trabajadores impuntuales\"}]},{\"@type\":\"WebSite\",\"@id\":\"https:\\\/\\\/super-news.info\\\/es\\\/#website\",\"url\":\"https:\\\/\\\/super-news.info\\\/es\\\/\",\"name\":\"Super News\",\"description\":\"Super News Espa\u00f1a\",\"potentialAction\":[{\"@type\":\"SearchAction\",\"target\":{\"@type\":\"EntryPoint\",\"urlTemplate\":\"https:\\\/\\\/super-news.info\\\/es\\\/?s={search_term_string}\"},\"query-input\":{\"@type\":\"PropertyValueSpecification\",\"valueRequired\":true,\"valueName\":\"search_term_string\"}}],\"inLanguage\":\"en-US\"},{\"@type\":\"Person\",\"@id\":\"https:\\\/\\\/super-news.info\\\/es\\\/#\\\/schema\\\/person\\\/2d4068cb2f39cd10008c2fce578a7356\",\"name\":\"super-news\",\"image\":{\"@type\":\"ImageObject\",\"inLanguage\":\"en-US\",\"@id\":\"https:\\\/\\\/secure.gravatar.com\\\/avatar\\\/64ebac40b93f26a154f8a9b5b6fdccfc46f442b26b3dd6756dbff3bf9dc76fd7?s=96&d=mm&r=g\",\"url\":\"https:\\\/\\\/secure.gravatar.com\\\/avatar\\\/64ebac40b93f26a154f8a9b5b6fdccfc46f442b26b3dd6756dbff3bf9dc76fd7?s=96&d=mm&r=g\",\"contentUrl\":\"https:\\\/\\\/secure.gravatar.com\\\/avatar\\\/64ebac40b93f26a154f8a9b5b6fdccfc46f442b26b3dd6756dbff3bf9dc76fd7?s=96&d=mm&r=g\",\"caption\":\"super-news\"},\"url\":\"https:\\\/\\\/super-news.info\\\/es\\\/author\\\/pt\\\/\"}]}<\/script>\n<!-- \/ Yoast SEO plugin. -->","yoast_head_json":{"title":"La Audiencia Nacional avala que las empresas hagan descuentos en la n\u00f3mina a trabajadores impuntuales - Super News","robots":{"index":"index","follow":"follow","max-snippet":"max-snippet:-1","max-image-preview":"max-image-preview:large","max-video-preview":"max-video-preview:-1"},"canonical":"https:\/\/super-news.info\/es\/la-audiencia-nacional-avala-que-las-empresas-hagan-descuentos-en-la-nomina-a-trabajadores-impuntuales\/","og_locale":"en_US","og_type":"article","og_title":"La Audiencia Nacional avala que las empresas hagan descuentos en la n\u00f3mina a trabajadores impuntuales - Super News","og_description":"[ad_1] MADRID, 9 Jul. (EUROPA PRESS) &#8211; La Sala de lo Social de la Audiencia Nacional avala en una sentencia que las empresas puedan descontar directamente de la n\u00f3mina mensual los retrasos de los trabajadores a la hora de fichar su entrada al puesto de trabajo. As\u00ed lo determina en un fallo en el que [&hellip;]","og_url":"https:\/\/super-news.info\/es\/la-audiencia-nacional-avala-que-las-empresas-hagan-descuentos-en-la-nomina-a-trabajadores-impuntuales\/","og_site_name":"Super News","article_published_time":"2019-07-09T20:02:08+00:00","article_modified_time":"2019-07-09T20:02:09+00:00","og_image":[{"width":120,"height":80,"url":"https:\/\/super-news.info\/es\/wp-content\/uploads\/sites\/4\/2019\/07\/La-Audiencia-Nacional-avala-que-las-empresas-hagan-descuentos-en.jpg","type":"image\/jpeg"}],"author":"super-news","twitter_card":"summary_large_image","twitter_misc":{"Written by":"super-news","Est. reading time":"2 minutes"},"schema":{"@context":"https:\/\/schema.org","@graph":[{"@type":"Article","@id":"https:\/\/super-news.info\/es\/la-audiencia-nacional-avala-que-las-empresas-hagan-descuentos-en-la-nomina-a-trabajadores-impuntuales\/#article","isPartOf":{"@id":"https:\/\/super-news.info\/es\/la-audiencia-nacional-avala-que-las-empresas-hagan-descuentos-en-la-nomina-a-trabajadores-impuntuales\/"},"author":{"name":"super-news","@id":"https:\/\/super-news.info\/es\/#\/schema\/person\/2d4068cb2f39cd10008c2fce578a7356"},"headline":"La Audiencia Nacional avala que las empresas hagan descuentos en la n\u00f3mina a trabajadores impuntuales","datePublished":"2019-07-09T20:02:08+00:00","dateModified":"2019-07-09T20:02:09+00:00","mainEntityOfPage":{"@id":"https:\/\/super-news.info\/es\/la-audiencia-nacional-avala-que-las-empresas-hagan-descuentos-en-la-nomina-a-trabajadores-impuntuales\/"},"wordCount":450,"commentCount":0,"image":{"@id":"https:\/\/super-news.info\/es\/la-audiencia-nacional-avala-que-las-empresas-hagan-descuentos-en-la-nomina-a-trabajadores-impuntuales\/#primaryimage"},"thumbnailUrl":"https:\/\/super-news.info\/es\/wp-content\/uploads\/sites\/4\/2019\/07\/La-Audiencia-Nacional-avala-que-las-empresas-hagan-descuentos-en.jpg","articleSection":["NOTICIAS FINANCIERAS"],"inLanguage":"en-US","potentialAction":[{"@type":"CommentAction","name":"Comment","target":["https:\/\/super-news.info\/es\/la-audiencia-nacional-avala-que-las-empresas-hagan-descuentos-en-la-nomina-a-trabajadores-impuntuales\/#respond"]}]},{"@type":"WebPage","@id":"https:\/\/super-news.info\/es\/la-audiencia-nacional-avala-que-las-empresas-hagan-descuentos-en-la-nomina-a-trabajadores-impuntuales\/","url":"https:\/\/super-news.info\/es\/la-audiencia-nacional-avala-que-las-empresas-hagan-descuentos-en-la-nomina-a-trabajadores-impuntuales\/","name":"La Audiencia Nacional avala que las empresas hagan descuentos en la n\u00f3mina a trabajadores impuntuales - Super News","isPartOf":{"@id":"https:\/\/super-news.info\/es\/#website"},"primaryImageOfPage":{"@id":"https:\/\/super-news.info\/es\/la-audiencia-nacional-avala-que-las-empresas-hagan-descuentos-en-la-nomina-a-trabajadores-impuntuales\/#primaryimage"},"image":{"@id":"https:\/\/super-news.info\/es\/la-audiencia-nacional-avala-que-las-empresas-hagan-descuentos-en-la-nomina-a-trabajadores-impuntuales\/#primaryimage"},"thumbnailUrl":"https:\/\/super-news.info\/es\/wp-content\/uploads\/sites\/4\/2019\/07\/La-Audiencia-Nacional-avala-que-las-empresas-hagan-descuentos-en.jpg","datePublished":"2019-07-09T20:02:08+00:00","dateModified":"2019-07-09T20:02:09+00:00","author":{"@id":"https:\/\/super-news.info\/es\/#\/schema\/person\/2d4068cb2f39cd10008c2fce578a7356"},"breadcrumb":{"@id":"https:\/\/super-news.info\/es\/la-audiencia-nacional-avala-que-las-empresas-hagan-descuentos-en-la-nomina-a-trabajadores-impuntuales\/#breadcrumb"},"inLanguage":"en-US","potentialAction":[{"@type":"ReadAction","target":["https:\/\/super-news.info\/es\/la-audiencia-nacional-avala-que-las-empresas-hagan-descuentos-en-la-nomina-a-trabajadores-impuntuales\/"]}]},{"@type":"ImageObject","inLanguage":"en-US","@id":"https:\/\/super-news.info\/es\/la-audiencia-nacional-avala-que-las-empresas-hagan-descuentos-en-la-nomina-a-trabajadores-impuntuales\/#primaryimage","url":"https:\/\/super-news.info\/es\/wp-content\/uploads\/sites\/4\/2019\/07\/La-Audiencia-Nacional-avala-que-las-empresas-hagan-descuentos-en.jpg","contentUrl":"https:\/\/super-news.info\/es\/wp-content\/uploads\/sites\/4\/2019\/07\/La-Audiencia-Nacional-avala-que-las-empresas-hagan-descuentos-en.jpg","width":120,"height":80,"caption":"La Audiencia Nacional avala que las empresas hagan descuentos en la n\u00f3mina a trabajadores impuntuales"},{"@type":"BreadcrumbList","@id":"https:\/\/super-news.info\/es\/la-audiencia-nacional-avala-que-las-empresas-hagan-descuentos-en-la-nomina-a-trabajadores-impuntuales\/#breadcrumb","itemListElement":[{"@type":"ListItem","position":1,"name":"\u0413\u043b\u0430\u0432\u043d\u0430\u044f \u0441\u0442\u0440\u0430\u043d\u0438\u0446\u0430","item":"https:\/\/super-news.info\/es\/"},{"@type":"ListItem","position":2,"name":"La Audiencia Nacional avala que las empresas hagan descuentos en la n\u00f3mina a trabajadores impuntuales"}]},{"@type":"WebSite","@id":"https:\/\/super-news.info\/es\/#website","url":"https:\/\/super-news.info\/es\/","name":"Super News","description":"Super News Espa\u00f1a","potentialAction":[{"@type":"SearchAction","target":{"@type":"EntryPoint","urlTemplate":"https:\/\/super-news.info\/es\/?s={search_term_string}"},"query-input":{"@type":"PropertyValueSpecification","valueRequired":true,"valueName":"search_term_string"}}],"inLanguage":"en-US"},{"@type":"Person","@id":"https:\/\/super-news.info\/es\/#\/schema\/person\/2d4068cb2f39cd10008c2fce578a7356","name":"super-news","image":{"@type":"ImageObject","inLanguage":"en-US","@id":"https:\/\/secure.gravatar.com\/avatar\/64ebac40b93f26a154f8a9b5b6fdccfc46f442b26b3dd6756dbff3bf9dc76fd7?s=96&d=mm&r=g","url":"https:\/\/secure.gravatar.com\/avatar\/64ebac40b93f26a154f8a9b5b6fdccfc46f442b26b3dd6756dbff3bf9dc76fd7?s=96&d=mm&r=g","contentUrl":"https:\/\/secure.gravatar.com\/avatar\/64ebac40b93f26a154f8a9b5b6fdccfc46f442b26b3dd6756dbff3bf9dc76fd7?s=96&d=mm&r=g","caption":"super-news"},"url":"https:\/\/super-news.info\/es\/author\/pt\/"}]}},"_links":{"self":[{"href":"https:\/\/super-news.info\/es\/wp-json\/wp\/v2\/posts\/5937","targetHints":{"allow":["GET"]}}],"collection":[{"href":"https:\/\/super-news.info\/es\/wp-json\/wp\/v2\/posts"}],"about":[{"href":"https:\/\/super-news.info\/es\/wp-json\/wp\/v2\/types\/post"}],"author":[{"embeddable":true,"href":"https:\/\/super-news.info\/es\/wp-json\/wp\/v2\/users\/2"}],"replies":[{"embeddable":true,"href":"https:\/\/super-news.info\/es\/wp-json\/wp\/v2\/comments?post=5937"}],"version-history":[{"count":1,"href":"https:\/\/super-news.info\/es\/wp-json\/wp\/v2\/posts\/5937\/revisions"}],"predecessor-version":[{"id":5939,"href":"https:\/\/super-news.info\/es\/wp-json\/wp\/v2\/posts\/5937\/revisions\/5939"}],"wp:featuredmedia":[{"embeddable":true,"href":"https:\/\/super-news.info\/es\/wp-json\/wp\/v2\/media\/5938"}],"wp:attachment":[{"href":"https:\/\/super-news.info\/es\/wp-json\/wp\/v2\/media?parent=5937"}],"wp:term":[{"taxonomy":"category","embeddable":true,"href":"https:\/\/super-news.info\/es\/wp-json\/wp\/v2\/categories?post=5937"},{"taxonomy":"post_tag","embeddable":true,"href":"https:\/\/super-news.info\/es\/wp-json\/wp\/v2\/tags?post=5937"}],"curies":[{"name":"wp","href":"https:\/\/api.w.org\/{rel}","templated":true}]}}