{"id":5929,"date":"2019-07-09T20:43:17","date_gmt":"2019-07-09T17:43:17","guid":{"rendered":"https:\/\/super-news.info\/es\/la-demanda-de-liquidez-al-bce-se-desploma-un-42-y-marca-minimos-desde-agosto-de-2018\/"},"modified":"2019-07-09T20:43:18","modified_gmt":"2019-07-09T17:43:18","slug":"la-demanda-de-liquidez-al-bce-se-desploma-un-42-y-marca-minimos-desde-agosto-de-2018","status":"publish","type":"post","link":"https:\/\/super-news.info\/es\/la-demanda-de-liquidez-al-bce-se-desploma-un-42-y-marca-minimos-desde-agosto-de-2018\/","title":{"rendered":"La demanda de liquidez al BCE se desploma un 42% y marca m\u00ednimos desde agosto de 2018"},"content":{"rendered":"<p> [ad_1]<br \/>\n<\/p>\n<div id=\"CuerpoNoticiav2\" itemprop=\"articleBody\">\n<p>MADRID, 9 Jul. (EUROPA PRESS) &#8211; <\/p>\n<p itemprop=\"description\">   El Banco Central Europeo (BCE) ha adjudicado este martes un total de 2.927,1 millones de euros a un tipo fijo del 0% en la subasta semanal de liquidez celebrada por la instituci\u00f3n, lo que supone la cifra m\u00e1s baja inyectada a trav\u00e9s de este mecanismo desde agosto de 2018 en un contexto marcado por la expectativa de nuevas medidas de est\u00edmulo del banco central.<\/p>\n<p>   La liquidez adjudicada por el BCE a un total de 26 bancos de la zona euro supone un descenso del 42,3% respecto de los 5.075,5 millones inyectados la semana pasada y la primera vez que los bancos piden al banco central menos de 3.000 millones de euros desde finales de agosto de 2018.<\/p>\n<p>   De hecho, la liquidez adjudicada en la \u00faltima operaci\u00f3n del BCE representa pr\u00e1cticamente la mitad que la media semanal de 5.960 millones en lo que va de a\u00f1o.<\/p>\n<p>   Las expectativas de nuevos est\u00edmulos por parte del BCE se han visto reforzadas con la designaci\u00f3n de Christine Lagarde, directora del Fondo Monetario Internacional (FMI), como sucesora de Mario Draghi en la presidente del instituto emisor de la zona euro a partir del pr\u00f3ximo mes de noviembre.<\/p>\n<\/div>\n<p>[ad_2]<br \/>\n<br \/><a href=\"https:\/\/www.europapress.es\/economia\/finanzas-00340\/noticia-demanda-liquidez-bce-desploma-42-marca-minimos-agosto-2018-20190709174130.html\">Source link <\/a><\/p>\n","protected":false},"excerpt":{"rendered":"<p>[ad_1] MADRID, 9 Jul. (EUROPA PRESS) &#8211; El Banco Central Europeo (BCE) ha adjudicado este martes un total de 2.927,1 millones de euros a un tipo fijo del 0% en la subasta semanal de liquidez celebrada por la instituci\u00f3n, lo que supone la cifra m\u00e1s baja inyectada a trav\u00e9s de este mecanismo desde agosto de [&hellip;]<\/p>\n","protected":false},"author":2,"featured_media":180,"comment_status":"open","ping_status":"open","sticky":false,"template":"","format":"standard","meta":{"footnotes":""},"categories":[1],"tags":[],"class_list":["post-5929","post","type-post","status-publish","format-standard","has-post-thumbnail","hentry","category-noticias-financieras"],"yoast_head":"<!-- This site is optimized with the Yoast SEO plugin v27.4 - https:\/\/yoast.com\/product\/yoast-seo-wordpress\/ -->\n<title>La demanda de liquidez al BCE se desploma un 42% y marca m\u00ednimos desde agosto de 2018 - Super News<\/title>\n<meta name=\"robots\" content=\"index, follow, max-snippet:-1, max-image-preview:large, max-video-preview:-1\" \/>\n<link rel=\"canonical\" href=\"https:\/\/super-news.info\/es\/la-demanda-de-liquidez-al-bce-se-desploma-un-42-y-marca-minimos-desde-agosto-de-2018\/\" \/>\n<meta property=\"og:locale\" content=\"en_US\" \/>\n<meta property=\"og:type\" content=\"article\" \/>\n<meta property=\"og:title\" content=\"La demanda de liquidez al BCE se desploma un 42% y marca m\u00ednimos desde agosto de 2018 - Super News\" \/>\n<meta property=\"og:description\" content=\"[ad_1] MADRID, 9 Jul. (EUROPA PRESS) &#8211; El Banco Central Europeo (BCE) ha adjudicado este martes un total de 2.927,1 millones de euros a un tipo fijo del 0% en la subasta semanal de liquidez celebrada por la instituci\u00f3n, lo que supone la cifra m\u00e1s baja inyectada a trav\u00e9s de este mecanismo desde agosto de [&hellip;]\" \/>\n<meta property=\"og:url\" content=\"https:\/\/super-news.info\/es\/la-demanda-de-liquidez-al-bce-se-desploma-un-42-y-marca-minimos-desde-agosto-de-2018\/\" \/>\n<meta property=\"og:site_name\" content=\"Super News\" \/>\n<meta property=\"article:published_time\" content=\"2019-07-09T17:43:17+00:00\" \/>\n<meta property=\"article:modified_time\" content=\"2019-07-09T17:43:18+00:00\" \/>\n<meta property=\"og:image\" content=\"https:\/\/super-news.info\/es\/wp-content\/uploads\/sites\/4\/2019\/04\/La-tasa-de-empleo-de-la-OCDE-registr\u00f3-un-r\u00e9cord.jpg\" \/>\n\t<meta property=\"og:image:width\" content=\"1024\" \/>\n\t<meta property=\"og:image:height\" content=\"512\" \/>\n\t<meta property=\"og:image:type\" content=\"image\/jpeg\" \/>\n<meta name=\"author\" content=\"super-news\" \/>\n<meta name=\"twitter:card\" content=\"summary_large_image\" \/>\n<meta name=\"twitter:label1\" content=\"Written by\" \/>\n\t<meta name=\"twitter:data1\" content=\"super-news\" \/>\n\t<meta name=\"twitter:label2\" content=\"Est. reading time\" \/>\n\t<meta name=\"twitter:data2\" content=\"1 minute\" \/>\n<script type=\"application\/ld+json\" class=\"yoast-schema-graph\">{\"@context\":\"https:\\\/\\\/schema.org\",\"@graph\":[{\"@type\":\"Article\",\"@id\":\"https:\\\/\\\/super-news.info\\\/es\\\/la-demanda-de-liquidez-al-bce-se-desploma-un-42-y-marca-minimos-desde-agosto-de-2018\\\/#article\",\"isPartOf\":{\"@id\":\"https:\\\/\\\/super-news.info\\\/es\\\/la-demanda-de-liquidez-al-bce-se-desploma-un-42-y-marca-minimos-desde-agosto-de-2018\\\/\"},\"author\":{\"name\":\"super-news\",\"@id\":\"https:\\\/\\\/super-news.info\\\/es\\\/#\\\/schema\\\/person\\\/2d4068cb2f39cd10008c2fce578a7356\"},\"headline\":\"La demanda de liquidez al BCE se desploma un 42% y marca m\u00ednimos desde agosto de 2018\",\"datePublished\":\"2019-07-09T17:43:17+00:00\",\"dateModified\":\"2019-07-09T17:43:18+00:00\",\"mainEntityOfPage\":{\"@id\":\"https:\\\/\\\/super-news.info\\\/es\\\/la-demanda-de-liquidez-al-bce-se-desploma-un-42-y-marca-minimos-desde-agosto-de-2018\\\/\"},\"wordCount\":218,\"commentCount\":0,\"image\":{\"@id\":\"https:\\\/\\\/super-news.info\\\/es\\\/la-demanda-de-liquidez-al-bce-se-desploma-un-42-y-marca-minimos-desde-agosto-de-2018\\\/#primaryimage\"},\"thumbnailUrl\":\"https:\\\/\\\/super-news.info\\\/es\\\/wp-content\\\/uploads\\\/sites\\\/4\\\/2019\\\/04\\\/La-tasa-de-empleo-de-la-OCDE-registr\u00f3-un-r\u00e9cord.jpg\",\"articleSection\":[\"NOTICIAS FINANCIERAS\"],\"inLanguage\":\"en-US\",\"potentialAction\":[{\"@type\":\"CommentAction\",\"name\":\"Comment\",\"target\":[\"https:\\\/\\\/super-news.info\\\/es\\\/la-demanda-de-liquidez-al-bce-se-desploma-un-42-y-marca-minimos-desde-agosto-de-2018\\\/#respond\"]}]},{\"@type\":\"WebPage\",\"@id\":\"https:\\\/\\\/super-news.info\\\/es\\\/la-demanda-de-liquidez-al-bce-se-desploma-un-42-y-marca-minimos-desde-agosto-de-2018\\\/\",\"url\":\"https:\\\/\\\/super-news.info\\\/es\\\/la-demanda-de-liquidez-al-bce-se-desploma-un-42-y-marca-minimos-desde-agosto-de-2018\\\/\",\"name\":\"La demanda de liquidez al BCE se desploma un 42% y marca m\u00ednimos desde agosto de 2018 - Super News\",\"isPartOf\":{\"@id\":\"https:\\\/\\\/super-news.info\\\/es\\\/#website\"},\"primaryImageOfPage\":{\"@id\":\"https:\\\/\\\/super-news.info\\\/es\\\/la-demanda-de-liquidez-al-bce-se-desploma-un-42-y-marca-minimos-desde-agosto-de-2018\\\/#primaryimage\"},\"image\":{\"@id\":\"https:\\\/\\\/super-news.info\\\/es\\\/la-demanda-de-liquidez-al-bce-se-desploma-un-42-y-marca-minimos-desde-agosto-de-2018\\\/#primaryimage\"},\"thumbnailUrl\":\"https:\\\/\\\/super-news.info\\\/es\\\/wp-content\\\/uploads\\\/sites\\\/4\\\/2019\\\/04\\\/La-tasa-de-empleo-de-la-OCDE-registr\u00f3-un-r\u00e9cord.jpg\",\"datePublished\":\"2019-07-09T17:43:17+00:00\",\"dateModified\":\"2019-07-09T17:43:18+00:00\",\"author\":{\"@id\":\"https:\\\/\\\/super-news.info\\\/es\\\/#\\\/schema\\\/person\\\/2d4068cb2f39cd10008c2fce578a7356\"},\"breadcrumb\":{\"@id\":\"https:\\\/\\\/super-news.info\\\/es\\\/la-demanda-de-liquidez-al-bce-se-desploma-un-42-y-marca-minimos-desde-agosto-de-2018\\\/#breadcrumb\"},\"inLanguage\":\"en-US\",\"potentialAction\":[{\"@type\":\"ReadAction\",\"target\":[\"https:\\\/\\\/super-news.info\\\/es\\\/la-demanda-de-liquidez-al-bce-se-desploma-un-42-y-marca-minimos-desde-agosto-de-2018\\\/\"]}]},{\"@type\":\"ImageObject\",\"inLanguage\":\"en-US\",\"@id\":\"https:\\\/\\\/super-news.info\\\/es\\\/la-demanda-de-liquidez-al-bce-se-desploma-un-42-y-marca-minimos-desde-agosto-de-2018\\\/#primaryimage\",\"url\":\"https:\\\/\\\/super-news.info\\\/es\\\/wp-content\\\/uploads\\\/sites\\\/4\\\/2019\\\/04\\\/La-tasa-de-empleo-de-la-OCDE-registr\u00f3-un-r\u00e9cord.jpg\",\"contentUrl\":\"https:\\\/\\\/super-news.info\\\/es\\\/wp-content\\\/uploads\\\/sites\\\/4\\\/2019\\\/04\\\/La-tasa-de-empleo-de-la-OCDE-registr\u00f3-un-r\u00e9cord.jpg\",\"width\":1024,\"height\":512,\"caption\":\"La tasa de empleo de la OCDE registr\u00f3 un r\u00e9cord del 68,6% al cierre de 2018\"},{\"@type\":\"BreadcrumbList\",\"@id\":\"https:\\\/\\\/super-news.info\\\/es\\\/la-demanda-de-liquidez-al-bce-se-desploma-un-42-y-marca-minimos-desde-agosto-de-2018\\\/#breadcrumb\",\"itemListElement\":[{\"@type\":\"ListItem\",\"position\":1,\"name\":\"\u0413\u043b\u0430\u0432\u043d\u0430\u044f \u0441\u0442\u0440\u0430\u043d\u0438\u0446\u0430\",\"item\":\"https:\\\/\\\/super-news.info\\\/es\\\/\"},{\"@type\":\"ListItem\",\"position\":2,\"name\":\"La demanda de liquidez al BCE se desploma un 42% y marca m\u00ednimos desde agosto de 2018\"}]},{\"@type\":\"WebSite\",\"@id\":\"https:\\\/\\\/super-news.info\\\/es\\\/#website\",\"url\":\"https:\\\/\\\/super-news.info\\\/es\\\/\",\"name\":\"Super News\",\"description\":\"Super News Espa\u00f1a\",\"potentialAction\":[{\"@type\":\"SearchAction\",\"target\":{\"@type\":\"EntryPoint\",\"urlTemplate\":\"https:\\\/\\\/super-news.info\\\/es\\\/?s={search_term_string}\"},\"query-input\":{\"@type\":\"PropertyValueSpecification\",\"valueRequired\":true,\"valueName\":\"search_term_string\"}}],\"inLanguage\":\"en-US\"},{\"@type\":\"Person\",\"@id\":\"https:\\\/\\\/super-news.info\\\/es\\\/#\\\/schema\\\/person\\\/2d4068cb2f39cd10008c2fce578a7356\",\"name\":\"super-news\",\"image\":{\"@type\":\"ImageObject\",\"inLanguage\":\"en-US\",\"@id\":\"https:\\\/\\\/secure.gravatar.com\\\/avatar\\\/64ebac40b93f26a154f8a9b5b6fdccfc46f442b26b3dd6756dbff3bf9dc76fd7?s=96&d=mm&r=g\",\"url\":\"https:\\\/\\\/secure.gravatar.com\\\/avatar\\\/64ebac40b93f26a154f8a9b5b6fdccfc46f442b26b3dd6756dbff3bf9dc76fd7?s=96&d=mm&r=g\",\"contentUrl\":\"https:\\\/\\\/secure.gravatar.com\\\/avatar\\\/64ebac40b93f26a154f8a9b5b6fdccfc46f442b26b3dd6756dbff3bf9dc76fd7?s=96&d=mm&r=g\",\"caption\":\"super-news\"},\"url\":\"https:\\\/\\\/super-news.info\\\/es\\\/author\\\/pt\\\/\"}]}<\/script>\n<!-- \/ Yoast SEO plugin. -->","yoast_head_json":{"title":"La demanda de liquidez al BCE se desploma un 42% y marca m\u00ednimos desde agosto de 2018 - Super News","robots":{"index":"index","follow":"follow","max-snippet":"max-snippet:-1","max-image-preview":"max-image-preview:large","max-video-preview":"max-video-preview:-1"},"canonical":"https:\/\/super-news.info\/es\/la-demanda-de-liquidez-al-bce-se-desploma-un-42-y-marca-minimos-desde-agosto-de-2018\/","og_locale":"en_US","og_type":"article","og_title":"La demanda de liquidez al BCE se desploma un 42% y marca m\u00ednimos desde agosto de 2018 - Super News","og_description":"[ad_1] MADRID, 9 Jul. (EUROPA PRESS) &#8211; El Banco Central Europeo (BCE) ha adjudicado este martes un total de 2.927,1 millones de euros a un tipo fijo del 0% en la subasta semanal de liquidez celebrada por la instituci\u00f3n, lo que supone la cifra m\u00e1s baja inyectada a trav\u00e9s de este mecanismo desde agosto de [&hellip;]","og_url":"https:\/\/super-news.info\/es\/la-demanda-de-liquidez-al-bce-se-desploma-un-42-y-marca-minimos-desde-agosto-de-2018\/","og_site_name":"Super News","article_published_time":"2019-07-09T17:43:17+00:00","article_modified_time":"2019-07-09T17:43:18+00:00","og_image":[{"width":1024,"height":512,"url":"https:\/\/super-news.info\/es\/wp-content\/uploads\/sites\/4\/2019\/04\/La-tasa-de-empleo-de-la-OCDE-registr\u00f3-un-r\u00e9cord.jpg","type":"image\/jpeg"}],"author":"super-news","twitter_card":"summary_large_image","twitter_misc":{"Written by":"super-news","Est. reading time":"1 minute"},"schema":{"@context":"https:\/\/schema.org","@graph":[{"@type":"Article","@id":"https:\/\/super-news.info\/es\/la-demanda-de-liquidez-al-bce-se-desploma-un-42-y-marca-minimos-desde-agosto-de-2018\/#article","isPartOf":{"@id":"https:\/\/super-news.info\/es\/la-demanda-de-liquidez-al-bce-se-desploma-un-42-y-marca-minimos-desde-agosto-de-2018\/"},"author":{"name":"super-news","@id":"https:\/\/super-news.info\/es\/#\/schema\/person\/2d4068cb2f39cd10008c2fce578a7356"},"headline":"La demanda de liquidez al BCE se desploma un 42% y marca m\u00ednimos desde agosto de 2018","datePublished":"2019-07-09T17:43:17+00:00","dateModified":"2019-07-09T17:43:18+00:00","mainEntityOfPage":{"@id":"https:\/\/super-news.info\/es\/la-demanda-de-liquidez-al-bce-se-desploma-un-42-y-marca-minimos-desde-agosto-de-2018\/"},"wordCount":218,"commentCount":0,"image":{"@id":"https:\/\/super-news.info\/es\/la-demanda-de-liquidez-al-bce-se-desploma-un-42-y-marca-minimos-desde-agosto-de-2018\/#primaryimage"},"thumbnailUrl":"https:\/\/super-news.info\/es\/wp-content\/uploads\/sites\/4\/2019\/04\/La-tasa-de-empleo-de-la-OCDE-registr\u00f3-un-r\u00e9cord.jpg","articleSection":["NOTICIAS FINANCIERAS"],"inLanguage":"en-US","potentialAction":[{"@type":"CommentAction","name":"Comment","target":["https:\/\/super-news.info\/es\/la-demanda-de-liquidez-al-bce-se-desploma-un-42-y-marca-minimos-desde-agosto-de-2018\/#respond"]}]},{"@type":"WebPage","@id":"https:\/\/super-news.info\/es\/la-demanda-de-liquidez-al-bce-se-desploma-un-42-y-marca-minimos-desde-agosto-de-2018\/","url":"https:\/\/super-news.info\/es\/la-demanda-de-liquidez-al-bce-se-desploma-un-42-y-marca-minimos-desde-agosto-de-2018\/","name":"La demanda de liquidez al BCE se desploma un 42% y marca m\u00ednimos desde agosto de 2018 - Super News","isPartOf":{"@id":"https:\/\/super-news.info\/es\/#website"},"primaryImageOfPage":{"@id":"https:\/\/super-news.info\/es\/la-demanda-de-liquidez-al-bce-se-desploma-un-42-y-marca-minimos-desde-agosto-de-2018\/#primaryimage"},"image":{"@id":"https:\/\/super-news.info\/es\/la-demanda-de-liquidez-al-bce-se-desploma-un-42-y-marca-minimos-desde-agosto-de-2018\/#primaryimage"},"thumbnailUrl":"https:\/\/super-news.info\/es\/wp-content\/uploads\/sites\/4\/2019\/04\/La-tasa-de-empleo-de-la-OCDE-registr\u00f3-un-r\u00e9cord.jpg","datePublished":"2019-07-09T17:43:17+00:00","dateModified":"2019-07-09T17:43:18+00:00","author":{"@id":"https:\/\/super-news.info\/es\/#\/schema\/person\/2d4068cb2f39cd10008c2fce578a7356"},"breadcrumb":{"@id":"https:\/\/super-news.info\/es\/la-demanda-de-liquidez-al-bce-se-desploma-un-42-y-marca-minimos-desde-agosto-de-2018\/#breadcrumb"},"inLanguage":"en-US","potentialAction":[{"@type":"ReadAction","target":["https:\/\/super-news.info\/es\/la-demanda-de-liquidez-al-bce-se-desploma-un-42-y-marca-minimos-desde-agosto-de-2018\/"]}]},{"@type":"ImageObject","inLanguage":"en-US","@id":"https:\/\/super-news.info\/es\/la-demanda-de-liquidez-al-bce-se-desploma-un-42-y-marca-minimos-desde-agosto-de-2018\/#primaryimage","url":"https:\/\/super-news.info\/es\/wp-content\/uploads\/sites\/4\/2019\/04\/La-tasa-de-empleo-de-la-OCDE-registr\u00f3-un-r\u00e9cord.jpg","contentUrl":"https:\/\/super-news.info\/es\/wp-content\/uploads\/sites\/4\/2019\/04\/La-tasa-de-empleo-de-la-OCDE-registr\u00f3-un-r\u00e9cord.jpg","width":1024,"height":512,"caption":"La tasa de empleo de la OCDE registr\u00f3 un r\u00e9cord del 68,6% al cierre de 2018"},{"@type":"BreadcrumbList","@id":"https:\/\/super-news.info\/es\/la-demanda-de-liquidez-al-bce-se-desploma-un-42-y-marca-minimos-desde-agosto-de-2018\/#breadcrumb","itemListElement":[{"@type":"ListItem","position":1,"name":"\u0413\u043b\u0430\u0432\u043d\u0430\u044f \u0441\u0442\u0440\u0430\u043d\u0438\u0446\u0430","item":"https:\/\/super-news.info\/es\/"},{"@type":"ListItem","position":2,"name":"La demanda de liquidez al BCE se desploma un 42% y marca m\u00ednimos desde agosto de 2018"}]},{"@type":"WebSite","@id":"https:\/\/super-news.info\/es\/#website","url":"https:\/\/super-news.info\/es\/","name":"Super News","description":"Super News Espa\u00f1a","potentialAction":[{"@type":"SearchAction","target":{"@type":"EntryPoint","urlTemplate":"https:\/\/super-news.info\/es\/?s={search_term_string}"},"query-input":{"@type":"PropertyValueSpecification","valueRequired":true,"valueName":"search_term_string"}}],"inLanguage":"en-US"},{"@type":"Person","@id":"https:\/\/super-news.info\/es\/#\/schema\/person\/2d4068cb2f39cd10008c2fce578a7356","name":"super-news","image":{"@type":"ImageObject","inLanguage":"en-US","@id":"https:\/\/secure.gravatar.com\/avatar\/64ebac40b93f26a154f8a9b5b6fdccfc46f442b26b3dd6756dbff3bf9dc76fd7?s=96&d=mm&r=g","url":"https:\/\/secure.gravatar.com\/avatar\/64ebac40b93f26a154f8a9b5b6fdccfc46f442b26b3dd6756dbff3bf9dc76fd7?s=96&d=mm&r=g","contentUrl":"https:\/\/secure.gravatar.com\/avatar\/64ebac40b93f26a154f8a9b5b6fdccfc46f442b26b3dd6756dbff3bf9dc76fd7?s=96&d=mm&r=g","caption":"super-news"},"url":"https:\/\/super-news.info\/es\/author\/pt\/"}]}},"_links":{"self":[{"href":"https:\/\/super-news.info\/es\/wp-json\/wp\/v2\/posts\/5929","targetHints":{"allow":["GET"]}}],"collection":[{"href":"https:\/\/super-news.info\/es\/wp-json\/wp\/v2\/posts"}],"about":[{"href":"https:\/\/super-news.info\/es\/wp-json\/wp\/v2\/types\/post"}],"author":[{"embeddable":true,"href":"https:\/\/super-news.info\/es\/wp-json\/wp\/v2\/users\/2"}],"replies":[{"embeddable":true,"href":"https:\/\/super-news.info\/es\/wp-json\/wp\/v2\/comments?post=5929"}],"version-history":[{"count":1,"href":"https:\/\/super-news.info\/es\/wp-json\/wp\/v2\/posts\/5929\/revisions"}],"predecessor-version":[{"id":5930,"href":"https:\/\/super-news.info\/es\/wp-json\/wp\/v2\/posts\/5929\/revisions\/5930"}],"wp:featuredmedia":[{"embeddable":true,"href":"https:\/\/super-news.info\/es\/wp-json\/wp\/v2\/media\/180"}],"wp:attachment":[{"href":"https:\/\/super-news.info\/es\/wp-json\/wp\/v2\/media?parent=5929"}],"wp:term":[{"taxonomy":"category","embeddable":true,"href":"https:\/\/super-news.info\/es\/wp-json\/wp\/v2\/categories?post=5929"},{"taxonomy":"post_tag","embeddable":true,"href":"https:\/\/super-news.info\/es\/wp-json\/wp\/v2\/tags?post=5929"}],"curies":[{"name":"wp","href":"https:\/\/api.w.org\/{rel}","templated":true}]}}