{"id":5917,"date":"2019-07-09T18:29:24","date_gmt":"2019-07-09T15:29:24","guid":{"rendered":"https:\/\/super-news.info\/es\/espana-francia-portugal-y-la-ce-se-reunen-para-cooperar-en-la-transicion-ecologica-y-fortalecer-los-pniec\/"},"modified":"2019-07-09T18:29:25","modified_gmt":"2019-07-09T15:29:25","slug":"espana-francia-portugal-y-la-ce-se-reunen-para-cooperar-en-la-transicion-ecologica-y-fortalecer-los-pniec","status":"publish","type":"post","link":"https:\/\/super-news.info\/es\/espana-francia-portugal-y-la-ce-se-reunen-para-cooperar-en-la-transicion-ecologica-y-fortalecer-los-pniec\/","title":{"rendered":"Espa\u00f1a, Francia, Portugal y la CE se re\u00fanen para cooperar en la transici\u00f3n ecol\u00f3gica y fortalecer los PNIEC"},"content":{"rendered":"<p> [ad_1]<\/p>\n<div id=\"CuerpoNoticiav2\" itemprop=\"articleBody\">\n<h3 class=\"subsubhead\">Los tres pa\u00edses acuerdan reforzar la cooperaci\u00f3n y compartir mejores pr\u00e1cticas para fortalecer los planes de energ\u00eda y clima<\/h3>\n<p>   MADRID, 9 Jul. (EUROPA PRESS) &#8211; <\/p>\n<p itemprop=\"description\">   Los Gobiernos de Espa\u00f1a, Francia y Portugal, junto con la Comisi\u00f3n Europea (CE) se han reunido este martes en Madrid para afianzar y construir nuevas f\u00f3rmulas de cooperaci\u00f3n interregional que refuercen las medidas de descarbonizaci\u00f3n planteadas por cada uno de los Estados en sus Planes de Energ\u00eda y Clima (PNIEC).<\/p>\n<p>   La ministra para la Transici\u00f3n Ecol\u00f3gica en funciones, Teresa Ribera, ha sido la encargada de presidir la reuni\u00f3n a la que han asistido las delegaciones de los otros dos pa\u00edses, representantes de la Comisi\u00f3n Europea, de los gestores nacionales de redes de transporte de electricidad y de la asociaci\u00f3n que los aglutina (Entso-e).<\/p>\n<p>   Los asistentes han coincidido en que los pr\u00f3ximos a\u00f1os estar\u00e1n marcados por una entrada masiva de energ\u00edas renovables en los sistemas energ\u00e9ticos de Espa\u00f1a, Francia y Portugal, cuesti\u00f3n decisiva no solo para cumplir el Acuerdo de Par\u00eds de lucha contra el cambio clim\u00e1tico sino tambi\u00e9n para asegurar la provisi\u00f3n de energ\u00eda limpia y asequible.<\/p>\n<p>   Asimismo, creen que no basta con que cada pa\u00eds dise\u00f1e una estrategia nacional, sino que ser\u00e1 fundamental la cooperaci\u00f3n interregional entre Estados transfronterizos. De esta manera, podr\u00e1n explorar de forma conjunta las mejores tecnolog\u00edas para las diferentes localizaciones geogr\u00e1ficas, intercambiar buenas pr\u00e1cticas o desarrollar mayores mercados, de forma que la producci\u00f3n de energ\u00eda sea m\u00e1s accesible, barata y segura para el consumidor.<\/p>\n<h2 class=\"ladillo\">EL ALMACENAMIENTO, CLAVE<\/h2>\n<p>   En la reuni\u00f3n tambi\u00e9n se ha incidido en la importancia de la cooperaci\u00f3n entre los tres pa\u00edses para fortalecer la gestionabilidad y flexibilidad del sistema el\u00e9ctrico, cada vez m\u00e1s renovable. Los asistentes han destacado la necesidad de continuar trabajando en los proyectos de interconexi\u00f3n energ\u00e9tica entre los tres pa\u00edses y, al mismo tiempo, han subrayado el papel que tendr\u00e1n en este nuevo &#8216;mix&#8217; energ\u00e9tico los sistemas de almacenamiento para alcanzar los objetivos de ambici\u00f3n clim\u00e1tica que Portugal, Espa\u00f1a y Francia comparten, junto a la Comisi\u00f3n Europea.<\/p>\n<p>   En este sentido, los tres pa\u00edses han acordado seguir reforzando la cooperaci\u00f3n y compartiendo mejores pr\u00e1cticas para fortalecer los planes de energ\u00eda y clima.<\/p>\n<p>   De hecho, Ribera ha subrayado que el objetivo de este encuentro es trabajar en un modelo de cooperaci\u00f3n subregional que facilite el cumplimiento de los PNIEC &#8220;con la m\u00e1xima incorporaci\u00f3n posible de energ\u00edas renovables en redes que deben ser inteligentes&#8221;.<\/p>\n<p>   Para Ribera, las interconexiones o el almacenamiento son algunas de las cuestiones clave de este nuevo modelo, junto con flexibilizaci\u00f3n o digitalizaci\u00f3n de las redes, que &#8220;constituyen desaf\u00edos para reguladores y administraciones, pero tambi\u00e9n para el conjunto de los operadores del sistema: t\u00e9cnicos, pol\u00edticos, agentes sociales, o ambientales&#8221;.<\/p>\n<p>   &#8220;Todos ellos ser\u00e1n clave para el \u00e9xito de una visi\u00f3n integrada que nos permita cumplir con nuestros objetivos europeos de lucha contra el cambio clim\u00e1tico en el marco del Acuerdo de Par\u00eds&#8221;, ha concluido la ministra.<\/p>\n<\/div>\n<p>[ad_2]<br \/>\n<br \/><a href=\"https:\/\/www.europapress.es\/economia\/energia-00341\/noticia-espana-francia-portugal-ce-reunen-cooperar-transicion-ecologica-fortalecer-pniec-20190709161258.html\">Source link <\/a><\/p>\n","protected":false},"excerpt":{"rendered":"<p>[ad_1] Los tres pa\u00edses acuerdan reforzar la cooperaci\u00f3n y compartir mejores pr\u00e1cticas para fortalecer los planes de energ\u00eda y clima MADRID, 9 Jul. (EUROPA PRESS) &#8211; Los Gobiernos de Espa\u00f1a, Francia y Portugal, junto con la Comisi\u00f3n Europea (CE) se han reunido este martes en Madrid para afianzar y construir nuevas f\u00f3rmulas de cooperaci\u00f3n interregional [&hellip;]<\/p>\n","protected":false},"author":2,"featured_media":5918,"comment_status":"open","ping_status":"open","sticky":false,"template":"","format":"standard","meta":{"footnotes":""},"categories":[1],"tags":[],"class_list":["post-5917","post","type-post","status-publish","format-standard","has-post-thumbnail","hentry","category-noticias-financieras"],"yoast_head":"<!-- This site is optimized with the Yoast SEO plugin v27.4 - https:\/\/yoast.com\/product\/yoast-seo-wordpress\/ -->\n<title>Espa\u00f1a, Francia, Portugal y la CE se re\u00fanen para cooperar en la transici\u00f3n ecol\u00f3gica y fortalecer los PNIEC - Super News<\/title>\n<meta name=\"robots\" content=\"index, follow, max-snippet:-1, max-image-preview:large, max-video-preview:-1\" \/>\n<link rel=\"canonical\" href=\"https:\/\/super-news.info\/es\/espana-francia-portugal-y-la-ce-se-reunen-para-cooperar-en-la-transicion-ecologica-y-fortalecer-los-pniec\/\" \/>\n<meta property=\"og:locale\" content=\"en_US\" \/>\n<meta property=\"og:type\" content=\"article\" \/>\n<meta property=\"og:title\" content=\"Espa\u00f1a, Francia, Portugal y la CE se re\u00fanen para cooperar en la transici\u00f3n ecol\u00f3gica y fortalecer los PNIEC - Super News\" \/>\n<meta property=\"og:description\" content=\"[ad_1] Los tres pa\u00edses acuerdan reforzar la cooperaci\u00f3n y compartir mejores pr\u00e1cticas para fortalecer los planes de energ\u00eda y clima MADRID, 9 Jul. (EUROPA PRESS) &#8211; Los Gobiernos de Espa\u00f1a, Francia y Portugal, junto con la Comisi\u00f3n Europea (CE) se han reunido este martes en Madrid para afianzar y construir nuevas f\u00f3rmulas de cooperaci\u00f3n interregional [&hellip;]\" \/>\n<meta property=\"og:url\" content=\"https:\/\/super-news.info\/es\/espana-francia-portugal-y-la-ce-se-reunen-para-cooperar-en-la-transicion-ecologica-y-fortalecer-los-pniec\/\" \/>\n<meta property=\"og:site_name\" content=\"Super News\" \/>\n<meta property=\"article:published_time\" content=\"2019-07-09T15:29:24+00:00\" \/>\n<meta property=\"article:modified_time\" content=\"2019-07-09T15:29:25+00:00\" \/>\n<meta property=\"og:image\" content=\"https:\/\/super-news.info\/es\/wp-content\/uploads\/sites\/4\/2019\/07\/Espa\u00f1a-Francia-Portugal-y-la-CE-se-re\u00fanen-para-cooperar.jpg\" \/>\n\t<meta property=\"og:image:width\" content=\"120\" \/>\n\t<meta property=\"og:image:height\" content=\"80\" \/>\n\t<meta property=\"og:image:type\" content=\"image\/jpeg\" \/>\n<meta name=\"author\" content=\"super-news\" \/>\n<meta name=\"twitter:card\" content=\"summary_large_image\" \/>\n<meta name=\"twitter:label1\" content=\"Written by\" \/>\n\t<meta name=\"twitter:data1\" content=\"super-news\" \/>\n\t<meta name=\"twitter:label2\" content=\"Est. reading time\" \/>\n\t<meta name=\"twitter:data2\" content=\"3 minutes\" \/>\n<script type=\"application\/ld+json\" class=\"yoast-schema-graph\">{\"@context\":\"https:\\\/\\\/schema.org\",\"@graph\":[{\"@type\":\"Article\",\"@id\":\"https:\\\/\\\/super-news.info\\\/es\\\/espana-francia-portugal-y-la-ce-se-reunen-para-cooperar-en-la-transicion-ecologica-y-fortalecer-los-pniec\\\/#article\",\"isPartOf\":{\"@id\":\"https:\\\/\\\/super-news.info\\\/es\\\/espana-francia-portugal-y-la-ce-se-reunen-para-cooperar-en-la-transicion-ecologica-y-fortalecer-los-pniec\\\/\"},\"author\":{\"name\":\"super-news\",\"@id\":\"https:\\\/\\\/super-news.info\\\/es\\\/#\\\/schema\\\/person\\\/2d4068cb2f39cd10008c2fce578a7356\"},\"headline\":\"Espa\u00f1a, Francia, Portugal y la CE se re\u00fanen para cooperar en la transici\u00f3n ecol\u00f3gica y fortalecer los PNIEC\",\"datePublished\":\"2019-07-09T15:29:24+00:00\",\"dateModified\":\"2019-07-09T15:29:25+00:00\",\"mainEntityOfPage\":{\"@id\":\"https:\\\/\\\/super-news.info\\\/es\\\/espana-francia-portugal-y-la-ce-se-reunen-para-cooperar-en-la-transicion-ecologica-y-fortalecer-los-pniec\\\/\"},\"wordCount\":577,\"commentCount\":0,\"image\":{\"@id\":\"https:\\\/\\\/super-news.info\\\/es\\\/espana-francia-portugal-y-la-ce-se-reunen-para-cooperar-en-la-transicion-ecologica-y-fortalecer-los-pniec\\\/#primaryimage\"},\"thumbnailUrl\":\"https:\\\/\\\/super-news.info\\\/es\\\/wp-content\\\/uploads\\\/sites\\\/4\\\/2019\\\/07\\\/Espa\u00f1a-Francia-Portugal-y-la-CE-se-re\u00fanen-para-cooperar.jpg\",\"articleSection\":[\"NOTICIAS FINANCIERAS\"],\"inLanguage\":\"en-US\",\"potentialAction\":[{\"@type\":\"CommentAction\",\"name\":\"Comment\",\"target\":[\"https:\\\/\\\/super-news.info\\\/es\\\/espana-francia-portugal-y-la-ce-se-reunen-para-cooperar-en-la-transicion-ecologica-y-fortalecer-los-pniec\\\/#respond\"]}]},{\"@type\":\"WebPage\",\"@id\":\"https:\\\/\\\/super-news.info\\\/es\\\/espana-francia-portugal-y-la-ce-se-reunen-para-cooperar-en-la-transicion-ecologica-y-fortalecer-los-pniec\\\/\",\"url\":\"https:\\\/\\\/super-news.info\\\/es\\\/espana-francia-portugal-y-la-ce-se-reunen-para-cooperar-en-la-transicion-ecologica-y-fortalecer-los-pniec\\\/\",\"name\":\"Espa\u00f1a, Francia, Portugal y la CE se re\u00fanen para cooperar en la transici\u00f3n ecol\u00f3gica y fortalecer los PNIEC - Super News\",\"isPartOf\":{\"@id\":\"https:\\\/\\\/super-news.info\\\/es\\\/#website\"},\"primaryImageOfPage\":{\"@id\":\"https:\\\/\\\/super-news.info\\\/es\\\/espana-francia-portugal-y-la-ce-se-reunen-para-cooperar-en-la-transicion-ecologica-y-fortalecer-los-pniec\\\/#primaryimage\"},\"image\":{\"@id\":\"https:\\\/\\\/super-news.info\\\/es\\\/espana-francia-portugal-y-la-ce-se-reunen-para-cooperar-en-la-transicion-ecologica-y-fortalecer-los-pniec\\\/#primaryimage\"},\"thumbnailUrl\":\"https:\\\/\\\/super-news.info\\\/es\\\/wp-content\\\/uploads\\\/sites\\\/4\\\/2019\\\/07\\\/Espa\u00f1a-Francia-Portugal-y-la-CE-se-re\u00fanen-para-cooperar.jpg\",\"datePublished\":\"2019-07-09T15:29:24+00:00\",\"dateModified\":\"2019-07-09T15:29:25+00:00\",\"author\":{\"@id\":\"https:\\\/\\\/super-news.info\\\/es\\\/#\\\/schema\\\/person\\\/2d4068cb2f39cd10008c2fce578a7356\"},\"breadcrumb\":{\"@id\":\"https:\\\/\\\/super-news.info\\\/es\\\/espana-francia-portugal-y-la-ce-se-reunen-para-cooperar-en-la-transicion-ecologica-y-fortalecer-los-pniec\\\/#breadcrumb\"},\"inLanguage\":\"en-US\",\"potentialAction\":[{\"@type\":\"ReadAction\",\"target\":[\"https:\\\/\\\/super-news.info\\\/es\\\/espana-francia-portugal-y-la-ce-se-reunen-para-cooperar-en-la-transicion-ecologica-y-fortalecer-los-pniec\\\/\"]}]},{\"@type\":\"ImageObject\",\"inLanguage\":\"en-US\",\"@id\":\"https:\\\/\\\/super-news.info\\\/es\\\/espana-francia-portugal-y-la-ce-se-reunen-para-cooperar-en-la-transicion-ecologica-y-fortalecer-los-pniec\\\/#primaryimage\",\"url\":\"https:\\\/\\\/super-news.info\\\/es\\\/wp-content\\\/uploads\\\/sites\\\/4\\\/2019\\\/07\\\/Espa\u00f1a-Francia-Portugal-y-la-CE-se-re\u00fanen-para-cooperar.jpg\",\"contentUrl\":\"https:\\\/\\\/super-news.info\\\/es\\\/wp-content\\\/uploads\\\/sites\\\/4\\\/2019\\\/07\\\/Espa\u00f1a-Francia-Portugal-y-la-CE-se-re\u00fanen-para-cooperar.jpg\",\"width\":120,\"height\":80,\"caption\":\"Espa\u00f1a, Francia, Portugal y la CE se re\u00fanen para cooperar en la transici\u00f3n ecol\u00f3gica y fortalecer los PNIEC\"},{\"@type\":\"BreadcrumbList\",\"@id\":\"https:\\\/\\\/super-news.info\\\/es\\\/espana-francia-portugal-y-la-ce-se-reunen-para-cooperar-en-la-transicion-ecologica-y-fortalecer-los-pniec\\\/#breadcrumb\",\"itemListElement\":[{\"@type\":\"ListItem\",\"position\":1,\"name\":\"\u0413\u043b\u0430\u0432\u043d\u0430\u044f \u0441\u0442\u0440\u0430\u043d\u0438\u0446\u0430\",\"item\":\"https:\\\/\\\/super-news.info\\\/es\\\/\"},{\"@type\":\"ListItem\",\"position\":2,\"name\":\"Espa\u00f1a, Francia, Portugal y la CE se re\u00fanen para cooperar en la transici\u00f3n ecol\u00f3gica y fortalecer los PNIEC\"}]},{\"@type\":\"WebSite\",\"@id\":\"https:\\\/\\\/super-news.info\\\/es\\\/#website\",\"url\":\"https:\\\/\\\/super-news.info\\\/es\\\/\",\"name\":\"Super News\",\"description\":\"Super News Espa\u00f1a\",\"potentialAction\":[{\"@type\":\"SearchAction\",\"target\":{\"@type\":\"EntryPoint\",\"urlTemplate\":\"https:\\\/\\\/super-news.info\\\/es\\\/?s={search_term_string}\"},\"query-input\":{\"@type\":\"PropertyValueSpecification\",\"valueRequired\":true,\"valueName\":\"search_term_string\"}}],\"inLanguage\":\"en-US\"},{\"@type\":\"Person\",\"@id\":\"https:\\\/\\\/super-news.info\\\/es\\\/#\\\/schema\\\/person\\\/2d4068cb2f39cd10008c2fce578a7356\",\"name\":\"super-news\",\"image\":{\"@type\":\"ImageObject\",\"inLanguage\":\"en-US\",\"@id\":\"https:\\\/\\\/secure.gravatar.com\\\/avatar\\\/64ebac40b93f26a154f8a9b5b6fdccfc46f442b26b3dd6756dbff3bf9dc76fd7?s=96&d=mm&r=g\",\"url\":\"https:\\\/\\\/secure.gravatar.com\\\/avatar\\\/64ebac40b93f26a154f8a9b5b6fdccfc46f442b26b3dd6756dbff3bf9dc76fd7?s=96&d=mm&r=g\",\"contentUrl\":\"https:\\\/\\\/secure.gravatar.com\\\/avatar\\\/64ebac40b93f26a154f8a9b5b6fdccfc46f442b26b3dd6756dbff3bf9dc76fd7?s=96&d=mm&r=g\",\"caption\":\"super-news\"},\"url\":\"https:\\\/\\\/super-news.info\\\/es\\\/author\\\/pt\\\/\"}]}<\/script>\n<!-- \/ Yoast SEO plugin. -->","yoast_head_json":{"title":"Espa\u00f1a, Francia, Portugal y la CE se re\u00fanen para cooperar en la transici\u00f3n ecol\u00f3gica y fortalecer los PNIEC - Super News","robots":{"index":"index","follow":"follow","max-snippet":"max-snippet:-1","max-image-preview":"max-image-preview:large","max-video-preview":"max-video-preview:-1"},"canonical":"https:\/\/super-news.info\/es\/espana-francia-portugal-y-la-ce-se-reunen-para-cooperar-en-la-transicion-ecologica-y-fortalecer-los-pniec\/","og_locale":"en_US","og_type":"article","og_title":"Espa\u00f1a, Francia, Portugal y la CE se re\u00fanen para cooperar en la transici\u00f3n ecol\u00f3gica y fortalecer los PNIEC - Super News","og_description":"[ad_1] Los tres pa\u00edses acuerdan reforzar la cooperaci\u00f3n y compartir mejores pr\u00e1cticas para fortalecer los planes de energ\u00eda y clima MADRID, 9 Jul. (EUROPA PRESS) &#8211; Los Gobiernos de Espa\u00f1a, Francia y Portugal, junto con la Comisi\u00f3n Europea (CE) se han reunido este martes en Madrid para afianzar y construir nuevas f\u00f3rmulas de cooperaci\u00f3n interregional [&hellip;]","og_url":"https:\/\/super-news.info\/es\/espana-francia-portugal-y-la-ce-se-reunen-para-cooperar-en-la-transicion-ecologica-y-fortalecer-los-pniec\/","og_site_name":"Super News","article_published_time":"2019-07-09T15:29:24+00:00","article_modified_time":"2019-07-09T15:29:25+00:00","og_image":[{"width":120,"height":80,"url":"https:\/\/super-news.info\/es\/wp-content\/uploads\/sites\/4\/2019\/07\/Espa\u00f1a-Francia-Portugal-y-la-CE-se-re\u00fanen-para-cooperar.jpg","type":"image\/jpeg"}],"author":"super-news","twitter_card":"summary_large_image","twitter_misc":{"Written by":"super-news","Est. reading time":"3 minutes"},"schema":{"@context":"https:\/\/schema.org","@graph":[{"@type":"Article","@id":"https:\/\/super-news.info\/es\/espana-francia-portugal-y-la-ce-se-reunen-para-cooperar-en-la-transicion-ecologica-y-fortalecer-los-pniec\/#article","isPartOf":{"@id":"https:\/\/super-news.info\/es\/espana-francia-portugal-y-la-ce-se-reunen-para-cooperar-en-la-transicion-ecologica-y-fortalecer-los-pniec\/"},"author":{"name":"super-news","@id":"https:\/\/super-news.info\/es\/#\/schema\/person\/2d4068cb2f39cd10008c2fce578a7356"},"headline":"Espa\u00f1a, Francia, Portugal y la CE se re\u00fanen para cooperar en la transici\u00f3n ecol\u00f3gica y fortalecer los PNIEC","datePublished":"2019-07-09T15:29:24+00:00","dateModified":"2019-07-09T15:29:25+00:00","mainEntityOfPage":{"@id":"https:\/\/super-news.info\/es\/espana-francia-portugal-y-la-ce-se-reunen-para-cooperar-en-la-transicion-ecologica-y-fortalecer-los-pniec\/"},"wordCount":577,"commentCount":0,"image":{"@id":"https:\/\/super-news.info\/es\/espana-francia-portugal-y-la-ce-se-reunen-para-cooperar-en-la-transicion-ecologica-y-fortalecer-los-pniec\/#primaryimage"},"thumbnailUrl":"https:\/\/super-news.info\/es\/wp-content\/uploads\/sites\/4\/2019\/07\/Espa\u00f1a-Francia-Portugal-y-la-CE-se-re\u00fanen-para-cooperar.jpg","articleSection":["NOTICIAS FINANCIERAS"],"inLanguage":"en-US","potentialAction":[{"@type":"CommentAction","name":"Comment","target":["https:\/\/super-news.info\/es\/espana-francia-portugal-y-la-ce-se-reunen-para-cooperar-en-la-transicion-ecologica-y-fortalecer-los-pniec\/#respond"]}]},{"@type":"WebPage","@id":"https:\/\/super-news.info\/es\/espana-francia-portugal-y-la-ce-se-reunen-para-cooperar-en-la-transicion-ecologica-y-fortalecer-los-pniec\/","url":"https:\/\/super-news.info\/es\/espana-francia-portugal-y-la-ce-se-reunen-para-cooperar-en-la-transicion-ecologica-y-fortalecer-los-pniec\/","name":"Espa\u00f1a, Francia, Portugal y la CE se re\u00fanen para cooperar en la transici\u00f3n ecol\u00f3gica y fortalecer los PNIEC - Super News","isPartOf":{"@id":"https:\/\/super-news.info\/es\/#website"},"primaryImageOfPage":{"@id":"https:\/\/super-news.info\/es\/espana-francia-portugal-y-la-ce-se-reunen-para-cooperar-en-la-transicion-ecologica-y-fortalecer-los-pniec\/#primaryimage"},"image":{"@id":"https:\/\/super-news.info\/es\/espana-francia-portugal-y-la-ce-se-reunen-para-cooperar-en-la-transicion-ecologica-y-fortalecer-los-pniec\/#primaryimage"},"thumbnailUrl":"https:\/\/super-news.info\/es\/wp-content\/uploads\/sites\/4\/2019\/07\/Espa\u00f1a-Francia-Portugal-y-la-CE-se-re\u00fanen-para-cooperar.jpg","datePublished":"2019-07-09T15:29:24+00:00","dateModified":"2019-07-09T15:29:25+00:00","author":{"@id":"https:\/\/super-news.info\/es\/#\/schema\/person\/2d4068cb2f39cd10008c2fce578a7356"},"breadcrumb":{"@id":"https:\/\/super-news.info\/es\/espana-francia-portugal-y-la-ce-se-reunen-para-cooperar-en-la-transicion-ecologica-y-fortalecer-los-pniec\/#breadcrumb"},"inLanguage":"en-US","potentialAction":[{"@type":"ReadAction","target":["https:\/\/super-news.info\/es\/espana-francia-portugal-y-la-ce-se-reunen-para-cooperar-en-la-transicion-ecologica-y-fortalecer-los-pniec\/"]}]},{"@type":"ImageObject","inLanguage":"en-US","@id":"https:\/\/super-news.info\/es\/espana-francia-portugal-y-la-ce-se-reunen-para-cooperar-en-la-transicion-ecologica-y-fortalecer-los-pniec\/#primaryimage","url":"https:\/\/super-news.info\/es\/wp-content\/uploads\/sites\/4\/2019\/07\/Espa\u00f1a-Francia-Portugal-y-la-CE-se-re\u00fanen-para-cooperar.jpg","contentUrl":"https:\/\/super-news.info\/es\/wp-content\/uploads\/sites\/4\/2019\/07\/Espa\u00f1a-Francia-Portugal-y-la-CE-se-re\u00fanen-para-cooperar.jpg","width":120,"height":80,"caption":"Espa\u00f1a, Francia, Portugal y la CE se re\u00fanen para cooperar en la transici\u00f3n ecol\u00f3gica y fortalecer los PNIEC"},{"@type":"BreadcrumbList","@id":"https:\/\/super-news.info\/es\/espana-francia-portugal-y-la-ce-se-reunen-para-cooperar-en-la-transicion-ecologica-y-fortalecer-los-pniec\/#breadcrumb","itemListElement":[{"@type":"ListItem","position":1,"name":"\u0413\u043b\u0430\u0432\u043d\u0430\u044f \u0441\u0442\u0440\u0430\u043d\u0438\u0446\u0430","item":"https:\/\/super-news.info\/es\/"},{"@type":"ListItem","position":2,"name":"Espa\u00f1a, Francia, Portugal y la CE se re\u00fanen para cooperar en la transici\u00f3n ecol\u00f3gica y fortalecer los PNIEC"}]},{"@type":"WebSite","@id":"https:\/\/super-news.info\/es\/#website","url":"https:\/\/super-news.info\/es\/","name":"Super News","description":"Super News Espa\u00f1a","potentialAction":[{"@type":"SearchAction","target":{"@type":"EntryPoint","urlTemplate":"https:\/\/super-news.info\/es\/?s={search_term_string}"},"query-input":{"@type":"PropertyValueSpecification","valueRequired":true,"valueName":"search_term_string"}}],"inLanguage":"en-US"},{"@type":"Person","@id":"https:\/\/super-news.info\/es\/#\/schema\/person\/2d4068cb2f39cd10008c2fce578a7356","name":"super-news","image":{"@type":"ImageObject","inLanguage":"en-US","@id":"https:\/\/secure.gravatar.com\/avatar\/64ebac40b93f26a154f8a9b5b6fdccfc46f442b26b3dd6756dbff3bf9dc76fd7?s=96&d=mm&r=g","url":"https:\/\/secure.gravatar.com\/avatar\/64ebac40b93f26a154f8a9b5b6fdccfc46f442b26b3dd6756dbff3bf9dc76fd7?s=96&d=mm&r=g","contentUrl":"https:\/\/secure.gravatar.com\/avatar\/64ebac40b93f26a154f8a9b5b6fdccfc46f442b26b3dd6756dbff3bf9dc76fd7?s=96&d=mm&r=g","caption":"super-news"},"url":"https:\/\/super-news.info\/es\/author\/pt\/"}]}},"_links":{"self":[{"href":"https:\/\/super-news.info\/es\/wp-json\/wp\/v2\/posts\/5917","targetHints":{"allow":["GET"]}}],"collection":[{"href":"https:\/\/super-news.info\/es\/wp-json\/wp\/v2\/posts"}],"about":[{"href":"https:\/\/super-news.info\/es\/wp-json\/wp\/v2\/types\/post"}],"author":[{"embeddable":true,"href":"https:\/\/super-news.info\/es\/wp-json\/wp\/v2\/users\/2"}],"replies":[{"embeddable":true,"href":"https:\/\/super-news.info\/es\/wp-json\/wp\/v2\/comments?post=5917"}],"version-history":[{"count":1,"href":"https:\/\/super-news.info\/es\/wp-json\/wp\/v2\/posts\/5917\/revisions"}],"predecessor-version":[{"id":5919,"href":"https:\/\/super-news.info\/es\/wp-json\/wp\/v2\/posts\/5917\/revisions\/5919"}],"wp:featuredmedia":[{"embeddable":true,"href":"https:\/\/super-news.info\/es\/wp-json\/wp\/v2\/media\/5918"}],"wp:attachment":[{"href":"https:\/\/super-news.info\/es\/wp-json\/wp\/v2\/media?parent=5917"}],"wp:term":[{"taxonomy":"category","embeddable":true,"href":"https:\/\/super-news.info\/es\/wp-json\/wp\/v2\/categories?post=5917"},{"taxonomy":"post_tag","embeddable":true,"href":"https:\/\/super-news.info\/es\/wp-json\/wp\/v2\/tags?post=5917"}],"curies":[{"name":"wp","href":"https:\/\/api.w.org\/{rel}","templated":true}]}}