{"id":5910,"date":"2019-07-09T16:15:53","date_gmt":"2019-07-09T13:15:53","guid":{"rendered":"https:\/\/super-news.info\/es\/la-actual-situacion-del-mercado-no-permite-maximizar-la-recuperacion-de-ayudas-a-bankia-segun-calvino\/"},"modified":"2019-07-09T16:15:54","modified_gmt":"2019-07-09T13:15:54","slug":"la-actual-situacion-del-mercado-no-permite-maximizar-la-recuperacion-de-ayudas-a-bankia-segun-calvino","status":"publish","type":"post","link":"https:\/\/super-news.info\/es\/la-actual-situacion-del-mercado-no-permite-maximizar-la-recuperacion-de-ayudas-a-bankia-segun-calvino\/","title":{"rendered":"La actual situaci\u00f3n del mercado no permite maximizar la recuperaci\u00f3n de ayudas a Bankia, seg\u00fan Calvi\u00f1o"},"content":{"rendered":"<p> [ad_1]<br \/>\n<\/p>\n<div id=\"CuerpoNoticiav2\" itemprop=\"articleBody\">\n<p>BRUSELAS, 9 Jul. (EUROPA PRESS) &#8211; <\/p>\n<p itemprop=\"description\">   La ministra de Econom\u00eda y Empresa en funciones, Nadia Calvi\u00f1o, considera que la actual situaci\u00f3n de los mercados no permite abordar de forma rentable la privatizaci\u00f3n de Bankia con vistas a maximizar la recuperaci\u00f3n de las ayudas p\u00fablicas invertidas en la entidad.<\/p>\n<p>   &#8220;Nuestra aproximaci\u00f3n con respecto a la privatizaci\u00f3n de Bankia tiene como objetivo maximizar la recuperaci\u00f3n de las ayudas p\u00fablicas que se invirtieron en la entidad&#8221;, ha se\u00f1alado Calvi\u00f1o en la rueda de prensa posterior a la reuni\u00f3n de los ministros de Econom\u00eda y Finanzas de la Uni\u00f3n Europea (Ecofin) y tras el \u00faltimo informe de la Comisi\u00f3n Europea y del Banco Central Europeo (BCE) sobre el sector bancario espa\u00f1ol.<\/p>\n<p>   En este sentido, la ministra en funciones ha reconocido que &#8220;la situaci\u00f3n actual del mercado no permite que esto se pueda abordar de forma rentable&#8221;, a\u00f1adiendo que, al tratarse de una entidad finaciera &#8220;bien gestionada&#8221; y con resultados econ\u00f3micos e indicadores financieros &#8220;m\u00e1s que correctos&#8221; con respecto a la media del sector se ver\u00e1 c\u00f3mo evoluciona la situaci\u00f3n.<\/p>\n<p>    &#8220;Tenemos tiempo y m\u00e1s vale tomar una buena decisi\u00f3n que tomar una decisi\u00f3n apresurada&#8221;, ha apostillado Calvi\u00f1o.<\/p>\n<p>   Por otro lado, la ministra en funciones de Econom\u00eda y Empresa ha se\u00f1alado que las instituciones europeas han tomado nota de la situaci\u00f3n respecto de Sareb, que recientemente ha reorientado su actividad &#8220;a la luz de la dificultad de vender una parte de los activos que tiene&#8221;, debido al gran volumen de activos en el mercado a ra\u00edz del proceso de saneamiento de los balances bancarios.<\/p>\n<p>   &#8220;Las instituciones europeas, con respecto a estas dos cuestiones, han tomado nota, entienden cu\u00e1l es la situaci\u00f3n y seguir\u00e1n de forma peri\u00f3dica que son dos aspectos que tienen que ser seguidos de cerca&#8221;, ha apuntado.<\/p>\n<p>   Asimismo, Nadia Calvi\u00f1o ha expresado la disposici\u00f3n del Gobierno de seguir devolviendo anticipadamente el cr\u00e9dito del mecanismo europeo de estabilidad, para poder seguir aprovechando los bajos tipos de inter\u00e9s de mercado en este proceso de refinanciaci\u00f3n.<\/p>\n<p>   En este sentido, la ministra en funciones ha recordado que, de esta manera, Espa\u00f1a obtuvo un ahorro importante de intereses el a\u00f1o pasado y ha a\u00f1adido que en lo que va de a\u00f1o &#8220;se est\u00e1n pudiendo reducir en 550 millones gracias a la buena situaci\u00f3n de los mercados financieros, de los mercados de deuda&#8221;.<\/p>\n<\/div>\n<p>[ad_2]<br \/>\n<br \/><a href=\"https:\/\/www.europapress.es\/economia\/finanzas-00340\/noticia-actual-situacion-mercado-no-permite-maximizar-recuperacion-ayudas-bankia-calvino-20190709150540.html\">Source link <\/a><\/p>\n","protected":false},"excerpt":{"rendered":"<p>[ad_1] BRUSELAS, 9 Jul. (EUROPA PRESS) &#8211; La ministra de Econom\u00eda y Empresa en funciones, Nadia Calvi\u00f1o, considera que la actual situaci\u00f3n de los mercados no permite abordar de forma rentable la privatizaci\u00f3n de Bankia con vistas a maximizar la recuperaci\u00f3n de las ayudas p\u00fablicas invertidas en la entidad. &#8220;Nuestra aproximaci\u00f3n con respecto a la [&hellip;]<\/p>\n","protected":false},"author":2,"featured_media":180,"comment_status":"open","ping_status":"open","sticky":false,"template":"","format":"standard","meta":{"footnotes":""},"categories":[1],"tags":[],"class_list":["post-5910","post","type-post","status-publish","format-standard","has-post-thumbnail","hentry","category-noticias-financieras"],"yoast_head":"<!-- This site is optimized with the Yoast SEO plugin v27.4 - https:\/\/yoast.com\/product\/yoast-seo-wordpress\/ -->\n<title>La actual situaci\u00f3n del mercado no permite maximizar la recuperaci\u00f3n de ayudas a Bankia, seg\u00fan Calvi\u00f1o - Super News<\/title>\n<meta name=\"robots\" content=\"index, follow, max-snippet:-1, max-image-preview:large, max-video-preview:-1\" \/>\n<link rel=\"canonical\" href=\"https:\/\/super-news.info\/es\/la-actual-situacion-del-mercado-no-permite-maximizar-la-recuperacion-de-ayudas-a-bankia-segun-calvino\/\" \/>\n<meta property=\"og:locale\" content=\"en_US\" \/>\n<meta property=\"og:type\" content=\"article\" \/>\n<meta property=\"og:title\" content=\"La actual situaci\u00f3n del mercado no permite maximizar la recuperaci\u00f3n de ayudas a Bankia, seg\u00fan Calvi\u00f1o - Super News\" \/>\n<meta property=\"og:description\" content=\"[ad_1] BRUSELAS, 9 Jul. (EUROPA PRESS) &#8211; La ministra de Econom\u00eda y Empresa en funciones, Nadia Calvi\u00f1o, considera que la actual situaci\u00f3n de los mercados no permite abordar de forma rentable la privatizaci\u00f3n de Bankia con vistas a maximizar la recuperaci\u00f3n de las ayudas p\u00fablicas invertidas en la entidad. &#8220;Nuestra aproximaci\u00f3n con respecto a la [&hellip;]\" \/>\n<meta property=\"og:url\" content=\"https:\/\/super-news.info\/es\/la-actual-situacion-del-mercado-no-permite-maximizar-la-recuperacion-de-ayudas-a-bankia-segun-calvino\/\" \/>\n<meta property=\"og:site_name\" content=\"Super News\" \/>\n<meta property=\"article:published_time\" content=\"2019-07-09T13:15:53+00:00\" \/>\n<meta property=\"article:modified_time\" content=\"2019-07-09T13:15:54+00:00\" \/>\n<meta property=\"og:image\" content=\"https:\/\/super-news.info\/es\/wp-content\/uploads\/sites\/4\/2019\/04\/La-tasa-de-empleo-de-la-OCDE-registr\u00f3-un-r\u00e9cord.jpg\" \/>\n\t<meta property=\"og:image:width\" content=\"1024\" \/>\n\t<meta property=\"og:image:height\" content=\"512\" \/>\n\t<meta property=\"og:image:type\" content=\"image\/jpeg\" \/>\n<meta name=\"author\" content=\"super-news\" \/>\n<meta name=\"twitter:card\" content=\"summary_large_image\" \/>\n<meta name=\"twitter:label1\" content=\"Written by\" \/>\n\t<meta name=\"twitter:data1\" content=\"super-news\" \/>\n\t<meta name=\"twitter:label2\" content=\"Est. reading time\" \/>\n\t<meta name=\"twitter:data2\" content=\"2 minutes\" \/>\n<script type=\"application\/ld+json\" class=\"yoast-schema-graph\">{\"@context\":\"https:\\\/\\\/schema.org\",\"@graph\":[{\"@type\":\"Article\",\"@id\":\"https:\\\/\\\/super-news.info\\\/es\\\/la-actual-situacion-del-mercado-no-permite-maximizar-la-recuperacion-de-ayudas-a-bankia-segun-calvino\\\/#article\",\"isPartOf\":{\"@id\":\"https:\\\/\\\/super-news.info\\\/es\\\/la-actual-situacion-del-mercado-no-permite-maximizar-la-recuperacion-de-ayudas-a-bankia-segun-calvino\\\/\"},\"author\":{\"name\":\"super-news\",\"@id\":\"https:\\\/\\\/super-news.info\\\/es\\\/#\\\/schema\\\/person\\\/2d4068cb2f39cd10008c2fce578a7356\"},\"headline\":\"La actual situaci\u00f3n del mercado no permite maximizar la recuperaci\u00f3n de ayudas a Bankia, seg\u00fan Calvi\u00f1o\",\"datePublished\":\"2019-07-09T13:15:53+00:00\",\"dateModified\":\"2019-07-09T13:15:54+00:00\",\"mainEntityOfPage\":{\"@id\":\"https:\\\/\\\/super-news.info\\\/es\\\/la-actual-situacion-del-mercado-no-permite-maximizar-la-recuperacion-de-ayudas-a-bankia-segun-calvino\\\/\"},\"wordCount\":451,\"commentCount\":0,\"image\":{\"@id\":\"https:\\\/\\\/super-news.info\\\/es\\\/la-actual-situacion-del-mercado-no-permite-maximizar-la-recuperacion-de-ayudas-a-bankia-segun-calvino\\\/#primaryimage\"},\"thumbnailUrl\":\"https:\\\/\\\/super-news.info\\\/es\\\/wp-content\\\/uploads\\\/sites\\\/4\\\/2019\\\/04\\\/La-tasa-de-empleo-de-la-OCDE-registr\u00f3-un-r\u00e9cord.jpg\",\"articleSection\":[\"NOTICIAS FINANCIERAS\"],\"inLanguage\":\"en-US\",\"potentialAction\":[{\"@type\":\"CommentAction\",\"name\":\"Comment\",\"target\":[\"https:\\\/\\\/super-news.info\\\/es\\\/la-actual-situacion-del-mercado-no-permite-maximizar-la-recuperacion-de-ayudas-a-bankia-segun-calvino\\\/#respond\"]}]},{\"@type\":\"WebPage\",\"@id\":\"https:\\\/\\\/super-news.info\\\/es\\\/la-actual-situacion-del-mercado-no-permite-maximizar-la-recuperacion-de-ayudas-a-bankia-segun-calvino\\\/\",\"url\":\"https:\\\/\\\/super-news.info\\\/es\\\/la-actual-situacion-del-mercado-no-permite-maximizar-la-recuperacion-de-ayudas-a-bankia-segun-calvino\\\/\",\"name\":\"La actual situaci\u00f3n del mercado no permite maximizar la recuperaci\u00f3n de ayudas a Bankia, seg\u00fan Calvi\u00f1o - Super News\",\"isPartOf\":{\"@id\":\"https:\\\/\\\/super-news.info\\\/es\\\/#website\"},\"primaryImageOfPage\":{\"@id\":\"https:\\\/\\\/super-news.info\\\/es\\\/la-actual-situacion-del-mercado-no-permite-maximizar-la-recuperacion-de-ayudas-a-bankia-segun-calvino\\\/#primaryimage\"},\"image\":{\"@id\":\"https:\\\/\\\/super-news.info\\\/es\\\/la-actual-situacion-del-mercado-no-permite-maximizar-la-recuperacion-de-ayudas-a-bankia-segun-calvino\\\/#primaryimage\"},\"thumbnailUrl\":\"https:\\\/\\\/super-news.info\\\/es\\\/wp-content\\\/uploads\\\/sites\\\/4\\\/2019\\\/04\\\/La-tasa-de-empleo-de-la-OCDE-registr\u00f3-un-r\u00e9cord.jpg\",\"datePublished\":\"2019-07-09T13:15:53+00:00\",\"dateModified\":\"2019-07-09T13:15:54+00:00\",\"author\":{\"@id\":\"https:\\\/\\\/super-news.info\\\/es\\\/#\\\/schema\\\/person\\\/2d4068cb2f39cd10008c2fce578a7356\"},\"breadcrumb\":{\"@id\":\"https:\\\/\\\/super-news.info\\\/es\\\/la-actual-situacion-del-mercado-no-permite-maximizar-la-recuperacion-de-ayudas-a-bankia-segun-calvino\\\/#breadcrumb\"},\"inLanguage\":\"en-US\",\"potentialAction\":[{\"@type\":\"ReadAction\",\"target\":[\"https:\\\/\\\/super-news.info\\\/es\\\/la-actual-situacion-del-mercado-no-permite-maximizar-la-recuperacion-de-ayudas-a-bankia-segun-calvino\\\/\"]}]},{\"@type\":\"ImageObject\",\"inLanguage\":\"en-US\",\"@id\":\"https:\\\/\\\/super-news.info\\\/es\\\/la-actual-situacion-del-mercado-no-permite-maximizar-la-recuperacion-de-ayudas-a-bankia-segun-calvino\\\/#primaryimage\",\"url\":\"https:\\\/\\\/super-news.info\\\/es\\\/wp-content\\\/uploads\\\/sites\\\/4\\\/2019\\\/04\\\/La-tasa-de-empleo-de-la-OCDE-registr\u00f3-un-r\u00e9cord.jpg\",\"contentUrl\":\"https:\\\/\\\/super-news.info\\\/es\\\/wp-content\\\/uploads\\\/sites\\\/4\\\/2019\\\/04\\\/La-tasa-de-empleo-de-la-OCDE-registr\u00f3-un-r\u00e9cord.jpg\",\"width\":1024,\"height\":512,\"caption\":\"La tasa de empleo de la OCDE registr\u00f3 un r\u00e9cord del 68,6% al cierre de 2018\"},{\"@type\":\"BreadcrumbList\",\"@id\":\"https:\\\/\\\/super-news.info\\\/es\\\/la-actual-situacion-del-mercado-no-permite-maximizar-la-recuperacion-de-ayudas-a-bankia-segun-calvino\\\/#breadcrumb\",\"itemListElement\":[{\"@type\":\"ListItem\",\"position\":1,\"name\":\"\u0413\u043b\u0430\u0432\u043d\u0430\u044f \u0441\u0442\u0440\u0430\u043d\u0438\u0446\u0430\",\"item\":\"https:\\\/\\\/super-news.info\\\/es\\\/\"},{\"@type\":\"ListItem\",\"position\":2,\"name\":\"La actual situaci\u00f3n del mercado no permite maximizar la recuperaci\u00f3n de ayudas a Bankia, seg\u00fan Calvi\u00f1o\"}]},{\"@type\":\"WebSite\",\"@id\":\"https:\\\/\\\/super-news.info\\\/es\\\/#website\",\"url\":\"https:\\\/\\\/super-news.info\\\/es\\\/\",\"name\":\"Super News\",\"description\":\"Super News Espa\u00f1a\",\"potentialAction\":[{\"@type\":\"SearchAction\",\"target\":{\"@type\":\"EntryPoint\",\"urlTemplate\":\"https:\\\/\\\/super-news.info\\\/es\\\/?s={search_term_string}\"},\"query-input\":{\"@type\":\"PropertyValueSpecification\",\"valueRequired\":true,\"valueName\":\"search_term_string\"}}],\"inLanguage\":\"en-US\"},{\"@type\":\"Person\",\"@id\":\"https:\\\/\\\/super-news.info\\\/es\\\/#\\\/schema\\\/person\\\/2d4068cb2f39cd10008c2fce578a7356\",\"name\":\"super-news\",\"image\":{\"@type\":\"ImageObject\",\"inLanguage\":\"en-US\",\"@id\":\"https:\\\/\\\/secure.gravatar.com\\\/avatar\\\/64ebac40b93f26a154f8a9b5b6fdccfc46f442b26b3dd6756dbff3bf9dc76fd7?s=96&d=mm&r=g\",\"url\":\"https:\\\/\\\/secure.gravatar.com\\\/avatar\\\/64ebac40b93f26a154f8a9b5b6fdccfc46f442b26b3dd6756dbff3bf9dc76fd7?s=96&d=mm&r=g\",\"contentUrl\":\"https:\\\/\\\/secure.gravatar.com\\\/avatar\\\/64ebac40b93f26a154f8a9b5b6fdccfc46f442b26b3dd6756dbff3bf9dc76fd7?s=96&d=mm&r=g\",\"caption\":\"super-news\"},\"url\":\"https:\\\/\\\/super-news.info\\\/es\\\/author\\\/pt\\\/\"}]}<\/script>\n<!-- \/ Yoast SEO plugin. -->","yoast_head_json":{"title":"La actual situaci\u00f3n del mercado no permite maximizar la recuperaci\u00f3n de ayudas a Bankia, seg\u00fan Calvi\u00f1o - Super News","robots":{"index":"index","follow":"follow","max-snippet":"max-snippet:-1","max-image-preview":"max-image-preview:large","max-video-preview":"max-video-preview:-1"},"canonical":"https:\/\/super-news.info\/es\/la-actual-situacion-del-mercado-no-permite-maximizar-la-recuperacion-de-ayudas-a-bankia-segun-calvino\/","og_locale":"en_US","og_type":"article","og_title":"La actual situaci\u00f3n del mercado no permite maximizar la recuperaci\u00f3n de ayudas a Bankia, seg\u00fan Calvi\u00f1o - Super News","og_description":"[ad_1] BRUSELAS, 9 Jul. (EUROPA PRESS) &#8211; La ministra de Econom\u00eda y Empresa en funciones, Nadia Calvi\u00f1o, considera que la actual situaci\u00f3n de los mercados no permite abordar de forma rentable la privatizaci\u00f3n de Bankia con vistas a maximizar la recuperaci\u00f3n de las ayudas p\u00fablicas invertidas en la entidad. &#8220;Nuestra aproximaci\u00f3n con respecto a la [&hellip;]","og_url":"https:\/\/super-news.info\/es\/la-actual-situacion-del-mercado-no-permite-maximizar-la-recuperacion-de-ayudas-a-bankia-segun-calvino\/","og_site_name":"Super News","article_published_time":"2019-07-09T13:15:53+00:00","article_modified_time":"2019-07-09T13:15:54+00:00","og_image":[{"width":1024,"height":512,"url":"https:\/\/super-news.info\/es\/wp-content\/uploads\/sites\/4\/2019\/04\/La-tasa-de-empleo-de-la-OCDE-registr\u00f3-un-r\u00e9cord.jpg","type":"image\/jpeg"}],"author":"super-news","twitter_card":"summary_large_image","twitter_misc":{"Written by":"super-news","Est. reading time":"2 minutes"},"schema":{"@context":"https:\/\/schema.org","@graph":[{"@type":"Article","@id":"https:\/\/super-news.info\/es\/la-actual-situacion-del-mercado-no-permite-maximizar-la-recuperacion-de-ayudas-a-bankia-segun-calvino\/#article","isPartOf":{"@id":"https:\/\/super-news.info\/es\/la-actual-situacion-del-mercado-no-permite-maximizar-la-recuperacion-de-ayudas-a-bankia-segun-calvino\/"},"author":{"name":"super-news","@id":"https:\/\/super-news.info\/es\/#\/schema\/person\/2d4068cb2f39cd10008c2fce578a7356"},"headline":"La actual situaci\u00f3n del mercado no permite maximizar la recuperaci\u00f3n de ayudas a Bankia, seg\u00fan Calvi\u00f1o","datePublished":"2019-07-09T13:15:53+00:00","dateModified":"2019-07-09T13:15:54+00:00","mainEntityOfPage":{"@id":"https:\/\/super-news.info\/es\/la-actual-situacion-del-mercado-no-permite-maximizar-la-recuperacion-de-ayudas-a-bankia-segun-calvino\/"},"wordCount":451,"commentCount":0,"image":{"@id":"https:\/\/super-news.info\/es\/la-actual-situacion-del-mercado-no-permite-maximizar-la-recuperacion-de-ayudas-a-bankia-segun-calvino\/#primaryimage"},"thumbnailUrl":"https:\/\/super-news.info\/es\/wp-content\/uploads\/sites\/4\/2019\/04\/La-tasa-de-empleo-de-la-OCDE-registr\u00f3-un-r\u00e9cord.jpg","articleSection":["NOTICIAS FINANCIERAS"],"inLanguage":"en-US","potentialAction":[{"@type":"CommentAction","name":"Comment","target":["https:\/\/super-news.info\/es\/la-actual-situacion-del-mercado-no-permite-maximizar-la-recuperacion-de-ayudas-a-bankia-segun-calvino\/#respond"]}]},{"@type":"WebPage","@id":"https:\/\/super-news.info\/es\/la-actual-situacion-del-mercado-no-permite-maximizar-la-recuperacion-de-ayudas-a-bankia-segun-calvino\/","url":"https:\/\/super-news.info\/es\/la-actual-situacion-del-mercado-no-permite-maximizar-la-recuperacion-de-ayudas-a-bankia-segun-calvino\/","name":"La actual situaci\u00f3n del mercado no permite maximizar la recuperaci\u00f3n de ayudas a Bankia, seg\u00fan Calvi\u00f1o - Super News","isPartOf":{"@id":"https:\/\/super-news.info\/es\/#website"},"primaryImageOfPage":{"@id":"https:\/\/super-news.info\/es\/la-actual-situacion-del-mercado-no-permite-maximizar-la-recuperacion-de-ayudas-a-bankia-segun-calvino\/#primaryimage"},"image":{"@id":"https:\/\/super-news.info\/es\/la-actual-situacion-del-mercado-no-permite-maximizar-la-recuperacion-de-ayudas-a-bankia-segun-calvino\/#primaryimage"},"thumbnailUrl":"https:\/\/super-news.info\/es\/wp-content\/uploads\/sites\/4\/2019\/04\/La-tasa-de-empleo-de-la-OCDE-registr\u00f3-un-r\u00e9cord.jpg","datePublished":"2019-07-09T13:15:53+00:00","dateModified":"2019-07-09T13:15:54+00:00","author":{"@id":"https:\/\/super-news.info\/es\/#\/schema\/person\/2d4068cb2f39cd10008c2fce578a7356"},"breadcrumb":{"@id":"https:\/\/super-news.info\/es\/la-actual-situacion-del-mercado-no-permite-maximizar-la-recuperacion-de-ayudas-a-bankia-segun-calvino\/#breadcrumb"},"inLanguage":"en-US","potentialAction":[{"@type":"ReadAction","target":["https:\/\/super-news.info\/es\/la-actual-situacion-del-mercado-no-permite-maximizar-la-recuperacion-de-ayudas-a-bankia-segun-calvino\/"]}]},{"@type":"ImageObject","inLanguage":"en-US","@id":"https:\/\/super-news.info\/es\/la-actual-situacion-del-mercado-no-permite-maximizar-la-recuperacion-de-ayudas-a-bankia-segun-calvino\/#primaryimage","url":"https:\/\/super-news.info\/es\/wp-content\/uploads\/sites\/4\/2019\/04\/La-tasa-de-empleo-de-la-OCDE-registr\u00f3-un-r\u00e9cord.jpg","contentUrl":"https:\/\/super-news.info\/es\/wp-content\/uploads\/sites\/4\/2019\/04\/La-tasa-de-empleo-de-la-OCDE-registr\u00f3-un-r\u00e9cord.jpg","width":1024,"height":512,"caption":"La tasa de empleo de la OCDE registr\u00f3 un r\u00e9cord del 68,6% al cierre de 2018"},{"@type":"BreadcrumbList","@id":"https:\/\/super-news.info\/es\/la-actual-situacion-del-mercado-no-permite-maximizar-la-recuperacion-de-ayudas-a-bankia-segun-calvino\/#breadcrumb","itemListElement":[{"@type":"ListItem","position":1,"name":"\u0413\u043b\u0430\u0432\u043d\u0430\u044f \u0441\u0442\u0440\u0430\u043d\u0438\u0446\u0430","item":"https:\/\/super-news.info\/es\/"},{"@type":"ListItem","position":2,"name":"La actual situaci\u00f3n del mercado no permite maximizar la recuperaci\u00f3n de ayudas a Bankia, seg\u00fan Calvi\u00f1o"}]},{"@type":"WebSite","@id":"https:\/\/super-news.info\/es\/#website","url":"https:\/\/super-news.info\/es\/","name":"Super News","description":"Super News Espa\u00f1a","potentialAction":[{"@type":"SearchAction","target":{"@type":"EntryPoint","urlTemplate":"https:\/\/super-news.info\/es\/?s={search_term_string}"},"query-input":{"@type":"PropertyValueSpecification","valueRequired":true,"valueName":"search_term_string"}}],"inLanguage":"en-US"},{"@type":"Person","@id":"https:\/\/super-news.info\/es\/#\/schema\/person\/2d4068cb2f39cd10008c2fce578a7356","name":"super-news","image":{"@type":"ImageObject","inLanguage":"en-US","@id":"https:\/\/secure.gravatar.com\/avatar\/64ebac40b93f26a154f8a9b5b6fdccfc46f442b26b3dd6756dbff3bf9dc76fd7?s=96&d=mm&r=g","url":"https:\/\/secure.gravatar.com\/avatar\/64ebac40b93f26a154f8a9b5b6fdccfc46f442b26b3dd6756dbff3bf9dc76fd7?s=96&d=mm&r=g","contentUrl":"https:\/\/secure.gravatar.com\/avatar\/64ebac40b93f26a154f8a9b5b6fdccfc46f442b26b3dd6756dbff3bf9dc76fd7?s=96&d=mm&r=g","caption":"super-news"},"url":"https:\/\/super-news.info\/es\/author\/pt\/"}]}},"_links":{"self":[{"href":"https:\/\/super-news.info\/es\/wp-json\/wp\/v2\/posts\/5910","targetHints":{"allow":["GET"]}}],"collection":[{"href":"https:\/\/super-news.info\/es\/wp-json\/wp\/v2\/posts"}],"about":[{"href":"https:\/\/super-news.info\/es\/wp-json\/wp\/v2\/types\/post"}],"author":[{"embeddable":true,"href":"https:\/\/super-news.info\/es\/wp-json\/wp\/v2\/users\/2"}],"replies":[{"embeddable":true,"href":"https:\/\/super-news.info\/es\/wp-json\/wp\/v2\/comments?post=5910"}],"version-history":[{"count":1,"href":"https:\/\/super-news.info\/es\/wp-json\/wp\/v2\/posts\/5910\/revisions"}],"predecessor-version":[{"id":5911,"href":"https:\/\/super-news.info\/es\/wp-json\/wp\/v2\/posts\/5910\/revisions\/5911"}],"wp:featuredmedia":[{"embeddable":true,"href":"https:\/\/super-news.info\/es\/wp-json\/wp\/v2\/media\/180"}],"wp:attachment":[{"href":"https:\/\/super-news.info\/es\/wp-json\/wp\/v2\/media?parent=5910"}],"wp:term":[{"taxonomy":"category","embeddable":true,"href":"https:\/\/super-news.info\/es\/wp-json\/wp\/v2\/categories?post=5910"},{"taxonomy":"post_tag","embeddable":true,"href":"https:\/\/super-news.info\/es\/wp-json\/wp\/v2\/tags?post=5910"}],"curies":[{"name":"wp","href":"https:\/\/api.w.org\/{rel}","templated":true}]}}