{"id":5895,"date":"2019-07-09T12:50:31","date_gmt":"2019-07-09T09:50:31","guid":{"rendered":"https:\/\/super-news.info\/es\/ingenieros-espanoles-trabajan-en-el-primer-avion-electrico-de-pasajeros-del-mundo\/"},"modified":"2019-07-09T12:50:32","modified_gmt":"2019-07-09T09:50:32","slug":"ingenieros-espanoles-trabajan-en-el-primer-avion-electrico-de-pasajeros-del-mundo","status":"publish","type":"post","link":"https:\/\/super-news.info\/es\/ingenieros-espanoles-trabajan-en-el-primer-avion-electrico-de-pasajeros-del-mundo\/","title":{"rendered":"Ingenieros espa\u00f1oles trabajan en el primer avi\u00f3n el\u00e9ctrico de pasajeros del mundo"},"content":{"rendered":"<p> [ad_1]<\/p>\n<div id=\"CuerpoNoticiav2\" itemprop=\"articleBody\">\n<h3 class=\"subsubhead\">&#8216;Alice&#8217; realizar\u00e1 el primer vuelo a finales de 2019 con el objetivo de ser comercializado en 2022<\/h3>\n<p>   MADRID, 9 Jul. (EUROPA PRESS) &#8211;  <\/p>\n<p itemprop=\"description\">   Ingenieros espa\u00f1oles trabajan en el que ser\u00e1 el primer avi\u00f3n el\u00e9ctrico de pasajeros del mundo, presentado en la 53 edici\u00f3n del sal\u00f3n de la avi\u00f3n de Le Bourget en Francia y que espera comercializar la empresa israel\u00ed Eviation en el a\u00f1o 2022.<\/p>\n<p>   Altea, compa\u00f1\u00eda de ingenier\u00eda y fabricaci\u00f3n aeron\u00e1utica integrada por CITD Engineering &amp; Technologies y Composites Guimar ha sido la \u00fanica empresa espa\u00f1ola que ha trabajado en &#8216;Alice&#8217;, como han bautizado al avi\u00f3n, como proveedor de las estructuras delanteras y traseras del avi\u00f3n as\u00ed como la puerta de pasajeros.<\/p>\n<p>   Se trata de elementos de gran importancia para soportar la enorme carga de bater\u00edas (constituyen un 65% del avi\u00f3n) que requiere para su funcionamiento, as\u00ed como para mejorar la aerodin\u00e1mica del avi\u00f3n. En concreto, la empresa espa\u00f1ola ha dise\u00f1ado y fabricado estructuras en fibra de carbono, as\u00ed como componentes met\u00e1licos de alta responsabilidad estructural.<\/p>\n<h2 class=\"ladillo\">NUEVE PASAJEROS Y AUTONOM\u00cdA DE 1.000 KIL\u00d3METROS<\/h2>\n<p>   &#8216;Alice&#8217;, que ha sido acogido con enorme inter\u00e9s e impacto por la comunidad aeron\u00e1utica, es un avi\u00f3n 100% el\u00e9ctrico construido en un 90% en fibra de carbono, y con un sistema de mandos de vuelo el\u00e9ctricos. La aeronave, con capacidad para nueve pasajeros, adem\u00e1s del piloto y copiloto, tiene una autonom\u00eda de 1.000 kil\u00f3metros y una velocidad de crucero de 450 km\/h.<\/p>\n<p>   Se trata de un avi\u00f3n especialmente respetuoso con el medio ambiente, ya que funciona exclusivamente con electricidad y que tambi\u00e9n permitir\u00e1 reducir los costes de operaci\u00f3n hasta un 70% respecto a un avi\u00f3n convencional de similar capacidad. Se espera por tanto que &#8216;Alice&#8217; revolucione el mercado de los vuelos regionales o de corta distancia aunando precios muy competitivos y respeto al medio ambiente.<\/p>\n<p>   El avi\u00f3n estar\u00e1 listo para volar a finales de a\u00f1o y su dise\u00f1o es algo diferente al habitual, con un fuselaje m\u00e1s plano que los aviones convencionales y con un tama\u00f1o peque\u00f1o (12 metros de largo y 16 metros de envergadura).<\/p>\n<p>   &#8216;Alice&#8217; realizar\u00e1 el primer vuelo para obtener las certificaciones correspondientes a finales de 2019, y se estima que su comercializaci\u00f3n llegar\u00e1 en 2022. Tras su presentaci\u00f3n, Eviation cuenta ya con su primer cliente, la compa\u00f1\u00eda Cape Air (US).<\/p>\n<\/div>\n<p>[ad_2]<br \/>\n<br \/><a href=\"https:\/\/www.europapress.es\/turismo\/transportes\/aerolineas\/noticia-ingenieros-espanoles-trabajan-primer-avion-electrico-pasajeros-mundo-20190709112618.html\">Source link <\/a><\/p>\n","protected":false},"excerpt":{"rendered":"<p>[ad_1] &#8216;Alice&#8217; realizar\u00e1 el primer vuelo a finales de 2019 con el objetivo de ser comercializado en 2022 MADRID, 9 Jul. (EUROPA PRESS) &#8211; Ingenieros espa\u00f1oles trabajan en el que ser\u00e1 el primer avi\u00f3n el\u00e9ctrico de pasajeros del mundo, presentado en la 53 edici\u00f3n del sal\u00f3n de la avi\u00f3n de Le Bourget en Francia y [&hellip;]<\/p>\n","protected":false},"author":2,"featured_media":5896,"comment_status":"open","ping_status":"open","sticky":false,"template":"","format":"standard","meta":{"footnotes":""},"categories":[1],"tags":[],"class_list":["post-5895","post","type-post","status-publish","format-standard","has-post-thumbnail","hentry","category-noticias-financieras"],"yoast_head":"<!-- This site is optimized with the Yoast SEO plugin v27.4 - https:\/\/yoast.com\/product\/yoast-seo-wordpress\/ -->\n<title>Ingenieros espa\u00f1oles trabajan en el primer avi\u00f3n el\u00e9ctrico de pasajeros del mundo - Super News<\/title>\n<meta name=\"robots\" content=\"index, follow, max-snippet:-1, max-image-preview:large, max-video-preview:-1\" \/>\n<link rel=\"canonical\" href=\"https:\/\/super-news.info\/es\/ingenieros-espanoles-trabajan-en-el-primer-avion-electrico-de-pasajeros-del-mundo\/\" \/>\n<meta property=\"og:locale\" content=\"en_US\" \/>\n<meta property=\"og:type\" content=\"article\" \/>\n<meta property=\"og:title\" content=\"Ingenieros espa\u00f1oles trabajan en el primer avi\u00f3n el\u00e9ctrico de pasajeros del mundo - Super News\" \/>\n<meta property=\"og:description\" content=\"[ad_1] &#8216;Alice&#8217; realizar\u00e1 el primer vuelo a finales de 2019 con el objetivo de ser comercializado en 2022 MADRID, 9 Jul. (EUROPA PRESS) &#8211; Ingenieros espa\u00f1oles trabajan en el que ser\u00e1 el primer avi\u00f3n el\u00e9ctrico de pasajeros del mundo, presentado en la 53 edici\u00f3n del sal\u00f3n de la avi\u00f3n de Le Bourget en Francia y [&hellip;]\" \/>\n<meta property=\"og:url\" content=\"https:\/\/super-news.info\/es\/ingenieros-espanoles-trabajan-en-el-primer-avion-electrico-de-pasajeros-del-mundo\/\" \/>\n<meta property=\"og:site_name\" content=\"Super News\" \/>\n<meta property=\"article:published_time\" content=\"2019-07-09T09:50:31+00:00\" \/>\n<meta property=\"article:modified_time\" content=\"2019-07-09T09:50:32+00:00\" \/>\n<meta property=\"og:image\" content=\"https:\/\/super-news.info\/es\/wp-content\/uploads\/sites\/4\/2019\/07\/Ingenieros-espa\u00f1oles-trabajan-en-el-primer-avi\u00f3n-el\u00e9ctrico-de-pasajeros.jpg\" \/>\n\t<meta property=\"og:image:width\" content=\"120\" \/>\n\t<meta property=\"og:image:height\" content=\"102\" \/>\n\t<meta property=\"og:image:type\" content=\"image\/jpeg\" \/>\n<meta name=\"author\" content=\"super-news\" \/>\n<meta name=\"twitter:card\" content=\"summary_large_image\" \/>\n<meta name=\"twitter:label1\" content=\"Written by\" \/>\n\t<meta name=\"twitter:data1\" content=\"super-news\" \/>\n\t<meta name=\"twitter:label2\" content=\"Est. reading time\" \/>\n\t<meta name=\"twitter:data2\" content=\"2 minutes\" \/>\n<script type=\"application\/ld+json\" class=\"yoast-schema-graph\">{\"@context\":\"https:\\\/\\\/schema.org\",\"@graph\":[{\"@type\":\"Article\",\"@id\":\"https:\\\/\\\/super-news.info\\\/es\\\/ingenieros-espanoles-trabajan-en-el-primer-avion-electrico-de-pasajeros-del-mundo\\\/#article\",\"isPartOf\":{\"@id\":\"https:\\\/\\\/super-news.info\\\/es\\\/ingenieros-espanoles-trabajan-en-el-primer-avion-electrico-de-pasajeros-del-mundo\\\/\"},\"author\":{\"name\":\"super-news\",\"@id\":\"https:\\\/\\\/super-news.info\\\/es\\\/#\\\/schema\\\/person\\\/2d4068cb2f39cd10008c2fce578a7356\"},\"headline\":\"Ingenieros espa\u00f1oles trabajan en el primer avi\u00f3n el\u00e9ctrico de pasajeros del mundo\",\"datePublished\":\"2019-07-09T09:50:31+00:00\",\"dateModified\":\"2019-07-09T09:50:32+00:00\",\"mainEntityOfPage\":{\"@id\":\"https:\\\/\\\/super-news.info\\\/es\\\/ingenieros-espanoles-trabajan-en-el-primer-avion-electrico-de-pasajeros-del-mundo\\\/\"},\"wordCount\":426,\"commentCount\":0,\"image\":{\"@id\":\"https:\\\/\\\/super-news.info\\\/es\\\/ingenieros-espanoles-trabajan-en-el-primer-avion-electrico-de-pasajeros-del-mundo\\\/#primaryimage\"},\"thumbnailUrl\":\"https:\\\/\\\/super-news.info\\\/es\\\/wp-content\\\/uploads\\\/sites\\\/4\\\/2019\\\/07\\\/Ingenieros-espa\u00f1oles-trabajan-en-el-primer-avi\u00f3n-el\u00e9ctrico-de-pasajeros.jpg\",\"articleSection\":[\"NOTICIAS FINANCIERAS\"],\"inLanguage\":\"en-US\",\"potentialAction\":[{\"@type\":\"CommentAction\",\"name\":\"Comment\",\"target\":[\"https:\\\/\\\/super-news.info\\\/es\\\/ingenieros-espanoles-trabajan-en-el-primer-avion-electrico-de-pasajeros-del-mundo\\\/#respond\"]}]},{\"@type\":\"WebPage\",\"@id\":\"https:\\\/\\\/super-news.info\\\/es\\\/ingenieros-espanoles-trabajan-en-el-primer-avion-electrico-de-pasajeros-del-mundo\\\/\",\"url\":\"https:\\\/\\\/super-news.info\\\/es\\\/ingenieros-espanoles-trabajan-en-el-primer-avion-electrico-de-pasajeros-del-mundo\\\/\",\"name\":\"Ingenieros espa\u00f1oles trabajan en el primer avi\u00f3n el\u00e9ctrico de pasajeros del mundo - Super News\",\"isPartOf\":{\"@id\":\"https:\\\/\\\/super-news.info\\\/es\\\/#website\"},\"primaryImageOfPage\":{\"@id\":\"https:\\\/\\\/super-news.info\\\/es\\\/ingenieros-espanoles-trabajan-en-el-primer-avion-electrico-de-pasajeros-del-mundo\\\/#primaryimage\"},\"image\":{\"@id\":\"https:\\\/\\\/super-news.info\\\/es\\\/ingenieros-espanoles-trabajan-en-el-primer-avion-electrico-de-pasajeros-del-mundo\\\/#primaryimage\"},\"thumbnailUrl\":\"https:\\\/\\\/super-news.info\\\/es\\\/wp-content\\\/uploads\\\/sites\\\/4\\\/2019\\\/07\\\/Ingenieros-espa\u00f1oles-trabajan-en-el-primer-avi\u00f3n-el\u00e9ctrico-de-pasajeros.jpg\",\"datePublished\":\"2019-07-09T09:50:31+00:00\",\"dateModified\":\"2019-07-09T09:50:32+00:00\",\"author\":{\"@id\":\"https:\\\/\\\/super-news.info\\\/es\\\/#\\\/schema\\\/person\\\/2d4068cb2f39cd10008c2fce578a7356\"},\"breadcrumb\":{\"@id\":\"https:\\\/\\\/super-news.info\\\/es\\\/ingenieros-espanoles-trabajan-en-el-primer-avion-electrico-de-pasajeros-del-mundo\\\/#breadcrumb\"},\"inLanguage\":\"en-US\",\"potentialAction\":[{\"@type\":\"ReadAction\",\"target\":[\"https:\\\/\\\/super-news.info\\\/es\\\/ingenieros-espanoles-trabajan-en-el-primer-avion-electrico-de-pasajeros-del-mundo\\\/\"]}]},{\"@type\":\"ImageObject\",\"inLanguage\":\"en-US\",\"@id\":\"https:\\\/\\\/super-news.info\\\/es\\\/ingenieros-espanoles-trabajan-en-el-primer-avion-electrico-de-pasajeros-del-mundo\\\/#primaryimage\",\"url\":\"https:\\\/\\\/super-news.info\\\/es\\\/wp-content\\\/uploads\\\/sites\\\/4\\\/2019\\\/07\\\/Ingenieros-espa\u00f1oles-trabajan-en-el-primer-avi\u00f3n-el\u00e9ctrico-de-pasajeros.jpg\",\"contentUrl\":\"https:\\\/\\\/super-news.info\\\/es\\\/wp-content\\\/uploads\\\/sites\\\/4\\\/2019\\\/07\\\/Ingenieros-espa\u00f1oles-trabajan-en-el-primer-avi\u00f3n-el\u00e9ctrico-de-pasajeros.jpg\",\"width\":120,\"height\":102,\"caption\":\"Ingenieros espa\u00f1oles trabajan en el primer avi\u00f3n el\u00e9ctrico de pasajeros del mundo\"},{\"@type\":\"BreadcrumbList\",\"@id\":\"https:\\\/\\\/super-news.info\\\/es\\\/ingenieros-espanoles-trabajan-en-el-primer-avion-electrico-de-pasajeros-del-mundo\\\/#breadcrumb\",\"itemListElement\":[{\"@type\":\"ListItem\",\"position\":1,\"name\":\"\u0413\u043b\u0430\u0432\u043d\u0430\u044f \u0441\u0442\u0440\u0430\u043d\u0438\u0446\u0430\",\"item\":\"https:\\\/\\\/super-news.info\\\/es\\\/\"},{\"@type\":\"ListItem\",\"position\":2,\"name\":\"Ingenieros espa\u00f1oles trabajan en el primer avi\u00f3n el\u00e9ctrico de pasajeros del mundo\"}]},{\"@type\":\"WebSite\",\"@id\":\"https:\\\/\\\/super-news.info\\\/es\\\/#website\",\"url\":\"https:\\\/\\\/super-news.info\\\/es\\\/\",\"name\":\"Super News\",\"description\":\"Super News Espa\u00f1a\",\"potentialAction\":[{\"@type\":\"SearchAction\",\"target\":{\"@type\":\"EntryPoint\",\"urlTemplate\":\"https:\\\/\\\/super-news.info\\\/es\\\/?s={search_term_string}\"},\"query-input\":{\"@type\":\"PropertyValueSpecification\",\"valueRequired\":true,\"valueName\":\"search_term_string\"}}],\"inLanguage\":\"en-US\"},{\"@type\":\"Person\",\"@id\":\"https:\\\/\\\/super-news.info\\\/es\\\/#\\\/schema\\\/person\\\/2d4068cb2f39cd10008c2fce578a7356\",\"name\":\"super-news\",\"image\":{\"@type\":\"ImageObject\",\"inLanguage\":\"en-US\",\"@id\":\"https:\\\/\\\/secure.gravatar.com\\\/avatar\\\/64ebac40b93f26a154f8a9b5b6fdccfc46f442b26b3dd6756dbff3bf9dc76fd7?s=96&d=mm&r=g\",\"url\":\"https:\\\/\\\/secure.gravatar.com\\\/avatar\\\/64ebac40b93f26a154f8a9b5b6fdccfc46f442b26b3dd6756dbff3bf9dc76fd7?s=96&d=mm&r=g\",\"contentUrl\":\"https:\\\/\\\/secure.gravatar.com\\\/avatar\\\/64ebac40b93f26a154f8a9b5b6fdccfc46f442b26b3dd6756dbff3bf9dc76fd7?s=96&d=mm&r=g\",\"caption\":\"super-news\"},\"url\":\"https:\\\/\\\/super-news.info\\\/es\\\/author\\\/pt\\\/\"}]}<\/script>\n<!-- \/ Yoast SEO plugin. -->","yoast_head_json":{"title":"Ingenieros espa\u00f1oles trabajan en el primer avi\u00f3n el\u00e9ctrico de pasajeros del mundo - Super News","robots":{"index":"index","follow":"follow","max-snippet":"max-snippet:-1","max-image-preview":"max-image-preview:large","max-video-preview":"max-video-preview:-1"},"canonical":"https:\/\/super-news.info\/es\/ingenieros-espanoles-trabajan-en-el-primer-avion-electrico-de-pasajeros-del-mundo\/","og_locale":"en_US","og_type":"article","og_title":"Ingenieros espa\u00f1oles trabajan en el primer avi\u00f3n el\u00e9ctrico de pasajeros del mundo - Super News","og_description":"[ad_1] &#8216;Alice&#8217; realizar\u00e1 el primer vuelo a finales de 2019 con el objetivo de ser comercializado en 2022 MADRID, 9 Jul. (EUROPA PRESS) &#8211; Ingenieros espa\u00f1oles trabajan en el que ser\u00e1 el primer avi\u00f3n el\u00e9ctrico de pasajeros del mundo, presentado en la 53 edici\u00f3n del sal\u00f3n de la avi\u00f3n de Le Bourget en Francia y [&hellip;]","og_url":"https:\/\/super-news.info\/es\/ingenieros-espanoles-trabajan-en-el-primer-avion-electrico-de-pasajeros-del-mundo\/","og_site_name":"Super News","article_published_time":"2019-07-09T09:50:31+00:00","article_modified_time":"2019-07-09T09:50:32+00:00","og_image":[{"width":120,"height":102,"url":"https:\/\/super-news.info\/es\/wp-content\/uploads\/sites\/4\/2019\/07\/Ingenieros-espa\u00f1oles-trabajan-en-el-primer-avi\u00f3n-el\u00e9ctrico-de-pasajeros.jpg","type":"image\/jpeg"}],"author":"super-news","twitter_card":"summary_large_image","twitter_misc":{"Written by":"super-news","Est. reading time":"2 minutes"},"schema":{"@context":"https:\/\/schema.org","@graph":[{"@type":"Article","@id":"https:\/\/super-news.info\/es\/ingenieros-espanoles-trabajan-en-el-primer-avion-electrico-de-pasajeros-del-mundo\/#article","isPartOf":{"@id":"https:\/\/super-news.info\/es\/ingenieros-espanoles-trabajan-en-el-primer-avion-electrico-de-pasajeros-del-mundo\/"},"author":{"name":"super-news","@id":"https:\/\/super-news.info\/es\/#\/schema\/person\/2d4068cb2f39cd10008c2fce578a7356"},"headline":"Ingenieros espa\u00f1oles trabajan en el primer avi\u00f3n el\u00e9ctrico de pasajeros del mundo","datePublished":"2019-07-09T09:50:31+00:00","dateModified":"2019-07-09T09:50:32+00:00","mainEntityOfPage":{"@id":"https:\/\/super-news.info\/es\/ingenieros-espanoles-trabajan-en-el-primer-avion-electrico-de-pasajeros-del-mundo\/"},"wordCount":426,"commentCount":0,"image":{"@id":"https:\/\/super-news.info\/es\/ingenieros-espanoles-trabajan-en-el-primer-avion-electrico-de-pasajeros-del-mundo\/#primaryimage"},"thumbnailUrl":"https:\/\/super-news.info\/es\/wp-content\/uploads\/sites\/4\/2019\/07\/Ingenieros-espa\u00f1oles-trabajan-en-el-primer-avi\u00f3n-el\u00e9ctrico-de-pasajeros.jpg","articleSection":["NOTICIAS FINANCIERAS"],"inLanguage":"en-US","potentialAction":[{"@type":"CommentAction","name":"Comment","target":["https:\/\/super-news.info\/es\/ingenieros-espanoles-trabajan-en-el-primer-avion-electrico-de-pasajeros-del-mundo\/#respond"]}]},{"@type":"WebPage","@id":"https:\/\/super-news.info\/es\/ingenieros-espanoles-trabajan-en-el-primer-avion-electrico-de-pasajeros-del-mundo\/","url":"https:\/\/super-news.info\/es\/ingenieros-espanoles-trabajan-en-el-primer-avion-electrico-de-pasajeros-del-mundo\/","name":"Ingenieros espa\u00f1oles trabajan en el primer avi\u00f3n el\u00e9ctrico de pasajeros del mundo - Super News","isPartOf":{"@id":"https:\/\/super-news.info\/es\/#website"},"primaryImageOfPage":{"@id":"https:\/\/super-news.info\/es\/ingenieros-espanoles-trabajan-en-el-primer-avion-electrico-de-pasajeros-del-mundo\/#primaryimage"},"image":{"@id":"https:\/\/super-news.info\/es\/ingenieros-espanoles-trabajan-en-el-primer-avion-electrico-de-pasajeros-del-mundo\/#primaryimage"},"thumbnailUrl":"https:\/\/super-news.info\/es\/wp-content\/uploads\/sites\/4\/2019\/07\/Ingenieros-espa\u00f1oles-trabajan-en-el-primer-avi\u00f3n-el\u00e9ctrico-de-pasajeros.jpg","datePublished":"2019-07-09T09:50:31+00:00","dateModified":"2019-07-09T09:50:32+00:00","author":{"@id":"https:\/\/super-news.info\/es\/#\/schema\/person\/2d4068cb2f39cd10008c2fce578a7356"},"breadcrumb":{"@id":"https:\/\/super-news.info\/es\/ingenieros-espanoles-trabajan-en-el-primer-avion-electrico-de-pasajeros-del-mundo\/#breadcrumb"},"inLanguage":"en-US","potentialAction":[{"@type":"ReadAction","target":["https:\/\/super-news.info\/es\/ingenieros-espanoles-trabajan-en-el-primer-avion-electrico-de-pasajeros-del-mundo\/"]}]},{"@type":"ImageObject","inLanguage":"en-US","@id":"https:\/\/super-news.info\/es\/ingenieros-espanoles-trabajan-en-el-primer-avion-electrico-de-pasajeros-del-mundo\/#primaryimage","url":"https:\/\/super-news.info\/es\/wp-content\/uploads\/sites\/4\/2019\/07\/Ingenieros-espa\u00f1oles-trabajan-en-el-primer-avi\u00f3n-el\u00e9ctrico-de-pasajeros.jpg","contentUrl":"https:\/\/super-news.info\/es\/wp-content\/uploads\/sites\/4\/2019\/07\/Ingenieros-espa\u00f1oles-trabajan-en-el-primer-avi\u00f3n-el\u00e9ctrico-de-pasajeros.jpg","width":120,"height":102,"caption":"Ingenieros espa\u00f1oles trabajan en el primer avi\u00f3n el\u00e9ctrico de pasajeros del mundo"},{"@type":"BreadcrumbList","@id":"https:\/\/super-news.info\/es\/ingenieros-espanoles-trabajan-en-el-primer-avion-electrico-de-pasajeros-del-mundo\/#breadcrumb","itemListElement":[{"@type":"ListItem","position":1,"name":"\u0413\u043b\u0430\u0432\u043d\u0430\u044f \u0441\u0442\u0440\u0430\u043d\u0438\u0446\u0430","item":"https:\/\/super-news.info\/es\/"},{"@type":"ListItem","position":2,"name":"Ingenieros espa\u00f1oles trabajan en el primer avi\u00f3n el\u00e9ctrico de pasajeros del mundo"}]},{"@type":"WebSite","@id":"https:\/\/super-news.info\/es\/#website","url":"https:\/\/super-news.info\/es\/","name":"Super News","description":"Super News Espa\u00f1a","potentialAction":[{"@type":"SearchAction","target":{"@type":"EntryPoint","urlTemplate":"https:\/\/super-news.info\/es\/?s={search_term_string}"},"query-input":{"@type":"PropertyValueSpecification","valueRequired":true,"valueName":"search_term_string"}}],"inLanguage":"en-US"},{"@type":"Person","@id":"https:\/\/super-news.info\/es\/#\/schema\/person\/2d4068cb2f39cd10008c2fce578a7356","name":"super-news","image":{"@type":"ImageObject","inLanguage":"en-US","@id":"https:\/\/secure.gravatar.com\/avatar\/64ebac40b93f26a154f8a9b5b6fdccfc46f442b26b3dd6756dbff3bf9dc76fd7?s=96&d=mm&r=g","url":"https:\/\/secure.gravatar.com\/avatar\/64ebac40b93f26a154f8a9b5b6fdccfc46f442b26b3dd6756dbff3bf9dc76fd7?s=96&d=mm&r=g","contentUrl":"https:\/\/secure.gravatar.com\/avatar\/64ebac40b93f26a154f8a9b5b6fdccfc46f442b26b3dd6756dbff3bf9dc76fd7?s=96&d=mm&r=g","caption":"super-news"},"url":"https:\/\/super-news.info\/es\/author\/pt\/"}]}},"_links":{"self":[{"href":"https:\/\/super-news.info\/es\/wp-json\/wp\/v2\/posts\/5895","targetHints":{"allow":["GET"]}}],"collection":[{"href":"https:\/\/super-news.info\/es\/wp-json\/wp\/v2\/posts"}],"about":[{"href":"https:\/\/super-news.info\/es\/wp-json\/wp\/v2\/types\/post"}],"author":[{"embeddable":true,"href":"https:\/\/super-news.info\/es\/wp-json\/wp\/v2\/users\/2"}],"replies":[{"embeddable":true,"href":"https:\/\/super-news.info\/es\/wp-json\/wp\/v2\/comments?post=5895"}],"version-history":[{"count":1,"href":"https:\/\/super-news.info\/es\/wp-json\/wp\/v2\/posts\/5895\/revisions"}],"predecessor-version":[{"id":5897,"href":"https:\/\/super-news.info\/es\/wp-json\/wp\/v2\/posts\/5895\/revisions\/5897"}],"wp:featuredmedia":[{"embeddable":true,"href":"https:\/\/super-news.info\/es\/wp-json\/wp\/v2\/media\/5896"}],"wp:attachment":[{"href":"https:\/\/super-news.info\/es\/wp-json\/wp\/v2\/media?parent=5895"}],"wp:term":[{"taxonomy":"category","embeddable":true,"href":"https:\/\/super-news.info\/es\/wp-json\/wp\/v2\/categories?post=5895"},{"taxonomy":"post_tag","embeddable":true,"href":"https:\/\/super-news.info\/es\/wp-json\/wp\/v2\/tags?post=5895"}],"curies":[{"name":"wp","href":"https:\/\/api.w.org\/{rel}","templated":true}]}}