{"id":5862,"date":"2019-07-09T00:34:42","date_gmt":"2019-07-08T21:34:42","guid":{"rendered":"https:\/\/super-news.info\/es\/el-precio-medio-de-la-vivienda-en-alquiler-sube-casi-un-163-en-el-primer-semestre\/"},"modified":"2019-07-09T00:34:44","modified_gmt":"2019-07-08T21:34:44","slug":"el-precio-medio-de-la-vivienda-en-alquiler-sube-casi-un-163-en-el-primer-semestre","status":"publish","type":"post","link":"https:\/\/super-news.info\/es\/el-precio-medio-de-la-vivienda-en-alquiler-sube-casi-un-163-en-el-primer-semestre\/","title":{"rendered":"El precio medio de la vivienda en alquiler sube casi un 16,3% en el primer semestre"},"content":{"rendered":"<p> [ad_1]<\/p>\n<div id=\"CuerpoNoticiav2\" itemprop=\"articleBody\">\n<p>MADRID, 8 Jul. (EUROPA PRESS) &#8211; <\/p>\n<p itemprop=\"description\">   El precio medio de la vivienda en alquiler aument\u00f3 casi un 16,3% en el primer semestre del a\u00f1o en comparaci\u00f3n con el mismo periodo del a\u00f1o anterior, seg\u00fan se desprende del informe semestral de precios de alquiler realizado por pisos.com.<\/p>\n<p>   En comparaci\u00f3n con el semestre anterior, la subida fue de casi el 6%. Entre enero y junio, la vivienda en alquiler media en Espa\u00f1a tuvo una superficie media de 125 metros cuadrados y una renta media mensual de 943 euros.<\/p>\n<p>   Hasta junio, entre las regiones m\u00e1s caras para vivir en Espa\u00f1a destacaron Madrid (1.671 euros al mes), Baleares (1.339 euros) y Catalu\u00f1a (1.194 euros), mientras que en el lado opuesto, con las rentas m\u00e1s baratas, destacaron Extremadura (466 euros), Castilla-La Mancha (555 euros) y Galicia (565 euros).<\/p>\n<p>   En este periodo, el incremento m\u00e1s acusado se registr\u00f3 en Navarra (14,3%). Adem\u00e1s, solo se contabilizaron ajustes a la baja en las regiones de La Rioja (-3,3%), Asturias (-2,4%) y tambi\u00e9n en Arag\u00f3n (-0,8%).<\/p>\n<p>   El director de estudios de pisos.com, Ferran Font, cree que la subida de las mensualidades de arrendamiento &#8220;sigue tensando las relaciones entre propietarios e inquilinos, sobre todo, en aquellas ciudades que act\u00faan en el foco para la demanda del alquiler&#8221;.<\/p>\n<p>   Asimismo, el experto ha resaltado que, en algunas ciudades fuera de Espa\u00f1a, se est\u00e1n poniendo en marcha planes espec\u00edficos. &#8220;Ya no solo se trata de proteger a los ciudadanos en situaci\u00f3n de vulnerabilidad, sino de no poner en peligro a esa parte de la poblaci\u00f3n que, aun teniendo capacidad econ\u00f3mica, ve como el porcentaje de su sueldo destinado al alquiler no da para aumentar&#8221;, ha remarcado.<\/p>\n<p>   Para Font, es urgente volver a los niveles de precios &#8220;razonables&#8221;, ya que &#8220;se est\u00e1 jugando con la emancipaci\u00f3n de toda una generaci\u00f3n, poniendo trabas al emprendimiento y al enriquecimiento de la sociedad en su conjunto&#8221;.<\/p>\n<p>   Font cree que para &#8220;enfriar el mercado&#8221; es necesario un di\u00e1logo serio entre los poderes p\u00fablicos y privados &#8220;con el fin de alcanzar soluciones viables que satisfagan a todos los agentes implicados&#8221;.<\/p>\n<p>   &#8220;Las administraciones deben colaborar con las empresas para crear un parque de vivienda en alquiler al alcance de todos los bolsillos, al tiempo que el empleo y los salarios deben mejorar para facilitar el ahorro y proporcionar una mayor subida&#8221;, ha remarcado.<\/p>\n<\/div>\n<p>[ad_2]<br \/>\n<br \/><a href=\"https:\/\/www.europapress.es\/economia\/construccion-y-vivienda-00342\/noticia-precio-medio-vivienda-alquiler-sube-casi-163-primer-semestre-20190708103600.html\">Source link <\/a><\/p>\n","protected":false},"excerpt":{"rendered":"<p>[ad_1] MADRID, 8 Jul. (EUROPA PRESS) &#8211; El precio medio de la vivienda en alquiler aument\u00f3 casi un 16,3% en el primer semestre del a\u00f1o en comparaci\u00f3n con el mismo periodo del a\u00f1o anterior, seg\u00fan se desprende del informe semestral de precios de alquiler realizado por pisos.com. En comparaci\u00f3n con el semestre anterior, la subida [&hellip;]<\/p>\n","protected":false},"author":2,"featured_media":5863,"comment_status":"open","ping_status":"open","sticky":false,"template":"","format":"standard","meta":{"footnotes":""},"categories":[1],"tags":[],"class_list":["post-5862","post","type-post","status-publish","format-standard","has-post-thumbnail","hentry","category-noticias-financieras"],"yoast_head":"<!-- This site is optimized with the Yoast SEO plugin v27.4 - https:\/\/yoast.com\/product\/yoast-seo-wordpress\/ -->\n<title>El precio medio de la vivienda en alquiler sube casi un 16,3% en el primer semestre - Super News<\/title>\n<meta name=\"robots\" content=\"index, follow, max-snippet:-1, max-image-preview:large, max-video-preview:-1\" \/>\n<link rel=\"canonical\" href=\"https:\/\/super-news.info\/es\/el-precio-medio-de-la-vivienda-en-alquiler-sube-casi-un-163-en-el-primer-semestre\/\" \/>\n<meta property=\"og:locale\" content=\"en_US\" \/>\n<meta property=\"og:type\" content=\"article\" \/>\n<meta property=\"og:title\" content=\"El precio medio de la vivienda en alquiler sube casi un 16,3% en el primer semestre - Super News\" \/>\n<meta property=\"og:description\" content=\"[ad_1] MADRID, 8 Jul. (EUROPA PRESS) &#8211; El precio medio de la vivienda en alquiler aument\u00f3 casi un 16,3% en el primer semestre del a\u00f1o en comparaci\u00f3n con el mismo periodo del a\u00f1o anterior, seg\u00fan se desprende del informe semestral de precios de alquiler realizado por pisos.com. En comparaci\u00f3n con el semestre anterior, la subida [&hellip;]\" \/>\n<meta property=\"og:url\" content=\"https:\/\/super-news.info\/es\/el-precio-medio-de-la-vivienda-en-alquiler-sube-casi-un-163-en-el-primer-semestre\/\" \/>\n<meta property=\"og:site_name\" content=\"Super News\" \/>\n<meta property=\"article:published_time\" content=\"2019-07-08T21:34:42+00:00\" \/>\n<meta property=\"article:modified_time\" content=\"2019-07-08T21:34:44+00:00\" \/>\n<meta property=\"og:image\" content=\"https:\/\/super-news.info\/es\/wp-content\/uploads\/sites\/4\/2019\/07\/El-precio-medio-de-la-vivienda-en-alquiler-sube-casi.jpg\" \/>\n\t<meta property=\"og:image:width\" content=\"120\" \/>\n\t<meta property=\"og:image:height\" content=\"90\" \/>\n\t<meta property=\"og:image:type\" content=\"image\/jpeg\" \/>\n<meta name=\"author\" content=\"super-news\" \/>\n<meta name=\"twitter:card\" content=\"summary_large_image\" \/>\n<meta name=\"twitter:label1\" content=\"Written by\" \/>\n\t<meta name=\"twitter:data1\" content=\"super-news\" \/>\n\t<meta name=\"twitter:label2\" content=\"Est. reading time\" \/>\n\t<meta name=\"twitter:data2\" content=\"2 minutes\" \/>\n<script type=\"application\/ld+json\" class=\"yoast-schema-graph\">{\"@context\":\"https:\\\/\\\/schema.org\",\"@graph\":[{\"@type\":\"Article\",\"@id\":\"https:\\\/\\\/super-news.info\\\/es\\\/el-precio-medio-de-la-vivienda-en-alquiler-sube-casi-un-163-en-el-primer-semestre\\\/#article\",\"isPartOf\":{\"@id\":\"https:\\\/\\\/super-news.info\\\/es\\\/el-precio-medio-de-la-vivienda-en-alquiler-sube-casi-un-163-en-el-primer-semestre\\\/\"},\"author\":{\"name\":\"super-news\",\"@id\":\"https:\\\/\\\/super-news.info\\\/es\\\/#\\\/schema\\\/person\\\/2d4068cb2f39cd10008c2fce578a7356\"},\"headline\":\"El precio medio de la vivienda en alquiler sube casi un 16,3% en el primer semestre\",\"datePublished\":\"2019-07-08T21:34:42+00:00\",\"dateModified\":\"2019-07-08T21:34:44+00:00\",\"mainEntityOfPage\":{\"@id\":\"https:\\\/\\\/super-news.info\\\/es\\\/el-precio-medio-de-la-vivienda-en-alquiler-sube-casi-un-163-en-el-primer-semestre\\\/\"},\"wordCount\":417,\"commentCount\":0,\"image\":{\"@id\":\"https:\\\/\\\/super-news.info\\\/es\\\/el-precio-medio-de-la-vivienda-en-alquiler-sube-casi-un-163-en-el-primer-semestre\\\/#primaryimage\"},\"thumbnailUrl\":\"https:\\\/\\\/super-news.info\\\/es\\\/wp-content\\\/uploads\\\/sites\\\/4\\\/2019\\\/07\\\/El-precio-medio-de-la-vivienda-en-alquiler-sube-casi.jpg\",\"articleSection\":[\"NOTICIAS FINANCIERAS\"],\"inLanguage\":\"en-US\",\"potentialAction\":[{\"@type\":\"CommentAction\",\"name\":\"Comment\",\"target\":[\"https:\\\/\\\/super-news.info\\\/es\\\/el-precio-medio-de-la-vivienda-en-alquiler-sube-casi-un-163-en-el-primer-semestre\\\/#respond\"]}]},{\"@type\":\"WebPage\",\"@id\":\"https:\\\/\\\/super-news.info\\\/es\\\/el-precio-medio-de-la-vivienda-en-alquiler-sube-casi-un-163-en-el-primer-semestre\\\/\",\"url\":\"https:\\\/\\\/super-news.info\\\/es\\\/el-precio-medio-de-la-vivienda-en-alquiler-sube-casi-un-163-en-el-primer-semestre\\\/\",\"name\":\"El precio medio de la vivienda en alquiler sube casi un 16,3% en el primer semestre - Super News\",\"isPartOf\":{\"@id\":\"https:\\\/\\\/super-news.info\\\/es\\\/#website\"},\"primaryImageOfPage\":{\"@id\":\"https:\\\/\\\/super-news.info\\\/es\\\/el-precio-medio-de-la-vivienda-en-alquiler-sube-casi-un-163-en-el-primer-semestre\\\/#primaryimage\"},\"image\":{\"@id\":\"https:\\\/\\\/super-news.info\\\/es\\\/el-precio-medio-de-la-vivienda-en-alquiler-sube-casi-un-163-en-el-primer-semestre\\\/#primaryimage\"},\"thumbnailUrl\":\"https:\\\/\\\/super-news.info\\\/es\\\/wp-content\\\/uploads\\\/sites\\\/4\\\/2019\\\/07\\\/El-precio-medio-de-la-vivienda-en-alquiler-sube-casi.jpg\",\"datePublished\":\"2019-07-08T21:34:42+00:00\",\"dateModified\":\"2019-07-08T21:34:44+00:00\",\"author\":{\"@id\":\"https:\\\/\\\/super-news.info\\\/es\\\/#\\\/schema\\\/person\\\/2d4068cb2f39cd10008c2fce578a7356\"},\"breadcrumb\":{\"@id\":\"https:\\\/\\\/super-news.info\\\/es\\\/el-precio-medio-de-la-vivienda-en-alquiler-sube-casi-un-163-en-el-primer-semestre\\\/#breadcrumb\"},\"inLanguage\":\"en-US\",\"potentialAction\":[{\"@type\":\"ReadAction\",\"target\":[\"https:\\\/\\\/super-news.info\\\/es\\\/el-precio-medio-de-la-vivienda-en-alquiler-sube-casi-un-163-en-el-primer-semestre\\\/\"]}]},{\"@type\":\"ImageObject\",\"inLanguage\":\"en-US\",\"@id\":\"https:\\\/\\\/super-news.info\\\/es\\\/el-precio-medio-de-la-vivienda-en-alquiler-sube-casi-un-163-en-el-primer-semestre\\\/#primaryimage\",\"url\":\"https:\\\/\\\/super-news.info\\\/es\\\/wp-content\\\/uploads\\\/sites\\\/4\\\/2019\\\/07\\\/El-precio-medio-de-la-vivienda-en-alquiler-sube-casi.jpg\",\"contentUrl\":\"https:\\\/\\\/super-news.info\\\/es\\\/wp-content\\\/uploads\\\/sites\\\/4\\\/2019\\\/07\\\/El-precio-medio-de-la-vivienda-en-alquiler-sube-casi.jpg\",\"width\":120,\"height\":90,\"caption\":\"El precio medio de la vivienda en alquiler sube casi un 16,3% en el primer semestre\"},{\"@type\":\"BreadcrumbList\",\"@id\":\"https:\\\/\\\/super-news.info\\\/es\\\/el-precio-medio-de-la-vivienda-en-alquiler-sube-casi-un-163-en-el-primer-semestre\\\/#breadcrumb\",\"itemListElement\":[{\"@type\":\"ListItem\",\"position\":1,\"name\":\"\u0413\u043b\u0430\u0432\u043d\u0430\u044f \u0441\u0442\u0440\u0430\u043d\u0438\u0446\u0430\",\"item\":\"https:\\\/\\\/super-news.info\\\/es\\\/\"},{\"@type\":\"ListItem\",\"position\":2,\"name\":\"El precio medio de la vivienda en alquiler sube casi un 16,3% en el primer semestre\"}]},{\"@type\":\"WebSite\",\"@id\":\"https:\\\/\\\/super-news.info\\\/es\\\/#website\",\"url\":\"https:\\\/\\\/super-news.info\\\/es\\\/\",\"name\":\"Super News\",\"description\":\"Super News Espa\u00f1a\",\"potentialAction\":[{\"@type\":\"SearchAction\",\"target\":{\"@type\":\"EntryPoint\",\"urlTemplate\":\"https:\\\/\\\/super-news.info\\\/es\\\/?s={search_term_string}\"},\"query-input\":{\"@type\":\"PropertyValueSpecification\",\"valueRequired\":true,\"valueName\":\"search_term_string\"}}],\"inLanguage\":\"en-US\"},{\"@type\":\"Person\",\"@id\":\"https:\\\/\\\/super-news.info\\\/es\\\/#\\\/schema\\\/person\\\/2d4068cb2f39cd10008c2fce578a7356\",\"name\":\"super-news\",\"image\":{\"@type\":\"ImageObject\",\"inLanguage\":\"en-US\",\"@id\":\"https:\\\/\\\/secure.gravatar.com\\\/avatar\\\/64ebac40b93f26a154f8a9b5b6fdccfc46f442b26b3dd6756dbff3bf9dc76fd7?s=96&d=mm&r=g\",\"url\":\"https:\\\/\\\/secure.gravatar.com\\\/avatar\\\/64ebac40b93f26a154f8a9b5b6fdccfc46f442b26b3dd6756dbff3bf9dc76fd7?s=96&d=mm&r=g\",\"contentUrl\":\"https:\\\/\\\/secure.gravatar.com\\\/avatar\\\/64ebac40b93f26a154f8a9b5b6fdccfc46f442b26b3dd6756dbff3bf9dc76fd7?s=96&d=mm&r=g\",\"caption\":\"super-news\"},\"url\":\"https:\\\/\\\/super-news.info\\\/es\\\/author\\\/pt\\\/\"}]}<\/script>\n<!-- \/ Yoast SEO plugin. -->","yoast_head_json":{"title":"El precio medio de la vivienda en alquiler sube casi un 16,3% en el primer semestre - Super News","robots":{"index":"index","follow":"follow","max-snippet":"max-snippet:-1","max-image-preview":"max-image-preview:large","max-video-preview":"max-video-preview:-1"},"canonical":"https:\/\/super-news.info\/es\/el-precio-medio-de-la-vivienda-en-alquiler-sube-casi-un-163-en-el-primer-semestre\/","og_locale":"en_US","og_type":"article","og_title":"El precio medio de la vivienda en alquiler sube casi un 16,3% en el primer semestre - Super News","og_description":"[ad_1] MADRID, 8 Jul. (EUROPA PRESS) &#8211; El precio medio de la vivienda en alquiler aument\u00f3 casi un 16,3% en el primer semestre del a\u00f1o en comparaci\u00f3n con el mismo periodo del a\u00f1o anterior, seg\u00fan se desprende del informe semestral de precios de alquiler realizado por pisos.com. En comparaci\u00f3n con el semestre anterior, la subida [&hellip;]","og_url":"https:\/\/super-news.info\/es\/el-precio-medio-de-la-vivienda-en-alquiler-sube-casi-un-163-en-el-primer-semestre\/","og_site_name":"Super News","article_published_time":"2019-07-08T21:34:42+00:00","article_modified_time":"2019-07-08T21:34:44+00:00","og_image":[{"width":120,"height":90,"url":"https:\/\/super-news.info\/es\/wp-content\/uploads\/sites\/4\/2019\/07\/El-precio-medio-de-la-vivienda-en-alquiler-sube-casi.jpg","type":"image\/jpeg"}],"author":"super-news","twitter_card":"summary_large_image","twitter_misc":{"Written by":"super-news","Est. reading time":"2 minutes"},"schema":{"@context":"https:\/\/schema.org","@graph":[{"@type":"Article","@id":"https:\/\/super-news.info\/es\/el-precio-medio-de-la-vivienda-en-alquiler-sube-casi-un-163-en-el-primer-semestre\/#article","isPartOf":{"@id":"https:\/\/super-news.info\/es\/el-precio-medio-de-la-vivienda-en-alquiler-sube-casi-un-163-en-el-primer-semestre\/"},"author":{"name":"super-news","@id":"https:\/\/super-news.info\/es\/#\/schema\/person\/2d4068cb2f39cd10008c2fce578a7356"},"headline":"El precio medio de la vivienda en alquiler sube casi un 16,3% en el primer semestre","datePublished":"2019-07-08T21:34:42+00:00","dateModified":"2019-07-08T21:34:44+00:00","mainEntityOfPage":{"@id":"https:\/\/super-news.info\/es\/el-precio-medio-de-la-vivienda-en-alquiler-sube-casi-un-163-en-el-primer-semestre\/"},"wordCount":417,"commentCount":0,"image":{"@id":"https:\/\/super-news.info\/es\/el-precio-medio-de-la-vivienda-en-alquiler-sube-casi-un-163-en-el-primer-semestre\/#primaryimage"},"thumbnailUrl":"https:\/\/super-news.info\/es\/wp-content\/uploads\/sites\/4\/2019\/07\/El-precio-medio-de-la-vivienda-en-alquiler-sube-casi.jpg","articleSection":["NOTICIAS FINANCIERAS"],"inLanguage":"en-US","potentialAction":[{"@type":"CommentAction","name":"Comment","target":["https:\/\/super-news.info\/es\/el-precio-medio-de-la-vivienda-en-alquiler-sube-casi-un-163-en-el-primer-semestre\/#respond"]}]},{"@type":"WebPage","@id":"https:\/\/super-news.info\/es\/el-precio-medio-de-la-vivienda-en-alquiler-sube-casi-un-163-en-el-primer-semestre\/","url":"https:\/\/super-news.info\/es\/el-precio-medio-de-la-vivienda-en-alquiler-sube-casi-un-163-en-el-primer-semestre\/","name":"El precio medio de la vivienda en alquiler sube casi un 16,3% en el primer semestre - Super News","isPartOf":{"@id":"https:\/\/super-news.info\/es\/#website"},"primaryImageOfPage":{"@id":"https:\/\/super-news.info\/es\/el-precio-medio-de-la-vivienda-en-alquiler-sube-casi-un-163-en-el-primer-semestre\/#primaryimage"},"image":{"@id":"https:\/\/super-news.info\/es\/el-precio-medio-de-la-vivienda-en-alquiler-sube-casi-un-163-en-el-primer-semestre\/#primaryimage"},"thumbnailUrl":"https:\/\/super-news.info\/es\/wp-content\/uploads\/sites\/4\/2019\/07\/El-precio-medio-de-la-vivienda-en-alquiler-sube-casi.jpg","datePublished":"2019-07-08T21:34:42+00:00","dateModified":"2019-07-08T21:34:44+00:00","author":{"@id":"https:\/\/super-news.info\/es\/#\/schema\/person\/2d4068cb2f39cd10008c2fce578a7356"},"breadcrumb":{"@id":"https:\/\/super-news.info\/es\/el-precio-medio-de-la-vivienda-en-alquiler-sube-casi-un-163-en-el-primer-semestre\/#breadcrumb"},"inLanguage":"en-US","potentialAction":[{"@type":"ReadAction","target":["https:\/\/super-news.info\/es\/el-precio-medio-de-la-vivienda-en-alquiler-sube-casi-un-163-en-el-primer-semestre\/"]}]},{"@type":"ImageObject","inLanguage":"en-US","@id":"https:\/\/super-news.info\/es\/el-precio-medio-de-la-vivienda-en-alquiler-sube-casi-un-163-en-el-primer-semestre\/#primaryimage","url":"https:\/\/super-news.info\/es\/wp-content\/uploads\/sites\/4\/2019\/07\/El-precio-medio-de-la-vivienda-en-alquiler-sube-casi.jpg","contentUrl":"https:\/\/super-news.info\/es\/wp-content\/uploads\/sites\/4\/2019\/07\/El-precio-medio-de-la-vivienda-en-alquiler-sube-casi.jpg","width":120,"height":90,"caption":"El precio medio de la vivienda en alquiler sube casi un 16,3% en el primer semestre"},{"@type":"BreadcrumbList","@id":"https:\/\/super-news.info\/es\/el-precio-medio-de-la-vivienda-en-alquiler-sube-casi-un-163-en-el-primer-semestre\/#breadcrumb","itemListElement":[{"@type":"ListItem","position":1,"name":"\u0413\u043b\u0430\u0432\u043d\u0430\u044f \u0441\u0442\u0440\u0430\u043d\u0438\u0446\u0430","item":"https:\/\/super-news.info\/es\/"},{"@type":"ListItem","position":2,"name":"El precio medio de la vivienda en alquiler sube casi un 16,3% en el primer semestre"}]},{"@type":"WebSite","@id":"https:\/\/super-news.info\/es\/#website","url":"https:\/\/super-news.info\/es\/","name":"Super News","description":"Super News Espa\u00f1a","potentialAction":[{"@type":"SearchAction","target":{"@type":"EntryPoint","urlTemplate":"https:\/\/super-news.info\/es\/?s={search_term_string}"},"query-input":{"@type":"PropertyValueSpecification","valueRequired":true,"valueName":"search_term_string"}}],"inLanguage":"en-US"},{"@type":"Person","@id":"https:\/\/super-news.info\/es\/#\/schema\/person\/2d4068cb2f39cd10008c2fce578a7356","name":"super-news","image":{"@type":"ImageObject","inLanguage":"en-US","@id":"https:\/\/secure.gravatar.com\/avatar\/64ebac40b93f26a154f8a9b5b6fdccfc46f442b26b3dd6756dbff3bf9dc76fd7?s=96&d=mm&r=g","url":"https:\/\/secure.gravatar.com\/avatar\/64ebac40b93f26a154f8a9b5b6fdccfc46f442b26b3dd6756dbff3bf9dc76fd7?s=96&d=mm&r=g","contentUrl":"https:\/\/secure.gravatar.com\/avatar\/64ebac40b93f26a154f8a9b5b6fdccfc46f442b26b3dd6756dbff3bf9dc76fd7?s=96&d=mm&r=g","caption":"super-news"},"url":"https:\/\/super-news.info\/es\/author\/pt\/"}]}},"_links":{"self":[{"href":"https:\/\/super-news.info\/es\/wp-json\/wp\/v2\/posts\/5862","targetHints":{"allow":["GET"]}}],"collection":[{"href":"https:\/\/super-news.info\/es\/wp-json\/wp\/v2\/posts"}],"about":[{"href":"https:\/\/super-news.info\/es\/wp-json\/wp\/v2\/types\/post"}],"author":[{"embeddable":true,"href":"https:\/\/super-news.info\/es\/wp-json\/wp\/v2\/users\/2"}],"replies":[{"embeddable":true,"href":"https:\/\/super-news.info\/es\/wp-json\/wp\/v2\/comments?post=5862"}],"version-history":[{"count":1,"href":"https:\/\/super-news.info\/es\/wp-json\/wp\/v2\/posts\/5862\/revisions"}],"predecessor-version":[{"id":5864,"href":"https:\/\/super-news.info\/es\/wp-json\/wp\/v2\/posts\/5862\/revisions\/5864"}],"wp:featuredmedia":[{"embeddable":true,"href":"https:\/\/super-news.info\/es\/wp-json\/wp\/v2\/media\/5863"}],"wp:attachment":[{"href":"https:\/\/super-news.info\/es\/wp-json\/wp\/v2\/media?parent=5862"}],"wp:term":[{"taxonomy":"category","embeddable":true,"href":"https:\/\/super-news.info\/es\/wp-json\/wp\/v2\/categories?post=5862"},{"taxonomy":"post_tag","embeddable":true,"href":"https:\/\/super-news.info\/es\/wp-json\/wp\/v2\/tags?post=5862"}],"curies":[{"name":"wp","href":"https:\/\/api.w.org\/{rel}","templated":true}]}}