{"id":5856,"date":"2019-07-08T23:25:33","date_gmt":"2019-07-08T20:25:33","guid":{"rendered":"https:\/\/super-news.info\/es\/granado-asegura-que-espana-necesita-mas-natalidad-e-inmigrantes-para-que-las-pensiones-sean-sostenibles\/"},"modified":"2019-07-08T23:25:34","modified_gmt":"2019-07-08T20:25:34","slug":"granado-asegura-que-espana-necesita-mas-natalidad-e-inmigrantes-para-que-las-pensiones-sean-sostenibles","status":"publish","type":"post","link":"https:\/\/super-news.info\/es\/granado-asegura-que-espana-necesita-mas-natalidad-e-inmigrantes-para-que-las-pensiones-sean-sostenibles\/","title":{"rendered":"Granado asegura que Espa\u00f1a necesita m\u00e1s natalidad e inmigrantes para que las pensiones sean sostenibles"},"content":{"rendered":"<p> [ad_1]<\/p>\n<div id=\"CuerpoNoticiav2\" itemprop=\"articleBody\">\n<h3 class=\"subsubhead\">La Seguridad Social cree que lo que resta de a\u00f1o no ser\u00e1 &#8220;especialmente problem\u00e1tico&#8221; para afrontar el pago de las pensiones<\/h3>\n<p>   SANTANDER, 8 Jul. (EUROPA PRESS) &#8211; <\/p>\n<p itemprop=\"description\">   El secretario de Estado de la Seguridad Social, Octavio Granado, ha advertido este lunes en Santander de que, para que el sistema de pensiones sea sostenible, Espa\u00f1a necesita no s\u00f3lo incrementar la natalidad con pol\u00edticas y ayudas que la fomenten, un \u00e1mbito en el que, a su juicio, el Estado &#8220;no puede seguir siendo espectador&#8221;, sino tambi\u00e9n seguir recibiendo inmigrantes.<\/p>\n<p>   &#8220;Esta es una sociedad que sigue necesitando tener inmigraci\u00f3n. Y los que quieren defender a los pensionistas y a la vez quieren oponerse a que tengamos una pol\u00edtica razonable de inmigraci\u00f3n est\u00e1n faltando a la verdad y est\u00e1n enga\u00f1ando a las personas&#8221;, ha aseverado Granado en declaraciones realizadas antes de inaugurar un curso sobre la sostenibilidad de la Seguridad Social en la Universidad Internacional Men\u00e9ndez Pelayo (UIMP).<\/p>\n<p>   Granado ha se\u00f1alado que Espa\u00f1a tiene una pir\u00e1mide demogr\u00e1fica &#8220;muy descompensada&#8221; y &#8220;la \u00fanica forma&#8221; de lograr revertir esta circunstancia es &#8220;con gente joven, que tenga hijos y que venga a Espa\u00f1a, no s\u00f3lo a trabajar, sino tambi\u00e9n a reponer esa pir\u00e1mide de poblaci\u00f3n&#8221;.<\/p>\n<p>   Y es que, seg\u00fan ha advertido, el problema de las pensiones &#8220;no se arregla \u00fanicamente con natalidad&#8221;, porque incrementar la tasa, adem\u00e1s de ser algo &#8220;muy dif\u00edcil&#8221;, va a hacer que el problema se resuelva &#8220;a 25 o 30 a\u00f1os&#8221;, pero no ahora.<\/p>\n<p>   Sin embargo, s\u00ed considera necesarias pol\u00edticas de natalidad ya que, seg\u00fan ha se\u00f1alado, en los foros europeos siempre se achaca a Espa\u00f1a el tener &#8220;la peor pol\u00edtica&#8221; de Europa y la &#8220;m\u00e1s exigua&#8221; de apoyo a las familias.<\/p>\n<h2 class=\"ladillo\">TENER HIJOS, &#8220;UN MILAGRO Y UNA MALDICI\u00d3N&#8221;<\/h2>\n<p>   Para Granado, esta falta de ayudas y servicios para las familias unida a la &#8220;precariedad laboral&#8221; hace que en Espa\u00f1a tener hijos sea &#8220;a medias, un milagro y una maldici\u00f3n&#8221;. &#8220;Nosotros no ayudamos a la gente a tener hijos. Yo creo que una pol\u00edtica aut\u00e9nticamente democr\u00e1tica es que la gente pueda tener los hijos que quiere tener&#8221;, ha opinado.<\/p>\n<p>   Granado ha inaugurado este lunes en la UIMP el curso &#8216;La Seguridad Social ante la digitalizaci\u00f3n y la jubilaci\u00f3n del baby boom: claves para su sostenibilidad financiera y social&#8217;.<\/p>\n<p>   Como adelanto a su intervenci\u00f3n, en las declaraciones previas a la prensa, Granado ha se\u00f1alado la necesidad de que, tras un fin de legislatura &#8220;muy breve&#8221; en el que no ha podido abordarse el &#8220;necesario&#8221; acuerdo en el Pacto de Toledo, se aborden reformas que &#8220;garanticen&#8221; a &#8220;millones y millones&#8221; de personas que en Espa\u00f1a viven de la Seguridad Social que el sistema de pensiones &#8220;va a ser sostenible&#8221;.<\/p>\n<h2 class=\"ladillo\">CRECE LA RECAUDACI\u00d3N POR COTIZACIONES<\/h2>\n<p>   En este sentido, ha explicado que el primer semestre del a\u00f1o, a la hora de afrontar el pago de las pensiones, ha concluido para la Seguridad Social &#8220;mejor de lo previsto&#8221; y se ha acabado el mes de junio en una situaci\u00f3n &#8220;relativamente c\u00f3moda&#8221;, algo que ha achacado al crecimiento de las cotizaciones y de la ocupaci\u00f3n en este periodo.<\/p>\n<p>   As\u00ed ha se\u00f1alado que en el primer semestre del a\u00f1o las cotizaciones crecieron al 8% y la ocupaci\u00f3n al 2,6%, lo que supone que la gente est\u00e1 &#8220;cobrando mejores salarios&#8221; y que &#8220;trabaja m\u00e1s horas&#8221;.<\/p>\n<p>   &#8220;Este esfuerzo hay que mantenerlo porque el sistema de pensiones espa\u00f1ol necesita pagar buenas pensiones con salarios todav\u00eda muy insuficientes&#8221;, ha aseverado Granado, que ha precisado que a\u00fan se est\u00e1n viviendo los &#8220;coletazos&#8221; de una reforma laboral que ha hecho que las personas que se han incorporado en los \u00faltimos a\u00f1os al mercado de trabajo cobraran menos que sus padres.<\/p>\n<p>   &#8220;Necesitamos para sostenerlas que la gente cobre mejores salarios, pague mejores cotizaciones a la Seguridad Social y as\u00ed nosotros podremos pagar mejores pensiones&#8221;, ha dicho.<\/p>\n<p>   De lo que no ha querido pronunciarse Granado es sobre la subida de las pensiones. &#8220;La subida de las pensiones, que yo sepa, el \u00fanico que puede hacer anuncios es, cuando haya un Gobierno, el presidente del Gobierno, y ser\u00e1 ese momento en el cual deba pronunciarse la Administraci\u00f3n (de la Seguridad Social)&#8221;, ha zanjado.<\/p>\n<\/div>\n<p>[ad_2]<br \/>\n<br \/><a href=\"https:\/\/www.europapress.es\/economia\/laboral-00346\/noticia-granado-asegura-espana-necesita-mas-natalidad-inmigrantes-pensiones-sean-sostenibles-20190708120210.html\">Source link <\/a><\/p>\n","protected":false},"excerpt":{"rendered":"<p>[ad_1] La Seguridad Social cree que lo que resta de a\u00f1o no ser\u00e1 &#8220;especialmente problem\u00e1tico&#8221; para afrontar el pago de las pensiones SANTANDER, 8 Jul. (EUROPA PRESS) &#8211; El secretario de Estado de la Seguridad Social, Octavio Granado, ha advertido este lunes en Santander de que, para que el sistema de pensiones sea sostenible, Espa\u00f1a [&hellip;]<\/p>\n","protected":false},"author":2,"featured_media":5857,"comment_status":"open","ping_status":"open","sticky":false,"template":"","format":"standard","meta":{"footnotes":""},"categories":[1],"tags":[],"class_list":["post-5856","post","type-post","status-publish","format-standard","has-post-thumbnail","hentry","category-noticias-financieras"],"yoast_head":"<!-- This site is optimized with the Yoast SEO plugin v27.4 - https:\/\/yoast.com\/product\/yoast-seo-wordpress\/ -->\n<title>Granado asegura que Espa\u00f1a necesita m\u00e1s natalidad e inmigrantes para que las pensiones sean sostenibles - Super News<\/title>\n<meta name=\"robots\" content=\"index, follow, max-snippet:-1, max-image-preview:large, max-video-preview:-1\" \/>\n<link rel=\"canonical\" href=\"https:\/\/super-news.info\/es\/granado-asegura-que-espana-necesita-mas-natalidad-e-inmigrantes-para-que-las-pensiones-sean-sostenibles\/\" \/>\n<meta property=\"og:locale\" content=\"en_US\" \/>\n<meta property=\"og:type\" content=\"article\" \/>\n<meta property=\"og:title\" content=\"Granado asegura que Espa\u00f1a necesita m\u00e1s natalidad e inmigrantes para que las pensiones sean sostenibles - Super News\" \/>\n<meta property=\"og:description\" content=\"[ad_1] La Seguridad Social cree que lo que resta de a\u00f1o no ser\u00e1 &#8220;especialmente problem\u00e1tico&#8221; para afrontar el pago de las pensiones SANTANDER, 8 Jul. (EUROPA PRESS) &#8211; El secretario de Estado de la Seguridad Social, Octavio Granado, ha advertido este lunes en Santander de que, para que el sistema de pensiones sea sostenible, Espa\u00f1a [&hellip;]\" \/>\n<meta property=\"og:url\" content=\"https:\/\/super-news.info\/es\/granado-asegura-que-espana-necesita-mas-natalidad-e-inmigrantes-para-que-las-pensiones-sean-sostenibles\/\" \/>\n<meta property=\"og:site_name\" content=\"Super News\" \/>\n<meta property=\"article:published_time\" content=\"2019-07-08T20:25:33+00:00\" \/>\n<meta property=\"article:modified_time\" content=\"2019-07-08T20:25:34+00:00\" \/>\n<meta property=\"og:image\" content=\"https:\/\/super-news.info\/es\/wp-content\/uploads\/sites\/4\/2019\/07\/Granado-asegura-que-Espa\u00f1a-necesita-m\u00e1s-natalidad-e-inmigrantes-para.jpg\" \/>\n\t<meta property=\"og:image:width\" content=\"120\" \/>\n\t<meta property=\"og:image:height\" content=\"90\" \/>\n\t<meta property=\"og:image:type\" content=\"image\/jpeg\" \/>\n<meta name=\"author\" content=\"super-news\" \/>\n<meta name=\"twitter:card\" content=\"summary_large_image\" \/>\n<meta name=\"twitter:label1\" content=\"Written by\" \/>\n\t<meta name=\"twitter:data1\" content=\"super-news\" \/>\n\t<meta name=\"twitter:label2\" content=\"Est. reading time\" \/>\n\t<meta name=\"twitter:data2\" content=\"4 minutes\" \/>\n<script type=\"application\/ld+json\" class=\"yoast-schema-graph\">{\"@context\":\"https:\\\/\\\/schema.org\",\"@graph\":[{\"@type\":\"Article\",\"@id\":\"https:\\\/\\\/super-news.info\\\/es\\\/granado-asegura-que-espana-necesita-mas-natalidad-e-inmigrantes-para-que-las-pensiones-sean-sostenibles\\\/#article\",\"isPartOf\":{\"@id\":\"https:\\\/\\\/super-news.info\\\/es\\\/granado-asegura-que-espana-necesita-mas-natalidad-e-inmigrantes-para-que-las-pensiones-sean-sostenibles\\\/\"},\"author\":{\"name\":\"super-news\",\"@id\":\"https:\\\/\\\/super-news.info\\\/es\\\/#\\\/schema\\\/person\\\/2d4068cb2f39cd10008c2fce578a7356\"},\"headline\":\"Granado asegura que Espa\u00f1a necesita m\u00e1s natalidad e inmigrantes para que las pensiones sean sostenibles\",\"datePublished\":\"2019-07-08T20:25:33+00:00\",\"dateModified\":\"2019-07-08T20:25:34+00:00\",\"mainEntityOfPage\":{\"@id\":\"https:\\\/\\\/super-news.info\\\/es\\\/granado-asegura-que-espana-necesita-mas-natalidad-e-inmigrantes-para-que-las-pensiones-sean-sostenibles\\\/\"},\"wordCount\":757,\"commentCount\":0,\"image\":{\"@id\":\"https:\\\/\\\/super-news.info\\\/es\\\/granado-asegura-que-espana-necesita-mas-natalidad-e-inmigrantes-para-que-las-pensiones-sean-sostenibles\\\/#primaryimage\"},\"thumbnailUrl\":\"https:\\\/\\\/super-news.info\\\/es\\\/wp-content\\\/uploads\\\/sites\\\/4\\\/2019\\\/07\\\/Granado-asegura-que-Espa\u00f1a-necesita-m\u00e1s-natalidad-e-inmigrantes-para.jpg\",\"articleSection\":[\"NOTICIAS FINANCIERAS\"],\"inLanguage\":\"en-US\",\"potentialAction\":[{\"@type\":\"CommentAction\",\"name\":\"Comment\",\"target\":[\"https:\\\/\\\/super-news.info\\\/es\\\/granado-asegura-que-espana-necesita-mas-natalidad-e-inmigrantes-para-que-las-pensiones-sean-sostenibles\\\/#respond\"]}]},{\"@type\":\"WebPage\",\"@id\":\"https:\\\/\\\/super-news.info\\\/es\\\/granado-asegura-que-espana-necesita-mas-natalidad-e-inmigrantes-para-que-las-pensiones-sean-sostenibles\\\/\",\"url\":\"https:\\\/\\\/super-news.info\\\/es\\\/granado-asegura-que-espana-necesita-mas-natalidad-e-inmigrantes-para-que-las-pensiones-sean-sostenibles\\\/\",\"name\":\"Granado asegura que Espa\u00f1a necesita m\u00e1s natalidad e inmigrantes para que las pensiones sean sostenibles - Super News\",\"isPartOf\":{\"@id\":\"https:\\\/\\\/super-news.info\\\/es\\\/#website\"},\"primaryImageOfPage\":{\"@id\":\"https:\\\/\\\/super-news.info\\\/es\\\/granado-asegura-que-espana-necesita-mas-natalidad-e-inmigrantes-para-que-las-pensiones-sean-sostenibles\\\/#primaryimage\"},\"image\":{\"@id\":\"https:\\\/\\\/super-news.info\\\/es\\\/granado-asegura-que-espana-necesita-mas-natalidad-e-inmigrantes-para-que-las-pensiones-sean-sostenibles\\\/#primaryimage\"},\"thumbnailUrl\":\"https:\\\/\\\/super-news.info\\\/es\\\/wp-content\\\/uploads\\\/sites\\\/4\\\/2019\\\/07\\\/Granado-asegura-que-Espa\u00f1a-necesita-m\u00e1s-natalidad-e-inmigrantes-para.jpg\",\"datePublished\":\"2019-07-08T20:25:33+00:00\",\"dateModified\":\"2019-07-08T20:25:34+00:00\",\"author\":{\"@id\":\"https:\\\/\\\/super-news.info\\\/es\\\/#\\\/schema\\\/person\\\/2d4068cb2f39cd10008c2fce578a7356\"},\"breadcrumb\":{\"@id\":\"https:\\\/\\\/super-news.info\\\/es\\\/granado-asegura-que-espana-necesita-mas-natalidad-e-inmigrantes-para-que-las-pensiones-sean-sostenibles\\\/#breadcrumb\"},\"inLanguage\":\"en-US\",\"potentialAction\":[{\"@type\":\"ReadAction\",\"target\":[\"https:\\\/\\\/super-news.info\\\/es\\\/granado-asegura-que-espana-necesita-mas-natalidad-e-inmigrantes-para-que-las-pensiones-sean-sostenibles\\\/\"]}]},{\"@type\":\"ImageObject\",\"inLanguage\":\"en-US\",\"@id\":\"https:\\\/\\\/super-news.info\\\/es\\\/granado-asegura-que-espana-necesita-mas-natalidad-e-inmigrantes-para-que-las-pensiones-sean-sostenibles\\\/#primaryimage\",\"url\":\"https:\\\/\\\/super-news.info\\\/es\\\/wp-content\\\/uploads\\\/sites\\\/4\\\/2019\\\/07\\\/Granado-asegura-que-Espa\u00f1a-necesita-m\u00e1s-natalidad-e-inmigrantes-para.jpg\",\"contentUrl\":\"https:\\\/\\\/super-news.info\\\/es\\\/wp-content\\\/uploads\\\/sites\\\/4\\\/2019\\\/07\\\/Granado-asegura-que-Espa\u00f1a-necesita-m\u00e1s-natalidad-e-inmigrantes-para.jpg\",\"width\":120,\"height\":90,\"caption\":\"Granado asegura que Espa\u00f1a necesita m\u00e1s natalidad e inmigrantes para que las pensiones sean sostenibles\"},{\"@type\":\"BreadcrumbList\",\"@id\":\"https:\\\/\\\/super-news.info\\\/es\\\/granado-asegura-que-espana-necesita-mas-natalidad-e-inmigrantes-para-que-las-pensiones-sean-sostenibles\\\/#breadcrumb\",\"itemListElement\":[{\"@type\":\"ListItem\",\"position\":1,\"name\":\"\u0413\u043b\u0430\u0432\u043d\u0430\u044f \u0441\u0442\u0440\u0430\u043d\u0438\u0446\u0430\",\"item\":\"https:\\\/\\\/super-news.info\\\/es\\\/\"},{\"@type\":\"ListItem\",\"position\":2,\"name\":\"Granado asegura que Espa\u00f1a necesita m\u00e1s natalidad e inmigrantes para que las pensiones sean sostenibles\"}]},{\"@type\":\"WebSite\",\"@id\":\"https:\\\/\\\/super-news.info\\\/es\\\/#website\",\"url\":\"https:\\\/\\\/super-news.info\\\/es\\\/\",\"name\":\"Super News\",\"description\":\"Super News Espa\u00f1a\",\"potentialAction\":[{\"@type\":\"SearchAction\",\"target\":{\"@type\":\"EntryPoint\",\"urlTemplate\":\"https:\\\/\\\/super-news.info\\\/es\\\/?s={search_term_string}\"},\"query-input\":{\"@type\":\"PropertyValueSpecification\",\"valueRequired\":true,\"valueName\":\"search_term_string\"}}],\"inLanguage\":\"en-US\"},{\"@type\":\"Person\",\"@id\":\"https:\\\/\\\/super-news.info\\\/es\\\/#\\\/schema\\\/person\\\/2d4068cb2f39cd10008c2fce578a7356\",\"name\":\"super-news\",\"image\":{\"@type\":\"ImageObject\",\"inLanguage\":\"en-US\",\"@id\":\"https:\\\/\\\/secure.gravatar.com\\\/avatar\\\/64ebac40b93f26a154f8a9b5b6fdccfc46f442b26b3dd6756dbff3bf9dc76fd7?s=96&d=mm&r=g\",\"url\":\"https:\\\/\\\/secure.gravatar.com\\\/avatar\\\/64ebac40b93f26a154f8a9b5b6fdccfc46f442b26b3dd6756dbff3bf9dc76fd7?s=96&d=mm&r=g\",\"contentUrl\":\"https:\\\/\\\/secure.gravatar.com\\\/avatar\\\/64ebac40b93f26a154f8a9b5b6fdccfc46f442b26b3dd6756dbff3bf9dc76fd7?s=96&d=mm&r=g\",\"caption\":\"super-news\"},\"url\":\"https:\\\/\\\/super-news.info\\\/es\\\/author\\\/pt\\\/\"}]}<\/script>\n<!-- \/ Yoast SEO plugin. -->","yoast_head_json":{"title":"Granado asegura que Espa\u00f1a necesita m\u00e1s natalidad e inmigrantes para que las pensiones sean sostenibles - Super News","robots":{"index":"index","follow":"follow","max-snippet":"max-snippet:-1","max-image-preview":"max-image-preview:large","max-video-preview":"max-video-preview:-1"},"canonical":"https:\/\/super-news.info\/es\/granado-asegura-que-espana-necesita-mas-natalidad-e-inmigrantes-para-que-las-pensiones-sean-sostenibles\/","og_locale":"en_US","og_type":"article","og_title":"Granado asegura que Espa\u00f1a necesita m\u00e1s natalidad e inmigrantes para que las pensiones sean sostenibles - Super News","og_description":"[ad_1] La Seguridad Social cree que lo que resta de a\u00f1o no ser\u00e1 &#8220;especialmente problem\u00e1tico&#8221; para afrontar el pago de las pensiones SANTANDER, 8 Jul. (EUROPA PRESS) &#8211; El secretario de Estado de la Seguridad Social, Octavio Granado, ha advertido este lunes en Santander de que, para que el sistema de pensiones sea sostenible, Espa\u00f1a [&hellip;]","og_url":"https:\/\/super-news.info\/es\/granado-asegura-que-espana-necesita-mas-natalidad-e-inmigrantes-para-que-las-pensiones-sean-sostenibles\/","og_site_name":"Super News","article_published_time":"2019-07-08T20:25:33+00:00","article_modified_time":"2019-07-08T20:25:34+00:00","og_image":[{"width":120,"height":90,"url":"https:\/\/super-news.info\/es\/wp-content\/uploads\/sites\/4\/2019\/07\/Granado-asegura-que-Espa\u00f1a-necesita-m\u00e1s-natalidad-e-inmigrantes-para.jpg","type":"image\/jpeg"}],"author":"super-news","twitter_card":"summary_large_image","twitter_misc":{"Written by":"super-news","Est. reading time":"4 minutes"},"schema":{"@context":"https:\/\/schema.org","@graph":[{"@type":"Article","@id":"https:\/\/super-news.info\/es\/granado-asegura-que-espana-necesita-mas-natalidad-e-inmigrantes-para-que-las-pensiones-sean-sostenibles\/#article","isPartOf":{"@id":"https:\/\/super-news.info\/es\/granado-asegura-que-espana-necesita-mas-natalidad-e-inmigrantes-para-que-las-pensiones-sean-sostenibles\/"},"author":{"name":"super-news","@id":"https:\/\/super-news.info\/es\/#\/schema\/person\/2d4068cb2f39cd10008c2fce578a7356"},"headline":"Granado asegura que Espa\u00f1a necesita m\u00e1s natalidad e inmigrantes para que las pensiones sean sostenibles","datePublished":"2019-07-08T20:25:33+00:00","dateModified":"2019-07-08T20:25:34+00:00","mainEntityOfPage":{"@id":"https:\/\/super-news.info\/es\/granado-asegura-que-espana-necesita-mas-natalidad-e-inmigrantes-para-que-las-pensiones-sean-sostenibles\/"},"wordCount":757,"commentCount":0,"image":{"@id":"https:\/\/super-news.info\/es\/granado-asegura-que-espana-necesita-mas-natalidad-e-inmigrantes-para-que-las-pensiones-sean-sostenibles\/#primaryimage"},"thumbnailUrl":"https:\/\/super-news.info\/es\/wp-content\/uploads\/sites\/4\/2019\/07\/Granado-asegura-que-Espa\u00f1a-necesita-m\u00e1s-natalidad-e-inmigrantes-para.jpg","articleSection":["NOTICIAS FINANCIERAS"],"inLanguage":"en-US","potentialAction":[{"@type":"CommentAction","name":"Comment","target":["https:\/\/super-news.info\/es\/granado-asegura-que-espana-necesita-mas-natalidad-e-inmigrantes-para-que-las-pensiones-sean-sostenibles\/#respond"]}]},{"@type":"WebPage","@id":"https:\/\/super-news.info\/es\/granado-asegura-que-espana-necesita-mas-natalidad-e-inmigrantes-para-que-las-pensiones-sean-sostenibles\/","url":"https:\/\/super-news.info\/es\/granado-asegura-que-espana-necesita-mas-natalidad-e-inmigrantes-para-que-las-pensiones-sean-sostenibles\/","name":"Granado asegura que Espa\u00f1a necesita m\u00e1s natalidad e inmigrantes para que las pensiones sean sostenibles - Super News","isPartOf":{"@id":"https:\/\/super-news.info\/es\/#website"},"primaryImageOfPage":{"@id":"https:\/\/super-news.info\/es\/granado-asegura-que-espana-necesita-mas-natalidad-e-inmigrantes-para-que-las-pensiones-sean-sostenibles\/#primaryimage"},"image":{"@id":"https:\/\/super-news.info\/es\/granado-asegura-que-espana-necesita-mas-natalidad-e-inmigrantes-para-que-las-pensiones-sean-sostenibles\/#primaryimage"},"thumbnailUrl":"https:\/\/super-news.info\/es\/wp-content\/uploads\/sites\/4\/2019\/07\/Granado-asegura-que-Espa\u00f1a-necesita-m\u00e1s-natalidad-e-inmigrantes-para.jpg","datePublished":"2019-07-08T20:25:33+00:00","dateModified":"2019-07-08T20:25:34+00:00","author":{"@id":"https:\/\/super-news.info\/es\/#\/schema\/person\/2d4068cb2f39cd10008c2fce578a7356"},"breadcrumb":{"@id":"https:\/\/super-news.info\/es\/granado-asegura-que-espana-necesita-mas-natalidad-e-inmigrantes-para-que-las-pensiones-sean-sostenibles\/#breadcrumb"},"inLanguage":"en-US","potentialAction":[{"@type":"ReadAction","target":["https:\/\/super-news.info\/es\/granado-asegura-que-espana-necesita-mas-natalidad-e-inmigrantes-para-que-las-pensiones-sean-sostenibles\/"]}]},{"@type":"ImageObject","inLanguage":"en-US","@id":"https:\/\/super-news.info\/es\/granado-asegura-que-espana-necesita-mas-natalidad-e-inmigrantes-para-que-las-pensiones-sean-sostenibles\/#primaryimage","url":"https:\/\/super-news.info\/es\/wp-content\/uploads\/sites\/4\/2019\/07\/Granado-asegura-que-Espa\u00f1a-necesita-m\u00e1s-natalidad-e-inmigrantes-para.jpg","contentUrl":"https:\/\/super-news.info\/es\/wp-content\/uploads\/sites\/4\/2019\/07\/Granado-asegura-que-Espa\u00f1a-necesita-m\u00e1s-natalidad-e-inmigrantes-para.jpg","width":120,"height":90,"caption":"Granado asegura que Espa\u00f1a necesita m\u00e1s natalidad e inmigrantes para que las pensiones sean sostenibles"},{"@type":"BreadcrumbList","@id":"https:\/\/super-news.info\/es\/granado-asegura-que-espana-necesita-mas-natalidad-e-inmigrantes-para-que-las-pensiones-sean-sostenibles\/#breadcrumb","itemListElement":[{"@type":"ListItem","position":1,"name":"\u0413\u043b\u0430\u0432\u043d\u0430\u044f \u0441\u0442\u0440\u0430\u043d\u0438\u0446\u0430","item":"https:\/\/super-news.info\/es\/"},{"@type":"ListItem","position":2,"name":"Granado asegura que Espa\u00f1a necesita m\u00e1s natalidad e inmigrantes para que las pensiones sean sostenibles"}]},{"@type":"WebSite","@id":"https:\/\/super-news.info\/es\/#website","url":"https:\/\/super-news.info\/es\/","name":"Super News","description":"Super News Espa\u00f1a","potentialAction":[{"@type":"SearchAction","target":{"@type":"EntryPoint","urlTemplate":"https:\/\/super-news.info\/es\/?s={search_term_string}"},"query-input":{"@type":"PropertyValueSpecification","valueRequired":true,"valueName":"search_term_string"}}],"inLanguage":"en-US"},{"@type":"Person","@id":"https:\/\/super-news.info\/es\/#\/schema\/person\/2d4068cb2f39cd10008c2fce578a7356","name":"super-news","image":{"@type":"ImageObject","inLanguage":"en-US","@id":"https:\/\/secure.gravatar.com\/avatar\/64ebac40b93f26a154f8a9b5b6fdccfc46f442b26b3dd6756dbff3bf9dc76fd7?s=96&d=mm&r=g","url":"https:\/\/secure.gravatar.com\/avatar\/64ebac40b93f26a154f8a9b5b6fdccfc46f442b26b3dd6756dbff3bf9dc76fd7?s=96&d=mm&r=g","contentUrl":"https:\/\/secure.gravatar.com\/avatar\/64ebac40b93f26a154f8a9b5b6fdccfc46f442b26b3dd6756dbff3bf9dc76fd7?s=96&d=mm&r=g","caption":"super-news"},"url":"https:\/\/super-news.info\/es\/author\/pt\/"}]}},"_links":{"self":[{"href":"https:\/\/super-news.info\/es\/wp-json\/wp\/v2\/posts\/5856","targetHints":{"allow":["GET"]}}],"collection":[{"href":"https:\/\/super-news.info\/es\/wp-json\/wp\/v2\/posts"}],"about":[{"href":"https:\/\/super-news.info\/es\/wp-json\/wp\/v2\/types\/post"}],"author":[{"embeddable":true,"href":"https:\/\/super-news.info\/es\/wp-json\/wp\/v2\/users\/2"}],"replies":[{"embeddable":true,"href":"https:\/\/super-news.info\/es\/wp-json\/wp\/v2\/comments?post=5856"}],"version-history":[{"count":1,"href":"https:\/\/super-news.info\/es\/wp-json\/wp\/v2\/posts\/5856\/revisions"}],"predecessor-version":[{"id":5858,"href":"https:\/\/super-news.info\/es\/wp-json\/wp\/v2\/posts\/5856\/revisions\/5858"}],"wp:featuredmedia":[{"embeddable":true,"href":"https:\/\/super-news.info\/es\/wp-json\/wp\/v2\/media\/5857"}],"wp:attachment":[{"href":"https:\/\/super-news.info\/es\/wp-json\/wp\/v2\/media?parent=5856"}],"wp:term":[{"taxonomy":"category","embeddable":true,"href":"https:\/\/super-news.info\/es\/wp-json\/wp\/v2\/categories?post=5856"},{"taxonomy":"post_tag","embeddable":true,"href":"https:\/\/super-news.info\/es\/wp-json\/wp\/v2\/tags?post=5856"}],"curies":[{"name":"wp","href":"https:\/\/api.w.org\/{rel}","templated":true}]}}