{"id":5766,"date":"2019-07-07T19:30:56","date_gmt":"2019-07-07T16:30:56","guid":{"rendered":"https:\/\/super-news.info\/es\/deutsche-bank-anuncia-una-reestructuracion-radical-con-un-recorte-de-18-000-empleos-en-tres-anos\/"},"modified":"2019-07-07T19:30:57","modified_gmt":"2019-07-07T16:30:57","slug":"deutsche-bank-anuncia-una-reestructuracion-radical-con-un-recorte-de-18-000-empleos-en-tres-anos","status":"publish","type":"post","link":"https:\/\/super-news.info\/es\/deutsche-bank-anuncia-una-reestructuracion-radical-con-un-recorte-de-18-000-empleos-en-tres-anos\/","title":{"rendered":"Deutsche Bank anuncia una reestructuraci\u00f3n &#8220;radical&#8221; con un recorte de 18.000 empleos en tres a\u00f1os"},"content":{"rendered":"<p> [ad_1]<\/p>\n<div id=\"CuerpoNoticiav2\" itemprop=\"articleBody\">\n<p>El banco anticipa un coste de 7.400 millones de euros y unas p\u00e9rdidas netas de 2.800 millones en el segundo trimestre de 2019<\/p>\n<h2 class=\"ladillo\">BERL\u00cdN, 7 (EUROPA PRESS)<\/h2>\n<p itemprop=\"description\">El banco alem\u00e1n Deutsche Bank ha anunciado este domingo &#8220;una transformaci\u00f3n radical&#8221; de la entidad que supondr\u00e1 un recorte de 18.000 empleos para 2022 a trav\u00e9s de una significativa reducci\u00f3n de su banca de inversi\u00f3n.<\/p>\n<p>Para facilitar su eliminaci\u00f3n, el banco crear\u00e1 una nueva Unidad de Liberaci\u00f3n de Capital para gestionar la reducci\u00f3n eficiente de los activos relacionados con las mencionados actividades comerciales, que se est\u00e1n eliminando o reduciendo y que representan 74.000 millones de euros en activos ponderados por riesgo y 288.000 millones de euros a 31 de diciembre de 2018.<\/p>\n<p>En relaci\u00f3n con estas decisiones, el Consejo de Administraci\u00f3n tiene la intenci\u00f3n de recomendar que no se pague un dividendo de capital ordinario para los ejercicios 2019 y 2020.<\/p>\n<p>Como consecuencia, el banco anticipa unas p\u00e9rdidas netas de 2.800 millones de euros en sus cuentas del segundo trimestre como resultado de los cargos de reestructuraci\u00f3n.<\/p>\n<p>Estas acciones est\u00e1n dise\u00f1adas para permitir que Deutsche Bank se centre en sus negocios principales de Banca Corporativa, Financiaci\u00f3n, Cambio de Divisas, Banca Privada y Administraci\u00f3n de Activos, seg\u00fan un comunicado de la entidad alemana.<\/p>\n<p>&#8220;Hoy hemos anunciado la transformaci\u00f3n m\u00e1s fundamental de Deutsche Bank en d\u00e9cadas&#8221;, ha manifestado el consejero delegado de la entidad, Christian Sewing. &#8220;Estamos abordando lo que es necesario para liberar nuestro verdadero potencial: nuestro modelo de negocio, costos, capital y el equipo de administraci\u00f3n. Estamos construyendo sobre nuestras fortalezas&#8221;, ha a\u00f1adido.<\/p>\n<p>Sewing ha descrito la reestructuraci\u00f3n como &#8220;un reinicio para Deutsche Bank, para el beneficio a largo plazo de nuestros clientes, empleados, inversores y la sociedad&#8221;.<\/p>\n<p>El presidente del consejo de supervisi\u00f3n, Paul Achleitner, por su parte, ha manifestado que &#8220;Deutsche Bank ha atravesado un per\u00edodo dif\u00edcil durante la \u00faltima d\u00e9cada&#8221; pero &#8220;con esta nueva estrategia tenemos motivos para mirar hacia el futuro con confianza y optimismo&#8221;.<\/p>\n<p>El pasado 25 de abril, Deutsche Bank y Commerzbank dieron por terminadas las conversaciones entre ambas entidades con vistas a una eventual fusi\u00f3n de los dos mayores bancos comerciales de Alemania al considerar que la operaci\u00f3n no iba en inter\u00e9s de los accionistas ni de otras partes interesadas.<\/p>\n<p>Las acciones de Deutsche Bank cerraron este viernes a un precio de 7,18 euros, el m\u00e1s alto desde principios del pasado mes de mayo tras anotarse una subida del 2,47% ante la expectativa del inminente anuncio de un plan de reestructuraci\u00f3n del mayor banco de Alemania, superando los 14.000 millones de capitalizaci\u00f3n, casi cinco veces menos que el Santander. Los t\u00edtulos de la entidad germana cerraron hace un mes en un m\u00ednimo hist\u00f3rico de 5,96 euros, que implicaba una capitalizaci\u00f3n de apenas 12.000 millones.<\/p>\n<p>El viernes se hab\u00eda conocido la salida de Deutsche Bank del director de banca de inversi\u00f3n y corporativa de la entidad, Garth Ritchie, efectiva desde el pr\u00f3ximo 31 de julio, aunque seguir\u00e1 supervisando todos los asuntos de Deutsche Bank relacionados con el Brexit hasta finales de noviembre de 2019.<\/p>\n<\/div>\n<p>[ad_2]<br \/>\n<br \/><a href=\"https:\/\/www.europapress.es\/internacional\/noticia-deutsche-bank-anuncia-reestructuracion-radical-recorte-18000-empleos-tres-anos-20190707171639.html\">Source link <\/a><\/p>\n","protected":false},"excerpt":{"rendered":"<p>[ad_1] El banco anticipa un coste de 7.400 millones de euros y unas p\u00e9rdidas netas de 2.800 millones en el segundo trimestre de 2019 BERL\u00cdN, 7 (EUROPA PRESS) El banco alem\u00e1n Deutsche Bank ha anunciado este domingo &#8220;una transformaci\u00f3n radical&#8221; de la entidad que supondr\u00e1 un recorte de 18.000 empleos para 2022 a trav\u00e9s de [&hellip;]<\/p>\n","protected":false},"author":2,"featured_media":5767,"comment_status":"open","ping_status":"open","sticky":false,"template":"","format":"standard","meta":{"footnotes":""},"categories":[1],"tags":[],"class_list":["post-5766","post","type-post","status-publish","format-standard","has-post-thumbnail","hentry","category-noticias-financieras"],"yoast_head":"<!-- This site is optimized with the Yoast SEO plugin v27.4 - https:\/\/yoast.com\/product\/yoast-seo-wordpress\/ -->\n<title>Deutsche Bank anuncia una reestructuraci\u00f3n &quot;radical&quot; con un recorte de 18.000 empleos en tres a\u00f1os - Super News<\/title>\n<meta name=\"robots\" content=\"index, follow, max-snippet:-1, max-image-preview:large, max-video-preview:-1\" \/>\n<link rel=\"canonical\" href=\"https:\/\/super-news.info\/es\/deutsche-bank-anuncia-una-reestructuracion-radical-con-un-recorte-de-18-000-empleos-en-tres-anos\/\" \/>\n<meta property=\"og:locale\" content=\"en_US\" \/>\n<meta property=\"og:type\" content=\"article\" \/>\n<meta property=\"og:title\" content=\"Deutsche Bank anuncia una reestructuraci\u00f3n &quot;radical&quot; con un recorte de 18.000 empleos en tres a\u00f1os - Super News\" \/>\n<meta property=\"og:description\" content=\"[ad_1] El banco anticipa un coste de 7.400 millones de euros y unas p\u00e9rdidas netas de 2.800 millones en el segundo trimestre de 2019 BERL\u00cdN, 7 (EUROPA PRESS) El banco alem\u00e1n Deutsche Bank ha anunciado este domingo &#8220;una transformaci\u00f3n radical&#8221; de la entidad que supondr\u00e1 un recorte de 18.000 empleos para 2022 a trav\u00e9s de [&hellip;]\" \/>\n<meta property=\"og:url\" content=\"https:\/\/super-news.info\/es\/deutsche-bank-anuncia-una-reestructuracion-radical-con-un-recorte-de-18-000-empleos-en-tres-anos\/\" \/>\n<meta property=\"og:site_name\" content=\"Super News\" \/>\n<meta property=\"article:published_time\" content=\"2019-07-07T16:30:56+00:00\" \/>\n<meta property=\"article:modified_time\" content=\"2019-07-07T16:30:57+00:00\" \/>\n<meta property=\"og:image\" content=\"https:\/\/super-news.info\/es\/wp-content\/uploads\/sites\/4\/2019\/07\/Deutsche-Bank-anuncia-una-reestructuraci\u00f3n-radical-con-un-recorte-de.jpg\" \/>\n\t<meta property=\"og:image:width\" content=\"120\" \/>\n\t<meta property=\"og:image:height\" content=\"73\" \/>\n\t<meta property=\"og:image:type\" content=\"image\/jpeg\" \/>\n<meta name=\"author\" content=\"super-news\" \/>\n<meta name=\"twitter:card\" content=\"summary_large_image\" \/>\n<meta name=\"twitter:label1\" content=\"Written by\" \/>\n\t<meta name=\"twitter:data1\" content=\"super-news\" \/>\n\t<meta name=\"twitter:label2\" content=\"Est. reading time\" \/>\n\t<meta name=\"twitter:data2\" content=\"3 minutes\" \/>\n<script type=\"application\/ld+json\" class=\"yoast-schema-graph\">{\"@context\":\"https:\\\/\\\/schema.org\",\"@graph\":[{\"@type\":\"Article\",\"@id\":\"https:\\\/\\\/super-news.info\\\/es\\\/deutsche-bank-anuncia-una-reestructuracion-radical-con-un-recorte-de-18-000-empleos-en-tres-anos\\\/#article\",\"isPartOf\":{\"@id\":\"https:\\\/\\\/super-news.info\\\/es\\\/deutsche-bank-anuncia-una-reestructuracion-radical-con-un-recorte-de-18-000-empleos-en-tres-anos\\\/\"},\"author\":{\"name\":\"super-news\",\"@id\":\"https:\\\/\\\/super-news.info\\\/es\\\/#\\\/schema\\\/person\\\/2d4068cb2f39cd10008c2fce578a7356\"},\"headline\":\"Deutsche Bank anuncia una reestructuraci\u00f3n &#8220;radical&#8221; con un recorte de 18.000 empleos en tres a\u00f1os\",\"datePublished\":\"2019-07-07T16:30:56+00:00\",\"dateModified\":\"2019-07-07T16:30:57+00:00\",\"mainEntityOfPage\":{\"@id\":\"https:\\\/\\\/super-news.info\\\/es\\\/deutsche-bank-anuncia-una-reestructuracion-radical-con-un-recorte-de-18-000-empleos-en-tres-anos\\\/\"},\"wordCount\":550,\"commentCount\":0,\"image\":{\"@id\":\"https:\\\/\\\/super-news.info\\\/es\\\/deutsche-bank-anuncia-una-reestructuracion-radical-con-un-recorte-de-18-000-empleos-en-tres-anos\\\/#primaryimage\"},\"thumbnailUrl\":\"https:\\\/\\\/super-news.info\\\/es\\\/wp-content\\\/uploads\\\/sites\\\/4\\\/2019\\\/07\\\/Deutsche-Bank-anuncia-una-reestructuraci\u00f3n-radical-con-un-recorte-de.jpg\",\"articleSection\":[\"NOTICIAS FINANCIERAS\"],\"inLanguage\":\"en-US\",\"potentialAction\":[{\"@type\":\"CommentAction\",\"name\":\"Comment\",\"target\":[\"https:\\\/\\\/super-news.info\\\/es\\\/deutsche-bank-anuncia-una-reestructuracion-radical-con-un-recorte-de-18-000-empleos-en-tres-anos\\\/#respond\"]}]},{\"@type\":\"WebPage\",\"@id\":\"https:\\\/\\\/super-news.info\\\/es\\\/deutsche-bank-anuncia-una-reestructuracion-radical-con-un-recorte-de-18-000-empleos-en-tres-anos\\\/\",\"url\":\"https:\\\/\\\/super-news.info\\\/es\\\/deutsche-bank-anuncia-una-reestructuracion-radical-con-un-recorte-de-18-000-empleos-en-tres-anos\\\/\",\"name\":\"Deutsche Bank anuncia una reestructuraci\u00f3n \\\"radical\\\" con un recorte de 18.000 empleos en tres a\u00f1os - Super News\",\"isPartOf\":{\"@id\":\"https:\\\/\\\/super-news.info\\\/es\\\/#website\"},\"primaryImageOfPage\":{\"@id\":\"https:\\\/\\\/super-news.info\\\/es\\\/deutsche-bank-anuncia-una-reestructuracion-radical-con-un-recorte-de-18-000-empleos-en-tres-anos\\\/#primaryimage\"},\"image\":{\"@id\":\"https:\\\/\\\/super-news.info\\\/es\\\/deutsche-bank-anuncia-una-reestructuracion-radical-con-un-recorte-de-18-000-empleos-en-tres-anos\\\/#primaryimage\"},\"thumbnailUrl\":\"https:\\\/\\\/super-news.info\\\/es\\\/wp-content\\\/uploads\\\/sites\\\/4\\\/2019\\\/07\\\/Deutsche-Bank-anuncia-una-reestructuraci\u00f3n-radical-con-un-recorte-de.jpg\",\"datePublished\":\"2019-07-07T16:30:56+00:00\",\"dateModified\":\"2019-07-07T16:30:57+00:00\",\"author\":{\"@id\":\"https:\\\/\\\/super-news.info\\\/es\\\/#\\\/schema\\\/person\\\/2d4068cb2f39cd10008c2fce578a7356\"},\"breadcrumb\":{\"@id\":\"https:\\\/\\\/super-news.info\\\/es\\\/deutsche-bank-anuncia-una-reestructuracion-radical-con-un-recorte-de-18-000-empleos-en-tres-anos\\\/#breadcrumb\"},\"inLanguage\":\"en-US\",\"potentialAction\":[{\"@type\":\"ReadAction\",\"target\":[\"https:\\\/\\\/super-news.info\\\/es\\\/deutsche-bank-anuncia-una-reestructuracion-radical-con-un-recorte-de-18-000-empleos-en-tres-anos\\\/\"]}]},{\"@type\":\"ImageObject\",\"inLanguage\":\"en-US\",\"@id\":\"https:\\\/\\\/super-news.info\\\/es\\\/deutsche-bank-anuncia-una-reestructuracion-radical-con-un-recorte-de-18-000-empleos-en-tres-anos\\\/#primaryimage\",\"url\":\"https:\\\/\\\/super-news.info\\\/es\\\/wp-content\\\/uploads\\\/sites\\\/4\\\/2019\\\/07\\\/Deutsche-Bank-anuncia-una-reestructuraci\u00f3n-radical-con-un-recorte-de.jpg\",\"contentUrl\":\"https:\\\/\\\/super-news.info\\\/es\\\/wp-content\\\/uploads\\\/sites\\\/4\\\/2019\\\/07\\\/Deutsche-Bank-anuncia-una-reestructuraci\u00f3n-radical-con-un-recorte-de.jpg\",\"width\":120,\"height\":73,\"caption\":\"Deutsche Bank anuncia una reestructuraci\u00f3n \\\"radical\\\" con un recorte de 18.000 empleos en tres a\u00f1os\"},{\"@type\":\"BreadcrumbList\",\"@id\":\"https:\\\/\\\/super-news.info\\\/es\\\/deutsche-bank-anuncia-una-reestructuracion-radical-con-un-recorte-de-18-000-empleos-en-tres-anos\\\/#breadcrumb\",\"itemListElement\":[{\"@type\":\"ListItem\",\"position\":1,\"name\":\"\u0413\u043b\u0430\u0432\u043d\u0430\u044f \u0441\u0442\u0440\u0430\u043d\u0438\u0446\u0430\",\"item\":\"https:\\\/\\\/super-news.info\\\/es\\\/\"},{\"@type\":\"ListItem\",\"position\":2,\"name\":\"Deutsche Bank anuncia una reestructuraci\u00f3n &#8220;radical&#8221; con un recorte de 18.000 empleos en tres a\u00f1os\"}]},{\"@type\":\"WebSite\",\"@id\":\"https:\\\/\\\/super-news.info\\\/es\\\/#website\",\"url\":\"https:\\\/\\\/super-news.info\\\/es\\\/\",\"name\":\"Super News\",\"description\":\"Super News Espa\u00f1a\",\"potentialAction\":[{\"@type\":\"SearchAction\",\"target\":{\"@type\":\"EntryPoint\",\"urlTemplate\":\"https:\\\/\\\/super-news.info\\\/es\\\/?s={search_term_string}\"},\"query-input\":{\"@type\":\"PropertyValueSpecification\",\"valueRequired\":true,\"valueName\":\"search_term_string\"}}],\"inLanguage\":\"en-US\"},{\"@type\":\"Person\",\"@id\":\"https:\\\/\\\/super-news.info\\\/es\\\/#\\\/schema\\\/person\\\/2d4068cb2f39cd10008c2fce578a7356\",\"name\":\"super-news\",\"image\":{\"@type\":\"ImageObject\",\"inLanguage\":\"en-US\",\"@id\":\"https:\\\/\\\/secure.gravatar.com\\\/avatar\\\/64ebac40b93f26a154f8a9b5b6fdccfc46f442b26b3dd6756dbff3bf9dc76fd7?s=96&d=mm&r=g\",\"url\":\"https:\\\/\\\/secure.gravatar.com\\\/avatar\\\/64ebac40b93f26a154f8a9b5b6fdccfc46f442b26b3dd6756dbff3bf9dc76fd7?s=96&d=mm&r=g\",\"contentUrl\":\"https:\\\/\\\/secure.gravatar.com\\\/avatar\\\/64ebac40b93f26a154f8a9b5b6fdccfc46f442b26b3dd6756dbff3bf9dc76fd7?s=96&d=mm&r=g\",\"caption\":\"super-news\"},\"url\":\"https:\\\/\\\/super-news.info\\\/es\\\/author\\\/pt\\\/\"}]}<\/script>\n<!-- \/ Yoast SEO plugin. -->","yoast_head_json":{"title":"Deutsche Bank anuncia una reestructuraci\u00f3n \"radical\" con un recorte de 18.000 empleos en tres a\u00f1os - Super News","robots":{"index":"index","follow":"follow","max-snippet":"max-snippet:-1","max-image-preview":"max-image-preview:large","max-video-preview":"max-video-preview:-1"},"canonical":"https:\/\/super-news.info\/es\/deutsche-bank-anuncia-una-reestructuracion-radical-con-un-recorte-de-18-000-empleos-en-tres-anos\/","og_locale":"en_US","og_type":"article","og_title":"Deutsche Bank anuncia una reestructuraci\u00f3n \"radical\" con un recorte de 18.000 empleos en tres a\u00f1os - Super News","og_description":"[ad_1] El banco anticipa un coste de 7.400 millones de euros y unas p\u00e9rdidas netas de 2.800 millones en el segundo trimestre de 2019 BERL\u00cdN, 7 (EUROPA PRESS) El banco alem\u00e1n Deutsche Bank ha anunciado este domingo &#8220;una transformaci\u00f3n radical&#8221; de la entidad que supondr\u00e1 un recorte de 18.000 empleos para 2022 a trav\u00e9s de [&hellip;]","og_url":"https:\/\/super-news.info\/es\/deutsche-bank-anuncia-una-reestructuracion-radical-con-un-recorte-de-18-000-empleos-en-tres-anos\/","og_site_name":"Super News","article_published_time":"2019-07-07T16:30:56+00:00","article_modified_time":"2019-07-07T16:30:57+00:00","og_image":[{"width":120,"height":73,"url":"https:\/\/super-news.info\/es\/wp-content\/uploads\/sites\/4\/2019\/07\/Deutsche-Bank-anuncia-una-reestructuraci\u00f3n-radical-con-un-recorte-de.jpg","type":"image\/jpeg"}],"author":"super-news","twitter_card":"summary_large_image","twitter_misc":{"Written by":"super-news","Est. reading time":"3 minutes"},"schema":{"@context":"https:\/\/schema.org","@graph":[{"@type":"Article","@id":"https:\/\/super-news.info\/es\/deutsche-bank-anuncia-una-reestructuracion-radical-con-un-recorte-de-18-000-empleos-en-tres-anos\/#article","isPartOf":{"@id":"https:\/\/super-news.info\/es\/deutsche-bank-anuncia-una-reestructuracion-radical-con-un-recorte-de-18-000-empleos-en-tres-anos\/"},"author":{"name":"super-news","@id":"https:\/\/super-news.info\/es\/#\/schema\/person\/2d4068cb2f39cd10008c2fce578a7356"},"headline":"Deutsche Bank anuncia una reestructuraci\u00f3n &#8220;radical&#8221; con un recorte de 18.000 empleos en tres a\u00f1os","datePublished":"2019-07-07T16:30:56+00:00","dateModified":"2019-07-07T16:30:57+00:00","mainEntityOfPage":{"@id":"https:\/\/super-news.info\/es\/deutsche-bank-anuncia-una-reestructuracion-radical-con-un-recorte-de-18-000-empleos-en-tres-anos\/"},"wordCount":550,"commentCount":0,"image":{"@id":"https:\/\/super-news.info\/es\/deutsche-bank-anuncia-una-reestructuracion-radical-con-un-recorte-de-18-000-empleos-en-tres-anos\/#primaryimage"},"thumbnailUrl":"https:\/\/super-news.info\/es\/wp-content\/uploads\/sites\/4\/2019\/07\/Deutsche-Bank-anuncia-una-reestructuraci\u00f3n-radical-con-un-recorte-de.jpg","articleSection":["NOTICIAS FINANCIERAS"],"inLanguage":"en-US","potentialAction":[{"@type":"CommentAction","name":"Comment","target":["https:\/\/super-news.info\/es\/deutsche-bank-anuncia-una-reestructuracion-radical-con-un-recorte-de-18-000-empleos-en-tres-anos\/#respond"]}]},{"@type":"WebPage","@id":"https:\/\/super-news.info\/es\/deutsche-bank-anuncia-una-reestructuracion-radical-con-un-recorte-de-18-000-empleos-en-tres-anos\/","url":"https:\/\/super-news.info\/es\/deutsche-bank-anuncia-una-reestructuracion-radical-con-un-recorte-de-18-000-empleos-en-tres-anos\/","name":"Deutsche Bank anuncia una reestructuraci\u00f3n \"radical\" con un recorte de 18.000 empleos en tres a\u00f1os - Super News","isPartOf":{"@id":"https:\/\/super-news.info\/es\/#website"},"primaryImageOfPage":{"@id":"https:\/\/super-news.info\/es\/deutsche-bank-anuncia-una-reestructuracion-radical-con-un-recorte-de-18-000-empleos-en-tres-anos\/#primaryimage"},"image":{"@id":"https:\/\/super-news.info\/es\/deutsche-bank-anuncia-una-reestructuracion-radical-con-un-recorte-de-18-000-empleos-en-tres-anos\/#primaryimage"},"thumbnailUrl":"https:\/\/super-news.info\/es\/wp-content\/uploads\/sites\/4\/2019\/07\/Deutsche-Bank-anuncia-una-reestructuraci\u00f3n-radical-con-un-recorte-de.jpg","datePublished":"2019-07-07T16:30:56+00:00","dateModified":"2019-07-07T16:30:57+00:00","author":{"@id":"https:\/\/super-news.info\/es\/#\/schema\/person\/2d4068cb2f39cd10008c2fce578a7356"},"breadcrumb":{"@id":"https:\/\/super-news.info\/es\/deutsche-bank-anuncia-una-reestructuracion-radical-con-un-recorte-de-18-000-empleos-en-tres-anos\/#breadcrumb"},"inLanguage":"en-US","potentialAction":[{"@type":"ReadAction","target":["https:\/\/super-news.info\/es\/deutsche-bank-anuncia-una-reestructuracion-radical-con-un-recorte-de-18-000-empleos-en-tres-anos\/"]}]},{"@type":"ImageObject","inLanguage":"en-US","@id":"https:\/\/super-news.info\/es\/deutsche-bank-anuncia-una-reestructuracion-radical-con-un-recorte-de-18-000-empleos-en-tres-anos\/#primaryimage","url":"https:\/\/super-news.info\/es\/wp-content\/uploads\/sites\/4\/2019\/07\/Deutsche-Bank-anuncia-una-reestructuraci\u00f3n-radical-con-un-recorte-de.jpg","contentUrl":"https:\/\/super-news.info\/es\/wp-content\/uploads\/sites\/4\/2019\/07\/Deutsche-Bank-anuncia-una-reestructuraci\u00f3n-radical-con-un-recorte-de.jpg","width":120,"height":73,"caption":"Deutsche Bank anuncia una reestructuraci\u00f3n \"radical\" con un recorte de 18.000 empleos en tres a\u00f1os"},{"@type":"BreadcrumbList","@id":"https:\/\/super-news.info\/es\/deutsche-bank-anuncia-una-reestructuracion-radical-con-un-recorte-de-18-000-empleos-en-tres-anos\/#breadcrumb","itemListElement":[{"@type":"ListItem","position":1,"name":"\u0413\u043b\u0430\u0432\u043d\u0430\u044f \u0441\u0442\u0440\u0430\u043d\u0438\u0446\u0430","item":"https:\/\/super-news.info\/es\/"},{"@type":"ListItem","position":2,"name":"Deutsche Bank anuncia una reestructuraci\u00f3n &#8220;radical&#8221; con un recorte de 18.000 empleos en tres a\u00f1os"}]},{"@type":"WebSite","@id":"https:\/\/super-news.info\/es\/#website","url":"https:\/\/super-news.info\/es\/","name":"Super News","description":"Super News Espa\u00f1a","potentialAction":[{"@type":"SearchAction","target":{"@type":"EntryPoint","urlTemplate":"https:\/\/super-news.info\/es\/?s={search_term_string}"},"query-input":{"@type":"PropertyValueSpecification","valueRequired":true,"valueName":"search_term_string"}}],"inLanguage":"en-US"},{"@type":"Person","@id":"https:\/\/super-news.info\/es\/#\/schema\/person\/2d4068cb2f39cd10008c2fce578a7356","name":"super-news","image":{"@type":"ImageObject","inLanguage":"en-US","@id":"https:\/\/secure.gravatar.com\/avatar\/64ebac40b93f26a154f8a9b5b6fdccfc46f442b26b3dd6756dbff3bf9dc76fd7?s=96&d=mm&r=g","url":"https:\/\/secure.gravatar.com\/avatar\/64ebac40b93f26a154f8a9b5b6fdccfc46f442b26b3dd6756dbff3bf9dc76fd7?s=96&d=mm&r=g","contentUrl":"https:\/\/secure.gravatar.com\/avatar\/64ebac40b93f26a154f8a9b5b6fdccfc46f442b26b3dd6756dbff3bf9dc76fd7?s=96&d=mm&r=g","caption":"super-news"},"url":"https:\/\/super-news.info\/es\/author\/pt\/"}]}},"_links":{"self":[{"href":"https:\/\/super-news.info\/es\/wp-json\/wp\/v2\/posts\/5766","targetHints":{"allow":["GET"]}}],"collection":[{"href":"https:\/\/super-news.info\/es\/wp-json\/wp\/v2\/posts"}],"about":[{"href":"https:\/\/super-news.info\/es\/wp-json\/wp\/v2\/types\/post"}],"author":[{"embeddable":true,"href":"https:\/\/super-news.info\/es\/wp-json\/wp\/v2\/users\/2"}],"replies":[{"embeddable":true,"href":"https:\/\/super-news.info\/es\/wp-json\/wp\/v2\/comments?post=5766"}],"version-history":[{"count":1,"href":"https:\/\/super-news.info\/es\/wp-json\/wp\/v2\/posts\/5766\/revisions"}],"predecessor-version":[{"id":5768,"href":"https:\/\/super-news.info\/es\/wp-json\/wp\/v2\/posts\/5766\/revisions\/5768"}],"wp:featuredmedia":[{"embeddable":true,"href":"https:\/\/super-news.info\/es\/wp-json\/wp\/v2\/media\/5767"}],"wp:attachment":[{"href":"https:\/\/super-news.info\/es\/wp-json\/wp\/v2\/media?parent=5766"}],"wp:term":[{"taxonomy":"category","embeddable":true,"href":"https:\/\/super-news.info\/es\/wp-json\/wp\/v2\/categories?post=5766"},{"taxonomy":"post_tag","embeddable":true,"href":"https:\/\/super-news.info\/es\/wp-json\/wp\/v2\/tags?post=5766"}],"curies":[{"name":"wp","href":"https:\/\/api.w.org\/{rel}","templated":true}]}}