{"id":5757,"date":"2019-07-07T16:11:08","date_gmt":"2019-07-07T13:11:08","guid":{"rendered":"https:\/\/super-news.info\/es\/inbest-socimi-de-locales-de-el-corte-ingles-y-de-la-galeria-del-edificio-espana-sale-al-mab\/"},"modified":"2019-07-07T16:11:09","modified_gmt":"2019-07-07T13:11:09","slug":"inbest-socimi-de-locales-de-el-corte-ingles-y-de-la-galeria-del-edificio-espana-sale-al-mab","status":"publish","type":"post","link":"https:\/\/super-news.info\/es\/inbest-socimi-de-locales-de-el-corte-ingles-y-de-la-galeria-del-edificio-espana-sale-al-mab\/","title":{"rendered":"Inbest, socimi de locales de El Corte Ingl\u00e9s y de la galer\u00eda del Edificio Espa\u00f1a, sale al MAB"},"content":{"rendered":"<p> [ad_1]<\/p>\n<div id=\"CuerpoNoticiav2\" itemprop=\"articleBody\">\n<p>MADRID, 7 Jul. (EUROPA PRESS) &#8211; <\/p>\n<p itemprop=\"description\">   Inbest Prime Inmuebles, socimi propietaria de locales comerciales alquilados por El Corte Ingl\u00e9s y de la galer\u00eda comercial del Edificio Espa\u00f1a de Madrid, saldr\u00e1 este martes, 9 de julio, a cotizar en el Mercado Alternativo Burs\u00e1til (MAB) valorada en 83 millones de euros.<\/p>\n<p>   La firma promovida por Corpfin Capital y que preside Javier Basagoiti se estructura en cuatro socimis que, a su vez, gestionan los inmuebles titularidad de las firmas Assets I y Assets II.<\/p>\n<p>   La primera de estas sociedades cuenta con una cartera de cuatro locales comerciales, todos ellos arrendados a El Corte Ingl\u00e9s, y un edificio de oficinas. Est\u00e1n repartidos por Madrid, Bilbao, Valencia y Las Palmas y valorados en unos 189,6 millones de euros.<\/p>\n<p>   En esta cartera figuran un local en la calle Princesa de Madrid y otro en la gran v\u00eda de Bilbao, ambos ocupados en r\u00e9gimen de alquiler por el gigante de la distribuci\u00f3n.<\/p>\n<p>   La segunda de estas sociedades tenedoras de activos, Assets II, es la de m\u00e1s reciente creaci\u00f3n y &#8220;se encuentra analizando diversas oportunidades de inversi\u00f3n inmobiliaria&#8221;, seg\u00fan indica Inbest en el folleto explicativo publicado ante su salida a cotizaci\u00f3n.<\/p>\n<p>   No obstante, cuenta ya con un activo, la galer\u00eda comercial que tendr\u00e1 el emblem\u00e1tico Edificio Espa\u00f1a de Madrid una vez se rehabilite. Se trata de un espacio de 15.000 metros cuadrados, que supondr\u00e1 un importe de 160 millones de euros, de los que 16 millones se han abonado como se\u00f1al.<\/p>\n<p>   La socimi acord\u00f3 la compra de esta galer\u00eda el pasado mes de enero, si bien indica que el cierre de la transacci\u00f3n est\u00e1 &#8220;ligado al cumplimiento de ciertas cl\u00e1usulas suspensivas&#8221;.<\/p>\n<p>   En este sentido, en el cap\u00edtulo de potenciales riesgos del folleto de Inbest, la socimi asegura que est\u00e1 blindada ante cualquier eventual impacto que derive de los contenciosos judiciales que Baraka, grupo del empresario Trinitario Casanova actual propietario del Edificio Espa\u00f1a, tiene abiertos con el anterior propietario, el grupo Riu.<\/p>\n<h2 class=\"ladillo\">&#8220;REFERENCIA&#8221; DEL &#8216;HIGH STREET&#8217;.<\/h2>\n<p>   La estrategia de negocio de Inbest pasa por convertirse en una firma de &#8220;referencia&#8221; del &#8216;high street&#8217;, esto es, de la gesti\u00f3n de locales en las principales calles comerciales, con un doble objetivo.<\/p>\n<p>   Por un lado pretende habilitar &#8216;flagships&#8217; para los &#8220;principales operadores comerciales nacionales e internacionales&#8221; y, por otro, articular &#8216;urban hubs&#8217; para dar respuesta a las necesidades log\u00edsticas de \u00faltima milla de estos operadores en sus ventas &#8216;online&#8217;.<\/p>\n<p>   Para ello, pretende formar una cartera de edificios y locales comerciales en los &#8220;principales tramos comerciales de ciudades como Madrid, Bilbao y Valencia.<\/p>\n<\/div>\n<p>[ad_2]<br \/>\n<br \/><a href=\"https:\/\/www.europapress.es\/economia\/noticia-inbest-socimi-locales-corte-ingles-galeria-edificio-espana-sale-mab-20190707104340.html\">Source link <\/a><\/p>\n","protected":false},"excerpt":{"rendered":"<p>[ad_1] MADRID, 7 Jul. (EUROPA PRESS) &#8211; Inbest Prime Inmuebles, socimi propietaria de locales comerciales alquilados por El Corte Ingl\u00e9s y de la galer\u00eda comercial del Edificio Espa\u00f1a de Madrid, saldr\u00e1 este martes, 9 de julio, a cotizar en el Mercado Alternativo Burs\u00e1til (MAB) valorada en 83 millones de euros. La firma promovida por Corpfin [&hellip;]<\/p>\n","protected":false},"author":2,"featured_media":5758,"comment_status":"open","ping_status":"open","sticky":false,"template":"","format":"standard","meta":{"footnotes":""},"categories":[1],"tags":[],"class_list":["post-5757","post","type-post","status-publish","format-standard","has-post-thumbnail","hentry","category-noticias-financieras"],"yoast_head":"<!-- This site is optimized with the Yoast SEO plugin v27.4 - https:\/\/yoast.com\/product\/yoast-seo-wordpress\/ -->\n<title>Inbest, socimi de locales de El Corte Ingl\u00e9s y de la galer\u00eda del Edificio Espa\u00f1a, sale al MAB - Super News<\/title>\n<meta name=\"robots\" content=\"index, follow, max-snippet:-1, max-image-preview:large, max-video-preview:-1\" \/>\n<link rel=\"canonical\" href=\"https:\/\/super-news.info\/es\/inbest-socimi-de-locales-de-el-corte-ingles-y-de-la-galeria-del-edificio-espana-sale-al-mab\/\" \/>\n<meta property=\"og:locale\" content=\"en_US\" \/>\n<meta property=\"og:type\" content=\"article\" \/>\n<meta property=\"og:title\" content=\"Inbest, socimi de locales de El Corte Ingl\u00e9s y de la galer\u00eda del Edificio Espa\u00f1a, sale al MAB - Super News\" \/>\n<meta property=\"og:description\" content=\"[ad_1] MADRID, 7 Jul. (EUROPA PRESS) &#8211; Inbest Prime Inmuebles, socimi propietaria de locales comerciales alquilados por El Corte Ingl\u00e9s y de la galer\u00eda comercial del Edificio Espa\u00f1a de Madrid, saldr\u00e1 este martes, 9 de julio, a cotizar en el Mercado Alternativo Burs\u00e1til (MAB) valorada en 83 millones de euros. La firma promovida por Corpfin [&hellip;]\" \/>\n<meta property=\"og:url\" content=\"https:\/\/super-news.info\/es\/inbest-socimi-de-locales-de-el-corte-ingles-y-de-la-galeria-del-edificio-espana-sale-al-mab\/\" \/>\n<meta property=\"og:site_name\" content=\"Super News\" \/>\n<meta property=\"article:published_time\" content=\"2019-07-07T13:11:08+00:00\" \/>\n<meta property=\"article:modified_time\" content=\"2019-07-07T13:11:09+00:00\" \/>\n<meta property=\"og:image\" content=\"https:\/\/super-news.info\/es\/wp-content\/uploads\/sites\/4\/2019\/07\/Inbest-socimi-de-locales-de-El-Corte-Ingl\u00e9s-y-de.jpg\" \/>\n\t<meta property=\"og:image:width\" content=\"120\" \/>\n\t<meta property=\"og:image:height\" content=\"80\" \/>\n\t<meta property=\"og:image:type\" content=\"image\/jpeg\" \/>\n<meta name=\"author\" content=\"super-news\" \/>\n<meta name=\"twitter:card\" content=\"summary_large_image\" \/>\n<meta name=\"twitter:label1\" content=\"Written by\" \/>\n\t<meta name=\"twitter:data1\" content=\"super-news\" \/>\n\t<meta name=\"twitter:label2\" content=\"Est. reading time\" \/>\n\t<meta name=\"twitter:data2\" content=\"2 minutes\" \/>\n<script type=\"application\/ld+json\" class=\"yoast-schema-graph\">{\"@context\":\"https:\\\/\\\/schema.org\",\"@graph\":[{\"@type\":\"Article\",\"@id\":\"https:\\\/\\\/super-news.info\\\/es\\\/inbest-socimi-de-locales-de-el-corte-ingles-y-de-la-galeria-del-edificio-espana-sale-al-mab\\\/#article\",\"isPartOf\":{\"@id\":\"https:\\\/\\\/super-news.info\\\/es\\\/inbest-socimi-de-locales-de-el-corte-ingles-y-de-la-galeria-del-edificio-espana-sale-al-mab\\\/\"},\"author\":{\"name\":\"super-news\",\"@id\":\"https:\\\/\\\/super-news.info\\\/es\\\/#\\\/schema\\\/person\\\/2d4068cb2f39cd10008c2fce578a7356\"},\"headline\":\"Inbest, socimi de locales de El Corte Ingl\u00e9s y de la galer\u00eda del Edificio Espa\u00f1a, sale al MAB\",\"datePublished\":\"2019-07-07T13:11:08+00:00\",\"dateModified\":\"2019-07-07T13:11:09+00:00\",\"mainEntityOfPage\":{\"@id\":\"https:\\\/\\\/super-news.info\\\/es\\\/inbest-socimi-de-locales-de-el-corte-ingles-y-de-la-galeria-del-edificio-espana-sale-al-mab\\\/\"},\"wordCount\":463,\"commentCount\":0,\"image\":{\"@id\":\"https:\\\/\\\/super-news.info\\\/es\\\/inbest-socimi-de-locales-de-el-corte-ingles-y-de-la-galeria-del-edificio-espana-sale-al-mab\\\/#primaryimage\"},\"thumbnailUrl\":\"https:\\\/\\\/super-news.info\\\/es\\\/wp-content\\\/uploads\\\/sites\\\/4\\\/2019\\\/07\\\/Inbest-socimi-de-locales-de-El-Corte-Ingl\u00e9s-y-de.jpg\",\"articleSection\":[\"NOTICIAS FINANCIERAS\"],\"inLanguage\":\"en-US\",\"potentialAction\":[{\"@type\":\"CommentAction\",\"name\":\"Comment\",\"target\":[\"https:\\\/\\\/super-news.info\\\/es\\\/inbest-socimi-de-locales-de-el-corte-ingles-y-de-la-galeria-del-edificio-espana-sale-al-mab\\\/#respond\"]}]},{\"@type\":\"WebPage\",\"@id\":\"https:\\\/\\\/super-news.info\\\/es\\\/inbest-socimi-de-locales-de-el-corte-ingles-y-de-la-galeria-del-edificio-espana-sale-al-mab\\\/\",\"url\":\"https:\\\/\\\/super-news.info\\\/es\\\/inbest-socimi-de-locales-de-el-corte-ingles-y-de-la-galeria-del-edificio-espana-sale-al-mab\\\/\",\"name\":\"Inbest, socimi de locales de El Corte Ingl\u00e9s y de la galer\u00eda del Edificio Espa\u00f1a, sale al MAB - Super News\",\"isPartOf\":{\"@id\":\"https:\\\/\\\/super-news.info\\\/es\\\/#website\"},\"primaryImageOfPage\":{\"@id\":\"https:\\\/\\\/super-news.info\\\/es\\\/inbest-socimi-de-locales-de-el-corte-ingles-y-de-la-galeria-del-edificio-espana-sale-al-mab\\\/#primaryimage\"},\"image\":{\"@id\":\"https:\\\/\\\/super-news.info\\\/es\\\/inbest-socimi-de-locales-de-el-corte-ingles-y-de-la-galeria-del-edificio-espana-sale-al-mab\\\/#primaryimage\"},\"thumbnailUrl\":\"https:\\\/\\\/super-news.info\\\/es\\\/wp-content\\\/uploads\\\/sites\\\/4\\\/2019\\\/07\\\/Inbest-socimi-de-locales-de-El-Corte-Ingl\u00e9s-y-de.jpg\",\"datePublished\":\"2019-07-07T13:11:08+00:00\",\"dateModified\":\"2019-07-07T13:11:09+00:00\",\"author\":{\"@id\":\"https:\\\/\\\/super-news.info\\\/es\\\/#\\\/schema\\\/person\\\/2d4068cb2f39cd10008c2fce578a7356\"},\"breadcrumb\":{\"@id\":\"https:\\\/\\\/super-news.info\\\/es\\\/inbest-socimi-de-locales-de-el-corte-ingles-y-de-la-galeria-del-edificio-espana-sale-al-mab\\\/#breadcrumb\"},\"inLanguage\":\"en-US\",\"potentialAction\":[{\"@type\":\"ReadAction\",\"target\":[\"https:\\\/\\\/super-news.info\\\/es\\\/inbest-socimi-de-locales-de-el-corte-ingles-y-de-la-galeria-del-edificio-espana-sale-al-mab\\\/\"]}]},{\"@type\":\"ImageObject\",\"inLanguage\":\"en-US\",\"@id\":\"https:\\\/\\\/super-news.info\\\/es\\\/inbest-socimi-de-locales-de-el-corte-ingles-y-de-la-galeria-del-edificio-espana-sale-al-mab\\\/#primaryimage\",\"url\":\"https:\\\/\\\/super-news.info\\\/es\\\/wp-content\\\/uploads\\\/sites\\\/4\\\/2019\\\/07\\\/Inbest-socimi-de-locales-de-El-Corte-Ingl\u00e9s-y-de.jpg\",\"contentUrl\":\"https:\\\/\\\/super-news.info\\\/es\\\/wp-content\\\/uploads\\\/sites\\\/4\\\/2019\\\/07\\\/Inbest-socimi-de-locales-de-El-Corte-Ingl\u00e9s-y-de.jpg\",\"width\":120,\"height\":80,\"caption\":\"Inbest, socimi de locales de El Corte Ingl\u00e9s y de la galer\u00eda del Edificio Espa\u00f1a, sale al MAB\"},{\"@type\":\"BreadcrumbList\",\"@id\":\"https:\\\/\\\/super-news.info\\\/es\\\/inbest-socimi-de-locales-de-el-corte-ingles-y-de-la-galeria-del-edificio-espana-sale-al-mab\\\/#breadcrumb\",\"itemListElement\":[{\"@type\":\"ListItem\",\"position\":1,\"name\":\"\u0413\u043b\u0430\u0432\u043d\u0430\u044f \u0441\u0442\u0440\u0430\u043d\u0438\u0446\u0430\",\"item\":\"https:\\\/\\\/super-news.info\\\/es\\\/\"},{\"@type\":\"ListItem\",\"position\":2,\"name\":\"Inbest, socimi de locales de El Corte Ingl\u00e9s y de la galer\u00eda del Edificio Espa\u00f1a, sale al MAB\"}]},{\"@type\":\"WebSite\",\"@id\":\"https:\\\/\\\/super-news.info\\\/es\\\/#website\",\"url\":\"https:\\\/\\\/super-news.info\\\/es\\\/\",\"name\":\"Super News\",\"description\":\"Super News Espa\u00f1a\",\"potentialAction\":[{\"@type\":\"SearchAction\",\"target\":{\"@type\":\"EntryPoint\",\"urlTemplate\":\"https:\\\/\\\/super-news.info\\\/es\\\/?s={search_term_string}\"},\"query-input\":{\"@type\":\"PropertyValueSpecification\",\"valueRequired\":true,\"valueName\":\"search_term_string\"}}],\"inLanguage\":\"en-US\"},{\"@type\":\"Person\",\"@id\":\"https:\\\/\\\/super-news.info\\\/es\\\/#\\\/schema\\\/person\\\/2d4068cb2f39cd10008c2fce578a7356\",\"name\":\"super-news\",\"image\":{\"@type\":\"ImageObject\",\"inLanguage\":\"en-US\",\"@id\":\"https:\\\/\\\/secure.gravatar.com\\\/avatar\\\/64ebac40b93f26a154f8a9b5b6fdccfc46f442b26b3dd6756dbff3bf9dc76fd7?s=96&d=mm&r=g\",\"url\":\"https:\\\/\\\/secure.gravatar.com\\\/avatar\\\/64ebac40b93f26a154f8a9b5b6fdccfc46f442b26b3dd6756dbff3bf9dc76fd7?s=96&d=mm&r=g\",\"contentUrl\":\"https:\\\/\\\/secure.gravatar.com\\\/avatar\\\/64ebac40b93f26a154f8a9b5b6fdccfc46f442b26b3dd6756dbff3bf9dc76fd7?s=96&d=mm&r=g\",\"caption\":\"super-news\"},\"url\":\"https:\\\/\\\/super-news.info\\\/es\\\/author\\\/pt\\\/\"}]}<\/script>\n<!-- \/ Yoast SEO plugin. -->","yoast_head_json":{"title":"Inbest, socimi de locales de El Corte Ingl\u00e9s y de la galer\u00eda del Edificio Espa\u00f1a, sale al MAB - Super News","robots":{"index":"index","follow":"follow","max-snippet":"max-snippet:-1","max-image-preview":"max-image-preview:large","max-video-preview":"max-video-preview:-1"},"canonical":"https:\/\/super-news.info\/es\/inbest-socimi-de-locales-de-el-corte-ingles-y-de-la-galeria-del-edificio-espana-sale-al-mab\/","og_locale":"en_US","og_type":"article","og_title":"Inbest, socimi de locales de El Corte Ingl\u00e9s y de la galer\u00eda del Edificio Espa\u00f1a, sale al MAB - Super News","og_description":"[ad_1] MADRID, 7 Jul. (EUROPA PRESS) &#8211; Inbest Prime Inmuebles, socimi propietaria de locales comerciales alquilados por El Corte Ingl\u00e9s y de la galer\u00eda comercial del Edificio Espa\u00f1a de Madrid, saldr\u00e1 este martes, 9 de julio, a cotizar en el Mercado Alternativo Burs\u00e1til (MAB) valorada en 83 millones de euros. La firma promovida por Corpfin [&hellip;]","og_url":"https:\/\/super-news.info\/es\/inbest-socimi-de-locales-de-el-corte-ingles-y-de-la-galeria-del-edificio-espana-sale-al-mab\/","og_site_name":"Super News","article_published_time":"2019-07-07T13:11:08+00:00","article_modified_time":"2019-07-07T13:11:09+00:00","og_image":[{"width":120,"height":80,"url":"https:\/\/super-news.info\/es\/wp-content\/uploads\/sites\/4\/2019\/07\/Inbest-socimi-de-locales-de-El-Corte-Ingl\u00e9s-y-de.jpg","type":"image\/jpeg"}],"author":"super-news","twitter_card":"summary_large_image","twitter_misc":{"Written by":"super-news","Est. reading time":"2 minutes"},"schema":{"@context":"https:\/\/schema.org","@graph":[{"@type":"Article","@id":"https:\/\/super-news.info\/es\/inbest-socimi-de-locales-de-el-corte-ingles-y-de-la-galeria-del-edificio-espana-sale-al-mab\/#article","isPartOf":{"@id":"https:\/\/super-news.info\/es\/inbest-socimi-de-locales-de-el-corte-ingles-y-de-la-galeria-del-edificio-espana-sale-al-mab\/"},"author":{"name":"super-news","@id":"https:\/\/super-news.info\/es\/#\/schema\/person\/2d4068cb2f39cd10008c2fce578a7356"},"headline":"Inbest, socimi de locales de El Corte Ingl\u00e9s y de la galer\u00eda del Edificio Espa\u00f1a, sale al MAB","datePublished":"2019-07-07T13:11:08+00:00","dateModified":"2019-07-07T13:11:09+00:00","mainEntityOfPage":{"@id":"https:\/\/super-news.info\/es\/inbest-socimi-de-locales-de-el-corte-ingles-y-de-la-galeria-del-edificio-espana-sale-al-mab\/"},"wordCount":463,"commentCount":0,"image":{"@id":"https:\/\/super-news.info\/es\/inbest-socimi-de-locales-de-el-corte-ingles-y-de-la-galeria-del-edificio-espana-sale-al-mab\/#primaryimage"},"thumbnailUrl":"https:\/\/super-news.info\/es\/wp-content\/uploads\/sites\/4\/2019\/07\/Inbest-socimi-de-locales-de-El-Corte-Ingl\u00e9s-y-de.jpg","articleSection":["NOTICIAS FINANCIERAS"],"inLanguage":"en-US","potentialAction":[{"@type":"CommentAction","name":"Comment","target":["https:\/\/super-news.info\/es\/inbest-socimi-de-locales-de-el-corte-ingles-y-de-la-galeria-del-edificio-espana-sale-al-mab\/#respond"]}]},{"@type":"WebPage","@id":"https:\/\/super-news.info\/es\/inbest-socimi-de-locales-de-el-corte-ingles-y-de-la-galeria-del-edificio-espana-sale-al-mab\/","url":"https:\/\/super-news.info\/es\/inbest-socimi-de-locales-de-el-corte-ingles-y-de-la-galeria-del-edificio-espana-sale-al-mab\/","name":"Inbest, socimi de locales de El Corte Ingl\u00e9s y de la galer\u00eda del Edificio Espa\u00f1a, sale al MAB - Super News","isPartOf":{"@id":"https:\/\/super-news.info\/es\/#website"},"primaryImageOfPage":{"@id":"https:\/\/super-news.info\/es\/inbest-socimi-de-locales-de-el-corte-ingles-y-de-la-galeria-del-edificio-espana-sale-al-mab\/#primaryimage"},"image":{"@id":"https:\/\/super-news.info\/es\/inbest-socimi-de-locales-de-el-corte-ingles-y-de-la-galeria-del-edificio-espana-sale-al-mab\/#primaryimage"},"thumbnailUrl":"https:\/\/super-news.info\/es\/wp-content\/uploads\/sites\/4\/2019\/07\/Inbest-socimi-de-locales-de-El-Corte-Ingl\u00e9s-y-de.jpg","datePublished":"2019-07-07T13:11:08+00:00","dateModified":"2019-07-07T13:11:09+00:00","author":{"@id":"https:\/\/super-news.info\/es\/#\/schema\/person\/2d4068cb2f39cd10008c2fce578a7356"},"breadcrumb":{"@id":"https:\/\/super-news.info\/es\/inbest-socimi-de-locales-de-el-corte-ingles-y-de-la-galeria-del-edificio-espana-sale-al-mab\/#breadcrumb"},"inLanguage":"en-US","potentialAction":[{"@type":"ReadAction","target":["https:\/\/super-news.info\/es\/inbest-socimi-de-locales-de-el-corte-ingles-y-de-la-galeria-del-edificio-espana-sale-al-mab\/"]}]},{"@type":"ImageObject","inLanguage":"en-US","@id":"https:\/\/super-news.info\/es\/inbest-socimi-de-locales-de-el-corte-ingles-y-de-la-galeria-del-edificio-espana-sale-al-mab\/#primaryimage","url":"https:\/\/super-news.info\/es\/wp-content\/uploads\/sites\/4\/2019\/07\/Inbest-socimi-de-locales-de-El-Corte-Ingl\u00e9s-y-de.jpg","contentUrl":"https:\/\/super-news.info\/es\/wp-content\/uploads\/sites\/4\/2019\/07\/Inbest-socimi-de-locales-de-El-Corte-Ingl\u00e9s-y-de.jpg","width":120,"height":80,"caption":"Inbest, socimi de locales de El Corte Ingl\u00e9s y de la galer\u00eda del Edificio Espa\u00f1a, sale al MAB"},{"@type":"BreadcrumbList","@id":"https:\/\/super-news.info\/es\/inbest-socimi-de-locales-de-el-corte-ingles-y-de-la-galeria-del-edificio-espana-sale-al-mab\/#breadcrumb","itemListElement":[{"@type":"ListItem","position":1,"name":"\u0413\u043b\u0430\u0432\u043d\u0430\u044f \u0441\u0442\u0440\u0430\u043d\u0438\u0446\u0430","item":"https:\/\/super-news.info\/es\/"},{"@type":"ListItem","position":2,"name":"Inbest, socimi de locales de El Corte Ingl\u00e9s y de la galer\u00eda del Edificio Espa\u00f1a, sale al MAB"}]},{"@type":"WebSite","@id":"https:\/\/super-news.info\/es\/#website","url":"https:\/\/super-news.info\/es\/","name":"Super News","description":"Super News Espa\u00f1a","potentialAction":[{"@type":"SearchAction","target":{"@type":"EntryPoint","urlTemplate":"https:\/\/super-news.info\/es\/?s={search_term_string}"},"query-input":{"@type":"PropertyValueSpecification","valueRequired":true,"valueName":"search_term_string"}}],"inLanguage":"en-US"},{"@type":"Person","@id":"https:\/\/super-news.info\/es\/#\/schema\/person\/2d4068cb2f39cd10008c2fce578a7356","name":"super-news","image":{"@type":"ImageObject","inLanguage":"en-US","@id":"https:\/\/secure.gravatar.com\/avatar\/64ebac40b93f26a154f8a9b5b6fdccfc46f442b26b3dd6756dbff3bf9dc76fd7?s=96&d=mm&r=g","url":"https:\/\/secure.gravatar.com\/avatar\/64ebac40b93f26a154f8a9b5b6fdccfc46f442b26b3dd6756dbff3bf9dc76fd7?s=96&d=mm&r=g","contentUrl":"https:\/\/secure.gravatar.com\/avatar\/64ebac40b93f26a154f8a9b5b6fdccfc46f442b26b3dd6756dbff3bf9dc76fd7?s=96&d=mm&r=g","caption":"super-news"},"url":"https:\/\/super-news.info\/es\/author\/pt\/"}]}},"_links":{"self":[{"href":"https:\/\/super-news.info\/es\/wp-json\/wp\/v2\/posts\/5757","targetHints":{"allow":["GET"]}}],"collection":[{"href":"https:\/\/super-news.info\/es\/wp-json\/wp\/v2\/posts"}],"about":[{"href":"https:\/\/super-news.info\/es\/wp-json\/wp\/v2\/types\/post"}],"author":[{"embeddable":true,"href":"https:\/\/super-news.info\/es\/wp-json\/wp\/v2\/users\/2"}],"replies":[{"embeddable":true,"href":"https:\/\/super-news.info\/es\/wp-json\/wp\/v2\/comments?post=5757"}],"version-history":[{"count":1,"href":"https:\/\/super-news.info\/es\/wp-json\/wp\/v2\/posts\/5757\/revisions"}],"predecessor-version":[{"id":5759,"href":"https:\/\/super-news.info\/es\/wp-json\/wp\/v2\/posts\/5757\/revisions\/5759"}],"wp:featuredmedia":[{"embeddable":true,"href":"https:\/\/super-news.info\/es\/wp-json\/wp\/v2\/media\/5758"}],"wp:attachment":[{"href":"https:\/\/super-news.info\/es\/wp-json\/wp\/v2\/media?parent=5757"}],"wp:term":[{"taxonomy":"category","embeddable":true,"href":"https:\/\/super-news.info\/es\/wp-json\/wp\/v2\/categories?post=5757"},{"taxonomy":"post_tag","embeddable":true,"href":"https:\/\/super-news.info\/es\/wp-json\/wp\/v2\/tags?post=5757"}],"curies":[{"name":"wp","href":"https:\/\/api.w.org\/{rel}","templated":true}]}}