{"id":5751,"date":"2019-07-07T15:04:54","date_gmt":"2019-07-07T12:04:54","guid":{"rendered":"https:\/\/super-news.info\/es\/renfe-emprende-la-reforma-de-su-web-que-estara-lista-en-verano-de-2020\/"},"modified":"2019-07-07T15:04:54","modified_gmt":"2019-07-07T12:04:54","slug":"renfe-emprende-la-reforma-de-su-web-que-estara-lista-en-verano-de-2020","status":"publish","type":"post","link":"https:\/\/super-news.info\/es\/renfe-emprende-la-reforma-de-su-web-que-estara-lista-en-verano-de-2020\/","title":{"rendered":"Renfe emprende la reforma de su web, que estar\u00e1 lista en verano de 2020"},"content":{"rendered":"<p> [ad_1]<\/p>\n<div id=\"CuerpoNoticiav2\" itemprop=\"articleBody\">\n<h3 class=\"subsubhead\">Unos meses antes de que entren competidores en el AVE<\/h3>\n<p>   MADRID, 7 Jul. (EUROPA PRESS) &#8211; <\/p>\n<p itemprop=\"description\">   Renfe pone en marcha este mes de julio los trabajos de reforma de su p\u00e1gina web, su principal canal de venta dado que comercializa &#8216;online&#8217; el 60% de los billetes de tren, con el fin de que est\u00e9 lista para el verano de 2020.<\/p>\n<p>   La implementaci\u00f3n de la nueva p\u00e1gina de Internet de la compa\u00f1\u00eda se extender\u00e1 as\u00ed alrededor de un a\u00f1o y supondr\u00e1 una inversi\u00f3n de 750.000 euros, seg\u00fan informaron a Europa Press en fuentes de la compa\u00f1\u00eda.<\/p>\n<p>   No obstante, la operadora prev\u00e9 ir introduciendo cambios paulatinamente para ir mejorando progresivamente el portal.<\/p>\n<p>   Ante estos plazos, Renfe contar\u00e1 con su nueva web cuando en diciembre de 2020 el transporte de viajeros en tren AVE se abra a la competencia y empiece a enfrentarse a otros operadores.<\/p>\n<p>   No obstante, previsiblemente no estar\u00e1 completamente lista para la Semana Santa del pr\u00f3ximo a\u00f1o, fecha en la que espera lanzar su nuevo AVE &#8216;low cost&#8217;, un servicio que se comercializar\u00e1 &#8216;online&#8217;.<\/p>\n<p>   Por el momento, Renfe adjudicar\u00e1 este mes el contrato de desarrollo e integraci\u00f3n de la nueva p\u00e1gina, as\u00ed como el suministro del &#8216;software&#8217; necesario, seg\u00fan dichas fuentes, que aseguran que las &#8216;obras&#8217; de reforma &#8220;no interferir\u00e1n&#8221; en el funcionamiento de la actual web.<\/p>\n<p>   Con la nueva p\u00e1gina de Internet, la operadora p\u00fablica busca ofrecer un portal &#8220;m\u00e1s intuitivo, sencillo y r\u00e1pido para los usuarios&#8221;, que adem\u00e1s &#8220;personalice&#8221; la informaci\u00f3n y los servicios en funci\u00f3n del perfil de cada usuario y viajero, sus h\u00e1bitos y sus preferencias.<\/p>\n<p>   Asimismo, permitir\u00e1 adaptar la informaci\u00f3n y los servicios que ofrece a los mercados internacionales y su dise\u00f1o a los distintos dispositivos.<\/p>\n<p>   Los principales cambios se acometer\u00e1n en la portada y los apartados de informaci\u00f3n, no tanto en la parte de comercializaci\u00f3n de billetes. En este caso, las modificaciones est\u00e1n limitadas por el hecho de que toda la venta de plazas, no s\u00f3lo la de la web, sino la telef\u00f3nica y la de taquillas, se realiza a trav\u00e9s del mismo canal com\u00fan, seg\u00fan detallaran dichas fuentes de la compa\u00f1\u00eda.<\/p>\n<p>   La web de Renfe, adem\u00e1s de comercializar el grueso de los billetes de tren, registra unos doce millones de visitas mensuales, el 60% desde dispositivos m\u00f3viles, lo que la convierten una de las m\u00e1s visitadas del sector de viajes y turismo.<\/p>\n<h2 class=\"ladillo\">BAZA PARA COMPETIR.<\/h2>\n<p>   No obstante, adem\u00e1s de facilitar a la informaci\u00f3n y a la compra de billetes a los viajeros, la nueva web constituye una de las principales bazas de Renfe para competir, seg\u00fan la estrategia que ha puesto en marcha para prepararse para la liberalizaci\u00f3n<\/p>\n<p>   La compa\u00f1\u00eda considera que una de las claves para afrontar a los competidores reside en elevar hasta el 90% los billetes vendidos por Internet, con la consiguiente reducci\u00f3n de costes, y, al tiempo, en elevar la ocupaci\u00f3n media de sus trenes y su n\u00famero de circulaciones.<\/p>\n<p>   Adem\u00e1s, la p\u00e1gina de Internet ser\u00e1 eje del operador integral de movilidad en el que Renfe aspira a convertirse, para ofrecer no s\u00f3lo el trayecto en tren sino todos los dem\u00e1s desplazamientos de un viaje.<\/p>\n<\/div>\n<p>[ad_2]<br \/>\n<br \/><a href=\"https:\/\/www.europapress.es\/economia\/noticia-renfe-emprende-reforma-web-estara-lista-verano-2020-20190707105039.html\">Source link <\/a><\/p>\n","protected":false},"excerpt":{"rendered":"<p>[ad_1] Unos meses antes de que entren competidores en el AVE MADRID, 7 Jul. (EUROPA PRESS) &#8211; Renfe pone en marcha este mes de julio los trabajos de reforma de su p\u00e1gina web, su principal canal de venta dado que comercializa &#8216;online&#8217; el 60% de los billetes de tren, con el fin de que est\u00e9 [&hellip;]<\/p>\n","protected":false},"author":2,"featured_media":5752,"comment_status":"open","ping_status":"open","sticky":false,"template":"","format":"standard","meta":{"footnotes":""},"categories":[1],"tags":[],"class_list":["post-5751","post","type-post","status-publish","format-standard","has-post-thumbnail","hentry","category-noticias-financieras"],"yoast_head":"<!-- This site is optimized with the Yoast SEO plugin v27.4 - https:\/\/yoast.com\/product\/yoast-seo-wordpress\/ -->\n<title>Renfe emprende la reforma de su web, que estar\u00e1 lista en verano de 2020 - Super News<\/title>\n<meta name=\"robots\" content=\"index, follow, max-snippet:-1, max-image-preview:large, max-video-preview:-1\" \/>\n<link rel=\"canonical\" href=\"https:\/\/super-news.info\/es\/renfe-emprende-la-reforma-de-su-web-que-estara-lista-en-verano-de-2020\/\" \/>\n<meta property=\"og:locale\" content=\"en_US\" \/>\n<meta property=\"og:type\" content=\"article\" \/>\n<meta property=\"og:title\" content=\"Renfe emprende la reforma de su web, que estar\u00e1 lista en verano de 2020 - Super News\" \/>\n<meta property=\"og:description\" content=\"[ad_1] Unos meses antes de que entren competidores en el AVE MADRID, 7 Jul. (EUROPA PRESS) &#8211; Renfe pone en marcha este mes de julio los trabajos de reforma de su p\u00e1gina web, su principal canal de venta dado que comercializa &#8216;online&#8217; el 60% de los billetes de tren, con el fin de que est\u00e9 [&hellip;]\" \/>\n<meta property=\"og:url\" content=\"https:\/\/super-news.info\/es\/renfe-emprende-la-reforma-de-su-web-que-estara-lista-en-verano-de-2020\/\" \/>\n<meta property=\"og:site_name\" content=\"Super News\" \/>\n<meta property=\"article:published_time\" content=\"2019-07-07T12:04:54+00:00\" \/>\n<meta property=\"og:image\" content=\"https:\/\/super-news.info\/es\/wp-content\/uploads\/sites\/4\/2019\/07\/Renfe-emprende-la-reforma-de-su-web-que-estar\u00e1-lista.jpg\" \/>\n\t<meta property=\"og:image:width\" content=\"120\" \/>\n\t<meta property=\"og:image:height\" content=\"81\" \/>\n\t<meta property=\"og:image:type\" content=\"image\/jpeg\" \/>\n<meta name=\"author\" content=\"super-news\" \/>\n<meta name=\"twitter:card\" content=\"summary_large_image\" \/>\n<meta name=\"twitter:label1\" content=\"Written by\" \/>\n\t<meta name=\"twitter:data1\" content=\"super-news\" \/>\n\t<meta name=\"twitter:label2\" content=\"Est. reading time\" \/>\n\t<meta name=\"twitter:data2\" content=\"3 minutes\" \/>\n<script type=\"application\/ld+json\" class=\"yoast-schema-graph\">{\"@context\":\"https:\\\/\\\/schema.org\",\"@graph\":[{\"@type\":\"Article\",\"@id\":\"https:\\\/\\\/super-news.info\\\/es\\\/renfe-emprende-la-reforma-de-su-web-que-estara-lista-en-verano-de-2020\\\/#article\",\"isPartOf\":{\"@id\":\"https:\\\/\\\/super-news.info\\\/es\\\/renfe-emprende-la-reforma-de-su-web-que-estara-lista-en-verano-de-2020\\\/\"},\"author\":{\"name\":\"super-news\",\"@id\":\"https:\\\/\\\/super-news.info\\\/es\\\/#\\\/schema\\\/person\\\/2d4068cb2f39cd10008c2fce578a7356\"},\"headline\":\"Renfe emprende la reforma de su web, que estar\u00e1 lista en verano de 2020\",\"datePublished\":\"2019-07-07T12:04:54+00:00\",\"mainEntityOfPage\":{\"@id\":\"https:\\\/\\\/super-news.info\\\/es\\\/renfe-emprende-la-reforma-de-su-web-que-estara-lista-en-verano-de-2020\\\/\"},\"wordCount\":575,\"commentCount\":0,\"image\":{\"@id\":\"https:\\\/\\\/super-news.info\\\/es\\\/renfe-emprende-la-reforma-de-su-web-que-estara-lista-en-verano-de-2020\\\/#primaryimage\"},\"thumbnailUrl\":\"https:\\\/\\\/super-news.info\\\/es\\\/wp-content\\\/uploads\\\/sites\\\/4\\\/2019\\\/07\\\/Renfe-emprende-la-reforma-de-su-web-que-estar\u00e1-lista.jpg\",\"articleSection\":[\"NOTICIAS FINANCIERAS\"],\"inLanguage\":\"en-US\",\"potentialAction\":[{\"@type\":\"CommentAction\",\"name\":\"Comment\",\"target\":[\"https:\\\/\\\/super-news.info\\\/es\\\/renfe-emprende-la-reforma-de-su-web-que-estara-lista-en-verano-de-2020\\\/#respond\"]}]},{\"@type\":\"WebPage\",\"@id\":\"https:\\\/\\\/super-news.info\\\/es\\\/renfe-emprende-la-reforma-de-su-web-que-estara-lista-en-verano-de-2020\\\/\",\"url\":\"https:\\\/\\\/super-news.info\\\/es\\\/renfe-emprende-la-reforma-de-su-web-que-estara-lista-en-verano-de-2020\\\/\",\"name\":\"Renfe emprende la reforma de su web, que estar\u00e1 lista en verano de 2020 - Super News\",\"isPartOf\":{\"@id\":\"https:\\\/\\\/super-news.info\\\/es\\\/#website\"},\"primaryImageOfPage\":{\"@id\":\"https:\\\/\\\/super-news.info\\\/es\\\/renfe-emprende-la-reforma-de-su-web-que-estara-lista-en-verano-de-2020\\\/#primaryimage\"},\"image\":{\"@id\":\"https:\\\/\\\/super-news.info\\\/es\\\/renfe-emprende-la-reforma-de-su-web-que-estara-lista-en-verano-de-2020\\\/#primaryimage\"},\"thumbnailUrl\":\"https:\\\/\\\/super-news.info\\\/es\\\/wp-content\\\/uploads\\\/sites\\\/4\\\/2019\\\/07\\\/Renfe-emprende-la-reforma-de-su-web-que-estar\u00e1-lista.jpg\",\"datePublished\":\"2019-07-07T12:04:54+00:00\",\"author\":{\"@id\":\"https:\\\/\\\/super-news.info\\\/es\\\/#\\\/schema\\\/person\\\/2d4068cb2f39cd10008c2fce578a7356\"},\"breadcrumb\":{\"@id\":\"https:\\\/\\\/super-news.info\\\/es\\\/renfe-emprende-la-reforma-de-su-web-que-estara-lista-en-verano-de-2020\\\/#breadcrumb\"},\"inLanguage\":\"en-US\",\"potentialAction\":[{\"@type\":\"ReadAction\",\"target\":[\"https:\\\/\\\/super-news.info\\\/es\\\/renfe-emprende-la-reforma-de-su-web-que-estara-lista-en-verano-de-2020\\\/\"]}]},{\"@type\":\"ImageObject\",\"inLanguage\":\"en-US\",\"@id\":\"https:\\\/\\\/super-news.info\\\/es\\\/renfe-emprende-la-reforma-de-su-web-que-estara-lista-en-verano-de-2020\\\/#primaryimage\",\"url\":\"https:\\\/\\\/super-news.info\\\/es\\\/wp-content\\\/uploads\\\/sites\\\/4\\\/2019\\\/07\\\/Renfe-emprende-la-reforma-de-su-web-que-estar\u00e1-lista.jpg\",\"contentUrl\":\"https:\\\/\\\/super-news.info\\\/es\\\/wp-content\\\/uploads\\\/sites\\\/4\\\/2019\\\/07\\\/Renfe-emprende-la-reforma-de-su-web-que-estar\u00e1-lista.jpg\",\"width\":120,\"height\":81,\"caption\":\"Renfe emprende la reforma de su web, que estar\u00e1 lista en verano de 2020\"},{\"@type\":\"BreadcrumbList\",\"@id\":\"https:\\\/\\\/super-news.info\\\/es\\\/renfe-emprende-la-reforma-de-su-web-que-estara-lista-en-verano-de-2020\\\/#breadcrumb\",\"itemListElement\":[{\"@type\":\"ListItem\",\"position\":1,\"name\":\"\u0413\u043b\u0430\u0432\u043d\u0430\u044f \u0441\u0442\u0440\u0430\u043d\u0438\u0446\u0430\",\"item\":\"https:\\\/\\\/super-news.info\\\/es\\\/\"},{\"@type\":\"ListItem\",\"position\":2,\"name\":\"Renfe emprende la reforma de su web, que estar\u00e1 lista en verano de 2020\"}]},{\"@type\":\"WebSite\",\"@id\":\"https:\\\/\\\/super-news.info\\\/es\\\/#website\",\"url\":\"https:\\\/\\\/super-news.info\\\/es\\\/\",\"name\":\"Super News\",\"description\":\"Super News Espa\u00f1a\",\"potentialAction\":[{\"@type\":\"SearchAction\",\"target\":{\"@type\":\"EntryPoint\",\"urlTemplate\":\"https:\\\/\\\/super-news.info\\\/es\\\/?s={search_term_string}\"},\"query-input\":{\"@type\":\"PropertyValueSpecification\",\"valueRequired\":true,\"valueName\":\"search_term_string\"}}],\"inLanguage\":\"en-US\"},{\"@type\":\"Person\",\"@id\":\"https:\\\/\\\/super-news.info\\\/es\\\/#\\\/schema\\\/person\\\/2d4068cb2f39cd10008c2fce578a7356\",\"name\":\"super-news\",\"image\":{\"@type\":\"ImageObject\",\"inLanguage\":\"en-US\",\"@id\":\"https:\\\/\\\/secure.gravatar.com\\\/avatar\\\/64ebac40b93f26a154f8a9b5b6fdccfc46f442b26b3dd6756dbff3bf9dc76fd7?s=96&d=mm&r=g\",\"url\":\"https:\\\/\\\/secure.gravatar.com\\\/avatar\\\/64ebac40b93f26a154f8a9b5b6fdccfc46f442b26b3dd6756dbff3bf9dc76fd7?s=96&d=mm&r=g\",\"contentUrl\":\"https:\\\/\\\/secure.gravatar.com\\\/avatar\\\/64ebac40b93f26a154f8a9b5b6fdccfc46f442b26b3dd6756dbff3bf9dc76fd7?s=96&d=mm&r=g\",\"caption\":\"super-news\"},\"url\":\"https:\\\/\\\/super-news.info\\\/es\\\/author\\\/pt\\\/\"}]}<\/script>\n<!-- \/ Yoast SEO plugin. -->","yoast_head_json":{"title":"Renfe emprende la reforma de su web, que estar\u00e1 lista en verano de 2020 - Super News","robots":{"index":"index","follow":"follow","max-snippet":"max-snippet:-1","max-image-preview":"max-image-preview:large","max-video-preview":"max-video-preview:-1"},"canonical":"https:\/\/super-news.info\/es\/renfe-emprende-la-reforma-de-su-web-que-estara-lista-en-verano-de-2020\/","og_locale":"en_US","og_type":"article","og_title":"Renfe emprende la reforma de su web, que estar\u00e1 lista en verano de 2020 - Super News","og_description":"[ad_1] Unos meses antes de que entren competidores en el AVE MADRID, 7 Jul. (EUROPA PRESS) &#8211; Renfe pone en marcha este mes de julio los trabajos de reforma de su p\u00e1gina web, su principal canal de venta dado que comercializa &#8216;online&#8217; el 60% de los billetes de tren, con el fin de que est\u00e9 [&hellip;]","og_url":"https:\/\/super-news.info\/es\/renfe-emprende-la-reforma-de-su-web-que-estara-lista-en-verano-de-2020\/","og_site_name":"Super News","article_published_time":"2019-07-07T12:04:54+00:00","og_image":[{"width":120,"height":81,"url":"https:\/\/super-news.info\/es\/wp-content\/uploads\/sites\/4\/2019\/07\/Renfe-emprende-la-reforma-de-su-web-que-estar\u00e1-lista.jpg","type":"image\/jpeg"}],"author":"super-news","twitter_card":"summary_large_image","twitter_misc":{"Written by":"super-news","Est. reading time":"3 minutes"},"schema":{"@context":"https:\/\/schema.org","@graph":[{"@type":"Article","@id":"https:\/\/super-news.info\/es\/renfe-emprende-la-reforma-de-su-web-que-estara-lista-en-verano-de-2020\/#article","isPartOf":{"@id":"https:\/\/super-news.info\/es\/renfe-emprende-la-reforma-de-su-web-que-estara-lista-en-verano-de-2020\/"},"author":{"name":"super-news","@id":"https:\/\/super-news.info\/es\/#\/schema\/person\/2d4068cb2f39cd10008c2fce578a7356"},"headline":"Renfe emprende la reforma de su web, que estar\u00e1 lista en verano de 2020","datePublished":"2019-07-07T12:04:54+00:00","mainEntityOfPage":{"@id":"https:\/\/super-news.info\/es\/renfe-emprende-la-reforma-de-su-web-que-estara-lista-en-verano-de-2020\/"},"wordCount":575,"commentCount":0,"image":{"@id":"https:\/\/super-news.info\/es\/renfe-emprende-la-reforma-de-su-web-que-estara-lista-en-verano-de-2020\/#primaryimage"},"thumbnailUrl":"https:\/\/super-news.info\/es\/wp-content\/uploads\/sites\/4\/2019\/07\/Renfe-emprende-la-reforma-de-su-web-que-estar\u00e1-lista.jpg","articleSection":["NOTICIAS FINANCIERAS"],"inLanguage":"en-US","potentialAction":[{"@type":"CommentAction","name":"Comment","target":["https:\/\/super-news.info\/es\/renfe-emprende-la-reforma-de-su-web-que-estara-lista-en-verano-de-2020\/#respond"]}]},{"@type":"WebPage","@id":"https:\/\/super-news.info\/es\/renfe-emprende-la-reforma-de-su-web-que-estara-lista-en-verano-de-2020\/","url":"https:\/\/super-news.info\/es\/renfe-emprende-la-reforma-de-su-web-que-estara-lista-en-verano-de-2020\/","name":"Renfe emprende la reforma de su web, que estar\u00e1 lista en verano de 2020 - Super News","isPartOf":{"@id":"https:\/\/super-news.info\/es\/#website"},"primaryImageOfPage":{"@id":"https:\/\/super-news.info\/es\/renfe-emprende-la-reforma-de-su-web-que-estara-lista-en-verano-de-2020\/#primaryimage"},"image":{"@id":"https:\/\/super-news.info\/es\/renfe-emprende-la-reforma-de-su-web-que-estara-lista-en-verano-de-2020\/#primaryimage"},"thumbnailUrl":"https:\/\/super-news.info\/es\/wp-content\/uploads\/sites\/4\/2019\/07\/Renfe-emprende-la-reforma-de-su-web-que-estar\u00e1-lista.jpg","datePublished":"2019-07-07T12:04:54+00:00","author":{"@id":"https:\/\/super-news.info\/es\/#\/schema\/person\/2d4068cb2f39cd10008c2fce578a7356"},"breadcrumb":{"@id":"https:\/\/super-news.info\/es\/renfe-emprende-la-reforma-de-su-web-que-estara-lista-en-verano-de-2020\/#breadcrumb"},"inLanguage":"en-US","potentialAction":[{"@type":"ReadAction","target":["https:\/\/super-news.info\/es\/renfe-emprende-la-reforma-de-su-web-que-estara-lista-en-verano-de-2020\/"]}]},{"@type":"ImageObject","inLanguage":"en-US","@id":"https:\/\/super-news.info\/es\/renfe-emprende-la-reforma-de-su-web-que-estara-lista-en-verano-de-2020\/#primaryimage","url":"https:\/\/super-news.info\/es\/wp-content\/uploads\/sites\/4\/2019\/07\/Renfe-emprende-la-reforma-de-su-web-que-estar\u00e1-lista.jpg","contentUrl":"https:\/\/super-news.info\/es\/wp-content\/uploads\/sites\/4\/2019\/07\/Renfe-emprende-la-reforma-de-su-web-que-estar\u00e1-lista.jpg","width":120,"height":81,"caption":"Renfe emprende la reforma de su web, que estar\u00e1 lista en verano de 2020"},{"@type":"BreadcrumbList","@id":"https:\/\/super-news.info\/es\/renfe-emprende-la-reforma-de-su-web-que-estara-lista-en-verano-de-2020\/#breadcrumb","itemListElement":[{"@type":"ListItem","position":1,"name":"\u0413\u043b\u0430\u0432\u043d\u0430\u044f \u0441\u0442\u0440\u0430\u043d\u0438\u0446\u0430","item":"https:\/\/super-news.info\/es\/"},{"@type":"ListItem","position":2,"name":"Renfe emprende la reforma de su web, que estar\u00e1 lista en verano de 2020"}]},{"@type":"WebSite","@id":"https:\/\/super-news.info\/es\/#website","url":"https:\/\/super-news.info\/es\/","name":"Super News","description":"Super News Espa\u00f1a","potentialAction":[{"@type":"SearchAction","target":{"@type":"EntryPoint","urlTemplate":"https:\/\/super-news.info\/es\/?s={search_term_string}"},"query-input":{"@type":"PropertyValueSpecification","valueRequired":true,"valueName":"search_term_string"}}],"inLanguage":"en-US"},{"@type":"Person","@id":"https:\/\/super-news.info\/es\/#\/schema\/person\/2d4068cb2f39cd10008c2fce578a7356","name":"super-news","image":{"@type":"ImageObject","inLanguage":"en-US","@id":"https:\/\/secure.gravatar.com\/avatar\/64ebac40b93f26a154f8a9b5b6fdccfc46f442b26b3dd6756dbff3bf9dc76fd7?s=96&d=mm&r=g","url":"https:\/\/secure.gravatar.com\/avatar\/64ebac40b93f26a154f8a9b5b6fdccfc46f442b26b3dd6756dbff3bf9dc76fd7?s=96&d=mm&r=g","contentUrl":"https:\/\/secure.gravatar.com\/avatar\/64ebac40b93f26a154f8a9b5b6fdccfc46f442b26b3dd6756dbff3bf9dc76fd7?s=96&d=mm&r=g","caption":"super-news"},"url":"https:\/\/super-news.info\/es\/author\/pt\/"}]}},"_links":{"self":[{"href":"https:\/\/super-news.info\/es\/wp-json\/wp\/v2\/posts\/5751","targetHints":{"allow":["GET"]}}],"collection":[{"href":"https:\/\/super-news.info\/es\/wp-json\/wp\/v2\/posts"}],"about":[{"href":"https:\/\/super-news.info\/es\/wp-json\/wp\/v2\/types\/post"}],"author":[{"embeddable":true,"href":"https:\/\/super-news.info\/es\/wp-json\/wp\/v2\/users\/2"}],"replies":[{"embeddable":true,"href":"https:\/\/super-news.info\/es\/wp-json\/wp\/v2\/comments?post=5751"}],"version-history":[{"count":1,"href":"https:\/\/super-news.info\/es\/wp-json\/wp\/v2\/posts\/5751\/revisions"}],"predecessor-version":[{"id":5753,"href":"https:\/\/super-news.info\/es\/wp-json\/wp\/v2\/posts\/5751\/revisions\/5753"}],"wp:featuredmedia":[{"embeddable":true,"href":"https:\/\/super-news.info\/es\/wp-json\/wp\/v2\/media\/5752"}],"wp:attachment":[{"href":"https:\/\/super-news.info\/es\/wp-json\/wp\/v2\/media?parent=5751"}],"wp:term":[{"taxonomy":"category","embeddable":true,"href":"https:\/\/super-news.info\/es\/wp-json\/wp\/v2\/categories?post=5751"},{"taxonomy":"post_tag","embeddable":true,"href":"https:\/\/super-news.info\/es\/wp-json\/wp\/v2\/tags?post=5751"}],"curies":[{"name":"wp","href":"https:\/\/api.w.org\/{rel}","templated":true}]}}