{"id":5745,"date":"2019-07-07T13:59:02","date_gmt":"2019-07-07T10:59:02","guid":{"rendered":"https:\/\/super-news.info\/es\/madrid-supera-la-cota-de-los-8-000-coches-de-uber-y-cabify\/"},"modified":"2019-07-07T13:59:03","modified_gmt":"2019-07-07T10:59:03","slug":"madrid-supera-la-cota-de-los-8-000-coches-de-uber-y-cabify","status":"publish","type":"post","link":"https:\/\/super-news.info\/es\/madrid-supera-la-cota-de-los-8-000-coches-de-uber-y-cabify\/","title":{"rendered":"Madrid supera la cota de los 8.000 coches de Uber y Cabify"},"content":{"rendered":"<p> [ad_1]<\/p>\n<div id=\"CuerpoNoticiav2\" itemprop=\"articleBody\">\n<h3 class=\"subsubhead\">Las licencias de VTC se disparan un 22% en la capital desde comienzos de a\u00f1o<\/h3>\n<p>   MADRID, 7 Jul. (EUROPA PRESS) &#8211; <\/p>\n<p itemprop=\"description\">   Madrid ha superado la cota de las 8.000 licencias de veh\u00edculos de alquiler con conductor (VTC), los que dan servicio a plataformas como Uber y Cabify, dado que al cierre de la primera mitad del a\u00f1o sumaba un total de 8.033 coches de este tipo.<\/p>\n<p>   El n\u00famero de VTC de la capital se ha disparado as\u00ed un 22,4% respecto al cierre del pasado a\u00f1o, con lo que ya hay algo menos de dos coches de este tipo por cada taxi circulando por la ciudad.<\/p>\n<p>   Madrid copa as\u00ed m\u00e1s de la mitad (el 52%) del total de licencias de VTC del pa\u00eds, que a la conclusi\u00f3n del pasado mes de junio sumaban 15.306, un 16,6% m\u00e1s respecto a las 13.125 que se contabilizaban a finales de 2018, seg\u00fan la estad\u00edstica oficial del Ministerio de Fomento.<\/p>\n<p>   El crecimiento de este negocio no responde al hecho de que las administraciones est\u00e9n dando nuevas autorizaciones, sino a las resoluciones judiciales que se fallan fruto del vac\u00edo legal que el sector registr\u00f3 entre los a\u00f1os 2009 y 2015.<\/p>\n<p>   Asimismo, este aumento tiene lugar a pesar de que cinco comunidades aut\u00f3nomas han aprobado ya normas para regular a los VTC en sus respectivos territorios.<\/p>\n<p>   Entre estas comunidades no figura Madrid, cuyo anterior Gobierno regional declin\u00f3 regular el sector. Las que han optado por hacerlo son Catalu\u00f1a, Comunidad Valencia, Baleares, Pa\u00eds Vasco y Arag\u00f3n, y en todas ellas se obliga a pedir uno de estos coches con una antelaci\u00f3n m\u00ednima para diferenciarlo del servicio de taxi.<\/p>\n<p>   En el caso de Barcelona, donde Uber dej\u00f3 de operar cuando en febrero entr\u00f3 en vigor la nueva normativa, se mantiene como segunda ciudad de Espa\u00f1a con m\u00e1s VTCs.<\/p>\n<p>   En concreto, cuenta con 2.073 coches de este tipo, volumen que si bien es un 9,1% inferior al del cierre de 2018, crece un 5% en comparaci\u00f3n al de finales de mayo.<\/p>\n<p>   En el caso de Valencia, ha perdido una decena de VTC desde que el pasado mes de junio entrara en vigor la nueva normativa, pero las 177 con que cuenta son cuatro m\u00e1s que a comienzos de a\u00f1o.<\/p>\n<h2 class=\"ladillo\">FUERTE CRECIMIENTO EN ALICANTE.<\/h2>\n<p>   En esta comunidad destaca el caso de Alicante, ciudad en la que Cabify desembarc\u00f3 hace un a\u00f1o y en la que, pese a la nueva regulaci\u00f3n, ha multiplicado por m\u00e1s de tres el n\u00famero de coches de VTC en lo que va de a\u00f1o, dado que al cierre de junio cuenta con 370, frente a los 108 con que concluy\u00f3 diciembre.<\/p>\n<p>   A pesar de ello, M\u00e1laga se mantiene como tercera ciudad con m\u00e1s coches de los que dan servicio a firmas como Uber y Cabify, con 1.488 coches, un 25% m\u00e1s que a comienzos de a\u00f1o. Despu\u00e9s se sit\u00faa Sevilla, con 233 VTC, una decena m\u00e1s que a comienzos de a\u00f1os.<\/p>\n<p>   Entre las ciudades donde m\u00e1s han aumentado los coches de este tipo en lo que va de a\u00f1o figura tambi\u00e9n Badajoz, donde al cierre de junio se contaban 223 frente a los apenas catorce de seis meses antes.<\/p>\n<p>   En el lado opuesto Soria, Tenerife y Las Palmas se mantienen como \u00fanicas provincias sin ninguna licencia de VTC, mientras que en Zamora s\u00f3lo hay una, en Palencia y Ja\u00e9n cuatro, en Albacete cinco y en Hueca, seis.<\/p>\n<\/div>\n<p>[ad_2]<br \/>\n<br \/><a href=\"https:\/\/www.europapress.es\/economia\/noticia-madrid-supera-cota-8000-coches-uber-cabify-20190707110037.html\">Source link <\/a><\/p>\n","protected":false},"excerpt":{"rendered":"<p>[ad_1] Las licencias de VTC se disparan un 22% en la capital desde comienzos de a\u00f1o MADRID, 7 Jul. (EUROPA PRESS) &#8211; Madrid ha superado la cota de las 8.000 licencias de veh\u00edculos de alquiler con conductor (VTC), los que dan servicio a plataformas como Uber y Cabify, dado que al cierre de la primera [&hellip;]<\/p>\n","protected":false},"author":2,"featured_media":5746,"comment_status":"open","ping_status":"open","sticky":false,"template":"","format":"standard","meta":{"footnotes":""},"categories":[1],"tags":[],"class_list":["post-5745","post","type-post","status-publish","format-standard","has-post-thumbnail","hentry","category-noticias-financieras"],"yoast_head":"<!-- This site is optimized with the Yoast SEO plugin v27.4 - https:\/\/yoast.com\/product\/yoast-seo-wordpress\/ -->\n<title>Madrid supera la cota de los 8.000 coches de Uber y Cabify - Super News<\/title>\n<meta name=\"robots\" content=\"index, follow, max-snippet:-1, max-image-preview:large, max-video-preview:-1\" \/>\n<link rel=\"canonical\" href=\"https:\/\/super-news.info\/es\/madrid-supera-la-cota-de-los-8-000-coches-de-uber-y-cabify\/\" \/>\n<meta property=\"og:locale\" content=\"en_US\" \/>\n<meta property=\"og:type\" content=\"article\" \/>\n<meta property=\"og:title\" content=\"Madrid supera la cota de los 8.000 coches de Uber y Cabify - Super News\" \/>\n<meta property=\"og:description\" content=\"[ad_1] Las licencias de VTC se disparan un 22% en la capital desde comienzos de a\u00f1o MADRID, 7 Jul. (EUROPA PRESS) &#8211; Madrid ha superado la cota de las 8.000 licencias de veh\u00edculos de alquiler con conductor (VTC), los que dan servicio a plataformas como Uber y Cabify, dado que al cierre de la primera [&hellip;]\" \/>\n<meta property=\"og:url\" content=\"https:\/\/super-news.info\/es\/madrid-supera-la-cota-de-los-8-000-coches-de-uber-y-cabify\/\" \/>\n<meta property=\"og:site_name\" content=\"Super News\" \/>\n<meta property=\"article:published_time\" content=\"2019-07-07T10:59:02+00:00\" \/>\n<meta property=\"article:modified_time\" content=\"2019-07-07T10:59:03+00:00\" \/>\n<meta property=\"og:image\" content=\"https:\/\/super-news.info\/es\/wp-content\/uploads\/sites\/4\/2019\/07\/Madrid-supera-la-cota-de-los-8.000-coches-de-Uber.jpg\" \/>\n\t<meta property=\"og:image:width\" content=\"120\" \/>\n\t<meta property=\"og:image:height\" content=\"80\" \/>\n\t<meta property=\"og:image:type\" content=\"image\/jpeg\" \/>\n<meta name=\"author\" content=\"super-news\" \/>\n<meta name=\"twitter:card\" content=\"summary_large_image\" \/>\n<meta name=\"twitter:label1\" content=\"Written by\" \/>\n\t<meta name=\"twitter:data1\" content=\"super-news\" \/>\n\t<meta name=\"twitter:label2\" content=\"Est. reading time\" \/>\n\t<meta name=\"twitter:data2\" content=\"3 minutes\" \/>\n<script type=\"application\/ld+json\" class=\"yoast-schema-graph\">{\"@context\":\"https:\\\/\\\/schema.org\",\"@graph\":[{\"@type\":\"Article\",\"@id\":\"https:\\\/\\\/super-news.info\\\/es\\\/madrid-supera-la-cota-de-los-8-000-coches-de-uber-y-cabify\\\/#article\",\"isPartOf\":{\"@id\":\"https:\\\/\\\/super-news.info\\\/es\\\/madrid-supera-la-cota-de-los-8-000-coches-de-uber-y-cabify\\\/\"},\"author\":{\"name\":\"super-news\",\"@id\":\"https:\\\/\\\/super-news.info\\\/es\\\/#\\\/schema\\\/person\\\/2d4068cb2f39cd10008c2fce578a7356\"},\"headline\":\"Madrid supera la cota de los 8.000 coches de Uber y Cabify\",\"datePublished\":\"2019-07-07T10:59:02+00:00\",\"dateModified\":\"2019-07-07T10:59:03+00:00\",\"mainEntityOfPage\":{\"@id\":\"https:\\\/\\\/super-news.info\\\/es\\\/madrid-supera-la-cota-de-los-8-000-coches-de-uber-y-cabify\\\/\"},\"wordCount\":595,\"commentCount\":0,\"image\":{\"@id\":\"https:\\\/\\\/super-news.info\\\/es\\\/madrid-supera-la-cota-de-los-8-000-coches-de-uber-y-cabify\\\/#primaryimage\"},\"thumbnailUrl\":\"https:\\\/\\\/super-news.info\\\/es\\\/wp-content\\\/uploads\\\/sites\\\/4\\\/2019\\\/07\\\/Madrid-supera-la-cota-de-los-8.000-coches-de-Uber.jpg\",\"articleSection\":[\"NOTICIAS FINANCIERAS\"],\"inLanguage\":\"en-US\",\"potentialAction\":[{\"@type\":\"CommentAction\",\"name\":\"Comment\",\"target\":[\"https:\\\/\\\/super-news.info\\\/es\\\/madrid-supera-la-cota-de-los-8-000-coches-de-uber-y-cabify\\\/#respond\"]}]},{\"@type\":\"WebPage\",\"@id\":\"https:\\\/\\\/super-news.info\\\/es\\\/madrid-supera-la-cota-de-los-8-000-coches-de-uber-y-cabify\\\/\",\"url\":\"https:\\\/\\\/super-news.info\\\/es\\\/madrid-supera-la-cota-de-los-8-000-coches-de-uber-y-cabify\\\/\",\"name\":\"Madrid supera la cota de los 8.000 coches de Uber y Cabify - Super News\",\"isPartOf\":{\"@id\":\"https:\\\/\\\/super-news.info\\\/es\\\/#website\"},\"primaryImageOfPage\":{\"@id\":\"https:\\\/\\\/super-news.info\\\/es\\\/madrid-supera-la-cota-de-los-8-000-coches-de-uber-y-cabify\\\/#primaryimage\"},\"image\":{\"@id\":\"https:\\\/\\\/super-news.info\\\/es\\\/madrid-supera-la-cota-de-los-8-000-coches-de-uber-y-cabify\\\/#primaryimage\"},\"thumbnailUrl\":\"https:\\\/\\\/super-news.info\\\/es\\\/wp-content\\\/uploads\\\/sites\\\/4\\\/2019\\\/07\\\/Madrid-supera-la-cota-de-los-8.000-coches-de-Uber.jpg\",\"datePublished\":\"2019-07-07T10:59:02+00:00\",\"dateModified\":\"2019-07-07T10:59:03+00:00\",\"author\":{\"@id\":\"https:\\\/\\\/super-news.info\\\/es\\\/#\\\/schema\\\/person\\\/2d4068cb2f39cd10008c2fce578a7356\"},\"breadcrumb\":{\"@id\":\"https:\\\/\\\/super-news.info\\\/es\\\/madrid-supera-la-cota-de-los-8-000-coches-de-uber-y-cabify\\\/#breadcrumb\"},\"inLanguage\":\"en-US\",\"potentialAction\":[{\"@type\":\"ReadAction\",\"target\":[\"https:\\\/\\\/super-news.info\\\/es\\\/madrid-supera-la-cota-de-los-8-000-coches-de-uber-y-cabify\\\/\"]}]},{\"@type\":\"ImageObject\",\"inLanguage\":\"en-US\",\"@id\":\"https:\\\/\\\/super-news.info\\\/es\\\/madrid-supera-la-cota-de-los-8-000-coches-de-uber-y-cabify\\\/#primaryimage\",\"url\":\"https:\\\/\\\/super-news.info\\\/es\\\/wp-content\\\/uploads\\\/sites\\\/4\\\/2019\\\/07\\\/Madrid-supera-la-cota-de-los-8.000-coches-de-Uber.jpg\",\"contentUrl\":\"https:\\\/\\\/super-news.info\\\/es\\\/wp-content\\\/uploads\\\/sites\\\/4\\\/2019\\\/07\\\/Madrid-supera-la-cota-de-los-8.000-coches-de-Uber.jpg\",\"width\":120,\"height\":80,\"caption\":\"Madrid supera la cota de los 8.000 coches de Uber y Cabify\"},{\"@type\":\"BreadcrumbList\",\"@id\":\"https:\\\/\\\/super-news.info\\\/es\\\/madrid-supera-la-cota-de-los-8-000-coches-de-uber-y-cabify\\\/#breadcrumb\",\"itemListElement\":[{\"@type\":\"ListItem\",\"position\":1,\"name\":\"\u0413\u043b\u0430\u0432\u043d\u0430\u044f \u0441\u0442\u0440\u0430\u043d\u0438\u0446\u0430\",\"item\":\"https:\\\/\\\/super-news.info\\\/es\\\/\"},{\"@type\":\"ListItem\",\"position\":2,\"name\":\"Madrid supera la cota de los 8.000 coches de Uber y Cabify\"}]},{\"@type\":\"WebSite\",\"@id\":\"https:\\\/\\\/super-news.info\\\/es\\\/#website\",\"url\":\"https:\\\/\\\/super-news.info\\\/es\\\/\",\"name\":\"Super News\",\"description\":\"Super News Espa\u00f1a\",\"potentialAction\":[{\"@type\":\"SearchAction\",\"target\":{\"@type\":\"EntryPoint\",\"urlTemplate\":\"https:\\\/\\\/super-news.info\\\/es\\\/?s={search_term_string}\"},\"query-input\":{\"@type\":\"PropertyValueSpecification\",\"valueRequired\":true,\"valueName\":\"search_term_string\"}}],\"inLanguage\":\"en-US\"},{\"@type\":\"Person\",\"@id\":\"https:\\\/\\\/super-news.info\\\/es\\\/#\\\/schema\\\/person\\\/2d4068cb2f39cd10008c2fce578a7356\",\"name\":\"super-news\",\"image\":{\"@type\":\"ImageObject\",\"inLanguage\":\"en-US\",\"@id\":\"https:\\\/\\\/secure.gravatar.com\\\/avatar\\\/64ebac40b93f26a154f8a9b5b6fdccfc46f442b26b3dd6756dbff3bf9dc76fd7?s=96&d=mm&r=g\",\"url\":\"https:\\\/\\\/secure.gravatar.com\\\/avatar\\\/64ebac40b93f26a154f8a9b5b6fdccfc46f442b26b3dd6756dbff3bf9dc76fd7?s=96&d=mm&r=g\",\"contentUrl\":\"https:\\\/\\\/secure.gravatar.com\\\/avatar\\\/64ebac40b93f26a154f8a9b5b6fdccfc46f442b26b3dd6756dbff3bf9dc76fd7?s=96&d=mm&r=g\",\"caption\":\"super-news\"},\"url\":\"https:\\\/\\\/super-news.info\\\/es\\\/author\\\/pt\\\/\"}]}<\/script>\n<!-- \/ Yoast SEO plugin. -->","yoast_head_json":{"title":"Madrid supera la cota de los 8.000 coches de Uber y Cabify - Super News","robots":{"index":"index","follow":"follow","max-snippet":"max-snippet:-1","max-image-preview":"max-image-preview:large","max-video-preview":"max-video-preview:-1"},"canonical":"https:\/\/super-news.info\/es\/madrid-supera-la-cota-de-los-8-000-coches-de-uber-y-cabify\/","og_locale":"en_US","og_type":"article","og_title":"Madrid supera la cota de los 8.000 coches de Uber y Cabify - Super News","og_description":"[ad_1] Las licencias de VTC se disparan un 22% en la capital desde comienzos de a\u00f1o MADRID, 7 Jul. (EUROPA PRESS) &#8211; Madrid ha superado la cota de las 8.000 licencias de veh\u00edculos de alquiler con conductor (VTC), los que dan servicio a plataformas como Uber y Cabify, dado que al cierre de la primera [&hellip;]","og_url":"https:\/\/super-news.info\/es\/madrid-supera-la-cota-de-los-8-000-coches-de-uber-y-cabify\/","og_site_name":"Super News","article_published_time":"2019-07-07T10:59:02+00:00","article_modified_time":"2019-07-07T10:59:03+00:00","og_image":[{"width":120,"height":80,"url":"https:\/\/super-news.info\/es\/wp-content\/uploads\/sites\/4\/2019\/07\/Madrid-supera-la-cota-de-los-8.000-coches-de-Uber.jpg","type":"image\/jpeg"}],"author":"super-news","twitter_card":"summary_large_image","twitter_misc":{"Written by":"super-news","Est. reading time":"3 minutes"},"schema":{"@context":"https:\/\/schema.org","@graph":[{"@type":"Article","@id":"https:\/\/super-news.info\/es\/madrid-supera-la-cota-de-los-8-000-coches-de-uber-y-cabify\/#article","isPartOf":{"@id":"https:\/\/super-news.info\/es\/madrid-supera-la-cota-de-los-8-000-coches-de-uber-y-cabify\/"},"author":{"name":"super-news","@id":"https:\/\/super-news.info\/es\/#\/schema\/person\/2d4068cb2f39cd10008c2fce578a7356"},"headline":"Madrid supera la cota de los 8.000 coches de Uber y Cabify","datePublished":"2019-07-07T10:59:02+00:00","dateModified":"2019-07-07T10:59:03+00:00","mainEntityOfPage":{"@id":"https:\/\/super-news.info\/es\/madrid-supera-la-cota-de-los-8-000-coches-de-uber-y-cabify\/"},"wordCount":595,"commentCount":0,"image":{"@id":"https:\/\/super-news.info\/es\/madrid-supera-la-cota-de-los-8-000-coches-de-uber-y-cabify\/#primaryimage"},"thumbnailUrl":"https:\/\/super-news.info\/es\/wp-content\/uploads\/sites\/4\/2019\/07\/Madrid-supera-la-cota-de-los-8.000-coches-de-Uber.jpg","articleSection":["NOTICIAS FINANCIERAS"],"inLanguage":"en-US","potentialAction":[{"@type":"CommentAction","name":"Comment","target":["https:\/\/super-news.info\/es\/madrid-supera-la-cota-de-los-8-000-coches-de-uber-y-cabify\/#respond"]}]},{"@type":"WebPage","@id":"https:\/\/super-news.info\/es\/madrid-supera-la-cota-de-los-8-000-coches-de-uber-y-cabify\/","url":"https:\/\/super-news.info\/es\/madrid-supera-la-cota-de-los-8-000-coches-de-uber-y-cabify\/","name":"Madrid supera la cota de los 8.000 coches de Uber y Cabify - Super News","isPartOf":{"@id":"https:\/\/super-news.info\/es\/#website"},"primaryImageOfPage":{"@id":"https:\/\/super-news.info\/es\/madrid-supera-la-cota-de-los-8-000-coches-de-uber-y-cabify\/#primaryimage"},"image":{"@id":"https:\/\/super-news.info\/es\/madrid-supera-la-cota-de-los-8-000-coches-de-uber-y-cabify\/#primaryimage"},"thumbnailUrl":"https:\/\/super-news.info\/es\/wp-content\/uploads\/sites\/4\/2019\/07\/Madrid-supera-la-cota-de-los-8.000-coches-de-Uber.jpg","datePublished":"2019-07-07T10:59:02+00:00","dateModified":"2019-07-07T10:59:03+00:00","author":{"@id":"https:\/\/super-news.info\/es\/#\/schema\/person\/2d4068cb2f39cd10008c2fce578a7356"},"breadcrumb":{"@id":"https:\/\/super-news.info\/es\/madrid-supera-la-cota-de-los-8-000-coches-de-uber-y-cabify\/#breadcrumb"},"inLanguage":"en-US","potentialAction":[{"@type":"ReadAction","target":["https:\/\/super-news.info\/es\/madrid-supera-la-cota-de-los-8-000-coches-de-uber-y-cabify\/"]}]},{"@type":"ImageObject","inLanguage":"en-US","@id":"https:\/\/super-news.info\/es\/madrid-supera-la-cota-de-los-8-000-coches-de-uber-y-cabify\/#primaryimage","url":"https:\/\/super-news.info\/es\/wp-content\/uploads\/sites\/4\/2019\/07\/Madrid-supera-la-cota-de-los-8.000-coches-de-Uber.jpg","contentUrl":"https:\/\/super-news.info\/es\/wp-content\/uploads\/sites\/4\/2019\/07\/Madrid-supera-la-cota-de-los-8.000-coches-de-Uber.jpg","width":120,"height":80,"caption":"Madrid supera la cota de los 8.000 coches de Uber y Cabify"},{"@type":"BreadcrumbList","@id":"https:\/\/super-news.info\/es\/madrid-supera-la-cota-de-los-8-000-coches-de-uber-y-cabify\/#breadcrumb","itemListElement":[{"@type":"ListItem","position":1,"name":"\u0413\u043b\u0430\u0432\u043d\u0430\u044f \u0441\u0442\u0440\u0430\u043d\u0438\u0446\u0430","item":"https:\/\/super-news.info\/es\/"},{"@type":"ListItem","position":2,"name":"Madrid supera la cota de los 8.000 coches de Uber y Cabify"}]},{"@type":"WebSite","@id":"https:\/\/super-news.info\/es\/#website","url":"https:\/\/super-news.info\/es\/","name":"Super News","description":"Super News Espa\u00f1a","potentialAction":[{"@type":"SearchAction","target":{"@type":"EntryPoint","urlTemplate":"https:\/\/super-news.info\/es\/?s={search_term_string}"},"query-input":{"@type":"PropertyValueSpecification","valueRequired":true,"valueName":"search_term_string"}}],"inLanguage":"en-US"},{"@type":"Person","@id":"https:\/\/super-news.info\/es\/#\/schema\/person\/2d4068cb2f39cd10008c2fce578a7356","name":"super-news","image":{"@type":"ImageObject","inLanguage":"en-US","@id":"https:\/\/secure.gravatar.com\/avatar\/64ebac40b93f26a154f8a9b5b6fdccfc46f442b26b3dd6756dbff3bf9dc76fd7?s=96&d=mm&r=g","url":"https:\/\/secure.gravatar.com\/avatar\/64ebac40b93f26a154f8a9b5b6fdccfc46f442b26b3dd6756dbff3bf9dc76fd7?s=96&d=mm&r=g","contentUrl":"https:\/\/secure.gravatar.com\/avatar\/64ebac40b93f26a154f8a9b5b6fdccfc46f442b26b3dd6756dbff3bf9dc76fd7?s=96&d=mm&r=g","caption":"super-news"},"url":"https:\/\/super-news.info\/es\/author\/pt\/"}]}},"_links":{"self":[{"href":"https:\/\/super-news.info\/es\/wp-json\/wp\/v2\/posts\/5745","targetHints":{"allow":["GET"]}}],"collection":[{"href":"https:\/\/super-news.info\/es\/wp-json\/wp\/v2\/posts"}],"about":[{"href":"https:\/\/super-news.info\/es\/wp-json\/wp\/v2\/types\/post"}],"author":[{"embeddable":true,"href":"https:\/\/super-news.info\/es\/wp-json\/wp\/v2\/users\/2"}],"replies":[{"embeddable":true,"href":"https:\/\/super-news.info\/es\/wp-json\/wp\/v2\/comments?post=5745"}],"version-history":[{"count":1,"href":"https:\/\/super-news.info\/es\/wp-json\/wp\/v2\/posts\/5745\/revisions"}],"predecessor-version":[{"id":5747,"href":"https:\/\/super-news.info\/es\/wp-json\/wp\/v2\/posts\/5745\/revisions\/5747"}],"wp:featuredmedia":[{"embeddable":true,"href":"https:\/\/super-news.info\/es\/wp-json\/wp\/v2\/media\/5746"}],"wp:attachment":[{"href":"https:\/\/super-news.info\/es\/wp-json\/wp\/v2\/media?parent=5745"}],"wp:term":[{"taxonomy":"category","embeddable":true,"href":"https:\/\/super-news.info\/es\/wp-json\/wp\/v2\/categories?post=5745"},{"taxonomy":"post_tag","embeddable":true,"href":"https:\/\/super-news.info\/es\/wp-json\/wp\/v2\/tags?post=5745"}],"curies":[{"name":"wp","href":"https:\/\/api.w.org\/{rel}","templated":true}]}}