{"id":56,"date":"2019-04-12T03:32:35","date_gmt":"2019-04-12T00:32:35","guid":{"rendered":"https:\/\/super-news.info\/es\/el-nuevo-calendario-para-el-brexit-dispara-la-cotizacion-de-las-aerolineas-europeas\/"},"modified":"2019-04-12T03:32:36","modified_gmt":"2019-04-12T00:32:36","slug":"el-nuevo-calendario-para-el-brexit-dispara-la-cotizacion-de-las-aerolineas-europeas","status":"publish","type":"post","link":"https:\/\/super-news.info\/es\/el-nuevo-calendario-para-el-brexit-dispara-la-cotizacion-de-las-aerolineas-europeas\/","title":{"rendered":"El nuevo calendario para el &#8216;Brexit&#8217; dispara la cotizaci\u00f3n de las aerol\u00edneas europeas"},"content":{"rendered":"<p> [ad_1]<br \/>\n<\/p>\n<div id=\"CuerpoNoticia\" itemprop=\"articleBody\"><!--inicio FechaNoticia--><\/p>\n<div class=\"FechaPublicacionNoticia\"><span>Actualizado<\/span> 11\/04\/2019 19:04:06 <abbr title=\"Central European Time\">CET<\/abbr><\/div>\n<p><!--fin FechaNoticia--><!-- inicio multimedia --><\/p>\n<div class=\"full644\"><!-- inicio foto --><\/p>\n<div class=\"schema_foto\" itemscope=\" itemtype=\" https:=\"\" schema=\"\" org=\"\" imageobject=\"\">\n<p>DAVID RAMOS\/GETTY &#8211; Archivo<\/p>\n<\/div>\n<p><!-- fin foto --><\/div>\n<p><!-- fin multimedia --><\/p>\n<p>MADRID, 11 Abr. (EUROPA PRESS) &#8211;<\/p>\n<p itemprop=\"description\">El nuevo calendario impuesto por sus socios en la Uni\u00f3n Europea para retrasar el &#8216;Brexit&#8217; hasta el 31 de octubre, una pr\u00f3rroga cuatro meses m\u00e1s extensa que lo deseado por Londres y sujeta a una serie de condiciones, ha animado la cotizaci\u00f3n de las principales aerol\u00edneas europeos, uno de los sectores m\u00e1s expuestos.<\/p>\n<p>En el Ibex 35, el grupo a\u00e9reo IAG, fruto de la fusi\u00f3n de Iberia y la brit\u00e1nica British Airways, ha liderado las subidas del selectivo con un repunte del 5,86% tras la nueva pr\u00f3rroga que arrojaba incertidumbre sobre el sector a\u00e9reo, uno de los m\u00e1s afectados.<\/p>\n<p>De su lado, easyJet ha despegado un 8,38% en la Bolsa de Londres; Norwegian se ha revalorizado un 4,56% en la Bolsa de Oslo, mientras que Ryanair y Wizz Air tambi\u00e9n han registrado subidas del 5,7% y del 3,2%, respectivamente, as\u00ed como Air France-KLM, que ha aumentado su cotizaci\u00f3n en un 3,11%.<\/p>\n<p>Esta jornada positiva para las aerol\u00edneas rompe con un periodo de bajadas que acumula un 20% de p\u00e9rdidas en el \u00faltimo a\u00f1o. La nueva fecha para el &#8216;Brexit&#8217; no elimina los problemas para estas compa\u00f1\u00edas, pero s\u00ed alarga el plazo para poder tomar decisiones y, al menos, operar con normalidad durante la temporada alta de verano.<\/p>\n<p>A partir del 12 de abril, echaba a andar el periodo de seis meses que la UE hab\u00eda acordado dar a las aerol\u00edneas para convencer a Bruselas de que tras el &#8216;Brexit&#8217; seguir\u00e1n cumpliendo las exigencias comunitarias que permiten operar rutas entre destinos de la Uni\u00f3n Europea &#8211;que su control efectivo recaiga sobre un Estado miembro o sus nacionales y que la propiedad del 50% m\u00e1s una de las acciones sea tambi\u00e9n europea&#8211;.<\/p>\n<h2 class=\"ladillo\">&#8216;BREXIT DURO&#8217; O &#8216;BREXIT BLANDO&#8217;<\/h2>\n<p>La nueva situaci\u00f3n plantea dos escenarios: un &#8216;Brexit&#8217; blando, en el que Reino Unido continuar\u00eda dentro la uni\u00f3n aduanera europea, por lo que no podr\u00eda negociar acuerdos unilaterales con terceros, mientras que si mantuviera la libre circulaci\u00f3n de personas de dentro de la UE tendr\u00eda que seguir aportando fondos; o una salida sin acuerdo, que generar\u00eda una mayor volatilidad e incertidumbre, debido a que se tendr\u00edan que negociar nuevos acuerdos sobre todo en materia de circulaci\u00f3n de personas y mercanc\u00edas.<\/p>\n<p>En este segundo escenario, podr\u00eda darse el caso de que los ciudadanos brit\u00e1nicos necesitaran de visados para viajar a Espa\u00f1a, o que los que residen aqu\u00ed pasaran a estar de manera irregular.<\/p>\n<p>Seg\u00fan Joaqu\u00edn Robles, analista de XTB, el mayor inconveniente de este nuevo aplazamiento son las elecciones al Parlamento europeo, que tendr\u00e1n lugar en mayo.<\/p>\n<p>Reino Unido ha declarado que se compromete a participar en las elecciones lo que da un respiro al sector tur\u00edstico, siendo el mercado brit\u00e1nico el principal emisor de turistas hacia Espa\u00f1a. En el caso de que cambie de idea, se ver\u00eda obligada a salir de la Uni\u00f3n Europea sin acuerdo el pr\u00f3ximo 1 de junio, antes del verano.<\/p>\n<h2 class=\"ladillo\">OTRA VEZ EN LA CASILLA DE SALIDA.<\/h2>\n<p>&#8220;La situaci\u00f3n del Brexit continua totalmente estancada, despu\u00e9s de establecer una nueva pr\u00f3rroga para que el Parlamento brit\u00e1nico acepte el actual acuerdo con la Uni\u00f3n Europea&#8221;, apunta este analista<\/p>\n<p>Desde hace dos a\u00f1os se ha experimentado una ligera reducci\u00f3n de brit\u00e1nicos a la espera de la resoluci\u00f3n final del &#8216;Brexit&#8217;, lo que afectar\u00eda al mercado inmobiliario local y al turismo de zona, apunta este analista.<\/p>\n<p>En el peor de los escenarios, con un &#8216;Brexit&#8217; sin acuerdo, el flujo constante de mercanc\u00edas y el sector inmobiliario tambi\u00e9n se podr\u00eda ver perjudicado en Espa\u00f1a, ya que los brit\u00e1nicos tienen un peso &#8220;muy importante&#8221; tanto en el turismo hotelero, como en la compra de propiedades en zonas costeras.<\/p>\n<p>En Espa\u00f1a hay unos 300.000 brit\u00e1nicos registrados, de los cuales 115.000 est\u00e1n en edad de jubilaci\u00f3n. Muchos de ellos viven en Espa\u00f1a con la pensi\u00f3n de su pa\u00eds de origen, siendo Andaluc\u00eda, la Comunidad Valenciana, Baleares y Canarias, con una especial concentraci\u00f3n en Alicante y M\u00e1laga, donde m\u00e1s poblaci\u00f3n brit\u00e1nica se concentra.<\/p>\n<\/div>\n<p>[ad_2]<br \/>\n<br \/><a href=\"https:\/\/www.europapress.es\/turismo\/transportes\/aerolineas\/noticia-nuevo-calendario-brexit-dispara-cotizacion-aerolineas-europeas-20190411184513.html\">Source link <\/a><\/p>\n","protected":false},"excerpt":{"rendered":"<p>[ad_1] Actualizado 11\/04\/2019 19:04:06 CET DAVID RAMOS\/GETTY &#8211; Archivo MADRID, 11 Abr. (EUROPA PRESS) &#8211; El nuevo calendario impuesto por sus socios en la Uni\u00f3n Europea para retrasar el &#8216;Brexit&#8217; hasta el 31 de octubre, una pr\u00f3rroga cuatro meses m\u00e1s extensa que lo deseado por Londres y sujeta a una serie de condiciones, ha animado [&hellip;]<\/p>\n","protected":false},"author":2,"featured_media":57,"comment_status":"open","ping_status":"open","sticky":false,"template":"","format":"standard","meta":{"footnotes":""},"categories":[1],"tags":[],"class_list":["post-56","post","type-post","status-publish","format-standard","has-post-thumbnail","hentry","category-noticias-financieras"],"yoast_head":"<!-- This site is optimized with the Yoast SEO plugin v27.4 - https:\/\/yoast.com\/product\/yoast-seo-wordpress\/ -->\n<title>El nuevo calendario para el &#039;Brexit&#039; dispara la cotizaci\u00f3n de las aerol\u00edneas europeas - Super News<\/title>\n<meta name=\"robots\" content=\"index, follow, max-snippet:-1, max-image-preview:large, max-video-preview:-1\" \/>\n<link rel=\"canonical\" href=\"https:\/\/super-news.info\/es\/el-nuevo-calendario-para-el-brexit-dispara-la-cotizacion-de-las-aerolineas-europeas\/\" \/>\n<meta property=\"og:locale\" content=\"en_US\" \/>\n<meta property=\"og:type\" content=\"article\" \/>\n<meta property=\"og:title\" content=\"El nuevo calendario para el &#039;Brexit&#039; dispara la cotizaci\u00f3n de las aerol\u00edneas europeas - Super News\" \/>\n<meta property=\"og:description\" content=\"[ad_1] Actualizado 11\/04\/2019 19:04:06 CET DAVID RAMOS\/GETTY &#8211; Archivo MADRID, 11 Abr. (EUROPA PRESS) &#8211; El nuevo calendario impuesto por sus socios en la Uni\u00f3n Europea para retrasar el &#8216;Brexit&#8217; hasta el 31 de octubre, una pr\u00f3rroga cuatro meses m\u00e1s extensa que lo deseado por Londres y sujeta a una serie de condiciones, ha animado [&hellip;]\" \/>\n<meta property=\"og:url\" content=\"https:\/\/super-news.info\/es\/el-nuevo-calendario-para-el-brexit-dispara-la-cotizacion-de-las-aerolineas-europeas\/\" \/>\n<meta property=\"og:site_name\" content=\"Super News\" \/>\n<meta property=\"article:published_time\" content=\"2019-04-12T00:32:35+00:00\" \/>\n<meta property=\"article:modified_time\" content=\"2019-04-12T00:32:36+00:00\" \/>\n<meta property=\"og:image\" content=\"https:\/\/super-news.info\/es\/wp-content\/uploads\/sites\/4\/2019\/04\/El-nuevo-calendario-para-el-Brexit-dispara-la-cotizaci\u00f3n-de.jpg\" \/>\n\t<meta property=\"og:image:width\" content=\"500\" \/>\n\t<meta property=\"og:image:height\" content=\"333\" \/>\n\t<meta property=\"og:image:type\" content=\"image\/jpeg\" \/>\n<meta name=\"author\" content=\"super-news\" \/>\n<meta name=\"twitter:card\" content=\"summary_large_image\" \/>\n<meta name=\"twitter:label1\" content=\"Written by\" \/>\n\t<meta name=\"twitter:data1\" content=\"super-news\" \/>\n\t<meta name=\"twitter:label2\" content=\"Est. reading time\" \/>\n\t<meta name=\"twitter:data2\" content=\"4 minutes\" \/>\n<script type=\"application\/ld+json\" class=\"yoast-schema-graph\">{\"@context\":\"https:\\\/\\\/schema.org\",\"@graph\":[{\"@type\":\"Article\",\"@id\":\"https:\\\/\\\/super-news.info\\\/es\\\/el-nuevo-calendario-para-el-brexit-dispara-la-cotizacion-de-las-aerolineas-europeas\\\/#article\",\"isPartOf\":{\"@id\":\"https:\\\/\\\/super-news.info\\\/es\\\/el-nuevo-calendario-para-el-brexit-dispara-la-cotizacion-de-las-aerolineas-europeas\\\/\"},\"author\":{\"name\":\"super-news\",\"@id\":\"https:\\\/\\\/super-news.info\\\/es\\\/#\\\/schema\\\/person\\\/2d4068cb2f39cd10008c2fce578a7356\"},\"headline\":\"El nuevo calendario para el &#8216;Brexit&#8217; dispara la cotizaci\u00f3n de las aerol\u00edneas europeas\",\"datePublished\":\"2019-04-12T00:32:35+00:00\",\"dateModified\":\"2019-04-12T00:32:36+00:00\",\"mainEntityOfPage\":{\"@id\":\"https:\\\/\\\/super-news.info\\\/es\\\/el-nuevo-calendario-para-el-brexit-dispara-la-cotizacion-de-las-aerolineas-europeas\\\/\"},\"wordCount\":744,\"commentCount\":0,\"image\":{\"@id\":\"https:\\\/\\\/super-news.info\\\/es\\\/el-nuevo-calendario-para-el-brexit-dispara-la-cotizacion-de-las-aerolineas-europeas\\\/#primaryimage\"},\"thumbnailUrl\":\"https:\\\/\\\/super-news.info\\\/es\\\/wp-content\\\/uploads\\\/sites\\\/4\\\/2019\\\/04\\\/El-nuevo-calendario-para-el-Brexit-dispara-la-cotizaci\u00f3n-de.jpg\",\"articleSection\":[\"NOTICIAS FINANCIERAS\"],\"inLanguage\":\"en-US\",\"potentialAction\":[{\"@type\":\"CommentAction\",\"name\":\"Comment\",\"target\":[\"https:\\\/\\\/super-news.info\\\/es\\\/el-nuevo-calendario-para-el-brexit-dispara-la-cotizacion-de-las-aerolineas-europeas\\\/#respond\"]}]},{\"@type\":\"WebPage\",\"@id\":\"https:\\\/\\\/super-news.info\\\/es\\\/el-nuevo-calendario-para-el-brexit-dispara-la-cotizacion-de-las-aerolineas-europeas\\\/\",\"url\":\"https:\\\/\\\/super-news.info\\\/es\\\/el-nuevo-calendario-para-el-brexit-dispara-la-cotizacion-de-las-aerolineas-europeas\\\/\",\"name\":\"El nuevo calendario para el 'Brexit' dispara la cotizaci\u00f3n de las aerol\u00edneas europeas - Super News\",\"isPartOf\":{\"@id\":\"https:\\\/\\\/super-news.info\\\/es\\\/#website\"},\"primaryImageOfPage\":{\"@id\":\"https:\\\/\\\/super-news.info\\\/es\\\/el-nuevo-calendario-para-el-brexit-dispara-la-cotizacion-de-las-aerolineas-europeas\\\/#primaryimage\"},\"image\":{\"@id\":\"https:\\\/\\\/super-news.info\\\/es\\\/el-nuevo-calendario-para-el-brexit-dispara-la-cotizacion-de-las-aerolineas-europeas\\\/#primaryimage\"},\"thumbnailUrl\":\"https:\\\/\\\/super-news.info\\\/es\\\/wp-content\\\/uploads\\\/sites\\\/4\\\/2019\\\/04\\\/El-nuevo-calendario-para-el-Brexit-dispara-la-cotizaci\u00f3n-de.jpg\",\"datePublished\":\"2019-04-12T00:32:35+00:00\",\"dateModified\":\"2019-04-12T00:32:36+00:00\",\"author\":{\"@id\":\"https:\\\/\\\/super-news.info\\\/es\\\/#\\\/schema\\\/person\\\/2d4068cb2f39cd10008c2fce578a7356\"},\"breadcrumb\":{\"@id\":\"https:\\\/\\\/super-news.info\\\/es\\\/el-nuevo-calendario-para-el-brexit-dispara-la-cotizacion-de-las-aerolineas-europeas\\\/#breadcrumb\"},\"inLanguage\":\"en-US\",\"potentialAction\":[{\"@type\":\"ReadAction\",\"target\":[\"https:\\\/\\\/super-news.info\\\/es\\\/el-nuevo-calendario-para-el-brexit-dispara-la-cotizacion-de-las-aerolineas-europeas\\\/\"]}]},{\"@type\":\"ImageObject\",\"inLanguage\":\"en-US\",\"@id\":\"https:\\\/\\\/super-news.info\\\/es\\\/el-nuevo-calendario-para-el-brexit-dispara-la-cotizacion-de-las-aerolineas-europeas\\\/#primaryimage\",\"url\":\"https:\\\/\\\/super-news.info\\\/es\\\/wp-content\\\/uploads\\\/sites\\\/4\\\/2019\\\/04\\\/El-nuevo-calendario-para-el-Brexit-dispara-la-cotizaci\u00f3n-de.jpg\",\"contentUrl\":\"https:\\\/\\\/super-news.info\\\/es\\\/wp-content\\\/uploads\\\/sites\\\/4\\\/2019\\\/04\\\/El-nuevo-calendario-para-el-Brexit-dispara-la-cotizaci\u00f3n-de.jpg\",\"width\":500,\"height\":333,\"caption\":\"Econom\u00eda.- Aerol\u00edneas espa\u00f1olas rechazan una tasa al sector y abogan por incentivos al uso de combustibles sostenibles\"},{\"@type\":\"BreadcrumbList\",\"@id\":\"https:\\\/\\\/super-news.info\\\/es\\\/el-nuevo-calendario-para-el-brexit-dispara-la-cotizacion-de-las-aerolineas-europeas\\\/#breadcrumb\",\"itemListElement\":[{\"@type\":\"ListItem\",\"position\":1,\"name\":\"\u0413\u043b\u0430\u0432\u043d\u0430\u044f \u0441\u0442\u0440\u0430\u043d\u0438\u0446\u0430\",\"item\":\"https:\\\/\\\/super-news.info\\\/es\\\/\"},{\"@type\":\"ListItem\",\"position\":2,\"name\":\"El nuevo calendario para el &#8216;Brexit&#8217; dispara la cotizaci\u00f3n de las aerol\u00edneas europeas\"}]},{\"@type\":\"WebSite\",\"@id\":\"https:\\\/\\\/super-news.info\\\/es\\\/#website\",\"url\":\"https:\\\/\\\/super-news.info\\\/es\\\/\",\"name\":\"Super News\",\"description\":\"Super News Espa\u00f1a\",\"potentialAction\":[{\"@type\":\"SearchAction\",\"target\":{\"@type\":\"EntryPoint\",\"urlTemplate\":\"https:\\\/\\\/super-news.info\\\/es\\\/?s={search_term_string}\"},\"query-input\":{\"@type\":\"PropertyValueSpecification\",\"valueRequired\":true,\"valueName\":\"search_term_string\"}}],\"inLanguage\":\"en-US\"},{\"@type\":\"Person\",\"@id\":\"https:\\\/\\\/super-news.info\\\/es\\\/#\\\/schema\\\/person\\\/2d4068cb2f39cd10008c2fce578a7356\",\"name\":\"super-news\",\"image\":{\"@type\":\"ImageObject\",\"inLanguage\":\"en-US\",\"@id\":\"https:\\\/\\\/secure.gravatar.com\\\/avatar\\\/64ebac40b93f26a154f8a9b5b6fdccfc46f442b26b3dd6756dbff3bf9dc76fd7?s=96&d=mm&r=g\",\"url\":\"https:\\\/\\\/secure.gravatar.com\\\/avatar\\\/64ebac40b93f26a154f8a9b5b6fdccfc46f442b26b3dd6756dbff3bf9dc76fd7?s=96&d=mm&r=g\",\"contentUrl\":\"https:\\\/\\\/secure.gravatar.com\\\/avatar\\\/64ebac40b93f26a154f8a9b5b6fdccfc46f442b26b3dd6756dbff3bf9dc76fd7?s=96&d=mm&r=g\",\"caption\":\"super-news\"},\"url\":\"https:\\\/\\\/super-news.info\\\/es\\\/author\\\/pt\\\/\"}]}<\/script>\n<!-- \/ Yoast SEO plugin. -->","yoast_head_json":{"title":"El nuevo calendario para el 'Brexit' dispara la cotizaci\u00f3n de las aerol\u00edneas europeas - Super News","robots":{"index":"index","follow":"follow","max-snippet":"max-snippet:-1","max-image-preview":"max-image-preview:large","max-video-preview":"max-video-preview:-1"},"canonical":"https:\/\/super-news.info\/es\/el-nuevo-calendario-para-el-brexit-dispara-la-cotizacion-de-las-aerolineas-europeas\/","og_locale":"en_US","og_type":"article","og_title":"El nuevo calendario para el 'Brexit' dispara la cotizaci\u00f3n de las aerol\u00edneas europeas - Super News","og_description":"[ad_1] Actualizado 11\/04\/2019 19:04:06 CET DAVID RAMOS\/GETTY &#8211; Archivo MADRID, 11 Abr. (EUROPA PRESS) &#8211; El nuevo calendario impuesto por sus socios en la Uni\u00f3n Europea para retrasar el &#8216;Brexit&#8217; hasta el 31 de octubre, una pr\u00f3rroga cuatro meses m\u00e1s extensa que lo deseado por Londres y sujeta a una serie de condiciones, ha animado [&hellip;]","og_url":"https:\/\/super-news.info\/es\/el-nuevo-calendario-para-el-brexit-dispara-la-cotizacion-de-las-aerolineas-europeas\/","og_site_name":"Super News","article_published_time":"2019-04-12T00:32:35+00:00","article_modified_time":"2019-04-12T00:32:36+00:00","og_image":[{"width":500,"height":333,"url":"https:\/\/super-news.info\/es\/wp-content\/uploads\/sites\/4\/2019\/04\/El-nuevo-calendario-para-el-Brexit-dispara-la-cotizaci\u00f3n-de.jpg","type":"image\/jpeg"}],"author":"super-news","twitter_card":"summary_large_image","twitter_misc":{"Written by":"super-news","Est. reading time":"4 minutes"},"schema":{"@context":"https:\/\/schema.org","@graph":[{"@type":"Article","@id":"https:\/\/super-news.info\/es\/el-nuevo-calendario-para-el-brexit-dispara-la-cotizacion-de-las-aerolineas-europeas\/#article","isPartOf":{"@id":"https:\/\/super-news.info\/es\/el-nuevo-calendario-para-el-brexit-dispara-la-cotizacion-de-las-aerolineas-europeas\/"},"author":{"name":"super-news","@id":"https:\/\/super-news.info\/es\/#\/schema\/person\/2d4068cb2f39cd10008c2fce578a7356"},"headline":"El nuevo calendario para el &#8216;Brexit&#8217; dispara la cotizaci\u00f3n de las aerol\u00edneas europeas","datePublished":"2019-04-12T00:32:35+00:00","dateModified":"2019-04-12T00:32:36+00:00","mainEntityOfPage":{"@id":"https:\/\/super-news.info\/es\/el-nuevo-calendario-para-el-brexit-dispara-la-cotizacion-de-las-aerolineas-europeas\/"},"wordCount":744,"commentCount":0,"image":{"@id":"https:\/\/super-news.info\/es\/el-nuevo-calendario-para-el-brexit-dispara-la-cotizacion-de-las-aerolineas-europeas\/#primaryimage"},"thumbnailUrl":"https:\/\/super-news.info\/es\/wp-content\/uploads\/sites\/4\/2019\/04\/El-nuevo-calendario-para-el-Brexit-dispara-la-cotizaci\u00f3n-de.jpg","articleSection":["NOTICIAS FINANCIERAS"],"inLanguage":"en-US","potentialAction":[{"@type":"CommentAction","name":"Comment","target":["https:\/\/super-news.info\/es\/el-nuevo-calendario-para-el-brexit-dispara-la-cotizacion-de-las-aerolineas-europeas\/#respond"]}]},{"@type":"WebPage","@id":"https:\/\/super-news.info\/es\/el-nuevo-calendario-para-el-brexit-dispara-la-cotizacion-de-las-aerolineas-europeas\/","url":"https:\/\/super-news.info\/es\/el-nuevo-calendario-para-el-brexit-dispara-la-cotizacion-de-las-aerolineas-europeas\/","name":"El nuevo calendario para el 'Brexit' dispara la cotizaci\u00f3n de las aerol\u00edneas europeas - Super News","isPartOf":{"@id":"https:\/\/super-news.info\/es\/#website"},"primaryImageOfPage":{"@id":"https:\/\/super-news.info\/es\/el-nuevo-calendario-para-el-brexit-dispara-la-cotizacion-de-las-aerolineas-europeas\/#primaryimage"},"image":{"@id":"https:\/\/super-news.info\/es\/el-nuevo-calendario-para-el-brexit-dispara-la-cotizacion-de-las-aerolineas-europeas\/#primaryimage"},"thumbnailUrl":"https:\/\/super-news.info\/es\/wp-content\/uploads\/sites\/4\/2019\/04\/El-nuevo-calendario-para-el-Brexit-dispara-la-cotizaci\u00f3n-de.jpg","datePublished":"2019-04-12T00:32:35+00:00","dateModified":"2019-04-12T00:32:36+00:00","author":{"@id":"https:\/\/super-news.info\/es\/#\/schema\/person\/2d4068cb2f39cd10008c2fce578a7356"},"breadcrumb":{"@id":"https:\/\/super-news.info\/es\/el-nuevo-calendario-para-el-brexit-dispara-la-cotizacion-de-las-aerolineas-europeas\/#breadcrumb"},"inLanguage":"en-US","potentialAction":[{"@type":"ReadAction","target":["https:\/\/super-news.info\/es\/el-nuevo-calendario-para-el-brexit-dispara-la-cotizacion-de-las-aerolineas-europeas\/"]}]},{"@type":"ImageObject","inLanguage":"en-US","@id":"https:\/\/super-news.info\/es\/el-nuevo-calendario-para-el-brexit-dispara-la-cotizacion-de-las-aerolineas-europeas\/#primaryimage","url":"https:\/\/super-news.info\/es\/wp-content\/uploads\/sites\/4\/2019\/04\/El-nuevo-calendario-para-el-Brexit-dispara-la-cotizaci\u00f3n-de.jpg","contentUrl":"https:\/\/super-news.info\/es\/wp-content\/uploads\/sites\/4\/2019\/04\/El-nuevo-calendario-para-el-Brexit-dispara-la-cotizaci\u00f3n-de.jpg","width":500,"height":333,"caption":"Econom\u00eda.- Aerol\u00edneas espa\u00f1olas rechazan una tasa al sector y abogan por incentivos al uso de combustibles sostenibles"},{"@type":"BreadcrumbList","@id":"https:\/\/super-news.info\/es\/el-nuevo-calendario-para-el-brexit-dispara-la-cotizacion-de-las-aerolineas-europeas\/#breadcrumb","itemListElement":[{"@type":"ListItem","position":1,"name":"\u0413\u043b\u0430\u0432\u043d\u0430\u044f \u0441\u0442\u0440\u0430\u043d\u0438\u0446\u0430","item":"https:\/\/super-news.info\/es\/"},{"@type":"ListItem","position":2,"name":"El nuevo calendario para el &#8216;Brexit&#8217; dispara la cotizaci\u00f3n de las aerol\u00edneas europeas"}]},{"@type":"WebSite","@id":"https:\/\/super-news.info\/es\/#website","url":"https:\/\/super-news.info\/es\/","name":"Super News","description":"Super News Espa\u00f1a","potentialAction":[{"@type":"SearchAction","target":{"@type":"EntryPoint","urlTemplate":"https:\/\/super-news.info\/es\/?s={search_term_string}"},"query-input":{"@type":"PropertyValueSpecification","valueRequired":true,"valueName":"search_term_string"}}],"inLanguage":"en-US"},{"@type":"Person","@id":"https:\/\/super-news.info\/es\/#\/schema\/person\/2d4068cb2f39cd10008c2fce578a7356","name":"super-news","image":{"@type":"ImageObject","inLanguage":"en-US","@id":"https:\/\/secure.gravatar.com\/avatar\/64ebac40b93f26a154f8a9b5b6fdccfc46f442b26b3dd6756dbff3bf9dc76fd7?s=96&d=mm&r=g","url":"https:\/\/secure.gravatar.com\/avatar\/64ebac40b93f26a154f8a9b5b6fdccfc46f442b26b3dd6756dbff3bf9dc76fd7?s=96&d=mm&r=g","contentUrl":"https:\/\/secure.gravatar.com\/avatar\/64ebac40b93f26a154f8a9b5b6fdccfc46f442b26b3dd6756dbff3bf9dc76fd7?s=96&d=mm&r=g","caption":"super-news"},"url":"https:\/\/super-news.info\/es\/author\/pt\/"}]}},"_links":{"self":[{"href":"https:\/\/super-news.info\/es\/wp-json\/wp\/v2\/posts\/56","targetHints":{"allow":["GET"]}}],"collection":[{"href":"https:\/\/super-news.info\/es\/wp-json\/wp\/v2\/posts"}],"about":[{"href":"https:\/\/super-news.info\/es\/wp-json\/wp\/v2\/types\/post"}],"author":[{"embeddable":true,"href":"https:\/\/super-news.info\/es\/wp-json\/wp\/v2\/users\/2"}],"replies":[{"embeddable":true,"href":"https:\/\/super-news.info\/es\/wp-json\/wp\/v2\/comments?post=56"}],"version-history":[{"count":1,"href":"https:\/\/super-news.info\/es\/wp-json\/wp\/v2\/posts\/56\/revisions"}],"predecessor-version":[{"id":58,"href":"https:\/\/super-news.info\/es\/wp-json\/wp\/v2\/posts\/56\/revisions\/58"}],"wp:featuredmedia":[{"embeddable":true,"href":"https:\/\/super-news.info\/es\/wp-json\/wp\/v2\/media\/57"}],"wp:attachment":[{"href":"https:\/\/super-news.info\/es\/wp-json\/wp\/v2\/media?parent=56"}],"wp:term":[{"taxonomy":"category","embeddable":true,"href":"https:\/\/super-news.info\/es\/wp-json\/wp\/v2\/categories?post=56"},{"taxonomy":"post_tag","embeddable":true,"href":"https:\/\/super-news.info\/es\/wp-json\/wp\/v2\/tags?post=56"}],"curies":[{"name":"wp","href":"https:\/\/api.w.org\/{rel}","templated":true}]}}