{"id":3565,"date":"2019-06-10T12:57:38","date_gmt":"2019-06-10T09:57:38","guid":{"rendered":"https:\/\/super-news.info\/es\/las-marcas-celebran-el-triunfo-de-nadal-y-homenajean-su-espiritu-de-superacion\/"},"modified":"2020-02-21T15:10:48","modified_gmt":"2020-02-21T12:10:48","slug":"las-marcas-celebran-el-triunfo-de-nadal-y-homenajean-su-espiritu-de-superacion","status":"publish","type":"post","link":"https:\/\/super-news.info\/es\/las-marcas-celebran-el-triunfo-de-nadal-y-homenajean-su-espiritu-de-superacion\/","title":{"rendered":"Las marcas celebran el triunfo de Nadal y homenajean su esp\u00edritu de superaci\u00f3n"},"content":{"rendered":"<p>Rafa Nadal sum\u00f3 ayer a sus innumerables triunfos otra victoria en Roland Garros. El tenista se hizo con la copa tras vencer al austriaco, Dominic Thiem.<\/p>\n<p>Adem\u00e1s de por su indudable talento, Rafael Nadal conquista a los fans (y no tan fans) del tenis por su intachable trayectoria, su esp\u00edritu de superaci\u00f3n y su car\u00e1cter humilde.<\/p>\n<p>Con esta f\u00f3rmula corriendo por sus venas, no es de extra\u00f1ar que no solo haya conquistado a los aficionados y telespectadores, sino tambi\u00e9n a <strong>las marcas que han apostado por acompa\u00f1ar al tenista<\/strong> en sus \u00e9xitos y derrotas.<\/p>\n<p><strong>Nike<\/strong>, marca patrocinadora de Rafa Nadal, ha querido felicitar al campe\u00f3n por <strong>ganar su 12\u00ba Roland Garros<\/strong> con un v\u00eddeo que repasa su trayectoria desde los 15 a\u00f1os. Y es que el ic\u00f3nico &#8220;Just do it&#8221; parece que est\u00e1 hecho para el tenista. Bajo el claim &#8220;Crazy dreams take crazy effort&#8221;, la marca ha lanzado la emotiva pieza para recordar el esfuerzo tit\u00e1nico del mallorqu\u00edn. En el v\u00eddeo, Nike recopila im\u00e1genes de Rafa Nadal en pista, desde que apenas era un ni\u00f1o hasta la actualidad, siempre acompa\u00f1ado de su equipaci\u00f3n.<\/p>\n<p>Si no visualiza correctamente el v\u00eddeo embedded, haga clic aqu\u00ed.<\/p>\n<p>Por su parte, grandes compa\u00f1\u00edas como Kia, que comenz\u00f3 a trabajar con el tenista en 2004, o Mapfre, que lo hizo en 2009, se han sumado a las felicitaciones en papel y redes sociales, homenajeando al futbolista y recordando a sus fans su constante apoyo al deportista.<\/p>\n<blockquote><p>Una vez m\u00e1s @RafaelNadal has demostrado a todos que eres \u00fanico. Los m\u00e1s de 250.000 profesionales que trabajan en el mundo para @MAPFRE y @fmapfre te felicitamos y te agradecemos los #valores que transmites a lo m\u00e1s j\u00f3venes. GRACIAS Rafa! pic.twitter.com\/2ZA0aAhT3j<\/p>\n<p>\u2014 Antonio Huertas (@ahuertasmejias) 9 de junio de 2019<\/p><\/blockquote>\n<blockquote><p>Solo las Leyendas escriben la historia, y t\u00fa lo has hecho nada menos que 12 veces. \u00a1Disfruta de este gran momento @RafaelNadal, te lo mereces! ????????????#AllezRafa #SoyNadalista #KiaNadal15A\u00f1os pic.twitter.com\/plEYlkE1Wo<\/p>\n<p>\u2014 Kia Espa\u00f1a (@kiamotorsiberia) 9 de junio de 2019<\/p><\/blockquote>\n<p>Telef\u00f3nica, que design\u00f3 en 2014 a Rafa Nadal como su embajador de marca, ha repasado las 12 victorias del tenista en Roland Garros en sus redes sociales:<\/p>\n<blockquote><p>2005?<br \/>\n2006?<br \/>\n2007?<br \/>\n2008?<br \/>\n2010?<br \/>\n2011?<br \/>\n2012?<br \/>\n2013?<br \/>\n2014?<br \/>\n2017?<br \/>\n2018?<br \/>\n2019?<\/p>\n<p>?Simplemente @RafaelNadal?#RolandGarros2019champion pic.twitter.com\/vpXyKC7vsr<\/p>\n<p>\u2014 Telef\u00f3nica (@Telefonica) 9 de junio de 2019<\/p><\/blockquote>\n<p>No te pierdas nada de MarketingDirecto.com y \u00fanete a nuestro Telegram t.me\/MarketingDirecto<\/p>\n<p><a href=\"https:\/\/www.marketingdirecto.com\/anunciantes-general\/anunciantes\/las-marcas-celebran-el-triunfo-de-nadal-y-homenajean-su-espiritu-de-superacion\">Source link <\/a><\/p>\n","protected":false},"excerpt":{"rendered":"<p>Rafa Nadal sum\u00f3 ayer a sus innumerables triunfos otra victoria en Roland Garros. El tenista se hizo con la copa tras vencer al austriaco, Dominic Thiem. Adem\u00e1s de por su indudable talento, Rafael Nadal conquista a los fans (y no tan fans) del tenis por su intachable trayectoria, su esp\u00edritu de superaci\u00f3n y su car\u00e1cter [&hellip;]<\/p>\n","protected":false},"author":2,"featured_media":3566,"comment_status":"open","ping_status":"open","sticky":false,"template":"","format":"standard","meta":{"footnotes":""},"categories":[2],"tags":[],"class_list":["post-3565","post","type-post","status-publish","format-standard","has-post-thumbnail","hentry","category-noticias-de-marketing-digital"],"yoast_head":"<!-- This site is optimized with the Yoast SEO plugin v27.4 - https:\/\/yoast.com\/product\/yoast-seo-wordpress\/ -->\n<title>Las marcas celebran el triunfo de Nadal y homenajean su esp\u00edritu de superaci\u00f3n - Super News<\/title>\n<meta name=\"robots\" content=\"index, follow, max-snippet:-1, max-image-preview:large, max-video-preview:-1\" \/>\n<link rel=\"canonical\" href=\"https:\/\/super-news.info\/es\/las-marcas-celebran-el-triunfo-de-nadal-y-homenajean-su-espiritu-de-superacion\/\" \/>\n<meta property=\"og:locale\" content=\"en_US\" \/>\n<meta property=\"og:type\" content=\"article\" \/>\n<meta property=\"og:title\" content=\"Las marcas celebran el triunfo de Nadal y homenajean su esp\u00edritu de superaci\u00f3n - Super News\" \/>\n<meta property=\"og:description\" content=\"Rafa Nadal sum\u00f3 ayer a sus innumerables triunfos otra victoria en Roland Garros. El tenista se hizo con la copa tras vencer al austriaco, Dominic Thiem. Adem\u00e1s de por su indudable talento, Rafael Nadal conquista a los fans (y no tan fans) del tenis por su intachable trayectoria, su esp\u00edritu de superaci\u00f3n y su car\u00e1cter [&hellip;]\" \/>\n<meta property=\"og:url\" content=\"https:\/\/super-news.info\/es\/las-marcas-celebran-el-triunfo-de-nadal-y-homenajean-su-espiritu-de-superacion\/\" \/>\n<meta property=\"og:site_name\" content=\"Super News\" \/>\n<meta property=\"article:published_time\" content=\"2019-06-10T09:57:38+00:00\" \/>\n<meta property=\"article:modified_time\" content=\"2020-02-21T12:10:48+00:00\" \/>\n<meta property=\"og:image\" content=\"https:\/\/super-news.info\/es\/wp-content\/uploads\/sites\/4\/2019\/06\/Las-marcas-celebran-el-triunfo-de-Nadal-y-homenajean-su.png\" \/>\n\t<meta property=\"og:image:width\" content=\"626\" \/>\n\t<meta property=\"og:image:height\" content=\"364\" \/>\n\t<meta property=\"og:image:type\" content=\"image\/png\" \/>\n<meta name=\"author\" content=\"super-news\" \/>\n<meta name=\"twitter:card\" content=\"summary_large_image\" \/>\n<meta name=\"twitter:label1\" content=\"Written by\" \/>\n\t<meta name=\"twitter:data1\" content=\"super-news\" \/>\n\t<meta name=\"twitter:label2\" content=\"Est. reading time\" \/>\n\t<meta name=\"twitter:data2\" content=\"2 minutes\" \/>\n<script type=\"application\/ld+json\" class=\"yoast-schema-graph\">{\"@context\":\"https:\\\/\\\/schema.org\",\"@graph\":[{\"@type\":\"Article\",\"@id\":\"https:\\\/\\\/super-news.info\\\/es\\\/las-marcas-celebran-el-triunfo-de-nadal-y-homenajean-su-espiritu-de-superacion\\\/#article\",\"isPartOf\":{\"@id\":\"https:\\\/\\\/super-news.info\\\/es\\\/las-marcas-celebran-el-triunfo-de-nadal-y-homenajean-su-espiritu-de-superacion\\\/\"},\"author\":{\"name\":\"super-news\",\"@id\":\"https:\\\/\\\/super-news.info\\\/es\\\/#\\\/schema\\\/person\\\/2d4068cb2f39cd10008c2fce578a7356\"},\"headline\":\"Las marcas celebran el triunfo de Nadal y homenajean su esp\u00edritu de superaci\u00f3n\",\"datePublished\":\"2019-06-10T09:57:38+00:00\",\"dateModified\":\"2020-02-21T12:10:48+00:00\",\"mainEntityOfPage\":{\"@id\":\"https:\\\/\\\/super-news.info\\\/es\\\/las-marcas-celebran-el-triunfo-de-nadal-y-homenajean-su-espiritu-de-superacion\\\/\"},\"wordCount\":427,\"commentCount\":0,\"image\":{\"@id\":\"https:\\\/\\\/super-news.info\\\/es\\\/las-marcas-celebran-el-triunfo-de-nadal-y-homenajean-su-espiritu-de-superacion\\\/#primaryimage\"},\"thumbnailUrl\":\"https:\\\/\\\/super-news.info\\\/es\\\/wp-content\\\/uploads\\\/sites\\\/4\\\/2019\\\/06\\\/Las-marcas-celebran-el-triunfo-de-Nadal-y-homenajean-su.png\",\"articleSection\":[\"NOTICIAS DE MARKETING DIGITAL\"],\"inLanguage\":\"en-US\",\"potentialAction\":[{\"@type\":\"CommentAction\",\"name\":\"Comment\",\"target\":[\"https:\\\/\\\/super-news.info\\\/es\\\/las-marcas-celebran-el-triunfo-de-nadal-y-homenajean-su-espiritu-de-superacion\\\/#respond\"]}]},{\"@type\":\"WebPage\",\"@id\":\"https:\\\/\\\/super-news.info\\\/es\\\/las-marcas-celebran-el-triunfo-de-nadal-y-homenajean-su-espiritu-de-superacion\\\/\",\"url\":\"https:\\\/\\\/super-news.info\\\/es\\\/las-marcas-celebran-el-triunfo-de-nadal-y-homenajean-su-espiritu-de-superacion\\\/\",\"name\":\"Las marcas celebran el triunfo de Nadal y homenajean su esp\u00edritu de superaci\u00f3n - Super News\",\"isPartOf\":{\"@id\":\"https:\\\/\\\/super-news.info\\\/es\\\/#website\"},\"primaryImageOfPage\":{\"@id\":\"https:\\\/\\\/super-news.info\\\/es\\\/las-marcas-celebran-el-triunfo-de-nadal-y-homenajean-su-espiritu-de-superacion\\\/#primaryimage\"},\"image\":{\"@id\":\"https:\\\/\\\/super-news.info\\\/es\\\/las-marcas-celebran-el-triunfo-de-nadal-y-homenajean-su-espiritu-de-superacion\\\/#primaryimage\"},\"thumbnailUrl\":\"https:\\\/\\\/super-news.info\\\/es\\\/wp-content\\\/uploads\\\/sites\\\/4\\\/2019\\\/06\\\/Las-marcas-celebran-el-triunfo-de-Nadal-y-homenajean-su.png\",\"datePublished\":\"2019-06-10T09:57:38+00:00\",\"dateModified\":\"2020-02-21T12:10:48+00:00\",\"author\":{\"@id\":\"https:\\\/\\\/super-news.info\\\/es\\\/#\\\/schema\\\/person\\\/2d4068cb2f39cd10008c2fce578a7356\"},\"breadcrumb\":{\"@id\":\"https:\\\/\\\/super-news.info\\\/es\\\/las-marcas-celebran-el-triunfo-de-nadal-y-homenajean-su-espiritu-de-superacion\\\/#breadcrumb\"},\"inLanguage\":\"en-US\",\"potentialAction\":[{\"@type\":\"ReadAction\",\"target\":[\"https:\\\/\\\/super-news.info\\\/es\\\/las-marcas-celebran-el-triunfo-de-nadal-y-homenajean-su-espiritu-de-superacion\\\/\"]}]},{\"@type\":\"ImageObject\",\"inLanguage\":\"en-US\",\"@id\":\"https:\\\/\\\/super-news.info\\\/es\\\/las-marcas-celebran-el-triunfo-de-nadal-y-homenajean-su-espiritu-de-superacion\\\/#primaryimage\",\"url\":\"https:\\\/\\\/super-news.info\\\/es\\\/wp-content\\\/uploads\\\/sites\\\/4\\\/2019\\\/06\\\/Las-marcas-celebran-el-triunfo-de-Nadal-y-homenajean-su.png\",\"contentUrl\":\"https:\\\/\\\/super-news.info\\\/es\\\/wp-content\\\/uploads\\\/sites\\\/4\\\/2019\\\/06\\\/Las-marcas-celebran-el-triunfo-de-Nadal-y-homenajean-su.png\",\"width\":626,\"height\":364,\"caption\":\"Rafael Nadal\"},{\"@type\":\"BreadcrumbList\",\"@id\":\"https:\\\/\\\/super-news.info\\\/es\\\/las-marcas-celebran-el-triunfo-de-nadal-y-homenajean-su-espiritu-de-superacion\\\/#breadcrumb\",\"itemListElement\":[{\"@type\":\"ListItem\",\"position\":1,\"name\":\"\u0413\u043b\u0430\u0432\u043d\u0430\u044f \u0441\u0442\u0440\u0430\u043d\u0438\u0446\u0430\",\"item\":\"https:\\\/\\\/super-news.info\\\/es\\\/\"},{\"@type\":\"ListItem\",\"position\":2,\"name\":\"Las marcas celebran el triunfo de Nadal y homenajean su esp\u00edritu de superaci\u00f3n\"}]},{\"@type\":\"WebSite\",\"@id\":\"https:\\\/\\\/super-news.info\\\/es\\\/#website\",\"url\":\"https:\\\/\\\/super-news.info\\\/es\\\/\",\"name\":\"Super News\",\"description\":\"Super News Espa\u00f1a\",\"potentialAction\":[{\"@type\":\"SearchAction\",\"target\":{\"@type\":\"EntryPoint\",\"urlTemplate\":\"https:\\\/\\\/super-news.info\\\/es\\\/?s={search_term_string}\"},\"query-input\":{\"@type\":\"PropertyValueSpecification\",\"valueRequired\":true,\"valueName\":\"search_term_string\"}}],\"inLanguage\":\"en-US\"},{\"@type\":\"Person\",\"@id\":\"https:\\\/\\\/super-news.info\\\/es\\\/#\\\/schema\\\/person\\\/2d4068cb2f39cd10008c2fce578a7356\",\"name\":\"super-news\",\"image\":{\"@type\":\"ImageObject\",\"inLanguage\":\"en-US\",\"@id\":\"https:\\\/\\\/secure.gravatar.com\\\/avatar\\\/64ebac40b93f26a154f8a9b5b6fdccfc46f442b26b3dd6756dbff3bf9dc76fd7?s=96&d=mm&r=g\",\"url\":\"https:\\\/\\\/secure.gravatar.com\\\/avatar\\\/64ebac40b93f26a154f8a9b5b6fdccfc46f442b26b3dd6756dbff3bf9dc76fd7?s=96&d=mm&r=g\",\"contentUrl\":\"https:\\\/\\\/secure.gravatar.com\\\/avatar\\\/64ebac40b93f26a154f8a9b5b6fdccfc46f442b26b3dd6756dbff3bf9dc76fd7?s=96&d=mm&r=g\",\"caption\":\"super-news\"},\"url\":\"https:\\\/\\\/super-news.info\\\/es\\\/author\\\/pt\\\/\"}]}<\/script>\n<!-- \/ Yoast SEO plugin. -->","yoast_head_json":{"title":"Las marcas celebran el triunfo de Nadal y homenajean su esp\u00edritu de superaci\u00f3n - Super News","robots":{"index":"index","follow":"follow","max-snippet":"max-snippet:-1","max-image-preview":"max-image-preview:large","max-video-preview":"max-video-preview:-1"},"canonical":"https:\/\/super-news.info\/es\/las-marcas-celebran-el-triunfo-de-nadal-y-homenajean-su-espiritu-de-superacion\/","og_locale":"en_US","og_type":"article","og_title":"Las marcas celebran el triunfo de Nadal y homenajean su esp\u00edritu de superaci\u00f3n - Super News","og_description":"Rafa Nadal sum\u00f3 ayer a sus innumerables triunfos otra victoria en Roland Garros. El tenista se hizo con la copa tras vencer al austriaco, Dominic Thiem. Adem\u00e1s de por su indudable talento, Rafael Nadal conquista a los fans (y no tan fans) del tenis por su intachable trayectoria, su esp\u00edritu de superaci\u00f3n y su car\u00e1cter [&hellip;]","og_url":"https:\/\/super-news.info\/es\/las-marcas-celebran-el-triunfo-de-nadal-y-homenajean-su-espiritu-de-superacion\/","og_site_name":"Super News","article_published_time":"2019-06-10T09:57:38+00:00","article_modified_time":"2020-02-21T12:10:48+00:00","og_image":[{"width":626,"height":364,"url":"https:\/\/super-news.info\/es\/wp-content\/uploads\/sites\/4\/2019\/06\/Las-marcas-celebran-el-triunfo-de-Nadal-y-homenajean-su.png","type":"image\/png"}],"author":"super-news","twitter_card":"summary_large_image","twitter_misc":{"Written by":"super-news","Est. reading time":"2 minutes"},"schema":{"@context":"https:\/\/schema.org","@graph":[{"@type":"Article","@id":"https:\/\/super-news.info\/es\/las-marcas-celebran-el-triunfo-de-nadal-y-homenajean-su-espiritu-de-superacion\/#article","isPartOf":{"@id":"https:\/\/super-news.info\/es\/las-marcas-celebran-el-triunfo-de-nadal-y-homenajean-su-espiritu-de-superacion\/"},"author":{"name":"super-news","@id":"https:\/\/super-news.info\/es\/#\/schema\/person\/2d4068cb2f39cd10008c2fce578a7356"},"headline":"Las marcas celebran el triunfo de Nadal y homenajean su esp\u00edritu de superaci\u00f3n","datePublished":"2019-06-10T09:57:38+00:00","dateModified":"2020-02-21T12:10:48+00:00","mainEntityOfPage":{"@id":"https:\/\/super-news.info\/es\/las-marcas-celebran-el-triunfo-de-nadal-y-homenajean-su-espiritu-de-superacion\/"},"wordCount":427,"commentCount":0,"image":{"@id":"https:\/\/super-news.info\/es\/las-marcas-celebran-el-triunfo-de-nadal-y-homenajean-su-espiritu-de-superacion\/#primaryimage"},"thumbnailUrl":"https:\/\/super-news.info\/es\/wp-content\/uploads\/sites\/4\/2019\/06\/Las-marcas-celebran-el-triunfo-de-Nadal-y-homenajean-su.png","articleSection":["NOTICIAS DE MARKETING DIGITAL"],"inLanguage":"en-US","potentialAction":[{"@type":"CommentAction","name":"Comment","target":["https:\/\/super-news.info\/es\/las-marcas-celebran-el-triunfo-de-nadal-y-homenajean-su-espiritu-de-superacion\/#respond"]}]},{"@type":"WebPage","@id":"https:\/\/super-news.info\/es\/las-marcas-celebran-el-triunfo-de-nadal-y-homenajean-su-espiritu-de-superacion\/","url":"https:\/\/super-news.info\/es\/las-marcas-celebran-el-triunfo-de-nadal-y-homenajean-su-espiritu-de-superacion\/","name":"Las marcas celebran el triunfo de Nadal y homenajean su esp\u00edritu de superaci\u00f3n - Super News","isPartOf":{"@id":"https:\/\/super-news.info\/es\/#website"},"primaryImageOfPage":{"@id":"https:\/\/super-news.info\/es\/las-marcas-celebran-el-triunfo-de-nadal-y-homenajean-su-espiritu-de-superacion\/#primaryimage"},"image":{"@id":"https:\/\/super-news.info\/es\/las-marcas-celebran-el-triunfo-de-nadal-y-homenajean-su-espiritu-de-superacion\/#primaryimage"},"thumbnailUrl":"https:\/\/super-news.info\/es\/wp-content\/uploads\/sites\/4\/2019\/06\/Las-marcas-celebran-el-triunfo-de-Nadal-y-homenajean-su.png","datePublished":"2019-06-10T09:57:38+00:00","dateModified":"2020-02-21T12:10:48+00:00","author":{"@id":"https:\/\/super-news.info\/es\/#\/schema\/person\/2d4068cb2f39cd10008c2fce578a7356"},"breadcrumb":{"@id":"https:\/\/super-news.info\/es\/las-marcas-celebran-el-triunfo-de-nadal-y-homenajean-su-espiritu-de-superacion\/#breadcrumb"},"inLanguage":"en-US","potentialAction":[{"@type":"ReadAction","target":["https:\/\/super-news.info\/es\/las-marcas-celebran-el-triunfo-de-nadal-y-homenajean-su-espiritu-de-superacion\/"]}]},{"@type":"ImageObject","inLanguage":"en-US","@id":"https:\/\/super-news.info\/es\/las-marcas-celebran-el-triunfo-de-nadal-y-homenajean-su-espiritu-de-superacion\/#primaryimage","url":"https:\/\/super-news.info\/es\/wp-content\/uploads\/sites\/4\/2019\/06\/Las-marcas-celebran-el-triunfo-de-Nadal-y-homenajean-su.png","contentUrl":"https:\/\/super-news.info\/es\/wp-content\/uploads\/sites\/4\/2019\/06\/Las-marcas-celebran-el-triunfo-de-Nadal-y-homenajean-su.png","width":626,"height":364,"caption":"Rafael Nadal"},{"@type":"BreadcrumbList","@id":"https:\/\/super-news.info\/es\/las-marcas-celebran-el-triunfo-de-nadal-y-homenajean-su-espiritu-de-superacion\/#breadcrumb","itemListElement":[{"@type":"ListItem","position":1,"name":"\u0413\u043b\u0430\u0432\u043d\u0430\u044f \u0441\u0442\u0440\u0430\u043d\u0438\u0446\u0430","item":"https:\/\/super-news.info\/es\/"},{"@type":"ListItem","position":2,"name":"Las marcas celebran el triunfo de Nadal y homenajean su esp\u00edritu de superaci\u00f3n"}]},{"@type":"WebSite","@id":"https:\/\/super-news.info\/es\/#website","url":"https:\/\/super-news.info\/es\/","name":"Super News","description":"Super News Espa\u00f1a","potentialAction":[{"@type":"SearchAction","target":{"@type":"EntryPoint","urlTemplate":"https:\/\/super-news.info\/es\/?s={search_term_string}"},"query-input":{"@type":"PropertyValueSpecification","valueRequired":true,"valueName":"search_term_string"}}],"inLanguage":"en-US"},{"@type":"Person","@id":"https:\/\/super-news.info\/es\/#\/schema\/person\/2d4068cb2f39cd10008c2fce578a7356","name":"super-news","image":{"@type":"ImageObject","inLanguage":"en-US","@id":"https:\/\/secure.gravatar.com\/avatar\/64ebac40b93f26a154f8a9b5b6fdccfc46f442b26b3dd6756dbff3bf9dc76fd7?s=96&d=mm&r=g","url":"https:\/\/secure.gravatar.com\/avatar\/64ebac40b93f26a154f8a9b5b6fdccfc46f442b26b3dd6756dbff3bf9dc76fd7?s=96&d=mm&r=g","contentUrl":"https:\/\/secure.gravatar.com\/avatar\/64ebac40b93f26a154f8a9b5b6fdccfc46f442b26b3dd6756dbff3bf9dc76fd7?s=96&d=mm&r=g","caption":"super-news"},"url":"https:\/\/super-news.info\/es\/author\/pt\/"}]}},"_links":{"self":[{"href":"https:\/\/super-news.info\/es\/wp-json\/wp\/v2\/posts\/3565","targetHints":{"allow":["GET"]}}],"collection":[{"href":"https:\/\/super-news.info\/es\/wp-json\/wp\/v2\/posts"}],"about":[{"href":"https:\/\/super-news.info\/es\/wp-json\/wp\/v2\/types\/post"}],"author":[{"embeddable":true,"href":"https:\/\/super-news.info\/es\/wp-json\/wp\/v2\/users\/2"}],"replies":[{"embeddable":true,"href":"https:\/\/super-news.info\/es\/wp-json\/wp\/v2\/comments?post=3565"}],"version-history":[{"count":2,"href":"https:\/\/super-news.info\/es\/wp-json\/wp\/v2\/posts\/3565\/revisions"}],"predecessor-version":[{"id":11884,"href":"https:\/\/super-news.info\/es\/wp-json\/wp\/v2\/posts\/3565\/revisions\/11884"}],"wp:featuredmedia":[{"embeddable":true,"href":"https:\/\/super-news.info\/es\/wp-json\/wp\/v2\/media\/3566"}],"wp:attachment":[{"href":"https:\/\/super-news.info\/es\/wp-json\/wp\/v2\/media?parent=3565"}],"wp:term":[{"taxonomy":"category","embeddable":true,"href":"https:\/\/super-news.info\/es\/wp-json\/wp\/v2\/categories?post=3565"},{"taxonomy":"post_tag","embeddable":true,"href":"https:\/\/super-news.info\/es\/wp-json\/wp\/v2\/tags?post=3565"}],"curies":[{"name":"wp","href":"https:\/\/api.w.org\/{rel}","templated":true}]}}