{"id":3550,"date":"2019-06-10T07:56:58","date_gmt":"2019-06-10T04:56:58","guid":{"rendered":"https:\/\/super-news.info\/es\/el-cambio-climatico-afecta-a-los-corales-fuente-de-inspiracion-del-color-del-ano-segun-pantone\/"},"modified":"2020-02-24T13:33:19","modified_gmt":"2020-02-24T10:33:19","slug":"el-cambio-climatico-afecta-a-los-corales-fuente-de-inspiracion-del-color-del-ano-segun-pantone","status":"publish","type":"post","link":"https:\/\/super-news.info\/es\/el-cambio-climatico-afecta-a-los-corales-fuente-de-inspiracion-del-color-del-ano-segun-pantone\/","title":{"rendered":"El cambio clim\u00e1tico afecta a los corales, fuente de inspiraci\u00f3n del color del a\u00f1o seg\u00fan Pantone"},"content":{"rendered":"<p>Pantone y Adobe han creado una nueva l\u00ednea de color basada en las modificaciones que experimentan los arrecifes de coral a consecuencia del cambio clim\u00e1tico.<\/p>\n<p>Cada a\u00f1o Pantone selecciona el color tendencia y, para este 2019, la compa\u00f1\u00eda escogi\u00f3 el Living Coral, un color vibrante inspirado en las tonalidades de los arrecifes de coral. O, al menos, en las tonalidades que reflejaban antes de verse afectados por el cambio clim\u00e1tico.<\/p>\n<p>Para concienciar sobre las modificaciones que est\u00e1n sufriendo los corales y abordar este tema de gran preocupaci\u00f3n social, Pantone se ha aliado con Adobe para el lanzamiento de una l\u00ednea de color llamada &#8220;Glowing Glowing Gone&#8221; y que se basa, tal y como adelanta <em>Adweek<\/em>, en los colores que crean los corales con motivo las olas de calor provocadas por el cambio clim\u00e1tico.<\/p>\n<p>Laurie Pressman, vicepresidenta del Pantone Color Institute, se\u00f1ala: &#8220;Living Coral es naturalmente exquisito, pero, ir\u00f3nicamente, es el <strong>resplandor luminoso que irradia el coral moribundo<\/strong> lo que exige nuestra atenci\u00f3n. Es como si los corales estuvieran enviando un SOS codificado por colores. En ese sentido, estos colores incre\u00edblemente vibrantes podr\u00edan considerarse <strong>los colores de la crisis clim\u00e1tica<\/strong>&#8220;.<\/p>\n<p>Los colores que reflejan los corales se corresponder\u00edan a los c\u00f3digos, (azul, amarillo y morado, respectivamente), creados por Pantone en asociaci\u00f3n con Adobe y The Ocean Agency, organizaci\u00f3n sin \u00e1nimo de lucro dedicada a la conservaci\u00f3n marina.The Ocean Agency<\/p>\n<p>Por su parte, Richard Vevers, CEO y fundador de The Ocean Agency, ha dicho: &#8220;Estos colores brillantes son el \u00faltimo indicador visual de que<strong> hemos alcanzado un punto de inflexi\u00f3n<\/strong>, no solo para los arrecifes de coral, sino para el planeta. Por primera vez en la historia de la humanidad, estamos a punto de perder un importante ecosistema planetario, y solo la acci\u00f3n global urgente a nivel local y global evitar\u00e1 que esto suceda&#8221;.<\/p>\n<p>Gabriel Grimsditch, experto en arrecifes de coral de la ONU para el Medio Ambiente, ha alertado: &#8220;Necesitamos urgentemente enfocar la atenci\u00f3n mundial a la crisis que enfrentan los corales. Nosotros, como comunidad global, debemos <strong>evitar la p\u00e9rdida de uno de los principales ecosistemas del mundo<\/strong>&#8220;.<\/p>\n<blockquote><p>We\u2019re making coral&#8217;s final glowing plea impossible to ignore \u2014 can we count you in? Show the world how you glow through our Glowing Creative Challenge, launching June 3.<\/p>\n<p>\u2014 Glowing Glowing Gone (@glowinggone) 30 de mayo de 2019<\/p><\/blockquote>\n<p>No te pierdas nada de MarketingDirecto.com y \u00fanete a nuestro Telegram t.me\/MarketingDirecto.<\/p>\n<p><a href=\"https:\/\/www.marketingdirecto.com\/anunciantes-general\/anunciantes\/el-cambio-climatico-afecta-a-los-corales-fuente-de-inspiracion-del-color-del-ano-segun-pantone\">Source link <\/a><\/p>\n","protected":false},"excerpt":{"rendered":"<p>Pantone y Adobe han creado una nueva l\u00ednea de color basada en las modificaciones que experimentan los arrecifes de coral a consecuencia del cambio clim\u00e1tico. Cada a\u00f1o Pantone selecciona el color tendencia y, para este 2019, la compa\u00f1\u00eda escogi\u00f3 el Living Coral, un color vibrante inspirado en las tonalidades de los arrecifes de coral. O, [&hellip;]<\/p>\n","protected":false},"author":2,"featured_media":3551,"comment_status":"open","ping_status":"open","sticky":false,"template":"","format":"standard","meta":{"footnotes":""},"categories":[2],"tags":[],"class_list":["post-3550","post","type-post","status-publish","format-standard","has-post-thumbnail","hentry","category-noticias-de-marketing-digital"],"yoast_head":"<!-- This site is optimized with the Yoast SEO plugin v27.4 - https:\/\/yoast.com\/product\/yoast-seo-wordpress\/ -->\n<title>El cambio clim\u00e1tico afecta a los corales, fuente de inspiraci\u00f3n del color del a\u00f1o seg\u00fan Pantone - Super News<\/title>\n<meta name=\"robots\" content=\"index, follow, max-snippet:-1, max-image-preview:large, max-video-preview:-1\" \/>\n<link rel=\"canonical\" href=\"https:\/\/super-news.info\/es\/el-cambio-climatico-afecta-a-los-corales-fuente-de-inspiracion-del-color-del-ano-segun-pantone\/\" \/>\n<meta property=\"og:locale\" content=\"en_US\" \/>\n<meta property=\"og:type\" content=\"article\" \/>\n<meta property=\"og:title\" content=\"El cambio clim\u00e1tico afecta a los corales, fuente de inspiraci\u00f3n del color del a\u00f1o seg\u00fan Pantone - Super News\" \/>\n<meta property=\"og:description\" content=\"Pantone y Adobe han creado una nueva l\u00ednea de color basada en las modificaciones que experimentan los arrecifes de coral a consecuencia del cambio clim\u00e1tico. Cada a\u00f1o Pantone selecciona el color tendencia y, para este 2019, la compa\u00f1\u00eda escogi\u00f3 el Living Coral, un color vibrante inspirado en las tonalidades de los arrecifes de coral. O, [&hellip;]\" \/>\n<meta property=\"og:url\" content=\"https:\/\/super-news.info\/es\/el-cambio-climatico-afecta-a-los-corales-fuente-de-inspiracion-del-color-del-ano-segun-pantone\/\" \/>\n<meta property=\"og:site_name\" content=\"Super News\" \/>\n<meta property=\"article:published_time\" content=\"2019-06-10T04:56:58+00:00\" \/>\n<meta property=\"article:modified_time\" content=\"2020-02-24T10:33:19+00:00\" \/>\n<meta property=\"og:image\" content=\"https:\/\/super-news.info\/es\/wp-content\/uploads\/sites\/4\/2019\/06\/El-cambio-clim\u00e1tico-afecta-a-los-corales-fuente-de-inspiraci\u00f3n.png\" \/>\n\t<meta property=\"og:image:width\" content=\"626\" \/>\n\t<meta property=\"og:image:height\" content=\"364\" \/>\n\t<meta property=\"og:image:type\" content=\"image\/png\" \/>\n<meta name=\"author\" content=\"super-news\" \/>\n<meta name=\"twitter:card\" content=\"summary_large_image\" \/>\n<meta name=\"twitter:label1\" content=\"Written by\" \/>\n\t<meta name=\"twitter:data1\" content=\"super-news\" \/>\n\t<meta name=\"twitter:label2\" content=\"Est. reading time\" \/>\n\t<meta name=\"twitter:data2\" content=\"2 minutes\" \/>\n<script type=\"application\/ld+json\" class=\"yoast-schema-graph\">{\"@context\":\"https:\\\/\\\/schema.org\",\"@graph\":[{\"@type\":\"Article\",\"@id\":\"https:\\\/\\\/super-news.info\\\/es\\\/el-cambio-climatico-afecta-a-los-corales-fuente-de-inspiracion-del-color-del-ano-segun-pantone\\\/#article\",\"isPartOf\":{\"@id\":\"https:\\\/\\\/super-news.info\\\/es\\\/el-cambio-climatico-afecta-a-los-corales-fuente-de-inspiracion-del-color-del-ano-segun-pantone\\\/\"},\"author\":{\"name\":\"super-news\",\"@id\":\"https:\\\/\\\/super-news.info\\\/es\\\/#\\\/schema\\\/person\\\/2d4068cb2f39cd10008c2fce578a7356\"},\"headline\":\"El cambio clim\u00e1tico afecta a los corales, fuente de inspiraci\u00f3n del color del a\u00f1o seg\u00fan Pantone\",\"datePublished\":\"2019-06-10T04:56:58+00:00\",\"dateModified\":\"2020-02-24T10:33:19+00:00\",\"mainEntityOfPage\":{\"@id\":\"https:\\\/\\\/super-news.info\\\/es\\\/el-cambio-climatico-afecta-a-los-corales-fuente-de-inspiracion-del-color-del-ano-segun-pantone\\\/\"},\"wordCount\":444,\"commentCount\":0,\"image\":{\"@id\":\"https:\\\/\\\/super-news.info\\\/es\\\/el-cambio-climatico-afecta-a-los-corales-fuente-de-inspiracion-del-color-del-ano-segun-pantone\\\/#primaryimage\"},\"thumbnailUrl\":\"https:\\\/\\\/super-news.info\\\/es\\\/wp-content\\\/uploads\\\/sites\\\/4\\\/2019\\\/06\\\/El-cambio-clim\u00e1tico-afecta-a-los-corales-fuente-de-inspiraci\u00f3n.png\",\"articleSection\":[\"NOTICIAS DE MARKETING DIGITAL\"],\"inLanguage\":\"en-US\",\"potentialAction\":[{\"@type\":\"CommentAction\",\"name\":\"Comment\",\"target\":[\"https:\\\/\\\/super-news.info\\\/es\\\/el-cambio-climatico-afecta-a-los-corales-fuente-de-inspiracion-del-color-del-ano-segun-pantone\\\/#respond\"]}]},{\"@type\":\"WebPage\",\"@id\":\"https:\\\/\\\/super-news.info\\\/es\\\/el-cambio-climatico-afecta-a-los-corales-fuente-de-inspiracion-del-color-del-ano-segun-pantone\\\/\",\"url\":\"https:\\\/\\\/super-news.info\\\/es\\\/el-cambio-climatico-afecta-a-los-corales-fuente-de-inspiracion-del-color-del-ano-segun-pantone\\\/\",\"name\":\"El cambio clim\u00e1tico afecta a los corales, fuente de inspiraci\u00f3n del color del a\u00f1o seg\u00fan Pantone - Super News\",\"isPartOf\":{\"@id\":\"https:\\\/\\\/super-news.info\\\/es\\\/#website\"},\"primaryImageOfPage\":{\"@id\":\"https:\\\/\\\/super-news.info\\\/es\\\/el-cambio-climatico-afecta-a-los-corales-fuente-de-inspiracion-del-color-del-ano-segun-pantone\\\/#primaryimage\"},\"image\":{\"@id\":\"https:\\\/\\\/super-news.info\\\/es\\\/el-cambio-climatico-afecta-a-los-corales-fuente-de-inspiracion-del-color-del-ano-segun-pantone\\\/#primaryimage\"},\"thumbnailUrl\":\"https:\\\/\\\/super-news.info\\\/es\\\/wp-content\\\/uploads\\\/sites\\\/4\\\/2019\\\/06\\\/El-cambio-clim\u00e1tico-afecta-a-los-corales-fuente-de-inspiraci\u00f3n.png\",\"datePublished\":\"2019-06-10T04:56:58+00:00\",\"dateModified\":\"2020-02-24T10:33:19+00:00\",\"author\":{\"@id\":\"https:\\\/\\\/super-news.info\\\/es\\\/#\\\/schema\\\/person\\\/2d4068cb2f39cd10008c2fce578a7356\"},\"breadcrumb\":{\"@id\":\"https:\\\/\\\/super-news.info\\\/es\\\/el-cambio-climatico-afecta-a-los-corales-fuente-de-inspiracion-del-color-del-ano-segun-pantone\\\/#breadcrumb\"},\"inLanguage\":\"en-US\",\"potentialAction\":[{\"@type\":\"ReadAction\",\"target\":[\"https:\\\/\\\/super-news.info\\\/es\\\/el-cambio-climatico-afecta-a-los-corales-fuente-de-inspiracion-del-color-del-ano-segun-pantone\\\/\"]}]},{\"@type\":\"ImageObject\",\"inLanguage\":\"en-US\",\"@id\":\"https:\\\/\\\/super-news.info\\\/es\\\/el-cambio-climatico-afecta-a-los-corales-fuente-de-inspiracion-del-color-del-ano-segun-pantone\\\/#primaryimage\",\"url\":\"https:\\\/\\\/super-news.info\\\/es\\\/wp-content\\\/uploads\\\/sites\\\/4\\\/2019\\\/06\\\/El-cambio-clim\u00e1tico-afecta-a-los-corales-fuente-de-inspiraci\u00f3n.png\",\"contentUrl\":\"https:\\\/\\\/super-news.info\\\/es\\\/wp-content\\\/uploads\\\/sites\\\/4\\\/2019\\\/06\\\/El-cambio-clim\u00e1tico-afecta-a-los-corales-fuente-de-inspiraci\u00f3n.png\",\"width\":626,\"height\":364,\"caption\":\"Pantone\"},{\"@type\":\"BreadcrumbList\",\"@id\":\"https:\\\/\\\/super-news.info\\\/es\\\/el-cambio-climatico-afecta-a-los-corales-fuente-de-inspiracion-del-color-del-ano-segun-pantone\\\/#breadcrumb\",\"itemListElement\":[{\"@type\":\"ListItem\",\"position\":1,\"name\":\"\u0413\u043b\u0430\u0432\u043d\u0430\u044f \u0441\u0442\u0440\u0430\u043d\u0438\u0446\u0430\",\"item\":\"https:\\\/\\\/super-news.info\\\/es\\\/\"},{\"@type\":\"ListItem\",\"position\":2,\"name\":\"El cambio clim\u00e1tico afecta a los corales, fuente de inspiraci\u00f3n del color del a\u00f1o seg\u00fan Pantone\"}]},{\"@type\":\"WebSite\",\"@id\":\"https:\\\/\\\/super-news.info\\\/es\\\/#website\",\"url\":\"https:\\\/\\\/super-news.info\\\/es\\\/\",\"name\":\"Super News\",\"description\":\"Super News Espa\u00f1a\",\"potentialAction\":[{\"@type\":\"SearchAction\",\"target\":{\"@type\":\"EntryPoint\",\"urlTemplate\":\"https:\\\/\\\/super-news.info\\\/es\\\/?s={search_term_string}\"},\"query-input\":{\"@type\":\"PropertyValueSpecification\",\"valueRequired\":true,\"valueName\":\"search_term_string\"}}],\"inLanguage\":\"en-US\"},{\"@type\":\"Person\",\"@id\":\"https:\\\/\\\/super-news.info\\\/es\\\/#\\\/schema\\\/person\\\/2d4068cb2f39cd10008c2fce578a7356\",\"name\":\"super-news\",\"image\":{\"@type\":\"ImageObject\",\"inLanguage\":\"en-US\",\"@id\":\"https:\\\/\\\/secure.gravatar.com\\\/avatar\\\/64ebac40b93f26a154f8a9b5b6fdccfc46f442b26b3dd6756dbff3bf9dc76fd7?s=96&d=mm&r=g\",\"url\":\"https:\\\/\\\/secure.gravatar.com\\\/avatar\\\/64ebac40b93f26a154f8a9b5b6fdccfc46f442b26b3dd6756dbff3bf9dc76fd7?s=96&d=mm&r=g\",\"contentUrl\":\"https:\\\/\\\/secure.gravatar.com\\\/avatar\\\/64ebac40b93f26a154f8a9b5b6fdccfc46f442b26b3dd6756dbff3bf9dc76fd7?s=96&d=mm&r=g\",\"caption\":\"super-news\"},\"url\":\"https:\\\/\\\/super-news.info\\\/es\\\/author\\\/pt\\\/\"}]}<\/script>\n<!-- \/ Yoast SEO plugin. -->","yoast_head_json":{"title":"El cambio clim\u00e1tico afecta a los corales, fuente de inspiraci\u00f3n del color del a\u00f1o seg\u00fan Pantone - Super News","robots":{"index":"index","follow":"follow","max-snippet":"max-snippet:-1","max-image-preview":"max-image-preview:large","max-video-preview":"max-video-preview:-1"},"canonical":"https:\/\/super-news.info\/es\/el-cambio-climatico-afecta-a-los-corales-fuente-de-inspiracion-del-color-del-ano-segun-pantone\/","og_locale":"en_US","og_type":"article","og_title":"El cambio clim\u00e1tico afecta a los corales, fuente de inspiraci\u00f3n del color del a\u00f1o seg\u00fan Pantone - Super News","og_description":"Pantone y Adobe han creado una nueva l\u00ednea de color basada en las modificaciones que experimentan los arrecifes de coral a consecuencia del cambio clim\u00e1tico. Cada a\u00f1o Pantone selecciona el color tendencia y, para este 2019, la compa\u00f1\u00eda escogi\u00f3 el Living Coral, un color vibrante inspirado en las tonalidades de los arrecifes de coral. O, [&hellip;]","og_url":"https:\/\/super-news.info\/es\/el-cambio-climatico-afecta-a-los-corales-fuente-de-inspiracion-del-color-del-ano-segun-pantone\/","og_site_name":"Super News","article_published_time":"2019-06-10T04:56:58+00:00","article_modified_time":"2020-02-24T10:33:19+00:00","og_image":[{"width":626,"height":364,"url":"https:\/\/super-news.info\/es\/wp-content\/uploads\/sites\/4\/2019\/06\/El-cambio-clim\u00e1tico-afecta-a-los-corales-fuente-de-inspiraci\u00f3n.png","type":"image\/png"}],"author":"super-news","twitter_card":"summary_large_image","twitter_misc":{"Written by":"super-news","Est. reading time":"2 minutes"},"schema":{"@context":"https:\/\/schema.org","@graph":[{"@type":"Article","@id":"https:\/\/super-news.info\/es\/el-cambio-climatico-afecta-a-los-corales-fuente-de-inspiracion-del-color-del-ano-segun-pantone\/#article","isPartOf":{"@id":"https:\/\/super-news.info\/es\/el-cambio-climatico-afecta-a-los-corales-fuente-de-inspiracion-del-color-del-ano-segun-pantone\/"},"author":{"name":"super-news","@id":"https:\/\/super-news.info\/es\/#\/schema\/person\/2d4068cb2f39cd10008c2fce578a7356"},"headline":"El cambio clim\u00e1tico afecta a los corales, fuente de inspiraci\u00f3n del color del a\u00f1o seg\u00fan Pantone","datePublished":"2019-06-10T04:56:58+00:00","dateModified":"2020-02-24T10:33:19+00:00","mainEntityOfPage":{"@id":"https:\/\/super-news.info\/es\/el-cambio-climatico-afecta-a-los-corales-fuente-de-inspiracion-del-color-del-ano-segun-pantone\/"},"wordCount":444,"commentCount":0,"image":{"@id":"https:\/\/super-news.info\/es\/el-cambio-climatico-afecta-a-los-corales-fuente-de-inspiracion-del-color-del-ano-segun-pantone\/#primaryimage"},"thumbnailUrl":"https:\/\/super-news.info\/es\/wp-content\/uploads\/sites\/4\/2019\/06\/El-cambio-clim\u00e1tico-afecta-a-los-corales-fuente-de-inspiraci\u00f3n.png","articleSection":["NOTICIAS DE MARKETING DIGITAL"],"inLanguage":"en-US","potentialAction":[{"@type":"CommentAction","name":"Comment","target":["https:\/\/super-news.info\/es\/el-cambio-climatico-afecta-a-los-corales-fuente-de-inspiracion-del-color-del-ano-segun-pantone\/#respond"]}]},{"@type":"WebPage","@id":"https:\/\/super-news.info\/es\/el-cambio-climatico-afecta-a-los-corales-fuente-de-inspiracion-del-color-del-ano-segun-pantone\/","url":"https:\/\/super-news.info\/es\/el-cambio-climatico-afecta-a-los-corales-fuente-de-inspiracion-del-color-del-ano-segun-pantone\/","name":"El cambio clim\u00e1tico afecta a los corales, fuente de inspiraci\u00f3n del color del a\u00f1o seg\u00fan Pantone - Super News","isPartOf":{"@id":"https:\/\/super-news.info\/es\/#website"},"primaryImageOfPage":{"@id":"https:\/\/super-news.info\/es\/el-cambio-climatico-afecta-a-los-corales-fuente-de-inspiracion-del-color-del-ano-segun-pantone\/#primaryimage"},"image":{"@id":"https:\/\/super-news.info\/es\/el-cambio-climatico-afecta-a-los-corales-fuente-de-inspiracion-del-color-del-ano-segun-pantone\/#primaryimage"},"thumbnailUrl":"https:\/\/super-news.info\/es\/wp-content\/uploads\/sites\/4\/2019\/06\/El-cambio-clim\u00e1tico-afecta-a-los-corales-fuente-de-inspiraci\u00f3n.png","datePublished":"2019-06-10T04:56:58+00:00","dateModified":"2020-02-24T10:33:19+00:00","author":{"@id":"https:\/\/super-news.info\/es\/#\/schema\/person\/2d4068cb2f39cd10008c2fce578a7356"},"breadcrumb":{"@id":"https:\/\/super-news.info\/es\/el-cambio-climatico-afecta-a-los-corales-fuente-de-inspiracion-del-color-del-ano-segun-pantone\/#breadcrumb"},"inLanguage":"en-US","potentialAction":[{"@type":"ReadAction","target":["https:\/\/super-news.info\/es\/el-cambio-climatico-afecta-a-los-corales-fuente-de-inspiracion-del-color-del-ano-segun-pantone\/"]}]},{"@type":"ImageObject","inLanguage":"en-US","@id":"https:\/\/super-news.info\/es\/el-cambio-climatico-afecta-a-los-corales-fuente-de-inspiracion-del-color-del-ano-segun-pantone\/#primaryimage","url":"https:\/\/super-news.info\/es\/wp-content\/uploads\/sites\/4\/2019\/06\/El-cambio-clim\u00e1tico-afecta-a-los-corales-fuente-de-inspiraci\u00f3n.png","contentUrl":"https:\/\/super-news.info\/es\/wp-content\/uploads\/sites\/4\/2019\/06\/El-cambio-clim\u00e1tico-afecta-a-los-corales-fuente-de-inspiraci\u00f3n.png","width":626,"height":364,"caption":"Pantone"},{"@type":"BreadcrumbList","@id":"https:\/\/super-news.info\/es\/el-cambio-climatico-afecta-a-los-corales-fuente-de-inspiracion-del-color-del-ano-segun-pantone\/#breadcrumb","itemListElement":[{"@type":"ListItem","position":1,"name":"\u0413\u043b\u0430\u0432\u043d\u0430\u044f \u0441\u0442\u0440\u0430\u043d\u0438\u0446\u0430","item":"https:\/\/super-news.info\/es\/"},{"@type":"ListItem","position":2,"name":"El cambio clim\u00e1tico afecta a los corales, fuente de inspiraci\u00f3n del color del a\u00f1o seg\u00fan Pantone"}]},{"@type":"WebSite","@id":"https:\/\/super-news.info\/es\/#website","url":"https:\/\/super-news.info\/es\/","name":"Super News","description":"Super News Espa\u00f1a","potentialAction":[{"@type":"SearchAction","target":{"@type":"EntryPoint","urlTemplate":"https:\/\/super-news.info\/es\/?s={search_term_string}"},"query-input":{"@type":"PropertyValueSpecification","valueRequired":true,"valueName":"search_term_string"}}],"inLanguage":"en-US"},{"@type":"Person","@id":"https:\/\/super-news.info\/es\/#\/schema\/person\/2d4068cb2f39cd10008c2fce578a7356","name":"super-news","image":{"@type":"ImageObject","inLanguage":"en-US","@id":"https:\/\/secure.gravatar.com\/avatar\/64ebac40b93f26a154f8a9b5b6fdccfc46f442b26b3dd6756dbff3bf9dc76fd7?s=96&d=mm&r=g","url":"https:\/\/secure.gravatar.com\/avatar\/64ebac40b93f26a154f8a9b5b6fdccfc46f442b26b3dd6756dbff3bf9dc76fd7?s=96&d=mm&r=g","contentUrl":"https:\/\/secure.gravatar.com\/avatar\/64ebac40b93f26a154f8a9b5b6fdccfc46f442b26b3dd6756dbff3bf9dc76fd7?s=96&d=mm&r=g","caption":"super-news"},"url":"https:\/\/super-news.info\/es\/author\/pt\/"}]}},"_links":{"self":[{"href":"https:\/\/super-news.info\/es\/wp-json\/wp\/v2\/posts\/3550","targetHints":{"allow":["GET"]}}],"collection":[{"href":"https:\/\/super-news.info\/es\/wp-json\/wp\/v2\/posts"}],"about":[{"href":"https:\/\/super-news.info\/es\/wp-json\/wp\/v2\/types\/post"}],"author":[{"embeddable":true,"href":"https:\/\/super-news.info\/es\/wp-json\/wp\/v2\/users\/2"}],"replies":[{"embeddable":true,"href":"https:\/\/super-news.info\/es\/wp-json\/wp\/v2\/comments?post=3550"}],"version-history":[{"count":3,"href":"https:\/\/super-news.info\/es\/wp-json\/wp\/v2\/posts\/3550\/revisions"}],"predecessor-version":[{"id":11980,"href":"https:\/\/super-news.info\/es\/wp-json\/wp\/v2\/posts\/3550\/revisions\/11980"}],"wp:featuredmedia":[{"embeddable":true,"href":"https:\/\/super-news.info\/es\/wp-json\/wp\/v2\/media\/3551"}],"wp:attachment":[{"href":"https:\/\/super-news.info\/es\/wp-json\/wp\/v2\/media?parent=3550"}],"wp:term":[{"taxonomy":"category","embeddable":true,"href":"https:\/\/super-news.info\/es\/wp-json\/wp\/v2\/categories?post=3550"},{"taxonomy":"post_tag","embeddable":true,"href":"https:\/\/super-news.info\/es\/wp-json\/wp\/v2\/tags?post=3550"}],"curies":[{"name":"wp","href":"https:\/\/api.w.org\/{rel}","templated":true}]}}