{"id":3481,"date":"2019-06-09T07:30:49","date_gmt":"2019-06-09T04:30:49","guid":{"rendered":"https:\/\/super-news.info\/es\/las-6-campanas-que-mas-luz-creativa-han-irradiado-en-el-sol-2019\/"},"modified":"2019-06-09T07:30:50","modified_gmt":"2019-06-09T04:30:50","slug":"las-6-campanas-que-mas-luz-creativa-han-irradiado-en-el-sol-2019","status":"publish","type":"post","link":"https:\/\/super-news.info\/es\/las-6-campanas-que-mas-luz-creativa-han-irradiado-en-el-sol-2019\/","title":{"rendered":"Las 6 campa\u00f1as que m\u00e1s luz creativa han irradiado en El Sol 2019"},"content":{"rendered":"<p> [ad_1]<br \/>\n<\/p>\n<div id=\"textoNoticia\">\n<p class=\"excerpt-single\">En la 34\u00aa edici\u00f3n del festival El Sol se han entregado 8 Grandes Premios y han quedado desiertas las m\u00e1ximas distinciones de 5 secciones. 4 de los 8 Grandes Premios entregados en el certamen son &#8220;made in Spain&#8221;.<\/p>\n<p>En la 34\u00aa edici\u00f3n del <strong>festival El Sol<\/strong> la creatividad ha recibido id\u00e9ntico calor (en forma de Grandes Premios) por parte el astro rey.<\/p>\n<p>Al igual que ya sucediera en 2018 el jurado del veterano certamen publicitario, que este a\u00f1o ha estrenado sede en Madrid, ha otorgado <strong>8 Grandes Premios<\/strong> y ha dejado desiertas las m\u00e1ximas distinciones de 5 categor\u00edas.<\/p>\n<p>En la presente edici\u00f3n de El Sol se han quedado<strong> hu\u00e9rfanas de Grandes Premios<\/strong> las secciones de Exterior, Audio, Innovaci\u00f3n, Dise\u00f1o y Producci\u00f3n. En la categor\u00eda Mejor Idea Internacional no se ha entrega de ning\u00fan m\u00e1ximo galard\u00f3n.<\/p>\n<p><strong>4 de los 8 Grandes Premios otorgados este a\u00f1o en el festival El Sol<\/strong> (los de Branded Content, Relaciones P\u00fablicas, Film y Medios Impresos) <strong>tienen ra\u00edces espa\u00f1olas<\/strong> y las 4 restantes llevan la r\u00fabrica de Estados Unidos, que ha atrapado el m\u00e1ximo galard\u00f3n en Digital y M\u00f3vil y Medios, Argentina, que ha ganado el Grand Prix en\u00a0Campa\u00f1as Integradas, y Per\u00fa, adonde ha viajado del Gran Premio de Activaci\u00f3n y Experiencia de Marca.<\/p>\n<p>Si nos remontamos doce meses atr\u00e1s, 6 de las 8 m\u00e1ximas distinciones de <strong>El Sol<\/strong> se quedaron en Espa\u00f1a y las 2 restantes cruzaron el charco para recalar en Rep\u00fablica Dominicana y Argentina respectivamente.<\/p>\n<p>Como en 2018, el m\u00e1ximo galard\u00f3n del certamen, el <strong>Sol de Platino<\/strong>, no se ha movido de Espa\u00f1a y ha reca\u00eddo en manos de la campa\u00f1a \u201cEl tiempo que nos queda\u201d de Leo Burnett para Ruavieja.<\/p>\n<p>A continuaci\u00f3n repasamos <strong>todos los Grandes Premios<\/strong> adjudicados en la \u00faltima edici\u00f3n de El Sol:<\/p>\n<p><strong>1. Branded Content y Relaciones P\u00fablicas: \u201cEl tiempo que nos queda\u201d \u2013 Ruavieja \u2013 Leo Burnett (Espa\u00f1a)<\/strong><\/p>\n<p>La campa\u00f1a m\u00e1s laureada este a\u00f1o en el festival El Sol (y merecedora del codiciado Sol de Platino) pivota en torno al hondo impacto que una cifra (la del tiempo, extraordinariamente exiguo, que pasaremos el resto de nuestras vidas con nuestros seres queridos) provoca en el espectador. Para alumbrar tan impactante campa\u00f1a, lanzada durante las \u00faltimas Navidades, Ruavieja y Leo Burnett crearon un algoritmo (convenientemente alojado en una web de car\u00e1cter experiencial) capaz de calcular el tiempo que nos queda para pasar con la que gente que queremos.<\/p>\n<p>\n\t\t\t\t<iframe loading=\"lazy\" src=\"http:\/\/www.youtube.com\/embed\/MiXwBNiFM58?enablejsapi=1&amp;version=3&amp;rel=0&amp;showinfo=0&amp;controls=0\" id=\"iframePlayer\" width=\"940\" height=\"529\" frameborder=\"0\" webkitallowfullscreen=\"\" mozallowfullscreen=\"\" allowfullscreen=\"\"><\/iframe>\n\t\t\t<\/p>\n<p>Si no visualiza correctamente el v\u00eddeo embedded, haga clic aqu\u00ed<\/p>\n<p><strong>2. Medios y Digital y M\u00f3vil: \u201cLa Traffic Whopper\u201d \u2013 Burger King \u2013 We Believers (Estados Unidos)<\/strong><\/p>\n<p>Lanzada en Ciudad de M\u00e9xico, una de las urbes m\u00e1s congestionadas del planeta, \u201cLa Traffic Whopper\u201d brind\u00f3 a las conductores atrapados en atascos la posibilidad de pedir hamburguesas para soportar con el est\u00f3mago lleno los inc\u00f3modos embotellamientos de la capital azteca. Solicitando los Whoppers a trav\u00e9s de la app de Burger King, los clientes que se beneficiaron de tan singular promoci\u00f3n recibieron sus pedidos directamente en la ventanilla de sus autom\u00f3viles.<\/p>\n<p>\n\t\t\t\t<iframe loading=\"lazy\" src=\"http:\/\/www.youtube.com\/embed\/LXNgEZV7lNg?enablejsapi=1&amp;version=3&amp;rel=0&amp;showinfo=0&amp;controls=0\" id=\"iframePlayer\" width=\"940\" height=\"529\" frameborder=\"0\" webkitallowfullscreen=\"\" mozallowfullscreen=\"\" allowfullscreen=\"\"><\/iframe>\n\t\t\t<\/p>\n<p>Si no visualiza correctamente el v\u00eddeo embedded, haga clic aqu\u00ed<\/p>\n<p><strong>3. Film: \u201cTienda LOL\u201d \u2013 Campofr\u00edo \u2013 McCann (Espa\u00f1a)<\/strong><\/p>\n<p>\u201cTienda LOL\u201d, que Campofr\u00edo estren\u00f3 en la Navidad de 2018, pone el foco en un inusitado punto de venta donde los chistes, convertidos en art\u00edculos de lujos, se venden a precios exorbitantes. La campa\u00f1a, bendecida con la presencia de m\u00faltiples rostros conocidos (desde Silvia Abril a Antonio de la Torre pasando por Rober Bodegas, Kike San Francisco y Jaime Pe\u00f1afiel), enfatiza, enarbolando la bandera de la iron\u00eda, lo importante que resulta el humor en los tiempos que corren.<\/p>\n<p>\n\t\t\t\t<iframe loading=\"lazy\" src=\"http:\/\/www.youtube.com\/embed\/OQxk5suVP3M?enablejsapi=1&amp;version=3&amp;rel=0&amp;showinfo=0&amp;controls=0\" id=\"iframePlayer\" width=\"940\" height=\"529\" frameborder=\"0\" webkitallowfullscreen=\"\" mozallowfullscreen=\"\" allowfullscreen=\"\"><\/iframe>\n\t\t\t<\/p>\n<p>Si no visualiza correctamente el v\u00eddeo embedded, haga clic aqu\u00ed<\/p>\n<p><strong>4. Activaci\u00f3n y Experiencia de Marca: \u201cPerussian Prices\u201d \u2013 Plaza Vea \u2013 Fahreneheit DDB (Per\u00fa)<\/strong><\/p>\n<p>Para celebrar que la Selecci\u00f3n Peruana de F\u00fatbol hab\u00eda logrado clasificarse para el Mundial despu\u00e9s de 36 a\u00f1os fuera de la competici\u00f3n Plaza Vea, l\u00edder en el segmento de los supermercados en su Per\u00fa natal, tuvo una idea arrebatadoramente ingeniosa. Consciente de que Rusia, donde se celebr\u00f3 el \u00faltimo Mundial de F\u00fatbol, era un pa\u00eds tres veces m\u00e1s caro que Per\u00fa y que muchos peruanos estaban literalmente hipotecando sus vidas para asistir a tan magno acontecimiento deportivo, Plaza Vea decidi\u00f3 llevar los precios peruanos a los supermercados rusos. Para ello lleg\u00f3 a un acuerdo con tres grandes cadenas rusas de supermercados y baj\u00f3 los precios de los art\u00edculos all\u00ed comercializados hasta equipararlos con los de Per\u00fa. Para beneficiarse de tan jugosos descuentos a los peruanos que viajaron a la lejana Rusia les bast\u00f3 con presentar un documento de identidad a la hora de pagar.<\/p>\n<p>\n\t\t\t\t<iframe loading=\"lazy\" src=\"http:\/\/www.youtube.com\/embed\/y3UkXi5LSG4?enablejsapi=1&amp;version=3&amp;rel=0&amp;showinfo=0&amp;controls=0\" id=\"iframePlayer\" width=\"940\" height=\"529\" frameborder=\"0\" webkitallowfullscreen=\"\" mozallowfullscreen=\"\" allowfullscreen=\"\"><\/iframe>\n\t\t\t<\/p>\n<p>Si no visualiza correctamente el v\u00eddeo embedded, haga clic aqu\u00ed<\/p>\n<p><strong>5. Campa\u00f1as Integradas: \u201cCaso #iloveyouhater\u201d \u2013 Sprite \u2013 Santo Buenos Aires (Argentina)<\/strong><\/p>\n<p>En &#8220;I love you hater\u201d el amor es utilizado como poderosa arma contra el odio que pulula por las redes sociales. Los protagonistas de esta campa\u00f1a de Sprite (entre los cuales figuran celebridades como la nadadora ol\u00edmpica espa\u00f1ola Roc\u00edo Vel\u00e1zquez, el \u201cpole dancer\u201d franc\u00e9s Nico Modelstein y el rapero ingl\u00e9s Tyrus McKenzie) son receptores de mensajes hirientes y abusivos en los social media y contestan a tan execrables mensajes con tres beat\u00edficas palabras: \u201cI love you\u201d.<\/p>\n<p>\n\t\t\t\t<iframe loading=\"lazy\" src=\"http:\/\/www.youtube.com\/embed\/eiP5QB1yvN4?enablejsapi=1&amp;version=3&amp;rel=0&amp;showinfo=0&amp;controls=0\" id=\"iframePlayer\" width=\"940\" height=\"529\" frameborder=\"0\" webkitallowfullscreen=\"\" mozallowfullscreen=\"\" allowfullscreen=\"\"><\/iframe>\n\t\t\t<\/p>\n<p>Si no visualiza correctamente el v\u00eddeo embedded, haga clic aqu\u00ed<\/p>\n<p><strong>6. Medios Impresos: \u201c\u00bfUna fotograf\u00eda irrepetible?\u201d \u2013 Trapa \u2013 FCB&amp;FiRe Spain (Espa\u00f1a)<\/strong><\/p>\n<p>Para dar cuenta de su decisi\u00f3n de dejar de utilizar aceite de palma en sus productos, la compa\u00f1\u00eda chocolatera Trapa envi\u00f3 un equipo a una selva de Borneo, en Indonesia, donde tom\u00f3 una fotograf\u00eda bajo el t\u00edtulo \u201cUna fotograf\u00eda irrepetible\u201d de una zona a punto de ser deforestada (por culpa del \u201clobby\u201d del aceite de palma) y film\u00f3 adem\u00e1s un documental que se lanz\u00f3 en Facebook y YouTube. La marca se comprometi\u00f3 a volver a tomar la fotograf\u00eda de la selva si era deforestada, y si bien no logr\u00f3 viajar de nuevo a Indonesia, consigui\u00f3 una imagen sat\u00e9lite del lugar donde hab\u00eda tomado previamente la primera instant\u00e1nea. En esa imagen era evidente que el \u00e1rea donde se tom\u00f3 la primera foto se manten\u00eda igual, pero el resto del bosque circundante estaba, sin embargo, devastado y sembrado de nuevas plantaciones de aceite de palma<\/p>\n<p>\n\t\t\t\t<iframe loading=\"lazy\" src=\"http:\/\/www.youtube.com\/embed\/frZS4VzDdCI?enablejsapi=1&amp;version=3&amp;rel=0&amp;showinfo=0&amp;controls=0\" id=\"iframePlayer\" width=\"940\" height=\"529\" frameborder=\"0\" webkitallowfullscreen=\"\" mozallowfullscreen=\"\" allowfullscreen=\"\"><\/iframe>\n\t\t\t<\/p>\n<p>Si no visualiza correctamente el v\u00eddeo embedded, haga clic aqu\u00ed<\/p>\n<p class=\"link-telegram\">\n\t\t\t\t\t\t\t\t\t\t\tNo te pierdas nada de MarketingDirecto.com y \u00fanete a nuestro Telegram t.me\/MarketingDirecto\n\t\t\t\t\t\t\t\t\t\t<\/p>\n<\/p><\/div>\n<p><script>(function(d, s, id) {\n  var js, fjs = d.getElementsByTagName(s)[0];\n  if (d.getElementById(id)) return;\n  js = d.createElement(s); js.id = id;\n  js.src = \"http:\/\/connect.facebook.net\/es_LA\/sdk.js#xfbml=1&appId=408746052611679&version=v2.3\";\n  fjs.parentNode.insertBefore(js, fjs);\n}(document, 'script', 'facebook-jssdk'));<\/script><br \/>\n<br \/>[ad_2]<br \/>\n<br \/><a href=\"https:\/\/www.marketingdirecto.com\/especiales\/el-sol\/6-campanas-mas-luz-creativa-han-irradiado-el-sol-2019\">Source link <\/a><\/p>\n","protected":false},"excerpt":{"rendered":"<p>[ad_1] En la 34\u00aa edici\u00f3n del festival El Sol se han entregado 8 Grandes Premios y han quedado desiertas las m\u00e1ximas distinciones de 5 secciones. 4 de los 8 Grandes Premios entregados en el certamen son &#8220;made in Spain&#8221;. En la 34\u00aa edici\u00f3n del festival El Sol la creatividad ha recibido id\u00e9ntico calor (en forma [&hellip;]<\/p>\n","protected":false},"author":2,"featured_media":3482,"comment_status":"open","ping_status":"open","sticky":false,"template":"","format":"standard","meta":{"footnotes":""},"categories":[2],"tags":[],"class_list":["post-3481","post","type-post","status-publish","format-standard","has-post-thumbnail","hentry","category-noticias-de-marketing-digital"],"yoast_head":"<!-- This site is optimized with the Yoast SEO plugin v27.4 - https:\/\/yoast.com\/product\/yoast-seo-wordpress\/ -->\n<title>Las 6 campa\u00f1as que m\u00e1s luz creativa han irradiado en El Sol 2019 - Super News<\/title>\n<meta name=\"robots\" content=\"index, follow, max-snippet:-1, max-image-preview:large, max-video-preview:-1\" \/>\n<link rel=\"canonical\" href=\"https:\/\/super-news.info\/es\/las-6-campanas-que-mas-luz-creativa-han-irradiado-en-el-sol-2019\/\" \/>\n<meta property=\"og:locale\" content=\"en_US\" \/>\n<meta property=\"og:type\" content=\"article\" \/>\n<meta property=\"og:title\" content=\"Las 6 campa\u00f1as que m\u00e1s luz creativa han irradiado en El Sol 2019 - Super News\" \/>\n<meta property=\"og:description\" content=\"[ad_1] En la 34\u00aa edici\u00f3n del festival El Sol se han entregado 8 Grandes Premios y han quedado desiertas las m\u00e1ximas distinciones de 5 secciones. 4 de los 8 Grandes Premios entregados en el certamen son &#8220;made in Spain&#8221;. En la 34\u00aa edici\u00f3n del festival El Sol la creatividad ha recibido id\u00e9ntico calor (en forma [&hellip;]\" \/>\n<meta property=\"og:url\" content=\"https:\/\/super-news.info\/es\/las-6-campanas-que-mas-luz-creativa-han-irradiado-en-el-sol-2019\/\" \/>\n<meta property=\"og:site_name\" content=\"Super News\" \/>\n<meta property=\"article:published_time\" content=\"2019-06-09T04:30:49+00:00\" \/>\n<meta property=\"article:modified_time\" content=\"2019-06-09T04:30:50+00:00\" \/>\n<meta property=\"og:image\" content=\"https:\/\/super-news.info\/es\/wp-content\/uploads\/sites\/4\/2019\/06\/Las-6-campa\u00f1as-que-m\u00e1s-luz-creativa-han-irradiado-en.jpg\" \/>\n\t<meta property=\"og:image:width\" content=\"626\" \/>\n\t<meta property=\"og:image:height\" content=\"364\" \/>\n\t<meta property=\"og:image:type\" content=\"image\/jpeg\" \/>\n<meta name=\"author\" content=\"super-news\" \/>\n<meta name=\"twitter:card\" content=\"summary_large_image\" \/>\n<meta name=\"twitter:label1\" content=\"Written by\" \/>\n\t<meta name=\"twitter:data1\" content=\"super-news\" \/>\n\t<meta name=\"twitter:label2\" content=\"Est. reading time\" \/>\n\t<meta name=\"twitter:data2\" content=\"6 minutes\" \/>\n<script type=\"application\/ld+json\" class=\"yoast-schema-graph\">{\"@context\":\"https:\\\/\\\/schema.org\",\"@graph\":[{\"@type\":\"Article\",\"@id\":\"https:\\\/\\\/super-news.info\\\/es\\\/las-6-campanas-que-mas-luz-creativa-han-irradiado-en-el-sol-2019\\\/#article\",\"isPartOf\":{\"@id\":\"https:\\\/\\\/super-news.info\\\/es\\\/las-6-campanas-que-mas-luz-creativa-han-irradiado-en-el-sol-2019\\\/\"},\"author\":{\"name\":\"super-news\",\"@id\":\"https:\\\/\\\/super-news.info\\\/es\\\/#\\\/schema\\\/person\\\/2d4068cb2f39cd10008c2fce578a7356\"},\"headline\":\"Las 6 campa\u00f1as que m\u00e1s luz creativa han irradiado en El Sol 2019\",\"datePublished\":\"2019-06-09T04:30:49+00:00\",\"dateModified\":\"2019-06-09T04:30:50+00:00\",\"mainEntityOfPage\":{\"@id\":\"https:\\\/\\\/super-news.info\\\/es\\\/las-6-campanas-que-mas-luz-creativa-han-irradiado-en-el-sol-2019\\\/\"},\"wordCount\":1133,\"commentCount\":0,\"image\":{\"@id\":\"https:\\\/\\\/super-news.info\\\/es\\\/las-6-campanas-que-mas-luz-creativa-han-irradiado-en-el-sol-2019\\\/#primaryimage\"},\"thumbnailUrl\":\"https:\\\/\\\/super-news.info\\\/es\\\/wp-content\\\/uploads\\\/sites\\\/4\\\/2019\\\/06\\\/Las-6-campa\u00f1as-que-m\u00e1s-luz-creativa-han-irradiado-en.jpg\",\"articleSection\":[\"NOTICIAS DE MARKETING DIGITAL\"],\"inLanguage\":\"en-US\",\"potentialAction\":[{\"@type\":\"CommentAction\",\"name\":\"Comment\",\"target\":[\"https:\\\/\\\/super-news.info\\\/es\\\/las-6-campanas-que-mas-luz-creativa-han-irradiado-en-el-sol-2019\\\/#respond\"]}]},{\"@type\":\"WebPage\",\"@id\":\"https:\\\/\\\/super-news.info\\\/es\\\/las-6-campanas-que-mas-luz-creativa-han-irradiado-en-el-sol-2019\\\/\",\"url\":\"https:\\\/\\\/super-news.info\\\/es\\\/las-6-campanas-que-mas-luz-creativa-han-irradiado-en-el-sol-2019\\\/\",\"name\":\"Las 6 campa\u00f1as que m\u00e1s luz creativa han irradiado en El Sol 2019 - Super News\",\"isPartOf\":{\"@id\":\"https:\\\/\\\/super-news.info\\\/es\\\/#website\"},\"primaryImageOfPage\":{\"@id\":\"https:\\\/\\\/super-news.info\\\/es\\\/las-6-campanas-que-mas-luz-creativa-han-irradiado-en-el-sol-2019\\\/#primaryimage\"},\"image\":{\"@id\":\"https:\\\/\\\/super-news.info\\\/es\\\/las-6-campanas-que-mas-luz-creativa-han-irradiado-en-el-sol-2019\\\/#primaryimage\"},\"thumbnailUrl\":\"https:\\\/\\\/super-news.info\\\/es\\\/wp-content\\\/uploads\\\/sites\\\/4\\\/2019\\\/06\\\/Las-6-campa\u00f1as-que-m\u00e1s-luz-creativa-han-irradiado-en.jpg\",\"datePublished\":\"2019-06-09T04:30:49+00:00\",\"dateModified\":\"2019-06-09T04:30:50+00:00\",\"author\":{\"@id\":\"https:\\\/\\\/super-news.info\\\/es\\\/#\\\/schema\\\/person\\\/2d4068cb2f39cd10008c2fce578a7356\"},\"breadcrumb\":{\"@id\":\"https:\\\/\\\/super-news.info\\\/es\\\/las-6-campanas-que-mas-luz-creativa-han-irradiado-en-el-sol-2019\\\/#breadcrumb\"},\"inLanguage\":\"en-US\",\"potentialAction\":[{\"@type\":\"ReadAction\",\"target\":[\"https:\\\/\\\/super-news.info\\\/es\\\/las-6-campanas-que-mas-luz-creativa-han-irradiado-en-el-sol-2019\\\/\"]}]},{\"@type\":\"ImageObject\",\"inLanguage\":\"en-US\",\"@id\":\"https:\\\/\\\/super-news.info\\\/es\\\/las-6-campanas-que-mas-luz-creativa-han-irradiado-en-el-sol-2019\\\/#primaryimage\",\"url\":\"https:\\\/\\\/super-news.info\\\/es\\\/wp-content\\\/uploads\\\/sites\\\/4\\\/2019\\\/06\\\/Las-6-campa\u00f1as-que-m\u00e1s-luz-creativa-han-irradiado-en.jpg\",\"contentUrl\":\"https:\\\/\\\/super-news.info\\\/es\\\/wp-content\\\/uploads\\\/sites\\\/4\\\/2019\\\/06\\\/Las-6-campa\u00f1as-que-m\u00e1s-luz-creativa-han-irradiado-en.jpg\",\"width\":626,\"height\":364,\"caption\":\"burger king\"},{\"@type\":\"BreadcrumbList\",\"@id\":\"https:\\\/\\\/super-news.info\\\/es\\\/las-6-campanas-que-mas-luz-creativa-han-irradiado-en-el-sol-2019\\\/#breadcrumb\",\"itemListElement\":[{\"@type\":\"ListItem\",\"position\":1,\"name\":\"\u0413\u043b\u0430\u0432\u043d\u0430\u044f \u0441\u0442\u0440\u0430\u043d\u0438\u0446\u0430\",\"item\":\"https:\\\/\\\/super-news.info\\\/es\\\/\"},{\"@type\":\"ListItem\",\"position\":2,\"name\":\"Las 6 campa\u00f1as que m\u00e1s luz creativa han irradiado en El Sol 2019\"}]},{\"@type\":\"WebSite\",\"@id\":\"https:\\\/\\\/super-news.info\\\/es\\\/#website\",\"url\":\"https:\\\/\\\/super-news.info\\\/es\\\/\",\"name\":\"Super News\",\"description\":\"Super News Espa\u00f1a\",\"potentialAction\":[{\"@type\":\"SearchAction\",\"target\":{\"@type\":\"EntryPoint\",\"urlTemplate\":\"https:\\\/\\\/super-news.info\\\/es\\\/?s={search_term_string}\"},\"query-input\":{\"@type\":\"PropertyValueSpecification\",\"valueRequired\":true,\"valueName\":\"search_term_string\"}}],\"inLanguage\":\"en-US\"},{\"@type\":\"Person\",\"@id\":\"https:\\\/\\\/super-news.info\\\/es\\\/#\\\/schema\\\/person\\\/2d4068cb2f39cd10008c2fce578a7356\",\"name\":\"super-news\",\"image\":{\"@type\":\"ImageObject\",\"inLanguage\":\"en-US\",\"@id\":\"https:\\\/\\\/secure.gravatar.com\\\/avatar\\\/64ebac40b93f26a154f8a9b5b6fdccfc46f442b26b3dd6756dbff3bf9dc76fd7?s=96&d=mm&r=g\",\"url\":\"https:\\\/\\\/secure.gravatar.com\\\/avatar\\\/64ebac40b93f26a154f8a9b5b6fdccfc46f442b26b3dd6756dbff3bf9dc76fd7?s=96&d=mm&r=g\",\"contentUrl\":\"https:\\\/\\\/secure.gravatar.com\\\/avatar\\\/64ebac40b93f26a154f8a9b5b6fdccfc46f442b26b3dd6756dbff3bf9dc76fd7?s=96&d=mm&r=g\",\"caption\":\"super-news\"},\"url\":\"https:\\\/\\\/super-news.info\\\/es\\\/author\\\/pt\\\/\"}]}<\/script>\n<!-- \/ Yoast SEO plugin. -->","yoast_head_json":{"title":"Las 6 campa\u00f1as que m\u00e1s luz creativa han irradiado en El Sol 2019 - Super News","robots":{"index":"index","follow":"follow","max-snippet":"max-snippet:-1","max-image-preview":"max-image-preview:large","max-video-preview":"max-video-preview:-1"},"canonical":"https:\/\/super-news.info\/es\/las-6-campanas-que-mas-luz-creativa-han-irradiado-en-el-sol-2019\/","og_locale":"en_US","og_type":"article","og_title":"Las 6 campa\u00f1as que m\u00e1s luz creativa han irradiado en El Sol 2019 - Super News","og_description":"[ad_1] En la 34\u00aa edici\u00f3n del festival El Sol se han entregado 8 Grandes Premios y han quedado desiertas las m\u00e1ximas distinciones de 5 secciones. 4 de los 8 Grandes Premios entregados en el certamen son &#8220;made in Spain&#8221;. En la 34\u00aa edici\u00f3n del festival El Sol la creatividad ha recibido id\u00e9ntico calor (en forma [&hellip;]","og_url":"https:\/\/super-news.info\/es\/las-6-campanas-que-mas-luz-creativa-han-irradiado-en-el-sol-2019\/","og_site_name":"Super News","article_published_time":"2019-06-09T04:30:49+00:00","article_modified_time":"2019-06-09T04:30:50+00:00","og_image":[{"width":626,"height":364,"url":"https:\/\/super-news.info\/es\/wp-content\/uploads\/sites\/4\/2019\/06\/Las-6-campa\u00f1as-que-m\u00e1s-luz-creativa-han-irradiado-en.jpg","type":"image\/jpeg"}],"author":"super-news","twitter_card":"summary_large_image","twitter_misc":{"Written by":"super-news","Est. reading time":"6 minutes"},"schema":{"@context":"https:\/\/schema.org","@graph":[{"@type":"Article","@id":"https:\/\/super-news.info\/es\/las-6-campanas-que-mas-luz-creativa-han-irradiado-en-el-sol-2019\/#article","isPartOf":{"@id":"https:\/\/super-news.info\/es\/las-6-campanas-que-mas-luz-creativa-han-irradiado-en-el-sol-2019\/"},"author":{"name":"super-news","@id":"https:\/\/super-news.info\/es\/#\/schema\/person\/2d4068cb2f39cd10008c2fce578a7356"},"headline":"Las 6 campa\u00f1as que m\u00e1s luz creativa han irradiado en El Sol 2019","datePublished":"2019-06-09T04:30:49+00:00","dateModified":"2019-06-09T04:30:50+00:00","mainEntityOfPage":{"@id":"https:\/\/super-news.info\/es\/las-6-campanas-que-mas-luz-creativa-han-irradiado-en-el-sol-2019\/"},"wordCount":1133,"commentCount":0,"image":{"@id":"https:\/\/super-news.info\/es\/las-6-campanas-que-mas-luz-creativa-han-irradiado-en-el-sol-2019\/#primaryimage"},"thumbnailUrl":"https:\/\/super-news.info\/es\/wp-content\/uploads\/sites\/4\/2019\/06\/Las-6-campa\u00f1as-que-m\u00e1s-luz-creativa-han-irradiado-en.jpg","articleSection":["NOTICIAS DE MARKETING DIGITAL"],"inLanguage":"en-US","potentialAction":[{"@type":"CommentAction","name":"Comment","target":["https:\/\/super-news.info\/es\/las-6-campanas-que-mas-luz-creativa-han-irradiado-en-el-sol-2019\/#respond"]}]},{"@type":"WebPage","@id":"https:\/\/super-news.info\/es\/las-6-campanas-que-mas-luz-creativa-han-irradiado-en-el-sol-2019\/","url":"https:\/\/super-news.info\/es\/las-6-campanas-que-mas-luz-creativa-han-irradiado-en-el-sol-2019\/","name":"Las 6 campa\u00f1as que m\u00e1s luz creativa han irradiado en El Sol 2019 - Super News","isPartOf":{"@id":"https:\/\/super-news.info\/es\/#website"},"primaryImageOfPage":{"@id":"https:\/\/super-news.info\/es\/las-6-campanas-que-mas-luz-creativa-han-irradiado-en-el-sol-2019\/#primaryimage"},"image":{"@id":"https:\/\/super-news.info\/es\/las-6-campanas-que-mas-luz-creativa-han-irradiado-en-el-sol-2019\/#primaryimage"},"thumbnailUrl":"https:\/\/super-news.info\/es\/wp-content\/uploads\/sites\/4\/2019\/06\/Las-6-campa\u00f1as-que-m\u00e1s-luz-creativa-han-irradiado-en.jpg","datePublished":"2019-06-09T04:30:49+00:00","dateModified":"2019-06-09T04:30:50+00:00","author":{"@id":"https:\/\/super-news.info\/es\/#\/schema\/person\/2d4068cb2f39cd10008c2fce578a7356"},"breadcrumb":{"@id":"https:\/\/super-news.info\/es\/las-6-campanas-que-mas-luz-creativa-han-irradiado-en-el-sol-2019\/#breadcrumb"},"inLanguage":"en-US","potentialAction":[{"@type":"ReadAction","target":["https:\/\/super-news.info\/es\/las-6-campanas-que-mas-luz-creativa-han-irradiado-en-el-sol-2019\/"]}]},{"@type":"ImageObject","inLanguage":"en-US","@id":"https:\/\/super-news.info\/es\/las-6-campanas-que-mas-luz-creativa-han-irradiado-en-el-sol-2019\/#primaryimage","url":"https:\/\/super-news.info\/es\/wp-content\/uploads\/sites\/4\/2019\/06\/Las-6-campa\u00f1as-que-m\u00e1s-luz-creativa-han-irradiado-en.jpg","contentUrl":"https:\/\/super-news.info\/es\/wp-content\/uploads\/sites\/4\/2019\/06\/Las-6-campa\u00f1as-que-m\u00e1s-luz-creativa-han-irradiado-en.jpg","width":626,"height":364,"caption":"burger king"},{"@type":"BreadcrumbList","@id":"https:\/\/super-news.info\/es\/las-6-campanas-que-mas-luz-creativa-han-irradiado-en-el-sol-2019\/#breadcrumb","itemListElement":[{"@type":"ListItem","position":1,"name":"\u0413\u043b\u0430\u0432\u043d\u0430\u044f \u0441\u0442\u0440\u0430\u043d\u0438\u0446\u0430","item":"https:\/\/super-news.info\/es\/"},{"@type":"ListItem","position":2,"name":"Las 6 campa\u00f1as que m\u00e1s luz creativa han irradiado en El Sol 2019"}]},{"@type":"WebSite","@id":"https:\/\/super-news.info\/es\/#website","url":"https:\/\/super-news.info\/es\/","name":"Super News","description":"Super News Espa\u00f1a","potentialAction":[{"@type":"SearchAction","target":{"@type":"EntryPoint","urlTemplate":"https:\/\/super-news.info\/es\/?s={search_term_string}"},"query-input":{"@type":"PropertyValueSpecification","valueRequired":true,"valueName":"search_term_string"}}],"inLanguage":"en-US"},{"@type":"Person","@id":"https:\/\/super-news.info\/es\/#\/schema\/person\/2d4068cb2f39cd10008c2fce578a7356","name":"super-news","image":{"@type":"ImageObject","inLanguage":"en-US","@id":"https:\/\/secure.gravatar.com\/avatar\/64ebac40b93f26a154f8a9b5b6fdccfc46f442b26b3dd6756dbff3bf9dc76fd7?s=96&d=mm&r=g","url":"https:\/\/secure.gravatar.com\/avatar\/64ebac40b93f26a154f8a9b5b6fdccfc46f442b26b3dd6756dbff3bf9dc76fd7?s=96&d=mm&r=g","contentUrl":"https:\/\/secure.gravatar.com\/avatar\/64ebac40b93f26a154f8a9b5b6fdccfc46f442b26b3dd6756dbff3bf9dc76fd7?s=96&d=mm&r=g","caption":"super-news"},"url":"https:\/\/super-news.info\/es\/author\/pt\/"}]}},"_links":{"self":[{"href":"https:\/\/super-news.info\/es\/wp-json\/wp\/v2\/posts\/3481","targetHints":{"allow":["GET"]}}],"collection":[{"href":"https:\/\/super-news.info\/es\/wp-json\/wp\/v2\/posts"}],"about":[{"href":"https:\/\/super-news.info\/es\/wp-json\/wp\/v2\/types\/post"}],"author":[{"embeddable":true,"href":"https:\/\/super-news.info\/es\/wp-json\/wp\/v2\/users\/2"}],"replies":[{"embeddable":true,"href":"https:\/\/super-news.info\/es\/wp-json\/wp\/v2\/comments?post=3481"}],"version-history":[{"count":1,"href":"https:\/\/super-news.info\/es\/wp-json\/wp\/v2\/posts\/3481\/revisions"}],"predecessor-version":[{"id":3483,"href":"https:\/\/super-news.info\/es\/wp-json\/wp\/v2\/posts\/3481\/revisions\/3483"}],"wp:featuredmedia":[{"embeddable":true,"href":"https:\/\/super-news.info\/es\/wp-json\/wp\/v2\/media\/3482"}],"wp:attachment":[{"href":"https:\/\/super-news.info\/es\/wp-json\/wp\/v2\/media?parent=3481"}],"wp:term":[{"taxonomy":"category","embeddable":true,"href":"https:\/\/super-news.info\/es\/wp-json\/wp\/v2\/categories?post=3481"},{"taxonomy":"post_tag","embeddable":true,"href":"https:\/\/super-news.info\/es\/wp-json\/wp\/v2\/tags?post=3481"}],"curies":[{"name":"wp","href":"https:\/\/api.w.org\/{rel}","templated":true}]}}