{"id":3478,"date":"2019-06-09T05:59:32","date_gmt":"2019-06-09T02:59:32","guid":{"rendered":"https:\/\/super-news.info\/es\/las-15-campanas-espanolas-que-mas-alto-han-volado-en-el-cielo-creativo-de-el-sol-2019\/"},"modified":"2019-06-09T05:59:33","modified_gmt":"2019-06-09T02:59:33","slug":"las-15-campanas-espanolas-que-mas-alto-han-volado-en-el-cielo-creativo-de-el-sol-2019","status":"publish","type":"post","link":"https:\/\/super-news.info\/es\/las-15-campanas-espanolas-que-mas-alto-han-volado-en-el-cielo-creativo-de-el-sol-2019\/","title":{"rendered":"Las 15 campa\u00f1as espa\u00f1olas que m\u00e1s alto han volado en el cielo creativo de El Sol 2019"},"content":{"rendered":"<p> [ad_1]<br \/>\n<\/p>\n<div id=\"textoNoticia\">\n<p class=\"excerpt-single\">Repasamos una a una las 15 campa\u00f1as espa\u00f1olas agasajadas con los metales de mayor categor\u00eda (Grandes Premios y Soles de Oro) en la 34\u00aa edici\u00f3n del festival El Sol. &#13;<br \/>\n&#13;\n<\/p>\n<p>La <strong>creatividad oriunda de Espa\u00f1a<\/strong> ha vuelto a sacar m\u00fasculo este a\u00f1o en el festival El Sol, que en su 34\u00aa edici\u00f3n se ha celebrado por primera vez al abrigo de la ciudad de Madrid.<\/p>\n<p>En el debut en la capital de Espa\u00f1a del veterano certamen <strong>se han entregado 212 galardones y 130 de ellos llevan la r\u00fabrica de agencias patrias<\/strong>. Nuestro pa\u00eds ha logrado as\u00ed capitanear el ranking por pa\u00edses, seguido de Argentina (29 premios) y Brasil (18 galardones).<\/p>\n<p><strong>El Sol ha otorgado en su \u00faltima edici\u00f3n 8 Grandes Premios, de las cuales 4 se han quedado en tierras espa\u00f1olas.<\/strong> Espa\u00f1a ha logrado echar el lazo al m\u00e1ximo galard\u00f3n en las categor\u00edas de Film, Branded Content, Relaciones P\u00fablicas y Medios Impresos. Adem\u00e1s, la distinci\u00f3n de mayor categor\u00eda en el festival, el Sol de Platino, se ha quedado tambi\u00e9n en casa y ha reca\u00eddo en manos de la aclamada campa\u00f1a <strong>\u201cEl tiempo que nos queda\u201d de Leo Burnett para Ruavieja.<\/strong><\/p>\n<p>Doce meses atr\u00e1s <strong>Espa\u00f1a<\/strong> atrap\u00f3 120 de los 188 galardones entregados y logr\u00f3 hacer suyos 6 de los 8 Grandes Premios concedidos en el certamen y tambi\u00e9n el Sol de Platino.<\/p>\n<p>A continuaci\u00f3n nos zambullimos en el palmar\u00e9s de El Sol 2019 para repasar las campa\u00f1as espa\u00f1olas que m\u00e1s han centelleado en el certamen, aquellas agasajadas con <strong>Grandes Premios y Soles de Oro<\/strong>:<\/p>\n<p><strong>1. \u201cEl tiempo que nos queda\u201d \u2013 Ruavieja \u2013 Leo Burnett: 1 Sol de Platino, 1 Gran Premio y 2 Soles de Oro en Relaciones P\u00fablicas, 1 Gran Premio y 2 Soles de Oro en Branded Content, 2 Soles de Oro de Activaci\u00f3n y Experiencia de Marca, 1 Sol de Oro en Film, 1 Sol de Oro en Medios, 1 Sol de Oro en Digital y M\u00f3vil y 1 Sol de Oro en Campa\u00f1as Integradas<\/strong><\/p>\n<p>\n\t\t\t\t<iframe loading=\"lazy\" src=\"http:\/\/www.youtube.com\/embed\/MiXwBNiFM58?enablejsapi=1&amp;version=3&amp;rel=0&amp;showinfo=0&amp;controls=0\" id=\"iframePlayer\" width=\"940\" height=\"529\" frameborder=\"0\" webkitallowfullscreen=\"\" mozallowfullscreen=\"\" allowfullscreen=\"\"><\/iframe>\n\t\t\t<\/p>\n<p>Si no visualiza correctamente el v\u00eddeo embedded, haga clic aqu\u00ed<\/p>\n<p><strong>2. \u201cTienda LOL\u201d \u2013 Campofr\u00edo \u2013 McCann: 1 Gran Premio y 1 Sol de Oro en Film y 1 Sol de Oro en Producci\u00f3n<\/strong><\/p>\n<p>\n\t\t\t\t<iframe loading=\"lazy\" src=\"http:\/\/www.youtube.com\/embed\/OQxk5suVP3M?enablejsapi=1&amp;version=3&amp;rel=0&amp;showinfo=0&amp;controls=0\" id=\"iframePlayer\" width=\"940\" height=\"529\" frameborder=\"0\" webkitallowfullscreen=\"\" mozallowfullscreen=\"\" allowfullscreen=\"\"><\/iframe>\n\t\t\t<\/p>\n<p>Si no visualiza correctamente el v\u00eddeo embedded, haga clic aqu\u00ed<\/p>\n<p><strong>3. \u201c\u00bfUna fotograf\u00eda irrepetible?\u201d \u2013 Trapa \u2013 FCB&amp;FiRe Spain: 1 Gran Premio y 1 Sol de Oro en Medios Impresos y 1 Sol de Oro en Relaciones P\u00fablicas<\/strong><\/p>\n<p><img loading=\"lazy\" decoding=\"async\" class=\"aligncenter wp-image-489119\" src=\"https:\/\/super-news.info\/es\/wp-content\/uploads\/sites\/4\/2019\/06\/Las-15-campanas-espanolas-que-mas-alto-han-volado-en.jpeg\" alt=\"\" width=\"630\" height=\"441\"\/><\/p>\n<p>\n\t\t\t\t<iframe loading=\"lazy\" src=\"http:\/\/www.youtube.com\/embed\/frZS4VzDdCI?enablejsapi=1&amp;version=3&amp;rel=0&amp;showinfo=0&amp;controls=0\" id=\"iframePlayer\" width=\"940\" height=\"529\" frameborder=\"0\" webkitallowfullscreen=\"\" mozallowfullscreen=\"\" allowfullscreen=\"\"><\/iframe>\n\t\t\t<\/p>\n<p>Si no visualiza correctamente el v\u00eddeo embedded, haga clic aqu\u00ed<\/p>\n<p><strong>4. \u201cElige Bigote\u201d \u2013 Pescanova \u2013 LOLA MullenLowe: 1 Sol de Oro en Film y 1 Sol de Oro en Campa\u00f1as Integradas<\/strong><\/p>\n<p>\n\t\t\t\t<iframe loading=\"lazy\" src=\"http:\/\/www.youtube.com\/embed\/-eMPc8rrTjY?enablejsapi=1&amp;version=3&amp;rel=0&amp;showinfo=0&amp;controls=0\" id=\"iframePlayer\" width=\"940\" height=\"529\" frameborder=\"0\" webkitallowfullscreen=\"\" mozallowfullscreen=\"\" allowfullscreen=\"\"><\/iframe>\n\t\t\t<\/p>\n<p>Si no visualiza correctamente el v\u00eddeo embedded, haga clic aqu\u00ed<\/p>\n<p><strong>5. \u201cMoby Dick Sin L\u00edmites\u201d \u2013 FNAC \u2013 DDB: 1 Sol de Oro en Branded Content y 1 Sol de Oro en Activaci\u00f3n y Experiencia de Marca<\/strong><\/p>\n<p>\n\t\t\t\t<iframe loading=\"lazy\" src=\"http:\/\/www.youtube.com\/embed\/0pigpoIH2Yk?enablejsapi=1&amp;version=3&amp;rel=0&amp;showinfo=0&amp;controls=0\" id=\"iframePlayer\" width=\"940\" height=\"529\" frameborder=\"0\" webkitallowfullscreen=\"\" mozallowfullscreen=\"\" allowfullscreen=\"\"><\/iframe>\n\t\t\t<\/p>\n<p>Si no visualiza correctamente el v\u00eddeo embedded, haga clic aqu\u00ed<\/p>\n<p><strong>6. \u201cIKEA vs Arkano\u201d \u2013 IKEA \u2013 Ymedia: 1 Sol de Oro en Branded Content y 1 Sol de Oro en Producci\u00f3n<\/strong><\/p>\n<p>\n\t\t\t\t<iframe loading=\"lazy\" src=\"http:\/\/www.youtube.com\/embed\/9x-QUf_Xs28?enablejsapi=1&amp;version=3&amp;rel=0&amp;showinfo=0&amp;controls=0\" id=\"iframePlayer\" width=\"940\" height=\"529\" frameborder=\"0\" webkitallowfullscreen=\"\" mozallowfullscreen=\"\" allowfullscreen=\"\"><\/iframe>\n\t\t\t<\/p>\n<p>Si no visualiza correctamente el v\u00eddeo embedded, haga clic aqu\u00ed<\/p>\n<p><strong>7. \u201cCumplea\u00f1os 1\u201d \/ \u201cCumplea\u00f1os 2\u201d \/ \u201cCumplea\u00f1os 3\u201d \/ \u201cCumplea\u00f1os 4\u201d \u2013 Burger King \u2013 LOLA MullenLowe: 1 Sol de Oro en Medios Impresos<\/strong><\/p>\n<p><img loading=\"lazy\" decoding=\"async\" class=\"aligncenter wp-image-489107\" src=\"https:\/\/super-news.info\/es\/wp-content\/uploads\/sites\/4\/2019\/06\/1560049159_881_Las-15-campanas-espanolas-que-mas-alto-han-volado-en.jpeg\" alt=\"\" width=\"630\" height=\"900\"\/><img loading=\"lazy\" decoding=\"async\" class=\"aligncenter wp-image-489108\" src=\"https:\/\/super-news.info\/es\/wp-content\/uploads\/sites\/4\/2019\/06\/1560049160_967_Las-15-campanas-espanolas-que-mas-alto-han-volado-en.jpeg\" alt=\"\" width=\"630\" height=\"900\"\/><img loading=\"lazy\" decoding=\"async\" class=\"aligncenter wp-image-489109\" src=\"https:\/\/super-news.info\/es\/wp-content\/uploads\/sites\/4\/2019\/06\/1560049162_755_Las-15-campanas-espanolas-que-mas-alto-han-volado-en.jpeg\" alt=\"\" width=\"631\" height=\"901\"\/><img loading=\"lazy\" decoding=\"async\" class=\"aligncenter wp-image-489110\" src=\"https:\/\/super-news.info\/es\/wp-content\/uploads\/sites\/4\/2019\/06\/1560049163_497_Las-15-campanas-espanolas-que-mas-alto-han-volado-en.jpeg\" alt=\"\" width=\"632\" height=\"903\"\/><\/p>\n<p><strong>8. \u201cSostenible es\u2026\u201d \/ \u201cLos viejos saben de estilo\u201d \/ \u201cCuatro camisas\u201d \/ \u201cCompra menos\u201d \u2013 Adolfo Dom\u00ednguez \u2013 CHINA: 1 Sol de Oro en Medios Impresos<\/strong><\/p>\n<p><img loading=\"lazy\" decoding=\"async\" class=\"aligncenter wp-image-489111\" src=\"https:\/\/super-news.info\/es\/wp-content\/uploads\/sites\/4\/2019\/06\/1560049164_287_Las-15-campanas-espanolas-que-mas-alto-han-volado-en.jpeg\" alt=\"\" width=\"632\" height=\"890\"\/><img loading=\"lazy\" decoding=\"async\" class=\"aligncenter wp-image-489112\" src=\"https:\/\/super-news.info\/es\/wp-content\/uploads\/sites\/4\/2019\/06\/1560049166_706_Las-15-campanas-espanolas-que-mas-alto-han-volado-en.jpeg\" alt=\"\" width=\"630\" height=\"887\"\/><img loading=\"lazy\" decoding=\"async\" class=\"aligncenter wp-image-489113\" src=\"https:\/\/super-news.info\/es\/wp-content\/uploads\/sites\/4\/2019\/06\/1560049167_521_Las-15-campanas-espanolas-que-mas-alto-han-volado-en.jpeg\" alt=\"\" width=\"630\" height=\"888\"\/><img loading=\"lazy\" decoding=\"async\" class=\"aligncenter wp-image-489114\" src=\"https:\/\/super-news.info\/es\/wp-content\/uploads\/sites\/4\/2019\/06\/1560049168_905_Las-15-campanas-espanolas-que-mas-alto-han-volado-en.jpeg\" alt=\"\" width=\"630\" height=\"887\"\/><\/p>\n<p><strong>9. \u201cBandera 1\u201d \u2013 \u201cBandera 2\u201d \/ \u201cBandera 3\u201d \/ \u201cBandera 4\u201d \u2013 FELGTB \/ eldiario.es \u2013 LOLA MullenLowe: 1 Sol de Oro en Exterior<\/strong><\/p>\n<p><img loading=\"lazy\" decoding=\"async\" class=\"aligncenter wp-image-489115\" src=\"https:\/\/super-news.info\/es\/wp-content\/uploads\/sites\/4\/2019\/06\/1560049169_165_Las-15-campanas-espanolas-que-mas-alto-han-volado-en.jpeg\" alt=\"\" width=\"630\" height=\"438\"\/><img loading=\"lazy\" decoding=\"async\" class=\"aligncenter wp-image-489116\" src=\"https:\/\/super-news.info\/es\/wp-content\/uploads\/sites\/4\/2019\/06\/1560049170_188_Las-15-campanas-espanolas-que-mas-alto-han-volado-en.jpeg\" alt=\"\" width=\"630\" height=\"438\"\/><img loading=\"lazy\" decoding=\"async\" class=\"aligncenter wp-image-489117\" src=\"https:\/\/super-news.info\/es\/wp-content\/uploads\/sites\/4\/2019\/06\/1560049171_655_Las-15-campanas-espanolas-que-mas-alto-han-volado-en.jpeg\" alt=\"\" width=\"630\" height=\"438\"\/><img loading=\"lazy\" decoding=\"async\" class=\"aligncenter wp-image-489118\" src=\"https:\/\/super-news.info\/es\/wp-content\/uploads\/sites\/4\/2019\/06\/1560049172_477_Las-15-campanas-espanolas-que-mas-alto-han-volado-en.jpeg\" alt=\"\" width=\"636\" height=\"442\"\/><\/p>\n<p><strong>10. \u201cParedes que hablan\u201d \u2013 Fundaci\u00f3n Mujeres \u2013 TBWA: 1 Sol de Oro en Audio<\/strong><\/p>\n<p>\n\t\t\t\t<iframe loading=\"lazy\" src=\"http:\/\/www.youtube.com\/embed\/vIxqVQzxdfs?enablejsapi=1&amp;version=3&amp;rel=0&amp;showinfo=0&amp;controls=0\" id=\"iframePlayer\" width=\"940\" height=\"529\" frameborder=\"0\" webkitallowfullscreen=\"\" mozallowfullscreen=\"\" allowfullscreen=\"\"><\/iframe>\n\t\t\t<\/p>\n<p>Si no visualiza correctamente el v\u00eddeo embedded, haga clic aqu\u00ed<\/p>\n<p><strong>11. \u201cUna carta m\u00e1s corta\u201d \u2013 Volkswagen \u2013 DDB: 1 Sol de Oro<\/strong><\/p>\n<p>\n\t\t\t\t<iframe loading=\"lazy\" src=\"http:\/\/www.youtube.com\/embed\/jWrawfNpi8U?enablejsapi=1&amp;version=3&amp;rel=0&amp;showinfo=0&amp;controls=0\" id=\"iframePlayer\" width=\"940\" height=\"529\" frameborder=\"0\" webkitallowfullscreen=\"\" mozallowfullscreen=\"\" allowfullscreen=\"\"><\/iframe>\n\t\t\t<\/p>\n<p>Si no visualiza correctamente el v\u00eddeo embedded, haga clic aqu\u00ed<\/p>\n<p><strong>12. \u201cMuseo del Romanticismo\u201d \u2013 IKEA \u2013 McCann: 1 Sol de Oro en Branded Content<\/strong><\/p>\n<p>\n\t\t\t\t<iframe loading=\"lazy\" src=\"http:\/\/www.youtube.com\/embed\/AoW0PhUrkBM?enablejsapi=1&amp;version=3&amp;rel=0&amp;showinfo=0&amp;controls=0\" id=\"iframePlayer\" width=\"940\" height=\"529\" frameborder=\"0\" webkitallowfullscreen=\"\" mozallowfullscreen=\"\" allowfullscreen=\"\"><\/iframe>\n\t\t\t<\/p>\n<p>Si no visualiza correctamente el v\u00eddeo embedded, haga clic aqu\u00ed<\/p>\n<p><strong>13. \u201cH\u00e9roes de Hoy\u201d \u2013 Plataformas H\u00e9roes de Hoy (Iberia, Correos, Telepizza, LaLiga, 1811, Baviera) \u2013 DDB: 1 Sol de Oro en Digital y M\u00f3vil<\/strong><\/p>\n<p>\n\t\t\t\t<iframe loading=\"lazy\" src=\"http:\/\/www.youtube.com\/embed\/Ok2ddm_BlpU?enablejsapi=1&amp;version=3&amp;rel=0&amp;showinfo=0&amp;controls=0\" id=\"iframePlayer\" width=\"940\" height=\"529\" frameborder=\"0\" webkitallowfullscreen=\"\" mozallowfullscreen=\"\" allowfullscreen=\"\"><\/iframe>\n\t\t\t<\/p>\n<p>Si no visualiza correctamente el v\u00eddeo embedded, haga clic aqu\u00ed<\/p>\n<p><strong>14. \u201cCode of Hope\u201d \u2013 Twitter \u2013 Publicis: 1 Sol de Oro en Digital y M\u00f3vil<\/strong><\/p>\n<p>\n\t\t\t\t<iframe loading=\"lazy\" src=\"http:\/\/www.youtube.com\/embed\/AdSEEBfhPYw?enablejsapi=1&amp;version=3&amp;rel=0&amp;showinfo=0&amp;controls=0\" id=\"iframePlayer\" width=\"940\" height=\"529\" frameborder=\"0\" webkitallowfullscreen=\"\" mozallowfullscreen=\"\" allowfullscreen=\"\"><\/iframe>\n\t\t\t<\/p>\n<p>Si no visualiza correctamente el v\u00eddeo embedded, haga clic aqu\u00ed<\/p>\n<p><strong>15. \u201cChoose\u201d \u2013 Sra. Rushmore \/ Agosto \u2013 International Committee of the Red Cross: 1 Sol de Oro en Producci\u00f3n<\/strong><\/p>\n<p>\n\t\t\t\t<iframe loading=\"lazy\" src=\"http:\/\/www.youtube.com\/embed\/Yr5yh1O5mnA?enablejsapi=1&amp;version=3&amp;rel=0&amp;showinfo=0&amp;controls=0\" id=\"iframePlayer\" width=\"940\" height=\"529\" frameborder=\"0\" webkitallowfullscreen=\"\" mozallowfullscreen=\"\" allowfullscreen=\"\"><\/iframe>\n\t\t\t<\/p>\n<p>Si no visualiza correctamente el v\u00eddeo embedded, haga clic aqu\u00ed<\/p>\n<p class=\"link-telegram\">\n\t\t\t\t\t\t\t\t\t\t\tNo te pierdas nada de MarketingDirecto.com y \u00fanete a nuestro Telegram t.me\/MarketingDirecto\n\t\t\t\t\t\t\t\t\t\t<\/p>\n<\/p><\/div>\n<p><script>(function(d, s, id) {\n  var js, fjs = d.getElementsByTagName(s)[0];\n  if (d.getElementById(id)) return;\n  js = d.createElement(s); js.id = id;\n  js.src = \"http:\/\/connect.facebook.net\/es_LA\/sdk.js#xfbml=1&appId=408746052611679&version=v2.3\";\n  fjs.parentNode.insertBefore(js, fjs);\n}(document, 'script', 'facebook-jssdk'));<\/script><br \/>\n<br \/>[ad_2]<br \/>\n<br \/><a href=\"https:\/\/www.marketingdirecto.com\/especiales\/el-sol\/15-campanas-espanolas-mas-alto-han-volado-cielo-creativo-el-sol-2019\">Source link <\/a><\/p>\n","protected":false},"excerpt":{"rendered":"<p>[ad_1] Repasamos una a una las 15 campa\u00f1as espa\u00f1olas agasajadas con los metales de mayor categor\u00eda (Grandes Premios y Soles de Oro) en la 34\u00aa edici\u00f3n del festival El Sol. &#13; &#13; La creatividad oriunda de Espa\u00f1a ha vuelto a sacar m\u00fasculo este a\u00f1o en el festival El Sol, que en su 34\u00aa edici\u00f3n se [&hellip;]<\/p>\n","protected":false},"author":2,"featured_media":3479,"comment_status":"open","ping_status":"open","sticky":false,"template":"","format":"standard","meta":{"footnotes":""},"categories":[2],"tags":[],"class_list":["post-3478","post","type-post","status-publish","format-standard","has-post-thumbnail","hentry","category-noticias-de-marketing-digital"],"yoast_head":"<!-- This site is optimized with the Yoast SEO plugin v27.4 - https:\/\/yoast.com\/product\/yoast-seo-wordpress\/ -->\n<title>Las 15 campa\u00f1as espa\u00f1olas que m\u00e1s alto han volado en el cielo creativo de El Sol 2019 - Super News<\/title>\n<meta name=\"robots\" content=\"index, follow, max-snippet:-1, max-image-preview:large, max-video-preview:-1\" \/>\n<link rel=\"canonical\" href=\"https:\/\/super-news.info\/es\/las-15-campanas-espanolas-que-mas-alto-han-volado-en-el-cielo-creativo-de-el-sol-2019\/\" \/>\n<meta property=\"og:locale\" content=\"en_US\" \/>\n<meta property=\"og:type\" content=\"article\" \/>\n<meta property=\"og:title\" content=\"Las 15 campa\u00f1as espa\u00f1olas que m\u00e1s alto han volado en el cielo creativo de El Sol 2019 - Super News\" \/>\n<meta property=\"og:description\" content=\"[ad_1] Repasamos una a una las 15 campa\u00f1as espa\u00f1olas agasajadas con los metales de mayor categor\u00eda (Grandes Premios y Soles de Oro) en la 34\u00aa edici\u00f3n del festival El Sol. &#013; &#013; La creatividad oriunda de Espa\u00f1a ha vuelto a sacar m\u00fasculo este a\u00f1o en el festival El Sol, que en su 34\u00aa edici\u00f3n se [&hellip;]\" \/>\n<meta property=\"og:url\" content=\"https:\/\/super-news.info\/es\/las-15-campanas-espanolas-que-mas-alto-han-volado-en-el-cielo-creativo-de-el-sol-2019\/\" \/>\n<meta property=\"og:site_name\" content=\"Super News\" \/>\n<meta property=\"article:published_time\" content=\"2019-06-09T02:59:32+00:00\" \/>\n<meta property=\"article:modified_time\" content=\"2019-06-09T02:59:33+00:00\" \/>\n<meta property=\"og:image\" content=\"https:\/\/super-news.info\/es\/wp-content\/uploads\/sites\/4\/2019\/06\/Las-15-campa\u00f1as-espa\u00f1olas-que-m\u00e1s-alto-han-volado-en.jpg\" \/>\n\t<meta property=\"og:image:width\" content=\"626\" \/>\n\t<meta property=\"og:image:height\" content=\"364\" \/>\n\t<meta property=\"og:image:type\" content=\"image\/jpeg\" \/>\n<meta name=\"author\" content=\"super-news\" \/>\n<meta name=\"twitter:card\" content=\"summary_large_image\" \/>\n<meta name=\"twitter:label1\" content=\"Written by\" \/>\n\t<meta name=\"twitter:data1\" content=\"super-news\" \/>\n\t<meta name=\"twitter:label2\" content=\"Est. reading time\" \/>\n\t<meta name=\"twitter:data2\" content=\"4 minutes\" \/>\n<script type=\"application\/ld+json\" class=\"yoast-schema-graph\">{\"@context\":\"https:\\\/\\\/schema.org\",\"@graph\":[{\"@type\":\"Article\",\"@id\":\"https:\\\/\\\/super-news.info\\\/es\\\/las-15-campanas-espanolas-que-mas-alto-han-volado-en-el-cielo-creativo-de-el-sol-2019\\\/#article\",\"isPartOf\":{\"@id\":\"https:\\\/\\\/super-news.info\\\/es\\\/las-15-campanas-espanolas-que-mas-alto-han-volado-en-el-cielo-creativo-de-el-sol-2019\\\/\"},\"author\":{\"name\":\"super-news\",\"@id\":\"https:\\\/\\\/super-news.info\\\/es\\\/#\\\/schema\\\/person\\\/2d4068cb2f39cd10008c2fce578a7356\"},\"headline\":\"Las 15 campa\u00f1as espa\u00f1olas que m\u00e1s alto han volado en el cielo creativo de El Sol 2019\",\"datePublished\":\"2019-06-09T02:59:32+00:00\",\"dateModified\":\"2019-06-09T02:59:33+00:00\",\"mainEntityOfPage\":{\"@id\":\"https:\\\/\\\/super-news.info\\\/es\\\/las-15-campanas-espanolas-que-mas-alto-han-volado-en-el-cielo-creativo-de-el-sol-2019\\\/\"},\"wordCount\":750,\"commentCount\":0,\"image\":{\"@id\":\"https:\\\/\\\/super-news.info\\\/es\\\/las-15-campanas-espanolas-que-mas-alto-han-volado-en-el-cielo-creativo-de-el-sol-2019\\\/#primaryimage\"},\"thumbnailUrl\":\"https:\\\/\\\/super-news.info\\\/es\\\/wp-content\\\/uploads\\\/sites\\\/4\\\/2019\\\/06\\\/Las-15-campa\u00f1as-espa\u00f1olas-que-m\u00e1s-alto-han-volado-en.jpg\",\"articleSection\":[\"NOTICIAS DE MARKETING DIGITAL\"],\"inLanguage\":\"en-US\",\"potentialAction\":[{\"@type\":\"CommentAction\",\"name\":\"Comment\",\"target\":[\"https:\\\/\\\/super-news.info\\\/es\\\/las-15-campanas-espanolas-que-mas-alto-han-volado-en-el-cielo-creativo-de-el-sol-2019\\\/#respond\"]}]},{\"@type\":\"WebPage\",\"@id\":\"https:\\\/\\\/super-news.info\\\/es\\\/las-15-campanas-espanolas-que-mas-alto-han-volado-en-el-cielo-creativo-de-el-sol-2019\\\/\",\"url\":\"https:\\\/\\\/super-news.info\\\/es\\\/las-15-campanas-espanolas-que-mas-alto-han-volado-en-el-cielo-creativo-de-el-sol-2019\\\/\",\"name\":\"Las 15 campa\u00f1as espa\u00f1olas que m\u00e1s alto han volado en el cielo creativo de El Sol 2019 - Super News\",\"isPartOf\":{\"@id\":\"https:\\\/\\\/super-news.info\\\/es\\\/#website\"},\"primaryImageOfPage\":{\"@id\":\"https:\\\/\\\/super-news.info\\\/es\\\/las-15-campanas-espanolas-que-mas-alto-han-volado-en-el-cielo-creativo-de-el-sol-2019\\\/#primaryimage\"},\"image\":{\"@id\":\"https:\\\/\\\/super-news.info\\\/es\\\/las-15-campanas-espanolas-que-mas-alto-han-volado-en-el-cielo-creativo-de-el-sol-2019\\\/#primaryimage\"},\"thumbnailUrl\":\"https:\\\/\\\/super-news.info\\\/es\\\/wp-content\\\/uploads\\\/sites\\\/4\\\/2019\\\/06\\\/Las-15-campa\u00f1as-espa\u00f1olas-que-m\u00e1s-alto-han-volado-en.jpg\",\"datePublished\":\"2019-06-09T02:59:32+00:00\",\"dateModified\":\"2019-06-09T02:59:33+00:00\",\"author\":{\"@id\":\"https:\\\/\\\/super-news.info\\\/es\\\/#\\\/schema\\\/person\\\/2d4068cb2f39cd10008c2fce578a7356\"},\"breadcrumb\":{\"@id\":\"https:\\\/\\\/super-news.info\\\/es\\\/las-15-campanas-espanolas-que-mas-alto-han-volado-en-el-cielo-creativo-de-el-sol-2019\\\/#breadcrumb\"},\"inLanguage\":\"en-US\",\"potentialAction\":[{\"@type\":\"ReadAction\",\"target\":[\"https:\\\/\\\/super-news.info\\\/es\\\/las-15-campanas-espanolas-que-mas-alto-han-volado-en-el-cielo-creativo-de-el-sol-2019\\\/\"]}]},{\"@type\":\"ImageObject\",\"inLanguage\":\"en-US\",\"@id\":\"https:\\\/\\\/super-news.info\\\/es\\\/las-15-campanas-espanolas-que-mas-alto-han-volado-en-el-cielo-creativo-de-el-sol-2019\\\/#primaryimage\",\"url\":\"https:\\\/\\\/super-news.info\\\/es\\\/wp-content\\\/uploads\\\/sites\\\/4\\\/2019\\\/06\\\/Las-15-campa\u00f1as-espa\u00f1olas-que-m\u00e1s-alto-han-volado-en.jpg\",\"contentUrl\":\"https:\\\/\\\/super-news.info\\\/es\\\/wp-content\\\/uploads\\\/sites\\\/4\\\/2019\\\/06\\\/Las-15-campa\u00f1as-espa\u00f1olas-que-m\u00e1s-alto-han-volado-en.jpg\",\"width\":626,\"height\":364,\"caption\":\"tienda lol\"},{\"@type\":\"BreadcrumbList\",\"@id\":\"https:\\\/\\\/super-news.info\\\/es\\\/las-15-campanas-espanolas-que-mas-alto-han-volado-en-el-cielo-creativo-de-el-sol-2019\\\/#breadcrumb\",\"itemListElement\":[{\"@type\":\"ListItem\",\"position\":1,\"name\":\"\u0413\u043b\u0430\u0432\u043d\u0430\u044f \u0441\u0442\u0440\u0430\u043d\u0438\u0446\u0430\",\"item\":\"https:\\\/\\\/super-news.info\\\/es\\\/\"},{\"@type\":\"ListItem\",\"position\":2,\"name\":\"Las 15 campa\u00f1as espa\u00f1olas que m\u00e1s alto han volado en el cielo creativo de El Sol 2019\"}]},{\"@type\":\"WebSite\",\"@id\":\"https:\\\/\\\/super-news.info\\\/es\\\/#website\",\"url\":\"https:\\\/\\\/super-news.info\\\/es\\\/\",\"name\":\"Super News\",\"description\":\"Super News Espa\u00f1a\",\"potentialAction\":[{\"@type\":\"SearchAction\",\"target\":{\"@type\":\"EntryPoint\",\"urlTemplate\":\"https:\\\/\\\/super-news.info\\\/es\\\/?s={search_term_string}\"},\"query-input\":{\"@type\":\"PropertyValueSpecification\",\"valueRequired\":true,\"valueName\":\"search_term_string\"}}],\"inLanguage\":\"en-US\"},{\"@type\":\"Person\",\"@id\":\"https:\\\/\\\/super-news.info\\\/es\\\/#\\\/schema\\\/person\\\/2d4068cb2f39cd10008c2fce578a7356\",\"name\":\"super-news\",\"image\":{\"@type\":\"ImageObject\",\"inLanguage\":\"en-US\",\"@id\":\"https:\\\/\\\/secure.gravatar.com\\\/avatar\\\/64ebac40b93f26a154f8a9b5b6fdccfc46f442b26b3dd6756dbff3bf9dc76fd7?s=96&d=mm&r=g\",\"url\":\"https:\\\/\\\/secure.gravatar.com\\\/avatar\\\/64ebac40b93f26a154f8a9b5b6fdccfc46f442b26b3dd6756dbff3bf9dc76fd7?s=96&d=mm&r=g\",\"contentUrl\":\"https:\\\/\\\/secure.gravatar.com\\\/avatar\\\/64ebac40b93f26a154f8a9b5b6fdccfc46f442b26b3dd6756dbff3bf9dc76fd7?s=96&d=mm&r=g\",\"caption\":\"super-news\"},\"url\":\"https:\\\/\\\/super-news.info\\\/es\\\/author\\\/pt\\\/\"}]}<\/script>\n<!-- \/ Yoast SEO plugin. -->","yoast_head_json":{"title":"Las 15 campa\u00f1as espa\u00f1olas que m\u00e1s alto han volado en el cielo creativo de El Sol 2019 - Super News","robots":{"index":"index","follow":"follow","max-snippet":"max-snippet:-1","max-image-preview":"max-image-preview:large","max-video-preview":"max-video-preview:-1"},"canonical":"https:\/\/super-news.info\/es\/las-15-campanas-espanolas-que-mas-alto-han-volado-en-el-cielo-creativo-de-el-sol-2019\/","og_locale":"en_US","og_type":"article","og_title":"Las 15 campa\u00f1as espa\u00f1olas que m\u00e1s alto han volado en el cielo creativo de El Sol 2019 - Super News","og_description":"[ad_1] Repasamos una a una las 15 campa\u00f1as espa\u00f1olas agasajadas con los metales de mayor categor\u00eda (Grandes Premios y Soles de Oro) en la 34\u00aa edici\u00f3n del festival El Sol. &#13; &#13; La creatividad oriunda de Espa\u00f1a ha vuelto a sacar m\u00fasculo este a\u00f1o en el festival El Sol, que en su 34\u00aa edici\u00f3n se [&hellip;]","og_url":"https:\/\/super-news.info\/es\/las-15-campanas-espanolas-que-mas-alto-han-volado-en-el-cielo-creativo-de-el-sol-2019\/","og_site_name":"Super News","article_published_time":"2019-06-09T02:59:32+00:00","article_modified_time":"2019-06-09T02:59:33+00:00","og_image":[{"width":626,"height":364,"url":"https:\/\/super-news.info\/es\/wp-content\/uploads\/sites\/4\/2019\/06\/Las-15-campa\u00f1as-espa\u00f1olas-que-m\u00e1s-alto-han-volado-en.jpg","type":"image\/jpeg"}],"author":"super-news","twitter_card":"summary_large_image","twitter_misc":{"Written by":"super-news","Est. reading time":"4 minutes"},"schema":{"@context":"https:\/\/schema.org","@graph":[{"@type":"Article","@id":"https:\/\/super-news.info\/es\/las-15-campanas-espanolas-que-mas-alto-han-volado-en-el-cielo-creativo-de-el-sol-2019\/#article","isPartOf":{"@id":"https:\/\/super-news.info\/es\/las-15-campanas-espanolas-que-mas-alto-han-volado-en-el-cielo-creativo-de-el-sol-2019\/"},"author":{"name":"super-news","@id":"https:\/\/super-news.info\/es\/#\/schema\/person\/2d4068cb2f39cd10008c2fce578a7356"},"headline":"Las 15 campa\u00f1as espa\u00f1olas que m\u00e1s alto han volado en el cielo creativo de El Sol 2019","datePublished":"2019-06-09T02:59:32+00:00","dateModified":"2019-06-09T02:59:33+00:00","mainEntityOfPage":{"@id":"https:\/\/super-news.info\/es\/las-15-campanas-espanolas-que-mas-alto-han-volado-en-el-cielo-creativo-de-el-sol-2019\/"},"wordCount":750,"commentCount":0,"image":{"@id":"https:\/\/super-news.info\/es\/las-15-campanas-espanolas-que-mas-alto-han-volado-en-el-cielo-creativo-de-el-sol-2019\/#primaryimage"},"thumbnailUrl":"https:\/\/super-news.info\/es\/wp-content\/uploads\/sites\/4\/2019\/06\/Las-15-campa\u00f1as-espa\u00f1olas-que-m\u00e1s-alto-han-volado-en.jpg","articleSection":["NOTICIAS DE MARKETING DIGITAL"],"inLanguage":"en-US","potentialAction":[{"@type":"CommentAction","name":"Comment","target":["https:\/\/super-news.info\/es\/las-15-campanas-espanolas-que-mas-alto-han-volado-en-el-cielo-creativo-de-el-sol-2019\/#respond"]}]},{"@type":"WebPage","@id":"https:\/\/super-news.info\/es\/las-15-campanas-espanolas-que-mas-alto-han-volado-en-el-cielo-creativo-de-el-sol-2019\/","url":"https:\/\/super-news.info\/es\/las-15-campanas-espanolas-que-mas-alto-han-volado-en-el-cielo-creativo-de-el-sol-2019\/","name":"Las 15 campa\u00f1as espa\u00f1olas que m\u00e1s alto han volado en el cielo creativo de El Sol 2019 - Super News","isPartOf":{"@id":"https:\/\/super-news.info\/es\/#website"},"primaryImageOfPage":{"@id":"https:\/\/super-news.info\/es\/las-15-campanas-espanolas-que-mas-alto-han-volado-en-el-cielo-creativo-de-el-sol-2019\/#primaryimage"},"image":{"@id":"https:\/\/super-news.info\/es\/las-15-campanas-espanolas-que-mas-alto-han-volado-en-el-cielo-creativo-de-el-sol-2019\/#primaryimage"},"thumbnailUrl":"https:\/\/super-news.info\/es\/wp-content\/uploads\/sites\/4\/2019\/06\/Las-15-campa\u00f1as-espa\u00f1olas-que-m\u00e1s-alto-han-volado-en.jpg","datePublished":"2019-06-09T02:59:32+00:00","dateModified":"2019-06-09T02:59:33+00:00","author":{"@id":"https:\/\/super-news.info\/es\/#\/schema\/person\/2d4068cb2f39cd10008c2fce578a7356"},"breadcrumb":{"@id":"https:\/\/super-news.info\/es\/las-15-campanas-espanolas-que-mas-alto-han-volado-en-el-cielo-creativo-de-el-sol-2019\/#breadcrumb"},"inLanguage":"en-US","potentialAction":[{"@type":"ReadAction","target":["https:\/\/super-news.info\/es\/las-15-campanas-espanolas-que-mas-alto-han-volado-en-el-cielo-creativo-de-el-sol-2019\/"]}]},{"@type":"ImageObject","inLanguage":"en-US","@id":"https:\/\/super-news.info\/es\/las-15-campanas-espanolas-que-mas-alto-han-volado-en-el-cielo-creativo-de-el-sol-2019\/#primaryimage","url":"https:\/\/super-news.info\/es\/wp-content\/uploads\/sites\/4\/2019\/06\/Las-15-campa\u00f1as-espa\u00f1olas-que-m\u00e1s-alto-han-volado-en.jpg","contentUrl":"https:\/\/super-news.info\/es\/wp-content\/uploads\/sites\/4\/2019\/06\/Las-15-campa\u00f1as-espa\u00f1olas-que-m\u00e1s-alto-han-volado-en.jpg","width":626,"height":364,"caption":"tienda lol"},{"@type":"BreadcrumbList","@id":"https:\/\/super-news.info\/es\/las-15-campanas-espanolas-que-mas-alto-han-volado-en-el-cielo-creativo-de-el-sol-2019\/#breadcrumb","itemListElement":[{"@type":"ListItem","position":1,"name":"\u0413\u043b\u0430\u0432\u043d\u0430\u044f \u0441\u0442\u0440\u0430\u043d\u0438\u0446\u0430","item":"https:\/\/super-news.info\/es\/"},{"@type":"ListItem","position":2,"name":"Las 15 campa\u00f1as espa\u00f1olas que m\u00e1s alto han volado en el cielo creativo de El Sol 2019"}]},{"@type":"WebSite","@id":"https:\/\/super-news.info\/es\/#website","url":"https:\/\/super-news.info\/es\/","name":"Super News","description":"Super News Espa\u00f1a","potentialAction":[{"@type":"SearchAction","target":{"@type":"EntryPoint","urlTemplate":"https:\/\/super-news.info\/es\/?s={search_term_string}"},"query-input":{"@type":"PropertyValueSpecification","valueRequired":true,"valueName":"search_term_string"}}],"inLanguage":"en-US"},{"@type":"Person","@id":"https:\/\/super-news.info\/es\/#\/schema\/person\/2d4068cb2f39cd10008c2fce578a7356","name":"super-news","image":{"@type":"ImageObject","inLanguage":"en-US","@id":"https:\/\/secure.gravatar.com\/avatar\/64ebac40b93f26a154f8a9b5b6fdccfc46f442b26b3dd6756dbff3bf9dc76fd7?s=96&d=mm&r=g","url":"https:\/\/secure.gravatar.com\/avatar\/64ebac40b93f26a154f8a9b5b6fdccfc46f442b26b3dd6756dbff3bf9dc76fd7?s=96&d=mm&r=g","contentUrl":"https:\/\/secure.gravatar.com\/avatar\/64ebac40b93f26a154f8a9b5b6fdccfc46f442b26b3dd6756dbff3bf9dc76fd7?s=96&d=mm&r=g","caption":"super-news"},"url":"https:\/\/super-news.info\/es\/author\/pt\/"}]}},"_links":{"self":[{"href":"https:\/\/super-news.info\/es\/wp-json\/wp\/v2\/posts\/3478","targetHints":{"allow":["GET"]}}],"collection":[{"href":"https:\/\/super-news.info\/es\/wp-json\/wp\/v2\/posts"}],"about":[{"href":"https:\/\/super-news.info\/es\/wp-json\/wp\/v2\/types\/post"}],"author":[{"embeddable":true,"href":"https:\/\/super-news.info\/es\/wp-json\/wp\/v2\/users\/2"}],"replies":[{"embeddable":true,"href":"https:\/\/super-news.info\/es\/wp-json\/wp\/v2\/comments?post=3478"}],"version-history":[{"count":1,"href":"https:\/\/super-news.info\/es\/wp-json\/wp\/v2\/posts\/3478\/revisions"}],"predecessor-version":[{"id":3480,"href":"https:\/\/super-news.info\/es\/wp-json\/wp\/v2\/posts\/3478\/revisions\/3480"}],"wp:featuredmedia":[{"embeddable":true,"href":"https:\/\/super-news.info\/es\/wp-json\/wp\/v2\/media\/3479"}],"wp:attachment":[{"href":"https:\/\/super-news.info\/es\/wp-json\/wp\/v2\/media?parent=3478"}],"wp:term":[{"taxonomy":"category","embeddable":true,"href":"https:\/\/super-news.info\/es\/wp-json\/wp\/v2\/categories?post=3478"},{"taxonomy":"post_tag","embeddable":true,"href":"https:\/\/super-news.info\/es\/wp-json\/wp\/v2\/tags?post=3478"}],"curies":[{"name":"wp","href":"https:\/\/api.w.org\/{rel}","templated":true}]}}