{"id":3457,"date":"2019-06-08T18:18:06","date_gmt":"2019-06-08T15:18:06","guid":{"rendered":"https:\/\/super-news.info\/es\/adidas-emprende-acciones-legales-contra-la-rfef-por-romper-su-patrocinio-con-la-roja\/"},"modified":"2019-06-08T18:18:07","modified_gmt":"2019-06-08T15:18:07","slug":"adidas-emprende-acciones-legales-contra-la-rfef-por-romper-su-patrocinio-con-la-roja","status":"publish","type":"post","link":"https:\/\/super-news.info\/es\/adidas-emprende-acciones-legales-contra-la-rfef-por-romper-su-patrocinio-con-la-roja\/","title":{"rendered":"Adidas emprende acciones legales contra la RFEF por romper su patrocinio con La Roja"},"content":{"rendered":"<p> [ad_1]<br \/>\n<\/p>\n<div id=\"textoNoticia\">\n<p class=\"excerpt-single\">La Federaci\u00f3n Espa\u00f1ola de F\u00fatbol (RFEF) estar\u00eda buscando nuevos patrocinadores que sustituyan a Adidas como patrocinadores t\u00e9cnicos de La Roja tras la ruptura del contrato. <\/p>\n<p>El inter\u00e9s que despierta el f\u00fatbol entre los aficionados solo es equiparable al que despierta entre las marcas. De ah\u00ed que muchas est\u00e9n dispuestas a poner cantidades millonarias sobre la mesa para ser parte de los distintos equipos y, especialmente, de la<strong> Selecci\u00f3n Espa\u00f1ola.<\/strong><\/p>\n<p>Vestir a La Roja se ha convertido en una rentable inversi\u00f3n para las marcas deportivas que se rasgan las vestiduras por ser las elegidas por la Federaci\u00f3n Espa\u00f1ola de F\u00fatbol (RFEF).<\/p>\n<p>Hasta ahora Adidas era la encargada de poner su emblema en el pecho de las estrellas nacionales a cambio de <strong>14 millones de euros.<\/strong> Sin embargo, las ansias de la Federaci\u00f3n de conseguir m\u00e1s dinero por este patrocinio han obligado a la compa\u00f1\u00eda alemana a abandonar la Selecci\u00f3n antes de tiempo.<\/p>\n<p>La <strong>ruptura unilateral del patrocinio<\/strong> ha llevado a la marca deportiva a emprender acciones legales contra la Federaci\u00f3n para \u201cpreservar los intereses leg\u00edtimos de la marca\u201d.<\/p>\n<p>Seg\u00fan la compa\u00f1\u00eda alemana, el contrato entre ambas no contiene cl\u00e1usula alguna de salida por lo que entiende que <strong>el contrato es de obligado cumplimiento hasta su finalizaci\u00f3n.<\/strong><\/p>\n<p>Adem\u00e1s, de las medidas legales, Adidas tambi\u00e9n ha anunciado que <strong>pedir\u00e1 un proceso de arbitraje<\/strong> que aclare la situaci\u00f3n y asegure \u201cque la RFEF cumple con el contrato establecido hasta el fin del periodo acordado&#8221;.<\/p>\n<p>La Federaci\u00f3n de F\u00fatbol estar\u00eda buscando ya nuevos patrocinadores a los que <strong>pretender\u00eda cobrar hasta 30 millones de euros<\/strong>, el doble de la cifra actual, por ser los protagonistas de la camiseta de la Selecci\u00f3n.<\/p>\n<p class=\"link-telegram\">\n\t\t\t\t\t\t\t\t\t\t\tNo te pierdas nada de MarketingDirecto.com y \u00fanete a nuestro Telegram t.me\/MarketingDirecto\n\t\t\t\t\t\t\t\t\t\t<\/p>\n<\/p><\/div>\n<p><script>(function(d, s, id) {\n  var js, fjs = d.getElementsByTagName(s)[0];\n  if (d.getElementById(id)) return;\n  js = d.createElement(s); js.id = id;\n  js.src = \"http:\/\/connect.facebook.net\/es_LA\/sdk.js#xfbml=1&appId=408746052611679&version=v2.3\";\n  fjs.parentNode.insertBefore(js, fjs);\n}(document, 'script', 'facebook-jssdk'));<\/script><br \/>\n<br \/>[ad_2]<br \/>\n<br \/><a href=\"https:\/\/www.marketingdirecto.com\/anunciantes-general\/anunciantes\/adidas-emprende-acciones-legales-contra-la-rfef-por-romper-su-patrocinio-con-la-roja\">Source link <\/a><\/p>\n","protected":false},"excerpt":{"rendered":"<p>[ad_1] La Federaci\u00f3n Espa\u00f1ola de F\u00fatbol (RFEF) estar\u00eda buscando nuevos patrocinadores que sustituyan a Adidas como patrocinadores t\u00e9cnicos de La Roja tras la ruptura del contrato. El inter\u00e9s que despierta el f\u00fatbol entre los aficionados solo es equiparable al que despierta entre las marcas. De ah\u00ed que muchas est\u00e9n dispuestas a poner cantidades millonarias sobre [&hellip;]<\/p>\n","protected":false},"author":2,"featured_media":3458,"comment_status":"open","ping_status":"open","sticky":false,"template":"","format":"standard","meta":{"footnotes":""},"categories":[2],"tags":[],"class_list":["post-3457","post","type-post","status-publish","format-standard","has-post-thumbnail","hentry","category-noticias-de-marketing-digital"],"yoast_head":"<!-- This site is optimized with the Yoast SEO plugin v27.4 - https:\/\/yoast.com\/product\/yoast-seo-wordpress\/ -->\n<title>Adidas emprende acciones legales contra la RFEF por romper su patrocinio con La Roja - Super News<\/title>\n<meta name=\"robots\" content=\"index, follow, max-snippet:-1, max-image-preview:large, max-video-preview:-1\" \/>\n<link rel=\"canonical\" href=\"https:\/\/super-news.info\/es\/adidas-emprende-acciones-legales-contra-la-rfef-por-romper-su-patrocinio-con-la-roja\/\" \/>\n<meta property=\"og:locale\" content=\"en_US\" \/>\n<meta property=\"og:type\" content=\"article\" \/>\n<meta property=\"og:title\" content=\"Adidas emprende acciones legales contra la RFEF por romper su patrocinio con La Roja - Super News\" \/>\n<meta property=\"og:description\" content=\"[ad_1] La Federaci\u00f3n Espa\u00f1ola de F\u00fatbol (RFEF) estar\u00eda buscando nuevos patrocinadores que sustituyan a Adidas como patrocinadores t\u00e9cnicos de La Roja tras la ruptura del contrato. El inter\u00e9s que despierta el f\u00fatbol entre los aficionados solo es equiparable al que despierta entre las marcas. De ah\u00ed que muchas est\u00e9n dispuestas a poner cantidades millonarias sobre [&hellip;]\" \/>\n<meta property=\"og:url\" content=\"https:\/\/super-news.info\/es\/adidas-emprende-acciones-legales-contra-la-rfef-por-romper-su-patrocinio-con-la-roja\/\" \/>\n<meta property=\"og:site_name\" content=\"Super News\" \/>\n<meta property=\"article:published_time\" content=\"2019-06-08T15:18:06+00:00\" \/>\n<meta property=\"article:modified_time\" content=\"2019-06-08T15:18:07+00:00\" \/>\n<meta property=\"og:image\" content=\"https:\/\/super-news.info\/es\/wp-content\/uploads\/sites\/4\/2019\/06\/Adidas-emprende-acciones-legales-contra-la-RFEF-por-romper-su.jpg\" \/>\n\t<meta property=\"og:image:width\" content=\"776\" \/>\n\t<meta property=\"og:image:height\" content=\"451\" \/>\n\t<meta property=\"og:image:type\" content=\"image\/jpeg\" \/>\n<meta name=\"author\" content=\"super-news\" \/>\n<meta name=\"twitter:card\" content=\"summary_large_image\" \/>\n<meta name=\"twitter:label1\" content=\"Written by\" \/>\n\t<meta name=\"twitter:data1\" content=\"super-news\" \/>\n\t<meta name=\"twitter:label2\" content=\"Est. reading time\" \/>\n\t<meta name=\"twitter:data2\" content=\"2 minutes\" \/>\n<script type=\"application\/ld+json\" class=\"yoast-schema-graph\">{\"@context\":\"https:\\\/\\\/schema.org\",\"@graph\":[{\"@type\":\"Article\",\"@id\":\"https:\\\/\\\/super-news.info\\\/es\\\/adidas-emprende-acciones-legales-contra-la-rfef-por-romper-su-patrocinio-con-la-roja\\\/#article\",\"isPartOf\":{\"@id\":\"https:\\\/\\\/super-news.info\\\/es\\\/adidas-emprende-acciones-legales-contra-la-rfef-por-romper-su-patrocinio-con-la-roja\\\/\"},\"author\":{\"name\":\"super-news\",\"@id\":\"https:\\\/\\\/super-news.info\\\/es\\\/#\\\/schema\\\/person\\\/2d4068cb2f39cd10008c2fce578a7356\"},\"headline\":\"Adidas emprende acciones legales contra la RFEF por romper su patrocinio con La Roja\",\"datePublished\":\"2019-06-08T15:18:06+00:00\",\"dateModified\":\"2019-06-08T15:18:07+00:00\",\"mainEntityOfPage\":{\"@id\":\"https:\\\/\\\/super-news.info\\\/es\\\/adidas-emprende-acciones-legales-contra-la-rfef-por-romper-su-patrocinio-con-la-roja\\\/\"},\"wordCount\":338,\"commentCount\":0,\"image\":{\"@id\":\"https:\\\/\\\/super-news.info\\\/es\\\/adidas-emprende-acciones-legales-contra-la-rfef-por-romper-su-patrocinio-con-la-roja\\\/#primaryimage\"},\"thumbnailUrl\":\"https:\\\/\\\/super-news.info\\\/es\\\/wp-content\\\/uploads\\\/sites\\\/4\\\/2019\\\/06\\\/Adidas-emprende-acciones-legales-contra-la-RFEF-por-romper-su.jpg\",\"articleSection\":[\"NOTICIAS DE MARKETING DIGITAL\"],\"inLanguage\":\"en-US\",\"potentialAction\":[{\"@type\":\"CommentAction\",\"name\":\"Comment\",\"target\":[\"https:\\\/\\\/super-news.info\\\/es\\\/adidas-emprende-acciones-legales-contra-la-rfef-por-romper-su-patrocinio-con-la-roja\\\/#respond\"]}]},{\"@type\":\"WebPage\",\"@id\":\"https:\\\/\\\/super-news.info\\\/es\\\/adidas-emprende-acciones-legales-contra-la-rfef-por-romper-su-patrocinio-con-la-roja\\\/\",\"url\":\"https:\\\/\\\/super-news.info\\\/es\\\/adidas-emprende-acciones-legales-contra-la-rfef-por-romper-su-patrocinio-con-la-roja\\\/\",\"name\":\"Adidas emprende acciones legales contra la RFEF por romper su patrocinio con La Roja - Super News\",\"isPartOf\":{\"@id\":\"https:\\\/\\\/super-news.info\\\/es\\\/#website\"},\"primaryImageOfPage\":{\"@id\":\"https:\\\/\\\/super-news.info\\\/es\\\/adidas-emprende-acciones-legales-contra-la-rfef-por-romper-su-patrocinio-con-la-roja\\\/#primaryimage\"},\"image\":{\"@id\":\"https:\\\/\\\/super-news.info\\\/es\\\/adidas-emprende-acciones-legales-contra-la-rfef-por-romper-su-patrocinio-con-la-roja\\\/#primaryimage\"},\"thumbnailUrl\":\"https:\\\/\\\/super-news.info\\\/es\\\/wp-content\\\/uploads\\\/sites\\\/4\\\/2019\\\/06\\\/Adidas-emprende-acciones-legales-contra-la-RFEF-por-romper-su.jpg\",\"datePublished\":\"2019-06-08T15:18:06+00:00\",\"dateModified\":\"2019-06-08T15:18:07+00:00\",\"author\":{\"@id\":\"https:\\\/\\\/super-news.info\\\/es\\\/#\\\/schema\\\/person\\\/2d4068cb2f39cd10008c2fce578a7356\"},\"breadcrumb\":{\"@id\":\"https:\\\/\\\/super-news.info\\\/es\\\/adidas-emprende-acciones-legales-contra-la-rfef-por-romper-su-patrocinio-con-la-roja\\\/#breadcrumb\"},\"inLanguage\":\"en-US\",\"potentialAction\":[{\"@type\":\"ReadAction\",\"target\":[\"https:\\\/\\\/super-news.info\\\/es\\\/adidas-emprende-acciones-legales-contra-la-rfef-por-romper-su-patrocinio-con-la-roja\\\/\"]}]},{\"@type\":\"ImageObject\",\"inLanguage\":\"en-US\",\"@id\":\"https:\\\/\\\/super-news.info\\\/es\\\/adidas-emprende-acciones-legales-contra-la-rfef-por-romper-su-patrocinio-con-la-roja\\\/#primaryimage\",\"url\":\"https:\\\/\\\/super-news.info\\\/es\\\/wp-content\\\/uploads\\\/sites\\\/4\\\/2019\\\/06\\\/Adidas-emprende-acciones-legales-contra-la-RFEF-por-romper-su.jpg\",\"contentUrl\":\"https:\\\/\\\/super-news.info\\\/es\\\/wp-content\\\/uploads\\\/sites\\\/4\\\/2019\\\/06\\\/Adidas-emprende-acciones-legales-contra-la-RFEF-por-romper-su.jpg\",\"width\":776,\"height\":451,\"caption\":\"adidas\"},{\"@type\":\"BreadcrumbList\",\"@id\":\"https:\\\/\\\/super-news.info\\\/es\\\/adidas-emprende-acciones-legales-contra-la-rfef-por-romper-su-patrocinio-con-la-roja\\\/#breadcrumb\",\"itemListElement\":[{\"@type\":\"ListItem\",\"position\":1,\"name\":\"\u0413\u043b\u0430\u0432\u043d\u0430\u044f \u0441\u0442\u0440\u0430\u043d\u0438\u0446\u0430\",\"item\":\"https:\\\/\\\/super-news.info\\\/es\\\/\"},{\"@type\":\"ListItem\",\"position\":2,\"name\":\"Adidas emprende acciones legales contra la RFEF por romper su patrocinio con La Roja\"}]},{\"@type\":\"WebSite\",\"@id\":\"https:\\\/\\\/super-news.info\\\/es\\\/#website\",\"url\":\"https:\\\/\\\/super-news.info\\\/es\\\/\",\"name\":\"Super News\",\"description\":\"Super News Espa\u00f1a\",\"potentialAction\":[{\"@type\":\"SearchAction\",\"target\":{\"@type\":\"EntryPoint\",\"urlTemplate\":\"https:\\\/\\\/super-news.info\\\/es\\\/?s={search_term_string}\"},\"query-input\":{\"@type\":\"PropertyValueSpecification\",\"valueRequired\":true,\"valueName\":\"search_term_string\"}}],\"inLanguage\":\"en-US\"},{\"@type\":\"Person\",\"@id\":\"https:\\\/\\\/super-news.info\\\/es\\\/#\\\/schema\\\/person\\\/2d4068cb2f39cd10008c2fce578a7356\",\"name\":\"super-news\",\"image\":{\"@type\":\"ImageObject\",\"inLanguage\":\"en-US\",\"@id\":\"https:\\\/\\\/secure.gravatar.com\\\/avatar\\\/64ebac40b93f26a154f8a9b5b6fdccfc46f442b26b3dd6756dbff3bf9dc76fd7?s=96&d=mm&r=g\",\"url\":\"https:\\\/\\\/secure.gravatar.com\\\/avatar\\\/64ebac40b93f26a154f8a9b5b6fdccfc46f442b26b3dd6756dbff3bf9dc76fd7?s=96&d=mm&r=g\",\"contentUrl\":\"https:\\\/\\\/secure.gravatar.com\\\/avatar\\\/64ebac40b93f26a154f8a9b5b6fdccfc46f442b26b3dd6756dbff3bf9dc76fd7?s=96&d=mm&r=g\",\"caption\":\"super-news\"},\"url\":\"https:\\\/\\\/super-news.info\\\/es\\\/author\\\/pt\\\/\"}]}<\/script>\n<!-- \/ Yoast SEO plugin. -->","yoast_head_json":{"title":"Adidas emprende acciones legales contra la RFEF por romper su patrocinio con La Roja - Super News","robots":{"index":"index","follow":"follow","max-snippet":"max-snippet:-1","max-image-preview":"max-image-preview:large","max-video-preview":"max-video-preview:-1"},"canonical":"https:\/\/super-news.info\/es\/adidas-emprende-acciones-legales-contra-la-rfef-por-romper-su-patrocinio-con-la-roja\/","og_locale":"en_US","og_type":"article","og_title":"Adidas emprende acciones legales contra la RFEF por romper su patrocinio con La Roja - Super News","og_description":"[ad_1] La Federaci\u00f3n Espa\u00f1ola de F\u00fatbol (RFEF) estar\u00eda buscando nuevos patrocinadores que sustituyan a Adidas como patrocinadores t\u00e9cnicos de La Roja tras la ruptura del contrato. El inter\u00e9s que despierta el f\u00fatbol entre los aficionados solo es equiparable al que despierta entre las marcas. De ah\u00ed que muchas est\u00e9n dispuestas a poner cantidades millonarias sobre [&hellip;]","og_url":"https:\/\/super-news.info\/es\/adidas-emprende-acciones-legales-contra-la-rfef-por-romper-su-patrocinio-con-la-roja\/","og_site_name":"Super News","article_published_time":"2019-06-08T15:18:06+00:00","article_modified_time":"2019-06-08T15:18:07+00:00","og_image":[{"width":776,"height":451,"url":"https:\/\/super-news.info\/es\/wp-content\/uploads\/sites\/4\/2019\/06\/Adidas-emprende-acciones-legales-contra-la-RFEF-por-romper-su.jpg","type":"image\/jpeg"}],"author":"super-news","twitter_card":"summary_large_image","twitter_misc":{"Written by":"super-news","Est. reading time":"2 minutes"},"schema":{"@context":"https:\/\/schema.org","@graph":[{"@type":"Article","@id":"https:\/\/super-news.info\/es\/adidas-emprende-acciones-legales-contra-la-rfef-por-romper-su-patrocinio-con-la-roja\/#article","isPartOf":{"@id":"https:\/\/super-news.info\/es\/adidas-emprende-acciones-legales-contra-la-rfef-por-romper-su-patrocinio-con-la-roja\/"},"author":{"name":"super-news","@id":"https:\/\/super-news.info\/es\/#\/schema\/person\/2d4068cb2f39cd10008c2fce578a7356"},"headline":"Adidas emprende acciones legales contra la RFEF por romper su patrocinio con La Roja","datePublished":"2019-06-08T15:18:06+00:00","dateModified":"2019-06-08T15:18:07+00:00","mainEntityOfPage":{"@id":"https:\/\/super-news.info\/es\/adidas-emprende-acciones-legales-contra-la-rfef-por-romper-su-patrocinio-con-la-roja\/"},"wordCount":338,"commentCount":0,"image":{"@id":"https:\/\/super-news.info\/es\/adidas-emprende-acciones-legales-contra-la-rfef-por-romper-su-patrocinio-con-la-roja\/#primaryimage"},"thumbnailUrl":"https:\/\/super-news.info\/es\/wp-content\/uploads\/sites\/4\/2019\/06\/Adidas-emprende-acciones-legales-contra-la-RFEF-por-romper-su.jpg","articleSection":["NOTICIAS DE MARKETING DIGITAL"],"inLanguage":"en-US","potentialAction":[{"@type":"CommentAction","name":"Comment","target":["https:\/\/super-news.info\/es\/adidas-emprende-acciones-legales-contra-la-rfef-por-romper-su-patrocinio-con-la-roja\/#respond"]}]},{"@type":"WebPage","@id":"https:\/\/super-news.info\/es\/adidas-emprende-acciones-legales-contra-la-rfef-por-romper-su-patrocinio-con-la-roja\/","url":"https:\/\/super-news.info\/es\/adidas-emprende-acciones-legales-contra-la-rfef-por-romper-su-patrocinio-con-la-roja\/","name":"Adidas emprende acciones legales contra la RFEF por romper su patrocinio con La Roja - Super News","isPartOf":{"@id":"https:\/\/super-news.info\/es\/#website"},"primaryImageOfPage":{"@id":"https:\/\/super-news.info\/es\/adidas-emprende-acciones-legales-contra-la-rfef-por-romper-su-patrocinio-con-la-roja\/#primaryimage"},"image":{"@id":"https:\/\/super-news.info\/es\/adidas-emprende-acciones-legales-contra-la-rfef-por-romper-su-patrocinio-con-la-roja\/#primaryimage"},"thumbnailUrl":"https:\/\/super-news.info\/es\/wp-content\/uploads\/sites\/4\/2019\/06\/Adidas-emprende-acciones-legales-contra-la-RFEF-por-romper-su.jpg","datePublished":"2019-06-08T15:18:06+00:00","dateModified":"2019-06-08T15:18:07+00:00","author":{"@id":"https:\/\/super-news.info\/es\/#\/schema\/person\/2d4068cb2f39cd10008c2fce578a7356"},"breadcrumb":{"@id":"https:\/\/super-news.info\/es\/adidas-emprende-acciones-legales-contra-la-rfef-por-romper-su-patrocinio-con-la-roja\/#breadcrumb"},"inLanguage":"en-US","potentialAction":[{"@type":"ReadAction","target":["https:\/\/super-news.info\/es\/adidas-emprende-acciones-legales-contra-la-rfef-por-romper-su-patrocinio-con-la-roja\/"]}]},{"@type":"ImageObject","inLanguage":"en-US","@id":"https:\/\/super-news.info\/es\/adidas-emprende-acciones-legales-contra-la-rfef-por-romper-su-patrocinio-con-la-roja\/#primaryimage","url":"https:\/\/super-news.info\/es\/wp-content\/uploads\/sites\/4\/2019\/06\/Adidas-emprende-acciones-legales-contra-la-RFEF-por-romper-su.jpg","contentUrl":"https:\/\/super-news.info\/es\/wp-content\/uploads\/sites\/4\/2019\/06\/Adidas-emprende-acciones-legales-contra-la-RFEF-por-romper-su.jpg","width":776,"height":451,"caption":"adidas"},{"@type":"BreadcrumbList","@id":"https:\/\/super-news.info\/es\/adidas-emprende-acciones-legales-contra-la-rfef-por-romper-su-patrocinio-con-la-roja\/#breadcrumb","itemListElement":[{"@type":"ListItem","position":1,"name":"\u0413\u043b\u0430\u0432\u043d\u0430\u044f \u0441\u0442\u0440\u0430\u043d\u0438\u0446\u0430","item":"https:\/\/super-news.info\/es\/"},{"@type":"ListItem","position":2,"name":"Adidas emprende acciones legales contra la RFEF por romper su patrocinio con La Roja"}]},{"@type":"WebSite","@id":"https:\/\/super-news.info\/es\/#website","url":"https:\/\/super-news.info\/es\/","name":"Super News","description":"Super News Espa\u00f1a","potentialAction":[{"@type":"SearchAction","target":{"@type":"EntryPoint","urlTemplate":"https:\/\/super-news.info\/es\/?s={search_term_string}"},"query-input":{"@type":"PropertyValueSpecification","valueRequired":true,"valueName":"search_term_string"}}],"inLanguage":"en-US"},{"@type":"Person","@id":"https:\/\/super-news.info\/es\/#\/schema\/person\/2d4068cb2f39cd10008c2fce578a7356","name":"super-news","image":{"@type":"ImageObject","inLanguage":"en-US","@id":"https:\/\/secure.gravatar.com\/avatar\/64ebac40b93f26a154f8a9b5b6fdccfc46f442b26b3dd6756dbff3bf9dc76fd7?s=96&d=mm&r=g","url":"https:\/\/secure.gravatar.com\/avatar\/64ebac40b93f26a154f8a9b5b6fdccfc46f442b26b3dd6756dbff3bf9dc76fd7?s=96&d=mm&r=g","contentUrl":"https:\/\/secure.gravatar.com\/avatar\/64ebac40b93f26a154f8a9b5b6fdccfc46f442b26b3dd6756dbff3bf9dc76fd7?s=96&d=mm&r=g","caption":"super-news"},"url":"https:\/\/super-news.info\/es\/author\/pt\/"}]}},"_links":{"self":[{"href":"https:\/\/super-news.info\/es\/wp-json\/wp\/v2\/posts\/3457","targetHints":{"allow":["GET"]}}],"collection":[{"href":"https:\/\/super-news.info\/es\/wp-json\/wp\/v2\/posts"}],"about":[{"href":"https:\/\/super-news.info\/es\/wp-json\/wp\/v2\/types\/post"}],"author":[{"embeddable":true,"href":"https:\/\/super-news.info\/es\/wp-json\/wp\/v2\/users\/2"}],"replies":[{"embeddable":true,"href":"https:\/\/super-news.info\/es\/wp-json\/wp\/v2\/comments?post=3457"}],"version-history":[{"count":1,"href":"https:\/\/super-news.info\/es\/wp-json\/wp\/v2\/posts\/3457\/revisions"}],"predecessor-version":[{"id":3459,"href":"https:\/\/super-news.info\/es\/wp-json\/wp\/v2\/posts\/3457\/revisions\/3459"}],"wp:featuredmedia":[{"embeddable":true,"href":"https:\/\/super-news.info\/es\/wp-json\/wp\/v2\/media\/3458"}],"wp:attachment":[{"href":"https:\/\/super-news.info\/es\/wp-json\/wp\/v2\/media?parent=3457"}],"wp:term":[{"taxonomy":"category","embeddable":true,"href":"https:\/\/super-news.info\/es\/wp-json\/wp\/v2\/categories?post=3457"},{"taxonomy":"post_tag","embeddable":true,"href":"https:\/\/super-news.info\/es\/wp-json\/wp\/v2\/tags?post=3457"}],"curies":[{"name":"wp","href":"https:\/\/api.w.org\/{rel}","templated":true}]}}