{"id":3454,"date":"2019-06-08T16:42:57","date_gmt":"2019-06-08T13:42:57","guid":{"rendered":"https:\/\/super-news.info\/es\/el-tiempo-de-uso-de-los-dispositivos-moviles-superara-al-de-la-television-este-2019\/"},"modified":"2019-06-08T16:42:59","modified_gmt":"2019-06-08T13:42:59","slug":"el-tiempo-de-uso-de-los-dispositivos-moviles-superara-al-de-la-television-este-2019","status":"publish","type":"post","link":"https:\/\/super-news.info\/es\/el-tiempo-de-uso-de-los-dispositivos-moviles-superara-al-de-la-television-este-2019\/","title":{"rendered":"El tiempo de uso de los dispositivos m\u00f3viles superar\u00e1 al de la televisi\u00f3n este 2019"},"content":{"rendered":"<p> [ad_1]<br \/>\n<\/p>\n<div id=\"textoNoticia\">\n<p class=\"excerpt-single\">Mientras los dispositivos m\u00f3viles experimentar\u00e1n incrementos de tiempo del 3,7% hasta alcanzar una media de 3 horas y 43 minutos, la televisi\u00f3n se quedar\u00e1 ligeramente por debajo, en 3 horas y 35 minutos.<\/p>\n<p>No es ning\u00fan secreto que los usuarios cada vez ven menos la televisi\u00f3n, pero cuando observamos las cifras se aprecia de manera m\u00e1s clara el trasvase hacia las peque\u00f1as pantallas. Concretamente, el m\u00f3vil es el dispositivo de preferencia de unos usuarios que eligen este aparato cada vez m\u00e1s en su tiempo libre.<\/p>\n<p>La mayor asequibilidad de los smartphones, el abaratamiento de las tarifas, la mayor velocidad de internet y la proliferaci\u00f3n de servicios audiovisuales o el consumo \u201con the go\u201d compatibles han contribuido al aumento de usuarios.<\/p>\n<p>De hecho, seg\u00fan datos de <em>eMarketer<\/em>, el tiempo de consumo en dispositivos m\u00f3viles superar\u00e1 este a\u00f1o a la televisi\u00f3n entre la poblaci\u00f3n adulta estadounidense.<\/p>\n<p>Mientras los <strong>dispositivos m\u00f3viles experimentar\u00e1n incrementos de tiempo del 3,7%<\/strong> hasta alcanzar una media de 3 horas y 43 minutos, la televisi\u00f3n se quedar\u00e1 ligeramente por debajo, en 3 horas y 35 minutos.<\/p>\n<p>Asimismo, e<strong>l 70% del tiempo invertido en dispositivos m\u00f3viles corresponder\u00e1 al smartphone<\/strong> que aumenta en 9 minutos el tiempo de consumo con respecto al pasado a\u00f1o, hasta las 2 horas y 33 minutos.<\/p>\n<p>Adem\u00e1s, <strong>el 40% del consumo total de v\u00eddeo digital se realiza en dispositivos m\u00f3viles<\/strong>, es decir, 40 minutos al d\u00eda, convirtiendo este formato en el principal driver de crecimiento del engagement en apps m\u00f3viles, por encima del audio (53 minutos diarios) y de las redes sociales (43 minutos).<\/p>\n<p>Este a\u00f1o se prev\u00e9 que el v\u00eddeo digital siga aumentando el tiempo de consumo con incrementos de hasta 8 minutos, a diferencia de<strong> la televisi\u00f3n que experimentar\u00e1 un descenso de 9 minutos<\/strong> en el tiempo de visionado diario.<\/p>\n<p class=\"link-telegram\">\n\t\t\t\t\t\t\t\t\t\t\tNo te pierdas nada de MarketingDirecto.com y \u00fanete a nuestro Telegram t.me\/MarketingDirecto\n\t\t\t\t\t\t\t\t\t\t<\/p>\n<\/p><\/div>\n<p><script>(function(d, s, id) {\n  var js, fjs = d.getElementsByTagName(s)[0];\n  if (d.getElementById(id)) return;\n  js = d.createElement(s); js.id = id;\n  js.src = \"http:\/\/connect.facebook.net\/es_LA\/sdk.js#xfbml=1&appId=408746052611679&version=v2.3\";\n  fjs.parentNode.insertBefore(js, fjs);\n}(document, 'script', 'facebook-jssdk'));<\/script><br \/>\n<br \/>[ad_2]<br \/>\n<br \/><a href=\"https:\/\/www.marketingdirecto.com\/digital-general\/mobile-marketing\/el-tiempo-de-uso-de-los-dispositivos-moviles-superara-al-de-la-television-este-2019\">Source link <\/a><\/p>\n","protected":false},"excerpt":{"rendered":"<p>[ad_1] Mientras los dispositivos m\u00f3viles experimentar\u00e1n incrementos de tiempo del 3,7% hasta alcanzar una media de 3 horas y 43 minutos, la televisi\u00f3n se quedar\u00e1 ligeramente por debajo, en 3 horas y 35 minutos. No es ning\u00fan secreto que los usuarios cada vez ven menos la televisi\u00f3n, pero cuando observamos las cifras se aprecia de [&hellip;]<\/p>\n","protected":false},"author":2,"featured_media":3455,"comment_status":"open","ping_status":"open","sticky":false,"template":"","format":"standard","meta":{"footnotes":""},"categories":[2],"tags":[],"class_list":["post-3454","post","type-post","status-publish","format-standard","has-post-thumbnail","hentry","category-noticias-de-marketing-digital"],"yoast_head":"<!-- This site is optimized with the Yoast SEO plugin v27.4 - https:\/\/yoast.com\/product\/yoast-seo-wordpress\/ -->\n<title>El tiempo de uso de los dispositivos m\u00f3viles superar\u00e1 al de la televisi\u00f3n este 2019 - Super News<\/title>\n<meta name=\"robots\" content=\"index, follow, max-snippet:-1, max-image-preview:large, max-video-preview:-1\" \/>\n<link rel=\"canonical\" href=\"https:\/\/super-news.info\/es\/el-tiempo-de-uso-de-los-dispositivos-moviles-superara-al-de-la-television-este-2019\/\" \/>\n<meta property=\"og:locale\" content=\"en_US\" \/>\n<meta property=\"og:type\" content=\"article\" \/>\n<meta property=\"og:title\" content=\"El tiempo de uso de los dispositivos m\u00f3viles superar\u00e1 al de la televisi\u00f3n este 2019 - Super News\" \/>\n<meta property=\"og:description\" content=\"[ad_1] Mientras los dispositivos m\u00f3viles experimentar\u00e1n incrementos de tiempo del 3,7% hasta alcanzar una media de 3 horas y 43 minutos, la televisi\u00f3n se quedar\u00e1 ligeramente por debajo, en 3 horas y 35 minutos. No es ning\u00fan secreto que los usuarios cada vez ven menos la televisi\u00f3n, pero cuando observamos las cifras se aprecia de [&hellip;]\" \/>\n<meta property=\"og:url\" content=\"https:\/\/super-news.info\/es\/el-tiempo-de-uso-de-los-dispositivos-moviles-superara-al-de-la-television-este-2019\/\" \/>\n<meta property=\"og:site_name\" content=\"Super News\" \/>\n<meta property=\"article:published_time\" content=\"2019-06-08T13:42:57+00:00\" \/>\n<meta property=\"article:modified_time\" content=\"2019-06-08T13:42:59+00:00\" \/>\n<meta property=\"og:image\" content=\"https:\/\/super-news.info\/es\/wp-content\/uploads\/sites\/4\/2019\/06\/El-tiempo-de-uso-de-los-dispositivos-m\u00f3viles-superar\u00e1-al.jpg\" \/>\n\t<meta property=\"og:image:width\" content=\"1188\" \/>\n\t<meta property=\"og:image:height\" content=\"691\" \/>\n\t<meta property=\"og:image:type\" content=\"image\/jpeg\" \/>\n<meta name=\"author\" content=\"super-news\" \/>\n<meta name=\"twitter:card\" content=\"summary_large_image\" \/>\n<meta name=\"twitter:label1\" content=\"Written by\" \/>\n\t<meta name=\"twitter:data1\" content=\"super-news\" \/>\n\t<meta name=\"twitter:label2\" content=\"Est. reading time\" \/>\n\t<meta name=\"twitter:data2\" content=\"2 minutes\" \/>\n<script type=\"application\/ld+json\" class=\"yoast-schema-graph\">{\"@context\":\"https:\\\/\\\/schema.org\",\"@graph\":[{\"@type\":\"Article\",\"@id\":\"https:\\\/\\\/super-news.info\\\/es\\\/el-tiempo-de-uso-de-los-dispositivos-moviles-superara-al-de-la-television-este-2019\\\/#article\",\"isPartOf\":{\"@id\":\"https:\\\/\\\/super-news.info\\\/es\\\/el-tiempo-de-uso-de-los-dispositivos-moviles-superara-al-de-la-television-este-2019\\\/\"},\"author\":{\"name\":\"super-news\",\"@id\":\"https:\\\/\\\/super-news.info\\\/es\\\/#\\\/schema\\\/person\\\/2d4068cb2f39cd10008c2fce578a7356\"},\"headline\":\"El tiempo de uso de los dispositivos m\u00f3viles superar\u00e1 al de la televisi\u00f3n este 2019\",\"datePublished\":\"2019-06-08T13:42:57+00:00\",\"dateModified\":\"2019-06-08T13:42:59+00:00\",\"mainEntityOfPage\":{\"@id\":\"https:\\\/\\\/super-news.info\\\/es\\\/el-tiempo-de-uso-de-los-dispositivos-moviles-superara-al-de-la-television-este-2019\\\/\"},\"wordCount\":339,\"commentCount\":0,\"image\":{\"@id\":\"https:\\\/\\\/super-news.info\\\/es\\\/el-tiempo-de-uso-de-los-dispositivos-moviles-superara-al-de-la-television-este-2019\\\/#primaryimage\"},\"thumbnailUrl\":\"https:\\\/\\\/super-news.info\\\/es\\\/wp-content\\\/uploads\\\/sites\\\/4\\\/2019\\\/06\\\/El-tiempo-de-uso-de-los-dispositivos-m\u00f3viles-superar\u00e1-al.jpg\",\"articleSection\":[\"NOTICIAS DE MARKETING DIGITAL\"],\"inLanguage\":\"en-US\",\"potentialAction\":[{\"@type\":\"CommentAction\",\"name\":\"Comment\",\"target\":[\"https:\\\/\\\/super-news.info\\\/es\\\/el-tiempo-de-uso-de-los-dispositivos-moviles-superara-al-de-la-television-este-2019\\\/#respond\"]}]},{\"@type\":\"WebPage\",\"@id\":\"https:\\\/\\\/super-news.info\\\/es\\\/el-tiempo-de-uso-de-los-dispositivos-moviles-superara-al-de-la-television-este-2019\\\/\",\"url\":\"https:\\\/\\\/super-news.info\\\/es\\\/el-tiempo-de-uso-de-los-dispositivos-moviles-superara-al-de-la-television-este-2019\\\/\",\"name\":\"El tiempo de uso de los dispositivos m\u00f3viles superar\u00e1 al de la televisi\u00f3n este 2019 - Super News\",\"isPartOf\":{\"@id\":\"https:\\\/\\\/super-news.info\\\/es\\\/#website\"},\"primaryImageOfPage\":{\"@id\":\"https:\\\/\\\/super-news.info\\\/es\\\/el-tiempo-de-uso-de-los-dispositivos-moviles-superara-al-de-la-television-este-2019\\\/#primaryimage\"},\"image\":{\"@id\":\"https:\\\/\\\/super-news.info\\\/es\\\/el-tiempo-de-uso-de-los-dispositivos-moviles-superara-al-de-la-television-este-2019\\\/#primaryimage\"},\"thumbnailUrl\":\"https:\\\/\\\/super-news.info\\\/es\\\/wp-content\\\/uploads\\\/sites\\\/4\\\/2019\\\/06\\\/El-tiempo-de-uso-de-los-dispositivos-m\u00f3viles-superar\u00e1-al.jpg\",\"datePublished\":\"2019-06-08T13:42:57+00:00\",\"dateModified\":\"2019-06-08T13:42:59+00:00\",\"author\":{\"@id\":\"https:\\\/\\\/super-news.info\\\/es\\\/#\\\/schema\\\/person\\\/2d4068cb2f39cd10008c2fce578a7356\"},\"breadcrumb\":{\"@id\":\"https:\\\/\\\/super-news.info\\\/es\\\/el-tiempo-de-uso-de-los-dispositivos-moviles-superara-al-de-la-television-este-2019\\\/#breadcrumb\"},\"inLanguage\":\"en-US\",\"potentialAction\":[{\"@type\":\"ReadAction\",\"target\":[\"https:\\\/\\\/super-news.info\\\/es\\\/el-tiempo-de-uso-de-los-dispositivos-moviles-superara-al-de-la-television-este-2019\\\/\"]}]},{\"@type\":\"ImageObject\",\"inLanguage\":\"en-US\",\"@id\":\"https:\\\/\\\/super-news.info\\\/es\\\/el-tiempo-de-uso-de-los-dispositivos-moviles-superara-al-de-la-television-este-2019\\\/#primaryimage\",\"url\":\"https:\\\/\\\/super-news.info\\\/es\\\/wp-content\\\/uploads\\\/sites\\\/4\\\/2019\\\/06\\\/El-tiempo-de-uso-de-los-dispositivos-m\u00f3viles-superar\u00e1-al.jpg\",\"contentUrl\":\"https:\\\/\\\/super-news.info\\\/es\\\/wp-content\\\/uploads\\\/sites\\\/4\\\/2019\\\/06\\\/El-tiempo-de-uso-de-los-dispositivos-m\u00f3viles-superar\u00e1-al.jpg\",\"width\":1188,\"height\":691,\"caption\":\"El tiempo de uso de los dispositivos m\u00f3viles superar\u00e1 al de la televisi\u00f3n este 2019\"},{\"@type\":\"BreadcrumbList\",\"@id\":\"https:\\\/\\\/super-news.info\\\/es\\\/el-tiempo-de-uso-de-los-dispositivos-moviles-superara-al-de-la-television-este-2019\\\/#breadcrumb\",\"itemListElement\":[{\"@type\":\"ListItem\",\"position\":1,\"name\":\"\u0413\u043b\u0430\u0432\u043d\u0430\u044f \u0441\u0442\u0440\u0430\u043d\u0438\u0446\u0430\",\"item\":\"https:\\\/\\\/super-news.info\\\/es\\\/\"},{\"@type\":\"ListItem\",\"position\":2,\"name\":\"El tiempo de uso de los dispositivos m\u00f3viles superar\u00e1 al de la televisi\u00f3n este 2019\"}]},{\"@type\":\"WebSite\",\"@id\":\"https:\\\/\\\/super-news.info\\\/es\\\/#website\",\"url\":\"https:\\\/\\\/super-news.info\\\/es\\\/\",\"name\":\"Super News\",\"description\":\"Super News Espa\u00f1a\",\"potentialAction\":[{\"@type\":\"SearchAction\",\"target\":{\"@type\":\"EntryPoint\",\"urlTemplate\":\"https:\\\/\\\/super-news.info\\\/es\\\/?s={search_term_string}\"},\"query-input\":{\"@type\":\"PropertyValueSpecification\",\"valueRequired\":true,\"valueName\":\"search_term_string\"}}],\"inLanguage\":\"en-US\"},{\"@type\":\"Person\",\"@id\":\"https:\\\/\\\/super-news.info\\\/es\\\/#\\\/schema\\\/person\\\/2d4068cb2f39cd10008c2fce578a7356\",\"name\":\"super-news\",\"image\":{\"@type\":\"ImageObject\",\"inLanguage\":\"en-US\",\"@id\":\"https:\\\/\\\/secure.gravatar.com\\\/avatar\\\/64ebac40b93f26a154f8a9b5b6fdccfc46f442b26b3dd6756dbff3bf9dc76fd7?s=96&d=mm&r=g\",\"url\":\"https:\\\/\\\/secure.gravatar.com\\\/avatar\\\/64ebac40b93f26a154f8a9b5b6fdccfc46f442b26b3dd6756dbff3bf9dc76fd7?s=96&d=mm&r=g\",\"contentUrl\":\"https:\\\/\\\/secure.gravatar.com\\\/avatar\\\/64ebac40b93f26a154f8a9b5b6fdccfc46f442b26b3dd6756dbff3bf9dc76fd7?s=96&d=mm&r=g\",\"caption\":\"super-news\"},\"url\":\"https:\\\/\\\/super-news.info\\\/es\\\/author\\\/pt\\\/\"}]}<\/script>\n<!-- \/ Yoast SEO plugin. -->","yoast_head_json":{"title":"El tiempo de uso de los dispositivos m\u00f3viles superar\u00e1 al de la televisi\u00f3n este 2019 - Super News","robots":{"index":"index","follow":"follow","max-snippet":"max-snippet:-1","max-image-preview":"max-image-preview:large","max-video-preview":"max-video-preview:-1"},"canonical":"https:\/\/super-news.info\/es\/el-tiempo-de-uso-de-los-dispositivos-moviles-superara-al-de-la-television-este-2019\/","og_locale":"en_US","og_type":"article","og_title":"El tiempo de uso de los dispositivos m\u00f3viles superar\u00e1 al de la televisi\u00f3n este 2019 - Super News","og_description":"[ad_1] Mientras los dispositivos m\u00f3viles experimentar\u00e1n incrementos de tiempo del 3,7% hasta alcanzar una media de 3 horas y 43 minutos, la televisi\u00f3n se quedar\u00e1 ligeramente por debajo, en 3 horas y 35 minutos. No es ning\u00fan secreto que los usuarios cada vez ven menos la televisi\u00f3n, pero cuando observamos las cifras se aprecia de [&hellip;]","og_url":"https:\/\/super-news.info\/es\/el-tiempo-de-uso-de-los-dispositivos-moviles-superara-al-de-la-television-este-2019\/","og_site_name":"Super News","article_published_time":"2019-06-08T13:42:57+00:00","article_modified_time":"2019-06-08T13:42:59+00:00","og_image":[{"width":1188,"height":691,"url":"https:\/\/super-news.info\/es\/wp-content\/uploads\/sites\/4\/2019\/06\/El-tiempo-de-uso-de-los-dispositivos-m\u00f3viles-superar\u00e1-al.jpg","type":"image\/jpeg"}],"author":"super-news","twitter_card":"summary_large_image","twitter_misc":{"Written by":"super-news","Est. reading time":"2 minutes"},"schema":{"@context":"https:\/\/schema.org","@graph":[{"@type":"Article","@id":"https:\/\/super-news.info\/es\/el-tiempo-de-uso-de-los-dispositivos-moviles-superara-al-de-la-television-este-2019\/#article","isPartOf":{"@id":"https:\/\/super-news.info\/es\/el-tiempo-de-uso-de-los-dispositivos-moviles-superara-al-de-la-television-este-2019\/"},"author":{"name":"super-news","@id":"https:\/\/super-news.info\/es\/#\/schema\/person\/2d4068cb2f39cd10008c2fce578a7356"},"headline":"El tiempo de uso de los dispositivos m\u00f3viles superar\u00e1 al de la televisi\u00f3n este 2019","datePublished":"2019-06-08T13:42:57+00:00","dateModified":"2019-06-08T13:42:59+00:00","mainEntityOfPage":{"@id":"https:\/\/super-news.info\/es\/el-tiempo-de-uso-de-los-dispositivos-moviles-superara-al-de-la-television-este-2019\/"},"wordCount":339,"commentCount":0,"image":{"@id":"https:\/\/super-news.info\/es\/el-tiempo-de-uso-de-los-dispositivos-moviles-superara-al-de-la-television-este-2019\/#primaryimage"},"thumbnailUrl":"https:\/\/super-news.info\/es\/wp-content\/uploads\/sites\/4\/2019\/06\/El-tiempo-de-uso-de-los-dispositivos-m\u00f3viles-superar\u00e1-al.jpg","articleSection":["NOTICIAS DE MARKETING DIGITAL"],"inLanguage":"en-US","potentialAction":[{"@type":"CommentAction","name":"Comment","target":["https:\/\/super-news.info\/es\/el-tiempo-de-uso-de-los-dispositivos-moviles-superara-al-de-la-television-este-2019\/#respond"]}]},{"@type":"WebPage","@id":"https:\/\/super-news.info\/es\/el-tiempo-de-uso-de-los-dispositivos-moviles-superara-al-de-la-television-este-2019\/","url":"https:\/\/super-news.info\/es\/el-tiempo-de-uso-de-los-dispositivos-moviles-superara-al-de-la-television-este-2019\/","name":"El tiempo de uso de los dispositivos m\u00f3viles superar\u00e1 al de la televisi\u00f3n este 2019 - Super News","isPartOf":{"@id":"https:\/\/super-news.info\/es\/#website"},"primaryImageOfPage":{"@id":"https:\/\/super-news.info\/es\/el-tiempo-de-uso-de-los-dispositivos-moviles-superara-al-de-la-television-este-2019\/#primaryimage"},"image":{"@id":"https:\/\/super-news.info\/es\/el-tiempo-de-uso-de-los-dispositivos-moviles-superara-al-de-la-television-este-2019\/#primaryimage"},"thumbnailUrl":"https:\/\/super-news.info\/es\/wp-content\/uploads\/sites\/4\/2019\/06\/El-tiempo-de-uso-de-los-dispositivos-m\u00f3viles-superar\u00e1-al.jpg","datePublished":"2019-06-08T13:42:57+00:00","dateModified":"2019-06-08T13:42:59+00:00","author":{"@id":"https:\/\/super-news.info\/es\/#\/schema\/person\/2d4068cb2f39cd10008c2fce578a7356"},"breadcrumb":{"@id":"https:\/\/super-news.info\/es\/el-tiempo-de-uso-de-los-dispositivos-moviles-superara-al-de-la-television-este-2019\/#breadcrumb"},"inLanguage":"en-US","potentialAction":[{"@type":"ReadAction","target":["https:\/\/super-news.info\/es\/el-tiempo-de-uso-de-los-dispositivos-moviles-superara-al-de-la-television-este-2019\/"]}]},{"@type":"ImageObject","inLanguage":"en-US","@id":"https:\/\/super-news.info\/es\/el-tiempo-de-uso-de-los-dispositivos-moviles-superara-al-de-la-television-este-2019\/#primaryimage","url":"https:\/\/super-news.info\/es\/wp-content\/uploads\/sites\/4\/2019\/06\/El-tiempo-de-uso-de-los-dispositivos-m\u00f3viles-superar\u00e1-al.jpg","contentUrl":"https:\/\/super-news.info\/es\/wp-content\/uploads\/sites\/4\/2019\/06\/El-tiempo-de-uso-de-los-dispositivos-m\u00f3viles-superar\u00e1-al.jpg","width":1188,"height":691,"caption":"El tiempo de uso de los dispositivos m\u00f3viles superar\u00e1 al de la televisi\u00f3n este 2019"},{"@type":"BreadcrumbList","@id":"https:\/\/super-news.info\/es\/el-tiempo-de-uso-de-los-dispositivos-moviles-superara-al-de-la-television-este-2019\/#breadcrumb","itemListElement":[{"@type":"ListItem","position":1,"name":"\u0413\u043b\u0430\u0432\u043d\u0430\u044f \u0441\u0442\u0440\u0430\u043d\u0438\u0446\u0430","item":"https:\/\/super-news.info\/es\/"},{"@type":"ListItem","position":2,"name":"El tiempo de uso de los dispositivos m\u00f3viles superar\u00e1 al de la televisi\u00f3n este 2019"}]},{"@type":"WebSite","@id":"https:\/\/super-news.info\/es\/#website","url":"https:\/\/super-news.info\/es\/","name":"Super News","description":"Super News Espa\u00f1a","potentialAction":[{"@type":"SearchAction","target":{"@type":"EntryPoint","urlTemplate":"https:\/\/super-news.info\/es\/?s={search_term_string}"},"query-input":{"@type":"PropertyValueSpecification","valueRequired":true,"valueName":"search_term_string"}}],"inLanguage":"en-US"},{"@type":"Person","@id":"https:\/\/super-news.info\/es\/#\/schema\/person\/2d4068cb2f39cd10008c2fce578a7356","name":"super-news","image":{"@type":"ImageObject","inLanguage":"en-US","@id":"https:\/\/secure.gravatar.com\/avatar\/64ebac40b93f26a154f8a9b5b6fdccfc46f442b26b3dd6756dbff3bf9dc76fd7?s=96&d=mm&r=g","url":"https:\/\/secure.gravatar.com\/avatar\/64ebac40b93f26a154f8a9b5b6fdccfc46f442b26b3dd6756dbff3bf9dc76fd7?s=96&d=mm&r=g","contentUrl":"https:\/\/secure.gravatar.com\/avatar\/64ebac40b93f26a154f8a9b5b6fdccfc46f442b26b3dd6756dbff3bf9dc76fd7?s=96&d=mm&r=g","caption":"super-news"},"url":"https:\/\/super-news.info\/es\/author\/pt\/"}]}},"_links":{"self":[{"href":"https:\/\/super-news.info\/es\/wp-json\/wp\/v2\/posts\/3454","targetHints":{"allow":["GET"]}}],"collection":[{"href":"https:\/\/super-news.info\/es\/wp-json\/wp\/v2\/posts"}],"about":[{"href":"https:\/\/super-news.info\/es\/wp-json\/wp\/v2\/types\/post"}],"author":[{"embeddable":true,"href":"https:\/\/super-news.info\/es\/wp-json\/wp\/v2\/users\/2"}],"replies":[{"embeddable":true,"href":"https:\/\/super-news.info\/es\/wp-json\/wp\/v2\/comments?post=3454"}],"version-history":[{"count":1,"href":"https:\/\/super-news.info\/es\/wp-json\/wp\/v2\/posts\/3454\/revisions"}],"predecessor-version":[{"id":3456,"href":"https:\/\/super-news.info\/es\/wp-json\/wp\/v2\/posts\/3454\/revisions\/3456"}],"wp:featuredmedia":[{"embeddable":true,"href":"https:\/\/super-news.info\/es\/wp-json\/wp\/v2\/media\/3455"}],"wp:attachment":[{"href":"https:\/\/super-news.info\/es\/wp-json\/wp\/v2\/media?parent=3454"}],"wp:term":[{"taxonomy":"category","embeddable":true,"href":"https:\/\/super-news.info\/es\/wp-json\/wp\/v2\/categories?post=3454"},{"taxonomy":"post_tag","embeddable":true,"href":"https:\/\/super-news.info\/es\/wp-json\/wp\/v2\/tags?post=3454"}],"curies":[{"name":"wp","href":"https:\/\/api.w.org\/{rel}","templated":true}]}}