{"id":3397,"date":"2019-06-07T20:51:08","date_gmt":"2019-06-07T17:51:08","guid":{"rendered":"https:\/\/super-news.info\/es\/seat-nombra-a-jason-lusty-nuevo-director-global-de-marketing\/"},"modified":"2019-06-07T20:51:09","modified_gmt":"2019-06-07T17:51:09","slug":"seat-nombra-a-jason-lusty-nuevo-director-global-de-marketing","status":"publish","type":"post","link":"https:\/\/super-news.info\/es\/seat-nombra-a-jason-lusty-nuevo-director-global-de-marketing\/","title":{"rendered":"SEAT nombra a Jason Lusty nuevo director global de Marketing"},"content":{"rendered":"<p> [ad_1]<br \/>\n<\/p>\n<div id=\"textoNoticia\">\n<p class=\"excerpt-single\">Jason Lusty sustituir\u00e1 a Susanne Franz, quien dejar\u00e1 su cargo en SEAT para convertirse en directora de Brand Communication y Content Marketing de AUDI AG. <\/p>\n<\/p>\n<p>SEAT estrena director global de Marketing. Jason Lusty ser\u00e1 quien ocupe el puesto <strong>a partir del pr\u00f3ximo 1 de julio<\/strong>, en sustituci\u00f3n de Susanne Franz, quien asume el cargo de directora de Brand Communication y Content Marketing de AUDI AG.<\/p>\n<p>Lusty ha desarrollado su carrera profesional en distintas agencias de publicidad y, desde 2015, era el director de Marketing de Audi en Alemania. Ahora, se incorpora a SEAT &#8220;con el objetivo de <strong>impulsar la gesti\u00f3n de la marca en una etapa de transformaci\u00f3n del sector<\/strong> autom\u00f3vil y de apostar por nuevas plataformas digitales&#8221;, seg\u00fan ha explicado la marca de Grupo Volkswagen en un comunicado.<\/p>\n<p>Licenciado en Econom\u00eda y Empresa por la Universidad Johann-Wolfgang Goethe de Fr\u00e1ncfort, en su trayectoria profesional destaca el <strong>trabajo en agencias<\/strong> como Saatchi &amp; Saatchi y DDB, en Alemania y en el Reino Unido. All\u00ed dirigi\u00f3 las cuentas de publicidad de Audi y Volkswagen, as\u00ed como de otras marcas globales de gran consumo.<\/p>\n<p>En estos \u00faltimos a\u00f1os, ya como director de Marketing de Audi para el mercado alem\u00e1n, ha dirigido el <strong>lanzamiento del Audi e-tron<\/strong> en Alemania, entre otros proyectos, y ha apostado por la digitalizaci\u00f3n de la comunicaci\u00f3n a nivel nacional y local.<\/p>\n<p>&#8220;Jason Lusty nos dar\u00e1 un nuevo impulso en el camino que hemos emprendido en los \u00faltimos a\u00f1os. Una de sus tareas clave ser\u00e1 <strong>fortalecer y establecer CUPRA como una marca independiente<\/strong>. Su experiencia de 20 a\u00f1os en distintas agencias de publicidad y en los \u00faltimos a\u00f1os en Audi le permite combinar una visi\u00f3n global de distintos sectores con un excelente conocimiento de la industria del autom\u00f3vil y de las tendencias de futuro&#8221;, ha explicado el vicepresidente Comercial de SEAT y CEO de CUPRA, Wayne Griffiths.<\/p>\n<p>En cuanto a la labor de su predecesora, Griffiths ha a\u00f1adido que &#8220;Susanne Franz ha desarrollado un trabajo excelente en los \u00faltimos cuatro a\u00f1os al frente de la direcci\u00f3n global de Marketing de SEAT. Su creatividad, pasi\u00f3n y profesionalidad han contribuido de forma decisiva a <strong>llevar a SEAT al &#8216;next level&#8217;<\/strong>. El \u00e9xito de SEAT y el lanzamiento de la nueva marca CUPRA se entienden por la contribuci\u00f3n de Susanne&#8221;.<\/p>\n<p class=\"link-telegram\">\n\t\t\t\t\t\t\t\t\t\t\tNo te pierdas nada de MarketingDirecto.com y \u00fanete a nuestro Telegram t.me\/MarketingDirecto\n\t\t\t\t\t\t\t\t\t\t<\/p>\n<\/p><\/div>\n<p><script>(function(d, s, id) {\n  var js, fjs = d.getElementsByTagName(s)[0];\n  if (d.getElementById(id)) return;\n  js = d.createElement(s); js.id = id;\n  js.src = \"http:\/\/connect.facebook.net\/es_LA\/sdk.js#xfbml=1&appId=408746052611679&version=v2.3\";\n  fjs.parentNode.insertBefore(js, fjs);\n}(document, 'script', 'facebook-jssdk'));<\/script><br \/>\n<br \/>[ad_2]<br \/>\n<br \/><a href=\"https:\/\/www.marketingdirecto.com\/anunciantes-general\/anunciantes\/seat-nombra-a-jason-lusty-nuevo-director-global-de-marketing\">Source link <\/a><\/p>\n","protected":false},"excerpt":{"rendered":"<p>[ad_1] Jason Lusty sustituir\u00e1 a Susanne Franz, quien dejar\u00e1 su cargo en SEAT para convertirse en directora de Brand Communication y Content Marketing de AUDI AG. SEAT estrena director global de Marketing. Jason Lusty ser\u00e1 quien ocupe el puesto a partir del pr\u00f3ximo 1 de julio, en sustituci\u00f3n de Susanne Franz, quien asume el cargo [&hellip;]<\/p>\n","protected":false},"author":2,"featured_media":3398,"comment_status":"open","ping_status":"open","sticky":false,"template":"","format":"standard","meta":{"footnotes":""},"categories":[2],"tags":[],"class_list":["post-3397","post","type-post","status-publish","format-standard","has-post-thumbnail","hentry","category-noticias-de-marketing-digital"],"yoast_head":"<!-- This site is optimized with the Yoast SEO plugin v27.4 - https:\/\/yoast.com\/product\/yoast-seo-wordpress\/ -->\n<title>SEAT nombra a Jason Lusty nuevo director global de Marketing - Super News<\/title>\n<meta name=\"robots\" content=\"index, follow, max-snippet:-1, max-image-preview:large, max-video-preview:-1\" \/>\n<link rel=\"canonical\" href=\"https:\/\/super-news.info\/es\/seat-nombra-a-jason-lusty-nuevo-director-global-de-marketing\/\" \/>\n<meta property=\"og:locale\" content=\"en_US\" \/>\n<meta property=\"og:type\" content=\"article\" \/>\n<meta property=\"og:title\" content=\"SEAT nombra a Jason Lusty nuevo director global de Marketing - Super News\" \/>\n<meta property=\"og:description\" content=\"[ad_1] Jason Lusty sustituir\u00e1 a Susanne Franz, quien dejar\u00e1 su cargo en SEAT para convertirse en directora de Brand Communication y Content Marketing de AUDI AG. SEAT estrena director global de Marketing. Jason Lusty ser\u00e1 quien ocupe el puesto a partir del pr\u00f3ximo 1 de julio, en sustituci\u00f3n de Susanne Franz, quien asume el cargo [&hellip;]\" \/>\n<meta property=\"og:url\" content=\"https:\/\/super-news.info\/es\/seat-nombra-a-jason-lusty-nuevo-director-global-de-marketing\/\" \/>\n<meta property=\"og:site_name\" content=\"Super News\" \/>\n<meta property=\"article:published_time\" content=\"2019-06-07T17:51:08+00:00\" \/>\n<meta property=\"article:modified_time\" content=\"2019-06-07T17:51:09+00:00\" \/>\n<meta property=\"og:image\" content=\"https:\/\/super-news.info\/es\/wp-content\/uploads\/sites\/4\/2019\/06\/SEAT-nombra-a-Jason-Lusty-nuevo-director-global-de-Marketing.jpg\" \/>\n\t<meta property=\"og:image:width\" content=\"626\" \/>\n\t<meta property=\"og:image:height\" content=\"364\" \/>\n\t<meta property=\"og:image:type\" content=\"image\/jpeg\" \/>\n<meta name=\"author\" content=\"super-news\" \/>\n<meta name=\"twitter:card\" content=\"summary_large_image\" \/>\n<meta name=\"twitter:label1\" content=\"Written by\" \/>\n\t<meta name=\"twitter:data1\" content=\"super-news\" \/>\n\t<meta name=\"twitter:label2\" content=\"Est. reading time\" \/>\n\t<meta name=\"twitter:data2\" content=\"2 minutes\" \/>\n<script type=\"application\/ld+json\" class=\"yoast-schema-graph\">{\"@context\":\"https:\\\/\\\/schema.org\",\"@graph\":[{\"@type\":\"Article\",\"@id\":\"https:\\\/\\\/super-news.info\\\/es\\\/seat-nombra-a-jason-lusty-nuevo-director-global-de-marketing\\\/#article\",\"isPartOf\":{\"@id\":\"https:\\\/\\\/super-news.info\\\/es\\\/seat-nombra-a-jason-lusty-nuevo-director-global-de-marketing\\\/\"},\"author\":{\"name\":\"super-news\",\"@id\":\"https:\\\/\\\/super-news.info\\\/es\\\/#\\\/schema\\\/person\\\/2d4068cb2f39cd10008c2fce578a7356\"},\"headline\":\"SEAT nombra a Jason Lusty nuevo director global de Marketing\",\"datePublished\":\"2019-06-07T17:51:08+00:00\",\"dateModified\":\"2019-06-07T17:51:09+00:00\",\"mainEntityOfPage\":{\"@id\":\"https:\\\/\\\/super-news.info\\\/es\\\/seat-nombra-a-jason-lusty-nuevo-director-global-de-marketing\\\/\"},\"wordCount\":426,\"commentCount\":0,\"image\":{\"@id\":\"https:\\\/\\\/super-news.info\\\/es\\\/seat-nombra-a-jason-lusty-nuevo-director-global-de-marketing\\\/#primaryimage\"},\"thumbnailUrl\":\"https:\\\/\\\/super-news.info\\\/es\\\/wp-content\\\/uploads\\\/sites\\\/4\\\/2019\\\/06\\\/SEAT-nombra-a-Jason-Lusty-nuevo-director-global-de-Marketing.jpg\",\"articleSection\":[\"NOTICIAS DE MARKETING DIGITAL\"],\"inLanguage\":\"en-US\",\"potentialAction\":[{\"@type\":\"CommentAction\",\"name\":\"Comment\",\"target\":[\"https:\\\/\\\/super-news.info\\\/es\\\/seat-nombra-a-jason-lusty-nuevo-director-global-de-marketing\\\/#respond\"]}]},{\"@type\":\"WebPage\",\"@id\":\"https:\\\/\\\/super-news.info\\\/es\\\/seat-nombra-a-jason-lusty-nuevo-director-global-de-marketing\\\/\",\"url\":\"https:\\\/\\\/super-news.info\\\/es\\\/seat-nombra-a-jason-lusty-nuevo-director-global-de-marketing\\\/\",\"name\":\"SEAT nombra a Jason Lusty nuevo director global de Marketing - Super News\",\"isPartOf\":{\"@id\":\"https:\\\/\\\/super-news.info\\\/es\\\/#website\"},\"primaryImageOfPage\":{\"@id\":\"https:\\\/\\\/super-news.info\\\/es\\\/seat-nombra-a-jason-lusty-nuevo-director-global-de-marketing\\\/#primaryimage\"},\"image\":{\"@id\":\"https:\\\/\\\/super-news.info\\\/es\\\/seat-nombra-a-jason-lusty-nuevo-director-global-de-marketing\\\/#primaryimage\"},\"thumbnailUrl\":\"https:\\\/\\\/super-news.info\\\/es\\\/wp-content\\\/uploads\\\/sites\\\/4\\\/2019\\\/06\\\/SEAT-nombra-a-Jason-Lusty-nuevo-director-global-de-Marketing.jpg\",\"datePublished\":\"2019-06-07T17:51:08+00:00\",\"dateModified\":\"2019-06-07T17:51:09+00:00\",\"author\":{\"@id\":\"https:\\\/\\\/super-news.info\\\/es\\\/#\\\/schema\\\/person\\\/2d4068cb2f39cd10008c2fce578a7356\"},\"breadcrumb\":{\"@id\":\"https:\\\/\\\/super-news.info\\\/es\\\/seat-nombra-a-jason-lusty-nuevo-director-global-de-marketing\\\/#breadcrumb\"},\"inLanguage\":\"en-US\",\"potentialAction\":[{\"@type\":\"ReadAction\",\"target\":[\"https:\\\/\\\/super-news.info\\\/es\\\/seat-nombra-a-jason-lusty-nuevo-director-global-de-marketing\\\/\"]}]},{\"@type\":\"ImageObject\",\"inLanguage\":\"en-US\",\"@id\":\"https:\\\/\\\/super-news.info\\\/es\\\/seat-nombra-a-jason-lusty-nuevo-director-global-de-marketing\\\/#primaryimage\",\"url\":\"https:\\\/\\\/super-news.info\\\/es\\\/wp-content\\\/uploads\\\/sites\\\/4\\\/2019\\\/06\\\/SEAT-nombra-a-Jason-Lusty-nuevo-director-global-de-Marketing.jpg\",\"contentUrl\":\"https:\\\/\\\/super-news.info\\\/es\\\/wp-content\\\/uploads\\\/sites\\\/4\\\/2019\\\/06\\\/SEAT-nombra-a-Jason-Lusty-nuevo-director-global-de-Marketing.jpg\",\"width\":626,\"height\":364,\"caption\":\"seat-jason-lusty\"},{\"@type\":\"BreadcrumbList\",\"@id\":\"https:\\\/\\\/super-news.info\\\/es\\\/seat-nombra-a-jason-lusty-nuevo-director-global-de-marketing\\\/#breadcrumb\",\"itemListElement\":[{\"@type\":\"ListItem\",\"position\":1,\"name\":\"\u0413\u043b\u0430\u0432\u043d\u0430\u044f \u0441\u0442\u0440\u0430\u043d\u0438\u0446\u0430\",\"item\":\"https:\\\/\\\/super-news.info\\\/es\\\/\"},{\"@type\":\"ListItem\",\"position\":2,\"name\":\"SEAT nombra a Jason Lusty nuevo director global de Marketing\"}]},{\"@type\":\"WebSite\",\"@id\":\"https:\\\/\\\/super-news.info\\\/es\\\/#website\",\"url\":\"https:\\\/\\\/super-news.info\\\/es\\\/\",\"name\":\"Super News\",\"description\":\"Super News Espa\u00f1a\",\"potentialAction\":[{\"@type\":\"SearchAction\",\"target\":{\"@type\":\"EntryPoint\",\"urlTemplate\":\"https:\\\/\\\/super-news.info\\\/es\\\/?s={search_term_string}\"},\"query-input\":{\"@type\":\"PropertyValueSpecification\",\"valueRequired\":true,\"valueName\":\"search_term_string\"}}],\"inLanguage\":\"en-US\"},{\"@type\":\"Person\",\"@id\":\"https:\\\/\\\/super-news.info\\\/es\\\/#\\\/schema\\\/person\\\/2d4068cb2f39cd10008c2fce578a7356\",\"name\":\"super-news\",\"image\":{\"@type\":\"ImageObject\",\"inLanguage\":\"en-US\",\"@id\":\"https:\\\/\\\/secure.gravatar.com\\\/avatar\\\/64ebac40b93f26a154f8a9b5b6fdccfc46f442b26b3dd6756dbff3bf9dc76fd7?s=96&d=mm&r=g\",\"url\":\"https:\\\/\\\/secure.gravatar.com\\\/avatar\\\/64ebac40b93f26a154f8a9b5b6fdccfc46f442b26b3dd6756dbff3bf9dc76fd7?s=96&d=mm&r=g\",\"contentUrl\":\"https:\\\/\\\/secure.gravatar.com\\\/avatar\\\/64ebac40b93f26a154f8a9b5b6fdccfc46f442b26b3dd6756dbff3bf9dc76fd7?s=96&d=mm&r=g\",\"caption\":\"super-news\"},\"url\":\"https:\\\/\\\/super-news.info\\\/es\\\/author\\\/pt\\\/\"}]}<\/script>\n<!-- \/ Yoast SEO plugin. -->","yoast_head_json":{"title":"SEAT nombra a Jason Lusty nuevo director global de Marketing - Super News","robots":{"index":"index","follow":"follow","max-snippet":"max-snippet:-1","max-image-preview":"max-image-preview:large","max-video-preview":"max-video-preview:-1"},"canonical":"https:\/\/super-news.info\/es\/seat-nombra-a-jason-lusty-nuevo-director-global-de-marketing\/","og_locale":"en_US","og_type":"article","og_title":"SEAT nombra a Jason Lusty nuevo director global de Marketing - Super News","og_description":"[ad_1] Jason Lusty sustituir\u00e1 a Susanne Franz, quien dejar\u00e1 su cargo en SEAT para convertirse en directora de Brand Communication y Content Marketing de AUDI AG. SEAT estrena director global de Marketing. Jason Lusty ser\u00e1 quien ocupe el puesto a partir del pr\u00f3ximo 1 de julio, en sustituci\u00f3n de Susanne Franz, quien asume el cargo [&hellip;]","og_url":"https:\/\/super-news.info\/es\/seat-nombra-a-jason-lusty-nuevo-director-global-de-marketing\/","og_site_name":"Super News","article_published_time":"2019-06-07T17:51:08+00:00","article_modified_time":"2019-06-07T17:51:09+00:00","og_image":[{"width":626,"height":364,"url":"https:\/\/super-news.info\/es\/wp-content\/uploads\/sites\/4\/2019\/06\/SEAT-nombra-a-Jason-Lusty-nuevo-director-global-de-Marketing.jpg","type":"image\/jpeg"}],"author":"super-news","twitter_card":"summary_large_image","twitter_misc":{"Written by":"super-news","Est. reading time":"2 minutes"},"schema":{"@context":"https:\/\/schema.org","@graph":[{"@type":"Article","@id":"https:\/\/super-news.info\/es\/seat-nombra-a-jason-lusty-nuevo-director-global-de-marketing\/#article","isPartOf":{"@id":"https:\/\/super-news.info\/es\/seat-nombra-a-jason-lusty-nuevo-director-global-de-marketing\/"},"author":{"name":"super-news","@id":"https:\/\/super-news.info\/es\/#\/schema\/person\/2d4068cb2f39cd10008c2fce578a7356"},"headline":"SEAT nombra a Jason Lusty nuevo director global de Marketing","datePublished":"2019-06-07T17:51:08+00:00","dateModified":"2019-06-07T17:51:09+00:00","mainEntityOfPage":{"@id":"https:\/\/super-news.info\/es\/seat-nombra-a-jason-lusty-nuevo-director-global-de-marketing\/"},"wordCount":426,"commentCount":0,"image":{"@id":"https:\/\/super-news.info\/es\/seat-nombra-a-jason-lusty-nuevo-director-global-de-marketing\/#primaryimage"},"thumbnailUrl":"https:\/\/super-news.info\/es\/wp-content\/uploads\/sites\/4\/2019\/06\/SEAT-nombra-a-Jason-Lusty-nuevo-director-global-de-Marketing.jpg","articleSection":["NOTICIAS DE MARKETING DIGITAL"],"inLanguage":"en-US","potentialAction":[{"@type":"CommentAction","name":"Comment","target":["https:\/\/super-news.info\/es\/seat-nombra-a-jason-lusty-nuevo-director-global-de-marketing\/#respond"]}]},{"@type":"WebPage","@id":"https:\/\/super-news.info\/es\/seat-nombra-a-jason-lusty-nuevo-director-global-de-marketing\/","url":"https:\/\/super-news.info\/es\/seat-nombra-a-jason-lusty-nuevo-director-global-de-marketing\/","name":"SEAT nombra a Jason Lusty nuevo director global de Marketing - Super News","isPartOf":{"@id":"https:\/\/super-news.info\/es\/#website"},"primaryImageOfPage":{"@id":"https:\/\/super-news.info\/es\/seat-nombra-a-jason-lusty-nuevo-director-global-de-marketing\/#primaryimage"},"image":{"@id":"https:\/\/super-news.info\/es\/seat-nombra-a-jason-lusty-nuevo-director-global-de-marketing\/#primaryimage"},"thumbnailUrl":"https:\/\/super-news.info\/es\/wp-content\/uploads\/sites\/4\/2019\/06\/SEAT-nombra-a-Jason-Lusty-nuevo-director-global-de-Marketing.jpg","datePublished":"2019-06-07T17:51:08+00:00","dateModified":"2019-06-07T17:51:09+00:00","author":{"@id":"https:\/\/super-news.info\/es\/#\/schema\/person\/2d4068cb2f39cd10008c2fce578a7356"},"breadcrumb":{"@id":"https:\/\/super-news.info\/es\/seat-nombra-a-jason-lusty-nuevo-director-global-de-marketing\/#breadcrumb"},"inLanguage":"en-US","potentialAction":[{"@type":"ReadAction","target":["https:\/\/super-news.info\/es\/seat-nombra-a-jason-lusty-nuevo-director-global-de-marketing\/"]}]},{"@type":"ImageObject","inLanguage":"en-US","@id":"https:\/\/super-news.info\/es\/seat-nombra-a-jason-lusty-nuevo-director-global-de-marketing\/#primaryimage","url":"https:\/\/super-news.info\/es\/wp-content\/uploads\/sites\/4\/2019\/06\/SEAT-nombra-a-Jason-Lusty-nuevo-director-global-de-Marketing.jpg","contentUrl":"https:\/\/super-news.info\/es\/wp-content\/uploads\/sites\/4\/2019\/06\/SEAT-nombra-a-Jason-Lusty-nuevo-director-global-de-Marketing.jpg","width":626,"height":364,"caption":"seat-jason-lusty"},{"@type":"BreadcrumbList","@id":"https:\/\/super-news.info\/es\/seat-nombra-a-jason-lusty-nuevo-director-global-de-marketing\/#breadcrumb","itemListElement":[{"@type":"ListItem","position":1,"name":"\u0413\u043b\u0430\u0432\u043d\u0430\u044f \u0441\u0442\u0440\u0430\u043d\u0438\u0446\u0430","item":"https:\/\/super-news.info\/es\/"},{"@type":"ListItem","position":2,"name":"SEAT nombra a Jason Lusty nuevo director global de Marketing"}]},{"@type":"WebSite","@id":"https:\/\/super-news.info\/es\/#website","url":"https:\/\/super-news.info\/es\/","name":"Super News","description":"Super News Espa\u00f1a","potentialAction":[{"@type":"SearchAction","target":{"@type":"EntryPoint","urlTemplate":"https:\/\/super-news.info\/es\/?s={search_term_string}"},"query-input":{"@type":"PropertyValueSpecification","valueRequired":true,"valueName":"search_term_string"}}],"inLanguage":"en-US"},{"@type":"Person","@id":"https:\/\/super-news.info\/es\/#\/schema\/person\/2d4068cb2f39cd10008c2fce578a7356","name":"super-news","image":{"@type":"ImageObject","inLanguage":"en-US","@id":"https:\/\/secure.gravatar.com\/avatar\/64ebac40b93f26a154f8a9b5b6fdccfc46f442b26b3dd6756dbff3bf9dc76fd7?s=96&d=mm&r=g","url":"https:\/\/secure.gravatar.com\/avatar\/64ebac40b93f26a154f8a9b5b6fdccfc46f442b26b3dd6756dbff3bf9dc76fd7?s=96&d=mm&r=g","contentUrl":"https:\/\/secure.gravatar.com\/avatar\/64ebac40b93f26a154f8a9b5b6fdccfc46f442b26b3dd6756dbff3bf9dc76fd7?s=96&d=mm&r=g","caption":"super-news"},"url":"https:\/\/super-news.info\/es\/author\/pt\/"}]}},"_links":{"self":[{"href":"https:\/\/super-news.info\/es\/wp-json\/wp\/v2\/posts\/3397","targetHints":{"allow":["GET"]}}],"collection":[{"href":"https:\/\/super-news.info\/es\/wp-json\/wp\/v2\/posts"}],"about":[{"href":"https:\/\/super-news.info\/es\/wp-json\/wp\/v2\/types\/post"}],"author":[{"embeddable":true,"href":"https:\/\/super-news.info\/es\/wp-json\/wp\/v2\/users\/2"}],"replies":[{"embeddable":true,"href":"https:\/\/super-news.info\/es\/wp-json\/wp\/v2\/comments?post=3397"}],"version-history":[{"count":1,"href":"https:\/\/super-news.info\/es\/wp-json\/wp\/v2\/posts\/3397\/revisions"}],"predecessor-version":[{"id":3399,"href":"https:\/\/super-news.info\/es\/wp-json\/wp\/v2\/posts\/3397\/revisions\/3399"}],"wp:featuredmedia":[{"embeddable":true,"href":"https:\/\/super-news.info\/es\/wp-json\/wp\/v2\/media\/3398"}],"wp:attachment":[{"href":"https:\/\/super-news.info\/es\/wp-json\/wp\/v2\/media?parent=3397"}],"wp:term":[{"taxonomy":"category","embeddable":true,"href":"https:\/\/super-news.info\/es\/wp-json\/wp\/v2\/categories?post=3397"},{"taxonomy":"post_tag","embeddable":true,"href":"https:\/\/super-news.info\/es\/wp-json\/wp\/v2\/tags?post=3397"}],"curies":[{"name":"wp","href":"https:\/\/api.w.org\/{rel}","templated":true}]}}