{"id":3295,"date":"2019-06-06T18:33:43","date_gmt":"2019-06-06T15:33:43","guid":{"rendered":"https:\/\/super-news.info\/es\/clear-unilever-y-cristiano-ronaldo-animan-a-los-jovenes-a-mantener-su-cabeza-despejada\/"},"modified":"2019-06-06T18:33:44","modified_gmt":"2019-06-06T15:33:44","slug":"clear-unilever-y-cristiano-ronaldo-animan-a-los-jovenes-a-mantener-su-cabeza-despejada","status":"publish","type":"post","link":"https:\/\/super-news.info\/es\/clear-unilever-y-cristiano-ronaldo-animan-a-los-jovenes-a-mantener-su-cabeza-despejada\/","title":{"rendered":"Clear (Unilever) y Cristiano Ronaldo animan a los j\u00f3venes a mantener su cabeza &#8220;despejada&#8221;"},"content":{"rendered":"<p> [ad_1]<br \/>\n<\/p>\n<div id=\"textoNoticia\">\n<p class=\"excerpt-single\">Clear lanza a nivel mundial la campa\u00f1a #KeepAClearHead para dotar a los j\u00f3venes de la resiliencia necesaria para rendir al m\u00e1ximo ante el auge de la ansiedad social.<\/p>\n<\/p>\n<p>Clear, la marca de Unilever dedicada al cuidado anticaspa de cabello, anuncia hoy el lanzamiento de la campa\u00f1a #KeepAClearHead, que pretende ofrecer a los j\u00f3venes el apoyo y las herramientas que necesitan para <strong>ser resilientes ante el auge de la ansiedad social<\/strong>.<\/p>\n<p>Para ayudar a solucionar el problema, la marca ha lanzado &#8220;The Long Walk&#8221;, una pel\u00edcula protagonizada por el conocido embajador de la marca\u00a0Cristiano Ronaldo, quien ofrece a los espectadores una visi\u00f3n del trayecto que realiza antes de un partido. Durante el metraje, <strong>Cristiano Ronaldo anima a j\u00f3venes a mantener su cabeza despejada mientras persiguen sus metas<\/strong>, anim\u00e1ndolos a ser fuertes frente a los desaf\u00edos que se encontrar\u00e1n en la vida.<\/p>\n<p>En &#8220;The Long Walk&#8221;, Ronaldo afirma: &#8220;He hecho este camino miles de veces y todav\u00eda <strong>el primer paso es el m\u00e1s dif\u00edcil<\/strong>. Puedo o\u00edr el sonido de los latidos de mi coraz\u00f3n en mi cabeza, pero a cada latido le doy un nombre: esp\u00edritu, coraje, grandeza. Mientras el ruido aumenta a mi alrededor, un rugido se alza por mi garganta. Tu amor me hace fuerte, pero tu odio me hace imparable&#8221;.<\/p>\n<p>\n\t\t\t\t<iframe loading=\"lazy\" src=\"http:\/\/www.youtube.com\/embed\/x4kW9Q-QtPk?enablejsapi=1&amp;version=3&amp;rel=0&amp;showinfo=0&amp;controls=0\" id=\"iframePlayer\" width=\"940\" height=\"529\" frameborder=\"0\" webkitallowfullscreen=\"\" mozallowfullscreen=\"\" allowfullscreen=\"\"><\/iframe>\n\t\t\t<\/p>\n<p>Si no visualiza correctamente el v\u00eddeo embedded, haga clic aqu\u00ed.<\/p>\n<p>Clear considera que todo el mundo deber\u00eda ser capaz de dar lo m\u00e1ximo de s\u00ed mismo, sin embargo, la ansiedad social, traducida en &#8220;el miedo a ser juzgado&#8221;, puede frenar a las personas a la hora desarrollar todo su potencial. M\u00e1s de 284 millones de personas de todo el mundo sufren trastornos de ansiedad, una cuarta parte de ellas tienen una edad comprendida entre 10 y 24 a\u00f1os. Mientras que los <strong>trastornos de ansiedad<\/strong> se desarrollan a menudo durante la adolescencia y los primeros a\u00f1os de la juventud, la ansiedad social suele tener un inicio m\u00e1s temprano, entre los 5 y los 10 a\u00f1os de media de edad y puede tener consecuencias que impidan a las personas alcanzar su m\u00e1ximo potencial.<\/p>\n<p>La ansiedad social se ha convertido en un <strong>problema capital para muchos j\u00f3venes de todo el mundo<\/strong>, ya que cada vez se depositan m\u00e1s expectativas en ellos para triunfar. Ahora m\u00e1s que nunca, como consecuencia de la sociedad tan conectada en la que vivimos y de la retransmisi\u00f3n de sus actividades diarias a trav\u00e9s de las redes sociales, los j\u00f3venes se encuentran bajo un permanente escrutinio, lo que les hace aumentar su presi\u00f3n a la hora de actuar.<\/p>\n<p>Con el objetivo de ayudar a los j\u00f3venes a aumentar su resiliencia y prevenir su ansiedad social, Clear est\u00e1 trabajando en colaboraci\u00f3n con el Resilence Research Centre (RRC) de la Universidad de Dalhousie y con el doctor Michael Ungar, director del RRC de la Universidad de Dalhousie y autor de &#8220;Change Your World: The science of Resilience and True Path to Success&#8221;. Ungar es uno de los cient\u00edficos sociales referentes a nivel mundial y mediante su trabajo est\u00e1 concienciando a la poblaci\u00f3n del creciente problema de la ansiedad social y de la necesidad de dotar a los j\u00f3venes de la fortaleza y las habilidades necesarias para ser capaces de enfrentarse a los desaf\u00edos que se encontrar\u00e1n a lo largo de sus vidas.<\/p>\n<blockquote>\n<p><strong>&#8220;Cuando somos fuertes y tenemos apoyos, es mucho m\u00e1s f\u00e1cil que nos convirtamos en la mejor versi\u00f3n de nosotros mismos&#8221;<\/strong><\/p>\n<\/blockquote>\n<p>Ungar explica por qu\u00e9 Cristiano Ronaldo es un <strong>perfecto ejemplo de c\u00f3mo enfrentarse a las adversidades<\/strong>: &#8220;Su vida nos muestra que para cosechar \u00e9xitos y ser resilientes necesitamos dos cosas. Primero, ser fuertes, es decir, debemos aprovechar al m\u00e1ximo nuestro talento y ser optimistas con nuestro futuro. Segundo, debemos ser personas resolutivas, estar rodeados de personas que crean en nosotros y apuesten por nuestro talento para emplearlo de la mejor manera. Ronaldo a\u00fana ambos puntos, sabe c\u00f3mo utilizar su prodigioso talento natural y recibe muchos apoyos, incluyendo el cari\u00f1o de sus fans, para desarrollar todo su potencial. Cuando somos fuertes y tenemos apoyos, es mucho m\u00e1s f\u00e1cil que nos convirtamos en la mejor versi\u00f3n de nosotros mismos&#8221;.<\/p>\n<p>#KeepAClearHead, nos permitir\u00e1 ver a la marca trabajando junto con Michael Ungar y su equipo en el desarrollo de un centro de recursos y planes de estudios que se pondr\u00e1 en marcha en todo el mundo y que <strong>ayudar\u00e1 a los j\u00f3venes<\/strong> a evaluar sus niveles de resistencia, su capacidad de desarrollar nuevas estrategias y de utilizar los recursos que necesitan para enfrentarse con garant\u00edas a la ansiedad social.<\/p>\n<p>La marca tambi\u00e9n aprovechar\u00e1 la cultura pop actual mediante una <strong>asociaci\u00f3n con Marvel<\/strong> para crear una serie de cortometrajes de superh\u00e9roes. Este acuerdo pretende hacer reflexionar y crear contenidos de entretenimiento educativo que ayuden a los j\u00f3venes a comprender la importancia de superar sus obst\u00e1culos y reconocer los recursos que tienen a su alcance para enfrentarse de la mejor manera a sus dudas y a la ansiedad social.<\/p>\n<p>&#8220;Clear ayuda a sus clientes a desafiar al juicio social y rendir al m\u00e1ximo. Como marca de champ\u00fa anticaspa,<strong> queremos que las personas se sientan bien<\/strong> al eliminar la caspa, que en algunos casos puede ser una causa de ansiedad social. Sin embargo, creemos que podemos desempe\u00f1ar un papel todav\u00eda m\u00e1s importante a la hora de abordar la necesidad de aumentar la resiliencia de los j\u00f3venes para ayudarles a hacer frente a todas las facetas de la ansiedad social. Trabajando en equipo, queremos crear una generaci\u00f3n de j\u00f3venes resilientes, que sean capaces de rendir al m\u00e1ximo, a pesar de las crecientes presiones sociales&#8221;, a\u00f1ade Tri Tran-Tue, vicepresidente Global de Marca de Clear, Unilever.<\/p>\n<p class=\"link-telegram\">\n\t\t\t\t\t\t\t\t\t\t\tNo te pierdas nada de MarketingDirecto.com y \u00fanete a nuestro Telegram t.me\/MarketingDirecto\n\t\t\t\t\t\t\t\t\t\t<\/p>\n<\/p><\/div>\n<p><script>(function(d, s, id) {\n  var js, fjs = d.getElementsByTagName(s)[0];\n  if (d.getElementById(id)) return;\n  js = d.createElement(s); js.id = id;\n  js.src = \"http:\/\/connect.facebook.net\/es_LA\/sdk.js#xfbml=1&appId=408746052611679&version=v2.3\";\n  fjs.parentNode.insertBefore(js, fjs);\n}(document, 'script', 'facebook-jssdk'));<\/script><br \/>\n<br \/>[ad_2]<br \/>\n<br \/><a href=\"https:\/\/www.marketingdirecto.com\/anunciantes-general\/anunciantes\/clear-unilever-anima-jovenes-enfrentarse-a-ansiedad-social\">Source link <\/a><\/p>\n","protected":false},"excerpt":{"rendered":"<p>[ad_1] Clear lanza a nivel mundial la campa\u00f1a #KeepAClearHead para dotar a los j\u00f3venes de la resiliencia necesaria para rendir al m\u00e1ximo ante el auge de la ansiedad social. Clear, la marca de Unilever dedicada al cuidado anticaspa de cabello, anuncia hoy el lanzamiento de la campa\u00f1a #KeepAClearHead, que pretende ofrecer a los j\u00f3venes el [&hellip;]<\/p>\n","protected":false},"author":2,"featured_media":3296,"comment_status":"open","ping_status":"open","sticky":false,"template":"","format":"standard","meta":{"footnotes":""},"categories":[2],"tags":[],"class_list":["post-3295","post","type-post","status-publish","format-standard","has-post-thumbnail","hentry","category-noticias-de-marketing-digital"],"yoast_head":"<!-- This site is optimized with the Yoast SEO plugin v27.4 - https:\/\/yoast.com\/product\/yoast-seo-wordpress\/ -->\n<title>Clear (Unilever) y Cristiano Ronaldo animan a los j\u00f3venes a mantener su cabeza &quot;despejada&quot; - Super News<\/title>\n<meta name=\"robots\" content=\"index, follow, max-snippet:-1, max-image-preview:large, max-video-preview:-1\" \/>\n<link rel=\"canonical\" href=\"https:\/\/super-news.info\/es\/clear-unilever-y-cristiano-ronaldo-animan-a-los-jovenes-a-mantener-su-cabeza-despejada\/\" \/>\n<meta property=\"og:locale\" content=\"en_US\" \/>\n<meta property=\"og:type\" content=\"article\" \/>\n<meta property=\"og:title\" content=\"Clear (Unilever) y Cristiano Ronaldo animan a los j\u00f3venes a mantener su cabeza &quot;despejada&quot; - Super News\" \/>\n<meta property=\"og:description\" content=\"[ad_1] Clear lanza a nivel mundial la campa\u00f1a #KeepAClearHead para dotar a los j\u00f3venes de la resiliencia necesaria para rendir al m\u00e1ximo ante el auge de la ansiedad social. Clear, la marca de Unilever dedicada al cuidado anticaspa de cabello, anuncia hoy el lanzamiento de la campa\u00f1a #KeepAClearHead, que pretende ofrecer a los j\u00f3venes el [&hellip;]\" \/>\n<meta property=\"og:url\" content=\"https:\/\/super-news.info\/es\/clear-unilever-y-cristiano-ronaldo-animan-a-los-jovenes-a-mantener-su-cabeza-despejada\/\" \/>\n<meta property=\"og:site_name\" content=\"Super News\" \/>\n<meta property=\"article:published_time\" content=\"2019-06-06T15:33:43+00:00\" \/>\n<meta property=\"article:modified_time\" content=\"2019-06-06T15:33:44+00:00\" \/>\n<meta property=\"og:image\" content=\"https:\/\/super-news.info\/es\/wp-content\/uploads\/sites\/4\/2019\/06\/Clear-Unilever-y-Cristiano-Ronaldo-animan-a-los-j\u00f3venes-a.jpg\" \/>\n\t<meta property=\"og:image:width\" content=\"626\" \/>\n\t<meta property=\"og:image:height\" content=\"364\" \/>\n\t<meta property=\"og:image:type\" content=\"image\/jpeg\" \/>\n<meta name=\"author\" content=\"super-news\" \/>\n<meta name=\"twitter:card\" content=\"summary_large_image\" \/>\n<meta name=\"twitter:label1\" content=\"Written by\" \/>\n\t<meta name=\"twitter:data1\" content=\"super-news\" \/>\n\t<meta name=\"twitter:label2\" content=\"Est. reading time\" \/>\n\t<meta name=\"twitter:data2\" content=\"5 minutes\" \/>\n<script type=\"application\/ld+json\" class=\"yoast-schema-graph\">{\"@context\":\"https:\\\/\\\/schema.org\",\"@graph\":[{\"@type\":\"Article\",\"@id\":\"https:\\\/\\\/super-news.info\\\/es\\\/clear-unilever-y-cristiano-ronaldo-animan-a-los-jovenes-a-mantener-su-cabeza-despejada\\\/#article\",\"isPartOf\":{\"@id\":\"https:\\\/\\\/super-news.info\\\/es\\\/clear-unilever-y-cristiano-ronaldo-animan-a-los-jovenes-a-mantener-su-cabeza-despejada\\\/\"},\"author\":{\"name\":\"super-news\",\"@id\":\"https:\\\/\\\/super-news.info\\\/es\\\/#\\\/schema\\\/person\\\/2d4068cb2f39cd10008c2fce578a7356\"},\"headline\":\"Clear (Unilever) y Cristiano Ronaldo animan a los j\u00f3venes a mantener su cabeza &#8220;despejada&#8221;\",\"datePublished\":\"2019-06-06T15:33:43+00:00\",\"dateModified\":\"2019-06-06T15:33:44+00:00\",\"mainEntityOfPage\":{\"@id\":\"https:\\\/\\\/super-news.info\\\/es\\\/clear-unilever-y-cristiano-ronaldo-animan-a-los-jovenes-a-mantener-su-cabeza-despejada\\\/\"},\"wordCount\":1026,\"commentCount\":0,\"image\":{\"@id\":\"https:\\\/\\\/super-news.info\\\/es\\\/clear-unilever-y-cristiano-ronaldo-animan-a-los-jovenes-a-mantener-su-cabeza-despejada\\\/#primaryimage\"},\"thumbnailUrl\":\"https:\\\/\\\/super-news.info\\\/es\\\/wp-content\\\/uploads\\\/sites\\\/4\\\/2019\\\/06\\\/Clear-Unilever-y-Cristiano-Ronaldo-animan-a-los-j\u00f3venes-a.jpg\",\"articleSection\":[\"NOTICIAS DE MARKETING DIGITAL\"],\"inLanguage\":\"en-US\",\"potentialAction\":[{\"@type\":\"CommentAction\",\"name\":\"Comment\",\"target\":[\"https:\\\/\\\/super-news.info\\\/es\\\/clear-unilever-y-cristiano-ronaldo-animan-a-los-jovenes-a-mantener-su-cabeza-despejada\\\/#respond\"]}]},{\"@type\":\"WebPage\",\"@id\":\"https:\\\/\\\/super-news.info\\\/es\\\/clear-unilever-y-cristiano-ronaldo-animan-a-los-jovenes-a-mantener-su-cabeza-despejada\\\/\",\"url\":\"https:\\\/\\\/super-news.info\\\/es\\\/clear-unilever-y-cristiano-ronaldo-animan-a-los-jovenes-a-mantener-su-cabeza-despejada\\\/\",\"name\":\"Clear (Unilever) y Cristiano Ronaldo animan a los j\u00f3venes a mantener su cabeza \\\"despejada\\\" - Super News\",\"isPartOf\":{\"@id\":\"https:\\\/\\\/super-news.info\\\/es\\\/#website\"},\"primaryImageOfPage\":{\"@id\":\"https:\\\/\\\/super-news.info\\\/es\\\/clear-unilever-y-cristiano-ronaldo-animan-a-los-jovenes-a-mantener-su-cabeza-despejada\\\/#primaryimage\"},\"image\":{\"@id\":\"https:\\\/\\\/super-news.info\\\/es\\\/clear-unilever-y-cristiano-ronaldo-animan-a-los-jovenes-a-mantener-su-cabeza-despejada\\\/#primaryimage\"},\"thumbnailUrl\":\"https:\\\/\\\/super-news.info\\\/es\\\/wp-content\\\/uploads\\\/sites\\\/4\\\/2019\\\/06\\\/Clear-Unilever-y-Cristiano-Ronaldo-animan-a-los-j\u00f3venes-a.jpg\",\"datePublished\":\"2019-06-06T15:33:43+00:00\",\"dateModified\":\"2019-06-06T15:33:44+00:00\",\"author\":{\"@id\":\"https:\\\/\\\/super-news.info\\\/es\\\/#\\\/schema\\\/person\\\/2d4068cb2f39cd10008c2fce578a7356\"},\"breadcrumb\":{\"@id\":\"https:\\\/\\\/super-news.info\\\/es\\\/clear-unilever-y-cristiano-ronaldo-animan-a-los-jovenes-a-mantener-su-cabeza-despejada\\\/#breadcrumb\"},\"inLanguage\":\"en-US\",\"potentialAction\":[{\"@type\":\"ReadAction\",\"target\":[\"https:\\\/\\\/super-news.info\\\/es\\\/clear-unilever-y-cristiano-ronaldo-animan-a-los-jovenes-a-mantener-su-cabeza-despejada\\\/\"]}]},{\"@type\":\"ImageObject\",\"inLanguage\":\"en-US\",\"@id\":\"https:\\\/\\\/super-news.info\\\/es\\\/clear-unilever-y-cristiano-ronaldo-animan-a-los-jovenes-a-mantener-su-cabeza-despejada\\\/#primaryimage\",\"url\":\"https:\\\/\\\/super-news.info\\\/es\\\/wp-content\\\/uploads\\\/sites\\\/4\\\/2019\\\/06\\\/Clear-Unilever-y-Cristiano-Ronaldo-animan-a-los-j\u00f3venes-a.jpg\",\"contentUrl\":\"https:\\\/\\\/super-news.info\\\/es\\\/wp-content\\\/uploads\\\/sites\\\/4\\\/2019\\\/06\\\/Clear-Unilever-y-Cristiano-Ronaldo-animan-a-los-j\u00f3venes-a.jpg\",\"width\":626,\"height\":364,\"caption\":\"clear-cristiano\"},{\"@type\":\"BreadcrumbList\",\"@id\":\"https:\\\/\\\/super-news.info\\\/es\\\/clear-unilever-y-cristiano-ronaldo-animan-a-los-jovenes-a-mantener-su-cabeza-despejada\\\/#breadcrumb\",\"itemListElement\":[{\"@type\":\"ListItem\",\"position\":1,\"name\":\"\u0413\u043b\u0430\u0432\u043d\u0430\u044f \u0441\u0442\u0440\u0430\u043d\u0438\u0446\u0430\",\"item\":\"https:\\\/\\\/super-news.info\\\/es\\\/\"},{\"@type\":\"ListItem\",\"position\":2,\"name\":\"Clear (Unilever) y Cristiano Ronaldo animan a los j\u00f3venes a mantener su cabeza &#8220;despejada&#8221;\"}]},{\"@type\":\"WebSite\",\"@id\":\"https:\\\/\\\/super-news.info\\\/es\\\/#website\",\"url\":\"https:\\\/\\\/super-news.info\\\/es\\\/\",\"name\":\"Super News\",\"description\":\"Super News Espa\u00f1a\",\"potentialAction\":[{\"@type\":\"SearchAction\",\"target\":{\"@type\":\"EntryPoint\",\"urlTemplate\":\"https:\\\/\\\/super-news.info\\\/es\\\/?s={search_term_string}\"},\"query-input\":{\"@type\":\"PropertyValueSpecification\",\"valueRequired\":true,\"valueName\":\"search_term_string\"}}],\"inLanguage\":\"en-US\"},{\"@type\":\"Person\",\"@id\":\"https:\\\/\\\/super-news.info\\\/es\\\/#\\\/schema\\\/person\\\/2d4068cb2f39cd10008c2fce578a7356\",\"name\":\"super-news\",\"image\":{\"@type\":\"ImageObject\",\"inLanguage\":\"en-US\",\"@id\":\"https:\\\/\\\/secure.gravatar.com\\\/avatar\\\/64ebac40b93f26a154f8a9b5b6fdccfc46f442b26b3dd6756dbff3bf9dc76fd7?s=96&d=mm&r=g\",\"url\":\"https:\\\/\\\/secure.gravatar.com\\\/avatar\\\/64ebac40b93f26a154f8a9b5b6fdccfc46f442b26b3dd6756dbff3bf9dc76fd7?s=96&d=mm&r=g\",\"contentUrl\":\"https:\\\/\\\/secure.gravatar.com\\\/avatar\\\/64ebac40b93f26a154f8a9b5b6fdccfc46f442b26b3dd6756dbff3bf9dc76fd7?s=96&d=mm&r=g\",\"caption\":\"super-news\"},\"url\":\"https:\\\/\\\/super-news.info\\\/es\\\/author\\\/pt\\\/\"}]}<\/script>\n<!-- \/ Yoast SEO plugin. -->","yoast_head_json":{"title":"Clear (Unilever) y Cristiano Ronaldo animan a los j\u00f3venes a mantener su cabeza \"despejada\" - Super News","robots":{"index":"index","follow":"follow","max-snippet":"max-snippet:-1","max-image-preview":"max-image-preview:large","max-video-preview":"max-video-preview:-1"},"canonical":"https:\/\/super-news.info\/es\/clear-unilever-y-cristiano-ronaldo-animan-a-los-jovenes-a-mantener-su-cabeza-despejada\/","og_locale":"en_US","og_type":"article","og_title":"Clear (Unilever) y Cristiano Ronaldo animan a los j\u00f3venes a mantener su cabeza \"despejada\" - Super News","og_description":"[ad_1] Clear lanza a nivel mundial la campa\u00f1a #KeepAClearHead para dotar a los j\u00f3venes de la resiliencia necesaria para rendir al m\u00e1ximo ante el auge de la ansiedad social. Clear, la marca de Unilever dedicada al cuidado anticaspa de cabello, anuncia hoy el lanzamiento de la campa\u00f1a #KeepAClearHead, que pretende ofrecer a los j\u00f3venes el [&hellip;]","og_url":"https:\/\/super-news.info\/es\/clear-unilever-y-cristiano-ronaldo-animan-a-los-jovenes-a-mantener-su-cabeza-despejada\/","og_site_name":"Super News","article_published_time":"2019-06-06T15:33:43+00:00","article_modified_time":"2019-06-06T15:33:44+00:00","og_image":[{"width":626,"height":364,"url":"https:\/\/super-news.info\/es\/wp-content\/uploads\/sites\/4\/2019\/06\/Clear-Unilever-y-Cristiano-Ronaldo-animan-a-los-j\u00f3venes-a.jpg","type":"image\/jpeg"}],"author":"super-news","twitter_card":"summary_large_image","twitter_misc":{"Written by":"super-news","Est. reading time":"5 minutes"},"schema":{"@context":"https:\/\/schema.org","@graph":[{"@type":"Article","@id":"https:\/\/super-news.info\/es\/clear-unilever-y-cristiano-ronaldo-animan-a-los-jovenes-a-mantener-su-cabeza-despejada\/#article","isPartOf":{"@id":"https:\/\/super-news.info\/es\/clear-unilever-y-cristiano-ronaldo-animan-a-los-jovenes-a-mantener-su-cabeza-despejada\/"},"author":{"name":"super-news","@id":"https:\/\/super-news.info\/es\/#\/schema\/person\/2d4068cb2f39cd10008c2fce578a7356"},"headline":"Clear (Unilever) y Cristiano Ronaldo animan a los j\u00f3venes a mantener su cabeza &#8220;despejada&#8221;","datePublished":"2019-06-06T15:33:43+00:00","dateModified":"2019-06-06T15:33:44+00:00","mainEntityOfPage":{"@id":"https:\/\/super-news.info\/es\/clear-unilever-y-cristiano-ronaldo-animan-a-los-jovenes-a-mantener-su-cabeza-despejada\/"},"wordCount":1026,"commentCount":0,"image":{"@id":"https:\/\/super-news.info\/es\/clear-unilever-y-cristiano-ronaldo-animan-a-los-jovenes-a-mantener-su-cabeza-despejada\/#primaryimage"},"thumbnailUrl":"https:\/\/super-news.info\/es\/wp-content\/uploads\/sites\/4\/2019\/06\/Clear-Unilever-y-Cristiano-Ronaldo-animan-a-los-j\u00f3venes-a.jpg","articleSection":["NOTICIAS DE MARKETING DIGITAL"],"inLanguage":"en-US","potentialAction":[{"@type":"CommentAction","name":"Comment","target":["https:\/\/super-news.info\/es\/clear-unilever-y-cristiano-ronaldo-animan-a-los-jovenes-a-mantener-su-cabeza-despejada\/#respond"]}]},{"@type":"WebPage","@id":"https:\/\/super-news.info\/es\/clear-unilever-y-cristiano-ronaldo-animan-a-los-jovenes-a-mantener-su-cabeza-despejada\/","url":"https:\/\/super-news.info\/es\/clear-unilever-y-cristiano-ronaldo-animan-a-los-jovenes-a-mantener-su-cabeza-despejada\/","name":"Clear (Unilever) y Cristiano Ronaldo animan a los j\u00f3venes a mantener su cabeza \"despejada\" - Super News","isPartOf":{"@id":"https:\/\/super-news.info\/es\/#website"},"primaryImageOfPage":{"@id":"https:\/\/super-news.info\/es\/clear-unilever-y-cristiano-ronaldo-animan-a-los-jovenes-a-mantener-su-cabeza-despejada\/#primaryimage"},"image":{"@id":"https:\/\/super-news.info\/es\/clear-unilever-y-cristiano-ronaldo-animan-a-los-jovenes-a-mantener-su-cabeza-despejada\/#primaryimage"},"thumbnailUrl":"https:\/\/super-news.info\/es\/wp-content\/uploads\/sites\/4\/2019\/06\/Clear-Unilever-y-Cristiano-Ronaldo-animan-a-los-j\u00f3venes-a.jpg","datePublished":"2019-06-06T15:33:43+00:00","dateModified":"2019-06-06T15:33:44+00:00","author":{"@id":"https:\/\/super-news.info\/es\/#\/schema\/person\/2d4068cb2f39cd10008c2fce578a7356"},"breadcrumb":{"@id":"https:\/\/super-news.info\/es\/clear-unilever-y-cristiano-ronaldo-animan-a-los-jovenes-a-mantener-su-cabeza-despejada\/#breadcrumb"},"inLanguage":"en-US","potentialAction":[{"@type":"ReadAction","target":["https:\/\/super-news.info\/es\/clear-unilever-y-cristiano-ronaldo-animan-a-los-jovenes-a-mantener-su-cabeza-despejada\/"]}]},{"@type":"ImageObject","inLanguage":"en-US","@id":"https:\/\/super-news.info\/es\/clear-unilever-y-cristiano-ronaldo-animan-a-los-jovenes-a-mantener-su-cabeza-despejada\/#primaryimage","url":"https:\/\/super-news.info\/es\/wp-content\/uploads\/sites\/4\/2019\/06\/Clear-Unilever-y-Cristiano-Ronaldo-animan-a-los-j\u00f3venes-a.jpg","contentUrl":"https:\/\/super-news.info\/es\/wp-content\/uploads\/sites\/4\/2019\/06\/Clear-Unilever-y-Cristiano-Ronaldo-animan-a-los-j\u00f3venes-a.jpg","width":626,"height":364,"caption":"clear-cristiano"},{"@type":"BreadcrumbList","@id":"https:\/\/super-news.info\/es\/clear-unilever-y-cristiano-ronaldo-animan-a-los-jovenes-a-mantener-su-cabeza-despejada\/#breadcrumb","itemListElement":[{"@type":"ListItem","position":1,"name":"\u0413\u043b\u0430\u0432\u043d\u0430\u044f \u0441\u0442\u0440\u0430\u043d\u0438\u0446\u0430","item":"https:\/\/super-news.info\/es\/"},{"@type":"ListItem","position":2,"name":"Clear (Unilever) y Cristiano Ronaldo animan a los j\u00f3venes a mantener su cabeza &#8220;despejada&#8221;"}]},{"@type":"WebSite","@id":"https:\/\/super-news.info\/es\/#website","url":"https:\/\/super-news.info\/es\/","name":"Super News","description":"Super News Espa\u00f1a","potentialAction":[{"@type":"SearchAction","target":{"@type":"EntryPoint","urlTemplate":"https:\/\/super-news.info\/es\/?s={search_term_string}"},"query-input":{"@type":"PropertyValueSpecification","valueRequired":true,"valueName":"search_term_string"}}],"inLanguage":"en-US"},{"@type":"Person","@id":"https:\/\/super-news.info\/es\/#\/schema\/person\/2d4068cb2f39cd10008c2fce578a7356","name":"super-news","image":{"@type":"ImageObject","inLanguage":"en-US","@id":"https:\/\/secure.gravatar.com\/avatar\/64ebac40b93f26a154f8a9b5b6fdccfc46f442b26b3dd6756dbff3bf9dc76fd7?s=96&d=mm&r=g","url":"https:\/\/secure.gravatar.com\/avatar\/64ebac40b93f26a154f8a9b5b6fdccfc46f442b26b3dd6756dbff3bf9dc76fd7?s=96&d=mm&r=g","contentUrl":"https:\/\/secure.gravatar.com\/avatar\/64ebac40b93f26a154f8a9b5b6fdccfc46f442b26b3dd6756dbff3bf9dc76fd7?s=96&d=mm&r=g","caption":"super-news"},"url":"https:\/\/super-news.info\/es\/author\/pt\/"}]}},"_links":{"self":[{"href":"https:\/\/super-news.info\/es\/wp-json\/wp\/v2\/posts\/3295","targetHints":{"allow":["GET"]}}],"collection":[{"href":"https:\/\/super-news.info\/es\/wp-json\/wp\/v2\/posts"}],"about":[{"href":"https:\/\/super-news.info\/es\/wp-json\/wp\/v2\/types\/post"}],"author":[{"embeddable":true,"href":"https:\/\/super-news.info\/es\/wp-json\/wp\/v2\/users\/2"}],"replies":[{"embeddable":true,"href":"https:\/\/super-news.info\/es\/wp-json\/wp\/v2\/comments?post=3295"}],"version-history":[{"count":1,"href":"https:\/\/super-news.info\/es\/wp-json\/wp\/v2\/posts\/3295\/revisions"}],"predecessor-version":[{"id":3297,"href":"https:\/\/super-news.info\/es\/wp-json\/wp\/v2\/posts\/3295\/revisions\/3297"}],"wp:featuredmedia":[{"embeddable":true,"href":"https:\/\/super-news.info\/es\/wp-json\/wp\/v2\/media\/3296"}],"wp:attachment":[{"href":"https:\/\/super-news.info\/es\/wp-json\/wp\/v2\/media?parent=3295"}],"wp:term":[{"taxonomy":"category","embeddable":true,"href":"https:\/\/super-news.info\/es\/wp-json\/wp\/v2\/categories?post=3295"},{"taxonomy":"post_tag","embeddable":true,"href":"https:\/\/super-news.info\/es\/wp-json\/wp\/v2\/tags?post=3295"}],"curies":[{"name":"wp","href":"https:\/\/api.w.org\/{rel}","templated":true}]}}