{"id":3274,"date":"2019-06-06T13:55:47","date_gmt":"2019-06-06T10:55:47","guid":{"rendered":"https:\/\/super-news.info\/es\/para-tocar-las-puertas-del-cielo-marketero-las-marcas-deben-volar-a-bordo-de-la-creatividad\/"},"modified":"2020-02-21T18:28:15","modified_gmt":"2020-02-21T15:28:15","slug":"para-tocar-las-puertas-del-cielo-marketero-las-marcas-deben-volar-a-bordo-de-la-creatividad","status":"publish","type":"post","link":"https:\/\/super-news.info\/es\/para-tocar-las-puertas-del-cielo-marketero-las-marcas-deben-volar-a-bordo-de-la-creatividad\/","title":{"rendered":"Para tocar las puertas del cielo (marketero) las marcas deben volar a bordo de la creatividad"},"content":{"rendered":"<p>&#8220;La creatividad tiene que ser parte de la gesti\u00f3n de tu empresa. Si t\u00fa no la transformas, alguien vendr\u00e1 a hacerlo por ti&#8221;, asegura Pablo Juantegui (Telepizza).<\/p>\n<p>La <strong>creatividad<\/strong> es no s\u00f3lo la materia prima de trabajo de las agencias de publicidad. Tambi\u00e9n las marcas pueden y deben cabalgar a lomos de la creatividad para contagiarse de su beat\u00edfico influjo.<\/p>\n<p>En torno a la creatividad como fuerza transformadora de las empresas orbit\u00f3 precisamente la charla que mantuvieron ayer en la jornada inaugural del festival El Sol <strong>Pablo Juantegui<\/strong>, presidente y CEO de Grupo Telepizza, y<strong> Roland Schell<\/strong>, CEO de Mercedes-Benz.<\/p>\n<p>Desde el punto de vista de Juantegui <strong>\u201cla creatividad tiene que ser parte de la gesti\u00f3n de tu empresa. Si t\u00fa no la transformas, alguien vendr\u00e1 a hacerlo por ti\u201d<\/strong>.<\/p>\n<p>En un momento en que los anunciantes son confrontados con cambios constantes y la <strong>incertidumbre<\/strong> planea sobre todas y cada una de sus decisiones \u201cla creatividad es la clave para solucionar los retos\u201d, indic\u00f3 Schell.<\/p>\n<blockquote><p><strong>Sin creatividad no hay para\u00edso para las marcas<\/strong><\/p><\/blockquote>\n<p>Que la creatividad sea vital para las marcas es, por otra parte, totalmente compatible con el idilio que \u00e9stas mantienen desde hace tiempo con la tecnolog\u00eda. <strong>\u201cLa tecnolog\u00eda nos permite llegar a los consumidores de forma absolutamente personalizada. Nos puede permitir incluso predecir demandas\u201d<\/strong>, apunt\u00f3 Juantegui.<\/p>\n<p>A juicio del CEO del Grupo Telepizza la incertidumbre ha llegado lamentablemente para quedarse en la arena del marketing y la publicidad. Y en tiempos tan inciertos como complejos <strong>son necesarias a partes iguales las m\u00e1quinas y las personas<\/strong> (las que tienen, al fin y al cabo, la patente de corso sobre la creatividad). \u201cA medida que tenemos m\u00e1s m\u00e1quinas son m\u00e1s necesarios los humanos\u201d, se\u00f1al\u00f3.<\/p>\n<blockquote><p>Hablan sobre creatividad como fuerza transformadora de los grandes #anunciantes Pablo Juantegui CEO @telepizza_es y Roland Schell CEO de @MBenzEspana, ahora en #ElSol2019 pic.twitter.com\/VJEO98LaVK<\/p>\n<p>\u2014 Javier Piedrahita (@jpiedrahita) 5 de junio de 2019<\/p><\/blockquote>\n<p>Estrechamente emparentada con la creatividad (aquella que deber\u00eda ser amiga \u00edntima de las marcas) est\u00e1, por otra parte, la <strong>innovaci\u00f3n<\/strong>, esencial para sobrevivir en los tiempos inciertos que corren. Con la innovaci\u00f3n a su vera los anunciantes deben \u201centender no s\u00f3lo lo que quiere ahora el cliente sino lo que demandar\u00e1 en el futuro\u201d, subray\u00f3 Juantegui.<\/p>\n<p>En cuanto a los datos, los mismos que a veces ahogan en un pozo sin fondo a los anunciantes, Schell cree que <strong>\u201clo verdaderamente importante no son los datos sino lo que se hace con ellos\u201d<\/strong>. \u201cLa creatividad es saber interpretar los datos con el \u00faltimo objetivo de crear una mejora para el cliente\u201d, enfatiz\u00f3. Y con ese cliente hay que entablar una relaci\u00f3n \u201cone to one\u201d. Hoy en d\u00eda empresas y clientes est\u00e1n a la misma altura y se miran directamente a los ojos, recalc\u00f3 Schell.<\/p>\n<p>Juantegui y Schell pusieron el broche de oro a su charla endilgando tres adjetivos cada uno a la creatividad. <strong>Para Juantegui la creatividad es \u201clibre, l\u00edquida y valiente\u201d, mientras que Schell la define como \u201crelacional, adaptable y libre\u201d.<\/strong><\/p>\n<p>No te pierdas nada de MarketingDirecto.com y \u00fanete a nuestro Telegram t.me\/MarketingDirecto<\/p>\n<p><a href=\"https:\/\/www.marketingdirecto.com\/especiales\/el-sol\/para-tocar-puertas-cielo-marketero-marcas-deben-volar-bordo-creatividad\">Source link <\/a><\/p>\n","protected":false},"excerpt":{"rendered":"<p>&#8220;La creatividad tiene que ser parte de la gesti\u00f3n de tu empresa. Si t\u00fa no la transformas, alguien vendr\u00e1 a hacerlo por ti&#8221;, asegura Pablo Juantegui (Telepizza). La creatividad es no s\u00f3lo la materia prima de trabajo de las agencias de publicidad. Tambi\u00e9n las marcas pueden y deben cabalgar a lomos de la creatividad para [&hellip;]<\/p>\n","protected":false},"author":2,"featured_media":3275,"comment_status":"open","ping_status":"open","sticky":false,"template":"","format":"standard","meta":{"footnotes":""},"categories":[2],"tags":[],"class_list":["post-3274","post","type-post","status-publish","format-standard","has-post-thumbnail","hentry","category-noticias-de-marketing-digital"],"yoast_head":"<!-- This site is optimized with the Yoast SEO plugin v27.4 - https:\/\/yoast.com\/product\/yoast-seo-wordpress\/ -->\n<title>Para tocar las puertas del cielo (marketero) las marcas deben volar a bordo de la creatividad - Super News<\/title>\n<meta name=\"robots\" content=\"index, follow, max-snippet:-1, max-image-preview:large, max-video-preview:-1\" \/>\n<link rel=\"canonical\" href=\"https:\/\/super-news.info\/es\/para-tocar-las-puertas-del-cielo-marketero-las-marcas-deben-volar-a-bordo-de-la-creatividad\/\" \/>\n<meta property=\"og:locale\" content=\"en_US\" \/>\n<meta property=\"og:type\" content=\"article\" \/>\n<meta property=\"og:title\" content=\"Para tocar las puertas del cielo (marketero) las marcas deben volar a bordo de la creatividad - Super News\" \/>\n<meta property=\"og:description\" content=\"&#8220;La creatividad tiene que ser parte de la gesti\u00f3n de tu empresa. Si t\u00fa no la transformas, alguien vendr\u00e1 a hacerlo por ti&#8221;, asegura Pablo Juantegui (Telepizza). La creatividad es no s\u00f3lo la materia prima de trabajo de las agencias de publicidad. Tambi\u00e9n las marcas pueden y deben cabalgar a lomos de la creatividad para [&hellip;]\" \/>\n<meta property=\"og:url\" content=\"https:\/\/super-news.info\/es\/para-tocar-las-puertas-del-cielo-marketero-las-marcas-deben-volar-a-bordo-de-la-creatividad\/\" \/>\n<meta property=\"og:site_name\" content=\"Super News\" \/>\n<meta property=\"article:published_time\" content=\"2019-06-06T10:55:47+00:00\" \/>\n<meta property=\"article:modified_time\" content=\"2020-02-21T15:28:15+00:00\" \/>\n<meta property=\"og:image\" content=\"https:\/\/super-news.info\/es\/wp-content\/uploads\/sites\/4\/2019\/06\/Para-tocar-las-puertas-del-cielo-marketero-las-marcas-deben.jpg\" \/>\n\t<meta property=\"og:image:width\" content=\"626\" \/>\n\t<meta property=\"og:image:height\" content=\"364\" \/>\n\t<meta property=\"og:image:type\" content=\"image\/jpeg\" \/>\n<meta name=\"author\" content=\"super-news\" \/>\n<meta name=\"twitter:card\" content=\"summary_large_image\" \/>\n<meta name=\"twitter:label1\" content=\"Written by\" \/>\n\t<meta name=\"twitter:data1\" content=\"super-news\" \/>\n\t<meta name=\"twitter:label2\" content=\"Est. reading time\" \/>\n\t<meta name=\"twitter:data2\" content=\"3 minutes\" \/>\n<script type=\"application\/ld+json\" class=\"yoast-schema-graph\">{\"@context\":\"https:\\\/\\\/schema.org\",\"@graph\":[{\"@type\":\"Article\",\"@id\":\"https:\\\/\\\/super-news.info\\\/es\\\/para-tocar-las-puertas-del-cielo-marketero-las-marcas-deben-volar-a-bordo-de-la-creatividad\\\/#article\",\"isPartOf\":{\"@id\":\"https:\\\/\\\/super-news.info\\\/es\\\/para-tocar-las-puertas-del-cielo-marketero-las-marcas-deben-volar-a-bordo-de-la-creatividad\\\/\"},\"author\":{\"name\":\"super-news\",\"@id\":\"https:\\\/\\\/super-news.info\\\/es\\\/#\\\/schema\\\/person\\\/2d4068cb2f39cd10008c2fce578a7356\"},\"headline\":\"Para tocar las puertas del cielo (marketero) las marcas deben volar a bordo de la creatividad\",\"datePublished\":\"2019-06-06T10:55:47+00:00\",\"dateModified\":\"2020-02-21T15:28:15+00:00\",\"mainEntityOfPage\":{\"@id\":\"https:\\\/\\\/super-news.info\\\/es\\\/para-tocar-las-puertas-del-cielo-marketero-las-marcas-deben-volar-a-bordo-de-la-creatividad\\\/\"},\"wordCount\":555,\"commentCount\":0,\"image\":{\"@id\":\"https:\\\/\\\/super-news.info\\\/es\\\/para-tocar-las-puertas-del-cielo-marketero-las-marcas-deben-volar-a-bordo-de-la-creatividad\\\/#primaryimage\"},\"thumbnailUrl\":\"https:\\\/\\\/super-news.info\\\/es\\\/wp-content\\\/uploads\\\/sites\\\/4\\\/2019\\\/06\\\/Para-tocar-las-puertas-del-cielo-marketero-las-marcas-deben.jpg\",\"articleSection\":[\"NOTICIAS DE MARKETING DIGITAL\"],\"inLanguage\":\"en-US\",\"potentialAction\":[{\"@type\":\"CommentAction\",\"name\":\"Comment\",\"target\":[\"https:\\\/\\\/super-news.info\\\/es\\\/para-tocar-las-puertas-del-cielo-marketero-las-marcas-deben-volar-a-bordo-de-la-creatividad\\\/#respond\"]}]},{\"@type\":\"WebPage\",\"@id\":\"https:\\\/\\\/super-news.info\\\/es\\\/para-tocar-las-puertas-del-cielo-marketero-las-marcas-deben-volar-a-bordo-de-la-creatividad\\\/\",\"url\":\"https:\\\/\\\/super-news.info\\\/es\\\/para-tocar-las-puertas-del-cielo-marketero-las-marcas-deben-volar-a-bordo-de-la-creatividad\\\/\",\"name\":\"Para tocar las puertas del cielo (marketero) las marcas deben volar a bordo de la creatividad - Super News\",\"isPartOf\":{\"@id\":\"https:\\\/\\\/super-news.info\\\/es\\\/#website\"},\"primaryImageOfPage\":{\"@id\":\"https:\\\/\\\/super-news.info\\\/es\\\/para-tocar-las-puertas-del-cielo-marketero-las-marcas-deben-volar-a-bordo-de-la-creatividad\\\/#primaryimage\"},\"image\":{\"@id\":\"https:\\\/\\\/super-news.info\\\/es\\\/para-tocar-las-puertas-del-cielo-marketero-las-marcas-deben-volar-a-bordo-de-la-creatividad\\\/#primaryimage\"},\"thumbnailUrl\":\"https:\\\/\\\/super-news.info\\\/es\\\/wp-content\\\/uploads\\\/sites\\\/4\\\/2019\\\/06\\\/Para-tocar-las-puertas-del-cielo-marketero-las-marcas-deben.jpg\",\"datePublished\":\"2019-06-06T10:55:47+00:00\",\"dateModified\":\"2020-02-21T15:28:15+00:00\",\"author\":{\"@id\":\"https:\\\/\\\/super-news.info\\\/es\\\/#\\\/schema\\\/person\\\/2d4068cb2f39cd10008c2fce578a7356\"},\"breadcrumb\":{\"@id\":\"https:\\\/\\\/super-news.info\\\/es\\\/para-tocar-las-puertas-del-cielo-marketero-las-marcas-deben-volar-a-bordo-de-la-creatividad\\\/#breadcrumb\"},\"inLanguage\":\"en-US\",\"potentialAction\":[{\"@type\":\"ReadAction\",\"target\":[\"https:\\\/\\\/super-news.info\\\/es\\\/para-tocar-las-puertas-del-cielo-marketero-las-marcas-deben-volar-a-bordo-de-la-creatividad\\\/\"]}]},{\"@type\":\"ImageObject\",\"inLanguage\":\"en-US\",\"@id\":\"https:\\\/\\\/super-news.info\\\/es\\\/para-tocar-las-puertas-del-cielo-marketero-las-marcas-deben-volar-a-bordo-de-la-creatividad\\\/#primaryimage\",\"url\":\"https:\\\/\\\/super-news.info\\\/es\\\/wp-content\\\/uploads\\\/sites\\\/4\\\/2019\\\/06\\\/Para-tocar-las-puertas-del-cielo-marketero-las-marcas-deben.jpg\",\"contentUrl\":\"https:\\\/\\\/super-news.info\\\/es\\\/wp-content\\\/uploads\\\/sites\\\/4\\\/2019\\\/06\\\/Para-tocar-las-puertas-del-cielo-marketero-las-marcas-deben.jpg\",\"width\":626,\"height\":364,\"caption\":\"creatividad\"},{\"@type\":\"BreadcrumbList\",\"@id\":\"https:\\\/\\\/super-news.info\\\/es\\\/para-tocar-las-puertas-del-cielo-marketero-las-marcas-deben-volar-a-bordo-de-la-creatividad\\\/#breadcrumb\",\"itemListElement\":[{\"@type\":\"ListItem\",\"position\":1,\"name\":\"\u0413\u043b\u0430\u0432\u043d\u0430\u044f \u0441\u0442\u0440\u0430\u043d\u0438\u0446\u0430\",\"item\":\"https:\\\/\\\/super-news.info\\\/es\\\/\"},{\"@type\":\"ListItem\",\"position\":2,\"name\":\"Para tocar las puertas del cielo (marketero) las marcas deben volar a bordo de la creatividad\"}]},{\"@type\":\"WebSite\",\"@id\":\"https:\\\/\\\/super-news.info\\\/es\\\/#website\",\"url\":\"https:\\\/\\\/super-news.info\\\/es\\\/\",\"name\":\"Super News\",\"description\":\"Super News Espa\u00f1a\",\"potentialAction\":[{\"@type\":\"SearchAction\",\"target\":{\"@type\":\"EntryPoint\",\"urlTemplate\":\"https:\\\/\\\/super-news.info\\\/es\\\/?s={search_term_string}\"},\"query-input\":{\"@type\":\"PropertyValueSpecification\",\"valueRequired\":true,\"valueName\":\"search_term_string\"}}],\"inLanguage\":\"en-US\"},{\"@type\":\"Person\",\"@id\":\"https:\\\/\\\/super-news.info\\\/es\\\/#\\\/schema\\\/person\\\/2d4068cb2f39cd10008c2fce578a7356\",\"name\":\"super-news\",\"image\":{\"@type\":\"ImageObject\",\"inLanguage\":\"en-US\",\"@id\":\"https:\\\/\\\/secure.gravatar.com\\\/avatar\\\/64ebac40b93f26a154f8a9b5b6fdccfc46f442b26b3dd6756dbff3bf9dc76fd7?s=96&d=mm&r=g\",\"url\":\"https:\\\/\\\/secure.gravatar.com\\\/avatar\\\/64ebac40b93f26a154f8a9b5b6fdccfc46f442b26b3dd6756dbff3bf9dc76fd7?s=96&d=mm&r=g\",\"contentUrl\":\"https:\\\/\\\/secure.gravatar.com\\\/avatar\\\/64ebac40b93f26a154f8a9b5b6fdccfc46f442b26b3dd6756dbff3bf9dc76fd7?s=96&d=mm&r=g\",\"caption\":\"super-news\"},\"url\":\"https:\\\/\\\/super-news.info\\\/es\\\/author\\\/pt\\\/\"}]}<\/script>\n<!-- \/ Yoast SEO plugin. -->","yoast_head_json":{"title":"Para tocar las puertas del cielo (marketero) las marcas deben volar a bordo de la creatividad - Super News","robots":{"index":"index","follow":"follow","max-snippet":"max-snippet:-1","max-image-preview":"max-image-preview:large","max-video-preview":"max-video-preview:-1"},"canonical":"https:\/\/super-news.info\/es\/para-tocar-las-puertas-del-cielo-marketero-las-marcas-deben-volar-a-bordo-de-la-creatividad\/","og_locale":"en_US","og_type":"article","og_title":"Para tocar las puertas del cielo (marketero) las marcas deben volar a bordo de la creatividad - Super News","og_description":"&#8220;La creatividad tiene que ser parte de la gesti\u00f3n de tu empresa. Si t\u00fa no la transformas, alguien vendr\u00e1 a hacerlo por ti&#8221;, asegura Pablo Juantegui (Telepizza). La creatividad es no s\u00f3lo la materia prima de trabajo de las agencias de publicidad. Tambi\u00e9n las marcas pueden y deben cabalgar a lomos de la creatividad para [&hellip;]","og_url":"https:\/\/super-news.info\/es\/para-tocar-las-puertas-del-cielo-marketero-las-marcas-deben-volar-a-bordo-de-la-creatividad\/","og_site_name":"Super News","article_published_time":"2019-06-06T10:55:47+00:00","article_modified_time":"2020-02-21T15:28:15+00:00","og_image":[{"width":626,"height":364,"url":"https:\/\/super-news.info\/es\/wp-content\/uploads\/sites\/4\/2019\/06\/Para-tocar-las-puertas-del-cielo-marketero-las-marcas-deben.jpg","type":"image\/jpeg"}],"author":"super-news","twitter_card":"summary_large_image","twitter_misc":{"Written by":"super-news","Est. reading time":"3 minutes"},"schema":{"@context":"https:\/\/schema.org","@graph":[{"@type":"Article","@id":"https:\/\/super-news.info\/es\/para-tocar-las-puertas-del-cielo-marketero-las-marcas-deben-volar-a-bordo-de-la-creatividad\/#article","isPartOf":{"@id":"https:\/\/super-news.info\/es\/para-tocar-las-puertas-del-cielo-marketero-las-marcas-deben-volar-a-bordo-de-la-creatividad\/"},"author":{"name":"super-news","@id":"https:\/\/super-news.info\/es\/#\/schema\/person\/2d4068cb2f39cd10008c2fce578a7356"},"headline":"Para tocar las puertas del cielo (marketero) las marcas deben volar a bordo de la creatividad","datePublished":"2019-06-06T10:55:47+00:00","dateModified":"2020-02-21T15:28:15+00:00","mainEntityOfPage":{"@id":"https:\/\/super-news.info\/es\/para-tocar-las-puertas-del-cielo-marketero-las-marcas-deben-volar-a-bordo-de-la-creatividad\/"},"wordCount":555,"commentCount":0,"image":{"@id":"https:\/\/super-news.info\/es\/para-tocar-las-puertas-del-cielo-marketero-las-marcas-deben-volar-a-bordo-de-la-creatividad\/#primaryimage"},"thumbnailUrl":"https:\/\/super-news.info\/es\/wp-content\/uploads\/sites\/4\/2019\/06\/Para-tocar-las-puertas-del-cielo-marketero-las-marcas-deben.jpg","articleSection":["NOTICIAS DE MARKETING DIGITAL"],"inLanguage":"en-US","potentialAction":[{"@type":"CommentAction","name":"Comment","target":["https:\/\/super-news.info\/es\/para-tocar-las-puertas-del-cielo-marketero-las-marcas-deben-volar-a-bordo-de-la-creatividad\/#respond"]}]},{"@type":"WebPage","@id":"https:\/\/super-news.info\/es\/para-tocar-las-puertas-del-cielo-marketero-las-marcas-deben-volar-a-bordo-de-la-creatividad\/","url":"https:\/\/super-news.info\/es\/para-tocar-las-puertas-del-cielo-marketero-las-marcas-deben-volar-a-bordo-de-la-creatividad\/","name":"Para tocar las puertas del cielo (marketero) las marcas deben volar a bordo de la creatividad - Super News","isPartOf":{"@id":"https:\/\/super-news.info\/es\/#website"},"primaryImageOfPage":{"@id":"https:\/\/super-news.info\/es\/para-tocar-las-puertas-del-cielo-marketero-las-marcas-deben-volar-a-bordo-de-la-creatividad\/#primaryimage"},"image":{"@id":"https:\/\/super-news.info\/es\/para-tocar-las-puertas-del-cielo-marketero-las-marcas-deben-volar-a-bordo-de-la-creatividad\/#primaryimage"},"thumbnailUrl":"https:\/\/super-news.info\/es\/wp-content\/uploads\/sites\/4\/2019\/06\/Para-tocar-las-puertas-del-cielo-marketero-las-marcas-deben.jpg","datePublished":"2019-06-06T10:55:47+00:00","dateModified":"2020-02-21T15:28:15+00:00","author":{"@id":"https:\/\/super-news.info\/es\/#\/schema\/person\/2d4068cb2f39cd10008c2fce578a7356"},"breadcrumb":{"@id":"https:\/\/super-news.info\/es\/para-tocar-las-puertas-del-cielo-marketero-las-marcas-deben-volar-a-bordo-de-la-creatividad\/#breadcrumb"},"inLanguage":"en-US","potentialAction":[{"@type":"ReadAction","target":["https:\/\/super-news.info\/es\/para-tocar-las-puertas-del-cielo-marketero-las-marcas-deben-volar-a-bordo-de-la-creatividad\/"]}]},{"@type":"ImageObject","inLanguage":"en-US","@id":"https:\/\/super-news.info\/es\/para-tocar-las-puertas-del-cielo-marketero-las-marcas-deben-volar-a-bordo-de-la-creatividad\/#primaryimage","url":"https:\/\/super-news.info\/es\/wp-content\/uploads\/sites\/4\/2019\/06\/Para-tocar-las-puertas-del-cielo-marketero-las-marcas-deben.jpg","contentUrl":"https:\/\/super-news.info\/es\/wp-content\/uploads\/sites\/4\/2019\/06\/Para-tocar-las-puertas-del-cielo-marketero-las-marcas-deben.jpg","width":626,"height":364,"caption":"creatividad"},{"@type":"BreadcrumbList","@id":"https:\/\/super-news.info\/es\/para-tocar-las-puertas-del-cielo-marketero-las-marcas-deben-volar-a-bordo-de-la-creatividad\/#breadcrumb","itemListElement":[{"@type":"ListItem","position":1,"name":"\u0413\u043b\u0430\u0432\u043d\u0430\u044f \u0441\u0442\u0440\u0430\u043d\u0438\u0446\u0430","item":"https:\/\/super-news.info\/es\/"},{"@type":"ListItem","position":2,"name":"Para tocar las puertas del cielo (marketero) las marcas deben volar a bordo de la creatividad"}]},{"@type":"WebSite","@id":"https:\/\/super-news.info\/es\/#website","url":"https:\/\/super-news.info\/es\/","name":"Super News","description":"Super News Espa\u00f1a","potentialAction":[{"@type":"SearchAction","target":{"@type":"EntryPoint","urlTemplate":"https:\/\/super-news.info\/es\/?s={search_term_string}"},"query-input":{"@type":"PropertyValueSpecification","valueRequired":true,"valueName":"search_term_string"}}],"inLanguage":"en-US"},{"@type":"Person","@id":"https:\/\/super-news.info\/es\/#\/schema\/person\/2d4068cb2f39cd10008c2fce578a7356","name":"super-news","image":{"@type":"ImageObject","inLanguage":"en-US","@id":"https:\/\/secure.gravatar.com\/avatar\/64ebac40b93f26a154f8a9b5b6fdccfc46f442b26b3dd6756dbff3bf9dc76fd7?s=96&d=mm&r=g","url":"https:\/\/secure.gravatar.com\/avatar\/64ebac40b93f26a154f8a9b5b6fdccfc46f442b26b3dd6756dbff3bf9dc76fd7?s=96&d=mm&r=g","contentUrl":"https:\/\/secure.gravatar.com\/avatar\/64ebac40b93f26a154f8a9b5b6fdccfc46f442b26b3dd6756dbff3bf9dc76fd7?s=96&d=mm&r=g","caption":"super-news"},"url":"https:\/\/super-news.info\/es\/author\/pt\/"}]}},"_links":{"self":[{"href":"https:\/\/super-news.info\/es\/wp-json\/wp\/v2\/posts\/3274","targetHints":{"allow":["GET"]}}],"collection":[{"href":"https:\/\/super-news.info\/es\/wp-json\/wp\/v2\/posts"}],"about":[{"href":"https:\/\/super-news.info\/es\/wp-json\/wp\/v2\/types\/post"}],"author":[{"embeddable":true,"href":"https:\/\/super-news.info\/es\/wp-json\/wp\/v2\/users\/2"}],"replies":[{"embeddable":true,"href":"https:\/\/super-news.info\/es\/wp-json\/wp\/v2\/comments?post=3274"}],"version-history":[{"count":2,"href":"https:\/\/super-news.info\/es\/wp-json\/wp\/v2\/posts\/3274\/revisions"}],"predecessor-version":[{"id":11946,"href":"https:\/\/super-news.info\/es\/wp-json\/wp\/v2\/posts\/3274\/revisions\/11946"}],"wp:featuredmedia":[{"embeddable":true,"href":"https:\/\/super-news.info\/es\/wp-json\/wp\/v2\/media\/3275"}],"wp:attachment":[{"href":"https:\/\/super-news.info\/es\/wp-json\/wp\/v2\/media?parent=3274"}],"wp:term":[{"taxonomy":"category","embeddable":true,"href":"https:\/\/super-news.info\/es\/wp-json\/wp\/v2\/categories?post=3274"},{"taxonomy":"post_tag","embeddable":true,"href":"https:\/\/super-news.info\/es\/wp-json\/wp\/v2\/tags?post=3274"}],"curies":[{"name":"wp","href":"https:\/\/api.w.org\/{rel}","templated":true}]}}