{"id":2663,"date":"2019-05-29T15:52:43","date_gmt":"2019-05-29T12:52:43","guid":{"rendered":"https:\/\/super-news.info\/es\/calvino-responde-al-banco-de-espana-que-las-familias-que-no-llegan-a-fin-de-mes-no-pueden-ahorrar\/"},"modified":"2019-05-29T15:52:45","modified_gmt":"2019-05-29T12:52:45","slug":"calvino-responde-al-banco-de-espana-que-las-familias-que-no-llegan-a-fin-de-mes-no-pueden-ahorrar","status":"publish","type":"post","link":"https:\/\/super-news.info\/es\/calvino-responde-al-banco-de-espana-que-las-familias-que-no-llegan-a-fin-de-mes-no-pueden-ahorrar\/","title":{"rendered":"Calvi\u00f1o responde al Banco de Espa\u00f1a que las familias que no llegan a fin de mes &#8220;no pueden ahorrar&#8221;"},"content":{"rendered":"<p> [ad_1]<\/p>\n<div id=\"CuerpoNoticiav2\" itemprop=\"articleBody\">\n<!--inicio FechaNoticia--><\/p>\n<div class=\"FechaPublicacionNoticia\">Publicado 29\/05\/2019 12:40:01<abbr title=\"Central European Time\">CET<\/abbr><\/div>\n<p><!--fin FechaNoticia--><\/p>\n<h3 class=\"subsubhead\">Aboga por recuperar la renta disponible de los hogares para ir recuperando el nivel de ahorro de la econom\u00eda<\/h3>\n<p>   MADRID, 29 May. (EUROPA PRESS) &#8211; <\/p>\n<p itemprop=\"description\">   La ministra de Econom\u00eda y Empresa en funciones, Nadia Calvi\u00f1o, ha dicho este mi\u00e9rcoles que es &#8220;indudable&#8221; que se tiene que ir recuperando la renta disponible de las familias, tras las advertencias realizadas por el Banco de Espa\u00f1a sobre el &#8220;elevado optimismo&#8221; de los hogares en consumo y endeudamiento, si bien ha afirmado que &#8220;si una familia no puede llegar a final de mes, no puede ahorrar&#8221;. Tambi\u00e9n ha dicho que el problema del precio de los alquileres de vivienda no se resuelve con una medida &#8220;independiente&#8221;, y ha avanzado que se tomar\u00e1n nuevas medidas desde el lado de la oferta y la demanda.<\/p>\n<p>   As\u00ed lo ha se\u00f1alado en declaraciones a los periodistas tras clausurar la presentaci\u00f3n del libro &#8216;Una visi\u00f3n macroecon\u00f3mica de los 40 a\u00f1os de la Constituci\u00f3n Espa\u00f1ola, escrito por Jos\u00e9 Luis Malo de Molina, en la que Calvi\u00f1o ha subrayado la necesidad de recuperar la renta disponible de las familias, para lo que ha recordado que se han tomado medidas como el aumento del Salario M\u00ednimo, las pensiones, el salario de los funcionarios o las cotizaciones a la Seguridad Social.<\/p>\n<p>   &#8220;El dinamismo de la demanda interna juega un papel importante en el crecimiento econ\u00f3mico, que se mantiene robusto en la primera parte de 2019 gracias a la buena salud financiera de las familias&#8221;, ha apostillado Calvi\u00f1o, quien, no obstante, ve &#8220;indudable&#8221; que &#8220;se tiene que ir recuperando el nivel de ahorro de la econom\u00eda&#8221;.<\/p>\n<p>   En cualquier caso, ha recordado que en los \u00faltimos a\u00f1os se ha producido un proceso de desapalancamiento &#8220;tremendamente intenso&#8221; por parte del sector privado y de las familias y empresas, que tras el estallido de la crisis, supone un &#8220;saneamiento&#8221; de las balanzas financieras del pa\u00eds y una reducci\u00f3n del endeudamiento que &#8220;en un momento dado tendr\u00e1 que dar lugar a un aumento del ahorro&#8221;.<\/p>\n<p>   Sin embargo, ha remarcado que &#8220;si una familia no puede llegar a final de mes, no puede ahorrar&#8221;, por lo que ha insistido en que el crecimiento econ\u00f3mico debe &#8220;llegar a todos&#8221;, con medidas como el aumento del SMI.<\/p>\n<h2 class=\"ladillo\">NO HAY IMPACTO &#8220;SIGNIFICATIVO&#8221; DE LA SUBIDA DEL SMI EN EL EMPLEO<\/h2>\n<p>   Sobre el impacto de esta medida en el empleo, que el Banco de Espa\u00f1a ve &#8220;prematuro&#8221; poder descartar, Calvi\u00f1o ha abogado por la &#8220;prudencia&#8221; y por seguir &#8220;de cerca&#8221; la evoluci\u00f3n del mercado laboral y los &#8220;posibles impactos&#8221;, frente a los &#8220;agoreros que dec\u00edan que e iban a destruir cientos de miles de empleos inmediatamente&#8221;.<\/p>\n<p>   De hecho, Calvi\u00f1o ha vuelto a afirmar que &#8220;por el momento no se ha apreciado impacto material significativo&#8221; sobre la creaci\u00f3n de empleo, que contin\u00faa con un ritmo &#8220;muy importante&#8221; en el primer trimestre, con unas tasas interanuales pr\u00f3ximas al 3%.<\/p>\n<p>   La titular de Econom\u00eda en funciones ha defendido la &#8220;necesidad&#8221; de recuperar el nivel del SMI y mejorar las condiciones adquisitivas de los trabajadores, m\u00e1xime cuando una parte significativa de los perceptores del SMI son mujeres, motivo por el que la subida era &#8220;obligada&#8221; con el fin de luchar contra la desigualdad de g\u00e9nero y para alinearse a la media de los pa\u00edses de la OCDE.<\/p>\n<p>   &#8220;Todos tenemos que ser responsables y prudentes, sin correr a conclusiones apresuradas a la hora de evaluar el impacto de las medidas&#8221;, ha agregado, recordando que &#8220;los modelos econ\u00f3micos no son un\u00e1nimes en sus conclusiones&#8221;.<\/p>\n<h2 class=\"ladillo\">NUEVAS MEDIDAS PARA EL ALQUILER DE VIVIENDA<\/h2>\n<p>   Preguntada tambi\u00e9n sobre el rechazo mostrado por el Banco de Espa\u00f1a en su informe anual de 2018 a la intervenci\u00f3n de los precios del alquiler, Calvi\u00f1o ha indicado que &#8220;el asunto es complejo y no se puede resolver con una medida independiente&#8221;.<\/p>\n<p>   Seg\u00fan Calvi\u00f1o, el Gobierno quiere asegurar que todos los ciudadanos pueden acceder a una vivienda en propiedad o especialmente los j\u00f3venes a alquileres que les permitan tener una perspectiva de emancipaci\u00f3n y establecer un futuro con &#8220;un sueldo suficiente y un acceso a una vivienda digna en condiciones aceptables&#8221;.<\/p>\n<p>   Por ello, ha recordado que se han puesto en marcha distintas medidas y ha avanzado que el Ejecutivo ir\u00e1 desarrollando una serie de actuaciones para mejorar el acceso de los j\u00f3venes a alquileres &#8220;accesibles o en niveles que se correspondan con la capacidad adquisitiva de las familias&#8221;, lo que requiere actuaciones desde la perspectiva de la oferta, la demanda y a nivel nacional, auton\u00f3mico y local.<\/p>\n<\/div>\n<p>[ad_2]<br \/>\n<br \/><a href=\"https:\/\/www.europapress.es\/economia\/macroeconomia-00338\/noticia-calvino-responde-banco-espana-familias-no-llegan-fin-mes-no-pueden-ahorrar-20190529124001.html\">Source link <\/a><\/p>\n","protected":false},"excerpt":{"rendered":"<p>[ad_1] Publicado 29\/05\/2019 12:40:01CET Aboga por recuperar la renta disponible de los hogares para ir recuperando el nivel de ahorro de la econom\u00eda MADRID, 29 May. (EUROPA PRESS) &#8211; La ministra de Econom\u00eda y Empresa en funciones, Nadia Calvi\u00f1o, ha dicho este mi\u00e9rcoles que es &#8220;indudable&#8221; que se tiene que ir recuperando la renta disponible [&hellip;]<\/p>\n","protected":false},"author":2,"featured_media":2664,"comment_status":"open","ping_status":"open","sticky":false,"template":"","format":"standard","meta":{"footnotes":""},"categories":[1],"tags":[],"class_list":["post-2663","post","type-post","status-publish","format-standard","has-post-thumbnail","hentry","category-noticias-financieras"],"yoast_head":"<!-- This site is optimized with the Yoast SEO plugin v27.4 - https:\/\/yoast.com\/product\/yoast-seo-wordpress\/ -->\n<title>Calvi\u00f1o responde al Banco de Espa\u00f1a que las familias que no llegan a fin de mes &quot;no pueden ahorrar&quot; - Super News<\/title>\n<meta name=\"robots\" content=\"index, follow, max-snippet:-1, max-image-preview:large, max-video-preview:-1\" \/>\n<link rel=\"canonical\" href=\"https:\/\/super-news.info\/es\/calvino-responde-al-banco-de-espana-que-las-familias-que-no-llegan-a-fin-de-mes-no-pueden-ahorrar\/\" \/>\n<meta property=\"og:locale\" content=\"en_US\" \/>\n<meta property=\"og:type\" content=\"article\" \/>\n<meta property=\"og:title\" content=\"Calvi\u00f1o responde al Banco de Espa\u00f1a que las familias que no llegan a fin de mes &quot;no pueden ahorrar&quot; - Super News\" \/>\n<meta property=\"og:description\" content=\"[ad_1] Publicado 29\/05\/2019 12:40:01CET Aboga por recuperar la renta disponible de los hogares para ir recuperando el nivel de ahorro de la econom\u00eda MADRID, 29 May. (EUROPA PRESS) &#8211; La ministra de Econom\u00eda y Empresa en funciones, Nadia Calvi\u00f1o, ha dicho este mi\u00e9rcoles que es &#8220;indudable&#8221; que se tiene que ir recuperando la renta disponible [&hellip;]\" \/>\n<meta property=\"og:url\" content=\"https:\/\/super-news.info\/es\/calvino-responde-al-banco-de-espana-que-las-familias-que-no-llegan-a-fin-de-mes-no-pueden-ahorrar\/\" \/>\n<meta property=\"og:site_name\" content=\"Super News\" \/>\n<meta property=\"article:published_time\" content=\"2019-05-29T12:52:43+00:00\" \/>\n<meta property=\"article:modified_time\" content=\"2019-05-29T12:52:45+00:00\" \/>\n<meta property=\"og:image\" content=\"https:\/\/super-news.info\/es\/wp-content\/uploads\/sites\/4\/2019\/05\/Calvi\u00f1o-responde-al-Banco-de-Espa\u00f1a-que-las-familias-que.jpg\" \/>\n\t<meta property=\"og:image:width\" content=\"120\" \/>\n\t<meta property=\"og:image:height\" content=\"80\" \/>\n\t<meta property=\"og:image:type\" content=\"image\/jpeg\" \/>\n<meta name=\"author\" content=\"super-news\" \/>\n<meta name=\"twitter:card\" content=\"summary_large_image\" \/>\n<meta name=\"twitter:label1\" content=\"Written by\" \/>\n\t<meta name=\"twitter:data1\" content=\"super-news\" \/>\n\t<meta name=\"twitter:label2\" content=\"Est. reading time\" \/>\n\t<meta name=\"twitter:data2\" content=\"4 minutes\" \/>\n<script type=\"application\/ld+json\" class=\"yoast-schema-graph\">{\"@context\":\"https:\\\/\\\/schema.org\",\"@graph\":[{\"@type\":\"Article\",\"@id\":\"https:\\\/\\\/super-news.info\\\/es\\\/calvino-responde-al-banco-de-espana-que-las-familias-que-no-llegan-a-fin-de-mes-no-pueden-ahorrar\\\/#article\",\"isPartOf\":{\"@id\":\"https:\\\/\\\/super-news.info\\\/es\\\/calvino-responde-al-banco-de-espana-que-las-familias-que-no-llegan-a-fin-de-mes-no-pueden-ahorrar\\\/\"},\"author\":{\"name\":\"super-news\",\"@id\":\"https:\\\/\\\/super-news.info\\\/es\\\/#\\\/schema\\\/person\\\/2d4068cb2f39cd10008c2fce578a7356\"},\"headline\":\"Calvi\u00f1o responde al Banco de Espa\u00f1a que las familias que no llegan a fin de mes &#8220;no pueden ahorrar&#8221;\",\"datePublished\":\"2019-05-29T12:52:43+00:00\",\"dateModified\":\"2019-05-29T12:52:45+00:00\",\"mainEntityOfPage\":{\"@id\":\"https:\\\/\\\/super-news.info\\\/es\\\/calvino-responde-al-banco-de-espana-que-las-familias-que-no-llegan-a-fin-de-mes-no-pueden-ahorrar\\\/\"},\"wordCount\":808,\"commentCount\":0,\"image\":{\"@id\":\"https:\\\/\\\/super-news.info\\\/es\\\/calvino-responde-al-banco-de-espana-que-las-familias-que-no-llegan-a-fin-de-mes-no-pueden-ahorrar\\\/#primaryimage\"},\"thumbnailUrl\":\"https:\\\/\\\/super-news.info\\\/es\\\/wp-content\\\/uploads\\\/sites\\\/4\\\/2019\\\/05\\\/Calvi\u00f1o-responde-al-Banco-de-Espa\u00f1a-que-las-familias-que.jpg\",\"articleSection\":[\"NOTICIAS FINANCIERAS\"],\"inLanguage\":\"en-US\",\"potentialAction\":[{\"@type\":\"CommentAction\",\"name\":\"Comment\",\"target\":[\"https:\\\/\\\/super-news.info\\\/es\\\/calvino-responde-al-banco-de-espana-que-las-familias-que-no-llegan-a-fin-de-mes-no-pueden-ahorrar\\\/#respond\"]}]},{\"@type\":\"WebPage\",\"@id\":\"https:\\\/\\\/super-news.info\\\/es\\\/calvino-responde-al-banco-de-espana-que-las-familias-que-no-llegan-a-fin-de-mes-no-pueden-ahorrar\\\/\",\"url\":\"https:\\\/\\\/super-news.info\\\/es\\\/calvino-responde-al-banco-de-espana-que-las-familias-que-no-llegan-a-fin-de-mes-no-pueden-ahorrar\\\/\",\"name\":\"Calvi\u00f1o responde al Banco de Espa\u00f1a que las familias que no llegan a fin de mes \\\"no pueden ahorrar\\\" - Super News\",\"isPartOf\":{\"@id\":\"https:\\\/\\\/super-news.info\\\/es\\\/#website\"},\"primaryImageOfPage\":{\"@id\":\"https:\\\/\\\/super-news.info\\\/es\\\/calvino-responde-al-banco-de-espana-que-las-familias-que-no-llegan-a-fin-de-mes-no-pueden-ahorrar\\\/#primaryimage\"},\"image\":{\"@id\":\"https:\\\/\\\/super-news.info\\\/es\\\/calvino-responde-al-banco-de-espana-que-las-familias-que-no-llegan-a-fin-de-mes-no-pueden-ahorrar\\\/#primaryimage\"},\"thumbnailUrl\":\"https:\\\/\\\/super-news.info\\\/es\\\/wp-content\\\/uploads\\\/sites\\\/4\\\/2019\\\/05\\\/Calvi\u00f1o-responde-al-Banco-de-Espa\u00f1a-que-las-familias-que.jpg\",\"datePublished\":\"2019-05-29T12:52:43+00:00\",\"dateModified\":\"2019-05-29T12:52:45+00:00\",\"author\":{\"@id\":\"https:\\\/\\\/super-news.info\\\/es\\\/#\\\/schema\\\/person\\\/2d4068cb2f39cd10008c2fce578a7356\"},\"breadcrumb\":{\"@id\":\"https:\\\/\\\/super-news.info\\\/es\\\/calvino-responde-al-banco-de-espana-que-las-familias-que-no-llegan-a-fin-de-mes-no-pueden-ahorrar\\\/#breadcrumb\"},\"inLanguage\":\"en-US\",\"potentialAction\":[{\"@type\":\"ReadAction\",\"target\":[\"https:\\\/\\\/super-news.info\\\/es\\\/calvino-responde-al-banco-de-espana-que-las-familias-que-no-llegan-a-fin-de-mes-no-pueden-ahorrar\\\/\"]}]},{\"@type\":\"ImageObject\",\"inLanguage\":\"en-US\",\"@id\":\"https:\\\/\\\/super-news.info\\\/es\\\/calvino-responde-al-banco-de-espana-que-las-familias-que-no-llegan-a-fin-de-mes-no-pueden-ahorrar\\\/#primaryimage\",\"url\":\"https:\\\/\\\/super-news.info\\\/es\\\/wp-content\\\/uploads\\\/sites\\\/4\\\/2019\\\/05\\\/Calvi\u00f1o-responde-al-Banco-de-Espa\u00f1a-que-las-familias-que.jpg\",\"contentUrl\":\"https:\\\/\\\/super-news.info\\\/es\\\/wp-content\\\/uploads\\\/sites\\\/4\\\/2019\\\/05\\\/Calvi\u00f1o-responde-al-Banco-de-Espa\u00f1a-que-las-familias-que.jpg\",\"width\":120,\"height\":80,\"caption\":\"Calvi\u00f1o responde al Banco de Espa\u00f1a que las familias que no llegan a fin de mes \\\"no pueden ahorrar\\\"\"},{\"@type\":\"BreadcrumbList\",\"@id\":\"https:\\\/\\\/super-news.info\\\/es\\\/calvino-responde-al-banco-de-espana-que-las-familias-que-no-llegan-a-fin-de-mes-no-pueden-ahorrar\\\/#breadcrumb\",\"itemListElement\":[{\"@type\":\"ListItem\",\"position\":1,\"name\":\"\u0413\u043b\u0430\u0432\u043d\u0430\u044f \u0441\u0442\u0440\u0430\u043d\u0438\u0446\u0430\",\"item\":\"https:\\\/\\\/super-news.info\\\/es\\\/\"},{\"@type\":\"ListItem\",\"position\":2,\"name\":\"Calvi\u00f1o responde al Banco de Espa\u00f1a que las familias que no llegan a fin de mes &#8220;no pueden ahorrar&#8221;\"}]},{\"@type\":\"WebSite\",\"@id\":\"https:\\\/\\\/super-news.info\\\/es\\\/#website\",\"url\":\"https:\\\/\\\/super-news.info\\\/es\\\/\",\"name\":\"Super News\",\"description\":\"Super News Espa\u00f1a\",\"potentialAction\":[{\"@type\":\"SearchAction\",\"target\":{\"@type\":\"EntryPoint\",\"urlTemplate\":\"https:\\\/\\\/super-news.info\\\/es\\\/?s={search_term_string}\"},\"query-input\":{\"@type\":\"PropertyValueSpecification\",\"valueRequired\":true,\"valueName\":\"search_term_string\"}}],\"inLanguage\":\"en-US\"},{\"@type\":\"Person\",\"@id\":\"https:\\\/\\\/super-news.info\\\/es\\\/#\\\/schema\\\/person\\\/2d4068cb2f39cd10008c2fce578a7356\",\"name\":\"super-news\",\"image\":{\"@type\":\"ImageObject\",\"inLanguage\":\"en-US\",\"@id\":\"https:\\\/\\\/secure.gravatar.com\\\/avatar\\\/64ebac40b93f26a154f8a9b5b6fdccfc46f442b26b3dd6756dbff3bf9dc76fd7?s=96&d=mm&r=g\",\"url\":\"https:\\\/\\\/secure.gravatar.com\\\/avatar\\\/64ebac40b93f26a154f8a9b5b6fdccfc46f442b26b3dd6756dbff3bf9dc76fd7?s=96&d=mm&r=g\",\"contentUrl\":\"https:\\\/\\\/secure.gravatar.com\\\/avatar\\\/64ebac40b93f26a154f8a9b5b6fdccfc46f442b26b3dd6756dbff3bf9dc76fd7?s=96&d=mm&r=g\",\"caption\":\"super-news\"},\"url\":\"https:\\\/\\\/super-news.info\\\/es\\\/author\\\/pt\\\/\"}]}<\/script>\n<!-- \/ Yoast SEO plugin. -->","yoast_head_json":{"title":"Calvi\u00f1o responde al Banco de Espa\u00f1a que las familias que no llegan a fin de mes \"no pueden ahorrar\" - Super News","robots":{"index":"index","follow":"follow","max-snippet":"max-snippet:-1","max-image-preview":"max-image-preview:large","max-video-preview":"max-video-preview:-1"},"canonical":"https:\/\/super-news.info\/es\/calvino-responde-al-banco-de-espana-que-las-familias-que-no-llegan-a-fin-de-mes-no-pueden-ahorrar\/","og_locale":"en_US","og_type":"article","og_title":"Calvi\u00f1o responde al Banco de Espa\u00f1a que las familias que no llegan a fin de mes \"no pueden ahorrar\" - Super News","og_description":"[ad_1] Publicado 29\/05\/2019 12:40:01CET Aboga por recuperar la renta disponible de los hogares para ir recuperando el nivel de ahorro de la econom\u00eda MADRID, 29 May. (EUROPA PRESS) &#8211; La ministra de Econom\u00eda y Empresa en funciones, Nadia Calvi\u00f1o, ha dicho este mi\u00e9rcoles que es &#8220;indudable&#8221; que se tiene que ir recuperando la renta disponible [&hellip;]","og_url":"https:\/\/super-news.info\/es\/calvino-responde-al-banco-de-espana-que-las-familias-que-no-llegan-a-fin-de-mes-no-pueden-ahorrar\/","og_site_name":"Super News","article_published_time":"2019-05-29T12:52:43+00:00","article_modified_time":"2019-05-29T12:52:45+00:00","og_image":[{"width":120,"height":80,"url":"https:\/\/super-news.info\/es\/wp-content\/uploads\/sites\/4\/2019\/05\/Calvi\u00f1o-responde-al-Banco-de-Espa\u00f1a-que-las-familias-que.jpg","type":"image\/jpeg"}],"author":"super-news","twitter_card":"summary_large_image","twitter_misc":{"Written by":"super-news","Est. reading time":"4 minutes"},"schema":{"@context":"https:\/\/schema.org","@graph":[{"@type":"Article","@id":"https:\/\/super-news.info\/es\/calvino-responde-al-banco-de-espana-que-las-familias-que-no-llegan-a-fin-de-mes-no-pueden-ahorrar\/#article","isPartOf":{"@id":"https:\/\/super-news.info\/es\/calvino-responde-al-banco-de-espana-que-las-familias-que-no-llegan-a-fin-de-mes-no-pueden-ahorrar\/"},"author":{"name":"super-news","@id":"https:\/\/super-news.info\/es\/#\/schema\/person\/2d4068cb2f39cd10008c2fce578a7356"},"headline":"Calvi\u00f1o responde al Banco de Espa\u00f1a que las familias que no llegan a fin de mes &#8220;no pueden ahorrar&#8221;","datePublished":"2019-05-29T12:52:43+00:00","dateModified":"2019-05-29T12:52:45+00:00","mainEntityOfPage":{"@id":"https:\/\/super-news.info\/es\/calvino-responde-al-banco-de-espana-que-las-familias-que-no-llegan-a-fin-de-mes-no-pueden-ahorrar\/"},"wordCount":808,"commentCount":0,"image":{"@id":"https:\/\/super-news.info\/es\/calvino-responde-al-banco-de-espana-que-las-familias-que-no-llegan-a-fin-de-mes-no-pueden-ahorrar\/#primaryimage"},"thumbnailUrl":"https:\/\/super-news.info\/es\/wp-content\/uploads\/sites\/4\/2019\/05\/Calvi\u00f1o-responde-al-Banco-de-Espa\u00f1a-que-las-familias-que.jpg","articleSection":["NOTICIAS FINANCIERAS"],"inLanguage":"en-US","potentialAction":[{"@type":"CommentAction","name":"Comment","target":["https:\/\/super-news.info\/es\/calvino-responde-al-banco-de-espana-que-las-familias-que-no-llegan-a-fin-de-mes-no-pueden-ahorrar\/#respond"]}]},{"@type":"WebPage","@id":"https:\/\/super-news.info\/es\/calvino-responde-al-banco-de-espana-que-las-familias-que-no-llegan-a-fin-de-mes-no-pueden-ahorrar\/","url":"https:\/\/super-news.info\/es\/calvino-responde-al-banco-de-espana-que-las-familias-que-no-llegan-a-fin-de-mes-no-pueden-ahorrar\/","name":"Calvi\u00f1o responde al Banco de Espa\u00f1a que las familias que no llegan a fin de mes \"no pueden ahorrar\" - Super News","isPartOf":{"@id":"https:\/\/super-news.info\/es\/#website"},"primaryImageOfPage":{"@id":"https:\/\/super-news.info\/es\/calvino-responde-al-banco-de-espana-que-las-familias-que-no-llegan-a-fin-de-mes-no-pueden-ahorrar\/#primaryimage"},"image":{"@id":"https:\/\/super-news.info\/es\/calvino-responde-al-banco-de-espana-que-las-familias-que-no-llegan-a-fin-de-mes-no-pueden-ahorrar\/#primaryimage"},"thumbnailUrl":"https:\/\/super-news.info\/es\/wp-content\/uploads\/sites\/4\/2019\/05\/Calvi\u00f1o-responde-al-Banco-de-Espa\u00f1a-que-las-familias-que.jpg","datePublished":"2019-05-29T12:52:43+00:00","dateModified":"2019-05-29T12:52:45+00:00","author":{"@id":"https:\/\/super-news.info\/es\/#\/schema\/person\/2d4068cb2f39cd10008c2fce578a7356"},"breadcrumb":{"@id":"https:\/\/super-news.info\/es\/calvino-responde-al-banco-de-espana-que-las-familias-que-no-llegan-a-fin-de-mes-no-pueden-ahorrar\/#breadcrumb"},"inLanguage":"en-US","potentialAction":[{"@type":"ReadAction","target":["https:\/\/super-news.info\/es\/calvino-responde-al-banco-de-espana-que-las-familias-que-no-llegan-a-fin-de-mes-no-pueden-ahorrar\/"]}]},{"@type":"ImageObject","inLanguage":"en-US","@id":"https:\/\/super-news.info\/es\/calvino-responde-al-banco-de-espana-que-las-familias-que-no-llegan-a-fin-de-mes-no-pueden-ahorrar\/#primaryimage","url":"https:\/\/super-news.info\/es\/wp-content\/uploads\/sites\/4\/2019\/05\/Calvi\u00f1o-responde-al-Banco-de-Espa\u00f1a-que-las-familias-que.jpg","contentUrl":"https:\/\/super-news.info\/es\/wp-content\/uploads\/sites\/4\/2019\/05\/Calvi\u00f1o-responde-al-Banco-de-Espa\u00f1a-que-las-familias-que.jpg","width":120,"height":80,"caption":"Calvi\u00f1o responde al Banco de Espa\u00f1a que las familias que no llegan a fin de mes \"no pueden ahorrar\""},{"@type":"BreadcrumbList","@id":"https:\/\/super-news.info\/es\/calvino-responde-al-banco-de-espana-que-las-familias-que-no-llegan-a-fin-de-mes-no-pueden-ahorrar\/#breadcrumb","itemListElement":[{"@type":"ListItem","position":1,"name":"\u0413\u043b\u0430\u0432\u043d\u0430\u044f \u0441\u0442\u0440\u0430\u043d\u0438\u0446\u0430","item":"https:\/\/super-news.info\/es\/"},{"@type":"ListItem","position":2,"name":"Calvi\u00f1o responde al Banco de Espa\u00f1a que las familias que no llegan a fin de mes &#8220;no pueden ahorrar&#8221;"}]},{"@type":"WebSite","@id":"https:\/\/super-news.info\/es\/#website","url":"https:\/\/super-news.info\/es\/","name":"Super News","description":"Super News Espa\u00f1a","potentialAction":[{"@type":"SearchAction","target":{"@type":"EntryPoint","urlTemplate":"https:\/\/super-news.info\/es\/?s={search_term_string}"},"query-input":{"@type":"PropertyValueSpecification","valueRequired":true,"valueName":"search_term_string"}}],"inLanguage":"en-US"},{"@type":"Person","@id":"https:\/\/super-news.info\/es\/#\/schema\/person\/2d4068cb2f39cd10008c2fce578a7356","name":"super-news","image":{"@type":"ImageObject","inLanguage":"en-US","@id":"https:\/\/secure.gravatar.com\/avatar\/64ebac40b93f26a154f8a9b5b6fdccfc46f442b26b3dd6756dbff3bf9dc76fd7?s=96&d=mm&r=g","url":"https:\/\/secure.gravatar.com\/avatar\/64ebac40b93f26a154f8a9b5b6fdccfc46f442b26b3dd6756dbff3bf9dc76fd7?s=96&d=mm&r=g","contentUrl":"https:\/\/secure.gravatar.com\/avatar\/64ebac40b93f26a154f8a9b5b6fdccfc46f442b26b3dd6756dbff3bf9dc76fd7?s=96&d=mm&r=g","caption":"super-news"},"url":"https:\/\/super-news.info\/es\/author\/pt\/"}]}},"_links":{"self":[{"href":"https:\/\/super-news.info\/es\/wp-json\/wp\/v2\/posts\/2663","targetHints":{"allow":["GET"]}}],"collection":[{"href":"https:\/\/super-news.info\/es\/wp-json\/wp\/v2\/posts"}],"about":[{"href":"https:\/\/super-news.info\/es\/wp-json\/wp\/v2\/types\/post"}],"author":[{"embeddable":true,"href":"https:\/\/super-news.info\/es\/wp-json\/wp\/v2\/users\/2"}],"replies":[{"embeddable":true,"href":"https:\/\/super-news.info\/es\/wp-json\/wp\/v2\/comments?post=2663"}],"version-history":[{"count":1,"href":"https:\/\/super-news.info\/es\/wp-json\/wp\/v2\/posts\/2663\/revisions"}],"predecessor-version":[{"id":2665,"href":"https:\/\/super-news.info\/es\/wp-json\/wp\/v2\/posts\/2663\/revisions\/2665"}],"wp:featuredmedia":[{"embeddable":true,"href":"https:\/\/super-news.info\/es\/wp-json\/wp\/v2\/media\/2664"}],"wp:attachment":[{"href":"https:\/\/super-news.info\/es\/wp-json\/wp\/v2\/media?parent=2663"}],"wp:term":[{"taxonomy":"category","embeddable":true,"href":"https:\/\/super-news.info\/es\/wp-json\/wp\/v2\/categories?post=2663"},{"taxonomy":"post_tag","embeddable":true,"href":"https:\/\/super-news.info\/es\/wp-json\/wp\/v2\/tags?post=2663"}],"curies":[{"name":"wp","href":"https:\/\/api.w.org\/{rel}","templated":true}]}}