{"id":2585,"date":"2019-05-28T16:01:37","date_gmt":"2019-05-28T13:01:37","guid":{"rendered":"https:\/\/super-news.info\/es\/calvino-promete-transponer-las-directivas-sobre-seguros-y-fondos-de-pensiones-una-vez-se-forme-el-gobierno\/"},"modified":"2019-05-28T16:01:38","modified_gmt":"2019-05-28T13:01:38","slug":"calvino-promete-transponer-las-directivas-sobre-seguros-y-fondos-de-pensiones-una-vez-se-forme-el-gobierno","status":"publish","type":"post","link":"https:\/\/super-news.info\/es\/calvino-promete-transponer-las-directivas-sobre-seguros-y-fondos-de-pensiones-una-vez-se-forme-el-gobierno\/","title":{"rendered":"Calvi\u00f1o promete transponer las directivas sobre seguros y fondos de pensiones una vez se forme el Gobierno"},"content":{"rendered":"<p> [ad_1]<\/p>\n<div id=\"CuerpoNoticiav2\" itemprop=\"articleBody\">\n<!--inicio FechaNoticia--><\/p>\n<div class=\"FechaPublicacionNoticia\">Publicado 28\/05\/2019 14:18:01<abbr title=\"Central European Time\">CET<\/abbr><\/div>\n<p><!--fin FechaNoticia--><\/p>\n<p>MADRID, 28 May. (EUROPA PRESS) &#8211; <\/p>\n<p itemprop=\"description\">   La ministra de Econom\u00eda y Empresa, Nadia Calvi\u00f1o, se ha comprometido a transponer las directivas europeas sobre distribuci\u00f3n de seguros y de fondos de pensiones una vez se logre formar el nuevo Gobierno.<\/p>\n<p>   As\u00ed lo ha indicado la titular de la cartera econ\u00f3mica del Ejecutivo durante su intervenci\u00f3n en la clausura de la asamblea general ordinaria de la patronal del sector asegurador Unespa, asegurando que son textos lo &#8220;suficientemente importantes&#8221; como para dedicarles el tiempo que necesitan, a la vez que ha lamentado que en la pasada legislatura no diera tiempo de culminarlos al contar con apenas once meses.<\/p>\n<p>   Adem\u00e1s de transponer estas directivas, que considera necesarias para mejorar la transparencia y la comparabilidad a los asegurados e inversores minoristas, y para reforzar los mecanismos de supervisi\u00f3n macroprudencial, Calvi\u00f1o ha se\u00f1alado que otra de sus prioridades ser\u00e1 llevar a cabo el desarrollo normativo para establecer el &#8216;sandbox&#8217; para fintech.<\/p>\n<p>   &#8220;La Comisi\u00f3n Nacional del Mercado de Valores (CNMV) tendr\u00e1 que emplearse a fondo para empezar a hacer pruebas con la introducci\u00f3n de nuevas tecnolog\u00edas en el sector financiero, incluyendo el seguro, que permita una plena seguridad y estabilidad&#8221;, ha dicho la ministra.<\/p>\n<p>   Tambi\u00e9n ha hecho referencia a otros retos que su Ministerio tendr\u00e1 que afrontar una vez se constituya el Gobierno, como el libro blanco de reforma de la arquitectura institucional o ver c\u00f3mo se puede articular la autoridad de protecci\u00f3n al cliente, un organismo que ya fue avanzado en la pasada legislatura.<\/p>\n<p>   &#8220;Es una lista de tareas bastante ambiciosa. Se trata de un programa claro que trataremos de ponerlo en marcha en cuanto se inicie la legislatura&#8221;, ha remarcado.<\/p>\n<p>   Al mismo tiempo, Calvi\u00f1o ha querido resaltar el &#8220;trabajo invisible y diario&#8221; del Ministerio de Econom\u00eda, recordando el esfuerzo realizado durante los \u00faltimos meses y destacando la creaci\u00f3n de la Autoridad Macroprudencial Consejo de Estabilidad Financiera (Amcesfi).<\/p>\n<h2 class=\"ladillo\">ENTORNO POL\u00cdTICO QUE PROPORCIONE SEGURIDAD JUR\u00cdDICA<\/h2>\n<p>   Por otro lado, la ministra de Econom\u00eda y Empresa ha subrayado que para que la econom\u00eda funcione se requiere de un entorno legislativo y de actuaci\u00f3n de la Administraci\u00f3n que proporcione seguridad jur\u00eddica.<\/p>\n<p>   &#8220;El entorno debe ser lo m\u00e1s predecible posible, eso es lo que hemos procurado y lo que seguiremos haciendo&#8221;, ha apostillado la titular de Econom\u00eda.<\/p>\n<p>   Del mismo modo, ha agradecido a los \u00f3rganos de supervisi\u00f3n por su labor, sobre todo a la Direcci\u00f3n General de Seguros, que ha calificado de &#8220;ejemplar&#8221;. &#8220;Mantiene una relaci\u00f3n muy directa y est\u00e1 encima para que se apliquen los cambios&#8221;, ha precisado.<\/p>\n<p>   En suma, Calvi\u00f1o ha pedido &#8220;levantar la cabeza, poner las luces largas y ver cu\u00e1les son los retos&#8221;, al tiempo que ha reclamando a los operadores de los mercados financieros su compromiso con la gesti\u00f3n &#8220;honesta y transparente&#8221; en beneficio de sus clientes, que permita reforzar la confianza de los ciudadanos.<\/p>\n<\/div>\n<p>[ad_2]<br \/>\n<br \/><a href=\"https:\/\/www.europapress.es\/economia\/finanzas-00340\/noticia-calvino-promete-transponer-directivas-seguros-fondos-pensiones-vez-forme-gobierno-20190528141801.html\">Source link <\/a><\/p>\n","protected":false},"excerpt":{"rendered":"<p>[ad_1] Publicado 28\/05\/2019 14:18:01CET MADRID, 28 May. (EUROPA PRESS) &#8211; La ministra de Econom\u00eda y Empresa, Nadia Calvi\u00f1o, se ha comprometido a transponer las directivas europeas sobre distribuci\u00f3n de seguros y de fondos de pensiones una vez se logre formar el nuevo Gobierno. As\u00ed lo ha indicado la titular de la cartera econ\u00f3mica del Ejecutivo [&hellip;]<\/p>\n","protected":false},"author":2,"featured_media":2586,"comment_status":"open","ping_status":"open","sticky":false,"template":"","format":"standard","meta":{"footnotes":""},"categories":[1],"tags":[],"class_list":["post-2585","post","type-post","status-publish","format-standard","has-post-thumbnail","hentry","category-noticias-financieras"],"yoast_head":"<!-- This site is optimized with the Yoast SEO plugin v27.4 - https:\/\/yoast.com\/product\/yoast-seo-wordpress\/ -->\n<title>Calvi\u00f1o promete transponer las directivas sobre seguros y fondos de pensiones una vez se forme el Gobierno - Super News<\/title>\n<meta name=\"robots\" content=\"index, follow, max-snippet:-1, max-image-preview:large, max-video-preview:-1\" \/>\n<link rel=\"canonical\" href=\"https:\/\/super-news.info\/es\/calvino-promete-transponer-las-directivas-sobre-seguros-y-fondos-de-pensiones-una-vez-se-forme-el-gobierno\/\" \/>\n<meta property=\"og:locale\" content=\"en_US\" \/>\n<meta property=\"og:type\" content=\"article\" \/>\n<meta property=\"og:title\" content=\"Calvi\u00f1o promete transponer las directivas sobre seguros y fondos de pensiones una vez se forme el Gobierno - Super News\" \/>\n<meta property=\"og:description\" content=\"[ad_1] Publicado 28\/05\/2019 14:18:01CET MADRID, 28 May. (EUROPA PRESS) &#8211; La ministra de Econom\u00eda y Empresa, Nadia Calvi\u00f1o, se ha comprometido a transponer las directivas europeas sobre distribuci\u00f3n de seguros y de fondos de pensiones una vez se logre formar el nuevo Gobierno. As\u00ed lo ha indicado la titular de la cartera econ\u00f3mica del Ejecutivo [&hellip;]\" \/>\n<meta property=\"og:url\" content=\"https:\/\/super-news.info\/es\/calvino-promete-transponer-las-directivas-sobre-seguros-y-fondos-de-pensiones-una-vez-se-forme-el-gobierno\/\" \/>\n<meta property=\"og:site_name\" content=\"Super News\" \/>\n<meta property=\"article:published_time\" content=\"2019-05-28T13:01:37+00:00\" \/>\n<meta property=\"article:modified_time\" content=\"2019-05-28T13:01:38+00:00\" \/>\n<meta property=\"og:image\" content=\"https:\/\/super-news.info\/es\/wp-content\/uploads\/sites\/4\/2019\/05\/Calvi\u00f1o-promete-transponer-las-directivas-sobre-seguros-y-fondos-de.jpg\" \/>\n\t<meta property=\"og:image:width\" content=\"120\" \/>\n\t<meta property=\"og:image:height\" content=\"80\" \/>\n\t<meta property=\"og:image:type\" content=\"image\/jpeg\" \/>\n<meta name=\"author\" content=\"super-news\" \/>\n<meta name=\"twitter:card\" content=\"summary_large_image\" \/>\n<meta name=\"twitter:label1\" content=\"Written by\" \/>\n\t<meta name=\"twitter:data1\" content=\"super-news\" \/>\n\t<meta name=\"twitter:label2\" content=\"Est. reading time\" \/>\n\t<meta name=\"twitter:data2\" content=\"3 minutes\" \/>\n<script type=\"application\/ld+json\" class=\"yoast-schema-graph\">{\"@context\":\"https:\\\/\\\/schema.org\",\"@graph\":[{\"@type\":\"Article\",\"@id\":\"https:\\\/\\\/super-news.info\\\/es\\\/calvino-promete-transponer-las-directivas-sobre-seguros-y-fondos-de-pensiones-una-vez-se-forme-el-gobierno\\\/#article\",\"isPartOf\":{\"@id\":\"https:\\\/\\\/super-news.info\\\/es\\\/calvino-promete-transponer-las-directivas-sobre-seguros-y-fondos-de-pensiones-una-vez-se-forme-el-gobierno\\\/\"},\"author\":{\"name\":\"super-news\",\"@id\":\"https:\\\/\\\/super-news.info\\\/es\\\/#\\\/schema\\\/person\\\/2d4068cb2f39cd10008c2fce578a7356\"},\"headline\":\"Calvi\u00f1o promete transponer las directivas sobre seguros y fondos de pensiones una vez se forme el Gobierno\",\"datePublished\":\"2019-05-28T13:01:37+00:00\",\"dateModified\":\"2019-05-28T13:01:38+00:00\",\"mainEntityOfPage\":{\"@id\":\"https:\\\/\\\/super-news.info\\\/es\\\/calvino-promete-transponer-las-directivas-sobre-seguros-y-fondos-de-pensiones-una-vez-se-forme-el-gobierno\\\/\"},\"wordCount\":525,\"commentCount\":0,\"image\":{\"@id\":\"https:\\\/\\\/super-news.info\\\/es\\\/calvino-promete-transponer-las-directivas-sobre-seguros-y-fondos-de-pensiones-una-vez-se-forme-el-gobierno\\\/#primaryimage\"},\"thumbnailUrl\":\"https:\\\/\\\/super-news.info\\\/es\\\/wp-content\\\/uploads\\\/sites\\\/4\\\/2019\\\/05\\\/Calvi\u00f1o-promete-transponer-las-directivas-sobre-seguros-y-fondos-de.jpg\",\"articleSection\":[\"NOTICIAS FINANCIERAS\"],\"inLanguage\":\"en-US\",\"potentialAction\":[{\"@type\":\"CommentAction\",\"name\":\"Comment\",\"target\":[\"https:\\\/\\\/super-news.info\\\/es\\\/calvino-promete-transponer-las-directivas-sobre-seguros-y-fondos-de-pensiones-una-vez-se-forme-el-gobierno\\\/#respond\"]}]},{\"@type\":\"WebPage\",\"@id\":\"https:\\\/\\\/super-news.info\\\/es\\\/calvino-promete-transponer-las-directivas-sobre-seguros-y-fondos-de-pensiones-una-vez-se-forme-el-gobierno\\\/\",\"url\":\"https:\\\/\\\/super-news.info\\\/es\\\/calvino-promete-transponer-las-directivas-sobre-seguros-y-fondos-de-pensiones-una-vez-se-forme-el-gobierno\\\/\",\"name\":\"Calvi\u00f1o promete transponer las directivas sobre seguros y fondos de pensiones una vez se forme el Gobierno - Super News\",\"isPartOf\":{\"@id\":\"https:\\\/\\\/super-news.info\\\/es\\\/#website\"},\"primaryImageOfPage\":{\"@id\":\"https:\\\/\\\/super-news.info\\\/es\\\/calvino-promete-transponer-las-directivas-sobre-seguros-y-fondos-de-pensiones-una-vez-se-forme-el-gobierno\\\/#primaryimage\"},\"image\":{\"@id\":\"https:\\\/\\\/super-news.info\\\/es\\\/calvino-promete-transponer-las-directivas-sobre-seguros-y-fondos-de-pensiones-una-vez-se-forme-el-gobierno\\\/#primaryimage\"},\"thumbnailUrl\":\"https:\\\/\\\/super-news.info\\\/es\\\/wp-content\\\/uploads\\\/sites\\\/4\\\/2019\\\/05\\\/Calvi\u00f1o-promete-transponer-las-directivas-sobre-seguros-y-fondos-de.jpg\",\"datePublished\":\"2019-05-28T13:01:37+00:00\",\"dateModified\":\"2019-05-28T13:01:38+00:00\",\"author\":{\"@id\":\"https:\\\/\\\/super-news.info\\\/es\\\/#\\\/schema\\\/person\\\/2d4068cb2f39cd10008c2fce578a7356\"},\"breadcrumb\":{\"@id\":\"https:\\\/\\\/super-news.info\\\/es\\\/calvino-promete-transponer-las-directivas-sobre-seguros-y-fondos-de-pensiones-una-vez-se-forme-el-gobierno\\\/#breadcrumb\"},\"inLanguage\":\"en-US\",\"potentialAction\":[{\"@type\":\"ReadAction\",\"target\":[\"https:\\\/\\\/super-news.info\\\/es\\\/calvino-promete-transponer-las-directivas-sobre-seguros-y-fondos-de-pensiones-una-vez-se-forme-el-gobierno\\\/\"]}]},{\"@type\":\"ImageObject\",\"inLanguage\":\"en-US\",\"@id\":\"https:\\\/\\\/super-news.info\\\/es\\\/calvino-promete-transponer-las-directivas-sobre-seguros-y-fondos-de-pensiones-una-vez-se-forme-el-gobierno\\\/#primaryimage\",\"url\":\"https:\\\/\\\/super-news.info\\\/es\\\/wp-content\\\/uploads\\\/sites\\\/4\\\/2019\\\/05\\\/Calvi\u00f1o-promete-transponer-las-directivas-sobre-seguros-y-fondos-de.jpg\",\"contentUrl\":\"https:\\\/\\\/super-news.info\\\/es\\\/wp-content\\\/uploads\\\/sites\\\/4\\\/2019\\\/05\\\/Calvi\u00f1o-promete-transponer-las-directivas-sobre-seguros-y-fondos-de.jpg\",\"width\":120,\"height\":80,\"caption\":\"Calvi\u00f1o promete transponer las directivas sobre seguros y fondos de pensiones una vez se forme el Gobierno\"},{\"@type\":\"BreadcrumbList\",\"@id\":\"https:\\\/\\\/super-news.info\\\/es\\\/calvino-promete-transponer-las-directivas-sobre-seguros-y-fondos-de-pensiones-una-vez-se-forme-el-gobierno\\\/#breadcrumb\",\"itemListElement\":[{\"@type\":\"ListItem\",\"position\":1,\"name\":\"\u0413\u043b\u0430\u0432\u043d\u0430\u044f \u0441\u0442\u0440\u0430\u043d\u0438\u0446\u0430\",\"item\":\"https:\\\/\\\/super-news.info\\\/es\\\/\"},{\"@type\":\"ListItem\",\"position\":2,\"name\":\"Calvi\u00f1o promete transponer las directivas sobre seguros y fondos de pensiones una vez se forme el Gobierno\"}]},{\"@type\":\"WebSite\",\"@id\":\"https:\\\/\\\/super-news.info\\\/es\\\/#website\",\"url\":\"https:\\\/\\\/super-news.info\\\/es\\\/\",\"name\":\"Super News\",\"description\":\"Super News Espa\u00f1a\",\"potentialAction\":[{\"@type\":\"SearchAction\",\"target\":{\"@type\":\"EntryPoint\",\"urlTemplate\":\"https:\\\/\\\/super-news.info\\\/es\\\/?s={search_term_string}\"},\"query-input\":{\"@type\":\"PropertyValueSpecification\",\"valueRequired\":true,\"valueName\":\"search_term_string\"}}],\"inLanguage\":\"en-US\"},{\"@type\":\"Person\",\"@id\":\"https:\\\/\\\/super-news.info\\\/es\\\/#\\\/schema\\\/person\\\/2d4068cb2f39cd10008c2fce578a7356\",\"name\":\"super-news\",\"image\":{\"@type\":\"ImageObject\",\"inLanguage\":\"en-US\",\"@id\":\"https:\\\/\\\/secure.gravatar.com\\\/avatar\\\/64ebac40b93f26a154f8a9b5b6fdccfc46f442b26b3dd6756dbff3bf9dc76fd7?s=96&d=mm&r=g\",\"url\":\"https:\\\/\\\/secure.gravatar.com\\\/avatar\\\/64ebac40b93f26a154f8a9b5b6fdccfc46f442b26b3dd6756dbff3bf9dc76fd7?s=96&d=mm&r=g\",\"contentUrl\":\"https:\\\/\\\/secure.gravatar.com\\\/avatar\\\/64ebac40b93f26a154f8a9b5b6fdccfc46f442b26b3dd6756dbff3bf9dc76fd7?s=96&d=mm&r=g\",\"caption\":\"super-news\"},\"url\":\"https:\\\/\\\/super-news.info\\\/es\\\/author\\\/pt\\\/\"}]}<\/script>\n<!-- \/ Yoast SEO plugin. -->","yoast_head_json":{"title":"Calvi\u00f1o promete transponer las directivas sobre seguros y fondos de pensiones una vez se forme el Gobierno - Super News","robots":{"index":"index","follow":"follow","max-snippet":"max-snippet:-1","max-image-preview":"max-image-preview:large","max-video-preview":"max-video-preview:-1"},"canonical":"https:\/\/super-news.info\/es\/calvino-promete-transponer-las-directivas-sobre-seguros-y-fondos-de-pensiones-una-vez-se-forme-el-gobierno\/","og_locale":"en_US","og_type":"article","og_title":"Calvi\u00f1o promete transponer las directivas sobre seguros y fondos de pensiones una vez se forme el Gobierno - Super News","og_description":"[ad_1] Publicado 28\/05\/2019 14:18:01CET MADRID, 28 May. (EUROPA PRESS) &#8211; La ministra de Econom\u00eda y Empresa, Nadia Calvi\u00f1o, se ha comprometido a transponer las directivas europeas sobre distribuci\u00f3n de seguros y de fondos de pensiones una vez se logre formar el nuevo Gobierno. As\u00ed lo ha indicado la titular de la cartera econ\u00f3mica del Ejecutivo [&hellip;]","og_url":"https:\/\/super-news.info\/es\/calvino-promete-transponer-las-directivas-sobre-seguros-y-fondos-de-pensiones-una-vez-se-forme-el-gobierno\/","og_site_name":"Super News","article_published_time":"2019-05-28T13:01:37+00:00","article_modified_time":"2019-05-28T13:01:38+00:00","og_image":[{"width":120,"height":80,"url":"https:\/\/super-news.info\/es\/wp-content\/uploads\/sites\/4\/2019\/05\/Calvi\u00f1o-promete-transponer-las-directivas-sobre-seguros-y-fondos-de.jpg","type":"image\/jpeg"}],"author":"super-news","twitter_card":"summary_large_image","twitter_misc":{"Written by":"super-news","Est. reading time":"3 minutes"},"schema":{"@context":"https:\/\/schema.org","@graph":[{"@type":"Article","@id":"https:\/\/super-news.info\/es\/calvino-promete-transponer-las-directivas-sobre-seguros-y-fondos-de-pensiones-una-vez-se-forme-el-gobierno\/#article","isPartOf":{"@id":"https:\/\/super-news.info\/es\/calvino-promete-transponer-las-directivas-sobre-seguros-y-fondos-de-pensiones-una-vez-se-forme-el-gobierno\/"},"author":{"name":"super-news","@id":"https:\/\/super-news.info\/es\/#\/schema\/person\/2d4068cb2f39cd10008c2fce578a7356"},"headline":"Calvi\u00f1o promete transponer las directivas sobre seguros y fondos de pensiones una vez se forme el Gobierno","datePublished":"2019-05-28T13:01:37+00:00","dateModified":"2019-05-28T13:01:38+00:00","mainEntityOfPage":{"@id":"https:\/\/super-news.info\/es\/calvino-promete-transponer-las-directivas-sobre-seguros-y-fondos-de-pensiones-una-vez-se-forme-el-gobierno\/"},"wordCount":525,"commentCount":0,"image":{"@id":"https:\/\/super-news.info\/es\/calvino-promete-transponer-las-directivas-sobre-seguros-y-fondos-de-pensiones-una-vez-se-forme-el-gobierno\/#primaryimage"},"thumbnailUrl":"https:\/\/super-news.info\/es\/wp-content\/uploads\/sites\/4\/2019\/05\/Calvi\u00f1o-promete-transponer-las-directivas-sobre-seguros-y-fondos-de.jpg","articleSection":["NOTICIAS FINANCIERAS"],"inLanguage":"en-US","potentialAction":[{"@type":"CommentAction","name":"Comment","target":["https:\/\/super-news.info\/es\/calvino-promete-transponer-las-directivas-sobre-seguros-y-fondos-de-pensiones-una-vez-se-forme-el-gobierno\/#respond"]}]},{"@type":"WebPage","@id":"https:\/\/super-news.info\/es\/calvino-promete-transponer-las-directivas-sobre-seguros-y-fondos-de-pensiones-una-vez-se-forme-el-gobierno\/","url":"https:\/\/super-news.info\/es\/calvino-promete-transponer-las-directivas-sobre-seguros-y-fondos-de-pensiones-una-vez-se-forme-el-gobierno\/","name":"Calvi\u00f1o promete transponer las directivas sobre seguros y fondos de pensiones una vez se forme el Gobierno - Super News","isPartOf":{"@id":"https:\/\/super-news.info\/es\/#website"},"primaryImageOfPage":{"@id":"https:\/\/super-news.info\/es\/calvino-promete-transponer-las-directivas-sobre-seguros-y-fondos-de-pensiones-una-vez-se-forme-el-gobierno\/#primaryimage"},"image":{"@id":"https:\/\/super-news.info\/es\/calvino-promete-transponer-las-directivas-sobre-seguros-y-fondos-de-pensiones-una-vez-se-forme-el-gobierno\/#primaryimage"},"thumbnailUrl":"https:\/\/super-news.info\/es\/wp-content\/uploads\/sites\/4\/2019\/05\/Calvi\u00f1o-promete-transponer-las-directivas-sobre-seguros-y-fondos-de.jpg","datePublished":"2019-05-28T13:01:37+00:00","dateModified":"2019-05-28T13:01:38+00:00","author":{"@id":"https:\/\/super-news.info\/es\/#\/schema\/person\/2d4068cb2f39cd10008c2fce578a7356"},"breadcrumb":{"@id":"https:\/\/super-news.info\/es\/calvino-promete-transponer-las-directivas-sobre-seguros-y-fondos-de-pensiones-una-vez-se-forme-el-gobierno\/#breadcrumb"},"inLanguage":"en-US","potentialAction":[{"@type":"ReadAction","target":["https:\/\/super-news.info\/es\/calvino-promete-transponer-las-directivas-sobre-seguros-y-fondos-de-pensiones-una-vez-se-forme-el-gobierno\/"]}]},{"@type":"ImageObject","inLanguage":"en-US","@id":"https:\/\/super-news.info\/es\/calvino-promete-transponer-las-directivas-sobre-seguros-y-fondos-de-pensiones-una-vez-se-forme-el-gobierno\/#primaryimage","url":"https:\/\/super-news.info\/es\/wp-content\/uploads\/sites\/4\/2019\/05\/Calvi\u00f1o-promete-transponer-las-directivas-sobre-seguros-y-fondos-de.jpg","contentUrl":"https:\/\/super-news.info\/es\/wp-content\/uploads\/sites\/4\/2019\/05\/Calvi\u00f1o-promete-transponer-las-directivas-sobre-seguros-y-fondos-de.jpg","width":120,"height":80,"caption":"Calvi\u00f1o promete transponer las directivas sobre seguros y fondos de pensiones una vez se forme el Gobierno"},{"@type":"BreadcrumbList","@id":"https:\/\/super-news.info\/es\/calvino-promete-transponer-las-directivas-sobre-seguros-y-fondos-de-pensiones-una-vez-se-forme-el-gobierno\/#breadcrumb","itemListElement":[{"@type":"ListItem","position":1,"name":"\u0413\u043b\u0430\u0432\u043d\u0430\u044f \u0441\u0442\u0440\u0430\u043d\u0438\u0446\u0430","item":"https:\/\/super-news.info\/es\/"},{"@type":"ListItem","position":2,"name":"Calvi\u00f1o promete transponer las directivas sobre seguros y fondos de pensiones una vez se forme el Gobierno"}]},{"@type":"WebSite","@id":"https:\/\/super-news.info\/es\/#website","url":"https:\/\/super-news.info\/es\/","name":"Super News","description":"Super News Espa\u00f1a","potentialAction":[{"@type":"SearchAction","target":{"@type":"EntryPoint","urlTemplate":"https:\/\/super-news.info\/es\/?s={search_term_string}"},"query-input":{"@type":"PropertyValueSpecification","valueRequired":true,"valueName":"search_term_string"}}],"inLanguage":"en-US"},{"@type":"Person","@id":"https:\/\/super-news.info\/es\/#\/schema\/person\/2d4068cb2f39cd10008c2fce578a7356","name":"super-news","image":{"@type":"ImageObject","inLanguage":"en-US","@id":"https:\/\/secure.gravatar.com\/avatar\/64ebac40b93f26a154f8a9b5b6fdccfc46f442b26b3dd6756dbff3bf9dc76fd7?s=96&d=mm&r=g","url":"https:\/\/secure.gravatar.com\/avatar\/64ebac40b93f26a154f8a9b5b6fdccfc46f442b26b3dd6756dbff3bf9dc76fd7?s=96&d=mm&r=g","contentUrl":"https:\/\/secure.gravatar.com\/avatar\/64ebac40b93f26a154f8a9b5b6fdccfc46f442b26b3dd6756dbff3bf9dc76fd7?s=96&d=mm&r=g","caption":"super-news"},"url":"https:\/\/super-news.info\/es\/author\/pt\/"}]}},"_links":{"self":[{"href":"https:\/\/super-news.info\/es\/wp-json\/wp\/v2\/posts\/2585","targetHints":{"allow":["GET"]}}],"collection":[{"href":"https:\/\/super-news.info\/es\/wp-json\/wp\/v2\/posts"}],"about":[{"href":"https:\/\/super-news.info\/es\/wp-json\/wp\/v2\/types\/post"}],"author":[{"embeddable":true,"href":"https:\/\/super-news.info\/es\/wp-json\/wp\/v2\/users\/2"}],"replies":[{"embeddable":true,"href":"https:\/\/super-news.info\/es\/wp-json\/wp\/v2\/comments?post=2585"}],"version-history":[{"count":1,"href":"https:\/\/super-news.info\/es\/wp-json\/wp\/v2\/posts\/2585\/revisions"}],"predecessor-version":[{"id":2587,"href":"https:\/\/super-news.info\/es\/wp-json\/wp\/v2\/posts\/2585\/revisions\/2587"}],"wp:featuredmedia":[{"embeddable":true,"href":"https:\/\/super-news.info\/es\/wp-json\/wp\/v2\/media\/2586"}],"wp:attachment":[{"href":"https:\/\/super-news.info\/es\/wp-json\/wp\/v2\/media?parent=2585"}],"wp:term":[{"taxonomy":"category","embeddable":true,"href":"https:\/\/super-news.info\/es\/wp-json\/wp\/v2\/categories?post=2585"},{"taxonomy":"post_tag","embeddable":true,"href":"https:\/\/super-news.info\/es\/wp-json\/wp\/v2\/tags?post=2585"}],"curies":[{"name":"wp","href":"https:\/\/api.w.org\/{rel}","templated":true}]}}