{"id":236,"date":"2019-04-18T10:56:24","date_gmt":"2019-04-18T07:56:24","guid":{"rendered":"https:\/\/super-news.info\/es\/el-ibex-abre-plano-en-una-sesion-semifestiva-y-defiende-la-cota-de-los-9-550-puntos\/"},"modified":"2019-04-18T10:56:25","modified_gmt":"2019-04-18T07:56:25","slug":"el-ibex-abre-plano-en-una-sesion-semifestiva-y-defiende-la-cota-de-los-9-550-puntos","status":"publish","type":"post","link":"https:\/\/super-news.info\/es\/el-ibex-abre-plano-en-una-sesion-semifestiva-y-defiende-la-cota-de-los-9-550-puntos\/","title":{"rendered":"El Ibex abre plano en una sesi\u00f3n semifestiva y defiende la cota de los 9.550 puntos"},"content":{"rendered":"<p> [ad_1]<\/p>\n<div id=\"CuerpoNoticiav2\" itemprop=\"articleBody\">\n<!--inicio FechaNoticia--><\/p>\n<div class=\"FechaPublicacionNoticia\">Publicado 18\/04\/2019 9:20:49<abbr title=\"Central European Time\">CET<\/abbr><\/div>\n<p><!--fin FechaNoticia--><\/p>\n<p>MADRID, 18 Abr. (EUROPA PRESS) &#8211; <\/p>\n<p itemprop=\"description\">   El Ibex 35 ha abierto la sesi\u00f3n de este jueves pr\u00e1cticamente plano (+0,09%), pero defendiendo la cota conquistada ayer de los 9.500 puntos, en una jornada marcada por el ambiente semifestivo en el mercado.<\/p>\n<p>   Despu\u00e9s de encadenar este mi\u00e9rcoles su sexta jornada consecutiva al alza, para asomarse a m\u00e1ximos desde septiembre, el selectivo espa\u00f1ol defend\u00eda en los primeros instantes de la sesi\u00f3n de hoy, la \u00faltima de la semana, los 9.550 puntos.<\/p>\n<p>   As\u00ed, destacaban en el lado de las subidas Aena, con un repunte 0,91%, seguido de BBVA (+0,571%), Banco Sabadell (+0,48%), Ferrovial (+0,43%), Mediaset Espa\u00f1a (+0,42%), Inditex (+0,32%) y Banco Santander (+0,25%).<\/p>\n<p>   Entre los descensos, los m\u00e1s significativos correspond\u00edan a ArcelorMittal, que retroced\u00eda un 1,22%, T\u00e9cnicas Reunidas (-0,89%), Viscofan (-0,71%), IAG (-0,64%) y Bankia (-0,41%).<\/p>\n<p>   Este ambiente semifestivo en los mercados se trasladaba tambi\u00e9n a las principales plazas europeas, aunque mandaban ligeramente las ca\u00eddas. As\u00ed, Londres despertaba con un retroceso del 0,12%, mientras que tambi\u00e9n bajaban Pr\u00eds (-0,19%) y Francfort (-0,15%).<\/p>\n<p>   En el mercado de deuda, la prima de riesgo espa\u00f1ola se mov\u00eda en el entorno de los 103 puntos b\u00e1sicos, con el inter\u00e9s en el 1,1%, mientras que en el mercado de divisas el euro perd\u00eda ligeramente terreno frente al d\u00f3lar y se intercambiaba a 1,129 &#8216;billetes verdes&#8217;.<\/p>\n<p>   Por otro lado, el precio del barril de petr\u00f3leo de calidad Brent, referencia para el Viejo Continente, se situaba en un precio de 71,43 d\u00f3lares, mientras que el Texas se colocaba en los 64,59 d\u00f3lares.<\/p>\n<\/div>\n<p>[ad_2]<br \/>\n<br \/><a href=\"https:\/\/www.europapress.es\/economia\/bolsa-00348\/noticia-ibex-abre-plano-sesion-semifestiva-defiende-cota-9550-puntos-20190418092049.html\">Source link <\/a><\/p>\n","protected":false},"excerpt":{"rendered":"<p>[ad_1] Publicado 18\/04\/2019 9:20:49CET MADRID, 18 Abr. (EUROPA PRESS) &#8211; El Ibex 35 ha abierto la sesi\u00f3n de este jueves pr\u00e1cticamente plano (+0,09%), pero defendiendo la cota conquistada ayer de los 9.500 puntos, en una jornada marcada por el ambiente semifestivo en el mercado. Despu\u00e9s de encadenar este mi\u00e9rcoles su sexta jornada consecutiva al alza, [&hellip;]<\/p>\n","protected":false},"author":2,"featured_media":237,"comment_status":"open","ping_status":"open","sticky":false,"template":"","format":"standard","meta":{"footnotes":""},"categories":[1],"tags":[],"class_list":["post-236","post","type-post","status-publish","format-standard","has-post-thumbnail","hentry","category-noticias-financieras"],"yoast_head":"<!-- This site is optimized with the Yoast SEO plugin v27.4 - https:\/\/yoast.com\/product\/yoast-seo-wordpress\/ -->\n<title>El Ibex abre plano en una sesi\u00f3n semifestiva y defiende la cota de los 9.550 puntos - Super News<\/title>\n<meta name=\"robots\" content=\"index, follow, max-snippet:-1, max-image-preview:large, max-video-preview:-1\" \/>\n<link rel=\"canonical\" href=\"https:\/\/super-news.info\/es\/el-ibex-abre-plano-en-una-sesion-semifestiva-y-defiende-la-cota-de-los-9-550-puntos\/\" \/>\n<meta property=\"og:locale\" content=\"en_US\" \/>\n<meta property=\"og:type\" content=\"article\" \/>\n<meta property=\"og:title\" content=\"El Ibex abre plano en una sesi\u00f3n semifestiva y defiende la cota de los 9.550 puntos - Super News\" \/>\n<meta property=\"og:description\" content=\"[ad_1] Publicado 18\/04\/2019 9:20:49CET MADRID, 18 Abr. (EUROPA PRESS) &#8211; El Ibex 35 ha abierto la sesi\u00f3n de este jueves pr\u00e1cticamente plano (+0,09%), pero defendiendo la cota conquistada ayer de los 9.500 puntos, en una jornada marcada por el ambiente semifestivo en el mercado. Despu\u00e9s de encadenar este mi\u00e9rcoles su sexta jornada consecutiva al alza, [&hellip;]\" \/>\n<meta property=\"og:url\" content=\"https:\/\/super-news.info\/es\/el-ibex-abre-plano-en-una-sesion-semifestiva-y-defiende-la-cota-de-los-9-550-puntos\/\" \/>\n<meta property=\"og:site_name\" content=\"Super News\" \/>\n<meta property=\"article:published_time\" content=\"2019-04-18T07:56:24+00:00\" \/>\n<meta property=\"article:modified_time\" content=\"2019-04-18T07:56:25+00:00\" \/>\n<meta property=\"og:image\" content=\"https:\/\/super-news.info\/es\/wp-content\/uploads\/sites\/4\/2019\/04\/El-Ibex-abre-plano-en-una-sesi\u00f3n-semifestiva-y-defiende.jpg\" \/>\n\t<meta property=\"og:image:width\" content=\"120\" \/>\n\t<meta property=\"og:image:height\" content=\"80\" \/>\n\t<meta property=\"og:image:type\" content=\"image\/jpeg\" \/>\n<meta name=\"author\" content=\"super-news\" \/>\n<meta name=\"twitter:card\" content=\"summary_large_image\" \/>\n<meta name=\"twitter:label1\" content=\"Written by\" \/>\n\t<meta name=\"twitter:data1\" content=\"super-news\" \/>\n\t<meta name=\"twitter:label2\" content=\"Est. reading time\" \/>\n\t<meta name=\"twitter:data2\" content=\"1 minute\" \/>\n<script type=\"application\/ld+json\" class=\"yoast-schema-graph\">{\"@context\":\"https:\\\/\\\/schema.org\",\"@graph\":[{\"@type\":\"Article\",\"@id\":\"https:\\\/\\\/super-news.info\\\/es\\\/el-ibex-abre-plano-en-una-sesion-semifestiva-y-defiende-la-cota-de-los-9-550-puntos\\\/#article\",\"isPartOf\":{\"@id\":\"https:\\\/\\\/super-news.info\\\/es\\\/el-ibex-abre-plano-en-una-sesion-semifestiva-y-defiende-la-cota-de-los-9-550-puntos\\\/\"},\"author\":{\"name\":\"super-news\",\"@id\":\"https:\\\/\\\/super-news.info\\\/es\\\/#\\\/schema\\\/person\\\/2d4068cb2f39cd10008c2fce578a7356\"},\"headline\":\"El Ibex abre plano en una sesi\u00f3n semifestiva y defiende la cota de los 9.550 puntos\",\"datePublished\":\"2019-04-18T07:56:24+00:00\",\"dateModified\":\"2019-04-18T07:56:25+00:00\",\"mainEntityOfPage\":{\"@id\":\"https:\\\/\\\/super-news.info\\\/es\\\/el-ibex-abre-plano-en-una-sesion-semifestiva-y-defiende-la-cota-de-los-9-550-puntos\\\/\"},\"wordCount\":280,\"commentCount\":0,\"image\":{\"@id\":\"https:\\\/\\\/super-news.info\\\/es\\\/el-ibex-abre-plano-en-una-sesion-semifestiva-y-defiende-la-cota-de-los-9-550-puntos\\\/#primaryimage\"},\"thumbnailUrl\":\"https:\\\/\\\/super-news.info\\\/es\\\/wp-content\\\/uploads\\\/sites\\\/4\\\/2019\\\/04\\\/El-Ibex-abre-plano-en-una-sesi\u00f3n-semifestiva-y-defiende.jpg\",\"articleSection\":[\"NOTICIAS FINANCIERAS\"],\"inLanguage\":\"en-US\",\"potentialAction\":[{\"@type\":\"CommentAction\",\"name\":\"Comment\",\"target\":[\"https:\\\/\\\/super-news.info\\\/es\\\/el-ibex-abre-plano-en-una-sesion-semifestiva-y-defiende-la-cota-de-los-9-550-puntos\\\/#respond\"]}]},{\"@type\":\"WebPage\",\"@id\":\"https:\\\/\\\/super-news.info\\\/es\\\/el-ibex-abre-plano-en-una-sesion-semifestiva-y-defiende-la-cota-de-los-9-550-puntos\\\/\",\"url\":\"https:\\\/\\\/super-news.info\\\/es\\\/el-ibex-abre-plano-en-una-sesion-semifestiva-y-defiende-la-cota-de-los-9-550-puntos\\\/\",\"name\":\"El Ibex abre plano en una sesi\u00f3n semifestiva y defiende la cota de los 9.550 puntos - Super News\",\"isPartOf\":{\"@id\":\"https:\\\/\\\/super-news.info\\\/es\\\/#website\"},\"primaryImageOfPage\":{\"@id\":\"https:\\\/\\\/super-news.info\\\/es\\\/el-ibex-abre-plano-en-una-sesion-semifestiva-y-defiende-la-cota-de-los-9-550-puntos\\\/#primaryimage\"},\"image\":{\"@id\":\"https:\\\/\\\/super-news.info\\\/es\\\/el-ibex-abre-plano-en-una-sesion-semifestiva-y-defiende-la-cota-de-los-9-550-puntos\\\/#primaryimage\"},\"thumbnailUrl\":\"https:\\\/\\\/super-news.info\\\/es\\\/wp-content\\\/uploads\\\/sites\\\/4\\\/2019\\\/04\\\/El-Ibex-abre-plano-en-una-sesi\u00f3n-semifestiva-y-defiende.jpg\",\"datePublished\":\"2019-04-18T07:56:24+00:00\",\"dateModified\":\"2019-04-18T07:56:25+00:00\",\"author\":{\"@id\":\"https:\\\/\\\/super-news.info\\\/es\\\/#\\\/schema\\\/person\\\/2d4068cb2f39cd10008c2fce578a7356\"},\"breadcrumb\":{\"@id\":\"https:\\\/\\\/super-news.info\\\/es\\\/el-ibex-abre-plano-en-una-sesion-semifestiva-y-defiende-la-cota-de-los-9-550-puntos\\\/#breadcrumb\"},\"inLanguage\":\"en-US\",\"potentialAction\":[{\"@type\":\"ReadAction\",\"target\":[\"https:\\\/\\\/super-news.info\\\/es\\\/el-ibex-abre-plano-en-una-sesion-semifestiva-y-defiende-la-cota-de-los-9-550-puntos\\\/\"]}]},{\"@type\":\"ImageObject\",\"inLanguage\":\"en-US\",\"@id\":\"https:\\\/\\\/super-news.info\\\/es\\\/el-ibex-abre-plano-en-una-sesion-semifestiva-y-defiende-la-cota-de-los-9-550-puntos\\\/#primaryimage\",\"url\":\"https:\\\/\\\/super-news.info\\\/es\\\/wp-content\\\/uploads\\\/sites\\\/4\\\/2019\\\/04\\\/El-Ibex-abre-plano-en-una-sesi\u00f3n-semifestiva-y-defiende.jpg\",\"contentUrl\":\"https:\\\/\\\/super-news.info\\\/es\\\/wp-content\\\/uploads\\\/sites\\\/4\\\/2019\\\/04\\\/El-Ibex-abre-plano-en-una-sesi\u00f3n-semifestiva-y-defiende.jpg\",\"width\":120,\"height\":80,\"caption\":\"El Ibex abre plano en una sesi\u00f3n semifestiva y defiende la cota de los 9.550 puntos\"},{\"@type\":\"BreadcrumbList\",\"@id\":\"https:\\\/\\\/super-news.info\\\/es\\\/el-ibex-abre-plano-en-una-sesion-semifestiva-y-defiende-la-cota-de-los-9-550-puntos\\\/#breadcrumb\",\"itemListElement\":[{\"@type\":\"ListItem\",\"position\":1,\"name\":\"\u0413\u043b\u0430\u0432\u043d\u0430\u044f \u0441\u0442\u0440\u0430\u043d\u0438\u0446\u0430\",\"item\":\"https:\\\/\\\/super-news.info\\\/es\\\/\"},{\"@type\":\"ListItem\",\"position\":2,\"name\":\"El Ibex abre plano en una sesi\u00f3n semifestiva y defiende la cota de los 9.550 puntos\"}]},{\"@type\":\"WebSite\",\"@id\":\"https:\\\/\\\/super-news.info\\\/es\\\/#website\",\"url\":\"https:\\\/\\\/super-news.info\\\/es\\\/\",\"name\":\"Super News\",\"description\":\"Super News Espa\u00f1a\",\"potentialAction\":[{\"@type\":\"SearchAction\",\"target\":{\"@type\":\"EntryPoint\",\"urlTemplate\":\"https:\\\/\\\/super-news.info\\\/es\\\/?s={search_term_string}\"},\"query-input\":{\"@type\":\"PropertyValueSpecification\",\"valueRequired\":true,\"valueName\":\"search_term_string\"}}],\"inLanguage\":\"en-US\"},{\"@type\":\"Person\",\"@id\":\"https:\\\/\\\/super-news.info\\\/es\\\/#\\\/schema\\\/person\\\/2d4068cb2f39cd10008c2fce578a7356\",\"name\":\"super-news\",\"image\":{\"@type\":\"ImageObject\",\"inLanguage\":\"en-US\",\"@id\":\"https:\\\/\\\/secure.gravatar.com\\\/avatar\\\/64ebac40b93f26a154f8a9b5b6fdccfc46f442b26b3dd6756dbff3bf9dc76fd7?s=96&d=mm&r=g\",\"url\":\"https:\\\/\\\/secure.gravatar.com\\\/avatar\\\/64ebac40b93f26a154f8a9b5b6fdccfc46f442b26b3dd6756dbff3bf9dc76fd7?s=96&d=mm&r=g\",\"contentUrl\":\"https:\\\/\\\/secure.gravatar.com\\\/avatar\\\/64ebac40b93f26a154f8a9b5b6fdccfc46f442b26b3dd6756dbff3bf9dc76fd7?s=96&d=mm&r=g\",\"caption\":\"super-news\"},\"url\":\"https:\\\/\\\/super-news.info\\\/es\\\/author\\\/pt\\\/\"}]}<\/script>\n<!-- \/ Yoast SEO plugin. -->","yoast_head_json":{"title":"El Ibex abre plano en una sesi\u00f3n semifestiva y defiende la cota de los 9.550 puntos - Super News","robots":{"index":"index","follow":"follow","max-snippet":"max-snippet:-1","max-image-preview":"max-image-preview:large","max-video-preview":"max-video-preview:-1"},"canonical":"https:\/\/super-news.info\/es\/el-ibex-abre-plano-en-una-sesion-semifestiva-y-defiende-la-cota-de-los-9-550-puntos\/","og_locale":"en_US","og_type":"article","og_title":"El Ibex abre plano en una sesi\u00f3n semifestiva y defiende la cota de los 9.550 puntos - Super News","og_description":"[ad_1] Publicado 18\/04\/2019 9:20:49CET MADRID, 18 Abr. (EUROPA PRESS) &#8211; El Ibex 35 ha abierto la sesi\u00f3n de este jueves pr\u00e1cticamente plano (+0,09%), pero defendiendo la cota conquistada ayer de los 9.500 puntos, en una jornada marcada por el ambiente semifestivo en el mercado. Despu\u00e9s de encadenar este mi\u00e9rcoles su sexta jornada consecutiva al alza, [&hellip;]","og_url":"https:\/\/super-news.info\/es\/el-ibex-abre-plano-en-una-sesion-semifestiva-y-defiende-la-cota-de-los-9-550-puntos\/","og_site_name":"Super News","article_published_time":"2019-04-18T07:56:24+00:00","article_modified_time":"2019-04-18T07:56:25+00:00","og_image":[{"width":120,"height":80,"url":"https:\/\/super-news.info\/es\/wp-content\/uploads\/sites\/4\/2019\/04\/El-Ibex-abre-plano-en-una-sesi\u00f3n-semifestiva-y-defiende.jpg","type":"image\/jpeg"}],"author":"super-news","twitter_card":"summary_large_image","twitter_misc":{"Written by":"super-news","Est. reading time":"1 minute"},"schema":{"@context":"https:\/\/schema.org","@graph":[{"@type":"Article","@id":"https:\/\/super-news.info\/es\/el-ibex-abre-plano-en-una-sesion-semifestiva-y-defiende-la-cota-de-los-9-550-puntos\/#article","isPartOf":{"@id":"https:\/\/super-news.info\/es\/el-ibex-abre-plano-en-una-sesion-semifestiva-y-defiende-la-cota-de-los-9-550-puntos\/"},"author":{"name":"super-news","@id":"https:\/\/super-news.info\/es\/#\/schema\/person\/2d4068cb2f39cd10008c2fce578a7356"},"headline":"El Ibex abre plano en una sesi\u00f3n semifestiva y defiende la cota de los 9.550 puntos","datePublished":"2019-04-18T07:56:24+00:00","dateModified":"2019-04-18T07:56:25+00:00","mainEntityOfPage":{"@id":"https:\/\/super-news.info\/es\/el-ibex-abre-plano-en-una-sesion-semifestiva-y-defiende-la-cota-de-los-9-550-puntos\/"},"wordCount":280,"commentCount":0,"image":{"@id":"https:\/\/super-news.info\/es\/el-ibex-abre-plano-en-una-sesion-semifestiva-y-defiende-la-cota-de-los-9-550-puntos\/#primaryimage"},"thumbnailUrl":"https:\/\/super-news.info\/es\/wp-content\/uploads\/sites\/4\/2019\/04\/El-Ibex-abre-plano-en-una-sesi\u00f3n-semifestiva-y-defiende.jpg","articleSection":["NOTICIAS FINANCIERAS"],"inLanguage":"en-US","potentialAction":[{"@type":"CommentAction","name":"Comment","target":["https:\/\/super-news.info\/es\/el-ibex-abre-plano-en-una-sesion-semifestiva-y-defiende-la-cota-de-los-9-550-puntos\/#respond"]}]},{"@type":"WebPage","@id":"https:\/\/super-news.info\/es\/el-ibex-abre-plano-en-una-sesion-semifestiva-y-defiende-la-cota-de-los-9-550-puntos\/","url":"https:\/\/super-news.info\/es\/el-ibex-abre-plano-en-una-sesion-semifestiva-y-defiende-la-cota-de-los-9-550-puntos\/","name":"El Ibex abre plano en una sesi\u00f3n semifestiva y defiende la cota de los 9.550 puntos - Super News","isPartOf":{"@id":"https:\/\/super-news.info\/es\/#website"},"primaryImageOfPage":{"@id":"https:\/\/super-news.info\/es\/el-ibex-abre-plano-en-una-sesion-semifestiva-y-defiende-la-cota-de-los-9-550-puntos\/#primaryimage"},"image":{"@id":"https:\/\/super-news.info\/es\/el-ibex-abre-plano-en-una-sesion-semifestiva-y-defiende-la-cota-de-los-9-550-puntos\/#primaryimage"},"thumbnailUrl":"https:\/\/super-news.info\/es\/wp-content\/uploads\/sites\/4\/2019\/04\/El-Ibex-abre-plano-en-una-sesi\u00f3n-semifestiva-y-defiende.jpg","datePublished":"2019-04-18T07:56:24+00:00","dateModified":"2019-04-18T07:56:25+00:00","author":{"@id":"https:\/\/super-news.info\/es\/#\/schema\/person\/2d4068cb2f39cd10008c2fce578a7356"},"breadcrumb":{"@id":"https:\/\/super-news.info\/es\/el-ibex-abre-plano-en-una-sesion-semifestiva-y-defiende-la-cota-de-los-9-550-puntos\/#breadcrumb"},"inLanguage":"en-US","potentialAction":[{"@type":"ReadAction","target":["https:\/\/super-news.info\/es\/el-ibex-abre-plano-en-una-sesion-semifestiva-y-defiende-la-cota-de-los-9-550-puntos\/"]}]},{"@type":"ImageObject","inLanguage":"en-US","@id":"https:\/\/super-news.info\/es\/el-ibex-abre-plano-en-una-sesion-semifestiva-y-defiende-la-cota-de-los-9-550-puntos\/#primaryimage","url":"https:\/\/super-news.info\/es\/wp-content\/uploads\/sites\/4\/2019\/04\/El-Ibex-abre-plano-en-una-sesi\u00f3n-semifestiva-y-defiende.jpg","contentUrl":"https:\/\/super-news.info\/es\/wp-content\/uploads\/sites\/4\/2019\/04\/El-Ibex-abre-plano-en-una-sesi\u00f3n-semifestiva-y-defiende.jpg","width":120,"height":80,"caption":"El Ibex abre plano en una sesi\u00f3n semifestiva y defiende la cota de los 9.550 puntos"},{"@type":"BreadcrumbList","@id":"https:\/\/super-news.info\/es\/el-ibex-abre-plano-en-una-sesion-semifestiva-y-defiende-la-cota-de-los-9-550-puntos\/#breadcrumb","itemListElement":[{"@type":"ListItem","position":1,"name":"\u0413\u043b\u0430\u0432\u043d\u0430\u044f \u0441\u0442\u0440\u0430\u043d\u0438\u0446\u0430","item":"https:\/\/super-news.info\/es\/"},{"@type":"ListItem","position":2,"name":"El Ibex abre plano en una sesi\u00f3n semifestiva y defiende la cota de los 9.550 puntos"}]},{"@type":"WebSite","@id":"https:\/\/super-news.info\/es\/#website","url":"https:\/\/super-news.info\/es\/","name":"Super News","description":"Super News Espa\u00f1a","potentialAction":[{"@type":"SearchAction","target":{"@type":"EntryPoint","urlTemplate":"https:\/\/super-news.info\/es\/?s={search_term_string}"},"query-input":{"@type":"PropertyValueSpecification","valueRequired":true,"valueName":"search_term_string"}}],"inLanguage":"en-US"},{"@type":"Person","@id":"https:\/\/super-news.info\/es\/#\/schema\/person\/2d4068cb2f39cd10008c2fce578a7356","name":"super-news","image":{"@type":"ImageObject","inLanguage":"en-US","@id":"https:\/\/secure.gravatar.com\/avatar\/64ebac40b93f26a154f8a9b5b6fdccfc46f442b26b3dd6756dbff3bf9dc76fd7?s=96&d=mm&r=g","url":"https:\/\/secure.gravatar.com\/avatar\/64ebac40b93f26a154f8a9b5b6fdccfc46f442b26b3dd6756dbff3bf9dc76fd7?s=96&d=mm&r=g","contentUrl":"https:\/\/secure.gravatar.com\/avatar\/64ebac40b93f26a154f8a9b5b6fdccfc46f442b26b3dd6756dbff3bf9dc76fd7?s=96&d=mm&r=g","caption":"super-news"},"url":"https:\/\/super-news.info\/es\/author\/pt\/"}]}},"_links":{"self":[{"href":"https:\/\/super-news.info\/es\/wp-json\/wp\/v2\/posts\/236","targetHints":{"allow":["GET"]}}],"collection":[{"href":"https:\/\/super-news.info\/es\/wp-json\/wp\/v2\/posts"}],"about":[{"href":"https:\/\/super-news.info\/es\/wp-json\/wp\/v2\/types\/post"}],"author":[{"embeddable":true,"href":"https:\/\/super-news.info\/es\/wp-json\/wp\/v2\/users\/2"}],"replies":[{"embeddable":true,"href":"https:\/\/super-news.info\/es\/wp-json\/wp\/v2\/comments?post=236"}],"version-history":[{"count":1,"href":"https:\/\/super-news.info\/es\/wp-json\/wp\/v2\/posts\/236\/revisions"}],"predecessor-version":[{"id":238,"href":"https:\/\/super-news.info\/es\/wp-json\/wp\/v2\/posts\/236\/revisions\/238"}],"wp:featuredmedia":[{"embeddable":true,"href":"https:\/\/super-news.info\/es\/wp-json\/wp\/v2\/media\/237"}],"wp:attachment":[{"href":"https:\/\/super-news.info\/es\/wp-json\/wp\/v2\/media?parent=236"}],"wp:term":[{"taxonomy":"category","embeddable":true,"href":"https:\/\/super-news.info\/es\/wp-json\/wp\/v2\/categories?post=236"},{"taxonomy":"post_tag","embeddable":true,"href":"https:\/\/super-news.info\/es\/wp-json\/wp\/v2\/tags?post=236"}],"curies":[{"name":"wp","href":"https:\/\/api.w.org\/{rel}","templated":true}]}}