{"id":1573,"date":"2019-05-13T17:15:06","date_gmt":"2019-05-13T14:15:06","guid":{"rendered":"https:\/\/super-news.info\/es\/de-marcas-activistas-a-consumidores-activistas\/"},"modified":"2019-05-13T17:15:08","modified_gmt":"2019-05-13T14:15:08","slug":"de-marcas-activistas-a-consumidores-activistas","status":"publish","type":"post","link":"https:\/\/super-news.info\/es\/de-marcas-activistas-a-consumidores-activistas\/","title":{"rendered":"De marcas activistas a consumidores activistas"},"content":{"rendered":"<p> [ad_1]<br \/>\n<\/p>\n<div>\n<p><strong><span class=\"imgHomeDesBig lazyImg aligncenter \"><\/span>&#8220;Beyond the product, make them feel good for good&#8221;<\/strong>\u00a0es la mesa que moder\u00e9 en #SBPar\u00eds19, en la que se analiz\u00f3 el rol de los consumidores cu\u00e1ndo se vuelven activistas y demandan cambios en las marcas para impulsar cambios a nivel social, econ\u00f3mico, medioambiental o pol\u00edtico.<\/p>\n<p>Junto a Lisa Hogg, directora de Marketing EMEA de TOMS; Patricia Oliva, vicepresidenta global de Marketing de Evian, y Lisa Pike, vicepresidenta de Activismo Medioambiental de Patagonia, analizamos qu\u00e9 beneficios tienen las empresas cu\u00e1ndo atienden las demandas de los consumidores y fabrican productos que tienen un impacto positivo. Las tres tienen una gran experiencia en la relaci\u00f3n con los clientes y del impacto que generan las marcas en la sociedad. De esa conversaci\u00f3n, me quedo con cuatro ideas.<\/p>\n<p><strong>-Del activismo de marca al consumidor con influencia.<\/strong> Durante la charla se cuestion\u00f3 el compromiso de las marcas con los consumidores. Ya no resulta suficiente con que digan que apuestan por la Responsabilidad Social o por el activismo de marca si no pueden ayudar a los consumidores a contribuir al cambio y a que puedan marcar su propia diferencia. Para generar impacto las empresas no deber\u00edan asumir el papel de \u201cactor, h\u00e9roe o impulsores del cambio\u201d y relegar a su p\u00fablico potencial como meros \u201cbeneficiarios u observadores\u201d. Ser\u00eda err\u00f3neo.<\/p>\n<p>Lisa Pike reflexion\u00f3 sobre c\u00f3mo elegir una causa y mostrar el compromiso p\u00fablico. En el caso de Patagonia, empresa referente en activismo medioambiental, analiz\u00f3 qu\u00e9 le faltaba a la narrativa p\u00fablica y d\u00f3nde pod\u00edan contribuir con su activismo, como realizan con el cuidado de la naturaleza y del entorno. \u201cEducar al consumidor est\u00e1 bien, pero lo m\u00e1s importante es c\u00f3mo involucrarle para que se sume a tu causa\u201d, afirm\u00f3.<\/p>\n<p><strong>-Ser valientes y apostar por la disrupci\u00f3n.<\/strong> \u00bfQu\u00e9 ser\u00eda de una compa\u00f1\u00eda si no se atreve a innovar? \u00bfY si esa innovaci\u00f3n fuese disruptiva? Eso son los \u2018Moonshots\u2019, ideas radicales para generar cambios sist\u00e9micos en un entorno cada vez m\u00e1s incierto, pero que tambi\u00e9n genera grandes oportunidades. \u201cSi no somos lo suficientemente valientes, promovemos el status quo y nos quedamos como estamos\u201d, afirm\u00f3 Patricia Oliva, vicepresidenta global de Marketing de Evian.<\/p>\n<p>Mientras, Lisa Pike puso el ejemplo del fundador de Patagonia, Yvon Chouinard, que recientemente afirmaba: \u201cNo quiero vender ni m\u00e1s ropa ni ganar m\u00e1s dinero, porque eso supondr\u00eda seguir destruyendo el Planeta. Lo que quiero, entre otras cosas, es ayudar a impulsar la agricultura regenerativa a trav\u00e9s de la Regenerative Organic Alliance y cuidar de la Tierra\u201d.<\/p>\n<p><strong>-\u00bfC\u00f3mo pasar al activismo corporativo?<\/strong> Es dif\u00edcil que una compa\u00f1\u00eda se convierta al activismo si antes no ha tenido un compromiso con el desarrollo sostenible. No ser\u00eda lo deseable, pero como record\u00f3 Lisa Pike para transitar hacia el activismo corporativo es necesario que se asegure que si lo que quiere movilizar es necesario y la sociedad lo demanda. Si lo es, hay que buscar d\u00f3nde est\u00e1 el movimiento para amplificar el impacto.<\/p>\n<p>\u201cEl storytelling siempre tiene espacio si viene acompa\u00f1ado del storydoing, por eso la difusi\u00f3n del mensaje cada vez es m\u00e1s importante. Hay que ser audaces, pero tambi\u00e9n vulnerables para que puedas dialogar y te puedan criticar, no se puede ser superficial\u201d, afirm\u00f3 Lisa Hogg, directora de Marketing EMEA de TOMS, que dio otra de las claves del activismo corporativo: \u201cSer aut\u00e9ntico. Y eso s\u00f3lo se consigue cuando el consumidor da sentido a su relaci\u00f3n con la marca. En el caso de TOMS, por cada par de zapatos que vendemos entregamos otros a los que no los tienen. Se puede decir que ah\u00ed est\u00e1 nuestro prop\u00f3sito como marca, genera impacto a trav\u00e9s de la venta de zapatos\u201d.<\/p>\n<p><strong>-Radicalismo.<\/strong> El radicalismo puede verse como un fen\u00f3meno marginal o un espejo de las demandas sociales, pero \u00bfc\u00f3mo se est\u00e1 contagiando este radicalismo a la sociedad a trav\u00e9s del activismo de la marca? \u00bfLas marcas est\u00e1n listas para ser odiadas o simplemente para ser amadas?<\/p>\n<p>\u201cSi las marcas toman partido por una causa, tienen que ser conscientes de que no van a gustar a todo el mundo, tienen que estar preparadas para las cr\u00edticas y no asustarse del camino elegido\u201d, coment\u00f3 Lisa Pike.<\/p>\n<p>\u201cComo empresa tienes que afrontar los retos y luchar contra los problemas porque sino puedes acabar siendo irrelevante. Para ello, hay que involucrar a los empleados en esta carrera de fondo\u201d, valor\u00f3 Lisa Hogg.<\/p>\n<p>\u201cLa clave es la velocidad, si te ralentizas como empresa toda innovaci\u00f3n se pierde, por eso es necesario tener convicci\u00f3n para impulsar los cambios y el activismo\u201d, concluy\u00f3 Patricia Oliva.<\/p>\n<p>Cuatro ideas de tres mujeres inspiradoras que nos invitan a reflexionar c\u00f3mo acelerar el cambio.<\/p>\n<p><strong>Aqu\u00ed el v\u00eddeo de la conversaci\u00f3n celebrada durante #SBPar\u00eds19:\u00a0<\/strong><\/p>\n<p> <iframe loading=\"lazy\" src=\"http:\/\/www.youtube.com\/embed\/GNmyofpqUqY?enablejsapi=1&amp;version=3&amp;rel=0&amp;showinfo=0&amp;controls=0\" id=\"iframePlayer\" width=\"940\" height=\"529\" frameborder=\"0\" webkitallowfullscreen=\"\" mozallowfullscreen=\"\" allowfullscreen=\"\"><\/iframe><\/p>\n<p>Si no visualiza correctamente el v\u00eddeo embedded, haga clic aqu\u00ed.<\/p>\n<p><em><strong>Sandra Pina, socia y directora general de Quiero<\/strong><\/em><\/p>\n<\/div>\n<p><script>(function(d,s,id){var js,fjs=d.getElementsByTagName(s)[0];if(d.getElementById(id))return;js=d.createElement(s);js.id=id;js.src=\"http:\/\/connect.facebook.net\/es_LA\/sdk.js#xfbml=1&appId=408746052611679&version=v2.3\";fjs.parentNode.insertBefore(js,fjs);}(document,'script','facebook-jssdk'));<\/script><br \/>\n<br \/>[ad_2]<br \/>\n<br \/><a href=\"https:\/\/www.marketingdirecto.com\/punto-de-vista\/la-columna\/de-marcas-activistas-a-consumidores-activistas\">Source link <\/a><\/p>\n","protected":false},"excerpt":{"rendered":"<p>[ad_1] &#8220;Beyond the product, make them feel good for good&#8221;\u00a0es la mesa que moder\u00e9 en #SBPar\u00eds19, en la que se analiz\u00f3 el rol de los consumidores cu\u00e1ndo se vuelven activistas y demandan cambios en las marcas para impulsar cambios a nivel social, econ\u00f3mico, medioambiental o pol\u00edtico. Junto a Lisa Hogg, directora de Marketing EMEA de [&hellip;]<\/p>\n","protected":false},"author":2,"featured_media":1574,"comment_status":"open","ping_status":"open","sticky":false,"template":"","format":"standard","meta":{"footnotes":""},"categories":[2],"tags":[],"class_list":["post-1573","post","type-post","status-publish","format-standard","has-post-thumbnail","hentry","category-noticias-de-marketing-digital"],"yoast_head":"<!-- This site is optimized with the Yoast SEO plugin v27.4 - https:\/\/yoast.com\/product\/yoast-seo-wordpress\/ -->\n<title>De marcas activistas a consumidores activistas - Super News<\/title>\n<meta name=\"robots\" content=\"index, follow, max-snippet:-1, max-image-preview:large, max-video-preview:-1\" \/>\n<link rel=\"canonical\" href=\"https:\/\/super-news.info\/es\/de-marcas-activistas-a-consumidores-activistas\/\" \/>\n<meta property=\"og:locale\" content=\"en_US\" \/>\n<meta property=\"og:type\" content=\"article\" \/>\n<meta property=\"og:title\" content=\"De marcas activistas a consumidores activistas - Super News\" \/>\n<meta property=\"og:description\" content=\"[ad_1] &#8220;Beyond the product, make them feel good for good&#8221;\u00a0es la mesa que moder\u00e9 en #SBPar\u00eds19, en la que se analiz\u00f3 el rol de los consumidores cu\u00e1ndo se vuelven activistas y demandan cambios en las marcas para impulsar cambios a nivel social, econ\u00f3mico, medioambiental o pol\u00edtico. Junto a Lisa Hogg, directora de Marketing EMEA de [&hellip;]\" \/>\n<meta property=\"og:url\" content=\"https:\/\/super-news.info\/es\/de-marcas-activistas-a-consumidores-activistas\/\" \/>\n<meta property=\"og:site_name\" content=\"Super News\" \/>\n<meta property=\"article:published_time\" content=\"2019-05-13T14:15:06+00:00\" \/>\n<meta property=\"article:modified_time\" content=\"2019-05-13T14:15:08+00:00\" \/>\n<meta property=\"og:image\" content=\"https:\/\/super-news.info\/es\/wp-content\/uploads\/sites\/4\/2019\/05\/De-marcas-activistas-a-consumidores-activistas.jpg\" \/>\n\t<meta property=\"og:image:width\" content=\"626\" \/>\n\t<meta property=\"og:image:height\" content=\"364\" \/>\n\t<meta property=\"og:image:type\" content=\"image\/jpeg\" \/>\n<meta name=\"author\" content=\"super-news\" \/>\n<meta name=\"twitter:card\" content=\"summary_large_image\" \/>\n<meta name=\"twitter:label1\" content=\"Written by\" \/>\n\t<meta name=\"twitter:data1\" content=\"super-news\" \/>\n\t<meta name=\"twitter:label2\" content=\"Est. reading time\" \/>\n\t<meta name=\"twitter:data2\" content=\"4 minutes\" \/>\n<script type=\"application\/ld+json\" class=\"yoast-schema-graph\">{\"@context\":\"https:\\\/\\\/schema.org\",\"@graph\":[{\"@type\":\"Article\",\"@id\":\"https:\\\/\\\/super-news.info\\\/es\\\/de-marcas-activistas-a-consumidores-activistas\\\/#article\",\"isPartOf\":{\"@id\":\"https:\\\/\\\/super-news.info\\\/es\\\/de-marcas-activistas-a-consumidores-activistas\\\/\"},\"author\":{\"name\":\"super-news\",\"@id\":\"https:\\\/\\\/super-news.info\\\/es\\\/#\\\/schema\\\/person\\\/2d4068cb2f39cd10008c2fce578a7356\"},\"headline\":\"De marcas activistas a consumidores activistas\",\"datePublished\":\"2019-05-13T14:15:06+00:00\",\"dateModified\":\"2019-05-13T14:15:08+00:00\",\"mainEntityOfPage\":{\"@id\":\"https:\\\/\\\/super-news.info\\\/es\\\/de-marcas-activistas-a-consumidores-activistas\\\/\"},\"wordCount\":854,\"commentCount\":0,\"image\":{\"@id\":\"https:\\\/\\\/super-news.info\\\/es\\\/de-marcas-activistas-a-consumidores-activistas\\\/#primaryimage\"},\"thumbnailUrl\":\"https:\\\/\\\/super-news.info\\\/es\\\/wp-content\\\/uploads\\\/sites\\\/4\\\/2019\\\/05\\\/De-marcas-activistas-a-consumidores-activistas.jpg\",\"articleSection\":[\"NOTICIAS DE MARKETING DIGITAL\"],\"inLanguage\":\"en-US\",\"potentialAction\":[{\"@type\":\"CommentAction\",\"name\":\"Comment\",\"target\":[\"https:\\\/\\\/super-news.info\\\/es\\\/de-marcas-activistas-a-consumidores-activistas\\\/#respond\"]}]},{\"@type\":\"WebPage\",\"@id\":\"https:\\\/\\\/super-news.info\\\/es\\\/de-marcas-activistas-a-consumidores-activistas\\\/\",\"url\":\"https:\\\/\\\/super-news.info\\\/es\\\/de-marcas-activistas-a-consumidores-activistas\\\/\",\"name\":\"De marcas activistas a consumidores activistas - Super News\",\"isPartOf\":{\"@id\":\"https:\\\/\\\/super-news.info\\\/es\\\/#website\"},\"primaryImageOfPage\":{\"@id\":\"https:\\\/\\\/super-news.info\\\/es\\\/de-marcas-activistas-a-consumidores-activistas\\\/#primaryimage\"},\"image\":{\"@id\":\"https:\\\/\\\/super-news.info\\\/es\\\/de-marcas-activistas-a-consumidores-activistas\\\/#primaryimage\"},\"thumbnailUrl\":\"https:\\\/\\\/super-news.info\\\/es\\\/wp-content\\\/uploads\\\/sites\\\/4\\\/2019\\\/05\\\/De-marcas-activistas-a-consumidores-activistas.jpg\",\"datePublished\":\"2019-05-13T14:15:06+00:00\",\"dateModified\":\"2019-05-13T14:15:08+00:00\",\"author\":{\"@id\":\"https:\\\/\\\/super-news.info\\\/es\\\/#\\\/schema\\\/person\\\/2d4068cb2f39cd10008c2fce578a7356\"},\"breadcrumb\":{\"@id\":\"https:\\\/\\\/super-news.info\\\/es\\\/de-marcas-activistas-a-consumidores-activistas\\\/#breadcrumb\"},\"inLanguage\":\"en-US\",\"potentialAction\":[{\"@type\":\"ReadAction\",\"target\":[\"https:\\\/\\\/super-news.info\\\/es\\\/de-marcas-activistas-a-consumidores-activistas\\\/\"]}]},{\"@type\":\"ImageObject\",\"inLanguage\":\"en-US\",\"@id\":\"https:\\\/\\\/super-news.info\\\/es\\\/de-marcas-activistas-a-consumidores-activistas\\\/#primaryimage\",\"url\":\"https:\\\/\\\/super-news.info\\\/es\\\/wp-content\\\/uploads\\\/sites\\\/4\\\/2019\\\/05\\\/De-marcas-activistas-a-consumidores-activistas.jpg\",\"contentUrl\":\"https:\\\/\\\/super-news.info\\\/es\\\/wp-content\\\/uploads\\\/sites\\\/4\\\/2019\\\/05\\\/De-marcas-activistas-a-consumidores-activistas.jpg\",\"width\":626,\"height\":364,\"caption\":\"De marcas activistas a consumidores activistas\"},{\"@type\":\"BreadcrumbList\",\"@id\":\"https:\\\/\\\/super-news.info\\\/es\\\/de-marcas-activistas-a-consumidores-activistas\\\/#breadcrumb\",\"itemListElement\":[{\"@type\":\"ListItem\",\"position\":1,\"name\":\"\u0413\u043b\u0430\u0432\u043d\u0430\u044f \u0441\u0442\u0440\u0430\u043d\u0438\u0446\u0430\",\"item\":\"https:\\\/\\\/super-news.info\\\/es\\\/\"},{\"@type\":\"ListItem\",\"position\":2,\"name\":\"De marcas activistas a consumidores activistas\"}]},{\"@type\":\"WebSite\",\"@id\":\"https:\\\/\\\/super-news.info\\\/es\\\/#website\",\"url\":\"https:\\\/\\\/super-news.info\\\/es\\\/\",\"name\":\"Super News\",\"description\":\"Super News Espa\u00f1a\",\"potentialAction\":[{\"@type\":\"SearchAction\",\"target\":{\"@type\":\"EntryPoint\",\"urlTemplate\":\"https:\\\/\\\/super-news.info\\\/es\\\/?s={search_term_string}\"},\"query-input\":{\"@type\":\"PropertyValueSpecification\",\"valueRequired\":true,\"valueName\":\"search_term_string\"}}],\"inLanguage\":\"en-US\"},{\"@type\":\"Person\",\"@id\":\"https:\\\/\\\/super-news.info\\\/es\\\/#\\\/schema\\\/person\\\/2d4068cb2f39cd10008c2fce578a7356\",\"name\":\"super-news\",\"image\":{\"@type\":\"ImageObject\",\"inLanguage\":\"en-US\",\"@id\":\"https:\\\/\\\/secure.gravatar.com\\\/avatar\\\/64ebac40b93f26a154f8a9b5b6fdccfc46f442b26b3dd6756dbff3bf9dc76fd7?s=96&d=mm&r=g\",\"url\":\"https:\\\/\\\/secure.gravatar.com\\\/avatar\\\/64ebac40b93f26a154f8a9b5b6fdccfc46f442b26b3dd6756dbff3bf9dc76fd7?s=96&d=mm&r=g\",\"contentUrl\":\"https:\\\/\\\/secure.gravatar.com\\\/avatar\\\/64ebac40b93f26a154f8a9b5b6fdccfc46f442b26b3dd6756dbff3bf9dc76fd7?s=96&d=mm&r=g\",\"caption\":\"super-news\"},\"url\":\"https:\\\/\\\/super-news.info\\\/es\\\/author\\\/pt\\\/\"}]}<\/script>\n<!-- \/ Yoast SEO plugin. -->","yoast_head_json":{"title":"De marcas activistas a consumidores activistas - Super News","robots":{"index":"index","follow":"follow","max-snippet":"max-snippet:-1","max-image-preview":"max-image-preview:large","max-video-preview":"max-video-preview:-1"},"canonical":"https:\/\/super-news.info\/es\/de-marcas-activistas-a-consumidores-activistas\/","og_locale":"en_US","og_type":"article","og_title":"De marcas activistas a consumidores activistas - Super News","og_description":"[ad_1] &#8220;Beyond the product, make them feel good for good&#8221;\u00a0es la mesa que moder\u00e9 en #SBPar\u00eds19, en la que se analiz\u00f3 el rol de los consumidores cu\u00e1ndo se vuelven activistas y demandan cambios en las marcas para impulsar cambios a nivel social, econ\u00f3mico, medioambiental o pol\u00edtico. Junto a Lisa Hogg, directora de Marketing EMEA de [&hellip;]","og_url":"https:\/\/super-news.info\/es\/de-marcas-activistas-a-consumidores-activistas\/","og_site_name":"Super News","article_published_time":"2019-05-13T14:15:06+00:00","article_modified_time":"2019-05-13T14:15:08+00:00","og_image":[{"width":626,"height":364,"url":"https:\/\/super-news.info\/es\/wp-content\/uploads\/sites\/4\/2019\/05\/De-marcas-activistas-a-consumidores-activistas.jpg","type":"image\/jpeg"}],"author":"super-news","twitter_card":"summary_large_image","twitter_misc":{"Written by":"super-news","Est. reading time":"4 minutes"},"schema":{"@context":"https:\/\/schema.org","@graph":[{"@type":"Article","@id":"https:\/\/super-news.info\/es\/de-marcas-activistas-a-consumidores-activistas\/#article","isPartOf":{"@id":"https:\/\/super-news.info\/es\/de-marcas-activistas-a-consumidores-activistas\/"},"author":{"name":"super-news","@id":"https:\/\/super-news.info\/es\/#\/schema\/person\/2d4068cb2f39cd10008c2fce578a7356"},"headline":"De marcas activistas a consumidores activistas","datePublished":"2019-05-13T14:15:06+00:00","dateModified":"2019-05-13T14:15:08+00:00","mainEntityOfPage":{"@id":"https:\/\/super-news.info\/es\/de-marcas-activistas-a-consumidores-activistas\/"},"wordCount":854,"commentCount":0,"image":{"@id":"https:\/\/super-news.info\/es\/de-marcas-activistas-a-consumidores-activistas\/#primaryimage"},"thumbnailUrl":"https:\/\/super-news.info\/es\/wp-content\/uploads\/sites\/4\/2019\/05\/De-marcas-activistas-a-consumidores-activistas.jpg","articleSection":["NOTICIAS DE MARKETING DIGITAL"],"inLanguage":"en-US","potentialAction":[{"@type":"CommentAction","name":"Comment","target":["https:\/\/super-news.info\/es\/de-marcas-activistas-a-consumidores-activistas\/#respond"]}]},{"@type":"WebPage","@id":"https:\/\/super-news.info\/es\/de-marcas-activistas-a-consumidores-activistas\/","url":"https:\/\/super-news.info\/es\/de-marcas-activistas-a-consumidores-activistas\/","name":"De marcas activistas a consumidores activistas - Super News","isPartOf":{"@id":"https:\/\/super-news.info\/es\/#website"},"primaryImageOfPage":{"@id":"https:\/\/super-news.info\/es\/de-marcas-activistas-a-consumidores-activistas\/#primaryimage"},"image":{"@id":"https:\/\/super-news.info\/es\/de-marcas-activistas-a-consumidores-activistas\/#primaryimage"},"thumbnailUrl":"https:\/\/super-news.info\/es\/wp-content\/uploads\/sites\/4\/2019\/05\/De-marcas-activistas-a-consumidores-activistas.jpg","datePublished":"2019-05-13T14:15:06+00:00","dateModified":"2019-05-13T14:15:08+00:00","author":{"@id":"https:\/\/super-news.info\/es\/#\/schema\/person\/2d4068cb2f39cd10008c2fce578a7356"},"breadcrumb":{"@id":"https:\/\/super-news.info\/es\/de-marcas-activistas-a-consumidores-activistas\/#breadcrumb"},"inLanguage":"en-US","potentialAction":[{"@type":"ReadAction","target":["https:\/\/super-news.info\/es\/de-marcas-activistas-a-consumidores-activistas\/"]}]},{"@type":"ImageObject","inLanguage":"en-US","@id":"https:\/\/super-news.info\/es\/de-marcas-activistas-a-consumidores-activistas\/#primaryimage","url":"https:\/\/super-news.info\/es\/wp-content\/uploads\/sites\/4\/2019\/05\/De-marcas-activistas-a-consumidores-activistas.jpg","contentUrl":"https:\/\/super-news.info\/es\/wp-content\/uploads\/sites\/4\/2019\/05\/De-marcas-activistas-a-consumidores-activistas.jpg","width":626,"height":364,"caption":"De marcas activistas a consumidores activistas"},{"@type":"BreadcrumbList","@id":"https:\/\/super-news.info\/es\/de-marcas-activistas-a-consumidores-activistas\/#breadcrumb","itemListElement":[{"@type":"ListItem","position":1,"name":"\u0413\u043b\u0430\u0432\u043d\u0430\u044f \u0441\u0442\u0440\u0430\u043d\u0438\u0446\u0430","item":"https:\/\/super-news.info\/es\/"},{"@type":"ListItem","position":2,"name":"De marcas activistas a consumidores activistas"}]},{"@type":"WebSite","@id":"https:\/\/super-news.info\/es\/#website","url":"https:\/\/super-news.info\/es\/","name":"Super News","description":"Super News Espa\u00f1a","potentialAction":[{"@type":"SearchAction","target":{"@type":"EntryPoint","urlTemplate":"https:\/\/super-news.info\/es\/?s={search_term_string}"},"query-input":{"@type":"PropertyValueSpecification","valueRequired":true,"valueName":"search_term_string"}}],"inLanguage":"en-US"},{"@type":"Person","@id":"https:\/\/super-news.info\/es\/#\/schema\/person\/2d4068cb2f39cd10008c2fce578a7356","name":"super-news","image":{"@type":"ImageObject","inLanguage":"en-US","@id":"https:\/\/secure.gravatar.com\/avatar\/64ebac40b93f26a154f8a9b5b6fdccfc46f442b26b3dd6756dbff3bf9dc76fd7?s=96&d=mm&r=g","url":"https:\/\/secure.gravatar.com\/avatar\/64ebac40b93f26a154f8a9b5b6fdccfc46f442b26b3dd6756dbff3bf9dc76fd7?s=96&d=mm&r=g","contentUrl":"https:\/\/secure.gravatar.com\/avatar\/64ebac40b93f26a154f8a9b5b6fdccfc46f442b26b3dd6756dbff3bf9dc76fd7?s=96&d=mm&r=g","caption":"super-news"},"url":"https:\/\/super-news.info\/es\/author\/pt\/"}]}},"_links":{"self":[{"href":"https:\/\/super-news.info\/es\/wp-json\/wp\/v2\/posts\/1573","targetHints":{"allow":["GET"]}}],"collection":[{"href":"https:\/\/super-news.info\/es\/wp-json\/wp\/v2\/posts"}],"about":[{"href":"https:\/\/super-news.info\/es\/wp-json\/wp\/v2\/types\/post"}],"author":[{"embeddable":true,"href":"https:\/\/super-news.info\/es\/wp-json\/wp\/v2\/users\/2"}],"replies":[{"embeddable":true,"href":"https:\/\/super-news.info\/es\/wp-json\/wp\/v2\/comments?post=1573"}],"version-history":[{"count":1,"href":"https:\/\/super-news.info\/es\/wp-json\/wp\/v2\/posts\/1573\/revisions"}],"predecessor-version":[{"id":1575,"href":"https:\/\/super-news.info\/es\/wp-json\/wp\/v2\/posts\/1573\/revisions\/1575"}],"wp:featuredmedia":[{"embeddable":true,"href":"https:\/\/super-news.info\/es\/wp-json\/wp\/v2\/media\/1574"}],"wp:attachment":[{"href":"https:\/\/super-news.info\/es\/wp-json\/wp\/v2\/media?parent=1573"}],"wp:term":[{"taxonomy":"category","embeddable":true,"href":"https:\/\/super-news.info\/es\/wp-json\/wp\/v2\/categories?post=1573"},{"taxonomy":"post_tag","embeddable":true,"href":"https:\/\/super-news.info\/es\/wp-json\/wp\/v2\/tags?post=1573"}],"curies":[{"name":"wp","href":"https:\/\/api.w.org\/{rel}","templated":true}]}}