{"id":15598,"date":"2021-08-05T19:35:21","date_gmt":"2021-08-05T16:35:21","guid":{"rendered":"https:\/\/super-news.info\/es\/la-cupula-de-sabadell-redujo-su-sueldo-un-9-3-en-el-primer-semestre-hasta-3-3-millones-de-euros\/"},"modified":"2021-08-05T19:35:22","modified_gmt":"2021-08-05T16:35:22","slug":"la-cupula-de-sabadell-redujo-su-sueldo-un-9-3-en-el-primer-semestre-hasta-3-3-millones-de-euros","status":"publish","type":"post","link":"https:\/\/super-news.info\/es\/la-cupula-de-sabadell-redujo-su-sueldo-un-9-3-en-el-primer-semestre-hasta-3-3-millones-de-euros\/","title":{"rendered":"La c\u00fapula de Sabadell redujo su sueldo un 9,3% en el primer semestre, hasta 3,3 millones de euros"},"content":{"rendered":"<p>\nSabadell destin\u00f3 1,8 millones a indemnizar a Guardiola, Negro y Garc\u00eda Beato, y 4,4 millones a sus planes de ahorro<br \/>\n   MADRID, 5 Ago. (EUROPA PRESS) &#8211;<br \/>\n   El consejo de administraci\u00f3n de Banco Sabadell percibi\u00f3 un total de 3,35 millones de euros en el primer semestre del a\u00f1o, un 9,25% menos en comparaci\u00f3n con el mismo periodo de 2020, sin incluir el 50% de retribuci\u00f3n variable correspondiente a los primeros seis meses de 2021 que podr\u00eda recibir supeditado al cumplimiento de una serie de condiciones, seg\u00fan se recoge en la memoria semestral remitida este jueves a la Comisi\u00f3n Nacional del Mercado de Valores (CNMV).<br \/>\n   Si se incluyen las retribuciones variables en efectivo y en acciones, 381.000 y 430.000 euros, respectivamente, la remuneraci\u00f3n total ascender\u00eda a casi 4,2 millones de euros, un 12% m\u00e1s que en el primer semestre de 2020, cuando los miembros del consejo de administraci\u00f3n percibieron 3,718 millones de euros.<br \/>\n   Cabe recordar que en 2020, la c\u00fapula de la entidad decidi\u00f3 renunciar al cobro de la retribuci\u00f3n variable por la situaci\u00f3n derivada de la pandemia de la Covid-19.<br \/>\n   Adem\u00e1s, estas retribuciones variables, seg\u00fan consta en la memoria semestral, no suponen &#8220;ning\u00fan derecho devengado ni exigible&#8221;, pudi\u00e9ndose no materializar finalmente al depender del cumplimiento de objetivos a final de 2021.<br \/>\n   Por otro lado, Banco Sabadell destin\u00f3 en el primer semestre 1,849 millones a indemnizar al ex consejero delegado, Jaime Guardiola, al ex consejero ejecutivo Jos\u00e9 Luis Negro y a la ex consejera independiente y secretaria general, Mar\u00eda Jos\u00e9 Garc\u00eda Beato, as\u00ed como 4,4 millones de euros de aportaciones extraordinarias a sus sistemas de ahorro a largo plazo.<br \/>\n   La salida de Jaime Guardiola se produjo a finales de abril, despu\u00e9s de 13 a\u00f1os como consejero delegado de la entidad, siendo sustituido por C\u00e9sar Gonz\u00e1lez-Bueno. En cuanto a Jos\u00e9 Luis Negro, si bien anunci\u00f3 su salida a finales de septiembre de 2020, no ha sido hasta finales del a\u00f1o pasado cuando se hizo efectiva.<br \/>\n   Por su parte, la salida de Garc\u00eda Beato del consejo de administraci\u00f3n se enmarc\u00f3 en la reorganizaci\u00f3n que Gonz\u00e1lez-Bueno realiz\u00f3 tras ponerse al frente de la entidad como CEO, aunque se mantiene como consejera no ejecutiva.<br \/>\n   En cuanto a las remuneraciones al resto de miembros de la alta direcci\u00f3n que no son miembros el consejo de administraci\u00f3n y a la directora de Auditor\u00eda Interna, el banco destin\u00f3 2,788 millones de euros a su pago, un 9,3% m\u00e1s que en 2020.<br \/>\n   La remuneraci\u00f3n de 2021 incluye importes de retribuci\u00f3n variable a 30 de junio de 2021 correspondientes al 50% del variable te\u00f3rico, &#8220;sin que ello suponga ning\u00fan derecho devengado y exigible por este concepto, pudiendo no materializarse&#8221;, se\u00f1ala la memoria.<br \/>\n    Recuerda, asimismo, que en 2020 no se incluy\u00f3 ning\u00fan importe de retribuci\u00f3n variable por haber renunciado a ella los miembros de la alta direcci\u00f3n de Sabadell.<br \/>\n   Adem\u00e1s, se destinaron 5,340 millones de euros en concepto de indemnizaci\u00f3n y que se corresponden con obligaciones legales o contractuales asumidas con anterioridad. Esta cifra incluye tambi\u00e9n la indemnizaci\u00f3n a Tom\u00e1s Varela, el exdirector financiero, que dej\u00f3 el banco tras 29 a\u00f1os en la entidad.<br \/>\n<br \/>\n<!--noindex--><br \/>\n<a href=\"https:\/\/www.europapress.es\/economia\/finanzas-00340\/noticia-cupula-sabadell-redujo-sueldo-93-primer-semestre-33-millones-euros-20210805181452.html\" rel=\"nofollow\">Source link <\/a><br \/>\n<!--\/noindex--><\/p>\n","protected":false},"excerpt":{"rendered":"<p>Sabadell destin\u00f3 1,8 millones a indemnizar a Guardiola, Negro y Garc\u00eda Beato, y 4,4 millones a sus planes de ahorro MADRID, 5 Ago. (EUROPA PRESS) &#8211; El consejo de administraci\u00f3n de Banco Sabadell percibi\u00f3 un total de 3,35 millones de euros en el primer semestre del a\u00f1o, un 9,25% menos en comparaci\u00f3n con el mismo [&hellip;]<\/p>\n","protected":false},"author":2,"featured_media":15599,"comment_status":"open","ping_status":"open","sticky":false,"template":"","format":"standard","meta":{"footnotes":""},"categories":[1],"tags":[],"class_list":["post-15598","post","type-post","status-publish","format-standard","has-post-thumbnail","hentry","category-noticias-financieras"],"yoast_head":"<!-- This site is optimized with the Yoast SEO plugin v27.4 - https:\/\/yoast.com\/product\/yoast-seo-wordpress\/ -->\n<title>La c\u00fapula de Sabadell redujo su sueldo un 9,3% en el primer semestre, hasta 3,3 millones de euros - Super News<\/title>\n<meta name=\"robots\" content=\"index, follow, max-snippet:-1, max-image-preview:large, max-video-preview:-1\" \/>\n<link rel=\"canonical\" href=\"https:\/\/super-news.info\/es\/la-cupula-de-sabadell-redujo-su-sueldo-un-9-3-en-el-primer-semestre-hasta-3-3-millones-de-euros\/\" \/>\n<meta property=\"og:locale\" content=\"en_US\" \/>\n<meta property=\"og:type\" content=\"article\" \/>\n<meta property=\"og:title\" content=\"La c\u00fapula de Sabadell redujo su sueldo un 9,3% en el primer semestre, hasta 3,3 millones de euros - Super News\" \/>\n<meta property=\"og:description\" content=\"Sabadell destin\u00f3 1,8 millones a indemnizar a Guardiola, Negro y Garc\u00eda Beato, y 4,4 millones a sus planes de ahorro MADRID, 5 Ago. (EUROPA PRESS) &#8211; El consejo de administraci\u00f3n de Banco Sabadell percibi\u00f3 un total de 3,35 millones de euros en el primer semestre del a\u00f1o, un 9,25% menos en comparaci\u00f3n con el mismo [&hellip;]\" \/>\n<meta property=\"og:url\" content=\"https:\/\/super-news.info\/es\/la-cupula-de-sabadell-redujo-su-sueldo-un-9-3-en-el-primer-semestre-hasta-3-3-millones-de-euros\/\" \/>\n<meta property=\"og:site_name\" content=\"Super News\" \/>\n<meta property=\"article:published_time\" content=\"2021-08-05T16:35:21+00:00\" \/>\n<meta property=\"article:modified_time\" content=\"2021-08-05T16:35:22+00:00\" \/>\n<meta property=\"og:image\" content=\"https:\/\/super-news.info\/es\/wp-content\/uploads\/sites\/4\/2021\/08\/La-cupula-de-Sabadell-redujo-su-sueldo-un-93-en.jpg\" \/>\n\t<meta property=\"og:image:width\" content=\"120\" \/>\n\t<meta property=\"og:image:height\" content=\"78\" \/>\n\t<meta property=\"og:image:type\" content=\"image\/jpeg\" \/>\n<meta name=\"author\" content=\"super-news\" \/>\n<meta name=\"twitter:card\" content=\"summary_large_image\" \/>\n<meta name=\"twitter:label1\" content=\"Written by\" \/>\n\t<meta name=\"twitter:data1\" content=\"super-news\" \/>\n\t<meta name=\"twitter:label2\" content=\"Est. reading time\" \/>\n\t<meta name=\"twitter:data2\" content=\"3 minutes\" \/>\n<script type=\"application\/ld+json\" class=\"yoast-schema-graph\">{\"@context\":\"https:\\\/\\\/schema.org\",\"@graph\":[{\"@type\":\"Article\",\"@id\":\"https:\\\/\\\/super-news.info\\\/es\\\/la-cupula-de-sabadell-redujo-su-sueldo-un-9-3-en-el-primer-semestre-hasta-3-3-millones-de-euros\\\/#article\",\"isPartOf\":{\"@id\":\"https:\\\/\\\/super-news.info\\\/es\\\/la-cupula-de-sabadell-redujo-su-sueldo-un-9-3-en-el-primer-semestre-hasta-3-3-millones-de-euros\\\/\"},\"author\":{\"name\":\"super-news\",\"@id\":\"https:\\\/\\\/super-news.info\\\/es\\\/#\\\/schema\\\/person\\\/2d4068cb2f39cd10008c2fce578a7356\"},\"headline\":\"La c\u00fapula de Sabadell redujo su sueldo un 9,3% en el primer semestre, hasta 3,3 millones de euros\",\"datePublished\":\"2021-08-05T16:35:21+00:00\",\"dateModified\":\"2021-08-05T16:35:22+00:00\",\"mainEntityOfPage\":{\"@id\":\"https:\\\/\\\/super-news.info\\\/es\\\/la-cupula-de-sabadell-redujo-su-sueldo-un-9-3-en-el-primer-semestre-hasta-3-3-millones-de-euros\\\/\"},\"wordCount\":549,\"commentCount\":0,\"image\":{\"@id\":\"https:\\\/\\\/super-news.info\\\/es\\\/la-cupula-de-sabadell-redujo-su-sueldo-un-9-3-en-el-primer-semestre-hasta-3-3-millones-de-euros\\\/#primaryimage\"},\"thumbnailUrl\":\"https:\\\/\\\/super-news.info\\\/es\\\/wp-content\\\/uploads\\\/sites\\\/4\\\/2021\\\/08\\\/La-cupula-de-Sabadell-redujo-su-sueldo-un-93-en.jpg\",\"articleSection\":[\"NOTICIAS FINANCIERAS\"],\"inLanguage\":\"en-US\",\"potentialAction\":[{\"@type\":\"CommentAction\",\"name\":\"Comment\",\"target\":[\"https:\\\/\\\/super-news.info\\\/es\\\/la-cupula-de-sabadell-redujo-su-sueldo-un-9-3-en-el-primer-semestre-hasta-3-3-millones-de-euros\\\/#respond\"]}]},{\"@type\":\"WebPage\",\"@id\":\"https:\\\/\\\/super-news.info\\\/es\\\/la-cupula-de-sabadell-redujo-su-sueldo-un-9-3-en-el-primer-semestre-hasta-3-3-millones-de-euros\\\/\",\"url\":\"https:\\\/\\\/super-news.info\\\/es\\\/la-cupula-de-sabadell-redujo-su-sueldo-un-9-3-en-el-primer-semestre-hasta-3-3-millones-de-euros\\\/\",\"name\":\"La c\u00fapula de Sabadell redujo su sueldo un 9,3% en el primer semestre, hasta 3,3 millones de euros - Super News\",\"isPartOf\":{\"@id\":\"https:\\\/\\\/super-news.info\\\/es\\\/#website\"},\"primaryImageOfPage\":{\"@id\":\"https:\\\/\\\/super-news.info\\\/es\\\/la-cupula-de-sabadell-redujo-su-sueldo-un-9-3-en-el-primer-semestre-hasta-3-3-millones-de-euros\\\/#primaryimage\"},\"image\":{\"@id\":\"https:\\\/\\\/super-news.info\\\/es\\\/la-cupula-de-sabadell-redujo-su-sueldo-un-9-3-en-el-primer-semestre-hasta-3-3-millones-de-euros\\\/#primaryimage\"},\"thumbnailUrl\":\"https:\\\/\\\/super-news.info\\\/es\\\/wp-content\\\/uploads\\\/sites\\\/4\\\/2021\\\/08\\\/La-cupula-de-Sabadell-redujo-su-sueldo-un-93-en.jpg\",\"datePublished\":\"2021-08-05T16:35:21+00:00\",\"dateModified\":\"2021-08-05T16:35:22+00:00\",\"author\":{\"@id\":\"https:\\\/\\\/super-news.info\\\/es\\\/#\\\/schema\\\/person\\\/2d4068cb2f39cd10008c2fce578a7356\"},\"breadcrumb\":{\"@id\":\"https:\\\/\\\/super-news.info\\\/es\\\/la-cupula-de-sabadell-redujo-su-sueldo-un-9-3-en-el-primer-semestre-hasta-3-3-millones-de-euros\\\/#breadcrumb\"},\"inLanguage\":\"en-US\",\"potentialAction\":[{\"@type\":\"ReadAction\",\"target\":[\"https:\\\/\\\/super-news.info\\\/es\\\/la-cupula-de-sabadell-redujo-su-sueldo-un-9-3-en-el-primer-semestre-hasta-3-3-millones-de-euros\\\/\"]}]},{\"@type\":\"ImageObject\",\"inLanguage\":\"en-US\",\"@id\":\"https:\\\/\\\/super-news.info\\\/es\\\/la-cupula-de-sabadell-redujo-su-sueldo-un-9-3-en-el-primer-semestre-hasta-3-3-millones-de-euros\\\/#primaryimage\",\"url\":\"https:\\\/\\\/super-news.info\\\/es\\\/wp-content\\\/uploads\\\/sites\\\/4\\\/2021\\\/08\\\/La-cupula-de-Sabadell-redujo-su-sueldo-un-93-en.jpg\",\"contentUrl\":\"https:\\\/\\\/super-news.info\\\/es\\\/wp-content\\\/uploads\\\/sites\\\/4\\\/2021\\\/08\\\/La-cupula-de-Sabadell-redujo-su-sueldo-un-93-en.jpg\",\"width\":120,\"height\":78,\"caption\":\"La c\u00fapula de Sabadell redujo su sueldo un 9,3% en el primer semestre, hasta 3,3 millones de euros\"},{\"@type\":\"BreadcrumbList\",\"@id\":\"https:\\\/\\\/super-news.info\\\/es\\\/la-cupula-de-sabadell-redujo-su-sueldo-un-9-3-en-el-primer-semestre-hasta-3-3-millones-de-euros\\\/#breadcrumb\",\"itemListElement\":[{\"@type\":\"ListItem\",\"position\":1,\"name\":\"\u0413\u043b\u0430\u0432\u043d\u0430\u044f \u0441\u0442\u0440\u0430\u043d\u0438\u0446\u0430\",\"item\":\"https:\\\/\\\/super-news.info\\\/es\\\/\"},{\"@type\":\"ListItem\",\"position\":2,\"name\":\"La c\u00fapula de Sabadell redujo su sueldo un 9,3% en el primer semestre, hasta 3,3 millones de euros\"}]},{\"@type\":\"WebSite\",\"@id\":\"https:\\\/\\\/super-news.info\\\/es\\\/#website\",\"url\":\"https:\\\/\\\/super-news.info\\\/es\\\/\",\"name\":\"Super News\",\"description\":\"Super News Espa\u00f1a\",\"potentialAction\":[{\"@type\":\"SearchAction\",\"target\":{\"@type\":\"EntryPoint\",\"urlTemplate\":\"https:\\\/\\\/super-news.info\\\/es\\\/?s={search_term_string}\"},\"query-input\":{\"@type\":\"PropertyValueSpecification\",\"valueRequired\":true,\"valueName\":\"search_term_string\"}}],\"inLanguage\":\"en-US\"},{\"@type\":\"Person\",\"@id\":\"https:\\\/\\\/super-news.info\\\/es\\\/#\\\/schema\\\/person\\\/2d4068cb2f39cd10008c2fce578a7356\",\"name\":\"super-news\",\"image\":{\"@type\":\"ImageObject\",\"inLanguage\":\"en-US\",\"@id\":\"https:\\\/\\\/secure.gravatar.com\\\/avatar\\\/64ebac40b93f26a154f8a9b5b6fdccfc46f442b26b3dd6756dbff3bf9dc76fd7?s=96&d=mm&r=g\",\"url\":\"https:\\\/\\\/secure.gravatar.com\\\/avatar\\\/64ebac40b93f26a154f8a9b5b6fdccfc46f442b26b3dd6756dbff3bf9dc76fd7?s=96&d=mm&r=g\",\"contentUrl\":\"https:\\\/\\\/secure.gravatar.com\\\/avatar\\\/64ebac40b93f26a154f8a9b5b6fdccfc46f442b26b3dd6756dbff3bf9dc76fd7?s=96&d=mm&r=g\",\"caption\":\"super-news\"},\"url\":\"https:\\\/\\\/super-news.info\\\/es\\\/author\\\/pt\\\/\"}]}<\/script>\n<!-- \/ Yoast SEO plugin. -->","yoast_head_json":{"title":"La c\u00fapula de Sabadell redujo su sueldo un 9,3% en el primer semestre, hasta 3,3 millones de euros - Super News","robots":{"index":"index","follow":"follow","max-snippet":"max-snippet:-1","max-image-preview":"max-image-preview:large","max-video-preview":"max-video-preview:-1"},"canonical":"https:\/\/super-news.info\/es\/la-cupula-de-sabadell-redujo-su-sueldo-un-9-3-en-el-primer-semestre-hasta-3-3-millones-de-euros\/","og_locale":"en_US","og_type":"article","og_title":"La c\u00fapula de Sabadell redujo su sueldo un 9,3% en el primer semestre, hasta 3,3 millones de euros - Super News","og_description":"Sabadell destin\u00f3 1,8 millones a indemnizar a Guardiola, Negro y Garc\u00eda Beato, y 4,4 millones a sus planes de ahorro MADRID, 5 Ago. (EUROPA PRESS) &#8211; El consejo de administraci\u00f3n de Banco Sabadell percibi\u00f3 un total de 3,35 millones de euros en el primer semestre del a\u00f1o, un 9,25% menos en comparaci\u00f3n con el mismo [&hellip;]","og_url":"https:\/\/super-news.info\/es\/la-cupula-de-sabadell-redujo-su-sueldo-un-9-3-en-el-primer-semestre-hasta-3-3-millones-de-euros\/","og_site_name":"Super News","article_published_time":"2021-08-05T16:35:21+00:00","article_modified_time":"2021-08-05T16:35:22+00:00","og_image":[{"width":120,"height":78,"url":"https:\/\/super-news.info\/es\/wp-content\/uploads\/sites\/4\/2021\/08\/La-cupula-de-Sabadell-redujo-su-sueldo-un-93-en.jpg","type":"image\/jpeg"}],"author":"super-news","twitter_card":"summary_large_image","twitter_misc":{"Written by":"super-news","Est. reading time":"3 minutes"},"schema":{"@context":"https:\/\/schema.org","@graph":[{"@type":"Article","@id":"https:\/\/super-news.info\/es\/la-cupula-de-sabadell-redujo-su-sueldo-un-9-3-en-el-primer-semestre-hasta-3-3-millones-de-euros\/#article","isPartOf":{"@id":"https:\/\/super-news.info\/es\/la-cupula-de-sabadell-redujo-su-sueldo-un-9-3-en-el-primer-semestre-hasta-3-3-millones-de-euros\/"},"author":{"name":"super-news","@id":"https:\/\/super-news.info\/es\/#\/schema\/person\/2d4068cb2f39cd10008c2fce578a7356"},"headline":"La c\u00fapula de Sabadell redujo su sueldo un 9,3% en el primer semestre, hasta 3,3 millones de euros","datePublished":"2021-08-05T16:35:21+00:00","dateModified":"2021-08-05T16:35:22+00:00","mainEntityOfPage":{"@id":"https:\/\/super-news.info\/es\/la-cupula-de-sabadell-redujo-su-sueldo-un-9-3-en-el-primer-semestre-hasta-3-3-millones-de-euros\/"},"wordCount":549,"commentCount":0,"image":{"@id":"https:\/\/super-news.info\/es\/la-cupula-de-sabadell-redujo-su-sueldo-un-9-3-en-el-primer-semestre-hasta-3-3-millones-de-euros\/#primaryimage"},"thumbnailUrl":"https:\/\/super-news.info\/es\/wp-content\/uploads\/sites\/4\/2021\/08\/La-cupula-de-Sabadell-redujo-su-sueldo-un-93-en.jpg","articleSection":["NOTICIAS FINANCIERAS"],"inLanguage":"en-US","potentialAction":[{"@type":"CommentAction","name":"Comment","target":["https:\/\/super-news.info\/es\/la-cupula-de-sabadell-redujo-su-sueldo-un-9-3-en-el-primer-semestre-hasta-3-3-millones-de-euros\/#respond"]}]},{"@type":"WebPage","@id":"https:\/\/super-news.info\/es\/la-cupula-de-sabadell-redujo-su-sueldo-un-9-3-en-el-primer-semestre-hasta-3-3-millones-de-euros\/","url":"https:\/\/super-news.info\/es\/la-cupula-de-sabadell-redujo-su-sueldo-un-9-3-en-el-primer-semestre-hasta-3-3-millones-de-euros\/","name":"La c\u00fapula de Sabadell redujo su sueldo un 9,3% en el primer semestre, hasta 3,3 millones de euros - Super News","isPartOf":{"@id":"https:\/\/super-news.info\/es\/#website"},"primaryImageOfPage":{"@id":"https:\/\/super-news.info\/es\/la-cupula-de-sabadell-redujo-su-sueldo-un-9-3-en-el-primer-semestre-hasta-3-3-millones-de-euros\/#primaryimage"},"image":{"@id":"https:\/\/super-news.info\/es\/la-cupula-de-sabadell-redujo-su-sueldo-un-9-3-en-el-primer-semestre-hasta-3-3-millones-de-euros\/#primaryimage"},"thumbnailUrl":"https:\/\/super-news.info\/es\/wp-content\/uploads\/sites\/4\/2021\/08\/La-cupula-de-Sabadell-redujo-su-sueldo-un-93-en.jpg","datePublished":"2021-08-05T16:35:21+00:00","dateModified":"2021-08-05T16:35:22+00:00","author":{"@id":"https:\/\/super-news.info\/es\/#\/schema\/person\/2d4068cb2f39cd10008c2fce578a7356"},"breadcrumb":{"@id":"https:\/\/super-news.info\/es\/la-cupula-de-sabadell-redujo-su-sueldo-un-9-3-en-el-primer-semestre-hasta-3-3-millones-de-euros\/#breadcrumb"},"inLanguage":"en-US","potentialAction":[{"@type":"ReadAction","target":["https:\/\/super-news.info\/es\/la-cupula-de-sabadell-redujo-su-sueldo-un-9-3-en-el-primer-semestre-hasta-3-3-millones-de-euros\/"]}]},{"@type":"ImageObject","inLanguage":"en-US","@id":"https:\/\/super-news.info\/es\/la-cupula-de-sabadell-redujo-su-sueldo-un-9-3-en-el-primer-semestre-hasta-3-3-millones-de-euros\/#primaryimage","url":"https:\/\/super-news.info\/es\/wp-content\/uploads\/sites\/4\/2021\/08\/La-cupula-de-Sabadell-redujo-su-sueldo-un-93-en.jpg","contentUrl":"https:\/\/super-news.info\/es\/wp-content\/uploads\/sites\/4\/2021\/08\/La-cupula-de-Sabadell-redujo-su-sueldo-un-93-en.jpg","width":120,"height":78,"caption":"La c\u00fapula de Sabadell redujo su sueldo un 9,3% en el primer semestre, hasta 3,3 millones de euros"},{"@type":"BreadcrumbList","@id":"https:\/\/super-news.info\/es\/la-cupula-de-sabadell-redujo-su-sueldo-un-9-3-en-el-primer-semestre-hasta-3-3-millones-de-euros\/#breadcrumb","itemListElement":[{"@type":"ListItem","position":1,"name":"\u0413\u043b\u0430\u0432\u043d\u0430\u044f \u0441\u0442\u0440\u0430\u043d\u0438\u0446\u0430","item":"https:\/\/super-news.info\/es\/"},{"@type":"ListItem","position":2,"name":"La c\u00fapula de Sabadell redujo su sueldo un 9,3% en el primer semestre, hasta 3,3 millones de euros"}]},{"@type":"WebSite","@id":"https:\/\/super-news.info\/es\/#website","url":"https:\/\/super-news.info\/es\/","name":"Super News","description":"Super News Espa\u00f1a","potentialAction":[{"@type":"SearchAction","target":{"@type":"EntryPoint","urlTemplate":"https:\/\/super-news.info\/es\/?s={search_term_string}"},"query-input":{"@type":"PropertyValueSpecification","valueRequired":true,"valueName":"search_term_string"}}],"inLanguage":"en-US"},{"@type":"Person","@id":"https:\/\/super-news.info\/es\/#\/schema\/person\/2d4068cb2f39cd10008c2fce578a7356","name":"super-news","image":{"@type":"ImageObject","inLanguage":"en-US","@id":"https:\/\/secure.gravatar.com\/avatar\/64ebac40b93f26a154f8a9b5b6fdccfc46f442b26b3dd6756dbff3bf9dc76fd7?s=96&d=mm&r=g","url":"https:\/\/secure.gravatar.com\/avatar\/64ebac40b93f26a154f8a9b5b6fdccfc46f442b26b3dd6756dbff3bf9dc76fd7?s=96&d=mm&r=g","contentUrl":"https:\/\/secure.gravatar.com\/avatar\/64ebac40b93f26a154f8a9b5b6fdccfc46f442b26b3dd6756dbff3bf9dc76fd7?s=96&d=mm&r=g","caption":"super-news"},"url":"https:\/\/super-news.info\/es\/author\/pt\/"}]}},"_links":{"self":[{"href":"https:\/\/super-news.info\/es\/wp-json\/wp\/v2\/posts\/15598","targetHints":{"allow":["GET"]}}],"collection":[{"href":"https:\/\/super-news.info\/es\/wp-json\/wp\/v2\/posts"}],"about":[{"href":"https:\/\/super-news.info\/es\/wp-json\/wp\/v2\/types\/post"}],"author":[{"embeddable":true,"href":"https:\/\/super-news.info\/es\/wp-json\/wp\/v2\/users\/2"}],"replies":[{"embeddable":true,"href":"https:\/\/super-news.info\/es\/wp-json\/wp\/v2\/comments?post=15598"}],"version-history":[{"count":1,"href":"https:\/\/super-news.info\/es\/wp-json\/wp\/v2\/posts\/15598\/revisions"}],"predecessor-version":[{"id":15600,"href":"https:\/\/super-news.info\/es\/wp-json\/wp\/v2\/posts\/15598\/revisions\/15600"}],"wp:featuredmedia":[{"embeddable":true,"href":"https:\/\/super-news.info\/es\/wp-json\/wp\/v2\/media\/15599"}],"wp:attachment":[{"href":"https:\/\/super-news.info\/es\/wp-json\/wp\/v2\/media?parent=15598"}],"wp:term":[{"taxonomy":"category","embeddable":true,"href":"https:\/\/super-news.info\/es\/wp-json\/wp\/v2\/categories?post=15598"},{"taxonomy":"post_tag","embeddable":true,"href":"https:\/\/super-news.info\/es\/wp-json\/wp\/v2\/tags?post=15598"}],"curies":[{"name":"wp","href":"https:\/\/api.w.org\/{rel}","templated":true}]}}