{"id":15538,"date":"2021-07-31T19:17:42","date_gmt":"2021-07-31T16:17:42","guid":{"rendered":"https:\/\/super-news.info\/es\/el-pp-impulsa-una-rebaja-fiscal-a-las-telecos-para-facilitar-la-llegada-del-5g\/"},"modified":"2021-07-31T19:17:43","modified_gmt":"2021-07-31T16:17:43","slug":"el-pp-impulsa-una-rebaja-fiscal-a-las-telecos-para-facilitar-la-llegada-del-5g","status":"publish","type":"post","link":"https:\/\/super-news.info\/es\/el-pp-impulsa-una-rebaja-fiscal-a-las-telecos-para-facilitar-la-llegada-del-5g\/","title":{"rendered":"El PP impulsa una rebaja fiscal a las &#8216;telecos&#8217; para facilitar la llegada del 5G"},"content":{"rendered":"<p>\nMADRID, 31 Jul. (EUROPA PRESS) &#8211;<br \/>\n   El PP busca impulsar en el Congreso una rebaja de impuestos a los operadores y prestadores de servicios de telecomunicaci\u00f3n, dentro de su proposici\u00f3n de ley para la transformaci\u00f3n digital en Espa\u00f1a, con el fin de favorecer el despliegue del 5G.<br \/>\n   Esta iniciativa, recogida por Europa Press, abarca reformas y regulaciones en \u00e1mbitos como el del uso de criptomonedas, la rob\u00f3tica, la Inteligencia Artificial (IA), el Internet de las Cosas, el veh\u00edculo conectado o los drones.<br \/>\n   En materia fiscal, los &#8216;populares&#8217; plantean incluir entre las deducciones por innovaci\u00f3n tecnol\u00f3gica, y para la investigaci\u00f3n y el desarrollo, a las inversiones de las empresas en Blockchain, el uso de drones o de Inteligencia Artificial.<br \/>\nREBAJA AL 50% DE TASAS A LAS &#8216;TELECOS&#8217;<br \/>\n   Sin embargo, en otro de los apartados el PP plantea una rebaja del 50% de dos de los impuestos aplicados a los operadores y prestadores de servicios de telecomunicaci\u00f3n, la Tasa General de operadores y la tasa por numeraci\u00f3n, direccionamiento y denominaci\u00f3n.<br \/>\n   Para la primera de ellas, que se aplica sobre los ingresos de explotaci\u00f3n, el PP propone que para los prestadores de servicios de comunicaci\u00f3n electr\u00f3nicas se quede en el 0,5 por mil, cuando en estos momentos su tipo es del doble (1 por mil).<br \/>\n   Asimismo, el PP plantea rebajar a la mitad la tasa por numeraci\u00f3n, direccionamiento y denominaci\u00f3n, actualmente fijada en 0,04, hasta los 0,02 euros, establecida en la Ley General de Telecomunicaciones y actualizada cada a\u00f1o en los Presupuestos Generales del Estado.<br \/>\nUNA FISCALIDAD SUPERIOR A LA DE OTROS SECTORES O PA\u00cdSES<br \/>\n   En su exposici\u00f3n de motivos, el PP esgrime que este sector se enfrenta a un momento que requiere &#8220;importantes niveles de inversi\u00f3n en despliegues de nuevas infraestructuras de comunicaciones, radiocomunicaciones o inal\u00e1mbricas&#8221;.<br \/>\n   Todo ello frente a una &#8220;creciente fiscalidad&#8221; que, a juicio de los &#8216;populares&#8217;, &#8220;supone una importante desmotivaci\u00f3n para el despliegue e inversi\u00f3n en infraestructuras de los operadores de comunicaciones electr\u00f3nicas tradicionales&#8221;.<br \/>\n   Y es que esta formaci\u00f3n sostiene que la presi\u00f3n fiscal aplicada al sector de las telecomunicaciones &#8220;es muy elevada&#8221; y &#8220;superior a la que recaer en otros sectores de actividad en Espa\u00f1a y Europa&#8221; al acumularse tributos estatales, auton\u00f3micos, locales y otros espec\u00edficos. &#8220;Espa\u00f1a no s\u00f3lo posee los tipos m\u00e1s elevados en la mayor\u00eda de los conceptos impositivos, sino que adem\u00e1s contempla un mayor n\u00famero de figuras tributarias&#8221;, sostiene.<br \/>\n<br \/>\n<!--noindex--><br \/>\n<a href=\"https:\/\/www.europapress.es\/economia\/noticia-pp-impulsa-rebaja-fiscal-telecos-facilitar-llegada-5g-20210731120338.html\" rel=\"nofollow\">Source link <\/a><br \/>\n<!--\/noindex--><\/p>\n","protected":false},"excerpt":{"rendered":"<p>MADRID, 31 Jul. (EUROPA PRESS) &#8211; El PP busca impulsar en el Congreso una rebaja de impuestos a los operadores y prestadores de servicios de telecomunicaci\u00f3n, dentro de su proposici\u00f3n de ley para la transformaci\u00f3n digital en Espa\u00f1a, con el fin de favorecer el despliegue del 5G. Esta iniciativa, recogida por Europa Press, abarca reformas [&hellip;]<\/p>\n","protected":false},"author":2,"featured_media":15539,"comment_status":"open","ping_status":"open","sticky":false,"template":"","format":"standard","meta":{"footnotes":""},"categories":[1],"tags":[],"class_list":["post-15538","post","type-post","status-publish","format-standard","has-post-thumbnail","hentry","category-noticias-financieras"],"yoast_head":"<!-- This site is optimized with the Yoast SEO plugin v27.4 - https:\/\/yoast.com\/product\/yoast-seo-wordpress\/ -->\n<title>El PP impulsa una rebaja fiscal a las &#039;telecos&#039; para facilitar la llegada del 5G - Super News<\/title>\n<meta name=\"robots\" content=\"index, follow, max-snippet:-1, max-image-preview:large, max-video-preview:-1\" \/>\n<link rel=\"canonical\" href=\"https:\/\/super-news.info\/es\/el-pp-impulsa-una-rebaja-fiscal-a-las-telecos-para-facilitar-la-llegada-del-5g\/\" \/>\n<meta property=\"og:locale\" content=\"en_US\" \/>\n<meta property=\"og:type\" content=\"article\" \/>\n<meta property=\"og:title\" content=\"El PP impulsa una rebaja fiscal a las &#039;telecos&#039; para facilitar la llegada del 5G - Super News\" \/>\n<meta property=\"og:description\" content=\"MADRID, 31 Jul. (EUROPA PRESS) &#8211; El PP busca impulsar en el Congreso una rebaja de impuestos a los operadores y prestadores de servicios de telecomunicaci\u00f3n, dentro de su proposici\u00f3n de ley para la transformaci\u00f3n digital en Espa\u00f1a, con el fin de favorecer el despliegue del 5G. Esta iniciativa, recogida por Europa Press, abarca reformas [&hellip;]\" \/>\n<meta property=\"og:url\" content=\"https:\/\/super-news.info\/es\/el-pp-impulsa-una-rebaja-fiscal-a-las-telecos-para-facilitar-la-llegada-del-5g\/\" \/>\n<meta property=\"og:site_name\" content=\"Super News\" \/>\n<meta property=\"article:published_time\" content=\"2021-07-31T16:17:42+00:00\" \/>\n<meta property=\"article:modified_time\" content=\"2021-07-31T16:17:43+00:00\" \/>\n<meta property=\"og:image\" content=\"https:\/\/super-news.info\/es\/wp-content\/uploads\/sites\/4\/2021\/07\/El-PP-impulsa-una-rebaja-fiscal-a-las-telecos-para.jpg\" \/>\n\t<meta property=\"og:image:width\" content=\"120\" \/>\n\t<meta property=\"og:image:height\" content=\"80\" \/>\n\t<meta property=\"og:image:type\" content=\"image\/jpeg\" \/>\n<meta name=\"author\" content=\"super-news\" \/>\n<meta name=\"twitter:card\" content=\"summary_large_image\" \/>\n<meta name=\"twitter:label1\" content=\"Written by\" \/>\n\t<meta name=\"twitter:data1\" content=\"super-news\" \/>\n\t<meta name=\"twitter:label2\" content=\"Est. reading time\" \/>\n\t<meta name=\"twitter:data2\" content=\"2 minutes\" \/>\n<script type=\"application\/ld+json\" class=\"yoast-schema-graph\">{\"@context\":\"https:\\\/\\\/schema.org\",\"@graph\":[{\"@type\":\"Article\",\"@id\":\"https:\\\/\\\/super-news.info\\\/es\\\/el-pp-impulsa-una-rebaja-fiscal-a-las-telecos-para-facilitar-la-llegada-del-5g\\\/#article\",\"isPartOf\":{\"@id\":\"https:\\\/\\\/super-news.info\\\/es\\\/el-pp-impulsa-una-rebaja-fiscal-a-las-telecos-para-facilitar-la-llegada-del-5g\\\/\"},\"author\":{\"name\":\"super-news\",\"@id\":\"https:\\\/\\\/super-news.info\\\/es\\\/#\\\/schema\\\/person\\\/2d4068cb2f39cd10008c2fce578a7356\"},\"headline\":\"El PP impulsa una rebaja fiscal a las &#8216;telecos&#8217; para facilitar la llegada del 5G\",\"datePublished\":\"2021-07-31T16:17:42+00:00\",\"dateModified\":\"2021-07-31T16:17:43+00:00\",\"mainEntityOfPage\":{\"@id\":\"https:\\\/\\\/super-news.info\\\/es\\\/el-pp-impulsa-una-rebaja-fiscal-a-las-telecos-para-facilitar-la-llegada-del-5g\\\/\"},\"wordCount\":440,\"commentCount\":0,\"image\":{\"@id\":\"https:\\\/\\\/super-news.info\\\/es\\\/el-pp-impulsa-una-rebaja-fiscal-a-las-telecos-para-facilitar-la-llegada-del-5g\\\/#primaryimage\"},\"thumbnailUrl\":\"https:\\\/\\\/super-news.info\\\/es\\\/wp-content\\\/uploads\\\/sites\\\/4\\\/2021\\\/07\\\/El-PP-impulsa-una-rebaja-fiscal-a-las-telecos-para.jpg\",\"articleSection\":[\"NOTICIAS FINANCIERAS\"],\"inLanguage\":\"en-US\",\"potentialAction\":[{\"@type\":\"CommentAction\",\"name\":\"Comment\",\"target\":[\"https:\\\/\\\/super-news.info\\\/es\\\/el-pp-impulsa-una-rebaja-fiscal-a-las-telecos-para-facilitar-la-llegada-del-5g\\\/#respond\"]}]},{\"@type\":\"WebPage\",\"@id\":\"https:\\\/\\\/super-news.info\\\/es\\\/el-pp-impulsa-una-rebaja-fiscal-a-las-telecos-para-facilitar-la-llegada-del-5g\\\/\",\"url\":\"https:\\\/\\\/super-news.info\\\/es\\\/el-pp-impulsa-una-rebaja-fiscal-a-las-telecos-para-facilitar-la-llegada-del-5g\\\/\",\"name\":\"El PP impulsa una rebaja fiscal a las 'telecos' para facilitar la llegada del 5G - Super News\",\"isPartOf\":{\"@id\":\"https:\\\/\\\/super-news.info\\\/es\\\/#website\"},\"primaryImageOfPage\":{\"@id\":\"https:\\\/\\\/super-news.info\\\/es\\\/el-pp-impulsa-una-rebaja-fiscal-a-las-telecos-para-facilitar-la-llegada-del-5g\\\/#primaryimage\"},\"image\":{\"@id\":\"https:\\\/\\\/super-news.info\\\/es\\\/el-pp-impulsa-una-rebaja-fiscal-a-las-telecos-para-facilitar-la-llegada-del-5g\\\/#primaryimage\"},\"thumbnailUrl\":\"https:\\\/\\\/super-news.info\\\/es\\\/wp-content\\\/uploads\\\/sites\\\/4\\\/2021\\\/07\\\/El-PP-impulsa-una-rebaja-fiscal-a-las-telecos-para.jpg\",\"datePublished\":\"2021-07-31T16:17:42+00:00\",\"dateModified\":\"2021-07-31T16:17:43+00:00\",\"author\":{\"@id\":\"https:\\\/\\\/super-news.info\\\/es\\\/#\\\/schema\\\/person\\\/2d4068cb2f39cd10008c2fce578a7356\"},\"breadcrumb\":{\"@id\":\"https:\\\/\\\/super-news.info\\\/es\\\/el-pp-impulsa-una-rebaja-fiscal-a-las-telecos-para-facilitar-la-llegada-del-5g\\\/#breadcrumb\"},\"inLanguage\":\"en-US\",\"potentialAction\":[{\"@type\":\"ReadAction\",\"target\":[\"https:\\\/\\\/super-news.info\\\/es\\\/el-pp-impulsa-una-rebaja-fiscal-a-las-telecos-para-facilitar-la-llegada-del-5g\\\/\"]}]},{\"@type\":\"ImageObject\",\"inLanguage\":\"en-US\",\"@id\":\"https:\\\/\\\/super-news.info\\\/es\\\/el-pp-impulsa-una-rebaja-fiscal-a-las-telecos-para-facilitar-la-llegada-del-5g\\\/#primaryimage\",\"url\":\"https:\\\/\\\/super-news.info\\\/es\\\/wp-content\\\/uploads\\\/sites\\\/4\\\/2021\\\/07\\\/El-PP-impulsa-una-rebaja-fiscal-a-las-telecos-para.jpg\",\"contentUrl\":\"https:\\\/\\\/super-news.info\\\/es\\\/wp-content\\\/uploads\\\/sites\\\/4\\\/2021\\\/07\\\/El-PP-impulsa-una-rebaja-fiscal-a-las-telecos-para.jpg\",\"width\":120,\"height\":80,\"caption\":\"El PP impulsa una rebaja fiscal a las 'telecos' para facilitar la llegada del 5G\"},{\"@type\":\"BreadcrumbList\",\"@id\":\"https:\\\/\\\/super-news.info\\\/es\\\/el-pp-impulsa-una-rebaja-fiscal-a-las-telecos-para-facilitar-la-llegada-del-5g\\\/#breadcrumb\",\"itemListElement\":[{\"@type\":\"ListItem\",\"position\":1,\"name\":\"\u0413\u043b\u0430\u0432\u043d\u0430\u044f \u0441\u0442\u0440\u0430\u043d\u0438\u0446\u0430\",\"item\":\"https:\\\/\\\/super-news.info\\\/es\\\/\"},{\"@type\":\"ListItem\",\"position\":2,\"name\":\"El PP impulsa una rebaja fiscal a las &#8216;telecos&#8217; para facilitar la llegada del 5G\"}]},{\"@type\":\"WebSite\",\"@id\":\"https:\\\/\\\/super-news.info\\\/es\\\/#website\",\"url\":\"https:\\\/\\\/super-news.info\\\/es\\\/\",\"name\":\"Super News\",\"description\":\"Super News Espa\u00f1a\",\"potentialAction\":[{\"@type\":\"SearchAction\",\"target\":{\"@type\":\"EntryPoint\",\"urlTemplate\":\"https:\\\/\\\/super-news.info\\\/es\\\/?s={search_term_string}\"},\"query-input\":{\"@type\":\"PropertyValueSpecification\",\"valueRequired\":true,\"valueName\":\"search_term_string\"}}],\"inLanguage\":\"en-US\"},{\"@type\":\"Person\",\"@id\":\"https:\\\/\\\/super-news.info\\\/es\\\/#\\\/schema\\\/person\\\/2d4068cb2f39cd10008c2fce578a7356\",\"name\":\"super-news\",\"image\":{\"@type\":\"ImageObject\",\"inLanguage\":\"en-US\",\"@id\":\"https:\\\/\\\/secure.gravatar.com\\\/avatar\\\/64ebac40b93f26a154f8a9b5b6fdccfc46f442b26b3dd6756dbff3bf9dc76fd7?s=96&d=mm&r=g\",\"url\":\"https:\\\/\\\/secure.gravatar.com\\\/avatar\\\/64ebac40b93f26a154f8a9b5b6fdccfc46f442b26b3dd6756dbff3bf9dc76fd7?s=96&d=mm&r=g\",\"contentUrl\":\"https:\\\/\\\/secure.gravatar.com\\\/avatar\\\/64ebac40b93f26a154f8a9b5b6fdccfc46f442b26b3dd6756dbff3bf9dc76fd7?s=96&d=mm&r=g\",\"caption\":\"super-news\"},\"url\":\"https:\\\/\\\/super-news.info\\\/es\\\/author\\\/pt\\\/\"}]}<\/script>\n<!-- \/ Yoast SEO plugin. -->","yoast_head_json":{"title":"El PP impulsa una rebaja fiscal a las 'telecos' para facilitar la llegada del 5G - Super News","robots":{"index":"index","follow":"follow","max-snippet":"max-snippet:-1","max-image-preview":"max-image-preview:large","max-video-preview":"max-video-preview:-1"},"canonical":"https:\/\/super-news.info\/es\/el-pp-impulsa-una-rebaja-fiscal-a-las-telecos-para-facilitar-la-llegada-del-5g\/","og_locale":"en_US","og_type":"article","og_title":"El PP impulsa una rebaja fiscal a las 'telecos' para facilitar la llegada del 5G - Super News","og_description":"MADRID, 31 Jul. (EUROPA PRESS) &#8211; El PP busca impulsar en el Congreso una rebaja de impuestos a los operadores y prestadores de servicios de telecomunicaci\u00f3n, dentro de su proposici\u00f3n de ley para la transformaci\u00f3n digital en Espa\u00f1a, con el fin de favorecer el despliegue del 5G. Esta iniciativa, recogida por Europa Press, abarca reformas [&hellip;]","og_url":"https:\/\/super-news.info\/es\/el-pp-impulsa-una-rebaja-fiscal-a-las-telecos-para-facilitar-la-llegada-del-5g\/","og_site_name":"Super News","article_published_time":"2021-07-31T16:17:42+00:00","article_modified_time":"2021-07-31T16:17:43+00:00","og_image":[{"width":120,"height":80,"url":"https:\/\/super-news.info\/es\/wp-content\/uploads\/sites\/4\/2021\/07\/El-PP-impulsa-una-rebaja-fiscal-a-las-telecos-para.jpg","type":"image\/jpeg"}],"author":"super-news","twitter_card":"summary_large_image","twitter_misc":{"Written by":"super-news","Est. reading time":"2 minutes"},"schema":{"@context":"https:\/\/schema.org","@graph":[{"@type":"Article","@id":"https:\/\/super-news.info\/es\/el-pp-impulsa-una-rebaja-fiscal-a-las-telecos-para-facilitar-la-llegada-del-5g\/#article","isPartOf":{"@id":"https:\/\/super-news.info\/es\/el-pp-impulsa-una-rebaja-fiscal-a-las-telecos-para-facilitar-la-llegada-del-5g\/"},"author":{"name":"super-news","@id":"https:\/\/super-news.info\/es\/#\/schema\/person\/2d4068cb2f39cd10008c2fce578a7356"},"headline":"El PP impulsa una rebaja fiscal a las &#8216;telecos&#8217; para facilitar la llegada del 5G","datePublished":"2021-07-31T16:17:42+00:00","dateModified":"2021-07-31T16:17:43+00:00","mainEntityOfPage":{"@id":"https:\/\/super-news.info\/es\/el-pp-impulsa-una-rebaja-fiscal-a-las-telecos-para-facilitar-la-llegada-del-5g\/"},"wordCount":440,"commentCount":0,"image":{"@id":"https:\/\/super-news.info\/es\/el-pp-impulsa-una-rebaja-fiscal-a-las-telecos-para-facilitar-la-llegada-del-5g\/#primaryimage"},"thumbnailUrl":"https:\/\/super-news.info\/es\/wp-content\/uploads\/sites\/4\/2021\/07\/El-PP-impulsa-una-rebaja-fiscal-a-las-telecos-para.jpg","articleSection":["NOTICIAS FINANCIERAS"],"inLanguage":"en-US","potentialAction":[{"@type":"CommentAction","name":"Comment","target":["https:\/\/super-news.info\/es\/el-pp-impulsa-una-rebaja-fiscal-a-las-telecos-para-facilitar-la-llegada-del-5g\/#respond"]}]},{"@type":"WebPage","@id":"https:\/\/super-news.info\/es\/el-pp-impulsa-una-rebaja-fiscal-a-las-telecos-para-facilitar-la-llegada-del-5g\/","url":"https:\/\/super-news.info\/es\/el-pp-impulsa-una-rebaja-fiscal-a-las-telecos-para-facilitar-la-llegada-del-5g\/","name":"El PP impulsa una rebaja fiscal a las 'telecos' para facilitar la llegada del 5G - Super News","isPartOf":{"@id":"https:\/\/super-news.info\/es\/#website"},"primaryImageOfPage":{"@id":"https:\/\/super-news.info\/es\/el-pp-impulsa-una-rebaja-fiscal-a-las-telecos-para-facilitar-la-llegada-del-5g\/#primaryimage"},"image":{"@id":"https:\/\/super-news.info\/es\/el-pp-impulsa-una-rebaja-fiscal-a-las-telecos-para-facilitar-la-llegada-del-5g\/#primaryimage"},"thumbnailUrl":"https:\/\/super-news.info\/es\/wp-content\/uploads\/sites\/4\/2021\/07\/El-PP-impulsa-una-rebaja-fiscal-a-las-telecos-para.jpg","datePublished":"2021-07-31T16:17:42+00:00","dateModified":"2021-07-31T16:17:43+00:00","author":{"@id":"https:\/\/super-news.info\/es\/#\/schema\/person\/2d4068cb2f39cd10008c2fce578a7356"},"breadcrumb":{"@id":"https:\/\/super-news.info\/es\/el-pp-impulsa-una-rebaja-fiscal-a-las-telecos-para-facilitar-la-llegada-del-5g\/#breadcrumb"},"inLanguage":"en-US","potentialAction":[{"@type":"ReadAction","target":["https:\/\/super-news.info\/es\/el-pp-impulsa-una-rebaja-fiscal-a-las-telecos-para-facilitar-la-llegada-del-5g\/"]}]},{"@type":"ImageObject","inLanguage":"en-US","@id":"https:\/\/super-news.info\/es\/el-pp-impulsa-una-rebaja-fiscal-a-las-telecos-para-facilitar-la-llegada-del-5g\/#primaryimage","url":"https:\/\/super-news.info\/es\/wp-content\/uploads\/sites\/4\/2021\/07\/El-PP-impulsa-una-rebaja-fiscal-a-las-telecos-para.jpg","contentUrl":"https:\/\/super-news.info\/es\/wp-content\/uploads\/sites\/4\/2021\/07\/El-PP-impulsa-una-rebaja-fiscal-a-las-telecos-para.jpg","width":120,"height":80,"caption":"El PP impulsa una rebaja fiscal a las 'telecos' para facilitar la llegada del 5G"},{"@type":"BreadcrumbList","@id":"https:\/\/super-news.info\/es\/el-pp-impulsa-una-rebaja-fiscal-a-las-telecos-para-facilitar-la-llegada-del-5g\/#breadcrumb","itemListElement":[{"@type":"ListItem","position":1,"name":"\u0413\u043b\u0430\u0432\u043d\u0430\u044f \u0441\u0442\u0440\u0430\u043d\u0438\u0446\u0430","item":"https:\/\/super-news.info\/es\/"},{"@type":"ListItem","position":2,"name":"El PP impulsa una rebaja fiscal a las &#8216;telecos&#8217; para facilitar la llegada del 5G"}]},{"@type":"WebSite","@id":"https:\/\/super-news.info\/es\/#website","url":"https:\/\/super-news.info\/es\/","name":"Super News","description":"Super News Espa\u00f1a","potentialAction":[{"@type":"SearchAction","target":{"@type":"EntryPoint","urlTemplate":"https:\/\/super-news.info\/es\/?s={search_term_string}"},"query-input":{"@type":"PropertyValueSpecification","valueRequired":true,"valueName":"search_term_string"}}],"inLanguage":"en-US"},{"@type":"Person","@id":"https:\/\/super-news.info\/es\/#\/schema\/person\/2d4068cb2f39cd10008c2fce578a7356","name":"super-news","image":{"@type":"ImageObject","inLanguage":"en-US","@id":"https:\/\/secure.gravatar.com\/avatar\/64ebac40b93f26a154f8a9b5b6fdccfc46f442b26b3dd6756dbff3bf9dc76fd7?s=96&d=mm&r=g","url":"https:\/\/secure.gravatar.com\/avatar\/64ebac40b93f26a154f8a9b5b6fdccfc46f442b26b3dd6756dbff3bf9dc76fd7?s=96&d=mm&r=g","contentUrl":"https:\/\/secure.gravatar.com\/avatar\/64ebac40b93f26a154f8a9b5b6fdccfc46f442b26b3dd6756dbff3bf9dc76fd7?s=96&d=mm&r=g","caption":"super-news"},"url":"https:\/\/super-news.info\/es\/author\/pt\/"}]}},"_links":{"self":[{"href":"https:\/\/super-news.info\/es\/wp-json\/wp\/v2\/posts\/15538","targetHints":{"allow":["GET"]}}],"collection":[{"href":"https:\/\/super-news.info\/es\/wp-json\/wp\/v2\/posts"}],"about":[{"href":"https:\/\/super-news.info\/es\/wp-json\/wp\/v2\/types\/post"}],"author":[{"embeddable":true,"href":"https:\/\/super-news.info\/es\/wp-json\/wp\/v2\/users\/2"}],"replies":[{"embeddable":true,"href":"https:\/\/super-news.info\/es\/wp-json\/wp\/v2\/comments?post=15538"}],"version-history":[{"count":1,"href":"https:\/\/super-news.info\/es\/wp-json\/wp\/v2\/posts\/15538\/revisions"}],"predecessor-version":[{"id":15540,"href":"https:\/\/super-news.info\/es\/wp-json\/wp\/v2\/posts\/15538\/revisions\/15540"}],"wp:featuredmedia":[{"embeddable":true,"href":"https:\/\/super-news.info\/es\/wp-json\/wp\/v2\/media\/15539"}],"wp:attachment":[{"href":"https:\/\/super-news.info\/es\/wp-json\/wp\/v2\/media?parent=15538"}],"wp:term":[{"taxonomy":"category","embeddable":true,"href":"https:\/\/super-news.info\/es\/wp-json\/wp\/v2\/categories?post=15538"},{"taxonomy":"post_tag","embeddable":true,"href":"https:\/\/super-news.info\/es\/wp-json\/wp\/v2\/tags?post=15538"}],"curies":[{"name":"wp","href":"https:\/\/api.w.org\/{rel}","templated":true}]}}