{"id":1552,"date":"2019-05-13T11:18:43","date_gmt":"2019-05-13T08:18:43","guid":{"rendered":"https:\/\/super-news.info\/es\/la-llegada-del-5g-abrira-una-nueva-era-en-el-sector-publicitario-r-de-la-cruz-verizon-media\/"},"modified":"2019-05-13T11:18:44","modified_gmt":"2019-05-13T08:18:44","slug":"la-llegada-del-5g-abrira-una-nueva-era-en-el-sector-publicitario-r-de-la-cruz-verizon-media","status":"publish","type":"post","link":"https:\/\/super-news.info\/es\/la-llegada-del-5g-abrira-una-nueva-era-en-el-sector-publicitario-r-de-la-cruz-verizon-media\/","title":{"rendered":"&#8220;La llegada del 5G abrir\u00e1 una nueva era en el sector publicitario&#8221;, R. De la Cruz (Verizon Media)"},"content":{"rendered":"<p> [ad_1]<br \/>\n<\/p>\n<div id=\"textoNoticia\">\n<p class=\"excerpt-single\">Oath, la empresa multimedia y de tecnolog\u00eda de Verizon, se posiciona dentro de la compa\u00f1\u00eda con un nuevo nombre: Verizon Media<\/p>\n<\/p>\n<p>Como parte de una nueva estrategia de posicionamiento, Oath, la empresa multimedia y de tecnolog\u00eda de Verizon, inici\u00f3 el a\u00f1o con un nuevo nombre: <strong>Verizon Media<\/strong>, completando as\u00ed el negocio de Verizon, junto a <strong>Verizon Consumer<\/strong> y <strong>Verizon Business<\/strong>.<\/p>\n<p>Pese a este cambio de nombre, las marcas como <strong>Yahoo, TechCrunch o HuffPost<\/strong> no cambian, as\u00ed como tampoco lo hacen los objetivos de la compa\u00f1\u00eda, que siguen basados en crear las <strong>mejores experiencias<\/strong> para los consumidores y en ofrecer a sus clientes las plataformas y la tecnolog\u00eda que mejor resuelva sus necesidades.<\/p>\n<p>Para descubrir qu\u00e9 supone este cambio de nombre en la compa\u00f1\u00eda y qu\u00e9 planes tiene <strong>Verizon Media, en MarketingDirecto.com <\/strong>entrevistamos a <strong>Ra\u00fal De la Cruz<\/strong>, director general de Verizon Media en Espa\u00f1a.\u00a0 <u\/><\/p>\n<p><strong>Desde el pasado 8 de enero Verizon Media reemplaza a la marca <\/strong><strong>Oath<\/strong>. \u00bf<strong>Qu\u00e9 supone este cambio para la compa\u00f1\u00eda?<\/strong><\/p>\n<p>Se trata de un paso estrat\u00e9gico motivado por el nivel de madurez que hemos alcanzado. El cambio de marca refleja nuestra posici\u00f3n como tercer pilar en el negocio de Verizon, junto Verizon Consumer y Verizon Business. Existe un compromiso total de nuestra matriz con los planes de crecimiento y de innovaci\u00f3n que estamos desarrollando para seguir afrontando el futuro con la m\u00e1xima fortaleza.<\/p>\n<p><strong>\u00a0<\/strong><strong>\u00bfAfecta de alg\u00fan otro modo este cambio de nombre a la compa\u00f1\u00eda?<\/strong><\/p>\n<p>Seguimos siendo los mismos y nuestro objetivo es id\u00e9ntico: crear las mejores experiencias para los consumidores y ofrecer a los clientes plataformas y tecnolog\u00eda que de verdad resuelvan sus necesidades.<\/p>\n<p><strong>H\u00e1blenos de la estrategia que plantean en la compa\u00f1\u00eda. <\/strong><\/p>\n<p>Como comentaba, nuestra estrategia tiene dos focos fundamentales, el crecimiento y la innovaci\u00f3n. Aqu\u00ed se enmarca por ejemplo el acuerdo de varios a\u00f1os que hemos firmado con Microsoft en publicidad nativa. Supone un incremento del 20% en el inventario nativo que ofrecemos a trav\u00e9s de nuestras plataformas e impulsar\u00e1 a\u00fan m\u00e1s un negocio en el que ya crecemos a doble d\u00edgito a\u00f1o contra a\u00f1o.<\/p>\n<p>Tambi\u00e9n trabajamos para ser el entorno m\u00e1s seguro para los anunciantes a trav\u00e9s de nuestras propiedades, sin comprometer el rendimiento de las campa\u00f1as. En Espa\u00f1a, marcas como Yahoo, MSN o Xbox son un ejemplo de c\u00f3mo conseguir buenos resultados con la garant\u00eda de un contenido premium.<\/p>\n<p>En cuanto a innovaci\u00f3n, Verizon, que ha sido pionera en la implantaci\u00f3n del 5G, lo est\u00e1 siendo tambi\u00e9n en la aplicaci\u00f3n de esta nueva tecnolog\u00eda para desarrollar experiencias impactantes para las marcas, por ejemplo, a trav\u00e9s de la realidad virtual o la realidad aumentada. Estamos deseando que los anunciantes espa\u00f1oles empiecen a animarse para realizar este tipo de acciones y desde luego les invitamos a que se sienten con nosotros para que les contemos lo que nuestro laboratorio creativo est\u00e1 haciendo ya en Estados Unidos y que no tiene precedentes.<\/p>\n<p><strong>\u00bfQu\u00e9 soluciones ofrecen a los anunciantes?<\/strong><\/p>\n<p>En resumen contenido premium en un entorno brand safe y una data muy potente que permite a las marcas llegar a sus consumidores a trav\u00e9s de todos los dispositivos. Y adem\u00e1s, una serie de plataformas publicitarias con un amplio rango de soluciones y que permiten a la agencia o anunciante una gran flexibilidad a la hora de decidir qu\u00e9 compra y c\u00f3mo lo compra.<\/p>\n<p><strong>La publicidad digital es un punto clave en Verizon Media. No obstante, Facebook y Google se llevan gran parte de la inversi\u00f3n. \u00bfQu\u00e9 papel tiene Verizon Media aqu\u00ed? <\/strong><\/p>\n<p>La inversi\u00f3n publicitaria en digital en Espa\u00f1a es lo suficientemente importante como para dar cabida a actores muy diversos: casi dos mil millones en 2018, muy cerca de la televisi\u00f3n. Nosotros no miramos a Google ni a Facebook, somos complementarios. Nuestra vocaci\u00f3n es la de ser un partner de confianza. Que agencias y anunciantes sepan que tenemos un compromiso inquebrantable con ofrecer la m\u00e1xima calidad en contenido, data y tecnolog\u00eda publicitaria. Que tenemos una oferta muy diversa y que nuestras soluciones cubren muchas de las necesidades que tienen las marcas en el mundo digital. Y que poseemos un hub de medios sumamente valioso y con presencia en much\u00edsimos pa\u00edses, as\u00ed que tambi\u00e9n ofrecemos la posibilidad de trabajar desde Espa\u00f1a en campa\u00f1as internacionales con anunciantes que nos lo demandan mucho, como los del sector tur\u00edstico.<\/p>\n<p><strong>Despu\u00e9s de las adquisiciones por las que ha pasado la compa\u00f1\u00eda, \u00bfqu\u00e9 es lo necesario para que una compra de este tipo tenga \u00e9xito?<\/strong><\/p>\n<p>En mi opini\u00f3n la clave es tener clara la estrategia, en qu\u00e9 medida esas nuevas adquisiciones contribuyen al crecimiento del negocio y c\u00f3mo se van a integrar en la estructura de la compa\u00f1\u00eda.<\/p>\n<p>Obviamente nunca es un proceso f\u00e1cil, en nuestro caso estamos hablando de la uni\u00f3n de gigantes de internet con un porfolio interesante y complejo. Pero creo que lo estamos gestionando bien, que hemos sabido aprovechar las sinergias. Ahora, como Verizon Media, tenemos una oferta integrada y mucho m\u00e1s potente que la que ofrec\u00edan Yahoo o Aol cuando comercializaban sus productos de forma independiente.<\/p>\n<p><strong>\u00bfQu\u00e9 planes tienen para 2019 en Verizon Media?, \u00bfy en Espa\u00f1a concretamente?<\/strong><\/p>\n<p>En Espa\u00f1a seguimos apostando por la publicidad nativa, la compra program\u00e1tica y las acciones de branding a trav\u00e9s de nuestras propiedades. Tambi\u00e9n estamos experimentando un enorme crecimiento en nuestro DSP, que est\u00e1 ofreciendo unos resultados extraordinarios. En general seguiremos haciendo lo que mejor sabemos hacer.<\/p>\n<p>En el futuro m\u00e1s inmediato, estamos poniendo el foco en el 5G, donde gozamos de una posici\u00f3n privilegiada. La conectividad sin fisuras y el fin de la latencia que supone esta nueva tecnolog\u00eda va a cambiar completamente la forma de interactuar con los consumidores. Nosotros trabajamos para ser art\u00edfices de ese progreso, que marcar\u00e1 una aut\u00e9ntica revoluci\u00f3n en el mundo publicitario tanto a nivel experiencial como de uso de la data.<\/p>\n<p><strong>\u00bfCu\u00e1les son los mayores desaf\u00edos a los que se enfrenta el sector a corto y largo plazo?<\/strong><\/p>\n<p>A corto plazo yo dir\u00eda que el auge de la publicidad program\u00e1tica plantea interesantes retos en t\u00e9rminos de fiabilidad y transparencia. Hay que tener en cuenta que la program\u00e1tica va a representar un 65% de la inversi\u00f3n en medios digitales este a\u00f1o a nivel mundial y por tanto es fundamental que todos los actores cuenten con garant\u00edas.<\/p>\n<p>Yo dir\u00eda que otro gran reto tiene que ver con c\u00f3mo usamos la tecnolog\u00eda. La llegada del 5G abrir\u00e1 una nueva era en el sector publicitario pero no debemos perder de vista que la creatividad y la eficacia tienen que seguir estando en la ra\u00edz de todo lo que hagamos.<\/p>\n<p>En ese \u00e1mbito, el de la tecnolog\u00eda, el desarrollo de la inteligencia artificial va a ser tambi\u00e9n cr\u00edtico.<\/p>\n<p><strong>\u00bfQu\u00e9 papel juega la Inteligencia Artificial en el presente y el futuro del mundo digital?<\/strong><\/p>\n<p><strong>\u00a0<\/strong>Sin duda es un campo por el que hay que apostar desde ya. Existe una demanda real para la gesti\u00f3n de grandes cantidades de datos en tiempo real. A trav\u00e9s de las herramientas de automatizaci\u00f3n inteligente podemos seguir el rendimiento de las campa\u00f1as, realizar ajustes de forma inmediata y multiplicar los resultados.<\/p>\n<p>Por ejemplo, nosotros en Verizon Media hemos implantado las audiencias predictivas en nuestro DSP. Es un sistema de machine learning que permite saber con anticipaci\u00f3n las posibilidades de conversi\u00f3n que representa cada usuario, incrementando tanto la eficacia de la campa\u00f1a como la eficiencia en la inversi\u00f3n.<\/p>\n<p>\u00a0<\/p>\n<p class=\"link-telegram\">\n\t\t\t\t\t\t\t\t\t\t\tNo te pierdas nada de MarketingDirecto.com y \u00fanete a nuestro Telegram t.me\/MarketingDirecto\n\t\t\t\t\t\t\t\t\t\t<\/p>\n<\/p><\/div>\n<p><script>(function(d, s, id) {\n  var js, fjs = d.getElementsByTagName(s)[0];\n  if (d.getElementById(id)) return;\n  js = d.createElement(s); js.id = id;\n  js.src = \"http:\/\/connect.facebook.net\/es_LA\/sdk.js#xfbml=1&appId=408746052611679&version=v2.3\";\n  fjs.parentNode.insertBefore(js, fjs);\n}(document, 'script', 'facebook-jssdk'));<\/script><br \/>\n<br \/>[ad_2]<br \/>\n<br \/><a href=\"https:\/\/www.marketingdirecto.com\/marketing-general\/publicidad\/la-llegada-del-5g-abrira-una-nueva-era-en-el-sector-publicitario-r-de-la-cruz-verizon-media\">Source link <\/a><\/p>\n","protected":false},"excerpt":{"rendered":"<p>[ad_1] Oath, la empresa multimedia y de tecnolog\u00eda de Verizon, se posiciona dentro de la compa\u00f1\u00eda con un nuevo nombre: Verizon Media Como parte de una nueva estrategia de posicionamiento, Oath, la empresa multimedia y de tecnolog\u00eda de Verizon, inici\u00f3 el a\u00f1o con un nuevo nombre: Verizon Media, completando as\u00ed el negocio de Verizon, junto [&hellip;]<\/p>\n","protected":false},"author":2,"featured_media":1553,"comment_status":"open","ping_status":"open","sticky":false,"template":"","format":"standard","meta":{"footnotes":""},"categories":[2],"tags":[],"class_list":["post-1552","post","type-post","status-publish","format-standard","has-post-thumbnail","hentry","category-noticias-de-marketing-digital"],"yoast_head":"<!-- This site is optimized with the Yoast SEO plugin v27.4 - https:\/\/yoast.com\/product\/yoast-seo-wordpress\/ -->\n<title>&quot;La llegada del 5G abrir\u00e1 una nueva era en el sector publicitario&quot;, R. De la Cruz (Verizon Media) - Super News<\/title>\n<meta name=\"robots\" content=\"index, follow, max-snippet:-1, max-image-preview:large, max-video-preview:-1\" \/>\n<link rel=\"canonical\" href=\"https:\/\/super-news.info\/es\/la-llegada-del-5g-abrira-una-nueva-era-en-el-sector-publicitario-r-de-la-cruz-verizon-media\/\" \/>\n<meta property=\"og:locale\" content=\"en_US\" \/>\n<meta property=\"og:type\" content=\"article\" \/>\n<meta property=\"og:title\" content=\"&quot;La llegada del 5G abrir\u00e1 una nueva era en el sector publicitario&quot;, R. De la Cruz (Verizon Media) - Super News\" \/>\n<meta property=\"og:description\" content=\"[ad_1] Oath, la empresa multimedia y de tecnolog\u00eda de Verizon, se posiciona dentro de la compa\u00f1\u00eda con un nuevo nombre: Verizon Media Como parte de una nueva estrategia de posicionamiento, Oath, la empresa multimedia y de tecnolog\u00eda de Verizon, inici\u00f3 el a\u00f1o con un nuevo nombre: Verizon Media, completando as\u00ed el negocio de Verizon, junto [&hellip;]\" \/>\n<meta property=\"og:url\" content=\"https:\/\/super-news.info\/es\/la-llegada-del-5g-abrira-una-nueva-era-en-el-sector-publicitario-r-de-la-cruz-verizon-media\/\" \/>\n<meta property=\"og:site_name\" content=\"Super News\" \/>\n<meta property=\"article:published_time\" content=\"2019-05-13T08:18:43+00:00\" \/>\n<meta property=\"article:modified_time\" content=\"2019-05-13T08:18:44+00:00\" \/>\n<meta property=\"og:image\" content=\"https:\/\/super-news.info\/es\/wp-content\/uploads\/sites\/4\/2019\/05\/La-llegada-del-5G-abrir\u00e1-una-nueva-era-en-el.jpg\" \/>\n\t<meta property=\"og:image:width\" content=\"626\" \/>\n\t<meta property=\"og:image:height\" content=\"364\" \/>\n\t<meta property=\"og:image:type\" content=\"image\/jpeg\" \/>\n<meta name=\"author\" content=\"super-news\" \/>\n<meta name=\"twitter:card\" content=\"summary_large_image\" \/>\n<meta name=\"twitter:label1\" content=\"Written by\" \/>\n\t<meta name=\"twitter:data1\" content=\"super-news\" \/>\n\t<meta name=\"twitter:label2\" content=\"Est. reading time\" \/>\n\t<meta name=\"twitter:data2\" content=\"7 minutes\" \/>\n<script type=\"application\/ld+json\" class=\"yoast-schema-graph\">{\"@context\":\"https:\\\/\\\/schema.org\",\"@graph\":[{\"@type\":\"Article\",\"@id\":\"https:\\\/\\\/super-news.info\\\/es\\\/la-llegada-del-5g-abrira-una-nueva-era-en-el-sector-publicitario-r-de-la-cruz-verizon-media\\\/#article\",\"isPartOf\":{\"@id\":\"https:\\\/\\\/super-news.info\\\/es\\\/la-llegada-del-5g-abrira-una-nueva-era-en-el-sector-publicitario-r-de-la-cruz-verizon-media\\\/\"},\"author\":{\"name\":\"super-news\",\"@id\":\"https:\\\/\\\/super-news.info\\\/es\\\/#\\\/schema\\\/person\\\/2d4068cb2f39cd10008c2fce578a7356\"},\"headline\":\"&#8220;La llegada del 5G abrir\u00e1 una nueva era en el sector publicitario&#8221;, R. De la Cruz (Verizon Media)\",\"datePublished\":\"2019-05-13T08:18:43+00:00\",\"dateModified\":\"2019-05-13T08:18:44+00:00\",\"mainEntityOfPage\":{\"@id\":\"https:\\\/\\\/super-news.info\\\/es\\\/la-llegada-del-5g-abrira-una-nueva-era-en-el-sector-publicitario-r-de-la-cruz-verizon-media\\\/\"},\"wordCount\":1348,\"commentCount\":0,\"image\":{\"@id\":\"https:\\\/\\\/super-news.info\\\/es\\\/la-llegada-del-5g-abrira-una-nueva-era-en-el-sector-publicitario-r-de-la-cruz-verizon-media\\\/#primaryimage\"},\"thumbnailUrl\":\"https:\\\/\\\/super-news.info\\\/es\\\/wp-content\\\/uploads\\\/sites\\\/4\\\/2019\\\/05\\\/La-llegada-del-5G-abrir\u00e1-una-nueva-era-en-el.jpg\",\"articleSection\":[\"NOTICIAS DE MARKETING DIGITAL\"],\"inLanguage\":\"en-US\",\"potentialAction\":[{\"@type\":\"CommentAction\",\"name\":\"Comment\",\"target\":[\"https:\\\/\\\/super-news.info\\\/es\\\/la-llegada-del-5g-abrira-una-nueva-era-en-el-sector-publicitario-r-de-la-cruz-verizon-media\\\/#respond\"]}]},{\"@type\":\"WebPage\",\"@id\":\"https:\\\/\\\/super-news.info\\\/es\\\/la-llegada-del-5g-abrira-una-nueva-era-en-el-sector-publicitario-r-de-la-cruz-verizon-media\\\/\",\"url\":\"https:\\\/\\\/super-news.info\\\/es\\\/la-llegada-del-5g-abrira-una-nueva-era-en-el-sector-publicitario-r-de-la-cruz-verizon-media\\\/\",\"name\":\"\\\"La llegada del 5G abrir\u00e1 una nueva era en el sector publicitario\\\", R. De la Cruz (Verizon Media) - Super News\",\"isPartOf\":{\"@id\":\"https:\\\/\\\/super-news.info\\\/es\\\/#website\"},\"primaryImageOfPage\":{\"@id\":\"https:\\\/\\\/super-news.info\\\/es\\\/la-llegada-del-5g-abrira-una-nueva-era-en-el-sector-publicitario-r-de-la-cruz-verizon-media\\\/#primaryimage\"},\"image\":{\"@id\":\"https:\\\/\\\/super-news.info\\\/es\\\/la-llegada-del-5g-abrira-una-nueva-era-en-el-sector-publicitario-r-de-la-cruz-verizon-media\\\/#primaryimage\"},\"thumbnailUrl\":\"https:\\\/\\\/super-news.info\\\/es\\\/wp-content\\\/uploads\\\/sites\\\/4\\\/2019\\\/05\\\/La-llegada-del-5G-abrir\u00e1-una-nueva-era-en-el.jpg\",\"datePublished\":\"2019-05-13T08:18:43+00:00\",\"dateModified\":\"2019-05-13T08:18:44+00:00\",\"author\":{\"@id\":\"https:\\\/\\\/super-news.info\\\/es\\\/#\\\/schema\\\/person\\\/2d4068cb2f39cd10008c2fce578a7356\"},\"breadcrumb\":{\"@id\":\"https:\\\/\\\/super-news.info\\\/es\\\/la-llegada-del-5g-abrira-una-nueva-era-en-el-sector-publicitario-r-de-la-cruz-verizon-media\\\/#breadcrumb\"},\"inLanguage\":\"en-US\",\"potentialAction\":[{\"@type\":\"ReadAction\",\"target\":[\"https:\\\/\\\/super-news.info\\\/es\\\/la-llegada-del-5g-abrira-una-nueva-era-en-el-sector-publicitario-r-de-la-cruz-verizon-media\\\/\"]}]},{\"@type\":\"ImageObject\",\"inLanguage\":\"en-US\",\"@id\":\"https:\\\/\\\/super-news.info\\\/es\\\/la-llegada-del-5g-abrira-una-nueva-era-en-el-sector-publicitario-r-de-la-cruz-verizon-media\\\/#primaryimage\",\"url\":\"https:\\\/\\\/super-news.info\\\/es\\\/wp-content\\\/uploads\\\/sites\\\/4\\\/2019\\\/05\\\/La-llegada-del-5G-abrir\u00e1-una-nueva-era-en-el.jpg\",\"contentUrl\":\"https:\\\/\\\/super-news.info\\\/es\\\/wp-content\\\/uploads\\\/sites\\\/4\\\/2019\\\/05\\\/La-llegada-del-5G-abrir\u00e1-una-nueva-era-en-el.jpg\",\"width\":626,\"height\":364,\"caption\":\"Ra\u00fal Oath\"},{\"@type\":\"BreadcrumbList\",\"@id\":\"https:\\\/\\\/super-news.info\\\/es\\\/la-llegada-del-5g-abrira-una-nueva-era-en-el-sector-publicitario-r-de-la-cruz-verizon-media\\\/#breadcrumb\",\"itemListElement\":[{\"@type\":\"ListItem\",\"position\":1,\"name\":\"\u0413\u043b\u0430\u0432\u043d\u0430\u044f \u0441\u0442\u0440\u0430\u043d\u0438\u0446\u0430\",\"item\":\"https:\\\/\\\/super-news.info\\\/es\\\/\"},{\"@type\":\"ListItem\",\"position\":2,\"name\":\"&#8220;La llegada del 5G abrir\u00e1 una nueva era en el sector publicitario&#8221;, R. De la Cruz (Verizon Media)\"}]},{\"@type\":\"WebSite\",\"@id\":\"https:\\\/\\\/super-news.info\\\/es\\\/#website\",\"url\":\"https:\\\/\\\/super-news.info\\\/es\\\/\",\"name\":\"Super News\",\"description\":\"Super News Espa\u00f1a\",\"potentialAction\":[{\"@type\":\"SearchAction\",\"target\":{\"@type\":\"EntryPoint\",\"urlTemplate\":\"https:\\\/\\\/super-news.info\\\/es\\\/?s={search_term_string}\"},\"query-input\":{\"@type\":\"PropertyValueSpecification\",\"valueRequired\":true,\"valueName\":\"search_term_string\"}}],\"inLanguage\":\"en-US\"},{\"@type\":\"Person\",\"@id\":\"https:\\\/\\\/super-news.info\\\/es\\\/#\\\/schema\\\/person\\\/2d4068cb2f39cd10008c2fce578a7356\",\"name\":\"super-news\",\"image\":{\"@type\":\"ImageObject\",\"inLanguage\":\"en-US\",\"@id\":\"https:\\\/\\\/secure.gravatar.com\\\/avatar\\\/64ebac40b93f26a154f8a9b5b6fdccfc46f442b26b3dd6756dbff3bf9dc76fd7?s=96&d=mm&r=g\",\"url\":\"https:\\\/\\\/secure.gravatar.com\\\/avatar\\\/64ebac40b93f26a154f8a9b5b6fdccfc46f442b26b3dd6756dbff3bf9dc76fd7?s=96&d=mm&r=g\",\"contentUrl\":\"https:\\\/\\\/secure.gravatar.com\\\/avatar\\\/64ebac40b93f26a154f8a9b5b6fdccfc46f442b26b3dd6756dbff3bf9dc76fd7?s=96&d=mm&r=g\",\"caption\":\"super-news\"},\"url\":\"https:\\\/\\\/super-news.info\\\/es\\\/author\\\/pt\\\/\"}]}<\/script>\n<!-- \/ Yoast SEO plugin. -->","yoast_head_json":{"title":"\"La llegada del 5G abrir\u00e1 una nueva era en el sector publicitario\", R. De la Cruz (Verizon Media) - Super News","robots":{"index":"index","follow":"follow","max-snippet":"max-snippet:-1","max-image-preview":"max-image-preview:large","max-video-preview":"max-video-preview:-1"},"canonical":"https:\/\/super-news.info\/es\/la-llegada-del-5g-abrira-una-nueva-era-en-el-sector-publicitario-r-de-la-cruz-verizon-media\/","og_locale":"en_US","og_type":"article","og_title":"\"La llegada del 5G abrir\u00e1 una nueva era en el sector publicitario\", R. De la Cruz (Verizon Media) - Super News","og_description":"[ad_1] Oath, la empresa multimedia y de tecnolog\u00eda de Verizon, se posiciona dentro de la compa\u00f1\u00eda con un nuevo nombre: Verizon Media Como parte de una nueva estrategia de posicionamiento, Oath, la empresa multimedia y de tecnolog\u00eda de Verizon, inici\u00f3 el a\u00f1o con un nuevo nombre: Verizon Media, completando as\u00ed el negocio de Verizon, junto [&hellip;]","og_url":"https:\/\/super-news.info\/es\/la-llegada-del-5g-abrira-una-nueva-era-en-el-sector-publicitario-r-de-la-cruz-verizon-media\/","og_site_name":"Super News","article_published_time":"2019-05-13T08:18:43+00:00","article_modified_time":"2019-05-13T08:18:44+00:00","og_image":[{"width":626,"height":364,"url":"https:\/\/super-news.info\/es\/wp-content\/uploads\/sites\/4\/2019\/05\/La-llegada-del-5G-abrir\u00e1-una-nueva-era-en-el.jpg","type":"image\/jpeg"}],"author":"super-news","twitter_card":"summary_large_image","twitter_misc":{"Written by":"super-news","Est. reading time":"7 minutes"},"schema":{"@context":"https:\/\/schema.org","@graph":[{"@type":"Article","@id":"https:\/\/super-news.info\/es\/la-llegada-del-5g-abrira-una-nueva-era-en-el-sector-publicitario-r-de-la-cruz-verizon-media\/#article","isPartOf":{"@id":"https:\/\/super-news.info\/es\/la-llegada-del-5g-abrira-una-nueva-era-en-el-sector-publicitario-r-de-la-cruz-verizon-media\/"},"author":{"name":"super-news","@id":"https:\/\/super-news.info\/es\/#\/schema\/person\/2d4068cb2f39cd10008c2fce578a7356"},"headline":"&#8220;La llegada del 5G abrir\u00e1 una nueva era en el sector publicitario&#8221;, R. De la Cruz (Verizon Media)","datePublished":"2019-05-13T08:18:43+00:00","dateModified":"2019-05-13T08:18:44+00:00","mainEntityOfPage":{"@id":"https:\/\/super-news.info\/es\/la-llegada-del-5g-abrira-una-nueva-era-en-el-sector-publicitario-r-de-la-cruz-verizon-media\/"},"wordCount":1348,"commentCount":0,"image":{"@id":"https:\/\/super-news.info\/es\/la-llegada-del-5g-abrira-una-nueva-era-en-el-sector-publicitario-r-de-la-cruz-verizon-media\/#primaryimage"},"thumbnailUrl":"https:\/\/super-news.info\/es\/wp-content\/uploads\/sites\/4\/2019\/05\/La-llegada-del-5G-abrir\u00e1-una-nueva-era-en-el.jpg","articleSection":["NOTICIAS DE MARKETING DIGITAL"],"inLanguage":"en-US","potentialAction":[{"@type":"CommentAction","name":"Comment","target":["https:\/\/super-news.info\/es\/la-llegada-del-5g-abrira-una-nueva-era-en-el-sector-publicitario-r-de-la-cruz-verizon-media\/#respond"]}]},{"@type":"WebPage","@id":"https:\/\/super-news.info\/es\/la-llegada-del-5g-abrira-una-nueva-era-en-el-sector-publicitario-r-de-la-cruz-verizon-media\/","url":"https:\/\/super-news.info\/es\/la-llegada-del-5g-abrira-una-nueva-era-en-el-sector-publicitario-r-de-la-cruz-verizon-media\/","name":"\"La llegada del 5G abrir\u00e1 una nueva era en el sector publicitario\", R. De la Cruz (Verizon Media) - Super News","isPartOf":{"@id":"https:\/\/super-news.info\/es\/#website"},"primaryImageOfPage":{"@id":"https:\/\/super-news.info\/es\/la-llegada-del-5g-abrira-una-nueva-era-en-el-sector-publicitario-r-de-la-cruz-verizon-media\/#primaryimage"},"image":{"@id":"https:\/\/super-news.info\/es\/la-llegada-del-5g-abrira-una-nueva-era-en-el-sector-publicitario-r-de-la-cruz-verizon-media\/#primaryimage"},"thumbnailUrl":"https:\/\/super-news.info\/es\/wp-content\/uploads\/sites\/4\/2019\/05\/La-llegada-del-5G-abrir\u00e1-una-nueva-era-en-el.jpg","datePublished":"2019-05-13T08:18:43+00:00","dateModified":"2019-05-13T08:18:44+00:00","author":{"@id":"https:\/\/super-news.info\/es\/#\/schema\/person\/2d4068cb2f39cd10008c2fce578a7356"},"breadcrumb":{"@id":"https:\/\/super-news.info\/es\/la-llegada-del-5g-abrira-una-nueva-era-en-el-sector-publicitario-r-de-la-cruz-verizon-media\/#breadcrumb"},"inLanguage":"en-US","potentialAction":[{"@type":"ReadAction","target":["https:\/\/super-news.info\/es\/la-llegada-del-5g-abrira-una-nueva-era-en-el-sector-publicitario-r-de-la-cruz-verizon-media\/"]}]},{"@type":"ImageObject","inLanguage":"en-US","@id":"https:\/\/super-news.info\/es\/la-llegada-del-5g-abrira-una-nueva-era-en-el-sector-publicitario-r-de-la-cruz-verizon-media\/#primaryimage","url":"https:\/\/super-news.info\/es\/wp-content\/uploads\/sites\/4\/2019\/05\/La-llegada-del-5G-abrir\u00e1-una-nueva-era-en-el.jpg","contentUrl":"https:\/\/super-news.info\/es\/wp-content\/uploads\/sites\/4\/2019\/05\/La-llegada-del-5G-abrir\u00e1-una-nueva-era-en-el.jpg","width":626,"height":364,"caption":"Ra\u00fal Oath"},{"@type":"BreadcrumbList","@id":"https:\/\/super-news.info\/es\/la-llegada-del-5g-abrira-una-nueva-era-en-el-sector-publicitario-r-de-la-cruz-verizon-media\/#breadcrumb","itemListElement":[{"@type":"ListItem","position":1,"name":"\u0413\u043b\u0430\u0432\u043d\u0430\u044f \u0441\u0442\u0440\u0430\u043d\u0438\u0446\u0430","item":"https:\/\/super-news.info\/es\/"},{"@type":"ListItem","position":2,"name":"&#8220;La llegada del 5G abrir\u00e1 una nueva era en el sector publicitario&#8221;, R. De la Cruz (Verizon Media)"}]},{"@type":"WebSite","@id":"https:\/\/super-news.info\/es\/#website","url":"https:\/\/super-news.info\/es\/","name":"Super News","description":"Super News Espa\u00f1a","potentialAction":[{"@type":"SearchAction","target":{"@type":"EntryPoint","urlTemplate":"https:\/\/super-news.info\/es\/?s={search_term_string}"},"query-input":{"@type":"PropertyValueSpecification","valueRequired":true,"valueName":"search_term_string"}}],"inLanguage":"en-US"},{"@type":"Person","@id":"https:\/\/super-news.info\/es\/#\/schema\/person\/2d4068cb2f39cd10008c2fce578a7356","name":"super-news","image":{"@type":"ImageObject","inLanguage":"en-US","@id":"https:\/\/secure.gravatar.com\/avatar\/64ebac40b93f26a154f8a9b5b6fdccfc46f442b26b3dd6756dbff3bf9dc76fd7?s=96&d=mm&r=g","url":"https:\/\/secure.gravatar.com\/avatar\/64ebac40b93f26a154f8a9b5b6fdccfc46f442b26b3dd6756dbff3bf9dc76fd7?s=96&d=mm&r=g","contentUrl":"https:\/\/secure.gravatar.com\/avatar\/64ebac40b93f26a154f8a9b5b6fdccfc46f442b26b3dd6756dbff3bf9dc76fd7?s=96&d=mm&r=g","caption":"super-news"},"url":"https:\/\/super-news.info\/es\/author\/pt\/"}]}},"_links":{"self":[{"href":"https:\/\/super-news.info\/es\/wp-json\/wp\/v2\/posts\/1552","targetHints":{"allow":["GET"]}}],"collection":[{"href":"https:\/\/super-news.info\/es\/wp-json\/wp\/v2\/posts"}],"about":[{"href":"https:\/\/super-news.info\/es\/wp-json\/wp\/v2\/types\/post"}],"author":[{"embeddable":true,"href":"https:\/\/super-news.info\/es\/wp-json\/wp\/v2\/users\/2"}],"replies":[{"embeddable":true,"href":"https:\/\/super-news.info\/es\/wp-json\/wp\/v2\/comments?post=1552"}],"version-history":[{"count":1,"href":"https:\/\/super-news.info\/es\/wp-json\/wp\/v2\/posts\/1552\/revisions"}],"predecessor-version":[{"id":1554,"href":"https:\/\/super-news.info\/es\/wp-json\/wp\/v2\/posts\/1552\/revisions\/1554"}],"wp:featuredmedia":[{"embeddable":true,"href":"https:\/\/super-news.info\/es\/wp-json\/wp\/v2\/media\/1553"}],"wp:attachment":[{"href":"https:\/\/super-news.info\/es\/wp-json\/wp\/v2\/media?parent=1552"}],"wp:term":[{"taxonomy":"category","embeddable":true,"href":"https:\/\/super-news.info\/es\/wp-json\/wp\/v2\/categories?post=1552"},{"taxonomy":"post_tag","embeddable":true,"href":"https:\/\/super-news.info\/es\/wp-json\/wp\/v2\/tags?post=1552"}],"curies":[{"name":"wp","href":"https:\/\/api.w.org\/{rel}","templated":true}]}}