{"id":15493,"date":"2021-07-27T19:10:16","date_gmt":"2021-07-27T16:10:16","guid":{"rendered":"https:\/\/super-news.info\/es\/el-gobierno-nombra-a-isabel-pardo-nueva-secretaria-de-estado-de-movilidad-transportes-y-agenda-urbana\/"},"modified":"2021-07-27T19:10:16","modified_gmt":"2021-07-27T16:10:16","slug":"el-gobierno-nombra-a-isabel-pardo-nueva-secretaria-de-estado-de-movilidad-transportes-y-agenda-urbana","status":"publish","type":"post","link":"https:\/\/super-news.info\/es\/el-gobierno-nombra-a-isabel-pardo-nueva-secretaria-de-estado-de-movilidad-transportes-y-agenda-urbana\/","title":{"rendered":"El Gobierno nombra a Isabel Pardo nueva secretaria de Estado de Movilidad, Transportes y Agenda Urbana"},"content":{"rendered":"<p>\nLa actual directora de Planificaci\u00f3n de Adif, Mar\u00eda Luisa Dom\u00ednguez, le sustituir\u00e1 al frente del Administrador de Infraestructuras Ferroviarias<br \/>\nMADRID, 27 Jul. (EUROPA PRESS) &#8211;<br \/>\n\u00a0 \u00a0El Consejo de Ministros ha aprobado el nombramiento de Isabel Pardo de Vera, hasta ahora presidenta de Adif, como nueva secretaria de Estado de Transportes, Movilidad y Agenda Urbana, en sustituci\u00f3n de Pedro Saura.<br \/>\n\u00a0<br \/>\n\u00a0 \u00a0El cambio se produce apenas unos d\u00edas despu\u00e9s del relevo acaecido en el liderazgo del Ministerio con la sustituci\u00f3n del ministro Jos\u00e9 Luis \u00c1balos por Raquel S\u00e1nchez, quien ha propuesto el nombramiento y ahora tendr\u00e1 como &#8216;mano derecha&#8217; a la presidenta de Adif.<br \/>\n\u00a0<br \/>\n\u00a0 \u00a0Entre sus grandes logros al frente del gestor de infraestructuras ferroviarias destaca la gesti\u00f3n de todo el proceso de liberalizaci\u00f3n, un proceso hist\u00f3rico para el sistema ferroviario espa\u00f1ol que ha supuesto la entrada de competidores para Renfe.<br \/>\n\u00a0<br \/>\n\u00a0 \u00a0Espa\u00f1a tiene una de las redes m\u00e1s extensas de alta velocidad del mundo y, sin embargo, una de las m\u00e1s infrautilizadas, por lo que todo el dinero p\u00fablico invertido en esta red &#8211;que Saura valoraba en 65.000 millones de euros&#8211; no estaba siendo aprovechado.<br \/>\n\u00a0<br \/>\n\u00a0 \u00a0Ahora, con el proceso dirigido por Pardo de Vera, la liberalizaci\u00f3n supondr\u00e1 un cambio de paradigma en todo el sistema ferroviario espa\u00f1ol, basado principalmente en una bajada de precios para los usuarios y, con ello, en un trasvase de clientes de los medios m\u00e1s contaminantes, como el coche o el avi\u00f3n, al tren.<br \/>\n\u00a0<br \/>\nRETOS POR DELANTE<br \/>\n\u00a0<br \/>\n\u00a0 \u00a0Una vez deje la presidencia de Adif, Pardo de Vera pasar\u00e1 a gestionar no solo la infraestructura ferroviaria, dependiente del Ministerio de Transportes, sino tambi\u00e9n todas las pol\u00edticas vinculadas a las carreteras y a la vivienda.<br \/>\n\u00a0<br \/>\n\u00a0 \u00a0As\u00ed, entre sus grandes retos, adem\u00e1s de seguir pilotando la liberalizaci\u00f3n del tren, con la entrada de Ilsa el a\u00f1o que viene en las v\u00edas espa\u00f1olas, tendr\u00e1 que asumir los planes de fomento a la vivienda, la posible limitaci\u00f3n de precios al alquiler, la recepci\u00f3n de la mayor partida de fondos europeos y el futuro de los peajes en autov\u00edas.<br \/>\n\u00a0<br \/>\n\u00a0 \u00a0En este sentido, el pr\u00f3ximo mes de agosto vencen las concesiones de la AP-7 en Catalu\u00f1a y de la AP-1 en Arag\u00f3n y tambi\u00e9n Catalu\u00f1a, por lo que se levantar\u00e1n los peajes en estos tramos de autopista, mientras el Gobierno se comprometi\u00f3 con Bruselas a instaurar un peaje simb\u00f3lico en todas las autov\u00edas espa\u00f1olas a partir de 2024.<br \/>\n\u00a0<br \/>\nCURR\u00cdCULUM<br \/>\n\u00a0<br \/>\n\u00a0 \u00a0Nacida en Lugo en 1975, es ingeniera de Caminos, Canales y Puertos por la Universidad de A Coru\u00f1a, adem\u00e1s de haber completado su formaci\u00f3n en programas de desarrollo directivo en escuelas de negocios y gesti\u00f3n de infraestructuras.<br \/>\n\u00a0<br \/>\n\u00a0 \u00a0Tras trabajar en el sector privado de la ingenier\u00eda y consultor\u00eda de proyectos de infraestructuras ferroviarias y de carreteras, ingres\u00f3 en Adif a trav\u00e9s de la Oferta de Empleo P\u00fablico en el a\u00f1o 2007.<br \/>\n\u00a0<br \/>\n\u00a0 \u00a0Hasta 2015, ha desempe\u00f1ado puestos sucesivos de Direcci\u00f3n de Obra y jefa de Infraestructura y gerente de \u00c1rea en la construcci\u00f3n de la l\u00ednea de Alta Velocidad Madrid-Galicia. Al t\u00e9rmino de ese a\u00f1o, solicit\u00f3 una excedencia en Adif y pas\u00f3 a ser directora de Movilidad e Infraestructuras de la Diputaci\u00f3n de Pontevedra.<br \/>\n\u00a0<br \/>\n\u00a0 \u00a0En junio del a\u00f1o 2016 se reincorpor\u00f3 al ente ferroviario, compatibilizando el cargo de directora general de Explotaci\u00f3n y Construcci\u00f3n de Adif con el de directora general de Adif Alta Velocidad, cargos que ha desempe\u00f1ado hasta la actualidad.<br \/>\n\u00a0<br \/>\nCONTINUIDAD EN LA PRESIDENCIA<br \/>\n\u00a0<br \/>\n\u00a0 \u00a0Por otra parte, la actual directora general de Planificaci\u00f3n Estrat\u00e9gica y Proyectos de Adif, Mar\u00eda Luisa Dom\u00ednguez, ser\u00e1 la nueva presidenta del gestor de la infraestructura ferroviaria, en sustituci\u00f3n de Pardo de Vera.<br \/>\n\u00a0<br \/>\n\u00a0 \u00a0Fuentes cercanas a la empresa p\u00fablica explican a Europa Press que el relevo intenta dar continuidad a la pol\u00edtica instaurada por Pardo de Vera en Adif, toda vez que Dom\u00ednguez cuenta con su total confianza y es la responsable del nuevo plan estrat\u00e9gico de la entidad de cara a 2030.<br \/>\n\u00a0<br \/>\n\u00a0 \u00a0La nueva presidenta de Adif tendr\u00e1, entre otros grandes retos, que dar acogida a una gran cantidad de fondos procedentes de Europa, en el marco de los planes de recuperaci\u00f3n, as\u00ed como proseguir en el proceso de liberalizaci\u00f3n ferroviaria, con la entrada de nuevos competidores para Renfe.<br \/>\n\u00a0<br \/>\n\u00a0 \u00a0Dom\u00ednguez es ingeniera de Caminos, Canales y Puertos por la Universidad Polit\u00e9cnica de Madrid (1993), licenciada en Derecho por la Universidad Nacional de Educaci\u00f3n a Distancia (2006) y tiene un M\u00e1ster en Direcci\u00f3n Estrat\u00e9gica Internacional por la Universidad Polit\u00e9cnica de Madrid (2016).<br \/>\n\u00a0<br \/>\n\u00a0 \u00a0En el sector privado ha trabajado en Intraesa, desde 1992 a 1998, como jefa de proyectos de infraestructuras de obras lineales. En el sector p\u00fablico, se incorpor\u00f3 a Adif en 1998 como t\u00e9cnico y ha ido asumiendo nuevas responsabilidades a lo largo de los a\u00f1os como jefa y directora de proyectos, as\u00ed como subdirectora y gerente.<\/p>\n<p>\n<!--noindex--><br \/>\n<a href=\"https:\/\/www.europapress.es\/economia\/transportes-00343\/noticia-gobierno-nombra-isabel-pardo-nueva-secretaria-estado-movilidad-transportes-agenda-urbana-20210727163517.html\" rel=\"nofollow\">Source link <\/a><br \/>\n<!--\/noindex--><\/p>\n","protected":false},"excerpt":{"rendered":"<p>La actual directora de Planificaci\u00f3n de Adif, Mar\u00eda Luisa Dom\u00ednguez, le sustituir\u00e1 al frente del Administrador de Infraestructuras Ferroviarias MADRID, 27 Jul. (EUROPA PRESS) &#8211; \u00a0 \u00a0El Consejo de Ministros ha aprobado el nombramiento de Isabel Pardo de Vera, hasta ahora presidenta de Adif, como nueva secretaria de Estado de Transportes, Movilidad y Agenda Urbana, [&hellip;]<\/p>\n","protected":false},"author":2,"featured_media":15494,"comment_status":"open","ping_status":"open","sticky":false,"template":"","format":"standard","meta":{"footnotes":""},"categories":[1],"tags":[],"class_list":["post-15493","post","type-post","status-publish","format-standard","has-post-thumbnail","hentry","category-noticias-financieras"],"yoast_head":"<!-- This site is optimized with the Yoast SEO plugin v27.4 - https:\/\/yoast.com\/product\/yoast-seo-wordpress\/ -->\n<title>El Gobierno nombra a Isabel Pardo nueva secretaria de Estado de Movilidad, Transportes y Agenda Urbana - Super News<\/title>\n<meta name=\"robots\" content=\"index, follow, max-snippet:-1, max-image-preview:large, max-video-preview:-1\" \/>\n<link rel=\"canonical\" href=\"https:\/\/super-news.info\/es\/el-gobierno-nombra-a-isabel-pardo-nueva-secretaria-de-estado-de-movilidad-transportes-y-agenda-urbana\/\" \/>\n<meta property=\"og:locale\" content=\"en_US\" \/>\n<meta property=\"og:type\" content=\"article\" \/>\n<meta property=\"og:title\" content=\"El Gobierno nombra a Isabel Pardo nueva secretaria de Estado de Movilidad, Transportes y Agenda Urbana - Super News\" \/>\n<meta property=\"og:description\" content=\"La actual directora de Planificaci\u00f3n de Adif, Mar\u00eda Luisa Dom\u00ednguez, le sustituir\u00e1 al frente del Administrador de Infraestructuras Ferroviarias MADRID, 27 Jul. (EUROPA PRESS) &#8211; \u00a0 \u00a0El Consejo de Ministros ha aprobado el nombramiento de Isabel Pardo de Vera, hasta ahora presidenta de Adif, como nueva secretaria de Estado de Transportes, Movilidad y Agenda Urbana, [&hellip;]\" \/>\n<meta property=\"og:url\" content=\"https:\/\/super-news.info\/es\/el-gobierno-nombra-a-isabel-pardo-nueva-secretaria-de-estado-de-movilidad-transportes-y-agenda-urbana\/\" \/>\n<meta property=\"og:site_name\" content=\"Super News\" \/>\n<meta property=\"article:published_time\" content=\"2021-07-27T16:10:16+00:00\" \/>\n<meta property=\"og:image\" content=\"https:\/\/super-news.info\/es\/wp-content\/uploads\/sites\/4\/2021\/07\/El-Gobierno-nombra-a-Isabel-Pardo-nueva-secretaria-de-Estado.jpg\" \/>\n\t<meta property=\"og:image:width\" content=\"120\" \/>\n\t<meta property=\"og:image:height\" content=\"80\" \/>\n\t<meta property=\"og:image:type\" content=\"image\/jpeg\" \/>\n<meta name=\"author\" content=\"super-news\" \/>\n<meta name=\"twitter:card\" content=\"summary_large_image\" \/>\n<meta name=\"twitter:label1\" content=\"Written by\" \/>\n\t<meta name=\"twitter:data1\" content=\"super-news\" \/>\n\t<meta name=\"twitter:label2\" content=\"Est. reading time\" \/>\n\t<meta name=\"twitter:data2\" content=\"4 minutes\" \/>\n<script type=\"application\/ld+json\" class=\"yoast-schema-graph\">{\"@context\":\"https:\\\/\\\/schema.org\",\"@graph\":[{\"@type\":\"Article\",\"@id\":\"https:\\\/\\\/super-news.info\\\/es\\\/el-gobierno-nombra-a-isabel-pardo-nueva-secretaria-de-estado-de-movilidad-transportes-y-agenda-urbana\\\/#article\",\"isPartOf\":{\"@id\":\"https:\\\/\\\/super-news.info\\\/es\\\/el-gobierno-nombra-a-isabel-pardo-nueva-secretaria-de-estado-de-movilidad-transportes-y-agenda-urbana\\\/\"},\"author\":{\"name\":\"super-news\",\"@id\":\"https:\\\/\\\/super-news.info\\\/es\\\/#\\\/schema\\\/person\\\/2d4068cb2f39cd10008c2fce578a7356\"},\"headline\":\"El Gobierno nombra a Isabel Pardo nueva secretaria de Estado de Movilidad, Transportes y Agenda Urbana\",\"datePublished\":\"2021-07-27T16:10:16+00:00\",\"mainEntityOfPage\":{\"@id\":\"https:\\\/\\\/super-news.info\\\/es\\\/el-gobierno-nombra-a-isabel-pardo-nueva-secretaria-de-estado-de-movilidad-transportes-y-agenda-urbana\\\/\"},\"wordCount\":872,\"commentCount\":0,\"image\":{\"@id\":\"https:\\\/\\\/super-news.info\\\/es\\\/el-gobierno-nombra-a-isabel-pardo-nueva-secretaria-de-estado-de-movilidad-transportes-y-agenda-urbana\\\/#primaryimage\"},\"thumbnailUrl\":\"https:\\\/\\\/super-news.info\\\/es\\\/wp-content\\\/uploads\\\/sites\\\/4\\\/2021\\\/07\\\/El-Gobierno-nombra-a-Isabel-Pardo-nueva-secretaria-de-Estado.jpg\",\"articleSection\":[\"NOTICIAS FINANCIERAS\"],\"inLanguage\":\"en-US\",\"potentialAction\":[{\"@type\":\"CommentAction\",\"name\":\"Comment\",\"target\":[\"https:\\\/\\\/super-news.info\\\/es\\\/el-gobierno-nombra-a-isabel-pardo-nueva-secretaria-de-estado-de-movilidad-transportes-y-agenda-urbana\\\/#respond\"]}]},{\"@type\":\"WebPage\",\"@id\":\"https:\\\/\\\/super-news.info\\\/es\\\/el-gobierno-nombra-a-isabel-pardo-nueva-secretaria-de-estado-de-movilidad-transportes-y-agenda-urbana\\\/\",\"url\":\"https:\\\/\\\/super-news.info\\\/es\\\/el-gobierno-nombra-a-isabel-pardo-nueva-secretaria-de-estado-de-movilidad-transportes-y-agenda-urbana\\\/\",\"name\":\"El Gobierno nombra a Isabel Pardo nueva secretaria de Estado de Movilidad, Transportes y Agenda Urbana - Super News\",\"isPartOf\":{\"@id\":\"https:\\\/\\\/super-news.info\\\/es\\\/#website\"},\"primaryImageOfPage\":{\"@id\":\"https:\\\/\\\/super-news.info\\\/es\\\/el-gobierno-nombra-a-isabel-pardo-nueva-secretaria-de-estado-de-movilidad-transportes-y-agenda-urbana\\\/#primaryimage\"},\"image\":{\"@id\":\"https:\\\/\\\/super-news.info\\\/es\\\/el-gobierno-nombra-a-isabel-pardo-nueva-secretaria-de-estado-de-movilidad-transportes-y-agenda-urbana\\\/#primaryimage\"},\"thumbnailUrl\":\"https:\\\/\\\/super-news.info\\\/es\\\/wp-content\\\/uploads\\\/sites\\\/4\\\/2021\\\/07\\\/El-Gobierno-nombra-a-Isabel-Pardo-nueva-secretaria-de-Estado.jpg\",\"datePublished\":\"2021-07-27T16:10:16+00:00\",\"author\":{\"@id\":\"https:\\\/\\\/super-news.info\\\/es\\\/#\\\/schema\\\/person\\\/2d4068cb2f39cd10008c2fce578a7356\"},\"breadcrumb\":{\"@id\":\"https:\\\/\\\/super-news.info\\\/es\\\/el-gobierno-nombra-a-isabel-pardo-nueva-secretaria-de-estado-de-movilidad-transportes-y-agenda-urbana\\\/#breadcrumb\"},\"inLanguage\":\"en-US\",\"potentialAction\":[{\"@type\":\"ReadAction\",\"target\":[\"https:\\\/\\\/super-news.info\\\/es\\\/el-gobierno-nombra-a-isabel-pardo-nueva-secretaria-de-estado-de-movilidad-transportes-y-agenda-urbana\\\/\"]}]},{\"@type\":\"ImageObject\",\"inLanguage\":\"en-US\",\"@id\":\"https:\\\/\\\/super-news.info\\\/es\\\/el-gobierno-nombra-a-isabel-pardo-nueva-secretaria-de-estado-de-movilidad-transportes-y-agenda-urbana\\\/#primaryimage\",\"url\":\"https:\\\/\\\/super-news.info\\\/es\\\/wp-content\\\/uploads\\\/sites\\\/4\\\/2021\\\/07\\\/El-Gobierno-nombra-a-Isabel-Pardo-nueva-secretaria-de-Estado.jpg\",\"contentUrl\":\"https:\\\/\\\/super-news.info\\\/es\\\/wp-content\\\/uploads\\\/sites\\\/4\\\/2021\\\/07\\\/El-Gobierno-nombra-a-Isabel-Pardo-nueva-secretaria-de-Estado.jpg\",\"width\":120,\"height\":80,\"caption\":\"El Gobierno nombra a Isabel Pardo nueva secretaria de Estado de Movilidad, Transportes y Agenda Urbana\"},{\"@type\":\"BreadcrumbList\",\"@id\":\"https:\\\/\\\/super-news.info\\\/es\\\/el-gobierno-nombra-a-isabel-pardo-nueva-secretaria-de-estado-de-movilidad-transportes-y-agenda-urbana\\\/#breadcrumb\",\"itemListElement\":[{\"@type\":\"ListItem\",\"position\":1,\"name\":\"\u0413\u043b\u0430\u0432\u043d\u0430\u044f \u0441\u0442\u0440\u0430\u043d\u0438\u0446\u0430\",\"item\":\"https:\\\/\\\/super-news.info\\\/es\\\/\"},{\"@type\":\"ListItem\",\"position\":2,\"name\":\"El Gobierno nombra a Isabel Pardo nueva secretaria de Estado de Movilidad, Transportes y Agenda Urbana\"}]},{\"@type\":\"WebSite\",\"@id\":\"https:\\\/\\\/super-news.info\\\/es\\\/#website\",\"url\":\"https:\\\/\\\/super-news.info\\\/es\\\/\",\"name\":\"Super News\",\"description\":\"Super News Espa\u00f1a\",\"potentialAction\":[{\"@type\":\"SearchAction\",\"target\":{\"@type\":\"EntryPoint\",\"urlTemplate\":\"https:\\\/\\\/super-news.info\\\/es\\\/?s={search_term_string}\"},\"query-input\":{\"@type\":\"PropertyValueSpecification\",\"valueRequired\":true,\"valueName\":\"search_term_string\"}}],\"inLanguage\":\"en-US\"},{\"@type\":\"Person\",\"@id\":\"https:\\\/\\\/super-news.info\\\/es\\\/#\\\/schema\\\/person\\\/2d4068cb2f39cd10008c2fce578a7356\",\"name\":\"super-news\",\"image\":{\"@type\":\"ImageObject\",\"inLanguage\":\"en-US\",\"@id\":\"https:\\\/\\\/secure.gravatar.com\\\/avatar\\\/64ebac40b93f26a154f8a9b5b6fdccfc46f442b26b3dd6756dbff3bf9dc76fd7?s=96&d=mm&r=g\",\"url\":\"https:\\\/\\\/secure.gravatar.com\\\/avatar\\\/64ebac40b93f26a154f8a9b5b6fdccfc46f442b26b3dd6756dbff3bf9dc76fd7?s=96&d=mm&r=g\",\"contentUrl\":\"https:\\\/\\\/secure.gravatar.com\\\/avatar\\\/64ebac40b93f26a154f8a9b5b6fdccfc46f442b26b3dd6756dbff3bf9dc76fd7?s=96&d=mm&r=g\",\"caption\":\"super-news\"},\"url\":\"https:\\\/\\\/super-news.info\\\/es\\\/author\\\/pt\\\/\"}]}<\/script>\n<!-- \/ Yoast SEO plugin. -->","yoast_head_json":{"title":"El Gobierno nombra a Isabel Pardo nueva secretaria de Estado de Movilidad, Transportes y Agenda Urbana - Super News","robots":{"index":"index","follow":"follow","max-snippet":"max-snippet:-1","max-image-preview":"max-image-preview:large","max-video-preview":"max-video-preview:-1"},"canonical":"https:\/\/super-news.info\/es\/el-gobierno-nombra-a-isabel-pardo-nueva-secretaria-de-estado-de-movilidad-transportes-y-agenda-urbana\/","og_locale":"en_US","og_type":"article","og_title":"El Gobierno nombra a Isabel Pardo nueva secretaria de Estado de Movilidad, Transportes y Agenda Urbana - Super News","og_description":"La actual directora de Planificaci\u00f3n de Adif, Mar\u00eda Luisa Dom\u00ednguez, le sustituir\u00e1 al frente del Administrador de Infraestructuras Ferroviarias MADRID, 27 Jul. (EUROPA PRESS) &#8211; \u00a0 \u00a0El Consejo de Ministros ha aprobado el nombramiento de Isabel Pardo de Vera, hasta ahora presidenta de Adif, como nueva secretaria de Estado de Transportes, Movilidad y Agenda Urbana, [&hellip;]","og_url":"https:\/\/super-news.info\/es\/el-gobierno-nombra-a-isabel-pardo-nueva-secretaria-de-estado-de-movilidad-transportes-y-agenda-urbana\/","og_site_name":"Super News","article_published_time":"2021-07-27T16:10:16+00:00","og_image":[{"width":120,"height":80,"url":"https:\/\/super-news.info\/es\/wp-content\/uploads\/sites\/4\/2021\/07\/El-Gobierno-nombra-a-Isabel-Pardo-nueva-secretaria-de-Estado.jpg","type":"image\/jpeg"}],"author":"super-news","twitter_card":"summary_large_image","twitter_misc":{"Written by":"super-news","Est. reading time":"4 minutes"},"schema":{"@context":"https:\/\/schema.org","@graph":[{"@type":"Article","@id":"https:\/\/super-news.info\/es\/el-gobierno-nombra-a-isabel-pardo-nueva-secretaria-de-estado-de-movilidad-transportes-y-agenda-urbana\/#article","isPartOf":{"@id":"https:\/\/super-news.info\/es\/el-gobierno-nombra-a-isabel-pardo-nueva-secretaria-de-estado-de-movilidad-transportes-y-agenda-urbana\/"},"author":{"name":"super-news","@id":"https:\/\/super-news.info\/es\/#\/schema\/person\/2d4068cb2f39cd10008c2fce578a7356"},"headline":"El Gobierno nombra a Isabel Pardo nueva secretaria de Estado de Movilidad, Transportes y Agenda Urbana","datePublished":"2021-07-27T16:10:16+00:00","mainEntityOfPage":{"@id":"https:\/\/super-news.info\/es\/el-gobierno-nombra-a-isabel-pardo-nueva-secretaria-de-estado-de-movilidad-transportes-y-agenda-urbana\/"},"wordCount":872,"commentCount":0,"image":{"@id":"https:\/\/super-news.info\/es\/el-gobierno-nombra-a-isabel-pardo-nueva-secretaria-de-estado-de-movilidad-transportes-y-agenda-urbana\/#primaryimage"},"thumbnailUrl":"https:\/\/super-news.info\/es\/wp-content\/uploads\/sites\/4\/2021\/07\/El-Gobierno-nombra-a-Isabel-Pardo-nueva-secretaria-de-Estado.jpg","articleSection":["NOTICIAS FINANCIERAS"],"inLanguage":"en-US","potentialAction":[{"@type":"CommentAction","name":"Comment","target":["https:\/\/super-news.info\/es\/el-gobierno-nombra-a-isabel-pardo-nueva-secretaria-de-estado-de-movilidad-transportes-y-agenda-urbana\/#respond"]}]},{"@type":"WebPage","@id":"https:\/\/super-news.info\/es\/el-gobierno-nombra-a-isabel-pardo-nueva-secretaria-de-estado-de-movilidad-transportes-y-agenda-urbana\/","url":"https:\/\/super-news.info\/es\/el-gobierno-nombra-a-isabel-pardo-nueva-secretaria-de-estado-de-movilidad-transportes-y-agenda-urbana\/","name":"El Gobierno nombra a Isabel Pardo nueva secretaria de Estado de Movilidad, Transportes y Agenda Urbana - Super News","isPartOf":{"@id":"https:\/\/super-news.info\/es\/#website"},"primaryImageOfPage":{"@id":"https:\/\/super-news.info\/es\/el-gobierno-nombra-a-isabel-pardo-nueva-secretaria-de-estado-de-movilidad-transportes-y-agenda-urbana\/#primaryimage"},"image":{"@id":"https:\/\/super-news.info\/es\/el-gobierno-nombra-a-isabel-pardo-nueva-secretaria-de-estado-de-movilidad-transportes-y-agenda-urbana\/#primaryimage"},"thumbnailUrl":"https:\/\/super-news.info\/es\/wp-content\/uploads\/sites\/4\/2021\/07\/El-Gobierno-nombra-a-Isabel-Pardo-nueva-secretaria-de-Estado.jpg","datePublished":"2021-07-27T16:10:16+00:00","author":{"@id":"https:\/\/super-news.info\/es\/#\/schema\/person\/2d4068cb2f39cd10008c2fce578a7356"},"breadcrumb":{"@id":"https:\/\/super-news.info\/es\/el-gobierno-nombra-a-isabel-pardo-nueva-secretaria-de-estado-de-movilidad-transportes-y-agenda-urbana\/#breadcrumb"},"inLanguage":"en-US","potentialAction":[{"@type":"ReadAction","target":["https:\/\/super-news.info\/es\/el-gobierno-nombra-a-isabel-pardo-nueva-secretaria-de-estado-de-movilidad-transportes-y-agenda-urbana\/"]}]},{"@type":"ImageObject","inLanguage":"en-US","@id":"https:\/\/super-news.info\/es\/el-gobierno-nombra-a-isabel-pardo-nueva-secretaria-de-estado-de-movilidad-transportes-y-agenda-urbana\/#primaryimage","url":"https:\/\/super-news.info\/es\/wp-content\/uploads\/sites\/4\/2021\/07\/El-Gobierno-nombra-a-Isabel-Pardo-nueva-secretaria-de-Estado.jpg","contentUrl":"https:\/\/super-news.info\/es\/wp-content\/uploads\/sites\/4\/2021\/07\/El-Gobierno-nombra-a-Isabel-Pardo-nueva-secretaria-de-Estado.jpg","width":120,"height":80,"caption":"El Gobierno nombra a Isabel Pardo nueva secretaria de Estado de Movilidad, Transportes y Agenda Urbana"},{"@type":"BreadcrumbList","@id":"https:\/\/super-news.info\/es\/el-gobierno-nombra-a-isabel-pardo-nueva-secretaria-de-estado-de-movilidad-transportes-y-agenda-urbana\/#breadcrumb","itemListElement":[{"@type":"ListItem","position":1,"name":"\u0413\u043b\u0430\u0432\u043d\u0430\u044f \u0441\u0442\u0440\u0430\u043d\u0438\u0446\u0430","item":"https:\/\/super-news.info\/es\/"},{"@type":"ListItem","position":2,"name":"El Gobierno nombra a Isabel Pardo nueva secretaria de Estado de Movilidad, Transportes y Agenda Urbana"}]},{"@type":"WebSite","@id":"https:\/\/super-news.info\/es\/#website","url":"https:\/\/super-news.info\/es\/","name":"Super News","description":"Super News Espa\u00f1a","potentialAction":[{"@type":"SearchAction","target":{"@type":"EntryPoint","urlTemplate":"https:\/\/super-news.info\/es\/?s={search_term_string}"},"query-input":{"@type":"PropertyValueSpecification","valueRequired":true,"valueName":"search_term_string"}}],"inLanguage":"en-US"},{"@type":"Person","@id":"https:\/\/super-news.info\/es\/#\/schema\/person\/2d4068cb2f39cd10008c2fce578a7356","name":"super-news","image":{"@type":"ImageObject","inLanguage":"en-US","@id":"https:\/\/secure.gravatar.com\/avatar\/64ebac40b93f26a154f8a9b5b6fdccfc46f442b26b3dd6756dbff3bf9dc76fd7?s=96&d=mm&r=g","url":"https:\/\/secure.gravatar.com\/avatar\/64ebac40b93f26a154f8a9b5b6fdccfc46f442b26b3dd6756dbff3bf9dc76fd7?s=96&d=mm&r=g","contentUrl":"https:\/\/secure.gravatar.com\/avatar\/64ebac40b93f26a154f8a9b5b6fdccfc46f442b26b3dd6756dbff3bf9dc76fd7?s=96&d=mm&r=g","caption":"super-news"},"url":"https:\/\/super-news.info\/es\/author\/pt\/"}]}},"_links":{"self":[{"href":"https:\/\/super-news.info\/es\/wp-json\/wp\/v2\/posts\/15493","targetHints":{"allow":["GET"]}}],"collection":[{"href":"https:\/\/super-news.info\/es\/wp-json\/wp\/v2\/posts"}],"about":[{"href":"https:\/\/super-news.info\/es\/wp-json\/wp\/v2\/types\/post"}],"author":[{"embeddable":true,"href":"https:\/\/super-news.info\/es\/wp-json\/wp\/v2\/users\/2"}],"replies":[{"embeddable":true,"href":"https:\/\/super-news.info\/es\/wp-json\/wp\/v2\/comments?post=15493"}],"version-history":[{"count":1,"href":"https:\/\/super-news.info\/es\/wp-json\/wp\/v2\/posts\/15493\/revisions"}],"predecessor-version":[{"id":15495,"href":"https:\/\/super-news.info\/es\/wp-json\/wp\/v2\/posts\/15493\/revisions\/15495"}],"wp:featuredmedia":[{"embeddable":true,"href":"https:\/\/super-news.info\/es\/wp-json\/wp\/v2\/media\/15494"}],"wp:attachment":[{"href":"https:\/\/super-news.info\/es\/wp-json\/wp\/v2\/media?parent=15493"}],"wp:term":[{"taxonomy":"category","embeddable":true,"href":"https:\/\/super-news.info\/es\/wp-json\/wp\/v2\/categories?post=15493"},{"taxonomy":"post_tag","embeddable":true,"href":"https:\/\/super-news.info\/es\/wp-json\/wp\/v2\/tags?post=15493"}],"curies":[{"name":"wp","href":"https:\/\/api.w.org\/{rel}","templated":true}]}}