{"id":15469,"date":"2021-07-25T19:06:10","date_gmt":"2021-07-25T16:06:10","guid":{"rendered":"https:\/\/super-news.info\/es\/ferrer-psoe-cree-que-la-reforma-de-pensiones-debe-ir-acompanada-de-una-profunda-modernizacion-laboral\/"},"modified":"2021-07-25T19:06:10","modified_gmt":"2021-07-25T16:06:10","slug":"ferrer-psoe-cree-que-la-reforma-de-pensiones-debe-ir-acompanada-de-una-profunda-modernizacion-laboral","status":"publish","type":"post","link":"https:\/\/super-news.info\/es\/ferrer-psoe-cree-que-la-reforma-de-pensiones-debe-ir-acompanada-de-una-profunda-modernizacion-laboral\/","title":{"rendered":"Ferrer (PSOE) cree que la reforma de pensiones debe ir acompa\u00f1ada de una &#8220;profunda&#8221; modernizaci\u00f3n laboral"},"content":{"rendered":"<p>\nEnsalza el acuerdo para la reforma del primer bloque de pensiones, ya que &#8220;asegura el poder adquisitivo actual y futuro&#8221;<br \/>\n   MADRID, 25 Jul. (EUROPA PRESS) &#8211;<br \/>\n   El responsable de Empleo del PSOE, Toni Ferrer, considera que la reforma de pensiones debe ir acompa\u00f1ada de una profunda reforma y modernizaci\u00f3n del mercado laboral, que fortalezca las relaciones colectivas de trabajo y erradique la precariedad provocada por la temporalidad injustificada y la parcialidad involuntaria, que afectan fundamentalmente a los j\u00f3venes y mujeres.<br \/>\n    &#8220;Las pensiones son el resultado de la carrera de cotizaci\u00f3n de los trabajadores, y es obvio que la mejor garant\u00eda para mantener la suficiencia y la sostenibilidad del sistema p\u00fablico de pensiones pasa por poder alcanzar que todas las personas tengan empleos con derechos y salarios dignos, en el marco de una fiscalidad justa&#8221;, ha remarcado Ferrer en su art\u00edculo &#8216;La reforma de pensiones, una mejora para el conjunto del sistema&#8217;.<br \/>\n   El Consejo de Ministros aprob\u00f3, el pasado 7 de julio, el anteproyecto que recoge el primer bloque de la reforma integral de las pensiones, que el Gobierno de PSOE-UP tiene previsto finalizar en 2022.<br \/>\n   Seg\u00fan ha destacado Ferrer, este primer bloque recoge aspectos &#8220;clave&#8221; para garantizar el poder adquisitivo de los pensionistas actuales y futuros, modernizar el sistema y asegurar su sostenibilidad financiera ante los desaf\u00edos demogr\u00e1ficos, como el que supondr\u00e1 la jubilaci\u00f3n de la generaci\u00f3n del &#8216;baby-boom&#8217;.<br \/>\n   El socialista ha recordado que este impulso al sistema se produce despu\u00e9s de diez a\u00f1os sin acuerdos sociales sobre la Seguridad Social -el anterior acuerdo del di\u00e1logo social sobre pensiones se firm\u00f3 en 2011-, criticando que la reforma de pensiones del PP de 2013 se realiz\u00f3 &#8220;sin consenso pol\u00edtico ni di\u00e1logo social&#8221;.<br \/>\n   &#8220;Una reforma unilateral del sistema de la Seguridad Social que, en combinaci\u00f3n con la regresiva reforma laboral de 2012, provoc\u00f3 la consiguiente precarizaci\u00f3n del mercado de trabajo, que llev\u00f3 al sistema p\u00fablico de pensiones a un profundo d\u00e9ficit&#8221;, ha apuntado.<br \/>\n   Los contenidos del acuerdo han sido valorados positivamente por la opini\u00f3n p\u00fablica, las organizaciones firmantes y amplios sectores de los pensionistas, que ven sus pensiones garantizadas por las medidas pactadas, aunque tambi\u00e9n ha recibido cr\u00edticas por parte de algunos sectores de la opini\u00f3n p\u00fablica.<br \/>\n   En opini\u00f3n de Ferrer, estos \u00faltimos, que han manifestado su decepci\u00f3n sobre el corto alcance del acuerdo social, est\u00e1n &#8220;instalados en el catastrofismo&#8221; sobre el futuro del sistema p\u00fablico de pensiones y les ha rebatido que las medidas adoptadas son de gran calado para la sostenibilidad del sistema.<br \/>\n   A \u00e9stos se han sumado, seg\u00fan Ferrer, algunos sindicatos y colectivos hist\u00f3ricamente enfrentados con el Pacto de Toledo y la reforma pactada en 2011, que mostraron su rechazo al acuerdo al considerar que el texto consensuado no recoge las reivindicaciones que en los \u00faltimos a\u00f1os vienen planteando, y atribuyen a la reforma pactada recortes en las jubilaciones anticipadas, aumento del periodo de c\u00e1lculo de las pensiones o privatizaci\u00f3n de las pensiones con la previsi\u00f3n social complementaria, cuestiones \u00e9stas \u00faltimas que ni siquiera se han tratado.<br \/>\n   Frente a esto, el responsable de Empleo del PSOE ha se\u00f1alado que esas afirmaciones son desmentidas por los propios contenidos del acuerdo alcanzado por el Ministerio de Inclusi\u00f3n, Seguridad Social y Migraciones con los interlocutores sociales, que en gran parte se asienta en el Acuerdo para la Reforma y Fortalecimiento del Sistema P\u00fablico de Pensiones de 2011 (recogido por la Ley 27\/2011), que de forma pactada y no traum\u00e1tica ampli\u00f3 el periodo de c\u00e1lculo de las pensiones a 25 a\u00f1os en 2022 y elev\u00f3 la edad jubilaci\u00f3n a los 67 a\u00f1os en 2027.<br \/>\n<br \/>\n<!--noindex--><br \/>\n<a href=\"https:\/\/www.europapress.es\/economia\/laboral-00346\/noticia-ferrer-psoe-cree-reforma-pensiones-debe-ir-acompanada-profunda-modernizacion-laboral-20210725131536.html\" rel=\"nofollow\">Source link <\/a><br \/>\n<!--\/noindex--><\/p>\n","protected":false},"excerpt":{"rendered":"<p>Ensalza el acuerdo para la reforma del primer bloque de pensiones, ya que &#8220;asegura el poder adquisitivo actual y futuro&#8221; MADRID, 25 Jul. (EUROPA PRESS) &#8211; El responsable de Empleo del PSOE, Toni Ferrer, considera que la reforma de pensiones debe ir acompa\u00f1ada de una profunda reforma y modernizaci\u00f3n del mercado laboral, que fortalezca las [&hellip;]<\/p>\n","protected":false},"author":2,"featured_media":15470,"comment_status":"open","ping_status":"open","sticky":false,"template":"","format":"standard","meta":{"footnotes":""},"categories":[1],"tags":[],"class_list":["post-15469","post","type-post","status-publish","format-standard","has-post-thumbnail","hentry","category-noticias-financieras"],"yoast_head":"<!-- This site is optimized with the Yoast SEO plugin v27.4 - https:\/\/yoast.com\/product\/yoast-seo-wordpress\/ -->\n<title>Ferrer (PSOE) cree que la reforma de pensiones debe ir acompa\u00f1ada de una &quot;profunda&quot; modernizaci\u00f3n laboral - Super News<\/title>\n<meta name=\"robots\" content=\"index, follow, max-snippet:-1, max-image-preview:large, max-video-preview:-1\" \/>\n<link rel=\"canonical\" href=\"https:\/\/super-news.info\/es\/ferrer-psoe-cree-que-la-reforma-de-pensiones-debe-ir-acompanada-de-una-profunda-modernizacion-laboral\/\" \/>\n<meta property=\"og:locale\" content=\"en_US\" \/>\n<meta property=\"og:type\" content=\"article\" \/>\n<meta property=\"og:title\" content=\"Ferrer (PSOE) cree que la reforma de pensiones debe ir acompa\u00f1ada de una &quot;profunda&quot; modernizaci\u00f3n laboral - Super News\" \/>\n<meta property=\"og:description\" content=\"Ensalza el acuerdo para la reforma del primer bloque de pensiones, ya que &#8220;asegura el poder adquisitivo actual y futuro&#8221; MADRID, 25 Jul. (EUROPA PRESS) &#8211; El responsable de Empleo del PSOE, Toni Ferrer, considera que la reforma de pensiones debe ir acompa\u00f1ada de una profunda reforma y modernizaci\u00f3n del mercado laboral, que fortalezca las [&hellip;]\" \/>\n<meta property=\"og:url\" content=\"https:\/\/super-news.info\/es\/ferrer-psoe-cree-que-la-reforma-de-pensiones-debe-ir-acompanada-de-una-profunda-modernizacion-laboral\/\" \/>\n<meta property=\"og:site_name\" content=\"Super News\" \/>\n<meta property=\"article:published_time\" content=\"2021-07-25T16:06:10+00:00\" \/>\n<meta property=\"og:image\" content=\"https:\/\/super-news.info\/es\/wp-content\/uploads\/sites\/4\/2021\/07\/Ferrer-PSOE-cree-que-la-reforma-de-pensiones-debe-ir.jpg\" \/>\n\t<meta property=\"og:image:width\" content=\"120\" \/>\n\t<meta property=\"og:image:height\" content=\"80\" \/>\n\t<meta property=\"og:image:type\" content=\"image\/jpeg\" \/>\n<meta name=\"author\" content=\"super-news\" \/>\n<meta name=\"twitter:card\" content=\"summary_large_image\" \/>\n<meta name=\"twitter:label1\" content=\"Written by\" \/>\n\t<meta name=\"twitter:data1\" content=\"super-news\" \/>\n\t<meta name=\"twitter:label2\" content=\"Est. reading time\" \/>\n\t<meta name=\"twitter:data2\" content=\"3 minutes\" \/>\n<script type=\"application\/ld+json\" class=\"yoast-schema-graph\">{\"@context\":\"https:\\\/\\\/schema.org\",\"@graph\":[{\"@type\":\"Article\",\"@id\":\"https:\\\/\\\/super-news.info\\\/es\\\/ferrer-psoe-cree-que-la-reforma-de-pensiones-debe-ir-acompanada-de-una-profunda-modernizacion-laboral\\\/#article\",\"isPartOf\":{\"@id\":\"https:\\\/\\\/super-news.info\\\/es\\\/ferrer-psoe-cree-que-la-reforma-de-pensiones-debe-ir-acompanada-de-una-profunda-modernizacion-laboral\\\/\"},\"author\":{\"name\":\"super-news\",\"@id\":\"https:\\\/\\\/super-news.info\\\/es\\\/#\\\/schema\\\/person\\\/2d4068cb2f39cd10008c2fce578a7356\"},\"headline\":\"Ferrer (PSOE) cree que la reforma de pensiones debe ir acompa\u00f1ada de una &#8220;profunda&#8221; modernizaci\u00f3n laboral\",\"datePublished\":\"2021-07-25T16:06:10+00:00\",\"mainEntityOfPage\":{\"@id\":\"https:\\\/\\\/super-news.info\\\/es\\\/ferrer-psoe-cree-que-la-reforma-de-pensiones-debe-ir-acompanada-de-una-profunda-modernizacion-laboral\\\/\"},\"wordCount\":644,\"commentCount\":0,\"image\":{\"@id\":\"https:\\\/\\\/super-news.info\\\/es\\\/ferrer-psoe-cree-que-la-reforma-de-pensiones-debe-ir-acompanada-de-una-profunda-modernizacion-laboral\\\/#primaryimage\"},\"thumbnailUrl\":\"https:\\\/\\\/super-news.info\\\/es\\\/wp-content\\\/uploads\\\/sites\\\/4\\\/2021\\\/07\\\/Ferrer-PSOE-cree-que-la-reforma-de-pensiones-debe-ir.jpg\",\"articleSection\":[\"NOTICIAS FINANCIERAS\"],\"inLanguage\":\"en-US\",\"potentialAction\":[{\"@type\":\"CommentAction\",\"name\":\"Comment\",\"target\":[\"https:\\\/\\\/super-news.info\\\/es\\\/ferrer-psoe-cree-que-la-reforma-de-pensiones-debe-ir-acompanada-de-una-profunda-modernizacion-laboral\\\/#respond\"]}]},{\"@type\":\"WebPage\",\"@id\":\"https:\\\/\\\/super-news.info\\\/es\\\/ferrer-psoe-cree-que-la-reforma-de-pensiones-debe-ir-acompanada-de-una-profunda-modernizacion-laboral\\\/\",\"url\":\"https:\\\/\\\/super-news.info\\\/es\\\/ferrer-psoe-cree-que-la-reforma-de-pensiones-debe-ir-acompanada-de-una-profunda-modernizacion-laboral\\\/\",\"name\":\"Ferrer (PSOE) cree que la reforma de pensiones debe ir acompa\u00f1ada de una \\\"profunda\\\" modernizaci\u00f3n laboral - Super News\",\"isPartOf\":{\"@id\":\"https:\\\/\\\/super-news.info\\\/es\\\/#website\"},\"primaryImageOfPage\":{\"@id\":\"https:\\\/\\\/super-news.info\\\/es\\\/ferrer-psoe-cree-que-la-reforma-de-pensiones-debe-ir-acompanada-de-una-profunda-modernizacion-laboral\\\/#primaryimage\"},\"image\":{\"@id\":\"https:\\\/\\\/super-news.info\\\/es\\\/ferrer-psoe-cree-que-la-reforma-de-pensiones-debe-ir-acompanada-de-una-profunda-modernizacion-laboral\\\/#primaryimage\"},\"thumbnailUrl\":\"https:\\\/\\\/super-news.info\\\/es\\\/wp-content\\\/uploads\\\/sites\\\/4\\\/2021\\\/07\\\/Ferrer-PSOE-cree-que-la-reforma-de-pensiones-debe-ir.jpg\",\"datePublished\":\"2021-07-25T16:06:10+00:00\",\"author\":{\"@id\":\"https:\\\/\\\/super-news.info\\\/es\\\/#\\\/schema\\\/person\\\/2d4068cb2f39cd10008c2fce578a7356\"},\"breadcrumb\":{\"@id\":\"https:\\\/\\\/super-news.info\\\/es\\\/ferrer-psoe-cree-que-la-reforma-de-pensiones-debe-ir-acompanada-de-una-profunda-modernizacion-laboral\\\/#breadcrumb\"},\"inLanguage\":\"en-US\",\"potentialAction\":[{\"@type\":\"ReadAction\",\"target\":[\"https:\\\/\\\/super-news.info\\\/es\\\/ferrer-psoe-cree-que-la-reforma-de-pensiones-debe-ir-acompanada-de-una-profunda-modernizacion-laboral\\\/\"]}]},{\"@type\":\"ImageObject\",\"inLanguage\":\"en-US\",\"@id\":\"https:\\\/\\\/super-news.info\\\/es\\\/ferrer-psoe-cree-que-la-reforma-de-pensiones-debe-ir-acompanada-de-una-profunda-modernizacion-laboral\\\/#primaryimage\",\"url\":\"https:\\\/\\\/super-news.info\\\/es\\\/wp-content\\\/uploads\\\/sites\\\/4\\\/2021\\\/07\\\/Ferrer-PSOE-cree-que-la-reforma-de-pensiones-debe-ir.jpg\",\"contentUrl\":\"https:\\\/\\\/super-news.info\\\/es\\\/wp-content\\\/uploads\\\/sites\\\/4\\\/2021\\\/07\\\/Ferrer-PSOE-cree-que-la-reforma-de-pensiones-debe-ir.jpg\",\"width\":120,\"height\":80,\"caption\":\"Ferrer (PSOE) cree que la reforma de pensiones debe ir acompa\u00f1ada de una \\\"profunda\\\" modernizaci\u00f3n laboral\"},{\"@type\":\"BreadcrumbList\",\"@id\":\"https:\\\/\\\/super-news.info\\\/es\\\/ferrer-psoe-cree-que-la-reforma-de-pensiones-debe-ir-acompanada-de-una-profunda-modernizacion-laboral\\\/#breadcrumb\",\"itemListElement\":[{\"@type\":\"ListItem\",\"position\":1,\"name\":\"\u0413\u043b\u0430\u0432\u043d\u0430\u044f \u0441\u0442\u0440\u0430\u043d\u0438\u0446\u0430\",\"item\":\"https:\\\/\\\/super-news.info\\\/es\\\/\"},{\"@type\":\"ListItem\",\"position\":2,\"name\":\"Ferrer (PSOE) cree que la reforma de pensiones debe ir acompa\u00f1ada de una &#8220;profunda&#8221; modernizaci\u00f3n laboral\"}]},{\"@type\":\"WebSite\",\"@id\":\"https:\\\/\\\/super-news.info\\\/es\\\/#website\",\"url\":\"https:\\\/\\\/super-news.info\\\/es\\\/\",\"name\":\"Super News\",\"description\":\"Super News Espa\u00f1a\",\"potentialAction\":[{\"@type\":\"SearchAction\",\"target\":{\"@type\":\"EntryPoint\",\"urlTemplate\":\"https:\\\/\\\/super-news.info\\\/es\\\/?s={search_term_string}\"},\"query-input\":{\"@type\":\"PropertyValueSpecification\",\"valueRequired\":true,\"valueName\":\"search_term_string\"}}],\"inLanguage\":\"en-US\"},{\"@type\":\"Person\",\"@id\":\"https:\\\/\\\/super-news.info\\\/es\\\/#\\\/schema\\\/person\\\/2d4068cb2f39cd10008c2fce578a7356\",\"name\":\"super-news\",\"image\":{\"@type\":\"ImageObject\",\"inLanguage\":\"en-US\",\"@id\":\"https:\\\/\\\/secure.gravatar.com\\\/avatar\\\/64ebac40b93f26a154f8a9b5b6fdccfc46f442b26b3dd6756dbff3bf9dc76fd7?s=96&d=mm&r=g\",\"url\":\"https:\\\/\\\/secure.gravatar.com\\\/avatar\\\/64ebac40b93f26a154f8a9b5b6fdccfc46f442b26b3dd6756dbff3bf9dc76fd7?s=96&d=mm&r=g\",\"contentUrl\":\"https:\\\/\\\/secure.gravatar.com\\\/avatar\\\/64ebac40b93f26a154f8a9b5b6fdccfc46f442b26b3dd6756dbff3bf9dc76fd7?s=96&d=mm&r=g\",\"caption\":\"super-news\"},\"url\":\"https:\\\/\\\/super-news.info\\\/es\\\/author\\\/pt\\\/\"}]}<\/script>\n<!-- \/ Yoast SEO plugin. -->","yoast_head_json":{"title":"Ferrer (PSOE) cree que la reforma de pensiones debe ir acompa\u00f1ada de una \"profunda\" modernizaci\u00f3n laboral - Super News","robots":{"index":"index","follow":"follow","max-snippet":"max-snippet:-1","max-image-preview":"max-image-preview:large","max-video-preview":"max-video-preview:-1"},"canonical":"https:\/\/super-news.info\/es\/ferrer-psoe-cree-que-la-reforma-de-pensiones-debe-ir-acompanada-de-una-profunda-modernizacion-laboral\/","og_locale":"en_US","og_type":"article","og_title":"Ferrer (PSOE) cree que la reforma de pensiones debe ir acompa\u00f1ada de una \"profunda\" modernizaci\u00f3n laboral - Super News","og_description":"Ensalza el acuerdo para la reforma del primer bloque de pensiones, ya que &#8220;asegura el poder adquisitivo actual y futuro&#8221; MADRID, 25 Jul. (EUROPA PRESS) &#8211; El responsable de Empleo del PSOE, Toni Ferrer, considera que la reforma de pensiones debe ir acompa\u00f1ada de una profunda reforma y modernizaci\u00f3n del mercado laboral, que fortalezca las [&hellip;]","og_url":"https:\/\/super-news.info\/es\/ferrer-psoe-cree-que-la-reforma-de-pensiones-debe-ir-acompanada-de-una-profunda-modernizacion-laboral\/","og_site_name":"Super News","article_published_time":"2021-07-25T16:06:10+00:00","og_image":[{"width":120,"height":80,"url":"https:\/\/super-news.info\/es\/wp-content\/uploads\/sites\/4\/2021\/07\/Ferrer-PSOE-cree-que-la-reforma-de-pensiones-debe-ir.jpg","type":"image\/jpeg"}],"author":"super-news","twitter_card":"summary_large_image","twitter_misc":{"Written by":"super-news","Est. reading time":"3 minutes"},"schema":{"@context":"https:\/\/schema.org","@graph":[{"@type":"Article","@id":"https:\/\/super-news.info\/es\/ferrer-psoe-cree-que-la-reforma-de-pensiones-debe-ir-acompanada-de-una-profunda-modernizacion-laboral\/#article","isPartOf":{"@id":"https:\/\/super-news.info\/es\/ferrer-psoe-cree-que-la-reforma-de-pensiones-debe-ir-acompanada-de-una-profunda-modernizacion-laboral\/"},"author":{"name":"super-news","@id":"https:\/\/super-news.info\/es\/#\/schema\/person\/2d4068cb2f39cd10008c2fce578a7356"},"headline":"Ferrer (PSOE) cree que la reforma de pensiones debe ir acompa\u00f1ada de una &#8220;profunda&#8221; modernizaci\u00f3n laboral","datePublished":"2021-07-25T16:06:10+00:00","mainEntityOfPage":{"@id":"https:\/\/super-news.info\/es\/ferrer-psoe-cree-que-la-reforma-de-pensiones-debe-ir-acompanada-de-una-profunda-modernizacion-laboral\/"},"wordCount":644,"commentCount":0,"image":{"@id":"https:\/\/super-news.info\/es\/ferrer-psoe-cree-que-la-reforma-de-pensiones-debe-ir-acompanada-de-una-profunda-modernizacion-laboral\/#primaryimage"},"thumbnailUrl":"https:\/\/super-news.info\/es\/wp-content\/uploads\/sites\/4\/2021\/07\/Ferrer-PSOE-cree-que-la-reforma-de-pensiones-debe-ir.jpg","articleSection":["NOTICIAS FINANCIERAS"],"inLanguage":"en-US","potentialAction":[{"@type":"CommentAction","name":"Comment","target":["https:\/\/super-news.info\/es\/ferrer-psoe-cree-que-la-reforma-de-pensiones-debe-ir-acompanada-de-una-profunda-modernizacion-laboral\/#respond"]}]},{"@type":"WebPage","@id":"https:\/\/super-news.info\/es\/ferrer-psoe-cree-que-la-reforma-de-pensiones-debe-ir-acompanada-de-una-profunda-modernizacion-laboral\/","url":"https:\/\/super-news.info\/es\/ferrer-psoe-cree-que-la-reforma-de-pensiones-debe-ir-acompanada-de-una-profunda-modernizacion-laboral\/","name":"Ferrer (PSOE) cree que la reforma de pensiones debe ir acompa\u00f1ada de una \"profunda\" modernizaci\u00f3n laboral - Super News","isPartOf":{"@id":"https:\/\/super-news.info\/es\/#website"},"primaryImageOfPage":{"@id":"https:\/\/super-news.info\/es\/ferrer-psoe-cree-que-la-reforma-de-pensiones-debe-ir-acompanada-de-una-profunda-modernizacion-laboral\/#primaryimage"},"image":{"@id":"https:\/\/super-news.info\/es\/ferrer-psoe-cree-que-la-reforma-de-pensiones-debe-ir-acompanada-de-una-profunda-modernizacion-laboral\/#primaryimage"},"thumbnailUrl":"https:\/\/super-news.info\/es\/wp-content\/uploads\/sites\/4\/2021\/07\/Ferrer-PSOE-cree-que-la-reforma-de-pensiones-debe-ir.jpg","datePublished":"2021-07-25T16:06:10+00:00","author":{"@id":"https:\/\/super-news.info\/es\/#\/schema\/person\/2d4068cb2f39cd10008c2fce578a7356"},"breadcrumb":{"@id":"https:\/\/super-news.info\/es\/ferrer-psoe-cree-que-la-reforma-de-pensiones-debe-ir-acompanada-de-una-profunda-modernizacion-laboral\/#breadcrumb"},"inLanguage":"en-US","potentialAction":[{"@type":"ReadAction","target":["https:\/\/super-news.info\/es\/ferrer-psoe-cree-que-la-reforma-de-pensiones-debe-ir-acompanada-de-una-profunda-modernizacion-laboral\/"]}]},{"@type":"ImageObject","inLanguage":"en-US","@id":"https:\/\/super-news.info\/es\/ferrer-psoe-cree-que-la-reforma-de-pensiones-debe-ir-acompanada-de-una-profunda-modernizacion-laboral\/#primaryimage","url":"https:\/\/super-news.info\/es\/wp-content\/uploads\/sites\/4\/2021\/07\/Ferrer-PSOE-cree-que-la-reforma-de-pensiones-debe-ir.jpg","contentUrl":"https:\/\/super-news.info\/es\/wp-content\/uploads\/sites\/4\/2021\/07\/Ferrer-PSOE-cree-que-la-reforma-de-pensiones-debe-ir.jpg","width":120,"height":80,"caption":"Ferrer (PSOE) cree que la reforma de pensiones debe ir acompa\u00f1ada de una \"profunda\" modernizaci\u00f3n laboral"},{"@type":"BreadcrumbList","@id":"https:\/\/super-news.info\/es\/ferrer-psoe-cree-que-la-reforma-de-pensiones-debe-ir-acompanada-de-una-profunda-modernizacion-laboral\/#breadcrumb","itemListElement":[{"@type":"ListItem","position":1,"name":"\u0413\u043b\u0430\u0432\u043d\u0430\u044f \u0441\u0442\u0440\u0430\u043d\u0438\u0446\u0430","item":"https:\/\/super-news.info\/es\/"},{"@type":"ListItem","position":2,"name":"Ferrer (PSOE) cree que la reforma de pensiones debe ir acompa\u00f1ada de una &#8220;profunda&#8221; modernizaci\u00f3n laboral"}]},{"@type":"WebSite","@id":"https:\/\/super-news.info\/es\/#website","url":"https:\/\/super-news.info\/es\/","name":"Super News","description":"Super News Espa\u00f1a","potentialAction":[{"@type":"SearchAction","target":{"@type":"EntryPoint","urlTemplate":"https:\/\/super-news.info\/es\/?s={search_term_string}"},"query-input":{"@type":"PropertyValueSpecification","valueRequired":true,"valueName":"search_term_string"}}],"inLanguage":"en-US"},{"@type":"Person","@id":"https:\/\/super-news.info\/es\/#\/schema\/person\/2d4068cb2f39cd10008c2fce578a7356","name":"super-news","image":{"@type":"ImageObject","inLanguage":"en-US","@id":"https:\/\/secure.gravatar.com\/avatar\/64ebac40b93f26a154f8a9b5b6fdccfc46f442b26b3dd6756dbff3bf9dc76fd7?s=96&d=mm&r=g","url":"https:\/\/secure.gravatar.com\/avatar\/64ebac40b93f26a154f8a9b5b6fdccfc46f442b26b3dd6756dbff3bf9dc76fd7?s=96&d=mm&r=g","contentUrl":"https:\/\/secure.gravatar.com\/avatar\/64ebac40b93f26a154f8a9b5b6fdccfc46f442b26b3dd6756dbff3bf9dc76fd7?s=96&d=mm&r=g","caption":"super-news"},"url":"https:\/\/super-news.info\/es\/author\/pt\/"}]}},"_links":{"self":[{"href":"https:\/\/super-news.info\/es\/wp-json\/wp\/v2\/posts\/15469","targetHints":{"allow":["GET"]}}],"collection":[{"href":"https:\/\/super-news.info\/es\/wp-json\/wp\/v2\/posts"}],"about":[{"href":"https:\/\/super-news.info\/es\/wp-json\/wp\/v2\/types\/post"}],"author":[{"embeddable":true,"href":"https:\/\/super-news.info\/es\/wp-json\/wp\/v2\/users\/2"}],"replies":[{"embeddable":true,"href":"https:\/\/super-news.info\/es\/wp-json\/wp\/v2\/comments?post=15469"}],"version-history":[{"count":1,"href":"https:\/\/super-news.info\/es\/wp-json\/wp\/v2\/posts\/15469\/revisions"}],"predecessor-version":[{"id":15471,"href":"https:\/\/super-news.info\/es\/wp-json\/wp\/v2\/posts\/15469\/revisions\/15471"}],"wp:featuredmedia":[{"embeddable":true,"href":"https:\/\/super-news.info\/es\/wp-json\/wp\/v2\/media\/15470"}],"wp:attachment":[{"href":"https:\/\/super-news.info\/es\/wp-json\/wp\/v2\/media?parent=15469"}],"wp:term":[{"taxonomy":"category","embeddable":true,"href":"https:\/\/super-news.info\/es\/wp-json\/wp\/v2\/categories?post=15469"},{"taxonomy":"post_tag","embeddable":true,"href":"https:\/\/super-news.info\/es\/wp-json\/wp\/v2\/tags?post=15469"}],"curies":[{"name":"wp","href":"https:\/\/api.w.org\/{rel}","templated":true}]}}