{"id":15448,"date":"2021-07-23T19:09:05","date_gmt":"2021-07-23T16:09:05","guid":{"rendered":"http:\/\/super-news.info\/es\/behind-the-mask-homenajea-al-personal-sanitario-en-barcelona\/"},"modified":"2021-07-23T19:09:06","modified_gmt":"2021-07-23T16:09:06","slug":"behind-the-mask-homenajea-al-personal-sanitario-en-barcelona","status":"publish","type":"post","link":"https:\/\/super-news.info\/es\/behind-the-mask-homenajea-al-personal-sanitario-en-barcelona\/","title":{"rendered":"\u2018Behind the Mask\u2019 homenajea al personal sanitario en Barcelona"},"content":{"rendered":"<p>La iniciativa &#8216;Behind the Mask&#8217; contin\u00faa con una segunda fase que ha llenado los hospitales de Barcelona de im\u00e1genes de sanitarios.<br \/>\n\u2018Behind the Mask\u2019 es una iniciativa que llega a los principales hospitales de Barcelona y a las calles de la ciudad para homenajear al personal sanitario. La idea de la acci\u00f3n es agradecer a los trabajadores sanitarios todo su esfuerzo, pero tambi\u00e9n concienciar a los ciudadanos sobre lo importante que es que colaboren, ahora que est\u00e1n incrementando los contagios.<br \/>\nSon seis los centros hospitalarios que se han sumado a este proyecto: el Hospital del Mar, el Hospital de l\u2019Esperan\u00e7a, Centre F\u00f2rum, Centre Dr. Emili Mira, el Hospital Universitari Vall d\u2019Hebron y el Hospital Cl\u00ednic. Se han despertado con fotograf\u00edas de personal sanitario con la mascarilla en las cristaleras de los edificios.<br \/>\nCada centro ha escogido las im\u00e1genes de las personas de entre sus trabajadores para ilustrar la campa\u00f1a. Durante dos meses, aproximadamente, esas fotograf\u00edas podr\u00e1n verse en los mencionados hospitales. Se trata de una continuaci\u00f3n de \u2018Behind the Mask\u2019, que dio comienzo en abril con diversas intervenciones urbanas y digitales. Estas contaban con c\u00f3digos QR para que la gente de a pie conociera la historia de cada uno de esos trabajadores.<br \/>\nEn un principio, se preve\u00eda que esta segunda fase de la campa\u00f1a iba a llegar en un momento m\u00e1s tranquilo. Sin embargo, con la tendencia creciente del n\u00famero de contagios, lo han decidido lanzar igualmente para visibilizar el trabajo diario de centenares de trabajadores.<br \/>\n\u2018Behind the Mask\u2019, una iniciativa para poner en valor el trabajo de los sanitarios<br \/>\n\u00abEsta iniciativa transversal entre diferentes hospitales pone en valor el gran trabajo que han hecho todos los profesionales sanitarios desde el inicio de la pandemia\u00bb, asegura Gemma Mart\u00ednez, directora enfermera del Hospital Cl\u00ednic de Barcelona.<br \/>\n\u00abEl personal m\u00e9dico, enfermero y de apoyo que han estado en primera l\u00ednea desde el comienzo fueron los primeros en hacer frente a la situaci\u00f3n. Han sabido transmitir el conocimiento adquirido al resto de profesionales para mejorar la respuesta y la toma de decisiones frente a la pandemia. Sin quererlo, han sido protagonistas y es bueno que se les reconozca el buen trabajo realizado\u00bb, concluye.<br \/>\n\u00abNos hemos enfrentado al reto sanitario m\u00e1s grande de las \u00faltimas d\u00e9cadas, pero lo hemos sabido pelear y todav\u00eda lo hacemos, demostrando fortaleza, compromiso y humanidad\u00bb, declara el Dr. Miguel Pera, director m\u00e9dico del Hospital del Mar.<br \/>\nEl estudio Mandaruixa Design y Co-Laboratori son los promotores de la iniciativa. Fueron ellos quien en la pandemia decidieron impulsar \u2018Behind the Mask\u2019.<\/p>\n<p>Si no puede visualizar correctamente el v\u00eddeo embedded, haga clic aqu\u00ed<\/p>\n<p>No te pierdas nada de MarketingDirecto.com y \u00fanete a nuestro Telegram t.me\/MarketingDirecto<\/p>\n<p>\n<!--noindex--><br \/>\n<a href=\"https:\/\/www.marketingdirecto.com\/marketing-general\/publicidad\/behind-the-mask-homenajea-personal-sanitario-barcelona\" rel=\"nofollow\">Source link <\/a><br \/>\n<!--\/noindex--><\/p>\n","protected":false},"excerpt":{"rendered":"<p>La iniciativa &#8216;Behind the Mask&#8217; contin\u00faa con una segunda fase que ha llenado los hospitales de Barcelona de im\u00e1genes de sanitarios. \u2018Behind the Mask\u2019 es una iniciativa que llega a los principales hospitales de Barcelona y a las calles de la ciudad para homenajear al personal sanitario. La idea de la acci\u00f3n es agradecer a [&hellip;]<\/p>\n","protected":false},"author":2,"featured_media":15449,"comment_status":"open","ping_status":"open","sticky":false,"template":"","format":"standard","meta":{"footnotes":""},"categories":[2],"tags":[],"class_list":["post-15448","post","type-post","status-publish","format-standard","has-post-thumbnail","hentry","category-noticias-de-marketing-digital"],"yoast_head":"<!-- This site is optimized with the Yoast SEO plugin v27.4 - https:\/\/yoast.com\/product\/yoast-seo-wordpress\/ -->\n<title>\u2018Behind the Mask\u2019 homenajea al personal sanitario en Barcelona - Super News<\/title>\n<meta name=\"robots\" content=\"index, follow, max-snippet:-1, max-image-preview:large, max-video-preview:-1\" \/>\n<link rel=\"canonical\" href=\"https:\/\/super-news.info\/es\/behind-the-mask-homenajea-al-personal-sanitario-en-barcelona\/\" \/>\n<meta property=\"og:locale\" content=\"en_US\" \/>\n<meta property=\"og:type\" content=\"article\" \/>\n<meta property=\"og:title\" content=\"\u2018Behind the Mask\u2019 homenajea al personal sanitario en Barcelona - Super News\" \/>\n<meta property=\"og:description\" content=\"La iniciativa &#8216;Behind the Mask&#8217; contin\u00faa con una segunda fase que ha llenado los hospitales de Barcelona de im\u00e1genes de sanitarios. \u2018Behind the Mask\u2019 es una iniciativa que llega a los principales hospitales de Barcelona y a las calles de la ciudad para homenajear al personal sanitario. La idea de la acci\u00f3n es agradecer a [&hellip;]\" \/>\n<meta property=\"og:url\" content=\"https:\/\/super-news.info\/es\/behind-the-mask-homenajea-al-personal-sanitario-en-barcelona\/\" \/>\n<meta property=\"og:site_name\" content=\"Super News\" \/>\n<meta property=\"article:published_time\" content=\"2021-07-23T16:09:05+00:00\" \/>\n<meta property=\"article:modified_time\" content=\"2021-07-23T16:09:06+00:00\" \/>\n<meta property=\"og:image\" content=\"https:\/\/super-news.info\/es\/wp-content\/uploads\/sites\/4\/2021\/07\/Behind-the-Mask-homenajea-al-personal-sanitario-en-Barcelona.jpg\" \/>\n\t<meta property=\"og:image:width\" content=\"1200\" \/>\n\t<meta property=\"og:image:height\" content=\"675\" \/>\n\t<meta property=\"og:image:type\" content=\"image\/jpeg\" \/>\n<meta name=\"author\" content=\"super-news\" \/>\n<meta name=\"twitter:card\" content=\"summary_large_image\" \/>\n<meta name=\"twitter:label1\" content=\"Written by\" \/>\n\t<meta name=\"twitter:data1\" content=\"super-news\" \/>\n\t<meta name=\"twitter:label2\" content=\"Est. reading time\" \/>\n\t<meta name=\"twitter:data2\" content=\"2 minutes\" \/>\n<script type=\"application\/ld+json\" class=\"yoast-schema-graph\">{\"@context\":\"https:\\\/\\\/schema.org\",\"@graph\":[{\"@type\":\"Article\",\"@id\":\"https:\\\/\\\/super-news.info\\\/es\\\/behind-the-mask-homenajea-al-personal-sanitario-en-barcelona\\\/#article\",\"isPartOf\":{\"@id\":\"https:\\\/\\\/super-news.info\\\/es\\\/behind-the-mask-homenajea-al-personal-sanitario-en-barcelona\\\/\"},\"author\":{\"name\":\"super-news\",\"@id\":\"https:\\\/\\\/super-news.info\\\/es\\\/#\\\/schema\\\/person\\\/2d4068cb2f39cd10008c2fce578a7356\"},\"headline\":\"\u2018Behind the Mask\u2019 homenajea al personal sanitario en Barcelona\",\"datePublished\":\"2021-07-23T16:09:05+00:00\",\"dateModified\":\"2021-07-23T16:09:06+00:00\",\"mainEntityOfPage\":{\"@id\":\"https:\\\/\\\/super-news.info\\\/es\\\/behind-the-mask-homenajea-al-personal-sanitario-en-barcelona\\\/\"},\"wordCount\":488,\"commentCount\":0,\"image\":{\"@id\":\"https:\\\/\\\/super-news.info\\\/es\\\/behind-the-mask-homenajea-al-personal-sanitario-en-barcelona\\\/#primaryimage\"},\"thumbnailUrl\":\"https:\\\/\\\/super-news.info\\\/es\\\/wp-content\\\/uploads\\\/sites\\\/4\\\/2021\\\/07\\\/Behind-the-Mask-homenajea-al-personal-sanitario-en-Barcelona.jpg\",\"articleSection\":[\"NOTICIAS DE MARKETING DIGITAL\"],\"inLanguage\":\"en-US\",\"potentialAction\":[{\"@type\":\"CommentAction\",\"name\":\"Comment\",\"target\":[\"https:\\\/\\\/super-news.info\\\/es\\\/behind-the-mask-homenajea-al-personal-sanitario-en-barcelona\\\/#respond\"]}]},{\"@type\":\"WebPage\",\"@id\":\"https:\\\/\\\/super-news.info\\\/es\\\/behind-the-mask-homenajea-al-personal-sanitario-en-barcelona\\\/\",\"url\":\"https:\\\/\\\/super-news.info\\\/es\\\/behind-the-mask-homenajea-al-personal-sanitario-en-barcelona\\\/\",\"name\":\"\u2018Behind the Mask\u2019 homenajea al personal sanitario en Barcelona - Super News\",\"isPartOf\":{\"@id\":\"https:\\\/\\\/super-news.info\\\/es\\\/#website\"},\"primaryImageOfPage\":{\"@id\":\"https:\\\/\\\/super-news.info\\\/es\\\/behind-the-mask-homenajea-al-personal-sanitario-en-barcelona\\\/#primaryimage\"},\"image\":{\"@id\":\"https:\\\/\\\/super-news.info\\\/es\\\/behind-the-mask-homenajea-al-personal-sanitario-en-barcelona\\\/#primaryimage\"},\"thumbnailUrl\":\"https:\\\/\\\/super-news.info\\\/es\\\/wp-content\\\/uploads\\\/sites\\\/4\\\/2021\\\/07\\\/Behind-the-Mask-homenajea-al-personal-sanitario-en-Barcelona.jpg\",\"datePublished\":\"2021-07-23T16:09:05+00:00\",\"dateModified\":\"2021-07-23T16:09:06+00:00\",\"author\":{\"@id\":\"https:\\\/\\\/super-news.info\\\/es\\\/#\\\/schema\\\/person\\\/2d4068cb2f39cd10008c2fce578a7356\"},\"breadcrumb\":{\"@id\":\"https:\\\/\\\/super-news.info\\\/es\\\/behind-the-mask-homenajea-al-personal-sanitario-en-barcelona\\\/#breadcrumb\"},\"inLanguage\":\"en-US\",\"potentialAction\":[{\"@type\":\"ReadAction\",\"target\":[\"https:\\\/\\\/super-news.info\\\/es\\\/behind-the-mask-homenajea-al-personal-sanitario-en-barcelona\\\/\"]}]},{\"@type\":\"ImageObject\",\"inLanguage\":\"en-US\",\"@id\":\"https:\\\/\\\/super-news.info\\\/es\\\/behind-the-mask-homenajea-al-personal-sanitario-en-barcelona\\\/#primaryimage\",\"url\":\"https:\\\/\\\/super-news.info\\\/es\\\/wp-content\\\/uploads\\\/sites\\\/4\\\/2021\\\/07\\\/Behind-the-Mask-homenajea-al-personal-sanitario-en-Barcelona.jpg\",\"contentUrl\":\"https:\\\/\\\/super-news.info\\\/es\\\/wp-content\\\/uploads\\\/sites\\\/4\\\/2021\\\/07\\\/Behind-the-Mask-homenajea-al-personal-sanitario-en-Barcelona.jpg\",\"width\":1200,\"height\":675,\"caption\":\"\u2018Behind the Mask\u2019 homenajea al personal sanitario en Barcelona\"},{\"@type\":\"BreadcrumbList\",\"@id\":\"https:\\\/\\\/super-news.info\\\/es\\\/behind-the-mask-homenajea-al-personal-sanitario-en-barcelona\\\/#breadcrumb\",\"itemListElement\":[{\"@type\":\"ListItem\",\"position\":1,\"name\":\"\u0413\u043b\u0430\u0432\u043d\u0430\u044f \u0441\u0442\u0440\u0430\u043d\u0438\u0446\u0430\",\"item\":\"https:\\\/\\\/super-news.info\\\/es\\\/\"},{\"@type\":\"ListItem\",\"position\":2,\"name\":\"\u2018Behind the Mask\u2019 homenajea al personal sanitario en Barcelona\"}]},{\"@type\":\"WebSite\",\"@id\":\"https:\\\/\\\/super-news.info\\\/es\\\/#website\",\"url\":\"https:\\\/\\\/super-news.info\\\/es\\\/\",\"name\":\"Super News\",\"description\":\"Super News Espa\u00f1a\",\"potentialAction\":[{\"@type\":\"SearchAction\",\"target\":{\"@type\":\"EntryPoint\",\"urlTemplate\":\"https:\\\/\\\/super-news.info\\\/es\\\/?s={search_term_string}\"},\"query-input\":{\"@type\":\"PropertyValueSpecification\",\"valueRequired\":true,\"valueName\":\"search_term_string\"}}],\"inLanguage\":\"en-US\"},{\"@type\":\"Person\",\"@id\":\"https:\\\/\\\/super-news.info\\\/es\\\/#\\\/schema\\\/person\\\/2d4068cb2f39cd10008c2fce578a7356\",\"name\":\"super-news\",\"image\":{\"@type\":\"ImageObject\",\"inLanguage\":\"en-US\",\"@id\":\"https:\\\/\\\/secure.gravatar.com\\\/avatar\\\/64ebac40b93f26a154f8a9b5b6fdccfc46f442b26b3dd6756dbff3bf9dc76fd7?s=96&d=mm&r=g\",\"url\":\"https:\\\/\\\/secure.gravatar.com\\\/avatar\\\/64ebac40b93f26a154f8a9b5b6fdccfc46f442b26b3dd6756dbff3bf9dc76fd7?s=96&d=mm&r=g\",\"contentUrl\":\"https:\\\/\\\/secure.gravatar.com\\\/avatar\\\/64ebac40b93f26a154f8a9b5b6fdccfc46f442b26b3dd6756dbff3bf9dc76fd7?s=96&d=mm&r=g\",\"caption\":\"super-news\"},\"url\":\"https:\\\/\\\/super-news.info\\\/es\\\/author\\\/pt\\\/\"}]}<\/script>\n<!-- \/ Yoast SEO plugin. -->","yoast_head_json":{"title":"\u2018Behind the Mask\u2019 homenajea al personal sanitario en Barcelona - Super News","robots":{"index":"index","follow":"follow","max-snippet":"max-snippet:-1","max-image-preview":"max-image-preview:large","max-video-preview":"max-video-preview:-1"},"canonical":"https:\/\/super-news.info\/es\/behind-the-mask-homenajea-al-personal-sanitario-en-barcelona\/","og_locale":"en_US","og_type":"article","og_title":"\u2018Behind the Mask\u2019 homenajea al personal sanitario en Barcelona - Super News","og_description":"La iniciativa &#8216;Behind the Mask&#8217; contin\u00faa con una segunda fase que ha llenado los hospitales de Barcelona de im\u00e1genes de sanitarios. \u2018Behind the Mask\u2019 es una iniciativa que llega a los principales hospitales de Barcelona y a las calles de la ciudad para homenajear al personal sanitario. La idea de la acci\u00f3n es agradecer a [&hellip;]","og_url":"https:\/\/super-news.info\/es\/behind-the-mask-homenajea-al-personal-sanitario-en-barcelona\/","og_site_name":"Super News","article_published_time":"2021-07-23T16:09:05+00:00","article_modified_time":"2021-07-23T16:09:06+00:00","og_image":[{"width":1200,"height":675,"url":"https:\/\/super-news.info\/es\/wp-content\/uploads\/sites\/4\/2021\/07\/Behind-the-Mask-homenajea-al-personal-sanitario-en-Barcelona.jpg","type":"image\/jpeg"}],"author":"super-news","twitter_card":"summary_large_image","twitter_misc":{"Written by":"super-news","Est. reading time":"2 minutes"},"schema":{"@context":"https:\/\/schema.org","@graph":[{"@type":"Article","@id":"https:\/\/super-news.info\/es\/behind-the-mask-homenajea-al-personal-sanitario-en-barcelona\/#article","isPartOf":{"@id":"https:\/\/super-news.info\/es\/behind-the-mask-homenajea-al-personal-sanitario-en-barcelona\/"},"author":{"name":"super-news","@id":"https:\/\/super-news.info\/es\/#\/schema\/person\/2d4068cb2f39cd10008c2fce578a7356"},"headline":"\u2018Behind the Mask\u2019 homenajea al personal sanitario en Barcelona","datePublished":"2021-07-23T16:09:05+00:00","dateModified":"2021-07-23T16:09:06+00:00","mainEntityOfPage":{"@id":"https:\/\/super-news.info\/es\/behind-the-mask-homenajea-al-personal-sanitario-en-barcelona\/"},"wordCount":488,"commentCount":0,"image":{"@id":"https:\/\/super-news.info\/es\/behind-the-mask-homenajea-al-personal-sanitario-en-barcelona\/#primaryimage"},"thumbnailUrl":"https:\/\/super-news.info\/es\/wp-content\/uploads\/sites\/4\/2021\/07\/Behind-the-Mask-homenajea-al-personal-sanitario-en-Barcelona.jpg","articleSection":["NOTICIAS DE MARKETING DIGITAL"],"inLanguage":"en-US","potentialAction":[{"@type":"CommentAction","name":"Comment","target":["https:\/\/super-news.info\/es\/behind-the-mask-homenajea-al-personal-sanitario-en-barcelona\/#respond"]}]},{"@type":"WebPage","@id":"https:\/\/super-news.info\/es\/behind-the-mask-homenajea-al-personal-sanitario-en-barcelona\/","url":"https:\/\/super-news.info\/es\/behind-the-mask-homenajea-al-personal-sanitario-en-barcelona\/","name":"\u2018Behind the Mask\u2019 homenajea al personal sanitario en Barcelona - Super News","isPartOf":{"@id":"https:\/\/super-news.info\/es\/#website"},"primaryImageOfPage":{"@id":"https:\/\/super-news.info\/es\/behind-the-mask-homenajea-al-personal-sanitario-en-barcelona\/#primaryimage"},"image":{"@id":"https:\/\/super-news.info\/es\/behind-the-mask-homenajea-al-personal-sanitario-en-barcelona\/#primaryimage"},"thumbnailUrl":"https:\/\/super-news.info\/es\/wp-content\/uploads\/sites\/4\/2021\/07\/Behind-the-Mask-homenajea-al-personal-sanitario-en-Barcelona.jpg","datePublished":"2021-07-23T16:09:05+00:00","dateModified":"2021-07-23T16:09:06+00:00","author":{"@id":"https:\/\/super-news.info\/es\/#\/schema\/person\/2d4068cb2f39cd10008c2fce578a7356"},"breadcrumb":{"@id":"https:\/\/super-news.info\/es\/behind-the-mask-homenajea-al-personal-sanitario-en-barcelona\/#breadcrumb"},"inLanguage":"en-US","potentialAction":[{"@type":"ReadAction","target":["https:\/\/super-news.info\/es\/behind-the-mask-homenajea-al-personal-sanitario-en-barcelona\/"]}]},{"@type":"ImageObject","inLanguage":"en-US","@id":"https:\/\/super-news.info\/es\/behind-the-mask-homenajea-al-personal-sanitario-en-barcelona\/#primaryimage","url":"https:\/\/super-news.info\/es\/wp-content\/uploads\/sites\/4\/2021\/07\/Behind-the-Mask-homenajea-al-personal-sanitario-en-Barcelona.jpg","contentUrl":"https:\/\/super-news.info\/es\/wp-content\/uploads\/sites\/4\/2021\/07\/Behind-the-Mask-homenajea-al-personal-sanitario-en-Barcelona.jpg","width":1200,"height":675,"caption":"\u2018Behind the Mask\u2019 homenajea al personal sanitario en Barcelona"},{"@type":"BreadcrumbList","@id":"https:\/\/super-news.info\/es\/behind-the-mask-homenajea-al-personal-sanitario-en-barcelona\/#breadcrumb","itemListElement":[{"@type":"ListItem","position":1,"name":"\u0413\u043b\u0430\u0432\u043d\u0430\u044f \u0441\u0442\u0440\u0430\u043d\u0438\u0446\u0430","item":"https:\/\/super-news.info\/es\/"},{"@type":"ListItem","position":2,"name":"\u2018Behind the Mask\u2019 homenajea al personal sanitario en Barcelona"}]},{"@type":"WebSite","@id":"https:\/\/super-news.info\/es\/#website","url":"https:\/\/super-news.info\/es\/","name":"Super News","description":"Super News Espa\u00f1a","potentialAction":[{"@type":"SearchAction","target":{"@type":"EntryPoint","urlTemplate":"https:\/\/super-news.info\/es\/?s={search_term_string}"},"query-input":{"@type":"PropertyValueSpecification","valueRequired":true,"valueName":"search_term_string"}}],"inLanguage":"en-US"},{"@type":"Person","@id":"https:\/\/super-news.info\/es\/#\/schema\/person\/2d4068cb2f39cd10008c2fce578a7356","name":"super-news","image":{"@type":"ImageObject","inLanguage":"en-US","@id":"https:\/\/secure.gravatar.com\/avatar\/64ebac40b93f26a154f8a9b5b6fdccfc46f442b26b3dd6756dbff3bf9dc76fd7?s=96&d=mm&r=g","url":"https:\/\/secure.gravatar.com\/avatar\/64ebac40b93f26a154f8a9b5b6fdccfc46f442b26b3dd6756dbff3bf9dc76fd7?s=96&d=mm&r=g","contentUrl":"https:\/\/secure.gravatar.com\/avatar\/64ebac40b93f26a154f8a9b5b6fdccfc46f442b26b3dd6756dbff3bf9dc76fd7?s=96&d=mm&r=g","caption":"super-news"},"url":"https:\/\/super-news.info\/es\/author\/pt\/"}]}},"_links":{"self":[{"href":"https:\/\/super-news.info\/es\/wp-json\/wp\/v2\/posts\/15448","targetHints":{"allow":["GET"]}}],"collection":[{"href":"https:\/\/super-news.info\/es\/wp-json\/wp\/v2\/posts"}],"about":[{"href":"https:\/\/super-news.info\/es\/wp-json\/wp\/v2\/types\/post"}],"author":[{"embeddable":true,"href":"https:\/\/super-news.info\/es\/wp-json\/wp\/v2\/users\/2"}],"replies":[{"embeddable":true,"href":"https:\/\/super-news.info\/es\/wp-json\/wp\/v2\/comments?post=15448"}],"version-history":[{"count":1,"href":"https:\/\/super-news.info\/es\/wp-json\/wp\/v2\/posts\/15448\/revisions"}],"predecessor-version":[{"id":15450,"href":"https:\/\/super-news.info\/es\/wp-json\/wp\/v2\/posts\/15448\/revisions\/15450"}],"wp:featuredmedia":[{"embeddable":true,"href":"https:\/\/super-news.info\/es\/wp-json\/wp\/v2\/media\/15449"}],"wp:attachment":[{"href":"https:\/\/super-news.info\/es\/wp-json\/wp\/v2\/media?parent=15448"}],"wp:term":[{"taxonomy":"category","embeddable":true,"href":"https:\/\/super-news.info\/es\/wp-json\/wp\/v2\/categories?post=15448"},{"taxonomy":"post_tag","embeddable":true,"href":"https:\/\/super-news.info\/es\/wp-json\/wp\/v2\/tags?post=15448"}],"curies":[{"name":"wp","href":"https:\/\/api.w.org\/{rel}","templated":true}]}}