{"id":15445,"date":"2021-07-23T19:02:47","date_gmt":"2021-07-23T16:02:47","guid":{"rendered":"http:\/\/super-news.info\/es\/la-directora-de-planificacion-de-adif-maria-luisa-dominguez-sustituira-a-pardo-de-vera-en-la-presidencia\/"},"modified":"2021-07-23T19:02:48","modified_gmt":"2021-07-23T16:02:48","slug":"la-directora-de-planificacion-de-adif-maria-luisa-dominguez-sustituira-a-pardo-de-vera-en-la-presidencia","status":"publish","type":"post","link":"https:\/\/super-news.info\/es\/la-directora-de-planificacion-de-adif-maria-luisa-dominguez-sustituira-a-pardo-de-vera-en-la-presidencia\/","title":{"rendered":"La directora de Planificaci\u00f3n de Adif, Mar\u00eda Luisa Dom\u00ednguez, sustituir\u00e1 a Pardo de Vera en la presidencia"},"content":{"rendered":"<p>\nMADRID, 23 Jul. (EUROPA PRESS) &#8211;<br \/>\n   La actual directora general de Planificaci\u00f3n Estrat\u00e9gica y Proyectos de Adif, Mar\u00eda Luisa Dom\u00ednguez, ser\u00e1 la nueva presidenta del gestor de la infraestructura ferroviaria, en sustituci\u00f3n de Isabel Pardo de Vera, que pasar\u00e1 a ocupar la secretar\u00eda de Estado del Ministerio que ahora dirige Raquel S\u00e1nchez.<br \/>\n   Fuentes cercanas a la empresa p\u00fablica explican a Europa Press que el relevo intenta dar continuidad a la pol\u00edtica instaurada por Pardo de Vera en Adif, toda vez que Dom\u00ednguez cuenta con su total confianza y es la responsable del nuevo plan estrat\u00e9gico de la entidad de cara a 2030.<br \/>\n   Estos cambios se producen apenas unos d\u00edas despu\u00e9s del relevo acaecido en el liderazgo del Ministerio con la sustituci\u00f3n del ministro Jos\u00e9 Luis \u00c1balos por Raquel S\u00e1nchez, quien ahora tendr\u00e1 como &#8216;mano derecha&#8217; a Pardo de Vera.<br \/>\n   La nueva presidenta de Adif tendr\u00e1, entre otros grandes retos, que dar acogida a una gran cantidad de fondos procedentes de Europa, en el marco de los planes de recuperaci\u00f3n, as\u00ed como proseguir en el proceso de liberalizaci\u00f3n ferroviaria, con la entrada de nuevos competidores para Renfe.<br \/>\n   Dom\u00ednguez es ingeniera de Caminos, Canales y Puertos por la Universidad Polit\u00e9cnica de Madrid (1993), licenciada en Derecho por la Universidad Nacional de Educaci\u00f3n a Distancia (2006) y tiene un M\u00e1ster en Direcci\u00f3n Estrat\u00e9gica Internacional por la Universidad Polit\u00e9cnica de Madrid (2016).<br \/>\n   En el sector privado ha trabajado en Intraesa, desde 1992 a 1998, como jefa de proyectos de infraestructuras de obras lineales. En el sector p\u00fablico, se incorpor\u00f3 a Adif en 1998 como t\u00e9cnico y ha ido asumiendo nuevas responsabilidades a lo largo de los a\u00f1os como jefa y directora de proyectos, as\u00ed como subdirectora y gerente.<br \/>\n<br \/>\n<!--noindex--><br \/>\n<a href=\"https:\/\/www.europapress.es\/economia\/transportes-00343\/noticia-directora-planificacion-adif-maria-luisa-dominguez-sustituira-pardo-vera-presidencia-20210723151457.html\" rel=\"nofollow\">Source link <\/a><br \/>\n<!--\/noindex--><\/p>\n","protected":false},"excerpt":{"rendered":"<p>MADRID, 23 Jul. (EUROPA PRESS) &#8211; La actual directora general de Planificaci\u00f3n Estrat\u00e9gica y Proyectos de Adif, Mar\u00eda Luisa Dom\u00ednguez, ser\u00e1 la nueva presidenta del gestor de la infraestructura ferroviaria, en sustituci\u00f3n de Isabel Pardo de Vera, que pasar\u00e1 a ocupar la secretar\u00eda de Estado del Ministerio que ahora dirige Raquel S\u00e1nchez. Fuentes cercanas a [&hellip;]<\/p>\n","protected":false},"author":2,"featured_media":15446,"comment_status":"open","ping_status":"open","sticky":false,"template":"","format":"standard","meta":{"footnotes":""},"categories":[1],"tags":[],"class_list":["post-15445","post","type-post","status-publish","format-standard","has-post-thumbnail","hentry","category-noticias-financieras"],"yoast_head":"<!-- This site is optimized with the Yoast SEO plugin v27.4 - https:\/\/yoast.com\/product\/yoast-seo-wordpress\/ -->\n<title>La directora de Planificaci\u00f3n de Adif, Mar\u00eda Luisa Dom\u00ednguez, sustituir\u00e1 a Pardo de Vera en la presidencia - Super News<\/title>\n<meta name=\"robots\" content=\"index, follow, max-snippet:-1, max-image-preview:large, max-video-preview:-1\" \/>\n<link rel=\"canonical\" href=\"https:\/\/super-news.info\/es\/la-directora-de-planificacion-de-adif-maria-luisa-dominguez-sustituira-a-pardo-de-vera-en-la-presidencia\/\" \/>\n<meta property=\"og:locale\" content=\"en_US\" \/>\n<meta property=\"og:type\" content=\"article\" \/>\n<meta property=\"og:title\" content=\"La directora de Planificaci\u00f3n de Adif, Mar\u00eda Luisa Dom\u00ednguez, sustituir\u00e1 a Pardo de Vera en la presidencia - Super News\" \/>\n<meta property=\"og:description\" content=\"MADRID, 23 Jul. (EUROPA PRESS) &#8211; La actual directora general de Planificaci\u00f3n Estrat\u00e9gica y Proyectos de Adif, Mar\u00eda Luisa Dom\u00ednguez, ser\u00e1 la nueva presidenta del gestor de la infraestructura ferroviaria, en sustituci\u00f3n de Isabel Pardo de Vera, que pasar\u00e1 a ocupar la secretar\u00eda de Estado del Ministerio que ahora dirige Raquel S\u00e1nchez. Fuentes cercanas a [&hellip;]\" \/>\n<meta property=\"og:url\" content=\"https:\/\/super-news.info\/es\/la-directora-de-planificacion-de-adif-maria-luisa-dominguez-sustituira-a-pardo-de-vera-en-la-presidencia\/\" \/>\n<meta property=\"og:site_name\" content=\"Super News\" \/>\n<meta property=\"article:published_time\" content=\"2021-07-23T16:02:47+00:00\" \/>\n<meta property=\"article:modified_time\" content=\"2021-07-23T16:02:48+00:00\" \/>\n<meta property=\"og:image\" content=\"https:\/\/super-news.info\/es\/wp-content\/uploads\/sites\/4\/2021\/07\/La-directora-de-Planificacion-de-Adif-Maria-Luisa-Dominguez-sustituira.jpg\" \/>\n\t<meta property=\"og:image:width\" content=\"120\" \/>\n\t<meta property=\"og:image:height\" content=\"79\" \/>\n\t<meta property=\"og:image:type\" content=\"image\/jpeg\" \/>\n<meta name=\"author\" content=\"super-news\" \/>\n<meta name=\"twitter:card\" content=\"summary_large_image\" \/>\n<meta name=\"twitter:label1\" content=\"Written by\" \/>\n\t<meta name=\"twitter:data1\" content=\"super-news\" \/>\n\t<meta name=\"twitter:label2\" content=\"Est. reading time\" \/>\n\t<meta name=\"twitter:data2\" content=\"2 minutes\" \/>\n<script type=\"application\/ld+json\" class=\"yoast-schema-graph\">{\"@context\":\"https:\\\/\\\/schema.org\",\"@graph\":[{\"@type\":\"Article\",\"@id\":\"https:\\\/\\\/super-news.info\\\/es\\\/la-directora-de-planificacion-de-adif-maria-luisa-dominguez-sustituira-a-pardo-de-vera-en-la-presidencia\\\/#article\",\"isPartOf\":{\"@id\":\"https:\\\/\\\/super-news.info\\\/es\\\/la-directora-de-planificacion-de-adif-maria-luisa-dominguez-sustituira-a-pardo-de-vera-en-la-presidencia\\\/\"},\"author\":{\"name\":\"super-news\",\"@id\":\"https:\\\/\\\/super-news.info\\\/es\\\/#\\\/schema\\\/person\\\/2d4068cb2f39cd10008c2fce578a7356\"},\"headline\":\"La directora de Planificaci\u00f3n de Adif, Mar\u00eda Luisa Dom\u00ednguez, sustituir\u00e1 a Pardo de Vera en la presidencia\",\"datePublished\":\"2021-07-23T16:02:47+00:00\",\"dateModified\":\"2021-07-23T16:02:48+00:00\",\"mainEntityOfPage\":{\"@id\":\"https:\\\/\\\/super-news.info\\\/es\\\/la-directora-de-planificacion-de-adif-maria-luisa-dominguez-sustituira-a-pardo-de-vera-en-la-presidencia\\\/\"},\"wordCount\":325,\"commentCount\":0,\"image\":{\"@id\":\"https:\\\/\\\/super-news.info\\\/es\\\/la-directora-de-planificacion-de-adif-maria-luisa-dominguez-sustituira-a-pardo-de-vera-en-la-presidencia\\\/#primaryimage\"},\"thumbnailUrl\":\"https:\\\/\\\/super-news.info\\\/es\\\/wp-content\\\/uploads\\\/sites\\\/4\\\/2021\\\/07\\\/La-directora-de-Planificacion-de-Adif-Maria-Luisa-Dominguez-sustituira.jpg\",\"articleSection\":[\"NOTICIAS FINANCIERAS\"],\"inLanguage\":\"en-US\",\"potentialAction\":[{\"@type\":\"CommentAction\",\"name\":\"Comment\",\"target\":[\"https:\\\/\\\/super-news.info\\\/es\\\/la-directora-de-planificacion-de-adif-maria-luisa-dominguez-sustituira-a-pardo-de-vera-en-la-presidencia\\\/#respond\"]}]},{\"@type\":\"WebPage\",\"@id\":\"https:\\\/\\\/super-news.info\\\/es\\\/la-directora-de-planificacion-de-adif-maria-luisa-dominguez-sustituira-a-pardo-de-vera-en-la-presidencia\\\/\",\"url\":\"https:\\\/\\\/super-news.info\\\/es\\\/la-directora-de-planificacion-de-adif-maria-luisa-dominguez-sustituira-a-pardo-de-vera-en-la-presidencia\\\/\",\"name\":\"La directora de Planificaci\u00f3n de Adif, Mar\u00eda Luisa Dom\u00ednguez, sustituir\u00e1 a Pardo de Vera en la presidencia - Super News\",\"isPartOf\":{\"@id\":\"https:\\\/\\\/super-news.info\\\/es\\\/#website\"},\"primaryImageOfPage\":{\"@id\":\"https:\\\/\\\/super-news.info\\\/es\\\/la-directora-de-planificacion-de-adif-maria-luisa-dominguez-sustituira-a-pardo-de-vera-en-la-presidencia\\\/#primaryimage\"},\"image\":{\"@id\":\"https:\\\/\\\/super-news.info\\\/es\\\/la-directora-de-planificacion-de-adif-maria-luisa-dominguez-sustituira-a-pardo-de-vera-en-la-presidencia\\\/#primaryimage\"},\"thumbnailUrl\":\"https:\\\/\\\/super-news.info\\\/es\\\/wp-content\\\/uploads\\\/sites\\\/4\\\/2021\\\/07\\\/La-directora-de-Planificacion-de-Adif-Maria-Luisa-Dominguez-sustituira.jpg\",\"datePublished\":\"2021-07-23T16:02:47+00:00\",\"dateModified\":\"2021-07-23T16:02:48+00:00\",\"author\":{\"@id\":\"https:\\\/\\\/super-news.info\\\/es\\\/#\\\/schema\\\/person\\\/2d4068cb2f39cd10008c2fce578a7356\"},\"breadcrumb\":{\"@id\":\"https:\\\/\\\/super-news.info\\\/es\\\/la-directora-de-planificacion-de-adif-maria-luisa-dominguez-sustituira-a-pardo-de-vera-en-la-presidencia\\\/#breadcrumb\"},\"inLanguage\":\"en-US\",\"potentialAction\":[{\"@type\":\"ReadAction\",\"target\":[\"https:\\\/\\\/super-news.info\\\/es\\\/la-directora-de-planificacion-de-adif-maria-luisa-dominguez-sustituira-a-pardo-de-vera-en-la-presidencia\\\/\"]}]},{\"@type\":\"ImageObject\",\"inLanguage\":\"en-US\",\"@id\":\"https:\\\/\\\/super-news.info\\\/es\\\/la-directora-de-planificacion-de-adif-maria-luisa-dominguez-sustituira-a-pardo-de-vera-en-la-presidencia\\\/#primaryimage\",\"url\":\"https:\\\/\\\/super-news.info\\\/es\\\/wp-content\\\/uploads\\\/sites\\\/4\\\/2021\\\/07\\\/La-directora-de-Planificacion-de-Adif-Maria-Luisa-Dominguez-sustituira.jpg\",\"contentUrl\":\"https:\\\/\\\/super-news.info\\\/es\\\/wp-content\\\/uploads\\\/sites\\\/4\\\/2021\\\/07\\\/La-directora-de-Planificacion-de-Adif-Maria-Luisa-Dominguez-sustituira.jpg\",\"width\":120,\"height\":79,\"caption\":\"La directora de Planificaci\u00f3n de Adif, Mar\u00eda Luisa Dom\u00ednguez, sustituir\u00e1 a Pardo de Vera en la presidencia\"},{\"@type\":\"BreadcrumbList\",\"@id\":\"https:\\\/\\\/super-news.info\\\/es\\\/la-directora-de-planificacion-de-adif-maria-luisa-dominguez-sustituira-a-pardo-de-vera-en-la-presidencia\\\/#breadcrumb\",\"itemListElement\":[{\"@type\":\"ListItem\",\"position\":1,\"name\":\"\u0413\u043b\u0430\u0432\u043d\u0430\u044f \u0441\u0442\u0440\u0430\u043d\u0438\u0446\u0430\",\"item\":\"https:\\\/\\\/super-news.info\\\/es\\\/\"},{\"@type\":\"ListItem\",\"position\":2,\"name\":\"La directora de Planificaci\u00f3n de Adif, Mar\u00eda Luisa Dom\u00ednguez, sustituir\u00e1 a Pardo de Vera en la presidencia\"}]},{\"@type\":\"WebSite\",\"@id\":\"https:\\\/\\\/super-news.info\\\/es\\\/#website\",\"url\":\"https:\\\/\\\/super-news.info\\\/es\\\/\",\"name\":\"Super News\",\"description\":\"Super News Espa\u00f1a\",\"potentialAction\":[{\"@type\":\"SearchAction\",\"target\":{\"@type\":\"EntryPoint\",\"urlTemplate\":\"https:\\\/\\\/super-news.info\\\/es\\\/?s={search_term_string}\"},\"query-input\":{\"@type\":\"PropertyValueSpecification\",\"valueRequired\":true,\"valueName\":\"search_term_string\"}}],\"inLanguage\":\"en-US\"},{\"@type\":\"Person\",\"@id\":\"https:\\\/\\\/super-news.info\\\/es\\\/#\\\/schema\\\/person\\\/2d4068cb2f39cd10008c2fce578a7356\",\"name\":\"super-news\",\"image\":{\"@type\":\"ImageObject\",\"inLanguage\":\"en-US\",\"@id\":\"https:\\\/\\\/secure.gravatar.com\\\/avatar\\\/64ebac40b93f26a154f8a9b5b6fdccfc46f442b26b3dd6756dbff3bf9dc76fd7?s=96&d=mm&r=g\",\"url\":\"https:\\\/\\\/secure.gravatar.com\\\/avatar\\\/64ebac40b93f26a154f8a9b5b6fdccfc46f442b26b3dd6756dbff3bf9dc76fd7?s=96&d=mm&r=g\",\"contentUrl\":\"https:\\\/\\\/secure.gravatar.com\\\/avatar\\\/64ebac40b93f26a154f8a9b5b6fdccfc46f442b26b3dd6756dbff3bf9dc76fd7?s=96&d=mm&r=g\",\"caption\":\"super-news\"},\"url\":\"https:\\\/\\\/super-news.info\\\/es\\\/author\\\/pt\\\/\"}]}<\/script>\n<!-- \/ Yoast SEO plugin. -->","yoast_head_json":{"title":"La directora de Planificaci\u00f3n de Adif, Mar\u00eda Luisa Dom\u00ednguez, sustituir\u00e1 a Pardo de Vera en la presidencia - Super News","robots":{"index":"index","follow":"follow","max-snippet":"max-snippet:-1","max-image-preview":"max-image-preview:large","max-video-preview":"max-video-preview:-1"},"canonical":"https:\/\/super-news.info\/es\/la-directora-de-planificacion-de-adif-maria-luisa-dominguez-sustituira-a-pardo-de-vera-en-la-presidencia\/","og_locale":"en_US","og_type":"article","og_title":"La directora de Planificaci\u00f3n de Adif, Mar\u00eda Luisa Dom\u00ednguez, sustituir\u00e1 a Pardo de Vera en la presidencia - Super News","og_description":"MADRID, 23 Jul. (EUROPA PRESS) &#8211; La actual directora general de Planificaci\u00f3n Estrat\u00e9gica y Proyectos de Adif, Mar\u00eda Luisa Dom\u00ednguez, ser\u00e1 la nueva presidenta del gestor de la infraestructura ferroviaria, en sustituci\u00f3n de Isabel Pardo de Vera, que pasar\u00e1 a ocupar la secretar\u00eda de Estado del Ministerio que ahora dirige Raquel S\u00e1nchez. Fuentes cercanas a [&hellip;]","og_url":"https:\/\/super-news.info\/es\/la-directora-de-planificacion-de-adif-maria-luisa-dominguez-sustituira-a-pardo-de-vera-en-la-presidencia\/","og_site_name":"Super News","article_published_time":"2021-07-23T16:02:47+00:00","article_modified_time":"2021-07-23T16:02:48+00:00","og_image":[{"width":120,"height":79,"url":"https:\/\/super-news.info\/es\/wp-content\/uploads\/sites\/4\/2021\/07\/La-directora-de-Planificacion-de-Adif-Maria-Luisa-Dominguez-sustituira.jpg","type":"image\/jpeg"}],"author":"super-news","twitter_card":"summary_large_image","twitter_misc":{"Written by":"super-news","Est. reading time":"2 minutes"},"schema":{"@context":"https:\/\/schema.org","@graph":[{"@type":"Article","@id":"https:\/\/super-news.info\/es\/la-directora-de-planificacion-de-adif-maria-luisa-dominguez-sustituira-a-pardo-de-vera-en-la-presidencia\/#article","isPartOf":{"@id":"https:\/\/super-news.info\/es\/la-directora-de-planificacion-de-adif-maria-luisa-dominguez-sustituira-a-pardo-de-vera-en-la-presidencia\/"},"author":{"name":"super-news","@id":"https:\/\/super-news.info\/es\/#\/schema\/person\/2d4068cb2f39cd10008c2fce578a7356"},"headline":"La directora de Planificaci\u00f3n de Adif, Mar\u00eda Luisa Dom\u00ednguez, sustituir\u00e1 a Pardo de Vera en la presidencia","datePublished":"2021-07-23T16:02:47+00:00","dateModified":"2021-07-23T16:02:48+00:00","mainEntityOfPage":{"@id":"https:\/\/super-news.info\/es\/la-directora-de-planificacion-de-adif-maria-luisa-dominguez-sustituira-a-pardo-de-vera-en-la-presidencia\/"},"wordCount":325,"commentCount":0,"image":{"@id":"https:\/\/super-news.info\/es\/la-directora-de-planificacion-de-adif-maria-luisa-dominguez-sustituira-a-pardo-de-vera-en-la-presidencia\/#primaryimage"},"thumbnailUrl":"https:\/\/super-news.info\/es\/wp-content\/uploads\/sites\/4\/2021\/07\/La-directora-de-Planificacion-de-Adif-Maria-Luisa-Dominguez-sustituira.jpg","articleSection":["NOTICIAS FINANCIERAS"],"inLanguage":"en-US","potentialAction":[{"@type":"CommentAction","name":"Comment","target":["https:\/\/super-news.info\/es\/la-directora-de-planificacion-de-adif-maria-luisa-dominguez-sustituira-a-pardo-de-vera-en-la-presidencia\/#respond"]}]},{"@type":"WebPage","@id":"https:\/\/super-news.info\/es\/la-directora-de-planificacion-de-adif-maria-luisa-dominguez-sustituira-a-pardo-de-vera-en-la-presidencia\/","url":"https:\/\/super-news.info\/es\/la-directora-de-planificacion-de-adif-maria-luisa-dominguez-sustituira-a-pardo-de-vera-en-la-presidencia\/","name":"La directora de Planificaci\u00f3n de Adif, Mar\u00eda Luisa Dom\u00ednguez, sustituir\u00e1 a Pardo de Vera en la presidencia - Super News","isPartOf":{"@id":"https:\/\/super-news.info\/es\/#website"},"primaryImageOfPage":{"@id":"https:\/\/super-news.info\/es\/la-directora-de-planificacion-de-adif-maria-luisa-dominguez-sustituira-a-pardo-de-vera-en-la-presidencia\/#primaryimage"},"image":{"@id":"https:\/\/super-news.info\/es\/la-directora-de-planificacion-de-adif-maria-luisa-dominguez-sustituira-a-pardo-de-vera-en-la-presidencia\/#primaryimage"},"thumbnailUrl":"https:\/\/super-news.info\/es\/wp-content\/uploads\/sites\/4\/2021\/07\/La-directora-de-Planificacion-de-Adif-Maria-Luisa-Dominguez-sustituira.jpg","datePublished":"2021-07-23T16:02:47+00:00","dateModified":"2021-07-23T16:02:48+00:00","author":{"@id":"https:\/\/super-news.info\/es\/#\/schema\/person\/2d4068cb2f39cd10008c2fce578a7356"},"breadcrumb":{"@id":"https:\/\/super-news.info\/es\/la-directora-de-planificacion-de-adif-maria-luisa-dominguez-sustituira-a-pardo-de-vera-en-la-presidencia\/#breadcrumb"},"inLanguage":"en-US","potentialAction":[{"@type":"ReadAction","target":["https:\/\/super-news.info\/es\/la-directora-de-planificacion-de-adif-maria-luisa-dominguez-sustituira-a-pardo-de-vera-en-la-presidencia\/"]}]},{"@type":"ImageObject","inLanguage":"en-US","@id":"https:\/\/super-news.info\/es\/la-directora-de-planificacion-de-adif-maria-luisa-dominguez-sustituira-a-pardo-de-vera-en-la-presidencia\/#primaryimage","url":"https:\/\/super-news.info\/es\/wp-content\/uploads\/sites\/4\/2021\/07\/La-directora-de-Planificacion-de-Adif-Maria-Luisa-Dominguez-sustituira.jpg","contentUrl":"https:\/\/super-news.info\/es\/wp-content\/uploads\/sites\/4\/2021\/07\/La-directora-de-Planificacion-de-Adif-Maria-Luisa-Dominguez-sustituira.jpg","width":120,"height":79,"caption":"La directora de Planificaci\u00f3n de Adif, Mar\u00eda Luisa Dom\u00ednguez, sustituir\u00e1 a Pardo de Vera en la presidencia"},{"@type":"BreadcrumbList","@id":"https:\/\/super-news.info\/es\/la-directora-de-planificacion-de-adif-maria-luisa-dominguez-sustituira-a-pardo-de-vera-en-la-presidencia\/#breadcrumb","itemListElement":[{"@type":"ListItem","position":1,"name":"\u0413\u043b\u0430\u0432\u043d\u0430\u044f \u0441\u0442\u0440\u0430\u043d\u0438\u0446\u0430","item":"https:\/\/super-news.info\/es\/"},{"@type":"ListItem","position":2,"name":"La directora de Planificaci\u00f3n de Adif, Mar\u00eda Luisa Dom\u00ednguez, sustituir\u00e1 a Pardo de Vera en la presidencia"}]},{"@type":"WebSite","@id":"https:\/\/super-news.info\/es\/#website","url":"https:\/\/super-news.info\/es\/","name":"Super News","description":"Super News Espa\u00f1a","potentialAction":[{"@type":"SearchAction","target":{"@type":"EntryPoint","urlTemplate":"https:\/\/super-news.info\/es\/?s={search_term_string}"},"query-input":{"@type":"PropertyValueSpecification","valueRequired":true,"valueName":"search_term_string"}}],"inLanguage":"en-US"},{"@type":"Person","@id":"https:\/\/super-news.info\/es\/#\/schema\/person\/2d4068cb2f39cd10008c2fce578a7356","name":"super-news","image":{"@type":"ImageObject","inLanguage":"en-US","@id":"https:\/\/secure.gravatar.com\/avatar\/64ebac40b93f26a154f8a9b5b6fdccfc46f442b26b3dd6756dbff3bf9dc76fd7?s=96&d=mm&r=g","url":"https:\/\/secure.gravatar.com\/avatar\/64ebac40b93f26a154f8a9b5b6fdccfc46f442b26b3dd6756dbff3bf9dc76fd7?s=96&d=mm&r=g","contentUrl":"https:\/\/secure.gravatar.com\/avatar\/64ebac40b93f26a154f8a9b5b6fdccfc46f442b26b3dd6756dbff3bf9dc76fd7?s=96&d=mm&r=g","caption":"super-news"},"url":"https:\/\/super-news.info\/es\/author\/pt\/"}]}},"_links":{"self":[{"href":"https:\/\/super-news.info\/es\/wp-json\/wp\/v2\/posts\/15445","targetHints":{"allow":["GET"]}}],"collection":[{"href":"https:\/\/super-news.info\/es\/wp-json\/wp\/v2\/posts"}],"about":[{"href":"https:\/\/super-news.info\/es\/wp-json\/wp\/v2\/types\/post"}],"author":[{"embeddable":true,"href":"https:\/\/super-news.info\/es\/wp-json\/wp\/v2\/users\/2"}],"replies":[{"embeddable":true,"href":"https:\/\/super-news.info\/es\/wp-json\/wp\/v2\/comments?post=15445"}],"version-history":[{"count":1,"href":"https:\/\/super-news.info\/es\/wp-json\/wp\/v2\/posts\/15445\/revisions"}],"predecessor-version":[{"id":15447,"href":"https:\/\/super-news.info\/es\/wp-json\/wp\/v2\/posts\/15445\/revisions\/15447"}],"wp:featuredmedia":[{"embeddable":true,"href":"https:\/\/super-news.info\/es\/wp-json\/wp\/v2\/media\/15446"}],"wp:attachment":[{"href":"https:\/\/super-news.info\/es\/wp-json\/wp\/v2\/media?parent=15445"}],"wp:term":[{"taxonomy":"category","embeddable":true,"href":"https:\/\/super-news.info\/es\/wp-json\/wp\/v2\/categories?post=15445"},{"taxonomy":"post_tag","embeddable":true,"href":"https:\/\/super-news.info\/es\/wp-json\/wp\/v2\/tags?post=15445"}],"curies":[{"name":"wp","href":"https:\/\/api.w.org\/{rel}","templated":true}]}}