{"id":15436,"date":"2021-07-22T19:06:10","date_gmt":"2021-07-22T16:06:10","guid":{"rendered":"https:\/\/super-news.info\/es\/telefono-de-la-esperanza-se-apropia-del-hashtag-aquisufriendo\/"},"modified":"2021-07-22T19:06:11","modified_gmt":"2021-07-22T16:06:11","slug":"telefono-de-la-esperanza-se-apropia-del-hashtag-aquisufriendo","status":"publish","type":"post","link":"https:\/\/super-news.info\/es\/telefono-de-la-esperanza-se-apropia-del-hashtag-aquisufriendo\/","title":{"rendered":"Tel\u00e9fono de la Esperanza se apropia del hashtag #Aqu\u00edSufriendo"},"content":{"rendered":"<p>Tel\u00e9fono de la Esperanza quiere concienciar sobre la depresi\u00f3n y la ansiedad a edades tempranas con el hashtag #Aqu\u00edSufriendo.<br \/>\nA nivel mundial, la depresi\u00f3n es la cuarta causa principal de enfermedad entre los adolescentes y la ansiedad, la novena. As\u00ed lo se\u00f1ala la Organizaci\u00f3n Mundial de la Salud (OMS). En los \u00faltimos meses, se han identificado m\u00e1s de 4.000 llamadas al Tel\u00e9fono de la Esperanza por parte de j\u00f3venes entre 14 y 27 a\u00f1os con intenciones suicidas.<br \/>\nCon esos datos en la mano, el Tel\u00e9fono de la Esperanza ha lanzado una campa\u00f1a de la mano de Publicis. Esta busca sumarse a la conversaci\u00f3n en las redes sociales para dar visibilidad a los problemas de depresi\u00f3n y ansiedad, partiendo del popular hashtag #Aqu\u00edSfuriendo.<br \/>\nDe este modo, se trata de una acci\u00f3n publicitaria basada en una estrategia en plataformas sociales, con Twitter, Facebook e Instagram como eje principal. El objetivo de la campa\u00f1a persigue alcanzar dos objetivos de comunicaci\u00f3n. Por un lado, la notoriedad, conectando con los targets m\u00e1s j\u00f3venes. Por otro lado, buscan el engagement con el p\u00fablico.<br \/>\nLos perfiles de Twitter, Facebook e Instagram del Tel\u00e9fono de la Esperanza publicar\u00e1n una serie de creatividades con el hashtag #Aqu\u00edSufriendo. La finalidad es cambiar la conversaci\u00f3n social. Otro de los hashtags que interviene en la campa\u00f1a es #LasCosasPorSuNombre.<br \/>\nEn este caso, se trabaja con iron\u00eda y se invita a los perfiles que lo est\u00e1n usando desde sus perfiles vacacionales a que refuercen el significado literal. Lo que buscan es que apoyen la difusi\u00f3n de esta realidad de la depresi\u00f3n y la ansiedad a temprana edad. Simult\u00e1neamente, se ha invitado a distintos influencers a convertirse en padrinos de esta acci\u00f3n.<br \/>\nPor \u00faltimo, Publicis Espa\u00f1a dispone de cuatro perfiles digitales responsables de dinamizar la conversaci\u00f3n durante los meses de julio y agosto que estar\u00e1 activa la campa\u00f1a. \u00abEn nuestras campa\u00f1as siempre intentamos encontrar esa frase que cala en la gente, que conecta y pasa a formar parte de la cultura popular\u00bb, afirma Miriam Guti\u00e9rrez, directora creativa ejecutiva en la agencia.<br \/>\n\u00abEn esta, en cambio, lo que hemos hecho es aprovecharnos de algo que ya lo\u00a0es y le estamos dando el sentido que deber\u00eda tener\u00bb, explica.<\/p>\n<p>FICHA T\u00c9CNICA:<br \/>\nAgencia: Publicis Espa\u00f1a<br \/>\nAnunciante: Tel\u00e9fono de la Esperanza<br \/>\nCampa\u00f1a: #Aqu\u00edSufriendo<br \/>\nContacto cliente: Jos\u00e9 Mar\u00eda S\u00e1nchez Orantos y Lino Salas<br \/>\nCEO: Paco Mendoza<br \/>\nCCO: \u00d3scar Mart\u00ednez<br \/>\nECD: Miriam Guti\u00e9rrez<br \/>\nCopy y CM: Pepa Garc\u00eda, Pablo Murube, Alba Maldonado<br \/>\nDirectora de Arte: Catalina Hibbert<br \/>\nEquipo de Cuentas: Magdalena Calonje, Silvia Hern\u00e1ndez e Irene Casta\u00f1o<br \/>\nCreative Technologist: Horacio Panella<br \/>\nProducer audiovisual agencia: Gustavo Samaniego<br \/>\nProducer gr\u00e1fica agencia: Pedro Garc\u00eda<br \/>\nPublicis Media: Abraham Lombardo<\/p>\n<p>No te pierdas nada de MarketingDirecto.com y \u00fanete a nuestro Telegram t.me\/MarketingDirecto<\/p>\n<p>\n<!--noindex--><br \/>\n<a href=\"https:\/\/www.marketingdirecto.com\/anunciantes-general\/anunciantes\/telefono-de-la-esperanza-apropia-hashtag-aqui-sufriendo\" rel=\"nofollow\">Source link <\/a><br \/>\n<!--\/noindex--><\/p>\n","protected":false},"excerpt":{"rendered":"<p>Tel\u00e9fono de la Esperanza quiere concienciar sobre la depresi\u00f3n y la ansiedad a edades tempranas con el hashtag #Aqu\u00edSufriendo. A nivel mundial, la depresi\u00f3n es la cuarta causa principal de enfermedad entre los adolescentes y la ansiedad, la novena. As\u00ed lo se\u00f1ala la Organizaci\u00f3n Mundial de la Salud (OMS). En los \u00faltimos meses, se han [&hellip;]<\/p>\n","protected":false},"author":2,"featured_media":15437,"comment_status":"open","ping_status":"open","sticky":false,"template":"","format":"standard","meta":{"footnotes":""},"categories":[2],"tags":[],"class_list":["post-15436","post","type-post","status-publish","format-standard","has-post-thumbnail","hentry","category-noticias-de-marketing-digital"],"yoast_head":"<!-- This site is optimized with the Yoast SEO plugin v27.4 - https:\/\/yoast.com\/product\/yoast-seo-wordpress\/ -->\n<title>Tel\u00e9fono de la Esperanza se apropia del hashtag #Aqu\u00edSufriendo - Super News<\/title>\n<meta name=\"robots\" content=\"index, follow, max-snippet:-1, max-image-preview:large, max-video-preview:-1\" \/>\n<link rel=\"canonical\" href=\"https:\/\/super-news.info\/es\/telefono-de-la-esperanza-se-apropia-del-hashtag-aquisufriendo\/\" \/>\n<meta property=\"og:locale\" content=\"en_US\" \/>\n<meta property=\"og:type\" content=\"article\" \/>\n<meta property=\"og:title\" content=\"Tel\u00e9fono de la Esperanza se apropia del hashtag #Aqu\u00edSufriendo - Super News\" \/>\n<meta property=\"og:description\" content=\"Tel\u00e9fono de la Esperanza quiere concienciar sobre la depresi\u00f3n y la ansiedad a edades tempranas con el hashtag #Aqu\u00edSufriendo. A nivel mundial, la depresi\u00f3n es la cuarta causa principal de enfermedad entre los adolescentes y la ansiedad, la novena. As\u00ed lo se\u00f1ala la Organizaci\u00f3n Mundial de la Salud (OMS). En los \u00faltimos meses, se han [&hellip;]\" \/>\n<meta property=\"og:url\" content=\"https:\/\/super-news.info\/es\/telefono-de-la-esperanza-se-apropia-del-hashtag-aquisufriendo\/\" \/>\n<meta property=\"og:site_name\" content=\"Super News\" \/>\n<meta property=\"article:published_time\" content=\"2021-07-22T16:06:10+00:00\" \/>\n<meta property=\"article:modified_time\" content=\"2021-07-22T16:06:11+00:00\" \/>\n<meta property=\"og:image\" content=\"https:\/\/super-news.info\/es\/wp-content\/uploads\/sites\/4\/2021\/07\/Telefono-de-la-Esperanza-se-apropia-del-hashtag-AquiSufriendo.jpg\" \/>\n\t<meta property=\"og:image:width\" content=\"1200\" \/>\n\t<meta property=\"og:image:height\" content=\"675\" \/>\n\t<meta property=\"og:image:type\" content=\"image\/jpeg\" \/>\n<meta name=\"author\" content=\"super-news\" \/>\n<meta name=\"twitter:card\" content=\"summary_large_image\" \/>\n<meta name=\"twitter:label1\" content=\"Written by\" \/>\n\t<meta name=\"twitter:data1\" content=\"super-news\" \/>\n\t<meta name=\"twitter:label2\" content=\"Est. reading time\" \/>\n\t<meta name=\"twitter:data2\" content=\"3 minutes\" \/>\n<script type=\"application\/ld+json\" class=\"yoast-schema-graph\">{\"@context\":\"https:\\\/\\\/schema.org\",\"@graph\":[{\"@type\":\"Article\",\"@id\":\"https:\\\/\\\/super-news.info\\\/es\\\/telefono-de-la-esperanza-se-apropia-del-hashtag-aquisufriendo\\\/#article\",\"isPartOf\":{\"@id\":\"https:\\\/\\\/super-news.info\\\/es\\\/telefono-de-la-esperanza-se-apropia-del-hashtag-aquisufriendo\\\/\"},\"author\":{\"name\":\"super-news\",\"@id\":\"https:\\\/\\\/super-news.info\\\/es\\\/#\\\/schema\\\/person\\\/2d4068cb2f39cd10008c2fce578a7356\"},\"headline\":\"Tel\u00e9fono de la Esperanza se apropia del hashtag #Aqu\u00edSufriendo\",\"datePublished\":\"2021-07-22T16:06:10+00:00\",\"dateModified\":\"2021-07-22T16:06:11+00:00\",\"mainEntityOfPage\":{\"@id\":\"https:\\\/\\\/super-news.info\\\/es\\\/telefono-de-la-esperanza-se-apropia-del-hashtag-aquisufriendo\\\/\"},\"wordCount\":511,\"commentCount\":0,\"image\":{\"@id\":\"https:\\\/\\\/super-news.info\\\/es\\\/telefono-de-la-esperanza-se-apropia-del-hashtag-aquisufriendo\\\/#primaryimage\"},\"thumbnailUrl\":\"https:\\\/\\\/super-news.info\\\/es\\\/wp-content\\\/uploads\\\/sites\\\/4\\\/2021\\\/07\\\/Telefono-de-la-Esperanza-se-apropia-del-hashtag-AquiSufriendo.jpg\",\"articleSection\":[\"NOTICIAS DE MARKETING DIGITAL\"],\"inLanguage\":\"en-US\",\"potentialAction\":[{\"@type\":\"CommentAction\",\"name\":\"Comment\",\"target\":[\"https:\\\/\\\/super-news.info\\\/es\\\/telefono-de-la-esperanza-se-apropia-del-hashtag-aquisufriendo\\\/#respond\"]}]},{\"@type\":\"WebPage\",\"@id\":\"https:\\\/\\\/super-news.info\\\/es\\\/telefono-de-la-esperanza-se-apropia-del-hashtag-aquisufriendo\\\/\",\"url\":\"https:\\\/\\\/super-news.info\\\/es\\\/telefono-de-la-esperanza-se-apropia-del-hashtag-aquisufriendo\\\/\",\"name\":\"Tel\u00e9fono de la Esperanza se apropia del hashtag #Aqu\u00edSufriendo - Super News\",\"isPartOf\":{\"@id\":\"https:\\\/\\\/super-news.info\\\/es\\\/#website\"},\"primaryImageOfPage\":{\"@id\":\"https:\\\/\\\/super-news.info\\\/es\\\/telefono-de-la-esperanza-se-apropia-del-hashtag-aquisufriendo\\\/#primaryimage\"},\"image\":{\"@id\":\"https:\\\/\\\/super-news.info\\\/es\\\/telefono-de-la-esperanza-se-apropia-del-hashtag-aquisufriendo\\\/#primaryimage\"},\"thumbnailUrl\":\"https:\\\/\\\/super-news.info\\\/es\\\/wp-content\\\/uploads\\\/sites\\\/4\\\/2021\\\/07\\\/Telefono-de-la-Esperanza-se-apropia-del-hashtag-AquiSufriendo.jpg\",\"datePublished\":\"2021-07-22T16:06:10+00:00\",\"dateModified\":\"2021-07-22T16:06:11+00:00\",\"author\":{\"@id\":\"https:\\\/\\\/super-news.info\\\/es\\\/#\\\/schema\\\/person\\\/2d4068cb2f39cd10008c2fce578a7356\"},\"breadcrumb\":{\"@id\":\"https:\\\/\\\/super-news.info\\\/es\\\/telefono-de-la-esperanza-se-apropia-del-hashtag-aquisufriendo\\\/#breadcrumb\"},\"inLanguage\":\"en-US\",\"potentialAction\":[{\"@type\":\"ReadAction\",\"target\":[\"https:\\\/\\\/super-news.info\\\/es\\\/telefono-de-la-esperanza-se-apropia-del-hashtag-aquisufriendo\\\/\"]}]},{\"@type\":\"ImageObject\",\"inLanguage\":\"en-US\",\"@id\":\"https:\\\/\\\/super-news.info\\\/es\\\/telefono-de-la-esperanza-se-apropia-del-hashtag-aquisufriendo\\\/#primaryimage\",\"url\":\"https:\\\/\\\/super-news.info\\\/es\\\/wp-content\\\/uploads\\\/sites\\\/4\\\/2021\\\/07\\\/Telefono-de-la-Esperanza-se-apropia-del-hashtag-AquiSufriendo.jpg\",\"contentUrl\":\"https:\\\/\\\/super-news.info\\\/es\\\/wp-content\\\/uploads\\\/sites\\\/4\\\/2021\\\/07\\\/Telefono-de-la-Esperanza-se-apropia-del-hashtag-AquiSufriendo.jpg\",\"width\":1200,\"height\":675,\"caption\":\"Tel\u00e9fono de la Esperanza se apropia del hashtag #Aqu\u00edSufriendo\"},{\"@type\":\"BreadcrumbList\",\"@id\":\"https:\\\/\\\/super-news.info\\\/es\\\/telefono-de-la-esperanza-se-apropia-del-hashtag-aquisufriendo\\\/#breadcrumb\",\"itemListElement\":[{\"@type\":\"ListItem\",\"position\":1,\"name\":\"\u0413\u043b\u0430\u0432\u043d\u0430\u044f \u0441\u0442\u0440\u0430\u043d\u0438\u0446\u0430\",\"item\":\"https:\\\/\\\/super-news.info\\\/es\\\/\"},{\"@type\":\"ListItem\",\"position\":2,\"name\":\"Tel\u00e9fono de la Esperanza se apropia del hashtag #Aqu\u00edSufriendo\"}]},{\"@type\":\"WebSite\",\"@id\":\"https:\\\/\\\/super-news.info\\\/es\\\/#website\",\"url\":\"https:\\\/\\\/super-news.info\\\/es\\\/\",\"name\":\"Super News\",\"description\":\"Super News Espa\u00f1a\",\"potentialAction\":[{\"@type\":\"SearchAction\",\"target\":{\"@type\":\"EntryPoint\",\"urlTemplate\":\"https:\\\/\\\/super-news.info\\\/es\\\/?s={search_term_string}\"},\"query-input\":{\"@type\":\"PropertyValueSpecification\",\"valueRequired\":true,\"valueName\":\"search_term_string\"}}],\"inLanguage\":\"en-US\"},{\"@type\":\"Person\",\"@id\":\"https:\\\/\\\/super-news.info\\\/es\\\/#\\\/schema\\\/person\\\/2d4068cb2f39cd10008c2fce578a7356\",\"name\":\"super-news\",\"image\":{\"@type\":\"ImageObject\",\"inLanguage\":\"en-US\",\"@id\":\"https:\\\/\\\/secure.gravatar.com\\\/avatar\\\/64ebac40b93f26a154f8a9b5b6fdccfc46f442b26b3dd6756dbff3bf9dc76fd7?s=96&d=mm&r=g\",\"url\":\"https:\\\/\\\/secure.gravatar.com\\\/avatar\\\/64ebac40b93f26a154f8a9b5b6fdccfc46f442b26b3dd6756dbff3bf9dc76fd7?s=96&d=mm&r=g\",\"contentUrl\":\"https:\\\/\\\/secure.gravatar.com\\\/avatar\\\/64ebac40b93f26a154f8a9b5b6fdccfc46f442b26b3dd6756dbff3bf9dc76fd7?s=96&d=mm&r=g\",\"caption\":\"super-news\"},\"url\":\"https:\\\/\\\/super-news.info\\\/es\\\/author\\\/pt\\\/\"}]}<\/script>\n<!-- \/ Yoast SEO plugin. -->","yoast_head_json":{"title":"Tel\u00e9fono de la Esperanza se apropia del hashtag #Aqu\u00edSufriendo - Super News","robots":{"index":"index","follow":"follow","max-snippet":"max-snippet:-1","max-image-preview":"max-image-preview:large","max-video-preview":"max-video-preview:-1"},"canonical":"https:\/\/super-news.info\/es\/telefono-de-la-esperanza-se-apropia-del-hashtag-aquisufriendo\/","og_locale":"en_US","og_type":"article","og_title":"Tel\u00e9fono de la Esperanza se apropia del hashtag #Aqu\u00edSufriendo - Super News","og_description":"Tel\u00e9fono de la Esperanza quiere concienciar sobre la depresi\u00f3n y la ansiedad a edades tempranas con el hashtag #Aqu\u00edSufriendo. A nivel mundial, la depresi\u00f3n es la cuarta causa principal de enfermedad entre los adolescentes y la ansiedad, la novena. As\u00ed lo se\u00f1ala la Organizaci\u00f3n Mundial de la Salud (OMS). En los \u00faltimos meses, se han [&hellip;]","og_url":"https:\/\/super-news.info\/es\/telefono-de-la-esperanza-se-apropia-del-hashtag-aquisufriendo\/","og_site_name":"Super News","article_published_time":"2021-07-22T16:06:10+00:00","article_modified_time":"2021-07-22T16:06:11+00:00","og_image":[{"width":1200,"height":675,"url":"https:\/\/super-news.info\/es\/wp-content\/uploads\/sites\/4\/2021\/07\/Telefono-de-la-Esperanza-se-apropia-del-hashtag-AquiSufriendo.jpg","type":"image\/jpeg"}],"author":"super-news","twitter_card":"summary_large_image","twitter_misc":{"Written by":"super-news","Est. reading time":"3 minutes"},"schema":{"@context":"https:\/\/schema.org","@graph":[{"@type":"Article","@id":"https:\/\/super-news.info\/es\/telefono-de-la-esperanza-se-apropia-del-hashtag-aquisufriendo\/#article","isPartOf":{"@id":"https:\/\/super-news.info\/es\/telefono-de-la-esperanza-se-apropia-del-hashtag-aquisufriendo\/"},"author":{"name":"super-news","@id":"https:\/\/super-news.info\/es\/#\/schema\/person\/2d4068cb2f39cd10008c2fce578a7356"},"headline":"Tel\u00e9fono de la Esperanza se apropia del hashtag #Aqu\u00edSufriendo","datePublished":"2021-07-22T16:06:10+00:00","dateModified":"2021-07-22T16:06:11+00:00","mainEntityOfPage":{"@id":"https:\/\/super-news.info\/es\/telefono-de-la-esperanza-se-apropia-del-hashtag-aquisufriendo\/"},"wordCount":511,"commentCount":0,"image":{"@id":"https:\/\/super-news.info\/es\/telefono-de-la-esperanza-se-apropia-del-hashtag-aquisufriendo\/#primaryimage"},"thumbnailUrl":"https:\/\/super-news.info\/es\/wp-content\/uploads\/sites\/4\/2021\/07\/Telefono-de-la-Esperanza-se-apropia-del-hashtag-AquiSufriendo.jpg","articleSection":["NOTICIAS DE MARKETING DIGITAL"],"inLanguage":"en-US","potentialAction":[{"@type":"CommentAction","name":"Comment","target":["https:\/\/super-news.info\/es\/telefono-de-la-esperanza-se-apropia-del-hashtag-aquisufriendo\/#respond"]}]},{"@type":"WebPage","@id":"https:\/\/super-news.info\/es\/telefono-de-la-esperanza-se-apropia-del-hashtag-aquisufriendo\/","url":"https:\/\/super-news.info\/es\/telefono-de-la-esperanza-se-apropia-del-hashtag-aquisufriendo\/","name":"Tel\u00e9fono de la Esperanza se apropia del hashtag #Aqu\u00edSufriendo - Super News","isPartOf":{"@id":"https:\/\/super-news.info\/es\/#website"},"primaryImageOfPage":{"@id":"https:\/\/super-news.info\/es\/telefono-de-la-esperanza-se-apropia-del-hashtag-aquisufriendo\/#primaryimage"},"image":{"@id":"https:\/\/super-news.info\/es\/telefono-de-la-esperanza-se-apropia-del-hashtag-aquisufriendo\/#primaryimage"},"thumbnailUrl":"https:\/\/super-news.info\/es\/wp-content\/uploads\/sites\/4\/2021\/07\/Telefono-de-la-Esperanza-se-apropia-del-hashtag-AquiSufriendo.jpg","datePublished":"2021-07-22T16:06:10+00:00","dateModified":"2021-07-22T16:06:11+00:00","author":{"@id":"https:\/\/super-news.info\/es\/#\/schema\/person\/2d4068cb2f39cd10008c2fce578a7356"},"breadcrumb":{"@id":"https:\/\/super-news.info\/es\/telefono-de-la-esperanza-se-apropia-del-hashtag-aquisufriendo\/#breadcrumb"},"inLanguage":"en-US","potentialAction":[{"@type":"ReadAction","target":["https:\/\/super-news.info\/es\/telefono-de-la-esperanza-se-apropia-del-hashtag-aquisufriendo\/"]}]},{"@type":"ImageObject","inLanguage":"en-US","@id":"https:\/\/super-news.info\/es\/telefono-de-la-esperanza-se-apropia-del-hashtag-aquisufriendo\/#primaryimage","url":"https:\/\/super-news.info\/es\/wp-content\/uploads\/sites\/4\/2021\/07\/Telefono-de-la-Esperanza-se-apropia-del-hashtag-AquiSufriendo.jpg","contentUrl":"https:\/\/super-news.info\/es\/wp-content\/uploads\/sites\/4\/2021\/07\/Telefono-de-la-Esperanza-se-apropia-del-hashtag-AquiSufriendo.jpg","width":1200,"height":675,"caption":"Tel\u00e9fono de la Esperanza se apropia del hashtag #Aqu\u00edSufriendo"},{"@type":"BreadcrumbList","@id":"https:\/\/super-news.info\/es\/telefono-de-la-esperanza-se-apropia-del-hashtag-aquisufriendo\/#breadcrumb","itemListElement":[{"@type":"ListItem","position":1,"name":"\u0413\u043b\u0430\u0432\u043d\u0430\u044f \u0441\u0442\u0440\u0430\u043d\u0438\u0446\u0430","item":"https:\/\/super-news.info\/es\/"},{"@type":"ListItem","position":2,"name":"Tel\u00e9fono de la Esperanza se apropia del hashtag #Aqu\u00edSufriendo"}]},{"@type":"WebSite","@id":"https:\/\/super-news.info\/es\/#website","url":"https:\/\/super-news.info\/es\/","name":"Super News","description":"Super News Espa\u00f1a","potentialAction":[{"@type":"SearchAction","target":{"@type":"EntryPoint","urlTemplate":"https:\/\/super-news.info\/es\/?s={search_term_string}"},"query-input":{"@type":"PropertyValueSpecification","valueRequired":true,"valueName":"search_term_string"}}],"inLanguage":"en-US"},{"@type":"Person","@id":"https:\/\/super-news.info\/es\/#\/schema\/person\/2d4068cb2f39cd10008c2fce578a7356","name":"super-news","image":{"@type":"ImageObject","inLanguage":"en-US","@id":"https:\/\/secure.gravatar.com\/avatar\/64ebac40b93f26a154f8a9b5b6fdccfc46f442b26b3dd6756dbff3bf9dc76fd7?s=96&d=mm&r=g","url":"https:\/\/secure.gravatar.com\/avatar\/64ebac40b93f26a154f8a9b5b6fdccfc46f442b26b3dd6756dbff3bf9dc76fd7?s=96&d=mm&r=g","contentUrl":"https:\/\/secure.gravatar.com\/avatar\/64ebac40b93f26a154f8a9b5b6fdccfc46f442b26b3dd6756dbff3bf9dc76fd7?s=96&d=mm&r=g","caption":"super-news"},"url":"https:\/\/super-news.info\/es\/author\/pt\/"}]}},"_links":{"self":[{"href":"https:\/\/super-news.info\/es\/wp-json\/wp\/v2\/posts\/15436","targetHints":{"allow":["GET"]}}],"collection":[{"href":"https:\/\/super-news.info\/es\/wp-json\/wp\/v2\/posts"}],"about":[{"href":"https:\/\/super-news.info\/es\/wp-json\/wp\/v2\/types\/post"}],"author":[{"embeddable":true,"href":"https:\/\/super-news.info\/es\/wp-json\/wp\/v2\/users\/2"}],"replies":[{"embeddable":true,"href":"https:\/\/super-news.info\/es\/wp-json\/wp\/v2\/comments?post=15436"}],"version-history":[{"count":1,"href":"https:\/\/super-news.info\/es\/wp-json\/wp\/v2\/posts\/15436\/revisions"}],"predecessor-version":[{"id":15438,"href":"https:\/\/super-news.info\/es\/wp-json\/wp\/v2\/posts\/15436\/revisions\/15438"}],"wp:featuredmedia":[{"embeddable":true,"href":"https:\/\/super-news.info\/es\/wp-json\/wp\/v2\/media\/15437"}],"wp:attachment":[{"href":"https:\/\/super-news.info\/es\/wp-json\/wp\/v2\/media?parent=15436"}],"wp:term":[{"taxonomy":"category","embeddable":true,"href":"https:\/\/super-news.info\/es\/wp-json\/wp\/v2\/categories?post=15436"},{"taxonomy":"post_tag","embeddable":true,"href":"https:\/\/super-news.info\/es\/wp-json\/wp\/v2\/tags?post=15436"}],"curies":[{"name":"wp","href":"https:\/\/api.w.org\/{rel}","templated":true}]}}