{"id":15433,"date":"2021-07-22T19:01:03","date_gmt":"2021-07-22T16:01:03","guid":{"rendered":"https:\/\/super-news.info\/es\/ccoo-y-ugt-piden-a-sanchez-un-calendario-de-reuniones-para-subir-el-smi-hasta-2023\/"},"modified":"2021-07-22T19:01:03","modified_gmt":"2021-07-22T16:01:03","slug":"ccoo-y-ugt-piden-a-sanchez-un-calendario-de-reuniones-para-subir-el-smi-hasta-2023","status":"publish","type":"post","link":"https:\/\/super-news.info\/es\/ccoo-y-ugt-piden-a-sanchez-un-calendario-de-reuniones-para-subir-el-smi-hasta-2023\/","title":{"rendered":"CCOO y UGT piden a S\u00e1nchez un calendario de reuniones para subir el SMI hasta 2023"},"content":{"rendered":"<p>\nAmbos sindicatos reclaman una reuni\u00f3n a la mayor brevedad posible<br \/>\n   MADRID, 22 Jul. (EUROPA PRESS) &#8211;<br \/>\n   Los sindicatos CCOO y UGT han exigido al presidente del Gobierno, Pedro S\u00e1nchez, iniciar las negociaciones para abordar un calendario de subidas del Salario M\u00ednimo Interprofesional (SMI) hasta el a\u00f1o 2023.<br \/>\n   Por ello, han reclamado una reuni\u00f3n &#8220;con la m\u00e1s brevedad y rapidez posible&#8221;, con el fin de poder concretar dicho calendario y que el Gobierno cumpla con uno de sus compromisos program\u00e1ticos de que el SMI alcance el 60% de salario medio en 2023.<br \/>\n   En este sentido, CCOO y UGT han apuntado que en diciembre pasado se decidi\u00f3 aplazar la subida y negociarla en el a\u00f1o 2021. &#8220;Han transcurrido ya siete meses de este a\u00f1o y las circunstancias econ\u00f3micas hacen a\u00fan m\u00e1s necesaria la subida dada la actual situaci\u00f3n de pandemia y el incremento de la inflaci\u00f3n, en especial los precios de suministros y productos b\u00e1sicos&#8221;, han reclamado.<br \/>\n   Adem\u00e1s, han manifestado que, ante las previsiones econ\u00f3micas optimistas, no se puede repetir el &#8220;error&#8221; de no acompasar la recuperaci\u00f3n econ\u00f3mica con la recuperaci\u00f3n de las rentas del trabajo.<br \/>\n   &#8220;El cumplimiento de la Carta Social Europea, el alcance del objetivo del 60% del salario medio en el a\u00f1o 2023, exigen una subida adecuada este a\u00f1o del SMI que no se debe dilatar por m\u00e1s tiempo&#8221;, han remarcado.<br \/>\n<br \/>\n<!--noindex--><br \/>\n<a href=\"https:\/\/www.europapress.es\/economia\/laboral-00346\/noticia-ccoo-ugt-piden-sanchez-calendario-reuniones-subir-smi-2023-20210722153208.html\" rel=\"nofollow\">Source link <\/a><br \/>\n<!--\/noindex--><\/p>\n","protected":false},"excerpt":{"rendered":"<p>Ambos sindicatos reclaman una reuni\u00f3n a la mayor brevedad posible MADRID, 22 Jul. (EUROPA PRESS) &#8211; Los sindicatos CCOO y UGT han exigido al presidente del Gobierno, Pedro S\u00e1nchez, iniciar las negociaciones para abordar un calendario de subidas del Salario M\u00ednimo Interprofesional (SMI) hasta el a\u00f1o 2023. Por ello, han reclamado una reuni\u00f3n &#8220;con la [&hellip;]<\/p>\n","protected":false},"author":2,"featured_media":15434,"comment_status":"open","ping_status":"open","sticky":false,"template":"","format":"standard","meta":{"footnotes":""},"categories":[1],"tags":[],"class_list":["post-15433","post","type-post","status-publish","format-standard","has-post-thumbnail","hentry","category-noticias-financieras"],"yoast_head":"<!-- This site is optimized with the Yoast SEO plugin v27.4 - https:\/\/yoast.com\/product\/yoast-seo-wordpress\/ -->\n<title>CCOO y UGT piden a S\u00e1nchez un calendario de reuniones para subir el SMI hasta 2023 - Super News<\/title>\n<meta name=\"robots\" content=\"index, follow, max-snippet:-1, max-image-preview:large, max-video-preview:-1\" \/>\n<link rel=\"canonical\" href=\"https:\/\/super-news.info\/es\/ccoo-y-ugt-piden-a-sanchez-un-calendario-de-reuniones-para-subir-el-smi-hasta-2023\/\" \/>\n<meta property=\"og:locale\" content=\"en_US\" \/>\n<meta property=\"og:type\" content=\"article\" \/>\n<meta property=\"og:title\" content=\"CCOO y UGT piden a S\u00e1nchez un calendario de reuniones para subir el SMI hasta 2023 - Super News\" \/>\n<meta property=\"og:description\" content=\"Ambos sindicatos reclaman una reuni\u00f3n a la mayor brevedad posible MADRID, 22 Jul. (EUROPA PRESS) &#8211; Los sindicatos CCOO y UGT han exigido al presidente del Gobierno, Pedro S\u00e1nchez, iniciar las negociaciones para abordar un calendario de subidas del Salario M\u00ednimo Interprofesional (SMI) hasta el a\u00f1o 2023. Por ello, han reclamado una reuni\u00f3n &#8220;con la [&hellip;]\" \/>\n<meta property=\"og:url\" content=\"https:\/\/super-news.info\/es\/ccoo-y-ugt-piden-a-sanchez-un-calendario-de-reuniones-para-subir-el-smi-hasta-2023\/\" \/>\n<meta property=\"og:site_name\" content=\"Super News\" \/>\n<meta property=\"article:published_time\" content=\"2021-07-22T16:01:03+00:00\" \/>\n<meta property=\"og:image\" content=\"https:\/\/super-news.info\/es\/wp-content\/uploads\/sites\/4\/2021\/07\/CCOO-y-UGT-piden-a-Sanchez-un-calendario-de-reuniones.jpg\" \/>\n\t<meta property=\"og:image:width\" content=\"120\" \/>\n\t<meta property=\"og:image:height\" content=\"84\" \/>\n\t<meta property=\"og:image:type\" content=\"image\/jpeg\" \/>\n<meta name=\"author\" content=\"super-news\" \/>\n<meta name=\"twitter:card\" content=\"summary_large_image\" \/>\n<meta name=\"twitter:label1\" content=\"Written by\" \/>\n\t<meta name=\"twitter:data1\" content=\"super-news\" \/>\n\t<meta name=\"twitter:label2\" content=\"Est. reading time\" \/>\n\t<meta name=\"twitter:data2\" content=\"1 minute\" \/>\n<script type=\"application\/ld+json\" class=\"yoast-schema-graph\">{\"@context\":\"https:\\\/\\\/schema.org\",\"@graph\":[{\"@type\":\"Article\",\"@id\":\"https:\\\/\\\/super-news.info\\\/es\\\/ccoo-y-ugt-piden-a-sanchez-un-calendario-de-reuniones-para-subir-el-smi-hasta-2023\\\/#article\",\"isPartOf\":{\"@id\":\"https:\\\/\\\/super-news.info\\\/es\\\/ccoo-y-ugt-piden-a-sanchez-un-calendario-de-reuniones-para-subir-el-smi-hasta-2023\\\/\"},\"author\":{\"name\":\"super-news\",\"@id\":\"https:\\\/\\\/super-news.info\\\/es\\\/#\\\/schema\\\/person\\\/2d4068cb2f39cd10008c2fce578a7356\"},\"headline\":\"CCOO y UGT piden a S\u00e1nchez un calendario de reuniones para subir el SMI hasta 2023\",\"datePublished\":\"2021-07-22T16:01:03+00:00\",\"mainEntityOfPage\":{\"@id\":\"https:\\\/\\\/super-news.info\\\/es\\\/ccoo-y-ugt-piden-a-sanchez-un-calendario-de-reuniones-para-subir-el-smi-hasta-2023\\\/\"},\"wordCount\":256,\"commentCount\":0,\"image\":{\"@id\":\"https:\\\/\\\/super-news.info\\\/es\\\/ccoo-y-ugt-piden-a-sanchez-un-calendario-de-reuniones-para-subir-el-smi-hasta-2023\\\/#primaryimage\"},\"thumbnailUrl\":\"https:\\\/\\\/super-news.info\\\/es\\\/wp-content\\\/uploads\\\/sites\\\/4\\\/2021\\\/07\\\/CCOO-y-UGT-piden-a-Sanchez-un-calendario-de-reuniones.jpg\",\"articleSection\":[\"NOTICIAS FINANCIERAS\"],\"inLanguage\":\"en-US\",\"potentialAction\":[{\"@type\":\"CommentAction\",\"name\":\"Comment\",\"target\":[\"https:\\\/\\\/super-news.info\\\/es\\\/ccoo-y-ugt-piden-a-sanchez-un-calendario-de-reuniones-para-subir-el-smi-hasta-2023\\\/#respond\"]}]},{\"@type\":\"WebPage\",\"@id\":\"https:\\\/\\\/super-news.info\\\/es\\\/ccoo-y-ugt-piden-a-sanchez-un-calendario-de-reuniones-para-subir-el-smi-hasta-2023\\\/\",\"url\":\"https:\\\/\\\/super-news.info\\\/es\\\/ccoo-y-ugt-piden-a-sanchez-un-calendario-de-reuniones-para-subir-el-smi-hasta-2023\\\/\",\"name\":\"CCOO y UGT piden a S\u00e1nchez un calendario de reuniones para subir el SMI hasta 2023 - Super News\",\"isPartOf\":{\"@id\":\"https:\\\/\\\/super-news.info\\\/es\\\/#website\"},\"primaryImageOfPage\":{\"@id\":\"https:\\\/\\\/super-news.info\\\/es\\\/ccoo-y-ugt-piden-a-sanchez-un-calendario-de-reuniones-para-subir-el-smi-hasta-2023\\\/#primaryimage\"},\"image\":{\"@id\":\"https:\\\/\\\/super-news.info\\\/es\\\/ccoo-y-ugt-piden-a-sanchez-un-calendario-de-reuniones-para-subir-el-smi-hasta-2023\\\/#primaryimage\"},\"thumbnailUrl\":\"https:\\\/\\\/super-news.info\\\/es\\\/wp-content\\\/uploads\\\/sites\\\/4\\\/2021\\\/07\\\/CCOO-y-UGT-piden-a-Sanchez-un-calendario-de-reuniones.jpg\",\"datePublished\":\"2021-07-22T16:01:03+00:00\",\"author\":{\"@id\":\"https:\\\/\\\/super-news.info\\\/es\\\/#\\\/schema\\\/person\\\/2d4068cb2f39cd10008c2fce578a7356\"},\"breadcrumb\":{\"@id\":\"https:\\\/\\\/super-news.info\\\/es\\\/ccoo-y-ugt-piden-a-sanchez-un-calendario-de-reuniones-para-subir-el-smi-hasta-2023\\\/#breadcrumb\"},\"inLanguage\":\"en-US\",\"potentialAction\":[{\"@type\":\"ReadAction\",\"target\":[\"https:\\\/\\\/super-news.info\\\/es\\\/ccoo-y-ugt-piden-a-sanchez-un-calendario-de-reuniones-para-subir-el-smi-hasta-2023\\\/\"]}]},{\"@type\":\"ImageObject\",\"inLanguage\":\"en-US\",\"@id\":\"https:\\\/\\\/super-news.info\\\/es\\\/ccoo-y-ugt-piden-a-sanchez-un-calendario-de-reuniones-para-subir-el-smi-hasta-2023\\\/#primaryimage\",\"url\":\"https:\\\/\\\/super-news.info\\\/es\\\/wp-content\\\/uploads\\\/sites\\\/4\\\/2021\\\/07\\\/CCOO-y-UGT-piden-a-Sanchez-un-calendario-de-reuniones.jpg\",\"contentUrl\":\"https:\\\/\\\/super-news.info\\\/es\\\/wp-content\\\/uploads\\\/sites\\\/4\\\/2021\\\/07\\\/CCOO-y-UGT-piden-a-Sanchez-un-calendario-de-reuniones.jpg\",\"width\":120,\"height\":84,\"caption\":\"CCOO y UGT piden a S\u00e1nchez un calendario de reuniones para subir el SMI hasta 2023\"},{\"@type\":\"BreadcrumbList\",\"@id\":\"https:\\\/\\\/super-news.info\\\/es\\\/ccoo-y-ugt-piden-a-sanchez-un-calendario-de-reuniones-para-subir-el-smi-hasta-2023\\\/#breadcrumb\",\"itemListElement\":[{\"@type\":\"ListItem\",\"position\":1,\"name\":\"\u0413\u043b\u0430\u0432\u043d\u0430\u044f \u0441\u0442\u0440\u0430\u043d\u0438\u0446\u0430\",\"item\":\"https:\\\/\\\/super-news.info\\\/es\\\/\"},{\"@type\":\"ListItem\",\"position\":2,\"name\":\"CCOO y UGT piden a S\u00e1nchez un calendario de reuniones para subir el SMI hasta 2023\"}]},{\"@type\":\"WebSite\",\"@id\":\"https:\\\/\\\/super-news.info\\\/es\\\/#website\",\"url\":\"https:\\\/\\\/super-news.info\\\/es\\\/\",\"name\":\"Super News\",\"description\":\"Super News Espa\u00f1a\",\"potentialAction\":[{\"@type\":\"SearchAction\",\"target\":{\"@type\":\"EntryPoint\",\"urlTemplate\":\"https:\\\/\\\/super-news.info\\\/es\\\/?s={search_term_string}\"},\"query-input\":{\"@type\":\"PropertyValueSpecification\",\"valueRequired\":true,\"valueName\":\"search_term_string\"}}],\"inLanguage\":\"en-US\"},{\"@type\":\"Person\",\"@id\":\"https:\\\/\\\/super-news.info\\\/es\\\/#\\\/schema\\\/person\\\/2d4068cb2f39cd10008c2fce578a7356\",\"name\":\"super-news\",\"image\":{\"@type\":\"ImageObject\",\"inLanguage\":\"en-US\",\"@id\":\"https:\\\/\\\/secure.gravatar.com\\\/avatar\\\/64ebac40b93f26a154f8a9b5b6fdccfc46f442b26b3dd6756dbff3bf9dc76fd7?s=96&d=mm&r=g\",\"url\":\"https:\\\/\\\/secure.gravatar.com\\\/avatar\\\/64ebac40b93f26a154f8a9b5b6fdccfc46f442b26b3dd6756dbff3bf9dc76fd7?s=96&d=mm&r=g\",\"contentUrl\":\"https:\\\/\\\/secure.gravatar.com\\\/avatar\\\/64ebac40b93f26a154f8a9b5b6fdccfc46f442b26b3dd6756dbff3bf9dc76fd7?s=96&d=mm&r=g\",\"caption\":\"super-news\"},\"url\":\"https:\\\/\\\/super-news.info\\\/es\\\/author\\\/pt\\\/\"}]}<\/script>\n<!-- \/ Yoast SEO plugin. -->","yoast_head_json":{"title":"CCOO y UGT piden a S\u00e1nchez un calendario de reuniones para subir el SMI hasta 2023 - Super News","robots":{"index":"index","follow":"follow","max-snippet":"max-snippet:-1","max-image-preview":"max-image-preview:large","max-video-preview":"max-video-preview:-1"},"canonical":"https:\/\/super-news.info\/es\/ccoo-y-ugt-piden-a-sanchez-un-calendario-de-reuniones-para-subir-el-smi-hasta-2023\/","og_locale":"en_US","og_type":"article","og_title":"CCOO y UGT piden a S\u00e1nchez un calendario de reuniones para subir el SMI hasta 2023 - Super News","og_description":"Ambos sindicatos reclaman una reuni\u00f3n a la mayor brevedad posible MADRID, 22 Jul. (EUROPA PRESS) &#8211; Los sindicatos CCOO y UGT han exigido al presidente del Gobierno, Pedro S\u00e1nchez, iniciar las negociaciones para abordar un calendario de subidas del Salario M\u00ednimo Interprofesional (SMI) hasta el a\u00f1o 2023. Por ello, han reclamado una reuni\u00f3n &#8220;con la [&hellip;]","og_url":"https:\/\/super-news.info\/es\/ccoo-y-ugt-piden-a-sanchez-un-calendario-de-reuniones-para-subir-el-smi-hasta-2023\/","og_site_name":"Super News","article_published_time":"2021-07-22T16:01:03+00:00","og_image":[{"width":120,"height":84,"url":"https:\/\/super-news.info\/es\/wp-content\/uploads\/sites\/4\/2021\/07\/CCOO-y-UGT-piden-a-Sanchez-un-calendario-de-reuniones.jpg","type":"image\/jpeg"}],"author":"super-news","twitter_card":"summary_large_image","twitter_misc":{"Written by":"super-news","Est. reading time":"1 minute"},"schema":{"@context":"https:\/\/schema.org","@graph":[{"@type":"Article","@id":"https:\/\/super-news.info\/es\/ccoo-y-ugt-piden-a-sanchez-un-calendario-de-reuniones-para-subir-el-smi-hasta-2023\/#article","isPartOf":{"@id":"https:\/\/super-news.info\/es\/ccoo-y-ugt-piden-a-sanchez-un-calendario-de-reuniones-para-subir-el-smi-hasta-2023\/"},"author":{"name":"super-news","@id":"https:\/\/super-news.info\/es\/#\/schema\/person\/2d4068cb2f39cd10008c2fce578a7356"},"headline":"CCOO y UGT piden a S\u00e1nchez un calendario de reuniones para subir el SMI hasta 2023","datePublished":"2021-07-22T16:01:03+00:00","mainEntityOfPage":{"@id":"https:\/\/super-news.info\/es\/ccoo-y-ugt-piden-a-sanchez-un-calendario-de-reuniones-para-subir-el-smi-hasta-2023\/"},"wordCount":256,"commentCount":0,"image":{"@id":"https:\/\/super-news.info\/es\/ccoo-y-ugt-piden-a-sanchez-un-calendario-de-reuniones-para-subir-el-smi-hasta-2023\/#primaryimage"},"thumbnailUrl":"https:\/\/super-news.info\/es\/wp-content\/uploads\/sites\/4\/2021\/07\/CCOO-y-UGT-piden-a-Sanchez-un-calendario-de-reuniones.jpg","articleSection":["NOTICIAS FINANCIERAS"],"inLanguage":"en-US","potentialAction":[{"@type":"CommentAction","name":"Comment","target":["https:\/\/super-news.info\/es\/ccoo-y-ugt-piden-a-sanchez-un-calendario-de-reuniones-para-subir-el-smi-hasta-2023\/#respond"]}]},{"@type":"WebPage","@id":"https:\/\/super-news.info\/es\/ccoo-y-ugt-piden-a-sanchez-un-calendario-de-reuniones-para-subir-el-smi-hasta-2023\/","url":"https:\/\/super-news.info\/es\/ccoo-y-ugt-piden-a-sanchez-un-calendario-de-reuniones-para-subir-el-smi-hasta-2023\/","name":"CCOO y UGT piden a S\u00e1nchez un calendario de reuniones para subir el SMI hasta 2023 - Super News","isPartOf":{"@id":"https:\/\/super-news.info\/es\/#website"},"primaryImageOfPage":{"@id":"https:\/\/super-news.info\/es\/ccoo-y-ugt-piden-a-sanchez-un-calendario-de-reuniones-para-subir-el-smi-hasta-2023\/#primaryimage"},"image":{"@id":"https:\/\/super-news.info\/es\/ccoo-y-ugt-piden-a-sanchez-un-calendario-de-reuniones-para-subir-el-smi-hasta-2023\/#primaryimage"},"thumbnailUrl":"https:\/\/super-news.info\/es\/wp-content\/uploads\/sites\/4\/2021\/07\/CCOO-y-UGT-piden-a-Sanchez-un-calendario-de-reuniones.jpg","datePublished":"2021-07-22T16:01:03+00:00","author":{"@id":"https:\/\/super-news.info\/es\/#\/schema\/person\/2d4068cb2f39cd10008c2fce578a7356"},"breadcrumb":{"@id":"https:\/\/super-news.info\/es\/ccoo-y-ugt-piden-a-sanchez-un-calendario-de-reuniones-para-subir-el-smi-hasta-2023\/#breadcrumb"},"inLanguage":"en-US","potentialAction":[{"@type":"ReadAction","target":["https:\/\/super-news.info\/es\/ccoo-y-ugt-piden-a-sanchez-un-calendario-de-reuniones-para-subir-el-smi-hasta-2023\/"]}]},{"@type":"ImageObject","inLanguage":"en-US","@id":"https:\/\/super-news.info\/es\/ccoo-y-ugt-piden-a-sanchez-un-calendario-de-reuniones-para-subir-el-smi-hasta-2023\/#primaryimage","url":"https:\/\/super-news.info\/es\/wp-content\/uploads\/sites\/4\/2021\/07\/CCOO-y-UGT-piden-a-Sanchez-un-calendario-de-reuniones.jpg","contentUrl":"https:\/\/super-news.info\/es\/wp-content\/uploads\/sites\/4\/2021\/07\/CCOO-y-UGT-piden-a-Sanchez-un-calendario-de-reuniones.jpg","width":120,"height":84,"caption":"CCOO y UGT piden a S\u00e1nchez un calendario de reuniones para subir el SMI hasta 2023"},{"@type":"BreadcrumbList","@id":"https:\/\/super-news.info\/es\/ccoo-y-ugt-piden-a-sanchez-un-calendario-de-reuniones-para-subir-el-smi-hasta-2023\/#breadcrumb","itemListElement":[{"@type":"ListItem","position":1,"name":"\u0413\u043b\u0430\u0432\u043d\u0430\u044f \u0441\u0442\u0440\u0430\u043d\u0438\u0446\u0430","item":"https:\/\/super-news.info\/es\/"},{"@type":"ListItem","position":2,"name":"CCOO y UGT piden a S\u00e1nchez un calendario de reuniones para subir el SMI hasta 2023"}]},{"@type":"WebSite","@id":"https:\/\/super-news.info\/es\/#website","url":"https:\/\/super-news.info\/es\/","name":"Super News","description":"Super News Espa\u00f1a","potentialAction":[{"@type":"SearchAction","target":{"@type":"EntryPoint","urlTemplate":"https:\/\/super-news.info\/es\/?s={search_term_string}"},"query-input":{"@type":"PropertyValueSpecification","valueRequired":true,"valueName":"search_term_string"}}],"inLanguage":"en-US"},{"@type":"Person","@id":"https:\/\/super-news.info\/es\/#\/schema\/person\/2d4068cb2f39cd10008c2fce578a7356","name":"super-news","image":{"@type":"ImageObject","inLanguage":"en-US","@id":"https:\/\/secure.gravatar.com\/avatar\/64ebac40b93f26a154f8a9b5b6fdccfc46f442b26b3dd6756dbff3bf9dc76fd7?s=96&d=mm&r=g","url":"https:\/\/secure.gravatar.com\/avatar\/64ebac40b93f26a154f8a9b5b6fdccfc46f442b26b3dd6756dbff3bf9dc76fd7?s=96&d=mm&r=g","contentUrl":"https:\/\/secure.gravatar.com\/avatar\/64ebac40b93f26a154f8a9b5b6fdccfc46f442b26b3dd6756dbff3bf9dc76fd7?s=96&d=mm&r=g","caption":"super-news"},"url":"https:\/\/super-news.info\/es\/author\/pt\/"}]}},"_links":{"self":[{"href":"https:\/\/super-news.info\/es\/wp-json\/wp\/v2\/posts\/15433","targetHints":{"allow":["GET"]}}],"collection":[{"href":"https:\/\/super-news.info\/es\/wp-json\/wp\/v2\/posts"}],"about":[{"href":"https:\/\/super-news.info\/es\/wp-json\/wp\/v2\/types\/post"}],"author":[{"embeddable":true,"href":"https:\/\/super-news.info\/es\/wp-json\/wp\/v2\/users\/2"}],"replies":[{"embeddable":true,"href":"https:\/\/super-news.info\/es\/wp-json\/wp\/v2\/comments?post=15433"}],"version-history":[{"count":1,"href":"https:\/\/super-news.info\/es\/wp-json\/wp\/v2\/posts\/15433\/revisions"}],"predecessor-version":[{"id":15435,"href":"https:\/\/super-news.info\/es\/wp-json\/wp\/v2\/posts\/15433\/revisions\/15435"}],"wp:featuredmedia":[{"embeddable":true,"href":"https:\/\/super-news.info\/es\/wp-json\/wp\/v2\/media\/15434"}],"wp:attachment":[{"href":"https:\/\/super-news.info\/es\/wp-json\/wp\/v2\/media?parent=15433"}],"wp:term":[{"taxonomy":"category","embeddable":true,"href":"https:\/\/super-news.info\/es\/wp-json\/wp\/v2\/categories?post=15433"},{"taxonomy":"post_tag","embeddable":true,"href":"https:\/\/super-news.info\/es\/wp-json\/wp\/v2\/tags?post=15433"}],"curies":[{"name":"wp","href":"https:\/\/api.w.org\/{rel}","templated":true}]}}