{"id":15421,"date":"2021-07-21T18:57:14","date_gmt":"2021-07-21T15:57:14","guid":{"rendered":"https:\/\/super-news.info\/es\/el-congreso-avala-el-decreto-de-interinos-con-apoyo-de-erc-y-compromis-y-la-abstencion-de-pnv-y-mas-pais\/"},"modified":"2021-07-21T18:57:15","modified_gmt":"2021-07-21T15:57:15","slug":"el-congreso-avala-el-decreto-de-interinos-con-apoyo-de-erc-y-compromis-y-la-abstencion-de-pnv-y-mas-pais","status":"publish","type":"post","link":"https:\/\/super-news.info\/es\/el-congreso-avala-el-decreto-de-interinos-con-apoyo-de-erc-y-compromis-y-la-abstencion-de-pnv-y-mas-pais\/","title":{"rendered":"El Congreso avala el decreto de interinos con apoyo de ERC y Comprom\u00eds y la abstenci\u00f3n de PNV y M\u00e1s Pa\u00eds"},"content":{"rendered":"<p>\nLa votaci\u00f3n se repiti\u00f3 tras un empate: una diputada de Podemos lo rechaz\u00f3 en conciencia y despu\u00e9s no vot\u00f3 para evitar que fuera derogado<br \/>\nMADRID, 21 (EUROPA PRESS)<br \/>\nEl Gobierno ha salvado en el Congreso la convalidaci\u00f3n del decreto ley para estabilizar empleo en la Administraci\u00f3n P\u00fablica gracias al apoyo acordado con Esquerra Republicana, Comprom\u00eds y Teruel Existe, y la abstenci\u00f3n del PNV y M\u00e1s Pa\u00eds-Equo-Los Verdes.<br \/>\nEl acuerdo, negociado con el Ministerio de Hacienda y el PSOE, ha permitido tambi\u00e9n el apoyo de Unidas Podemos, que hasta este mi\u00e9rcoles no confirm\u00f3 su voto a favor por sus reticencias al decreto que impuls\u00f3 el ahora ministro de Cultura y Deporte, Miquel Iceta, durante su etapa en Pol\u00edtica Territorial y Funci\u00f3n P\u00fablica.<br \/>\nTodos estos votos han resultado decisivos &#8211;ERC, M\u00e1s Pa\u00eds y Comprom\u00eds se posicionaban en el &#8216;no&#8217; apenas horas antes de la votaci\u00f3n antes de la votaci\u00f3n&#8211; frente al rechazo de PP, Vox, Ciudadanos, Bildu, Junts, PDeCAT, CUP, UPN, Coalici\u00f3n Canaria, el BNG y Foro Asturias. Teruel Existe finalmente ha votado a favor, mientras que el Partido Regionalista de Cantabria y Nueva Canarias fueron los primeros que comprometieron su apoyo al PSOE.<br \/>\nAJUSTADA VOTACI\u00d3N<br \/>\nDe hecho, a la hora de votar se ha producido un empate a 170 votos. Ha sido un resultado con el que no se contaba, puesto que el bloque del &#8216;s\u00ed&#8217; sumaba 172 sufragios, pero el diputado de Unidas Podemos Roberto Uriarte no ha participado en la votaci\u00f3n (no lo ha hecho en ninguna de las que se han producido este mi\u00e9rcoles) y su compa\u00f1era Rosa Medel ha votado en contra y lo ha hecho &#8216;en conciencia&#8217;.<br \/>\nMedel, diputada por Valencia, es especialista en oftalmolog\u00eda y tiene plaza fija en un centro p\u00fablico. Seg\u00fan han explicado fuentes del grupo confederal, ha optado por el &#8216;no&#8217; por considerar insuficiente para los interinos el decreto aprobado por el Gobierno, incluso con las mejoras logradas en la \u00faltima parte de la negociaci\u00f3n y que se introducir\u00e1n en el texto durante su tramitaci\u00f3n parlamentaria.<br \/>\nEn esta primera votaci\u00f3n &#8211;tampoco en las del resto de la jornada&#8211; no ha participado la diputada de Junts Pilar Calvo. De haber votado en contra, como sus compa\u00f1eros, el decreto habr\u00eda sido derrotado a la primera puesto que los &#8216;noes&#8217; habr\u00edan alcanzado los 171 frente a 170 &#8216;s\u00edes&#8217;.<br \/>\nLa presidenta del Congreso, Meritxell Batet, se ha equivocado al sumar los votos telem\u00e1ticos y presenciales y, en un primer momento, ha dado el decreto por convalidado, pero enseguida ha asumido su error y ha informado del empate.<br \/>\nTal y como marca el Reglamento en estos casos hay que repetir la votaci\u00f3n y as\u00ed se ha hecho, aunque en esta ocasi\u00f3n s\u00f3lo han podido volver a votar los diputados que estaban presentes en el hemiciclo y no los que hab\u00edan emitido su voto con anterioridad, telem\u00e1ticamente.<br \/>\nMedel, que estaba sentada en su esca\u00f1o, ha decidido no participar en la segunda votaci\u00f3n para inclinar la balanza a favor del decreto que finalmente ha sido avalado por 170 frente a 169. De haber persistido el empate, Batet deber\u00eda haber suspendido la votaci\u00f3n durante el plazo que hubiera estimado razonable. Si a la tercera, el resultado hubiera sido el mismo, el decreto habr\u00eda deca\u00eddo.<br \/>\nDurante la defensa del decreto, Mar\u00eda Jes\u00fas Montero, nueva titular de Funci\u00f3n P\u00fablica &#8211;el decreto es consecuencia de un pacto de los sindicatos de la Administraci\u00f3n con Iceta&#8211; ha defendido los procesos de estabilizaci\u00f3n para dar salida a &#8220;un problema enquistado e intentar impedir que se pueda producir en el futuro, al menos en el pr\u00f3ximo&#8221;.<br \/>\nUn &#8220;borr\u00f3n y cuenta nueva&#8221;, ha dicho, para atajar una situaci\u00f3n agravada, ha dicho, por la existencia de tasas de reposici\u00f3n que imped\u00eda convocar plazas fijas con las que consolidar puestos que se han ocupado de forma interina, pero tambi\u00e9n por el proceso &#8220;farragoso&#8221; de las ofertas p\u00fablicas de empleo.<br \/>\n&#8220;Tenemos pendientes de resolver un volumen muy importante de convocatorias&#8221;, ha incidido la ministra, anticipando &#8220;un largo camino por recorrer en los pr\u00f3ximos a\u00f1os&#8221; hacia el objetivo de alcanzar un 92% de empleo p\u00fablico consolidado y limitar al 8% la temporalidad.<br \/>\nOPOSICI\u00d3N NO ELIMINATORIA Y EXENTA PARA LOS INTERINOS M\u00c1S VETERANOS<br \/>\nEl acuerdo alcanzado con ERC que ha posibilitado la convalidaci\u00f3n, y al que ha tenido acceso Europa Press, contempla la posibilidad de que comunidades puedan establecer que sus oposiciones no sean eliminatorias.<br \/>\nAsimismo, se eximir\u00e1 de estas oposiciones, limit\u00e1ndose el acceso a una valoraci\u00f3n de m\u00e9ritos, a empleados p\u00fablicos que hayan ocupado plaza de forma ininterrumpida en los \u00faltimos diez a\u00f1os y para los cuales no se haya publicado la correspondiente plaza.<br \/>\nTambi\u00e9n se elimina el plazo fijado para publicar y convocar los nuevos procesos de estabilizaci\u00f3n antes del 31 de diciembre de 2021, llev\u00e1ndolo a cuatro meses desde la entrada en vigor de la ley que tramitar\u00e1 el Congreso. La aprobaci\u00f3n de la ley, seg\u00fan el acuerdo, se contempla a mediados de octubre.<\/p>\n<p>587008.1.260.149.20210721161006<\/p>\n<p>\n<!--noindex--><br \/>\n<a href=\"https:\/\/www.europapress.es\/economia\/macroeconomia-00338\/noticia-congreso-avala-decreto-interinos-si-erc-compromis-abstencion-pnv-mas-pais-20210721161006.html\" rel=\"nofollow\">Source link <\/a><br \/>\n<!--\/noindex--><\/p>\n","protected":false},"excerpt":{"rendered":"<p>La votaci\u00f3n se repiti\u00f3 tras un empate: una diputada de Podemos lo rechaz\u00f3 en conciencia y despu\u00e9s no vot\u00f3 para evitar que fuera derogado MADRID, 21 (EUROPA PRESS) El Gobierno ha salvado en el Congreso la convalidaci\u00f3n del decreto ley para estabilizar empleo en la Administraci\u00f3n P\u00fablica gracias al apoyo acordado con Esquerra Republicana, Comprom\u00eds [&hellip;]<\/p>\n","protected":false},"author":2,"featured_media":15422,"comment_status":"open","ping_status":"open","sticky":false,"template":"","format":"standard","meta":{"footnotes":""},"categories":[1],"tags":[],"class_list":["post-15421","post","type-post","status-publish","format-standard","has-post-thumbnail","hentry","category-noticias-financieras"],"yoast_head":"<!-- This site is optimized with the Yoast SEO plugin v27.4 - https:\/\/yoast.com\/product\/yoast-seo-wordpress\/ -->\n<title>El Congreso avala el decreto de interinos con apoyo de ERC y Comprom\u00eds y la abstenci\u00f3n de PNV y M\u00e1s Pa\u00eds - Super News<\/title>\n<meta name=\"robots\" content=\"index, follow, max-snippet:-1, max-image-preview:large, max-video-preview:-1\" \/>\n<link rel=\"canonical\" href=\"https:\/\/super-news.info\/es\/el-congreso-avala-el-decreto-de-interinos-con-apoyo-de-erc-y-compromis-y-la-abstencion-de-pnv-y-mas-pais\/\" \/>\n<meta property=\"og:locale\" content=\"en_US\" \/>\n<meta property=\"og:type\" content=\"article\" \/>\n<meta property=\"og:title\" content=\"El Congreso avala el decreto de interinos con apoyo de ERC y Comprom\u00eds y la abstenci\u00f3n de PNV y M\u00e1s Pa\u00eds - Super News\" \/>\n<meta property=\"og:description\" content=\"La votaci\u00f3n se repiti\u00f3 tras un empate: una diputada de Podemos lo rechaz\u00f3 en conciencia y despu\u00e9s no vot\u00f3 para evitar que fuera derogado MADRID, 21 (EUROPA PRESS) El Gobierno ha salvado en el Congreso la convalidaci\u00f3n del decreto ley para estabilizar empleo en la Administraci\u00f3n P\u00fablica gracias al apoyo acordado con Esquerra Republicana, Comprom\u00eds [&hellip;]\" \/>\n<meta property=\"og:url\" content=\"https:\/\/super-news.info\/es\/el-congreso-avala-el-decreto-de-interinos-con-apoyo-de-erc-y-compromis-y-la-abstencion-de-pnv-y-mas-pais\/\" \/>\n<meta property=\"og:site_name\" content=\"Super News\" \/>\n<meta property=\"article:published_time\" content=\"2021-07-21T15:57:14+00:00\" \/>\n<meta property=\"article:modified_time\" content=\"2021-07-21T15:57:15+00:00\" \/>\n<meta property=\"og:image\" content=\"https:\/\/super-news.info\/es\/wp-content\/uploads\/sites\/4\/2021\/07\/El-Congreso-avala-el-decreto-de-interinos-con-apoyo-de.jpg\" \/>\n\t<meta property=\"og:image:width\" content=\"120\" \/>\n\t<meta property=\"og:image:height\" content=\"71\" \/>\n\t<meta property=\"og:image:type\" content=\"image\/jpeg\" \/>\n<meta name=\"author\" content=\"super-news\" \/>\n<meta name=\"twitter:card\" content=\"summary_large_image\" \/>\n<meta name=\"twitter:label1\" content=\"Written by\" \/>\n\t<meta name=\"twitter:data1\" content=\"super-news\" \/>\n\t<meta name=\"twitter:label2\" content=\"Est. reading time\" \/>\n\t<meta name=\"twitter:data2\" content=\"4 minutes\" \/>\n<script type=\"application\/ld+json\" class=\"yoast-schema-graph\">{\"@context\":\"https:\\\/\\\/schema.org\",\"@graph\":[{\"@type\":\"Article\",\"@id\":\"https:\\\/\\\/super-news.info\\\/es\\\/el-congreso-avala-el-decreto-de-interinos-con-apoyo-de-erc-y-compromis-y-la-abstencion-de-pnv-y-mas-pais\\\/#article\",\"isPartOf\":{\"@id\":\"https:\\\/\\\/super-news.info\\\/es\\\/el-congreso-avala-el-decreto-de-interinos-con-apoyo-de-erc-y-compromis-y-la-abstencion-de-pnv-y-mas-pais\\\/\"},\"author\":{\"name\":\"super-news\",\"@id\":\"https:\\\/\\\/super-news.info\\\/es\\\/#\\\/schema\\\/person\\\/2d4068cb2f39cd10008c2fce578a7356\"},\"headline\":\"El Congreso avala el decreto de interinos con apoyo de ERC y Comprom\u00eds y la abstenci\u00f3n de PNV y M\u00e1s Pa\u00eds\",\"datePublished\":\"2021-07-21T15:57:14+00:00\",\"dateModified\":\"2021-07-21T15:57:15+00:00\",\"mainEntityOfPage\":{\"@id\":\"https:\\\/\\\/super-news.info\\\/es\\\/el-congreso-avala-el-decreto-de-interinos-con-apoyo-de-erc-y-compromis-y-la-abstencion-de-pnv-y-mas-pais\\\/\"},\"wordCount\":907,\"commentCount\":0,\"image\":{\"@id\":\"https:\\\/\\\/super-news.info\\\/es\\\/el-congreso-avala-el-decreto-de-interinos-con-apoyo-de-erc-y-compromis-y-la-abstencion-de-pnv-y-mas-pais\\\/#primaryimage\"},\"thumbnailUrl\":\"https:\\\/\\\/super-news.info\\\/es\\\/wp-content\\\/uploads\\\/sites\\\/4\\\/2021\\\/07\\\/El-Congreso-avala-el-decreto-de-interinos-con-apoyo-de.jpg\",\"articleSection\":[\"NOTICIAS FINANCIERAS\"],\"inLanguage\":\"en-US\",\"potentialAction\":[{\"@type\":\"CommentAction\",\"name\":\"Comment\",\"target\":[\"https:\\\/\\\/super-news.info\\\/es\\\/el-congreso-avala-el-decreto-de-interinos-con-apoyo-de-erc-y-compromis-y-la-abstencion-de-pnv-y-mas-pais\\\/#respond\"]}]},{\"@type\":\"WebPage\",\"@id\":\"https:\\\/\\\/super-news.info\\\/es\\\/el-congreso-avala-el-decreto-de-interinos-con-apoyo-de-erc-y-compromis-y-la-abstencion-de-pnv-y-mas-pais\\\/\",\"url\":\"https:\\\/\\\/super-news.info\\\/es\\\/el-congreso-avala-el-decreto-de-interinos-con-apoyo-de-erc-y-compromis-y-la-abstencion-de-pnv-y-mas-pais\\\/\",\"name\":\"El Congreso avala el decreto de interinos con apoyo de ERC y Comprom\u00eds y la abstenci\u00f3n de PNV y M\u00e1s Pa\u00eds - Super News\",\"isPartOf\":{\"@id\":\"https:\\\/\\\/super-news.info\\\/es\\\/#website\"},\"primaryImageOfPage\":{\"@id\":\"https:\\\/\\\/super-news.info\\\/es\\\/el-congreso-avala-el-decreto-de-interinos-con-apoyo-de-erc-y-compromis-y-la-abstencion-de-pnv-y-mas-pais\\\/#primaryimage\"},\"image\":{\"@id\":\"https:\\\/\\\/super-news.info\\\/es\\\/el-congreso-avala-el-decreto-de-interinos-con-apoyo-de-erc-y-compromis-y-la-abstencion-de-pnv-y-mas-pais\\\/#primaryimage\"},\"thumbnailUrl\":\"https:\\\/\\\/super-news.info\\\/es\\\/wp-content\\\/uploads\\\/sites\\\/4\\\/2021\\\/07\\\/El-Congreso-avala-el-decreto-de-interinos-con-apoyo-de.jpg\",\"datePublished\":\"2021-07-21T15:57:14+00:00\",\"dateModified\":\"2021-07-21T15:57:15+00:00\",\"author\":{\"@id\":\"https:\\\/\\\/super-news.info\\\/es\\\/#\\\/schema\\\/person\\\/2d4068cb2f39cd10008c2fce578a7356\"},\"breadcrumb\":{\"@id\":\"https:\\\/\\\/super-news.info\\\/es\\\/el-congreso-avala-el-decreto-de-interinos-con-apoyo-de-erc-y-compromis-y-la-abstencion-de-pnv-y-mas-pais\\\/#breadcrumb\"},\"inLanguage\":\"en-US\",\"potentialAction\":[{\"@type\":\"ReadAction\",\"target\":[\"https:\\\/\\\/super-news.info\\\/es\\\/el-congreso-avala-el-decreto-de-interinos-con-apoyo-de-erc-y-compromis-y-la-abstencion-de-pnv-y-mas-pais\\\/\"]}]},{\"@type\":\"ImageObject\",\"inLanguage\":\"en-US\",\"@id\":\"https:\\\/\\\/super-news.info\\\/es\\\/el-congreso-avala-el-decreto-de-interinos-con-apoyo-de-erc-y-compromis-y-la-abstencion-de-pnv-y-mas-pais\\\/#primaryimage\",\"url\":\"https:\\\/\\\/super-news.info\\\/es\\\/wp-content\\\/uploads\\\/sites\\\/4\\\/2021\\\/07\\\/El-Congreso-avala-el-decreto-de-interinos-con-apoyo-de.jpg\",\"contentUrl\":\"https:\\\/\\\/super-news.info\\\/es\\\/wp-content\\\/uploads\\\/sites\\\/4\\\/2021\\\/07\\\/El-Congreso-avala-el-decreto-de-interinos-con-apoyo-de.jpg\",\"width\":120,\"height\":71,\"caption\":\"El Congreso avala el decreto de interinos con apoyo de ERC y Comprom\u00eds y la abstenci\u00f3n de PNV y M\u00e1s Pa\u00eds\"},{\"@type\":\"BreadcrumbList\",\"@id\":\"https:\\\/\\\/super-news.info\\\/es\\\/el-congreso-avala-el-decreto-de-interinos-con-apoyo-de-erc-y-compromis-y-la-abstencion-de-pnv-y-mas-pais\\\/#breadcrumb\",\"itemListElement\":[{\"@type\":\"ListItem\",\"position\":1,\"name\":\"\u0413\u043b\u0430\u0432\u043d\u0430\u044f \u0441\u0442\u0440\u0430\u043d\u0438\u0446\u0430\",\"item\":\"https:\\\/\\\/super-news.info\\\/es\\\/\"},{\"@type\":\"ListItem\",\"position\":2,\"name\":\"El Congreso avala el decreto de interinos con apoyo de ERC y Comprom\u00eds y la abstenci\u00f3n de PNV y M\u00e1s Pa\u00eds\"}]},{\"@type\":\"WebSite\",\"@id\":\"https:\\\/\\\/super-news.info\\\/es\\\/#website\",\"url\":\"https:\\\/\\\/super-news.info\\\/es\\\/\",\"name\":\"Super News\",\"description\":\"Super News Espa\u00f1a\",\"potentialAction\":[{\"@type\":\"SearchAction\",\"target\":{\"@type\":\"EntryPoint\",\"urlTemplate\":\"https:\\\/\\\/super-news.info\\\/es\\\/?s={search_term_string}\"},\"query-input\":{\"@type\":\"PropertyValueSpecification\",\"valueRequired\":true,\"valueName\":\"search_term_string\"}}],\"inLanguage\":\"en-US\"},{\"@type\":\"Person\",\"@id\":\"https:\\\/\\\/super-news.info\\\/es\\\/#\\\/schema\\\/person\\\/2d4068cb2f39cd10008c2fce578a7356\",\"name\":\"super-news\",\"image\":{\"@type\":\"ImageObject\",\"inLanguage\":\"en-US\",\"@id\":\"https:\\\/\\\/secure.gravatar.com\\\/avatar\\\/64ebac40b93f26a154f8a9b5b6fdccfc46f442b26b3dd6756dbff3bf9dc76fd7?s=96&d=mm&r=g\",\"url\":\"https:\\\/\\\/secure.gravatar.com\\\/avatar\\\/64ebac40b93f26a154f8a9b5b6fdccfc46f442b26b3dd6756dbff3bf9dc76fd7?s=96&d=mm&r=g\",\"contentUrl\":\"https:\\\/\\\/secure.gravatar.com\\\/avatar\\\/64ebac40b93f26a154f8a9b5b6fdccfc46f442b26b3dd6756dbff3bf9dc76fd7?s=96&d=mm&r=g\",\"caption\":\"super-news\"},\"url\":\"https:\\\/\\\/super-news.info\\\/es\\\/author\\\/pt\\\/\"}]}<\/script>\n<!-- \/ Yoast SEO plugin. -->","yoast_head_json":{"title":"El Congreso avala el decreto de interinos con apoyo de ERC y Comprom\u00eds y la abstenci\u00f3n de PNV y M\u00e1s Pa\u00eds - Super News","robots":{"index":"index","follow":"follow","max-snippet":"max-snippet:-1","max-image-preview":"max-image-preview:large","max-video-preview":"max-video-preview:-1"},"canonical":"https:\/\/super-news.info\/es\/el-congreso-avala-el-decreto-de-interinos-con-apoyo-de-erc-y-compromis-y-la-abstencion-de-pnv-y-mas-pais\/","og_locale":"en_US","og_type":"article","og_title":"El Congreso avala el decreto de interinos con apoyo de ERC y Comprom\u00eds y la abstenci\u00f3n de PNV y M\u00e1s Pa\u00eds - Super News","og_description":"La votaci\u00f3n se repiti\u00f3 tras un empate: una diputada de Podemos lo rechaz\u00f3 en conciencia y despu\u00e9s no vot\u00f3 para evitar que fuera derogado MADRID, 21 (EUROPA PRESS) El Gobierno ha salvado en el Congreso la convalidaci\u00f3n del decreto ley para estabilizar empleo en la Administraci\u00f3n P\u00fablica gracias al apoyo acordado con Esquerra Republicana, Comprom\u00eds [&hellip;]","og_url":"https:\/\/super-news.info\/es\/el-congreso-avala-el-decreto-de-interinos-con-apoyo-de-erc-y-compromis-y-la-abstencion-de-pnv-y-mas-pais\/","og_site_name":"Super News","article_published_time":"2021-07-21T15:57:14+00:00","article_modified_time":"2021-07-21T15:57:15+00:00","og_image":[{"width":120,"height":71,"url":"https:\/\/super-news.info\/es\/wp-content\/uploads\/sites\/4\/2021\/07\/El-Congreso-avala-el-decreto-de-interinos-con-apoyo-de.jpg","type":"image\/jpeg"}],"author":"super-news","twitter_card":"summary_large_image","twitter_misc":{"Written by":"super-news","Est. reading time":"4 minutes"},"schema":{"@context":"https:\/\/schema.org","@graph":[{"@type":"Article","@id":"https:\/\/super-news.info\/es\/el-congreso-avala-el-decreto-de-interinos-con-apoyo-de-erc-y-compromis-y-la-abstencion-de-pnv-y-mas-pais\/#article","isPartOf":{"@id":"https:\/\/super-news.info\/es\/el-congreso-avala-el-decreto-de-interinos-con-apoyo-de-erc-y-compromis-y-la-abstencion-de-pnv-y-mas-pais\/"},"author":{"name":"super-news","@id":"https:\/\/super-news.info\/es\/#\/schema\/person\/2d4068cb2f39cd10008c2fce578a7356"},"headline":"El Congreso avala el decreto de interinos con apoyo de ERC y Comprom\u00eds y la abstenci\u00f3n de PNV y M\u00e1s Pa\u00eds","datePublished":"2021-07-21T15:57:14+00:00","dateModified":"2021-07-21T15:57:15+00:00","mainEntityOfPage":{"@id":"https:\/\/super-news.info\/es\/el-congreso-avala-el-decreto-de-interinos-con-apoyo-de-erc-y-compromis-y-la-abstencion-de-pnv-y-mas-pais\/"},"wordCount":907,"commentCount":0,"image":{"@id":"https:\/\/super-news.info\/es\/el-congreso-avala-el-decreto-de-interinos-con-apoyo-de-erc-y-compromis-y-la-abstencion-de-pnv-y-mas-pais\/#primaryimage"},"thumbnailUrl":"https:\/\/super-news.info\/es\/wp-content\/uploads\/sites\/4\/2021\/07\/El-Congreso-avala-el-decreto-de-interinos-con-apoyo-de.jpg","articleSection":["NOTICIAS FINANCIERAS"],"inLanguage":"en-US","potentialAction":[{"@type":"CommentAction","name":"Comment","target":["https:\/\/super-news.info\/es\/el-congreso-avala-el-decreto-de-interinos-con-apoyo-de-erc-y-compromis-y-la-abstencion-de-pnv-y-mas-pais\/#respond"]}]},{"@type":"WebPage","@id":"https:\/\/super-news.info\/es\/el-congreso-avala-el-decreto-de-interinos-con-apoyo-de-erc-y-compromis-y-la-abstencion-de-pnv-y-mas-pais\/","url":"https:\/\/super-news.info\/es\/el-congreso-avala-el-decreto-de-interinos-con-apoyo-de-erc-y-compromis-y-la-abstencion-de-pnv-y-mas-pais\/","name":"El Congreso avala el decreto de interinos con apoyo de ERC y Comprom\u00eds y la abstenci\u00f3n de PNV y M\u00e1s Pa\u00eds - Super News","isPartOf":{"@id":"https:\/\/super-news.info\/es\/#website"},"primaryImageOfPage":{"@id":"https:\/\/super-news.info\/es\/el-congreso-avala-el-decreto-de-interinos-con-apoyo-de-erc-y-compromis-y-la-abstencion-de-pnv-y-mas-pais\/#primaryimage"},"image":{"@id":"https:\/\/super-news.info\/es\/el-congreso-avala-el-decreto-de-interinos-con-apoyo-de-erc-y-compromis-y-la-abstencion-de-pnv-y-mas-pais\/#primaryimage"},"thumbnailUrl":"https:\/\/super-news.info\/es\/wp-content\/uploads\/sites\/4\/2021\/07\/El-Congreso-avala-el-decreto-de-interinos-con-apoyo-de.jpg","datePublished":"2021-07-21T15:57:14+00:00","dateModified":"2021-07-21T15:57:15+00:00","author":{"@id":"https:\/\/super-news.info\/es\/#\/schema\/person\/2d4068cb2f39cd10008c2fce578a7356"},"breadcrumb":{"@id":"https:\/\/super-news.info\/es\/el-congreso-avala-el-decreto-de-interinos-con-apoyo-de-erc-y-compromis-y-la-abstencion-de-pnv-y-mas-pais\/#breadcrumb"},"inLanguage":"en-US","potentialAction":[{"@type":"ReadAction","target":["https:\/\/super-news.info\/es\/el-congreso-avala-el-decreto-de-interinos-con-apoyo-de-erc-y-compromis-y-la-abstencion-de-pnv-y-mas-pais\/"]}]},{"@type":"ImageObject","inLanguage":"en-US","@id":"https:\/\/super-news.info\/es\/el-congreso-avala-el-decreto-de-interinos-con-apoyo-de-erc-y-compromis-y-la-abstencion-de-pnv-y-mas-pais\/#primaryimage","url":"https:\/\/super-news.info\/es\/wp-content\/uploads\/sites\/4\/2021\/07\/El-Congreso-avala-el-decreto-de-interinos-con-apoyo-de.jpg","contentUrl":"https:\/\/super-news.info\/es\/wp-content\/uploads\/sites\/4\/2021\/07\/El-Congreso-avala-el-decreto-de-interinos-con-apoyo-de.jpg","width":120,"height":71,"caption":"El Congreso avala el decreto de interinos con apoyo de ERC y Comprom\u00eds y la abstenci\u00f3n de PNV y M\u00e1s Pa\u00eds"},{"@type":"BreadcrumbList","@id":"https:\/\/super-news.info\/es\/el-congreso-avala-el-decreto-de-interinos-con-apoyo-de-erc-y-compromis-y-la-abstencion-de-pnv-y-mas-pais\/#breadcrumb","itemListElement":[{"@type":"ListItem","position":1,"name":"\u0413\u043b\u0430\u0432\u043d\u0430\u044f \u0441\u0442\u0440\u0430\u043d\u0438\u0446\u0430","item":"https:\/\/super-news.info\/es\/"},{"@type":"ListItem","position":2,"name":"El Congreso avala el decreto de interinos con apoyo de ERC y Comprom\u00eds y la abstenci\u00f3n de PNV y M\u00e1s Pa\u00eds"}]},{"@type":"WebSite","@id":"https:\/\/super-news.info\/es\/#website","url":"https:\/\/super-news.info\/es\/","name":"Super News","description":"Super News Espa\u00f1a","potentialAction":[{"@type":"SearchAction","target":{"@type":"EntryPoint","urlTemplate":"https:\/\/super-news.info\/es\/?s={search_term_string}"},"query-input":{"@type":"PropertyValueSpecification","valueRequired":true,"valueName":"search_term_string"}}],"inLanguage":"en-US"},{"@type":"Person","@id":"https:\/\/super-news.info\/es\/#\/schema\/person\/2d4068cb2f39cd10008c2fce578a7356","name":"super-news","image":{"@type":"ImageObject","inLanguage":"en-US","@id":"https:\/\/secure.gravatar.com\/avatar\/64ebac40b93f26a154f8a9b5b6fdccfc46f442b26b3dd6756dbff3bf9dc76fd7?s=96&d=mm&r=g","url":"https:\/\/secure.gravatar.com\/avatar\/64ebac40b93f26a154f8a9b5b6fdccfc46f442b26b3dd6756dbff3bf9dc76fd7?s=96&d=mm&r=g","contentUrl":"https:\/\/secure.gravatar.com\/avatar\/64ebac40b93f26a154f8a9b5b6fdccfc46f442b26b3dd6756dbff3bf9dc76fd7?s=96&d=mm&r=g","caption":"super-news"},"url":"https:\/\/super-news.info\/es\/author\/pt\/"}]}},"_links":{"self":[{"href":"https:\/\/super-news.info\/es\/wp-json\/wp\/v2\/posts\/15421","targetHints":{"allow":["GET"]}}],"collection":[{"href":"https:\/\/super-news.info\/es\/wp-json\/wp\/v2\/posts"}],"about":[{"href":"https:\/\/super-news.info\/es\/wp-json\/wp\/v2\/types\/post"}],"author":[{"embeddable":true,"href":"https:\/\/super-news.info\/es\/wp-json\/wp\/v2\/users\/2"}],"replies":[{"embeddable":true,"href":"https:\/\/super-news.info\/es\/wp-json\/wp\/v2\/comments?post=15421"}],"version-history":[{"count":1,"href":"https:\/\/super-news.info\/es\/wp-json\/wp\/v2\/posts\/15421\/revisions"}],"predecessor-version":[{"id":15423,"href":"https:\/\/super-news.info\/es\/wp-json\/wp\/v2\/posts\/15421\/revisions\/15423"}],"wp:featuredmedia":[{"embeddable":true,"href":"https:\/\/super-news.info\/es\/wp-json\/wp\/v2\/media\/15422"}],"wp:attachment":[{"href":"https:\/\/super-news.info\/es\/wp-json\/wp\/v2\/media?parent=15421"}],"wp:term":[{"taxonomy":"category","embeddable":true,"href":"https:\/\/super-news.info\/es\/wp-json\/wp\/v2\/categories?post=15421"},{"taxonomy":"post_tag","embeddable":true,"href":"https:\/\/super-news.info\/es\/wp-json\/wp\/v2\/tags?post=15421"}],"curies":[{"name":"wp","href":"https:\/\/api.w.org\/{rel}","templated":true}]}}