{"id":15415,"date":"2021-07-21T06:56:40","date_gmt":"2021-07-21T03:56:40","guid":{"rendered":"https:\/\/super-news.info\/es\/santiago-martinez-garrido-nombrado-secretario-general-de-iberdrola\/"},"modified":"2021-07-21T06:56:40","modified_gmt":"2021-07-21T03:56:40","slug":"santiago-martinez-garrido-nombrado-secretario-general-de-iberdrola","status":"publish","type":"post","link":"https:\/\/super-news.info\/es\/santiago-martinez-garrido-nombrado-secretario-general-de-iberdrola\/","title":{"rendered":"Santiago Mart\u00ednez Garrido, nombrado secretario general de Iberdrola"},"content":{"rendered":"<p>\n((Este noticia sustituye a la anterior sobre el mismo tema))<br \/>\n   MADRID, 20 Jul. (EUROPA PRESS) &#8211;<br \/>\n   El consejo de administraci\u00f3n de Iberdrola ha aprobado el nombramiento como secretario general, previo informe favorable de la Comisi\u00f3n de Nombramientos, de Santiago Mart\u00ednez Garrido, inform\u00f3 la empresa a la Comisi\u00f3n Nacional del Mercado de Valores (CNMV).<br \/>\n   Mart\u00ednez Garrido, vicesecretario no consejero de Iberdrola desde 2015, es el actual director de los Servicios Jur\u00eddicos de la energ\u00e9tica. Adem\u00e1s, el nuevo secretario general del consejo de administraci\u00f3n de Iberdrola ocupa cargos de consejero en las filiales Avangrid y Neoenergia.<br \/>\nEL CONSEJO TOMA RAZ\u00d3N DEL AUTO DE IMPUTACI\u00d3N DE IBERDROLA RENOVABLES.<br \/>\n   Por otra parte, el \u00f3rgano rector de la energ\u00e9tica ha informado de que este martes ha tomado raz\u00f3n del auto dictado el pasado 9 de julio por el Juzgado Central de Instrucci\u00f3n n\u00famero 6, en la pieza separada n\u00famero 17 de las diligencias previas relativas al denominado &#8216;caso Villarejo, en el que se acord\u00f3, citar como investigada a Iberdrola Renovables Energ\u00eda -filial de la subholding Iberdrola Espa\u00f1a-.<br \/>\n   La filial de Iberdrola fue citada como posible autora de un delito de cohecho en relaci\u00f3n con una contrataci\u00f3n de Cenyt, empresa del excomisario Jos\u00e9 Manuel Villarejo, para la prestaci\u00f3n de un servicio en Ruman\u00eda, por la que pag\u00f3 una factura de 25.000 euros m\u00e1s IVA en 2012.<br \/>\n<br \/>\n<!--noindex--><br \/>\n<a href=\"https:\/\/www.europapress.es\/economia\/energia-medio-ambiente-00183\/noticia-santiago-martinez-garrido-nombrado-secretario-general-iberdrola-20210720203038.html\" rel=\"nofollow\">Source link <\/a><br \/>\n<!--\/noindex--><\/p>\n","protected":false},"excerpt":{"rendered":"<p>((Este noticia sustituye a la anterior sobre el mismo tema)) MADRID, 20 Jul. (EUROPA PRESS) &#8211; El consejo de administraci\u00f3n de Iberdrola ha aprobado el nombramiento como secretario general, previo informe favorable de la Comisi\u00f3n de Nombramientos, de Santiago Mart\u00ednez Garrido, inform\u00f3 la empresa a la Comisi\u00f3n Nacional del Mercado de Valores (CNMV). Mart\u00ednez Garrido, [&hellip;]<\/p>\n","protected":false},"author":2,"featured_media":15416,"comment_status":"open","ping_status":"open","sticky":false,"template":"","format":"standard","meta":{"footnotes":""},"categories":[1],"tags":[],"class_list":["post-15415","post","type-post","status-publish","format-standard","has-post-thumbnail","hentry","category-noticias-financieras"],"yoast_head":"<!-- This site is optimized with the Yoast SEO plugin v27.4 - https:\/\/yoast.com\/product\/yoast-seo-wordpress\/ -->\n<title>Santiago Mart\u00ednez Garrido, nombrado secretario general de Iberdrola - Super News<\/title>\n<meta name=\"robots\" content=\"index, follow, max-snippet:-1, max-image-preview:large, max-video-preview:-1\" \/>\n<link rel=\"canonical\" href=\"https:\/\/super-news.info\/es\/santiago-martinez-garrido-nombrado-secretario-general-de-iberdrola\/\" \/>\n<meta property=\"og:locale\" content=\"en_US\" \/>\n<meta property=\"og:type\" content=\"article\" \/>\n<meta property=\"og:title\" content=\"Santiago Mart\u00ednez Garrido, nombrado secretario general de Iberdrola - Super News\" \/>\n<meta property=\"og:description\" content=\"((Este noticia sustituye a la anterior sobre el mismo tema)) MADRID, 20 Jul. (EUROPA PRESS) &#8211; El consejo de administraci\u00f3n de Iberdrola ha aprobado el nombramiento como secretario general, previo informe favorable de la Comisi\u00f3n de Nombramientos, de Santiago Mart\u00ednez Garrido, inform\u00f3 la empresa a la Comisi\u00f3n Nacional del Mercado de Valores (CNMV). Mart\u00ednez Garrido, [&hellip;]\" \/>\n<meta property=\"og:url\" content=\"https:\/\/super-news.info\/es\/santiago-martinez-garrido-nombrado-secretario-general-de-iberdrola\/\" \/>\n<meta property=\"og:site_name\" content=\"Super News\" \/>\n<meta property=\"article:published_time\" content=\"2021-07-21T03:56:40+00:00\" \/>\n<meta property=\"og:image\" content=\"https:\/\/super-news.info\/es\/wp-content\/uploads\/sites\/4\/2021\/07\/Santiago-Martinez-Garrido-nombrado-secretario-general-de-Iberdrola.jpg\" \/>\n\t<meta property=\"og:image:width\" content=\"120\" \/>\n\t<meta property=\"og:image:height\" content=\"180\" \/>\n\t<meta property=\"og:image:type\" content=\"image\/jpeg\" \/>\n<meta name=\"author\" content=\"super-news\" \/>\n<meta name=\"twitter:card\" content=\"summary_large_image\" \/>\n<meta name=\"twitter:label1\" content=\"Written by\" \/>\n\t<meta name=\"twitter:data1\" content=\"super-news\" \/>\n\t<meta name=\"twitter:label2\" content=\"Est. reading time\" \/>\n\t<meta name=\"twitter:data2\" content=\"1 minute\" \/>\n<script type=\"application\/ld+json\" class=\"yoast-schema-graph\">{\"@context\":\"https:\\\/\\\/schema.org\",\"@graph\":[{\"@type\":\"Article\",\"@id\":\"https:\\\/\\\/super-news.info\\\/es\\\/santiago-martinez-garrido-nombrado-secretario-general-de-iberdrola\\\/#article\",\"isPartOf\":{\"@id\":\"https:\\\/\\\/super-news.info\\\/es\\\/santiago-martinez-garrido-nombrado-secretario-general-de-iberdrola\\\/\"},\"author\":{\"name\":\"super-news\",\"@id\":\"https:\\\/\\\/super-news.info\\\/es\\\/#\\\/schema\\\/person\\\/2d4068cb2f39cd10008c2fce578a7356\"},\"headline\":\"Santiago Mart\u00ednez Garrido, nombrado secretario general de Iberdrola\",\"datePublished\":\"2021-07-21T03:56:40+00:00\",\"mainEntityOfPage\":{\"@id\":\"https:\\\/\\\/super-news.info\\\/es\\\/santiago-martinez-garrido-nombrado-secretario-general-de-iberdrola\\\/\"},\"wordCount\":247,\"commentCount\":0,\"image\":{\"@id\":\"https:\\\/\\\/super-news.info\\\/es\\\/santiago-martinez-garrido-nombrado-secretario-general-de-iberdrola\\\/#primaryimage\"},\"thumbnailUrl\":\"https:\\\/\\\/super-news.info\\\/es\\\/wp-content\\\/uploads\\\/sites\\\/4\\\/2021\\\/07\\\/Santiago-Martinez-Garrido-nombrado-secretario-general-de-Iberdrola.jpg\",\"articleSection\":[\"NOTICIAS FINANCIERAS\"],\"inLanguage\":\"en-US\",\"potentialAction\":[{\"@type\":\"CommentAction\",\"name\":\"Comment\",\"target\":[\"https:\\\/\\\/super-news.info\\\/es\\\/santiago-martinez-garrido-nombrado-secretario-general-de-iberdrola\\\/#respond\"]}]},{\"@type\":\"WebPage\",\"@id\":\"https:\\\/\\\/super-news.info\\\/es\\\/santiago-martinez-garrido-nombrado-secretario-general-de-iberdrola\\\/\",\"url\":\"https:\\\/\\\/super-news.info\\\/es\\\/santiago-martinez-garrido-nombrado-secretario-general-de-iberdrola\\\/\",\"name\":\"Santiago Mart\u00ednez Garrido, nombrado secretario general de Iberdrola - Super News\",\"isPartOf\":{\"@id\":\"https:\\\/\\\/super-news.info\\\/es\\\/#website\"},\"primaryImageOfPage\":{\"@id\":\"https:\\\/\\\/super-news.info\\\/es\\\/santiago-martinez-garrido-nombrado-secretario-general-de-iberdrola\\\/#primaryimage\"},\"image\":{\"@id\":\"https:\\\/\\\/super-news.info\\\/es\\\/santiago-martinez-garrido-nombrado-secretario-general-de-iberdrola\\\/#primaryimage\"},\"thumbnailUrl\":\"https:\\\/\\\/super-news.info\\\/es\\\/wp-content\\\/uploads\\\/sites\\\/4\\\/2021\\\/07\\\/Santiago-Martinez-Garrido-nombrado-secretario-general-de-Iberdrola.jpg\",\"datePublished\":\"2021-07-21T03:56:40+00:00\",\"author\":{\"@id\":\"https:\\\/\\\/super-news.info\\\/es\\\/#\\\/schema\\\/person\\\/2d4068cb2f39cd10008c2fce578a7356\"},\"breadcrumb\":{\"@id\":\"https:\\\/\\\/super-news.info\\\/es\\\/santiago-martinez-garrido-nombrado-secretario-general-de-iberdrola\\\/#breadcrumb\"},\"inLanguage\":\"en-US\",\"potentialAction\":[{\"@type\":\"ReadAction\",\"target\":[\"https:\\\/\\\/super-news.info\\\/es\\\/santiago-martinez-garrido-nombrado-secretario-general-de-iberdrola\\\/\"]}]},{\"@type\":\"ImageObject\",\"inLanguage\":\"en-US\",\"@id\":\"https:\\\/\\\/super-news.info\\\/es\\\/santiago-martinez-garrido-nombrado-secretario-general-de-iberdrola\\\/#primaryimage\",\"url\":\"https:\\\/\\\/super-news.info\\\/es\\\/wp-content\\\/uploads\\\/sites\\\/4\\\/2021\\\/07\\\/Santiago-Martinez-Garrido-nombrado-secretario-general-de-Iberdrola.jpg\",\"contentUrl\":\"https:\\\/\\\/super-news.info\\\/es\\\/wp-content\\\/uploads\\\/sites\\\/4\\\/2021\\\/07\\\/Santiago-Martinez-Garrido-nombrado-secretario-general-de-Iberdrola.jpg\",\"width\":120,\"height\":180,\"caption\":\"Santiago Mart\u00ednez Garrido, nombrado secretario general de Iberdrola\"},{\"@type\":\"BreadcrumbList\",\"@id\":\"https:\\\/\\\/super-news.info\\\/es\\\/santiago-martinez-garrido-nombrado-secretario-general-de-iberdrola\\\/#breadcrumb\",\"itemListElement\":[{\"@type\":\"ListItem\",\"position\":1,\"name\":\"\u0413\u043b\u0430\u0432\u043d\u0430\u044f \u0441\u0442\u0440\u0430\u043d\u0438\u0446\u0430\",\"item\":\"https:\\\/\\\/super-news.info\\\/es\\\/\"},{\"@type\":\"ListItem\",\"position\":2,\"name\":\"Santiago Mart\u00ednez Garrido, nombrado secretario general de Iberdrola\"}]},{\"@type\":\"WebSite\",\"@id\":\"https:\\\/\\\/super-news.info\\\/es\\\/#website\",\"url\":\"https:\\\/\\\/super-news.info\\\/es\\\/\",\"name\":\"Super News\",\"description\":\"Super News Espa\u00f1a\",\"potentialAction\":[{\"@type\":\"SearchAction\",\"target\":{\"@type\":\"EntryPoint\",\"urlTemplate\":\"https:\\\/\\\/super-news.info\\\/es\\\/?s={search_term_string}\"},\"query-input\":{\"@type\":\"PropertyValueSpecification\",\"valueRequired\":true,\"valueName\":\"search_term_string\"}}],\"inLanguage\":\"en-US\"},{\"@type\":\"Person\",\"@id\":\"https:\\\/\\\/super-news.info\\\/es\\\/#\\\/schema\\\/person\\\/2d4068cb2f39cd10008c2fce578a7356\",\"name\":\"super-news\",\"image\":{\"@type\":\"ImageObject\",\"inLanguage\":\"en-US\",\"@id\":\"https:\\\/\\\/secure.gravatar.com\\\/avatar\\\/64ebac40b93f26a154f8a9b5b6fdccfc46f442b26b3dd6756dbff3bf9dc76fd7?s=96&d=mm&r=g\",\"url\":\"https:\\\/\\\/secure.gravatar.com\\\/avatar\\\/64ebac40b93f26a154f8a9b5b6fdccfc46f442b26b3dd6756dbff3bf9dc76fd7?s=96&d=mm&r=g\",\"contentUrl\":\"https:\\\/\\\/secure.gravatar.com\\\/avatar\\\/64ebac40b93f26a154f8a9b5b6fdccfc46f442b26b3dd6756dbff3bf9dc76fd7?s=96&d=mm&r=g\",\"caption\":\"super-news\"},\"url\":\"https:\\\/\\\/super-news.info\\\/es\\\/author\\\/pt\\\/\"}]}<\/script>\n<!-- \/ Yoast SEO plugin. -->","yoast_head_json":{"title":"Santiago Mart\u00ednez Garrido, nombrado secretario general de Iberdrola - Super News","robots":{"index":"index","follow":"follow","max-snippet":"max-snippet:-1","max-image-preview":"max-image-preview:large","max-video-preview":"max-video-preview:-1"},"canonical":"https:\/\/super-news.info\/es\/santiago-martinez-garrido-nombrado-secretario-general-de-iberdrola\/","og_locale":"en_US","og_type":"article","og_title":"Santiago Mart\u00ednez Garrido, nombrado secretario general de Iberdrola - Super News","og_description":"((Este noticia sustituye a la anterior sobre el mismo tema)) MADRID, 20 Jul. (EUROPA PRESS) &#8211; El consejo de administraci\u00f3n de Iberdrola ha aprobado el nombramiento como secretario general, previo informe favorable de la Comisi\u00f3n de Nombramientos, de Santiago Mart\u00ednez Garrido, inform\u00f3 la empresa a la Comisi\u00f3n Nacional del Mercado de Valores (CNMV). Mart\u00ednez Garrido, [&hellip;]","og_url":"https:\/\/super-news.info\/es\/santiago-martinez-garrido-nombrado-secretario-general-de-iberdrola\/","og_site_name":"Super News","article_published_time":"2021-07-21T03:56:40+00:00","og_image":[{"width":120,"height":180,"url":"https:\/\/super-news.info\/es\/wp-content\/uploads\/sites\/4\/2021\/07\/Santiago-Martinez-Garrido-nombrado-secretario-general-de-Iberdrola.jpg","type":"image\/jpeg"}],"author":"super-news","twitter_card":"summary_large_image","twitter_misc":{"Written by":"super-news","Est. reading time":"1 minute"},"schema":{"@context":"https:\/\/schema.org","@graph":[{"@type":"Article","@id":"https:\/\/super-news.info\/es\/santiago-martinez-garrido-nombrado-secretario-general-de-iberdrola\/#article","isPartOf":{"@id":"https:\/\/super-news.info\/es\/santiago-martinez-garrido-nombrado-secretario-general-de-iberdrola\/"},"author":{"name":"super-news","@id":"https:\/\/super-news.info\/es\/#\/schema\/person\/2d4068cb2f39cd10008c2fce578a7356"},"headline":"Santiago Mart\u00ednez Garrido, nombrado secretario general de Iberdrola","datePublished":"2021-07-21T03:56:40+00:00","mainEntityOfPage":{"@id":"https:\/\/super-news.info\/es\/santiago-martinez-garrido-nombrado-secretario-general-de-iberdrola\/"},"wordCount":247,"commentCount":0,"image":{"@id":"https:\/\/super-news.info\/es\/santiago-martinez-garrido-nombrado-secretario-general-de-iberdrola\/#primaryimage"},"thumbnailUrl":"https:\/\/super-news.info\/es\/wp-content\/uploads\/sites\/4\/2021\/07\/Santiago-Martinez-Garrido-nombrado-secretario-general-de-Iberdrola.jpg","articleSection":["NOTICIAS FINANCIERAS"],"inLanguage":"en-US","potentialAction":[{"@type":"CommentAction","name":"Comment","target":["https:\/\/super-news.info\/es\/santiago-martinez-garrido-nombrado-secretario-general-de-iberdrola\/#respond"]}]},{"@type":"WebPage","@id":"https:\/\/super-news.info\/es\/santiago-martinez-garrido-nombrado-secretario-general-de-iberdrola\/","url":"https:\/\/super-news.info\/es\/santiago-martinez-garrido-nombrado-secretario-general-de-iberdrola\/","name":"Santiago Mart\u00ednez Garrido, nombrado secretario general de Iberdrola - Super News","isPartOf":{"@id":"https:\/\/super-news.info\/es\/#website"},"primaryImageOfPage":{"@id":"https:\/\/super-news.info\/es\/santiago-martinez-garrido-nombrado-secretario-general-de-iberdrola\/#primaryimage"},"image":{"@id":"https:\/\/super-news.info\/es\/santiago-martinez-garrido-nombrado-secretario-general-de-iberdrola\/#primaryimage"},"thumbnailUrl":"https:\/\/super-news.info\/es\/wp-content\/uploads\/sites\/4\/2021\/07\/Santiago-Martinez-Garrido-nombrado-secretario-general-de-Iberdrola.jpg","datePublished":"2021-07-21T03:56:40+00:00","author":{"@id":"https:\/\/super-news.info\/es\/#\/schema\/person\/2d4068cb2f39cd10008c2fce578a7356"},"breadcrumb":{"@id":"https:\/\/super-news.info\/es\/santiago-martinez-garrido-nombrado-secretario-general-de-iberdrola\/#breadcrumb"},"inLanguage":"en-US","potentialAction":[{"@type":"ReadAction","target":["https:\/\/super-news.info\/es\/santiago-martinez-garrido-nombrado-secretario-general-de-iberdrola\/"]}]},{"@type":"ImageObject","inLanguage":"en-US","@id":"https:\/\/super-news.info\/es\/santiago-martinez-garrido-nombrado-secretario-general-de-iberdrola\/#primaryimage","url":"https:\/\/super-news.info\/es\/wp-content\/uploads\/sites\/4\/2021\/07\/Santiago-Martinez-Garrido-nombrado-secretario-general-de-Iberdrola.jpg","contentUrl":"https:\/\/super-news.info\/es\/wp-content\/uploads\/sites\/4\/2021\/07\/Santiago-Martinez-Garrido-nombrado-secretario-general-de-Iberdrola.jpg","width":120,"height":180,"caption":"Santiago Mart\u00ednez Garrido, nombrado secretario general de Iberdrola"},{"@type":"BreadcrumbList","@id":"https:\/\/super-news.info\/es\/santiago-martinez-garrido-nombrado-secretario-general-de-iberdrola\/#breadcrumb","itemListElement":[{"@type":"ListItem","position":1,"name":"\u0413\u043b\u0430\u0432\u043d\u0430\u044f \u0441\u0442\u0440\u0430\u043d\u0438\u0446\u0430","item":"https:\/\/super-news.info\/es\/"},{"@type":"ListItem","position":2,"name":"Santiago Mart\u00ednez Garrido, nombrado secretario general de Iberdrola"}]},{"@type":"WebSite","@id":"https:\/\/super-news.info\/es\/#website","url":"https:\/\/super-news.info\/es\/","name":"Super News","description":"Super News Espa\u00f1a","potentialAction":[{"@type":"SearchAction","target":{"@type":"EntryPoint","urlTemplate":"https:\/\/super-news.info\/es\/?s={search_term_string}"},"query-input":{"@type":"PropertyValueSpecification","valueRequired":true,"valueName":"search_term_string"}}],"inLanguage":"en-US"},{"@type":"Person","@id":"https:\/\/super-news.info\/es\/#\/schema\/person\/2d4068cb2f39cd10008c2fce578a7356","name":"super-news","image":{"@type":"ImageObject","inLanguage":"en-US","@id":"https:\/\/secure.gravatar.com\/avatar\/64ebac40b93f26a154f8a9b5b6fdccfc46f442b26b3dd6756dbff3bf9dc76fd7?s=96&d=mm&r=g","url":"https:\/\/secure.gravatar.com\/avatar\/64ebac40b93f26a154f8a9b5b6fdccfc46f442b26b3dd6756dbff3bf9dc76fd7?s=96&d=mm&r=g","contentUrl":"https:\/\/secure.gravatar.com\/avatar\/64ebac40b93f26a154f8a9b5b6fdccfc46f442b26b3dd6756dbff3bf9dc76fd7?s=96&d=mm&r=g","caption":"super-news"},"url":"https:\/\/super-news.info\/es\/author\/pt\/"}]}},"_links":{"self":[{"href":"https:\/\/super-news.info\/es\/wp-json\/wp\/v2\/posts\/15415","targetHints":{"allow":["GET"]}}],"collection":[{"href":"https:\/\/super-news.info\/es\/wp-json\/wp\/v2\/posts"}],"about":[{"href":"https:\/\/super-news.info\/es\/wp-json\/wp\/v2\/types\/post"}],"author":[{"embeddable":true,"href":"https:\/\/super-news.info\/es\/wp-json\/wp\/v2\/users\/2"}],"replies":[{"embeddable":true,"href":"https:\/\/super-news.info\/es\/wp-json\/wp\/v2\/comments?post=15415"}],"version-history":[{"count":1,"href":"https:\/\/super-news.info\/es\/wp-json\/wp\/v2\/posts\/15415\/revisions"}],"predecessor-version":[{"id":15417,"href":"https:\/\/super-news.info\/es\/wp-json\/wp\/v2\/posts\/15415\/revisions\/15417"}],"wp:featuredmedia":[{"embeddable":true,"href":"https:\/\/super-news.info\/es\/wp-json\/wp\/v2\/media\/15416"}],"wp:attachment":[{"href":"https:\/\/super-news.info\/es\/wp-json\/wp\/v2\/media?parent=15415"}],"wp:term":[{"taxonomy":"category","embeddable":true,"href":"https:\/\/super-news.info\/es\/wp-json\/wp\/v2\/categories?post=15415"},{"taxonomy":"post_tag","embeddable":true,"href":"https:\/\/super-news.info\/es\/wp-json\/wp\/v2\/tags?post=15415"}],"curies":[{"name":"wp","href":"https:\/\/api.w.org\/{rel}","templated":true}]}}