{"id":15409,"date":"2021-07-20T18:55:21","date_gmt":"2021-07-20T15:55:21","guid":{"rendered":"https:\/\/super-news.info\/es\/el-uso-del-teletrabajo-cae-en-2021-casi-a-la-mitad-respecto-a-2020-segun-un-estudio\/"},"modified":"2021-07-20T18:55:22","modified_gmt":"2021-07-20T15:55:22","slug":"el-uso-del-teletrabajo-cae-en-2021-casi-a-la-mitad-respecto-a-2020-segun-un-estudio","status":"publish","type":"post","link":"https:\/\/super-news.info\/es\/el-uso-del-teletrabajo-cae-en-2021-casi-a-la-mitad-respecto-a-2020-segun-un-estudio\/","title":{"rendered":"El uso del teletrabajo cae en 2021 casi a la mitad respecto a 2020, seg\u00fan un estudio"},"content":{"rendered":"<p>\nM\u00e1s de la mitad de trabajadores espa\u00f1oles considera que su salud empeor\u00f3 durante la pandemia<br \/>\n   MADRID, 20 Jul. (EUROPA PRESS) &#8211;<br \/>\n   El uso del teletrabajo en las empresas o instituciones ha descendido en 2021 pr\u00e1cticamente a la mitad en comparaci\u00f3n con el de 2020, hasta un 17,2%, seg\u00fan se desprende del estudio &#8216;Condiciones de trabajo y salud tras un a\u00f1o de pandemia&#8217;, elaborada por Istas-CCOO y la Universitat Aut\u00f2noma de Barcelona.<br \/>\n   Seg\u00fan se refleja en el estudio, contin\u00faan habiendo grandes diferencias entre el uso del teletrabajo en puestos manuales (2,9%) y no manuales (31,6%), siendo los trabajadores en puestos no manuales los que con m\u00e1s frecuencia teletrabajan, aunque la reducci\u00f3n del teletrabajo entre \u00e9stos ha sido importante.<br \/>\n   Adem\u00e1s, la disminuci\u00f3n del teletrabajo ha sido m\u00e1s acusada entre los puestos de direcci\u00f3n (20,1% teletrabajan en 2021 frente al 64% en 2020) y los puestos cient\u00edficos y t\u00e9cnicos (30,5% teletrabajan en 2021 frente al 66,2% en 2020) y menos entre los puestos de apoyo t\u00e9cnico (32% en 2021) y los puestos administrativos (35,6% en 2021), pr\u00e1cticamente igual\u00e1ndose en su utilizaci\u00f3n.<br \/>\n   &#8220;Vamos a ir a sistemas h\u00edbridos, no creo que se vaya a implantar de forma sistem\u00e1tica en las empresas. Lo que se deduce es que ha habido un efecto de correcci\u00f3n muy importante. No era oro todo lo que reluc\u00eda&#8221;, ha se\u00f1alado el secretario general de CCOO, Unai Sordo.<br \/>\nEL 7,2% AFIRMA HABER IDO A TRABAJAR CON S\u00cdNTOMAS DEL COVID<br \/>\n   Entre las y los participantes que declaran estar acudiendo a trabajar habitualmente a la empresa, el 7,2% afirma haberlo hecho en alg\u00fan momento de las \u00faltimas cuatro semanas con s\u00edntomas como fiebre, tos, dificultad respiratoria o malestar general. Esta cifra es un poco superior entre j\u00f3venes (11,6%) y entre quienes su salario no cubre las necesidades b\u00e1sicas (10,6%).<br \/>\n   Atendiendo a las ocupaciones seleccionadas en esta edici\u00f3n de la encuesta, se observa que esta situaci\u00f3n es m\u00e1s prevalente entre las y los que ocupan puestos de camareros, ayudantes de cocina, preparadores de comida r\u00e1pida y trabajadores en tiendas de alimentaci\u00f3n, con porcentajes por encima del 10%.<br \/>\nM\u00c1S DE LA MITAD DE TRABAJADORES CONSIDERAN QUE SU SALUD HA EMPEORADO<br \/>\n   El 52,7% de los asalariados considera que su salud en general empeor\u00f3 en el \u00faltimo a\u00f1o, ante el impacto de la pandemia, lo que supone un incremento de 16 puntos porcentuales respecto a 2020<br \/>\n   &#8220;M\u00e1s de la mitad de los asalariados perciben un empeoramiento en su estado de salud. Sigue aumentando el riesgo de tener problemas de salud mental, superando el 60%&#8221;, ha explicado durante la presentaci\u00f3n Albert Navarro, experto que particip\u00f3 en la confecci\u00f3n del estudio.<br \/>\n   Igual que en el a\u00f1o anterior, el empeoramiento de la salud es m\u00e1s prevalente entre las mujeres (57,2%) que entre los hombres (48,8%) y en ambos casos aumenta respecto al 2020. Adem\u00e1s, seg\u00fan ha advertido el secretario general de CCOO, Unai Sordo, es muy relevante la mala situaci\u00f3n mental de los j\u00f3venes, &#8220;y del 74% de las personas que cobran hoy bajos salarios en el mercado de trabajo&#8221;.<br \/>\n   En este sentido, el informe refleja que el 23,9% de los trabajadores ha afirmado que en el \u00faltimo mes ha consumido tranquilizantes, una cifra algo superior al 21,5% que lo confirmaba en la encuesta del a\u00f1o pasado.<br \/>\nLA INSEGURIDAD FRENTE AL EMPLEO SE MANTIENE<br \/>\n   Seg\u00fan se expone en el estudio, un 41,9% de la poblaci\u00f3n est\u00e1 preocupada por perder el empleo, el 61,9% de los y las trabajadoras est\u00e1n preocupadas por la disminuci\u00f3n de sus salarios (un 8% menos que en 2020), y tres de cada cuatro (75,2%) manifiestan su preocupaci\u00f3n por la dificultad de encontrar un nuevo empleo en caso de quedarse en paro.<br \/>\n   &#8220;Nos encontramos pues ante valores muy elevados en materia de inseguridad respecto al empleo y las condiciones de trabajo&#8221;, ha denunciado Sordo.<br \/>\n   Al igual que ocurr\u00eda en 2020 la inseguridad laboral es m\u00e1s elevada entre aquellas personas cuyo salario no cubre las necesidades b\u00e1sicas y por tanto son m\u00e1s dependientes econ\u00f3micamente.<br \/>\n   &#8220;La precariedad mata, tambi\u00e9n, por las enfermedades que contraemos trabajando o por las condiciones de precariedad&#8221;, ha denunciado Sordo.<br \/>\nLA MITAD DE ASALARIADOS TRABAJA EN CONDICIONES DE &#8220;ALTA TENSI\u00d3N&#8221;<br \/>\n   Otro dato que ratifica la precaria situaci\u00f3n de la poblaci\u00f3n asalariada es la alta tensi\u00f3n, es decir, se tiene m\u00e1s trabajo del que se puede hacer en la jornada laboral estipulada.<br \/>\n   Como comparativa, en la tercera Encuesta de Riesgos Psicosociales de ISTAS-CCOO, realizada en el a\u00f1o 2016 se estim\u00f3 que un 22,3% de la poblaci\u00f3n asalariada residente en Espa\u00f1a estaba en situaci\u00f3n de alta tensi\u00f3n, mientras que en los resultados de la encuesta de este a\u00f1o este porcentaje pr\u00e1cticamente se duplica alcanzando el 45,8%.<br \/>\n   &#8220;Esto no solo conlleva aumentos de jornada y de las horas trabajadas que no se pagan, sobre todo provoca fraude en los contratos a tiempo parcial, y efectos muy nocivo sobre la salud: cardiopat\u00edas, infartos cerebrales, enfermedad mental&#8221;, seg\u00fan denunci\u00f3 Unai Sordo.<br \/>\n<br \/>\n<!--noindex--><br \/>\n<a href=\"https:\/\/www.europapress.es\/economia\/laboral-00346\/noticia-uso-teletrabajo-cae-2021-casi-mitad-respecto-2020-estudio-20210720152615.html\" rel=\"nofollow\">Source link <\/a><br \/>\n<!--\/noindex--><\/p>\n","protected":false},"excerpt":{"rendered":"<p>M\u00e1s de la mitad de trabajadores espa\u00f1oles considera que su salud empeor\u00f3 durante la pandemia MADRID, 20 Jul. (EUROPA PRESS) &#8211; El uso del teletrabajo en las empresas o instituciones ha descendido en 2021 pr\u00e1cticamente a la mitad en comparaci\u00f3n con el de 2020, hasta un 17,2%, seg\u00fan se desprende del estudio &#8216;Condiciones de trabajo [&hellip;]<\/p>\n","protected":false},"author":2,"featured_media":15410,"comment_status":"open","ping_status":"open","sticky":false,"template":"","format":"standard","meta":{"footnotes":""},"categories":[1],"tags":[],"class_list":["post-15409","post","type-post","status-publish","format-standard","has-post-thumbnail","hentry","category-noticias-financieras"],"yoast_head":"<!-- This site is optimized with the Yoast SEO plugin v27.4 - https:\/\/yoast.com\/product\/yoast-seo-wordpress\/ -->\n<title>El uso del teletrabajo cae en 2021 casi a la mitad respecto a 2020, seg\u00fan un estudio - Super News<\/title>\n<meta name=\"robots\" content=\"index, follow, max-snippet:-1, max-image-preview:large, max-video-preview:-1\" \/>\n<link rel=\"canonical\" href=\"https:\/\/super-news.info\/es\/el-uso-del-teletrabajo-cae-en-2021-casi-a-la-mitad-respecto-a-2020-segun-un-estudio\/\" \/>\n<meta property=\"og:locale\" content=\"en_US\" \/>\n<meta property=\"og:type\" content=\"article\" \/>\n<meta property=\"og:title\" content=\"El uso del teletrabajo cae en 2021 casi a la mitad respecto a 2020, seg\u00fan un estudio - Super News\" \/>\n<meta property=\"og:description\" content=\"M\u00e1s de la mitad de trabajadores espa\u00f1oles considera que su salud empeor\u00f3 durante la pandemia MADRID, 20 Jul. (EUROPA PRESS) &#8211; El uso del teletrabajo en las empresas o instituciones ha descendido en 2021 pr\u00e1cticamente a la mitad en comparaci\u00f3n con el de 2020, hasta un 17,2%, seg\u00fan se desprende del estudio &#8216;Condiciones de trabajo [&hellip;]\" \/>\n<meta property=\"og:url\" content=\"https:\/\/super-news.info\/es\/el-uso-del-teletrabajo-cae-en-2021-casi-a-la-mitad-respecto-a-2020-segun-un-estudio\/\" \/>\n<meta property=\"og:site_name\" content=\"Super News\" \/>\n<meta property=\"article:published_time\" content=\"2021-07-20T15:55:21+00:00\" \/>\n<meta property=\"article:modified_time\" content=\"2021-07-20T15:55:22+00:00\" \/>\n<meta property=\"og:image\" content=\"https:\/\/super-news.info\/es\/wp-content\/uploads\/sites\/4\/2021\/07\/El-uso-del-teletrabajo-cae-en-2021-casi-a-la.jpg\" \/>\n\t<meta property=\"og:image:width\" content=\"120\" \/>\n\t<meta property=\"og:image:height\" content=\"90\" \/>\n\t<meta property=\"og:image:type\" content=\"image\/jpeg\" \/>\n<meta name=\"author\" content=\"super-news\" \/>\n<meta name=\"twitter:card\" content=\"summary_large_image\" \/>\n<meta name=\"twitter:label1\" content=\"Written by\" \/>\n\t<meta name=\"twitter:data1\" content=\"super-news\" \/>\n\t<meta name=\"twitter:label2\" content=\"Est. reading time\" \/>\n\t<meta name=\"twitter:data2\" content=\"4 minutes\" \/>\n<script type=\"application\/ld+json\" class=\"yoast-schema-graph\">{\"@context\":\"https:\\\/\\\/schema.org\",\"@graph\":[{\"@type\":\"Article\",\"@id\":\"https:\\\/\\\/super-news.info\\\/es\\\/el-uso-del-teletrabajo-cae-en-2021-casi-a-la-mitad-respecto-a-2020-segun-un-estudio\\\/#article\",\"isPartOf\":{\"@id\":\"https:\\\/\\\/super-news.info\\\/es\\\/el-uso-del-teletrabajo-cae-en-2021-casi-a-la-mitad-respecto-a-2020-segun-un-estudio\\\/\"},\"author\":{\"name\":\"super-news\",\"@id\":\"https:\\\/\\\/super-news.info\\\/es\\\/#\\\/schema\\\/person\\\/2d4068cb2f39cd10008c2fce578a7356\"},\"headline\":\"El uso del teletrabajo cae en 2021 casi a la mitad respecto a 2020, seg\u00fan un estudio\",\"datePublished\":\"2021-07-20T15:55:21+00:00\",\"dateModified\":\"2021-07-20T15:55:22+00:00\",\"mainEntityOfPage\":{\"@id\":\"https:\\\/\\\/super-news.info\\\/es\\\/el-uso-del-teletrabajo-cae-en-2021-casi-a-la-mitad-respecto-a-2020-segun-un-estudio\\\/\"},\"wordCount\":860,\"commentCount\":0,\"image\":{\"@id\":\"https:\\\/\\\/super-news.info\\\/es\\\/el-uso-del-teletrabajo-cae-en-2021-casi-a-la-mitad-respecto-a-2020-segun-un-estudio\\\/#primaryimage\"},\"thumbnailUrl\":\"https:\\\/\\\/super-news.info\\\/es\\\/wp-content\\\/uploads\\\/sites\\\/4\\\/2021\\\/07\\\/El-uso-del-teletrabajo-cae-en-2021-casi-a-la.jpg\",\"articleSection\":[\"NOTICIAS FINANCIERAS\"],\"inLanguage\":\"en-US\",\"potentialAction\":[{\"@type\":\"CommentAction\",\"name\":\"Comment\",\"target\":[\"https:\\\/\\\/super-news.info\\\/es\\\/el-uso-del-teletrabajo-cae-en-2021-casi-a-la-mitad-respecto-a-2020-segun-un-estudio\\\/#respond\"]}]},{\"@type\":\"WebPage\",\"@id\":\"https:\\\/\\\/super-news.info\\\/es\\\/el-uso-del-teletrabajo-cae-en-2021-casi-a-la-mitad-respecto-a-2020-segun-un-estudio\\\/\",\"url\":\"https:\\\/\\\/super-news.info\\\/es\\\/el-uso-del-teletrabajo-cae-en-2021-casi-a-la-mitad-respecto-a-2020-segun-un-estudio\\\/\",\"name\":\"El uso del teletrabajo cae en 2021 casi a la mitad respecto a 2020, seg\u00fan un estudio - Super News\",\"isPartOf\":{\"@id\":\"https:\\\/\\\/super-news.info\\\/es\\\/#website\"},\"primaryImageOfPage\":{\"@id\":\"https:\\\/\\\/super-news.info\\\/es\\\/el-uso-del-teletrabajo-cae-en-2021-casi-a-la-mitad-respecto-a-2020-segun-un-estudio\\\/#primaryimage\"},\"image\":{\"@id\":\"https:\\\/\\\/super-news.info\\\/es\\\/el-uso-del-teletrabajo-cae-en-2021-casi-a-la-mitad-respecto-a-2020-segun-un-estudio\\\/#primaryimage\"},\"thumbnailUrl\":\"https:\\\/\\\/super-news.info\\\/es\\\/wp-content\\\/uploads\\\/sites\\\/4\\\/2021\\\/07\\\/El-uso-del-teletrabajo-cae-en-2021-casi-a-la.jpg\",\"datePublished\":\"2021-07-20T15:55:21+00:00\",\"dateModified\":\"2021-07-20T15:55:22+00:00\",\"author\":{\"@id\":\"https:\\\/\\\/super-news.info\\\/es\\\/#\\\/schema\\\/person\\\/2d4068cb2f39cd10008c2fce578a7356\"},\"breadcrumb\":{\"@id\":\"https:\\\/\\\/super-news.info\\\/es\\\/el-uso-del-teletrabajo-cae-en-2021-casi-a-la-mitad-respecto-a-2020-segun-un-estudio\\\/#breadcrumb\"},\"inLanguage\":\"en-US\",\"potentialAction\":[{\"@type\":\"ReadAction\",\"target\":[\"https:\\\/\\\/super-news.info\\\/es\\\/el-uso-del-teletrabajo-cae-en-2021-casi-a-la-mitad-respecto-a-2020-segun-un-estudio\\\/\"]}]},{\"@type\":\"ImageObject\",\"inLanguage\":\"en-US\",\"@id\":\"https:\\\/\\\/super-news.info\\\/es\\\/el-uso-del-teletrabajo-cae-en-2021-casi-a-la-mitad-respecto-a-2020-segun-un-estudio\\\/#primaryimage\",\"url\":\"https:\\\/\\\/super-news.info\\\/es\\\/wp-content\\\/uploads\\\/sites\\\/4\\\/2021\\\/07\\\/El-uso-del-teletrabajo-cae-en-2021-casi-a-la.jpg\",\"contentUrl\":\"https:\\\/\\\/super-news.info\\\/es\\\/wp-content\\\/uploads\\\/sites\\\/4\\\/2021\\\/07\\\/El-uso-del-teletrabajo-cae-en-2021-casi-a-la.jpg\",\"width\":120,\"height\":90,\"caption\":\"El uso del teletrabajo cae en 2021 casi a la mitad respecto a 2020, seg\u00fan un estudio\"},{\"@type\":\"BreadcrumbList\",\"@id\":\"https:\\\/\\\/super-news.info\\\/es\\\/el-uso-del-teletrabajo-cae-en-2021-casi-a-la-mitad-respecto-a-2020-segun-un-estudio\\\/#breadcrumb\",\"itemListElement\":[{\"@type\":\"ListItem\",\"position\":1,\"name\":\"\u0413\u043b\u0430\u0432\u043d\u0430\u044f \u0441\u0442\u0440\u0430\u043d\u0438\u0446\u0430\",\"item\":\"https:\\\/\\\/super-news.info\\\/es\\\/\"},{\"@type\":\"ListItem\",\"position\":2,\"name\":\"El uso del teletrabajo cae en 2021 casi a la mitad respecto a 2020, seg\u00fan un estudio\"}]},{\"@type\":\"WebSite\",\"@id\":\"https:\\\/\\\/super-news.info\\\/es\\\/#website\",\"url\":\"https:\\\/\\\/super-news.info\\\/es\\\/\",\"name\":\"Super News\",\"description\":\"Super News Espa\u00f1a\",\"potentialAction\":[{\"@type\":\"SearchAction\",\"target\":{\"@type\":\"EntryPoint\",\"urlTemplate\":\"https:\\\/\\\/super-news.info\\\/es\\\/?s={search_term_string}\"},\"query-input\":{\"@type\":\"PropertyValueSpecification\",\"valueRequired\":true,\"valueName\":\"search_term_string\"}}],\"inLanguage\":\"en-US\"},{\"@type\":\"Person\",\"@id\":\"https:\\\/\\\/super-news.info\\\/es\\\/#\\\/schema\\\/person\\\/2d4068cb2f39cd10008c2fce578a7356\",\"name\":\"super-news\",\"image\":{\"@type\":\"ImageObject\",\"inLanguage\":\"en-US\",\"@id\":\"https:\\\/\\\/secure.gravatar.com\\\/avatar\\\/64ebac40b93f26a154f8a9b5b6fdccfc46f442b26b3dd6756dbff3bf9dc76fd7?s=96&d=mm&r=g\",\"url\":\"https:\\\/\\\/secure.gravatar.com\\\/avatar\\\/64ebac40b93f26a154f8a9b5b6fdccfc46f442b26b3dd6756dbff3bf9dc76fd7?s=96&d=mm&r=g\",\"contentUrl\":\"https:\\\/\\\/secure.gravatar.com\\\/avatar\\\/64ebac40b93f26a154f8a9b5b6fdccfc46f442b26b3dd6756dbff3bf9dc76fd7?s=96&d=mm&r=g\",\"caption\":\"super-news\"},\"url\":\"https:\\\/\\\/super-news.info\\\/es\\\/author\\\/pt\\\/\"}]}<\/script>\n<!-- \/ Yoast SEO plugin. -->","yoast_head_json":{"title":"El uso del teletrabajo cae en 2021 casi a la mitad respecto a 2020, seg\u00fan un estudio - Super News","robots":{"index":"index","follow":"follow","max-snippet":"max-snippet:-1","max-image-preview":"max-image-preview:large","max-video-preview":"max-video-preview:-1"},"canonical":"https:\/\/super-news.info\/es\/el-uso-del-teletrabajo-cae-en-2021-casi-a-la-mitad-respecto-a-2020-segun-un-estudio\/","og_locale":"en_US","og_type":"article","og_title":"El uso del teletrabajo cae en 2021 casi a la mitad respecto a 2020, seg\u00fan un estudio - Super News","og_description":"M\u00e1s de la mitad de trabajadores espa\u00f1oles considera que su salud empeor\u00f3 durante la pandemia MADRID, 20 Jul. (EUROPA PRESS) &#8211; El uso del teletrabajo en las empresas o instituciones ha descendido en 2021 pr\u00e1cticamente a la mitad en comparaci\u00f3n con el de 2020, hasta un 17,2%, seg\u00fan se desprende del estudio &#8216;Condiciones de trabajo [&hellip;]","og_url":"https:\/\/super-news.info\/es\/el-uso-del-teletrabajo-cae-en-2021-casi-a-la-mitad-respecto-a-2020-segun-un-estudio\/","og_site_name":"Super News","article_published_time":"2021-07-20T15:55:21+00:00","article_modified_time":"2021-07-20T15:55:22+00:00","og_image":[{"width":120,"height":90,"url":"https:\/\/super-news.info\/es\/wp-content\/uploads\/sites\/4\/2021\/07\/El-uso-del-teletrabajo-cae-en-2021-casi-a-la.jpg","type":"image\/jpeg"}],"author":"super-news","twitter_card":"summary_large_image","twitter_misc":{"Written by":"super-news","Est. reading time":"4 minutes"},"schema":{"@context":"https:\/\/schema.org","@graph":[{"@type":"Article","@id":"https:\/\/super-news.info\/es\/el-uso-del-teletrabajo-cae-en-2021-casi-a-la-mitad-respecto-a-2020-segun-un-estudio\/#article","isPartOf":{"@id":"https:\/\/super-news.info\/es\/el-uso-del-teletrabajo-cae-en-2021-casi-a-la-mitad-respecto-a-2020-segun-un-estudio\/"},"author":{"name":"super-news","@id":"https:\/\/super-news.info\/es\/#\/schema\/person\/2d4068cb2f39cd10008c2fce578a7356"},"headline":"El uso del teletrabajo cae en 2021 casi a la mitad respecto a 2020, seg\u00fan un estudio","datePublished":"2021-07-20T15:55:21+00:00","dateModified":"2021-07-20T15:55:22+00:00","mainEntityOfPage":{"@id":"https:\/\/super-news.info\/es\/el-uso-del-teletrabajo-cae-en-2021-casi-a-la-mitad-respecto-a-2020-segun-un-estudio\/"},"wordCount":860,"commentCount":0,"image":{"@id":"https:\/\/super-news.info\/es\/el-uso-del-teletrabajo-cae-en-2021-casi-a-la-mitad-respecto-a-2020-segun-un-estudio\/#primaryimage"},"thumbnailUrl":"https:\/\/super-news.info\/es\/wp-content\/uploads\/sites\/4\/2021\/07\/El-uso-del-teletrabajo-cae-en-2021-casi-a-la.jpg","articleSection":["NOTICIAS FINANCIERAS"],"inLanguage":"en-US","potentialAction":[{"@type":"CommentAction","name":"Comment","target":["https:\/\/super-news.info\/es\/el-uso-del-teletrabajo-cae-en-2021-casi-a-la-mitad-respecto-a-2020-segun-un-estudio\/#respond"]}]},{"@type":"WebPage","@id":"https:\/\/super-news.info\/es\/el-uso-del-teletrabajo-cae-en-2021-casi-a-la-mitad-respecto-a-2020-segun-un-estudio\/","url":"https:\/\/super-news.info\/es\/el-uso-del-teletrabajo-cae-en-2021-casi-a-la-mitad-respecto-a-2020-segun-un-estudio\/","name":"El uso del teletrabajo cae en 2021 casi a la mitad respecto a 2020, seg\u00fan un estudio - Super News","isPartOf":{"@id":"https:\/\/super-news.info\/es\/#website"},"primaryImageOfPage":{"@id":"https:\/\/super-news.info\/es\/el-uso-del-teletrabajo-cae-en-2021-casi-a-la-mitad-respecto-a-2020-segun-un-estudio\/#primaryimage"},"image":{"@id":"https:\/\/super-news.info\/es\/el-uso-del-teletrabajo-cae-en-2021-casi-a-la-mitad-respecto-a-2020-segun-un-estudio\/#primaryimage"},"thumbnailUrl":"https:\/\/super-news.info\/es\/wp-content\/uploads\/sites\/4\/2021\/07\/El-uso-del-teletrabajo-cae-en-2021-casi-a-la.jpg","datePublished":"2021-07-20T15:55:21+00:00","dateModified":"2021-07-20T15:55:22+00:00","author":{"@id":"https:\/\/super-news.info\/es\/#\/schema\/person\/2d4068cb2f39cd10008c2fce578a7356"},"breadcrumb":{"@id":"https:\/\/super-news.info\/es\/el-uso-del-teletrabajo-cae-en-2021-casi-a-la-mitad-respecto-a-2020-segun-un-estudio\/#breadcrumb"},"inLanguage":"en-US","potentialAction":[{"@type":"ReadAction","target":["https:\/\/super-news.info\/es\/el-uso-del-teletrabajo-cae-en-2021-casi-a-la-mitad-respecto-a-2020-segun-un-estudio\/"]}]},{"@type":"ImageObject","inLanguage":"en-US","@id":"https:\/\/super-news.info\/es\/el-uso-del-teletrabajo-cae-en-2021-casi-a-la-mitad-respecto-a-2020-segun-un-estudio\/#primaryimage","url":"https:\/\/super-news.info\/es\/wp-content\/uploads\/sites\/4\/2021\/07\/El-uso-del-teletrabajo-cae-en-2021-casi-a-la.jpg","contentUrl":"https:\/\/super-news.info\/es\/wp-content\/uploads\/sites\/4\/2021\/07\/El-uso-del-teletrabajo-cae-en-2021-casi-a-la.jpg","width":120,"height":90,"caption":"El uso del teletrabajo cae en 2021 casi a la mitad respecto a 2020, seg\u00fan un estudio"},{"@type":"BreadcrumbList","@id":"https:\/\/super-news.info\/es\/el-uso-del-teletrabajo-cae-en-2021-casi-a-la-mitad-respecto-a-2020-segun-un-estudio\/#breadcrumb","itemListElement":[{"@type":"ListItem","position":1,"name":"\u0413\u043b\u0430\u0432\u043d\u0430\u044f \u0441\u0442\u0440\u0430\u043d\u0438\u0446\u0430","item":"https:\/\/super-news.info\/es\/"},{"@type":"ListItem","position":2,"name":"El uso del teletrabajo cae en 2021 casi a la mitad respecto a 2020, seg\u00fan un estudio"}]},{"@type":"WebSite","@id":"https:\/\/super-news.info\/es\/#website","url":"https:\/\/super-news.info\/es\/","name":"Super News","description":"Super News Espa\u00f1a","potentialAction":[{"@type":"SearchAction","target":{"@type":"EntryPoint","urlTemplate":"https:\/\/super-news.info\/es\/?s={search_term_string}"},"query-input":{"@type":"PropertyValueSpecification","valueRequired":true,"valueName":"search_term_string"}}],"inLanguage":"en-US"},{"@type":"Person","@id":"https:\/\/super-news.info\/es\/#\/schema\/person\/2d4068cb2f39cd10008c2fce578a7356","name":"super-news","image":{"@type":"ImageObject","inLanguage":"en-US","@id":"https:\/\/secure.gravatar.com\/avatar\/64ebac40b93f26a154f8a9b5b6fdccfc46f442b26b3dd6756dbff3bf9dc76fd7?s=96&d=mm&r=g","url":"https:\/\/secure.gravatar.com\/avatar\/64ebac40b93f26a154f8a9b5b6fdccfc46f442b26b3dd6756dbff3bf9dc76fd7?s=96&d=mm&r=g","contentUrl":"https:\/\/secure.gravatar.com\/avatar\/64ebac40b93f26a154f8a9b5b6fdccfc46f442b26b3dd6756dbff3bf9dc76fd7?s=96&d=mm&r=g","caption":"super-news"},"url":"https:\/\/super-news.info\/es\/author\/pt\/"}]}},"_links":{"self":[{"href":"https:\/\/super-news.info\/es\/wp-json\/wp\/v2\/posts\/15409","targetHints":{"allow":["GET"]}}],"collection":[{"href":"https:\/\/super-news.info\/es\/wp-json\/wp\/v2\/posts"}],"about":[{"href":"https:\/\/super-news.info\/es\/wp-json\/wp\/v2\/types\/post"}],"author":[{"embeddable":true,"href":"https:\/\/super-news.info\/es\/wp-json\/wp\/v2\/users\/2"}],"replies":[{"embeddable":true,"href":"https:\/\/super-news.info\/es\/wp-json\/wp\/v2\/comments?post=15409"}],"version-history":[{"count":1,"href":"https:\/\/super-news.info\/es\/wp-json\/wp\/v2\/posts\/15409\/revisions"}],"predecessor-version":[{"id":15411,"href":"https:\/\/super-news.info\/es\/wp-json\/wp\/v2\/posts\/15409\/revisions\/15411"}],"wp:featuredmedia":[{"embeddable":true,"href":"https:\/\/super-news.info\/es\/wp-json\/wp\/v2\/media\/15410"}],"wp:attachment":[{"href":"https:\/\/super-news.info\/es\/wp-json\/wp\/v2\/media?parent=15409"}],"wp:term":[{"taxonomy":"category","embeddable":true,"href":"https:\/\/super-news.info\/es\/wp-json\/wp\/v2\/categories?post=15409"},{"taxonomy":"post_tag","embeddable":true,"href":"https:\/\/super-news.info\/es\/wp-json\/wp\/v2\/tags?post=15409"}],"curies":[{"name":"wp","href":"https:\/\/api.w.org\/{rel}","templated":true}]}}