{"id":1540,"date":"2019-05-13T05:56:19","date_gmt":"2019-05-13T02:56:19","guid":{"rendered":"https:\/\/super-news.info\/es\/la-inversion-publicitaria-de-los-anunciantes-de-cataluna-cae-un-73-en-2018\/"},"modified":"2019-05-13T05:56:20","modified_gmt":"2019-05-13T02:56:20","slug":"la-inversion-publicitaria-de-los-anunciantes-de-cataluna-cae-un-73-en-2018","status":"publish","type":"post","link":"https:\/\/super-news.info\/es\/la-inversion-publicitaria-de-los-anunciantes-de-cataluna-cae-un-73-en-2018\/","title":{"rendered":"La inversi\u00f3n publicitaria de los anunciantes de Catalu\u00f1a cae un 7,3% en 2018"},"content":{"rendered":"<p> [ad_1]<br \/>\n<\/p>\n<div id=\"textoNoticia\">\n<p class=\"excerpt-single\">La inversi\u00f3n publicitaria generada por los anunciantes de Catalunya se ha situado en 915,8 millones de euros y representa el 20,8% sobre el total de Espa\u00f1a, seg\u00fan datos de InfoAdex.<\/p>\n<p><strong>InfoAdex<\/strong>, empresa l\u00edder en el seguimiento y control de la actividad publicitaria en Espa\u00f1a ha presentado el <strong>Estudio InfoAdex de la Inversi\u00f3n Publicitaria en Catalunya 2019,<\/strong> con datos de 2018.<\/p>\n<p>La presentaci\u00f3n se ha realizado en colaboraci\u00f3n con la Facultat de Comunicaci\u00f3 Blanquerna de la Universitat Ramon Llull y el Grup de Recerca en Estrat\u00e8gia i Creativitat Publicit\u00e0ries.<\/p>\n<p>El acto de presentaci\u00f3n ha contado con la intervenci\u00f3n de AMT con su ponencia<strong> \u201cLa transcomunicaci\u00f3n y el canal de la eficacia\u201d<\/strong>, que ha corrido a cargo de \u00c1lvaro Montoliu, CEO de la compa\u00f1\u00eda.<\/p>\n<p>El Estudio InfoAdex de la Inversi\u00f3n Publicitaria en Catalunya se basa en dos ejes fundamentales: la inversi\u00f3n publicitaria generada por los anunciantes de Catalu\u00f1a, que se ha situado en 915,8 millones de euros con <strong>una variaci\u00f3n del -7,3% respecto al a\u00f1o anterior,<\/strong> lo que supone el 20,8% sobre el total de Espa\u00f1a y, por otro lado, la inversi\u00f3n recibida por los medios convencionales de Catalu\u00f1a, que ha alcanzado los 250,2 millones de euros, representando el 5,7% del total nacional.<\/p>\n<p><img loading=\"lazy\" decoding=\"async\" class=\"size-full wp-image-482424 aligncenter\" src=\"https:\/\/super-news.info\/es\/wp-content\/uploads\/sites\/4\/2019\/05\/1557716179_997_La-inversion-publicitaria-de-los-anunciantes-de-Cataluna-cae-un.jpg\" alt=\"\" width=\"626\" height=\"364\"\/><\/p>\n<p>Si se analiza el peso de la inversi\u00f3n publicitaria de Catalu\u00f1a sobre su propio Producto Interior Bruto, el porcentaje que representa la inversi\u00f3n publicitaria en medios convencionales sobre este \u00edndice es del 0,38%.<\/p>\n<p>Con respecto a la distribuci\u00f3n por sectores, encontramos una estructura que difiere de la media nacional.<\/p>\n<p>As\u00ed, sectores como <strong>Automoci\u00f3n, Alimentaci\u00f3n, Distribuci\u00f3n y Restauraci\u00f3n, Belleza e Higiene o Salud,<\/strong> muestran en la comunidad catalana una participaci\u00f3n mayor que la media, mientras que sectores como Cultura, Ense\u00f1anza y Medios de Comunicaci\u00f3n representa una cuota sobre el total, inferior a la que obtiene sobre el total Espa\u00f1a.<\/p>\n<p>Cabe destacar que de la inversi\u00f3n generada desde Catalu\u00f1a, 915,8 millones, <strong>el 19,5% de la inversi\u00f3n publicitaria proviene del sector Automoci\u00f3n.<\/strong><\/p>\n<p><img loading=\"lazy\" decoding=\"async\" class=\"size-full wp-image-482425 aligncenter\" src=\"https:\/\/super-news.info\/es\/wp-content\/uploads\/sites\/4\/2019\/05\/1557716179_421_La-inversion-publicitaria-de-los-anunciantes-de-Cataluna-cae-un.jpg\" alt=\"\" width=\"626\" height=\"364\"\/><\/p>\n<p>La inversi\u00f3n media por anunciante en el total mercado se situ\u00f3 en 2018 en 117,9 miles de euros. En el caso de los anunciantes catalanes esta cifra asciende a 149,8 miles de euros y coloca a Catalu\u00f1a en la segunda posici\u00f3n a nivel nacional.<\/p>\n<p><strong>Volkswagen Group Espa\u00f1a Distr., S.A., vuelve a ser el primer anunciante<\/strong> por inversi\u00f3n en Catalu\u00f1a, con el 9,49% de la inversi\u00f3n generada por empresas con sede social en dicha comunidad.<\/p>\n<p>En 2018, la inversi\u00f3n publicitaria de los anunciantes de Catalu\u00f1a en los medios de la propia comunidad, asciende a 113,4 millones de euros, un -3,4 % respecto a la cifra del a\u00f1o anterior.<img loading=\"lazy\" decoding=\"async\" class=\"aligncenter wp-image-482426 size-full\" src=\"https:\/\/super-news.info\/es\/wp-content\/uploads\/sites\/4\/2019\/05\/1557716179_33_La-inversion-publicitaria-de-los-anunciantes-de-Cataluna-cae-un.jpg\" alt=\"\" width=\"626\" height=\"364\"\/><\/p>\n<p class=\"link-telegram\">\n\t\t\t\t\t\t\t\t\t\t\tNo te pierdas nada de MarketingDirecto.com y \u00fanete a nuestro Telegram t.me\/MarketingDirecto\n\t\t\t\t\t\t\t\t\t\t<\/p>\n<\/p><\/div>\n<p><script>(function(d, s, id) {\n  var js, fjs = d.getElementsByTagName(s)[0];\n  if (d.getElementById(id)) return;\n  js = d.createElement(s); js.id = id;\n  js.src = \"http:\/\/connect.facebook.net\/es_LA\/sdk.js#xfbml=1&appId=408746052611679&version=v2.3\";\n  fjs.parentNode.insertBefore(js, fjs);\n}(document, 'script', 'facebook-jssdk'));<\/script><br \/>\n<br \/>[ad_2]<br \/>\n<br \/><a href=\"https:\/\/www.marketingdirecto.com\/marketing-general\/publicidad\/la-inversion-publicitaria-de-los-anunciantes-de-cataluna-cae-un-73-en-2018\">Source link <\/a><\/p>\n","protected":false},"excerpt":{"rendered":"<p>[ad_1] La inversi\u00f3n publicitaria generada por los anunciantes de Catalunya se ha situado en 915,8 millones de euros y representa el 20,8% sobre el total de Espa\u00f1a, seg\u00fan datos de InfoAdex. InfoAdex, empresa l\u00edder en el seguimiento y control de la actividad publicitaria en Espa\u00f1a ha presentado el Estudio InfoAdex de la Inversi\u00f3n Publicitaria en [&hellip;]<\/p>\n","protected":false},"author":2,"featured_media":1541,"comment_status":"open","ping_status":"open","sticky":false,"template":"","format":"standard","meta":{"footnotes":""},"categories":[2],"tags":[],"class_list":["post-1540","post","type-post","status-publish","format-standard","has-post-thumbnail","hentry","category-noticias-de-marketing-digital"],"yoast_head":"<!-- This site is optimized with the Yoast SEO plugin v27.4 - https:\/\/yoast.com\/product\/yoast-seo-wordpress\/ -->\n<title>La inversi\u00f3n publicitaria de los anunciantes de Catalu\u00f1a cae un 7,3% en 2018 - Super News<\/title>\n<meta name=\"robots\" content=\"index, follow, max-snippet:-1, max-image-preview:large, max-video-preview:-1\" \/>\n<link rel=\"canonical\" href=\"https:\/\/super-news.info\/es\/la-inversion-publicitaria-de-los-anunciantes-de-cataluna-cae-un-73-en-2018\/\" \/>\n<meta property=\"og:locale\" content=\"en_US\" \/>\n<meta property=\"og:type\" content=\"article\" \/>\n<meta property=\"og:title\" content=\"La inversi\u00f3n publicitaria de los anunciantes de Catalu\u00f1a cae un 7,3% en 2018 - Super News\" \/>\n<meta property=\"og:description\" content=\"[ad_1] La inversi\u00f3n publicitaria generada por los anunciantes de Catalunya se ha situado en 915,8 millones de euros y representa el 20,8% sobre el total de Espa\u00f1a, seg\u00fan datos de InfoAdex. InfoAdex, empresa l\u00edder en el seguimiento y control de la actividad publicitaria en Espa\u00f1a ha presentado el Estudio InfoAdex de la Inversi\u00f3n Publicitaria en [&hellip;]\" \/>\n<meta property=\"og:url\" content=\"https:\/\/super-news.info\/es\/la-inversion-publicitaria-de-los-anunciantes-de-cataluna-cae-un-73-en-2018\/\" \/>\n<meta property=\"og:site_name\" content=\"Super News\" \/>\n<meta property=\"article:published_time\" content=\"2019-05-13T02:56:19+00:00\" \/>\n<meta property=\"article:modified_time\" content=\"2019-05-13T02:56:20+00:00\" \/>\n<meta property=\"og:image\" content=\"https:\/\/super-news.info\/es\/wp-content\/uploads\/sites\/4\/2019\/05\/La-inversi\u00f3n-publicitaria-de-los-anunciantes-de-Catalu\u00f1a-cae-un.jpg\" \/>\n\t<meta property=\"og:image:width\" content=\"626\" \/>\n\t<meta property=\"og:image:height\" content=\"364\" \/>\n\t<meta property=\"og:image:type\" content=\"image\/jpeg\" \/>\n<meta name=\"author\" content=\"super-news\" \/>\n<meta name=\"twitter:card\" content=\"summary_large_image\" \/>\n<meta name=\"twitter:label1\" content=\"Written by\" \/>\n\t<meta name=\"twitter:data1\" content=\"super-news\" \/>\n\t<meta name=\"twitter:label2\" content=\"Est. reading time\" \/>\n\t<meta name=\"twitter:data2\" content=\"2 minutes\" \/>\n<script type=\"application\/ld+json\" class=\"yoast-schema-graph\">{\"@context\":\"https:\\\/\\\/schema.org\",\"@graph\":[{\"@type\":\"Article\",\"@id\":\"https:\\\/\\\/super-news.info\\\/es\\\/la-inversion-publicitaria-de-los-anunciantes-de-cataluna-cae-un-73-en-2018\\\/#article\",\"isPartOf\":{\"@id\":\"https:\\\/\\\/super-news.info\\\/es\\\/la-inversion-publicitaria-de-los-anunciantes-de-cataluna-cae-un-73-en-2018\\\/\"},\"author\":{\"name\":\"super-news\",\"@id\":\"https:\\\/\\\/super-news.info\\\/es\\\/#\\\/schema\\\/person\\\/2d4068cb2f39cd10008c2fce578a7356\"},\"headline\":\"La inversi\u00f3n publicitaria de los anunciantes de Catalu\u00f1a cae un 7,3% en 2018\",\"datePublished\":\"2019-05-13T02:56:19+00:00\",\"dateModified\":\"2019-05-13T02:56:20+00:00\",\"mainEntityOfPage\":{\"@id\":\"https:\\\/\\\/super-news.info\\\/es\\\/la-inversion-publicitaria-de-los-anunciantes-de-cataluna-cae-un-73-en-2018\\\/\"},\"wordCount\":490,\"commentCount\":0,\"image\":{\"@id\":\"https:\\\/\\\/super-news.info\\\/es\\\/la-inversion-publicitaria-de-los-anunciantes-de-cataluna-cae-un-73-en-2018\\\/#primaryimage\"},\"thumbnailUrl\":\"https:\\\/\\\/super-news.info\\\/es\\\/wp-content\\\/uploads\\\/sites\\\/4\\\/2019\\\/05\\\/La-inversi\u00f3n-publicitaria-de-los-anunciantes-de-Catalu\u00f1a-cae-un.jpg\",\"articleSection\":[\"NOTICIAS DE MARKETING DIGITAL\"],\"inLanguage\":\"en-US\",\"potentialAction\":[{\"@type\":\"CommentAction\",\"name\":\"Comment\",\"target\":[\"https:\\\/\\\/super-news.info\\\/es\\\/la-inversion-publicitaria-de-los-anunciantes-de-cataluna-cae-un-73-en-2018\\\/#respond\"]}]},{\"@type\":\"WebPage\",\"@id\":\"https:\\\/\\\/super-news.info\\\/es\\\/la-inversion-publicitaria-de-los-anunciantes-de-cataluna-cae-un-73-en-2018\\\/\",\"url\":\"https:\\\/\\\/super-news.info\\\/es\\\/la-inversion-publicitaria-de-los-anunciantes-de-cataluna-cae-un-73-en-2018\\\/\",\"name\":\"La inversi\u00f3n publicitaria de los anunciantes de Catalu\u00f1a cae un 7,3% en 2018 - Super News\",\"isPartOf\":{\"@id\":\"https:\\\/\\\/super-news.info\\\/es\\\/#website\"},\"primaryImageOfPage\":{\"@id\":\"https:\\\/\\\/super-news.info\\\/es\\\/la-inversion-publicitaria-de-los-anunciantes-de-cataluna-cae-un-73-en-2018\\\/#primaryimage\"},\"image\":{\"@id\":\"https:\\\/\\\/super-news.info\\\/es\\\/la-inversion-publicitaria-de-los-anunciantes-de-cataluna-cae-un-73-en-2018\\\/#primaryimage\"},\"thumbnailUrl\":\"https:\\\/\\\/super-news.info\\\/es\\\/wp-content\\\/uploads\\\/sites\\\/4\\\/2019\\\/05\\\/La-inversi\u00f3n-publicitaria-de-los-anunciantes-de-Catalu\u00f1a-cae-un.jpg\",\"datePublished\":\"2019-05-13T02:56:19+00:00\",\"dateModified\":\"2019-05-13T02:56:20+00:00\",\"author\":{\"@id\":\"https:\\\/\\\/super-news.info\\\/es\\\/#\\\/schema\\\/person\\\/2d4068cb2f39cd10008c2fce578a7356\"},\"breadcrumb\":{\"@id\":\"https:\\\/\\\/super-news.info\\\/es\\\/la-inversion-publicitaria-de-los-anunciantes-de-cataluna-cae-un-73-en-2018\\\/#breadcrumb\"},\"inLanguage\":\"en-US\",\"potentialAction\":[{\"@type\":\"ReadAction\",\"target\":[\"https:\\\/\\\/super-news.info\\\/es\\\/la-inversion-publicitaria-de-los-anunciantes-de-cataluna-cae-un-73-en-2018\\\/\"]}]},{\"@type\":\"ImageObject\",\"inLanguage\":\"en-US\",\"@id\":\"https:\\\/\\\/super-news.info\\\/es\\\/la-inversion-publicitaria-de-los-anunciantes-de-cataluna-cae-un-73-en-2018\\\/#primaryimage\",\"url\":\"https:\\\/\\\/super-news.info\\\/es\\\/wp-content\\\/uploads\\\/sites\\\/4\\\/2019\\\/05\\\/La-inversi\u00f3n-publicitaria-de-los-anunciantes-de-Catalu\u00f1a-cae-un.jpg\",\"contentUrl\":\"https:\\\/\\\/super-news.info\\\/es\\\/wp-content\\\/uploads\\\/sites\\\/4\\\/2019\\\/05\\\/La-inversi\u00f3n-publicitaria-de-los-anunciantes-de-Catalu\u00f1a-cae-un.jpg\",\"width\":626,\"height\":364,\"caption\":\"dinero\"},{\"@type\":\"BreadcrumbList\",\"@id\":\"https:\\\/\\\/super-news.info\\\/es\\\/la-inversion-publicitaria-de-los-anunciantes-de-cataluna-cae-un-73-en-2018\\\/#breadcrumb\",\"itemListElement\":[{\"@type\":\"ListItem\",\"position\":1,\"name\":\"\u0413\u043b\u0430\u0432\u043d\u0430\u044f \u0441\u0442\u0440\u0430\u043d\u0438\u0446\u0430\",\"item\":\"https:\\\/\\\/super-news.info\\\/es\\\/\"},{\"@type\":\"ListItem\",\"position\":2,\"name\":\"La inversi\u00f3n publicitaria de los anunciantes de Catalu\u00f1a cae un 7,3% en 2018\"}]},{\"@type\":\"WebSite\",\"@id\":\"https:\\\/\\\/super-news.info\\\/es\\\/#website\",\"url\":\"https:\\\/\\\/super-news.info\\\/es\\\/\",\"name\":\"Super News\",\"description\":\"Super News Espa\u00f1a\",\"potentialAction\":[{\"@type\":\"SearchAction\",\"target\":{\"@type\":\"EntryPoint\",\"urlTemplate\":\"https:\\\/\\\/super-news.info\\\/es\\\/?s={search_term_string}\"},\"query-input\":{\"@type\":\"PropertyValueSpecification\",\"valueRequired\":true,\"valueName\":\"search_term_string\"}}],\"inLanguage\":\"en-US\"},{\"@type\":\"Person\",\"@id\":\"https:\\\/\\\/super-news.info\\\/es\\\/#\\\/schema\\\/person\\\/2d4068cb2f39cd10008c2fce578a7356\",\"name\":\"super-news\",\"image\":{\"@type\":\"ImageObject\",\"inLanguage\":\"en-US\",\"@id\":\"https:\\\/\\\/secure.gravatar.com\\\/avatar\\\/64ebac40b93f26a154f8a9b5b6fdccfc46f442b26b3dd6756dbff3bf9dc76fd7?s=96&d=mm&r=g\",\"url\":\"https:\\\/\\\/secure.gravatar.com\\\/avatar\\\/64ebac40b93f26a154f8a9b5b6fdccfc46f442b26b3dd6756dbff3bf9dc76fd7?s=96&d=mm&r=g\",\"contentUrl\":\"https:\\\/\\\/secure.gravatar.com\\\/avatar\\\/64ebac40b93f26a154f8a9b5b6fdccfc46f442b26b3dd6756dbff3bf9dc76fd7?s=96&d=mm&r=g\",\"caption\":\"super-news\"},\"url\":\"https:\\\/\\\/super-news.info\\\/es\\\/author\\\/pt\\\/\"}]}<\/script>\n<!-- \/ Yoast SEO plugin. -->","yoast_head_json":{"title":"La inversi\u00f3n publicitaria de los anunciantes de Catalu\u00f1a cae un 7,3% en 2018 - Super News","robots":{"index":"index","follow":"follow","max-snippet":"max-snippet:-1","max-image-preview":"max-image-preview:large","max-video-preview":"max-video-preview:-1"},"canonical":"https:\/\/super-news.info\/es\/la-inversion-publicitaria-de-los-anunciantes-de-cataluna-cae-un-73-en-2018\/","og_locale":"en_US","og_type":"article","og_title":"La inversi\u00f3n publicitaria de los anunciantes de Catalu\u00f1a cae un 7,3% en 2018 - Super News","og_description":"[ad_1] La inversi\u00f3n publicitaria generada por los anunciantes de Catalunya se ha situado en 915,8 millones de euros y representa el 20,8% sobre el total de Espa\u00f1a, seg\u00fan datos de InfoAdex. InfoAdex, empresa l\u00edder en el seguimiento y control de la actividad publicitaria en Espa\u00f1a ha presentado el Estudio InfoAdex de la Inversi\u00f3n Publicitaria en [&hellip;]","og_url":"https:\/\/super-news.info\/es\/la-inversion-publicitaria-de-los-anunciantes-de-cataluna-cae-un-73-en-2018\/","og_site_name":"Super News","article_published_time":"2019-05-13T02:56:19+00:00","article_modified_time":"2019-05-13T02:56:20+00:00","og_image":[{"width":626,"height":364,"url":"https:\/\/super-news.info\/es\/wp-content\/uploads\/sites\/4\/2019\/05\/La-inversi\u00f3n-publicitaria-de-los-anunciantes-de-Catalu\u00f1a-cae-un.jpg","type":"image\/jpeg"}],"author":"super-news","twitter_card":"summary_large_image","twitter_misc":{"Written by":"super-news","Est. reading time":"2 minutes"},"schema":{"@context":"https:\/\/schema.org","@graph":[{"@type":"Article","@id":"https:\/\/super-news.info\/es\/la-inversion-publicitaria-de-los-anunciantes-de-cataluna-cae-un-73-en-2018\/#article","isPartOf":{"@id":"https:\/\/super-news.info\/es\/la-inversion-publicitaria-de-los-anunciantes-de-cataluna-cae-un-73-en-2018\/"},"author":{"name":"super-news","@id":"https:\/\/super-news.info\/es\/#\/schema\/person\/2d4068cb2f39cd10008c2fce578a7356"},"headline":"La inversi\u00f3n publicitaria de los anunciantes de Catalu\u00f1a cae un 7,3% en 2018","datePublished":"2019-05-13T02:56:19+00:00","dateModified":"2019-05-13T02:56:20+00:00","mainEntityOfPage":{"@id":"https:\/\/super-news.info\/es\/la-inversion-publicitaria-de-los-anunciantes-de-cataluna-cae-un-73-en-2018\/"},"wordCount":490,"commentCount":0,"image":{"@id":"https:\/\/super-news.info\/es\/la-inversion-publicitaria-de-los-anunciantes-de-cataluna-cae-un-73-en-2018\/#primaryimage"},"thumbnailUrl":"https:\/\/super-news.info\/es\/wp-content\/uploads\/sites\/4\/2019\/05\/La-inversi\u00f3n-publicitaria-de-los-anunciantes-de-Catalu\u00f1a-cae-un.jpg","articleSection":["NOTICIAS DE MARKETING DIGITAL"],"inLanguage":"en-US","potentialAction":[{"@type":"CommentAction","name":"Comment","target":["https:\/\/super-news.info\/es\/la-inversion-publicitaria-de-los-anunciantes-de-cataluna-cae-un-73-en-2018\/#respond"]}]},{"@type":"WebPage","@id":"https:\/\/super-news.info\/es\/la-inversion-publicitaria-de-los-anunciantes-de-cataluna-cae-un-73-en-2018\/","url":"https:\/\/super-news.info\/es\/la-inversion-publicitaria-de-los-anunciantes-de-cataluna-cae-un-73-en-2018\/","name":"La inversi\u00f3n publicitaria de los anunciantes de Catalu\u00f1a cae un 7,3% en 2018 - Super News","isPartOf":{"@id":"https:\/\/super-news.info\/es\/#website"},"primaryImageOfPage":{"@id":"https:\/\/super-news.info\/es\/la-inversion-publicitaria-de-los-anunciantes-de-cataluna-cae-un-73-en-2018\/#primaryimage"},"image":{"@id":"https:\/\/super-news.info\/es\/la-inversion-publicitaria-de-los-anunciantes-de-cataluna-cae-un-73-en-2018\/#primaryimage"},"thumbnailUrl":"https:\/\/super-news.info\/es\/wp-content\/uploads\/sites\/4\/2019\/05\/La-inversi\u00f3n-publicitaria-de-los-anunciantes-de-Catalu\u00f1a-cae-un.jpg","datePublished":"2019-05-13T02:56:19+00:00","dateModified":"2019-05-13T02:56:20+00:00","author":{"@id":"https:\/\/super-news.info\/es\/#\/schema\/person\/2d4068cb2f39cd10008c2fce578a7356"},"breadcrumb":{"@id":"https:\/\/super-news.info\/es\/la-inversion-publicitaria-de-los-anunciantes-de-cataluna-cae-un-73-en-2018\/#breadcrumb"},"inLanguage":"en-US","potentialAction":[{"@type":"ReadAction","target":["https:\/\/super-news.info\/es\/la-inversion-publicitaria-de-los-anunciantes-de-cataluna-cae-un-73-en-2018\/"]}]},{"@type":"ImageObject","inLanguage":"en-US","@id":"https:\/\/super-news.info\/es\/la-inversion-publicitaria-de-los-anunciantes-de-cataluna-cae-un-73-en-2018\/#primaryimage","url":"https:\/\/super-news.info\/es\/wp-content\/uploads\/sites\/4\/2019\/05\/La-inversi\u00f3n-publicitaria-de-los-anunciantes-de-Catalu\u00f1a-cae-un.jpg","contentUrl":"https:\/\/super-news.info\/es\/wp-content\/uploads\/sites\/4\/2019\/05\/La-inversi\u00f3n-publicitaria-de-los-anunciantes-de-Catalu\u00f1a-cae-un.jpg","width":626,"height":364,"caption":"dinero"},{"@type":"BreadcrumbList","@id":"https:\/\/super-news.info\/es\/la-inversion-publicitaria-de-los-anunciantes-de-cataluna-cae-un-73-en-2018\/#breadcrumb","itemListElement":[{"@type":"ListItem","position":1,"name":"\u0413\u043b\u0430\u0432\u043d\u0430\u044f \u0441\u0442\u0440\u0430\u043d\u0438\u0446\u0430","item":"https:\/\/super-news.info\/es\/"},{"@type":"ListItem","position":2,"name":"La inversi\u00f3n publicitaria de los anunciantes de Catalu\u00f1a cae un 7,3% en 2018"}]},{"@type":"WebSite","@id":"https:\/\/super-news.info\/es\/#website","url":"https:\/\/super-news.info\/es\/","name":"Super News","description":"Super News Espa\u00f1a","potentialAction":[{"@type":"SearchAction","target":{"@type":"EntryPoint","urlTemplate":"https:\/\/super-news.info\/es\/?s={search_term_string}"},"query-input":{"@type":"PropertyValueSpecification","valueRequired":true,"valueName":"search_term_string"}}],"inLanguage":"en-US"},{"@type":"Person","@id":"https:\/\/super-news.info\/es\/#\/schema\/person\/2d4068cb2f39cd10008c2fce578a7356","name":"super-news","image":{"@type":"ImageObject","inLanguage":"en-US","@id":"https:\/\/secure.gravatar.com\/avatar\/64ebac40b93f26a154f8a9b5b6fdccfc46f442b26b3dd6756dbff3bf9dc76fd7?s=96&d=mm&r=g","url":"https:\/\/secure.gravatar.com\/avatar\/64ebac40b93f26a154f8a9b5b6fdccfc46f442b26b3dd6756dbff3bf9dc76fd7?s=96&d=mm&r=g","contentUrl":"https:\/\/secure.gravatar.com\/avatar\/64ebac40b93f26a154f8a9b5b6fdccfc46f442b26b3dd6756dbff3bf9dc76fd7?s=96&d=mm&r=g","caption":"super-news"},"url":"https:\/\/super-news.info\/es\/author\/pt\/"}]}},"_links":{"self":[{"href":"https:\/\/super-news.info\/es\/wp-json\/wp\/v2\/posts\/1540","targetHints":{"allow":["GET"]}}],"collection":[{"href":"https:\/\/super-news.info\/es\/wp-json\/wp\/v2\/posts"}],"about":[{"href":"https:\/\/super-news.info\/es\/wp-json\/wp\/v2\/types\/post"}],"author":[{"embeddable":true,"href":"https:\/\/super-news.info\/es\/wp-json\/wp\/v2\/users\/2"}],"replies":[{"embeddable":true,"href":"https:\/\/super-news.info\/es\/wp-json\/wp\/v2\/comments?post=1540"}],"version-history":[{"count":1,"href":"https:\/\/super-news.info\/es\/wp-json\/wp\/v2\/posts\/1540\/revisions"}],"predecessor-version":[{"id":1542,"href":"https:\/\/super-news.info\/es\/wp-json\/wp\/v2\/posts\/1540\/revisions\/1542"}],"wp:featuredmedia":[{"embeddable":true,"href":"https:\/\/super-news.info\/es\/wp-json\/wp\/v2\/media\/1541"}],"wp:attachment":[{"href":"https:\/\/super-news.info\/es\/wp-json\/wp\/v2\/media?parent=1540"}],"wp:term":[{"taxonomy":"category","embeddable":true,"href":"https:\/\/super-news.info\/es\/wp-json\/wp\/v2\/categories?post=1540"},{"taxonomy":"post_tag","embeddable":true,"href":"https:\/\/super-news.info\/es\/wp-json\/wp\/v2\/tags?post=1540"}],"curies":[{"name":"wp","href":"https:\/\/api.w.org\/{rel}","templated":true}]}}